{"id":24649,"date":"2018-05-19T21:28:26","date_gmt":"2018-05-20T02:28:26","guid":{"rendered":"http:\/\/www.grieta.org.mx\/?p=24649"},"modified":"2018-07-13T21:47:37","modified_gmt":"2018-07-14T02:47:37","slug":"mixtepec-echa-a-la-mina-pueblo-mixteco-de-oaxaca-prefirio-salud-para-su-gente","status":"publish","type":"post","link":"https:\/\/www.grieta.org.mx\/index.php\/2018\/05\/19\/mixtepec-echa-a-la-mina-pueblo-mixteco-de-oaxaca-prefirio-salud-para-su-gente\/","title":{"rendered":"Mixtepec echa a la mina, pueblo mixteco de Oaxaca prefiri\u00f3 salud para su gente"},"content":{"rendered":"<p>Noticias.<\/p>\n<p>Loma Reyes Almac\u00e9n,<\/p>\n<p>San Juan Mixtepec, Oaxaca.- Ante el ultim\u00e1tum que gir\u00f3 este pueblo mixteco para su retiro en un plazo de 15 d\u00edas, trabajadores y ejecutivos de la Compa\u00f1\u00eda Nacional de Minerales y Metales, S. A. de C. V, abandonaron por completo el mi\u00e9rcoles pasado la antigua mina de antimonio ubicada en esta poblaci\u00f3n y que ayud\u00f3 a ganar a los Estados Unidos la Segunda Guerra Mundial en la d\u00e9cada de los cuarenta.<\/p>\n<p><img loading=\"lazy\" decoding=\"async\" data-attachment-id=\"24650\" data-permalink=\"https:\/\/www.grieta.org.mx\/index.php\/2018\/05\/19\/mixtepec-echa-a-la-mina-pueblo-mixteco-de-oaxaca-prefirio-salud-para-su-gente\/mixtepec-1\/\" data-orig-file=\"https:\/\/www.grieta.org.mx\/wp-content\/uploads\/2018\/07\/Mixtepec-1.jpg\" data-orig-size=\"1144,645\" data-comments-opened=\"0\" data-image-meta=\"{&quot;aperture&quot;:&quot;0&quot;,&quot;credit&quot;:&quot;&quot;,&quot;camera&quot;:&quot;&quot;,&quot;caption&quot;:&quot;&quot;,&quot;created_timestamp&quot;:&quot;0&quot;,&quot;copyright&quot;:&quot;&quot;,&quot;focal_length&quot;:&quot;0&quot;,&quot;iso&quot;:&quot;0&quot;,&quot;shutter_speed&quot;:&quot;0&quot;,&quot;title&quot;:&quot;&quot;,&quot;orientation&quot;:&quot;0&quot;}\" data-image-title=\"Mixtepec 1\" data-image-description=\"\" data-image-caption=\"\" data-medium-file=\"https:\/\/www.grieta.org.mx\/wp-content\/uploads\/2018\/07\/Mixtepec-1-300x169.jpg\" data-large-file=\"https:\/\/www.grieta.org.mx\/wp-content\/uploads\/2018\/07\/Mixtepec-1-1024x577.jpg\" class=\"aligncenter size-medium wp-image-24650\" src=\"http:\/\/www.grieta.org.mx\/wp-content\/uploads\/2018\/07\/Mixtepec-1-300x169.jpg\" alt=\"\" width=\"300\" height=\"169\" srcset=\"https:\/\/www.grieta.org.mx\/wp-content\/uploads\/2018\/07\/Mixtepec-1-300x169.jpg 300w, https:\/\/www.grieta.org.mx\/wp-content\/uploads\/2018\/07\/Mixtepec-1-768x433.jpg 768w, https:\/\/www.grieta.org.mx\/wp-content\/uploads\/2018\/07\/Mixtepec-1-1024x577.jpg 1024w, https:\/\/www.grieta.org.mx\/wp-content\/uploads\/2018\/07\/Mixtepec-1-887x500.jpg 887w, https:\/\/www.grieta.org.mx\/wp-content\/uploads\/2018\/07\/Mixtepec-1.jpg 1144w\" sizes=\"auto, (max-width: 300px) 100vw, 300px\" \/><br \/>\nOliva Rafaela Hern\u00e1ndez L\u00f3pez, agente municipal suplente de Los Tejocotes, con las muestras del antimonio.<\/p>\n<p>En los alrededores del yacimiento, que comparten esta comunidad y Los Tejocotes, los mineros dejaron evidencias de su trabajo de exploraci\u00f3n en los t\u00faneles, por las decenas de toneladas de tierra removidas, el campamento, pila y las latas de aceite de la maquinaria que utilizaron durante m\u00e1s de dos meses.<\/p>\n<p><img loading=\"lazy\" decoding=\"async\" data-attachment-id=\"24651\" data-permalink=\"https:\/\/www.grieta.org.mx\/index.php\/2018\/05\/19\/mixtepec-echa-a-la-mina-pueblo-mixteco-de-oaxaca-prefirio-salud-para-su-gente\/mixtepec-2\/\" data-orig-file=\"https:\/\/www.grieta.org.mx\/wp-content\/uploads\/2018\/07\/Mixtepec-2.jpg\" data-orig-size=\"1689,2126\" data-comments-opened=\"0\" data-image-meta=\"{&quot;aperture&quot;:&quot;0&quot;,&quot;credit&quot;:&quot;Mario Jimenez Leyva&quot;,&quot;camera&quot;:&quot;&quot;,&quot;caption&quot;:&quot;&quot;,&quot;created_timestamp&quot;:&quot;1526479062&quot;,&quot;copyright&quot;:&quot;NOTICIAS&quot;,&quot;focal_length&quot;:&quot;0&quot;,&quot;iso&quot;:&quot;0&quot;,&quot;shutter_speed&quot;:&quot;0&quot;,&quot;title&quot;:&quot;&quot;,&quot;orientation&quot;:&quot;0&quot;}\" data-image-title=\"Mixtepec 2\" data-image-description=\"\" data-image-caption=\"\" data-medium-file=\"https:\/\/www.grieta.org.mx\/wp-content\/uploads\/2018\/07\/Mixtepec-2-238x300.jpg\" data-large-file=\"https:\/\/www.grieta.org.mx\/wp-content\/uploads\/2018\/07\/Mixtepec-2-814x1024.jpg\" src=\"http:\/\/www.grieta.org.mx\/wp-content\/uploads\/2018\/07\/Mixtepec-2-238x300.jpg\" alt=\"\" width=\"238\" height=\"300\" class=\"aligncenter size-medium wp-image-24651\" srcset=\"https:\/\/www.grieta.org.mx\/wp-content\/uploads\/2018\/07\/Mixtepec-2-238x300.jpg 238w, https:\/\/www.grieta.org.mx\/wp-content\/uploads\/2018\/07\/Mixtepec-2-768x967.jpg 768w, https:\/\/www.grieta.org.mx\/wp-content\/uploads\/2018\/07\/Mixtepec-2-814x1024.jpg 814w, https:\/\/www.grieta.org.mx\/wp-content\/uploads\/2018\/07\/Mixtepec-2-397x500.jpg 397w, https:\/\/www.grieta.org.mx\/wp-content\/uploads\/2018\/07\/Mixtepec-2.jpg 1689w\" sizes=\"auto, (max-width: 238px) 100vw, 238px\" \/><br \/>\nEn algunos t\u00faneles de la mina, la compa\u00f1\u00eda reliz\u00f3 trabajos de exploraci\u00f3n. FOTO: Mario Jim\u00e9nez Leyva<\/p>\n<p>A mediados de febrero pasado, aprovechando una concesi\u00f3n otorgada por la Secretar\u00eda de Econom\u00eda (SE) del gobierno federal, la empresa lleg\u00f3 sin avisar a las autoridades municipal y agraria, sobre su presencia en el lugar para reiniciar la extracci\u00f3n del mineral, a pesar de estar en tierras comunales.<\/p>\n<p>Como era de esperarse, los habitantes se inconformaron porque la autorizaci\u00f3n no se sujet\u00f3 al proceso de consulta y consentimiento libre, previo e informado, como dispone la Constituci\u00f3n Pol\u00edtica federal, el Convenio 169 de la Organizaci\u00f3n Internacional del Trabajo (OIT) y la Declaraci\u00f3n de Naciones Unidas para los Derechos de los Pueblos Ind\u00edgenas.<\/p>\n<p>Expoliaci\u00f3n hist\u00f3rica<\/p>\n<p>Aunque tambi\u00e9n, por el saldo perjudicial que dej\u00f3 la explotaci\u00f3n en los a\u00f1os 40, debido a la muerte de decenas de trabajadores por tuberculosis y silicosis, y porque la mina, operada en ese entonces por la Compa\u00f1\u00eda Minera de Oaxaca S.A., filial de la Texas Mining &#038; Smelting Division of National Lead Co., fue la \u00fanica en enriquecerse por la explotaci\u00f3n del antimonio durante el conflicto b\u00e9lico.<\/p>\n<p><img loading=\"lazy\" decoding=\"async\" data-attachment-id=\"24652\" data-permalink=\"https:\/\/www.grieta.org.mx\/index.php\/2018\/05\/19\/mixtepec-echa-a-la-mina-pueblo-mixteco-de-oaxaca-prefirio-salud-para-su-gente\/mixtepec-3\/\" data-orig-file=\"https:\/\/www.grieta.org.mx\/wp-content\/uploads\/2018\/07\/Mixtepec-3.jpg\" data-orig-size=\"3648,2432\" data-comments-opened=\"0\" data-image-meta=\"{&quot;aperture&quot;:&quot;0&quot;,&quot;credit&quot;:&quot;Mario Jimenez Leyva&quot;,&quot;camera&quot;:&quot;&quot;,&quot;caption&quot;:&quot;&quot;,&quot;created_timestamp&quot;:&quot;1526477302&quot;,&quot;copyright&quot;:&quot;NOTICIAS&quot;,&quot;focal_length&quot;:&quot;0&quot;,&quot;iso&quot;:&quot;0&quot;,&quot;shutter_speed&quot;:&quot;0&quot;,&quot;title&quot;:&quot;&quot;,&quot;orientation&quot;:&quot;0&quot;}\" data-image-title=\"Mixtepec 3\" data-image-description=\"\" data-image-caption=\"\" data-medium-file=\"https:\/\/www.grieta.org.mx\/wp-content\/uploads\/2018\/07\/Mixtepec-3-300x200.jpg\" data-large-file=\"https:\/\/www.grieta.org.mx\/wp-content\/uploads\/2018\/07\/Mixtepec-3-1024x683.jpg\" src=\"http:\/\/www.grieta.org.mx\/wp-content\/uploads\/2018\/07\/Mixtepec-3-300x200.jpg\" alt=\"\" width=\"300\" height=\"200\" class=\"aligncenter size-medium wp-image-24652\" srcset=\"https:\/\/www.grieta.org.mx\/wp-content\/uploads\/2018\/07\/Mixtepec-3-300x200.jpg 300w, https:\/\/www.grieta.org.mx\/wp-content\/uploads\/2018\/07\/Mixtepec-3-768x512.jpg 768w, https:\/\/www.grieta.org.mx\/wp-content\/uploads\/2018\/07\/Mixtepec-3-1024x683.jpg 1024w, https:\/\/www.grieta.org.mx\/wp-content\/uploads\/2018\/07\/Mixtepec-3-750x500.jpg 750w\" sizes=\"auto, (max-width: 300px) 100vw, 300px\" \/><br \/>\nLos minerales se aprecian en las piedras que se encuentran cerca de la mina. FOTO: Mario Jim\u00e9nez Leyva<\/p>\n<p>A causa de esto, a principios de este mes, el d\u00eda 6, las autoridades municipales y agrarias, agentes municipales y de polic\u00eda, as\u00ed como representantes de n\u00facleos agrarios, realizaron una asamblea en Los Tejocotes, a la que invitaron a los ejecutivos de la Compa\u00f1\u00eda Nacional de Minerales y Metales, S. A. de C. V.<\/p>\n<p>Ah\u00ed, se les hizo saber que la comunidad hab\u00eda determinado, en asamblea general realizada el 29 de abril pasado, no permitir el ingreso a esa empresa ni a cualquier otra a explotar la mina.<\/p>\n<p><img loading=\"lazy\" decoding=\"async\" data-attachment-id=\"24653\" data-permalink=\"https:\/\/www.grieta.org.mx\/index.php\/2018\/05\/19\/mixtepec-echa-a-la-mina-pueblo-mixteco-de-oaxaca-prefirio-salud-para-su-gente\/mixtepec-4\/\" data-orig-file=\"https:\/\/www.grieta.org.mx\/wp-content\/uploads\/2018\/07\/Mixtepec-4.jpg\" data-orig-size=\"1417,2126\" data-comments-opened=\"0\" data-image-meta=\"{&quot;aperture&quot;:&quot;0&quot;,&quot;credit&quot;:&quot;Mario Jimenez Leyva&quot;,&quot;camera&quot;:&quot;&quot;,&quot;caption&quot;:&quot;&quot;,&quot;created_timestamp&quot;:&quot;1526478067&quot;,&quot;copyright&quot;:&quot;NOTICIAS&quot;,&quot;focal_length&quot;:&quot;0&quot;,&quot;iso&quot;:&quot;0&quot;,&quot;shutter_speed&quot;:&quot;0&quot;,&quot;title&quot;:&quot;&quot;,&quot;orientation&quot;:&quot;0&quot;}\" data-image-title=\"Mixtepec 4\" data-image-description=\"\" data-image-caption=\"\" data-medium-file=\"https:\/\/www.grieta.org.mx\/wp-content\/uploads\/2018\/07\/Mixtepec-4-200x300.jpg\" data-large-file=\"https:\/\/www.grieta.org.mx\/wp-content\/uploads\/2018\/07\/Mixtepec-4-683x1024.jpg\" src=\"http:\/\/www.grieta.org.mx\/wp-content\/uploads\/2018\/07\/Mixtepec-4-200x300.jpg\" alt=\"\" width=\"200\" height=\"300\" class=\"aligncenter size-medium wp-image-24653\" srcset=\"https:\/\/www.grieta.org.mx\/wp-content\/uploads\/2018\/07\/Mixtepec-4-200x300.jpg 200w, https:\/\/www.grieta.org.mx\/wp-content\/uploads\/2018\/07\/Mixtepec-4-768x1152.jpg 768w, https:\/\/www.grieta.org.mx\/wp-content\/uploads\/2018\/07\/Mixtepec-4-683x1024.jpg 683w, https:\/\/www.grieta.org.mx\/wp-content\/uploads\/2018\/07\/Mixtepec-4-333x500.jpg 333w, https:\/\/www.grieta.org.mx\/wp-content\/uploads\/2018\/07\/Mixtepec-4.jpg 1417w\" sizes=\"auto, (max-width: 200px) 100vw, 200px\" \/><br \/>\nParte del campamento que dej\u00f3 la empresa en los alrededores de la mina. FOTO: Mario Jim\u00e9nez Leyva<\/p>\n<p>El gerente Alejandro Villarreal Galindo intent\u00f3 convencer a las autoridades municipales y agrarias, as\u00ed como a los dem\u00e1s representantes, sobre las bondades de la explotaci\u00f3n de la mina, porque originar\u00eda prosperidad al crear fuentes de empleo y con esto, ya no habr\u00eda necesidades de migrar a los Estados Unidos.<\/p>\n<p>No hubo consulta<\/p>\n<p>Sin embargo, la respuesta fue un rotundo no. La decisi\u00f3n fue respaldada por el presidente municipal, Antonio G\u00f3mez Bautista y por el presidente del Comisariado de Bienes Comunales, Hilario Nic\u00f3las Ramos Salazar, porque el pueblo no fue consultado y debido a la contaminaci\u00f3n que originar\u00eda al medio ambiente.<\/p>\n<p>Ante esto, la asamblea a la compa\u00f1\u00eda a que retirara su maquinaria y su personal en un plazo de 15 d\u00edas. Adem\u00e1s, convino no entablar una nueva pl\u00e1tica o di\u00e1logo con los ejecutivos de la compa\u00f1\u00eda, porque el acuerdo estaba tomado.<\/p>\n<p>De este modo, la Compa\u00f1\u00eda Nacional de Minerales y Metales, S. A. de C. V. no tuvo otra opci\u00f3n y debi\u00f3 desalojar las inmediaciones de la mina.<\/p>\n<p><img loading=\"lazy\" decoding=\"async\" data-attachment-id=\"24656\" data-permalink=\"https:\/\/www.grieta.org.mx\/index.php\/2018\/05\/19\/mixtepec-echa-a-la-mina-pueblo-mixteco-de-oaxaca-prefirio-salud-para-su-gente\/image_21_97\/\" data-orig-file=\"https:\/\/www.grieta.org.mx\/wp-content\/uploads\/2018\/07\/image_21_97.jpg\" data-orig-size=\"2126,1417\" data-comments-opened=\"0\" data-image-meta=\"{&quot;aperture&quot;:&quot;0&quot;,&quot;credit&quot;:&quot;Mario Jimenez Leyva&quot;,&quot;camera&quot;:&quot;&quot;,&quot;caption&quot;:&quot;&quot;,&quot;created_timestamp&quot;:&quot;1526480915&quot;,&quot;copyright&quot;:&quot;NOTICIAS&quot;,&quot;focal_length&quot;:&quot;0&quot;,&quot;iso&quot;:&quot;0&quot;,&quot;shutter_speed&quot;:&quot;0&quot;,&quot;title&quot;:&quot;&quot;,&quot;orientation&quot;:&quot;0&quot;}\" data-image-title=\"image_21_97\" data-image-description=\"\" data-image-caption=\"\" data-medium-file=\"https:\/\/www.grieta.org.mx\/wp-content\/uploads\/2018\/07\/image_21_97-300x200.jpg\" data-large-file=\"https:\/\/www.grieta.org.mx\/wp-content\/uploads\/2018\/07\/image_21_97-1024x683.jpg\" src=\"http:\/\/www.grieta.org.mx\/wp-content\/uploads\/2018\/07\/image_21_97-300x200.jpg\" alt=\"\" width=\"300\" height=\"200\" class=\"aligncenter size-medium wp-image-24656\" srcset=\"https:\/\/www.grieta.org.mx\/wp-content\/uploads\/2018\/07\/image_21_97-300x200.jpg 300w, https:\/\/www.grieta.org.mx\/wp-content\/uploads\/2018\/07\/image_21_97-768x512.jpg 768w, https:\/\/www.grieta.org.mx\/wp-content\/uploads\/2018\/07\/image_21_97-1024x683.jpg 1024w, https:\/\/www.grieta.org.mx\/wp-content\/uploads\/2018\/07\/image_21_97-750x500.jpg 750w\" sizes=\"auto, (max-width: 300px) 100vw, 300px\" \/><a href=\"https:\/\/www.nvinoticias.com\/nota\/92773\/mixtepec-echa-la-mina\" rel=\"noopener\" target=\"_blank\">https:\/\/www.nvinoticias.com\/nota\/92773\/mixtepec-echa-la-mina<\/a><br \/>\nLos habitantes de San Juan Mixtepec se dedican por completo a la agricultura. FOTO: Mario Jim\u00e9nez Leyva<\/p>\n<p>Contaminaci\u00f3n sin beneficio<\/p>\n<p>&#8220;No queremos la miner\u00eda porque contamina el suelo, el agua, el medio ambiente. Esa, es la experiencia que se tiene de los a\u00f1os 40, que no dej\u00f3 ning\u00fan beneficio econ\u00f3mico al pueblo. Al contrario, muchas familias se quedaron desamparadas porque murieron bastantes trabajadores por enfermedad, cuando ten\u00edan entre 35 a 40 a\u00f1os.<\/p>\n<p><img loading=\"lazy\" decoding=\"async\" data-attachment-id=\"24655\" data-permalink=\"https:\/\/www.grieta.org.mx\/index.php\/2018\/05\/19\/mixtepec-echa-a-la-mina-pueblo-mixteco-de-oaxaca-prefirio-salud-para-su-gente\/image_22_106\/\" data-orig-file=\"https:\/\/www.grieta.org.mx\/wp-content\/uploads\/2018\/07\/image_22_106.jpg\" data-orig-size=\"1417,2126\" data-comments-opened=\"0\" data-image-meta=\"{&quot;aperture&quot;:&quot;0&quot;,&quot;credit&quot;:&quot;Mario Jimenez Leyva&quot;,&quot;camera&quot;:&quot;&quot;,&quot;caption&quot;:&quot;&quot;,&quot;created_timestamp&quot;:&quot;1526478815&quot;,&quot;copyright&quot;:&quot;NOTICIAS&quot;,&quot;focal_length&quot;:&quot;0&quot;,&quot;iso&quot;:&quot;0&quot;,&quot;shutter_speed&quot;:&quot;0&quot;,&quot;title&quot;:&quot;&quot;,&quot;orientation&quot;:&quot;0&quot;}\" data-image-title=\"image_22_106\" data-image-description=\"\" data-image-caption=\"\" data-medium-file=\"https:\/\/www.grieta.org.mx\/wp-content\/uploads\/2018\/07\/image_22_106-200x300.jpg\" data-large-file=\"https:\/\/www.grieta.org.mx\/wp-content\/uploads\/2018\/07\/image_22_106-683x1024.jpg\" src=\"http:\/\/www.grieta.org.mx\/wp-content\/uploads\/2018\/07\/image_22_106-200x300.jpg\" alt=\"\" width=\"200\" height=\"300\" class=\"aligncenter size-medium wp-image-24655\" srcset=\"https:\/\/www.grieta.org.mx\/wp-content\/uploads\/2018\/07\/image_22_106-200x300.jpg 200w, https:\/\/www.grieta.org.mx\/wp-content\/uploads\/2018\/07\/image_22_106-768x1152.jpg 768w, https:\/\/www.grieta.org.mx\/wp-content\/uploads\/2018\/07\/image_22_106-683x1024.jpg 683w, https:\/\/www.grieta.org.mx\/wp-content\/uploads\/2018\/07\/image_22_106-333x500.jpg 333w, https:\/\/www.grieta.org.mx\/wp-content\/uploads\/2018\/07\/image_22_106.jpg 1417w\" sizes=\"auto, (max-width: 200px) 100vw, 200px\" \/><br \/>\nUno de los principales t\u00faneles de la mina. FOTO: Mario Jim\u00e9nez Leyva<\/p>\n<p>&#8220;La empresa ofreci\u00f3 beneficios para el pueblo, con fuentes de empleos, pero ese desarrollo no lo queremos. Por eso, los habitantes de esta comunidad y de Los Tejocotes no aceptaron trabajar como mano de obra y tuvieron que traer de otros lugares, porque conocen el riesgo y recuerdan la triste historia de muerte por da\u00f1os a la salud. Adem\u00e1s no nos consultaron, ni pidieron permiso.<\/p>\n<p>&#8220;Nuestra determinaci\u00f3n es definitiva, no hay marcha atr\u00e1s&#8221;: Antonio G\u00f3mez Bautista, presidente municipal.<\/p>\n","protected":false},"excerpt":{"rendered":"<p>Noticias. Loma Reyes Almac\u00e9n, San Juan Mixtepec, Oaxaca.- Ante el ultim\u00e1tum que gir\u00f3 este pueblo mixteco para su retiro en un plazo de 15 d\u00edas, trabajadores y ejecutivos de la &hellip; <a href=\"https:\/\/www.grieta.org.mx\/index.php\/2018\/05\/19\/mixtepec-echa-a-la-mina-pueblo-mixteco-de-oaxaca-prefirio-salud-para-su-gente\/\" class=\"more-link\">Leer m\u00e1s<\/a><\/p>\n","protected":false},"author":2,"featured_media":24650,"comment_status":"closed","ping_status":"closed","sticky":false,"template":"","format":"standard","meta":{"ngg_post_thumbnail":0,"_jetpack_newsletter_access":"","_jetpack_dont_email_post_to_subs":false,"_jetpack_newsletter_tier_id":0,"_jetpack_memberships_contains_paywalled_content":false,"_jetpack_memberships_contains_paid_content":false,"footnotes":""},"categories":[80,1357,2,25],"tags":[],"class_list":["post-24649","post","type-post","status-publish","format-standard","has-post-thumbnail","hentry","category-cintillo","category-conflictos-mineros-en-oaxaca","category-noticias-nacionales","category-oaxaca","entry"],"jetpack_featured_media_url":"https:\/\/www.grieta.org.mx\/wp-content\/uploads\/2018\/07\/Mixtepec-1.jpg","jetpack_sharing_enabled":true,"jetpack_shortlink":"https:\/\/wp.me\/p7ZJR4-6pz","jetpack_likes_enabled":false,"jetpack-related-posts":[{"id":55356,"url":"https:\/\/www.grieta.org.mx\/index.php\/2020\/11\/18\/acusan-a-policias-de-oaxaca-de-asesinar-a-indigena-mixteco-oaxaca\/","url_meta":{"origin":24649,"position":0},"title":"Acusan a polic\u00edas de Oaxaca de asesinar a ind\u00edgena mixteco (Oaxaca)","author":"grieta","date":"18 noviembre, 2020","format":false,"excerpt":"Proceso \/ Pedro Mat\u00edas. *Marco Antonio Hern\u00e1ndez Bautista fue detenido por cuatro polic\u00edas de San Juan Mixtepec, Oaxaca; al d\u00eda siguiente fue hallado muerto y con huellas de tortura. Familiares del ind\u00edgena mixteco Marco Antonio Hern\u00e1ndez Bautista marcharon para exigir justicia tras su asesinato. Foto: facebook@yososcuamixtepec. OAXACA, Oax. (apro).- De\u2026","rel":"","context":"En &quot;Brutalidad polic\u00edaca en Oaxaca&quot;","block_context":{"text":"Brutalidad polic\u00edaca en Oaxaca","link":"https:\/\/www.grieta.org.mx\/index.php\/category\/noticias-nacionales\/oaxaca\/brutalidad-policiaca-en-oaxaca\/"},"img":{"alt_text":"","src":"https:\/\/i0.wp.com\/www.grieta.org.mx\/wp-content\/uploads\/2020\/11\/1-4.jpg?resize=350%2C200&ssl=1","width":350,"height":200,"srcset":"https:\/\/i0.wp.com\/www.grieta.org.mx\/wp-content\/uploads\/2020\/11\/1-4.jpg?resize=350%2C200&ssl=1 1x, https:\/\/i0.wp.com\/www.grieta.org.mx\/wp-content\/uploads\/2020\/11\/1-4.jpg?resize=525%2C300&ssl=1 1.5x, https:\/\/i0.wp.com\/www.grieta.org.mx\/wp-content\/uploads\/2020\/11\/1-4.jpg?resize=700%2C400&ssl=1 2x"},"classes":[]},{"id":27115,"url":"https:\/\/www.grieta.org.mx\/index.php\/2018\/10\/12\/mineria-fuera-de-oaxaca-exigen-en-juicio-popular\/","url_meta":{"origin":24649,"position":1},"title":"Miner\u00eda fuera de Oaxaca, exigen en juicio popular","author":"grieta","date":"12 octubre, 2018","format":false,"excerpt":"Noticias. Octavio V\u00e9lez, Una mujer camina entre aguas contaminadas liberada por la mina de Fortuna Silver en Magdalena Ocotl\u00e1n. Autoridades municipales y agrarias, comunidades, colectivos y organizaciones presentaron ayer una demanda general en el Juicio Popular Comunitario contra el Estado y las Empresas Mineras en Oaxaca, para reclamar a los\u2026","rel":"","context":"En &quot;CINTILLO&quot;","block_context":{"text":"CINTILLO","link":"https:\/\/www.grieta.org.mx\/index.php\/category\/cintillo\/"},"img":{"alt_text":"","src":"https:\/\/i0.wp.com\/www.grieta.org.mx\/wp-content\/uploads\/2018\/10\/1-6.jpg?resize=350%2C200&ssl=1","width":350,"height":200,"srcset":"https:\/\/i0.wp.com\/www.grieta.org.mx\/wp-content\/uploads\/2018\/10\/1-6.jpg?resize=350%2C200&ssl=1 1x, https:\/\/i0.wp.com\/www.grieta.org.mx\/wp-content\/uploads\/2018\/10\/1-6.jpg?resize=525%2C300&ssl=1 1.5x, https:\/\/i0.wp.com\/www.grieta.org.mx\/wp-content\/uploads\/2018\/10\/1-6.jpg?resize=700%2C400&ssl=1 2x, https:\/\/i0.wp.com\/www.grieta.org.mx\/wp-content\/uploads\/2018\/10\/1-6.jpg?resize=1050%2C600&ssl=1 3x"},"classes":[]},{"id":40202,"url":"https:\/\/www.grieta.org.mx\/index.php\/2019\/10\/14\/pueblo-mixteco-se-declara-municipio-indigena-y-libre-no-es-solo-un-acto-de-rebeldia-es-dignificar-a-la-gente-oaxaca\/","url_meta":{"origin":24649,"position":2},"title":"Pueblo mixteco se declara municipio ind\u00edgena y libre; no es solo un acto de rebeld\u00eda es dignificar a la gente (Oaxaca)","author":"grieta","date":"14 octubre, 2019","format":false,"excerpt":"P\u00e1gina 3 \/ Pedro Mat\u00edas. *Yucuquime de Ocampo se separa de Tezoatl\u00e1n de Segura y Luna. *Su decisi\u00f3n se hace en el marco de la campa\u00f1a Samir Flores Vive. Oaxaca, Oax.- En el marco de la campa\u00f1a \u201cSamir Flores vive\u201d, el pueblo mixteco de Yucuquimi de Ocampo se declar\u00f3 \u201cmunicipio\u2026","rel":"","context":"En &quot;CINTILLO&quot;","block_context":{"text":"CINTILLO","link":"https:\/\/www.grieta.org.mx\/index.php\/category\/cintillo\/"},"img":{"alt_text":"","src":"https:\/\/i0.wp.com\/www.grieta.org.mx\/wp-content\/uploads\/2018\/03\/14524434_1106112876131411_958039263622046936_o.jpg?resize=350%2C200&ssl=1","width":350,"height":200,"srcset":"https:\/\/i0.wp.com\/www.grieta.org.mx\/wp-content\/uploads\/2018\/03\/14524434_1106112876131411_958039263622046936_o.jpg?resize=350%2C200&ssl=1 1x, https:\/\/i0.wp.com\/www.grieta.org.mx\/wp-content\/uploads\/2018\/03\/14524434_1106112876131411_958039263622046936_o.jpg?resize=525%2C300&ssl=1 1.5x, https:\/\/i0.wp.com\/www.grieta.org.mx\/wp-content\/uploads\/2018\/03\/14524434_1106112876131411_958039263622046936_o.jpg?resize=700%2C400&ssl=1 2x"},"classes":[]},{"id":28368,"url":"https:\/\/www.grieta.org.mx\/index.php\/2018\/12\/29\/vigentes-22-conflictos-por-proyectos-mineros-en-oaxaca\/","url_meta":{"origin":24649,"position":3},"title":"Vigentes, 22 conflictos por proyectos mineros en Oaxaca","author":"grieta","date":"29 diciembre, 2018","format":false,"excerpt":"Noticias. Miguel Angel, INTIMIDACI\u00d3N, ASESINATOS Y CONTAMINACI\u00d3N Oaxaca.- Intimidaciones, asesinatos, sobreexplotaci\u00f3n y contaminaci\u00f3n de fuentes de agua, contaminaci\u00f3n ambiental y auditiva, adem\u00e1s de ganancias multimillonarias que no se reflejan en el desarrollo de las comunidades son las inconformidades que muestran los pueblos ind\u00edgenas ante los proyectos mineros. De acuerdo al\u2026","rel":"","context":"En &quot;CINTILLO&quot;","block_context":{"text":"CINTILLO","link":"https:\/\/www.grieta.org.mx\/index.php\/category\/cintillo\/"},"img":{"alt_text":"","src":"https:\/\/i0.wp.com\/www.grieta.org.mx\/wp-content\/uploads\/2019\/01\/image_6.jpg?resize=350%2C200&ssl=1","width":350,"height":200,"srcset":"https:\/\/i0.wp.com\/www.grieta.org.mx\/wp-content\/uploads\/2019\/01\/image_6.jpg?resize=350%2C200&ssl=1 1x, https:\/\/i0.wp.com\/www.grieta.org.mx\/wp-content\/uploads\/2019\/01\/image_6.jpg?resize=525%2C300&ssl=1 1.5x, https:\/\/i0.wp.com\/www.grieta.org.mx\/wp-content\/uploads\/2019\/01\/image_6.jpg?resize=700%2C400&ssl=1 2x, https:\/\/i0.wp.com\/www.grieta.org.mx\/wp-content\/uploads\/2019\/01\/image_6.jpg?resize=1050%2C600&ssl=1 3x"},"classes":[]},{"id":24965,"url":"https:\/\/www.grieta.org.mx\/index.php\/2018\/07\/15\/avanza-investigacion-del-multifeminicidio-en-la-mixteca-de-oaxaca\/","url_meta":{"origin":24649,"position":4},"title":"Avanza investigaci\u00f3n del multifeminicidio en la Mixteca de Oaxaca","author":"grieta","date":"15 julio, 2018","format":false,"excerpt":"Noticias. Lesli Aguilar, Huajuapan de Le\u00f3n, Oaxaca.- A m\u00e1s de un a\u00f1o del multifeminicidio de San Juan Mixtepec, la Fiscal\u00eda General del Estado present\u00f3 los primeros avances de las investigaciones, en donde se\u00f1al\u00f3 que habr\u00e1 justicia para las v\u00edctimas. Habr\u00e1 justicia: Fiscal En el ataque murieron cinco personas, cuatro de\u2026","rel":"","context":"En &quot;CINTILLO&quot;","block_context":{"text":"CINTILLO","link":"https:\/\/www.grieta.org.mx\/index.php\/category\/cintillo\/"},"img":{"alt_text":"","src":"https:\/\/i0.wp.com\/www.grieta.org.mx\/wp-content\/uploads\/2018\/07\/investigacion.jpg?resize=350%2C200&ssl=1","width":350,"height":200,"srcset":"https:\/\/i0.wp.com\/www.grieta.org.mx\/wp-content\/uploads\/2018\/07\/investigacion.jpg?resize=350%2C200&ssl=1 1x, https:\/\/i0.wp.com\/www.grieta.org.mx\/wp-content\/uploads\/2018\/07\/investigacion.jpg?resize=525%2C300&ssl=1 1.5x, https:\/\/i0.wp.com\/www.grieta.org.mx\/wp-content\/uploads\/2018\/07\/investigacion.jpg?resize=700%2C400&ssl=1 2x, https:\/\/i0.wp.com\/www.grieta.org.mx\/wp-content\/uploads\/2018\/07\/investigacion.jpg?resize=1050%2C600&ssl=1 3x"},"classes":[]},{"id":28890,"url":"https:\/\/www.grieta.org.mx\/index.php\/2019\/02\/10\/zanatepec-se-declara-libre-de-mineria-oaxaca\/","url_meta":{"origin":24649,"position":5},"title":"Zanatepec se declara libre de miner\u00eda (Oaxaca)","author":"grieta","date":"10 febrero, 2019","format":false,"excerpt":"Noticias. Amando Orozco, BUSCAN PROTEGER AL CAMPO En diversas regiones de la entidad, particularmente en el Istmo, habitantes se han manifestado en contra de la actividad minera. Juchit\u00e1n, Oaxaca.-Este s\u00e1bado, en una sesi\u00f3n extraordinaria de cabildo, por unanimidad las autoridades municipales de Santo Domingo Zanatepec declararon su territorio libre de\u2026","rel":"","context":"En &quot;CINTILLO&quot;","block_context":{"text":"CINTILLO","link":"https:\/\/www.grieta.org.mx\/index.php\/category\/cintillo\/"},"img":{"alt_text":"","src":"https:\/\/i0.wp.com\/www.grieta.org.mx\/wp-content\/uploads\/2019\/02\/image_11.jpg?resize=350%2C200&ssl=1","width":350,"height":200,"srcset":"https:\/\/i0.wp.com\/www.grieta.org.mx\/wp-content\/uploads\/2019\/02\/image_11.jpg?resize=350%2C200&ssl=1 1x, https:\/\/i0.wp.com\/www.grieta.org.mx\/wp-content\/uploads\/2019\/02\/image_11.jpg?resize=525%2C300&ssl=1 1.5x, https:\/\/i0.wp.com\/www.grieta.org.mx\/wp-content\/uploads\/2019\/02\/image_11.jpg?resize=700%2C400&ssl=1 2x, https:\/\/i0.wp.com\/www.grieta.org.mx\/wp-content\/uploads\/2019\/02\/image_11.jpg?resize=1050%2C600&ssl=1 3x"},"classes":[]}],"_links":{"self":[{"href":"https:\/\/www.grieta.org.mx\/index.php\/wp-json\/wp\/v2\/posts\/24649","targetHints":{"allow":["GET"]}}],"collection":[{"href":"https:\/\/www.grieta.org.mx\/index.php\/wp-json\/wp\/v2\/posts"}],"about":[{"href":"https:\/\/www.grieta.org.mx\/index.php\/wp-json\/wp\/v2\/types\/post"}],"author":[{"embeddable":true,"href":"https:\/\/www.grieta.org.mx\/index.php\/wp-json\/wp\/v2\/users\/2"}],"replies":[{"embeddable":true,"href":"https:\/\/www.grieta.org.mx\/index.php\/wp-json\/wp\/v2\/comments?post=24649"}],"version-history":[{"count":1,"href":"https:\/\/www.grieta.org.mx\/index.php\/wp-json\/wp\/v2\/posts\/24649\/revisions"}],"predecessor-version":[{"id":24657,"href":"https:\/\/www.grieta.org.mx\/index.php\/wp-json\/wp\/v2\/posts\/24649\/revisions\/24657"}],"wp:featuredmedia":[{"embeddable":true,"href":"https:\/\/www.grieta.org.mx\/index.php\/wp-json\/wp\/v2\/media\/24650"}],"wp:attachment":[{"href":"https:\/\/www.grieta.org.mx\/index.php\/wp-json\/wp\/v2\/media?parent=24649"}],"wp:term":[{"taxonomy":"category","embeddable":true,"href":"https:\/\/www.grieta.org.mx\/index.php\/wp-json\/wp\/v2\/categories?post=24649"},{"taxonomy":"post_tag","embeddable":true,"href":"https:\/\/www.grieta.org.mx\/index.php\/wp-json\/wp\/v2\/tags?post=24649"}],"curies":[{"name":"wp","href":"https:\/\/api.w.org\/{rel}","templated":true}]}}