{"id":24572,"date":"2018-06-18T22:04:37","date_gmt":"2018-06-19T03:04:37","guid":{"rendered":"http:\/\/www.grieta.org.mx\/?p=24572"},"modified":"2018-07-14T16:53:28","modified_gmt":"2018-07-14T21:53:28","slug":"en-oaxaca-encubren-delitos-sexuales-en-matrimonios-con-ninas-y-adolescentes","status":"publish","type":"post","link":"https:\/\/www.grieta.org.mx\/index.php\/2018\/06\/18\/en-oaxaca-encubren-delitos-sexuales-en-matrimonios-con-ninas-y-adolescentes\/","title":{"rendered":"En Oaxaca, encubren delitos sexuales en matrimonios con ni\u00f1as y adolescentes"},"content":{"rendered":"<p>Noticias.<\/p>\n<p>Citlalli Luciana,<\/p>\n<p>OAXACA, ENTRELOS ESTADOS CON M\u00c1S EMBARAZOS INFANTILES<br \/>\n<img loading=\"lazy\" decoding=\"async\" data-attachment-id=\"24573\" data-permalink=\"https:\/\/www.grieta.org.mx\/index.php\/2018\/06\/18\/en-oaxaca-encubren-delitos-sexuales-en-matrimonios-con-ninas-y-adolescentes\/ninas-embarazadas-1\/\" data-orig-file=\"https:\/\/www.grieta.org.mx\/wp-content\/uploads\/2018\/07\/Ni\u00f1as-embarazadas-1.jpg\" data-orig-size=\"1144,645\" data-comments-opened=\"0\" data-image-meta=\"{&quot;aperture&quot;:&quot;0&quot;,&quot;credit&quot;:&quot;&quot;,&quot;camera&quot;:&quot;&quot;,&quot;caption&quot;:&quot;&quot;,&quot;created_timestamp&quot;:&quot;0&quot;,&quot;copyright&quot;:&quot;&quot;,&quot;focal_length&quot;:&quot;0&quot;,&quot;iso&quot;:&quot;0&quot;,&quot;shutter_speed&quot;:&quot;0&quot;,&quot;title&quot;:&quot;&quot;,&quot;orientation&quot;:&quot;0&quot;}\" data-image-title=\"Ni\u00f1as embarazadas 1\" data-image-description=\"\" data-image-caption=\"\" data-medium-file=\"https:\/\/www.grieta.org.mx\/wp-content\/uploads\/2018\/07\/Ni\u00f1as-embarazadas-1-300x169.jpg\" data-large-file=\"https:\/\/www.grieta.org.mx\/wp-content\/uploads\/2018\/07\/Ni\u00f1as-embarazadas-1-1024x577.jpg\" class=\"aligncenter size-medium wp-image-24573\" src=\"http:\/\/www.grieta.org.mx\/wp-content\/uploads\/2018\/07\/Ni\u00f1as-embarazadas-1-300x169.jpg\" alt=\"\" width=\"300\" height=\"169\" srcset=\"https:\/\/www.grieta.org.mx\/wp-content\/uploads\/2018\/07\/Ni\u00f1as-embarazadas-1-300x169.jpg 300w, https:\/\/www.grieta.org.mx\/wp-content\/uploads\/2018\/07\/Ni\u00f1as-embarazadas-1-768x433.jpg 768w, https:\/\/www.grieta.org.mx\/wp-content\/uploads\/2018\/07\/Ni\u00f1as-embarazadas-1-1024x577.jpg 1024w, https:\/\/www.grieta.org.mx\/wp-content\/uploads\/2018\/07\/Ni\u00f1as-embarazadas-1-887x500.jpg 887w, https:\/\/www.grieta.org.mx\/wp-content\/uploads\/2018\/07\/Ni\u00f1as-embarazadas-1.jpg 1144w\" sizes=\"auto, (max-width: 300px) 100vw, 300px\" \/><br \/>\nLas ni\u00f1as embarazadas v\u00edctimas de una agresi\u00f3n con frecuencia acuden con las &#8220;suegras&#8221; a la atenci\u00f3n m\u00e9dica.<\/p>\n<p>Los delitos sexuales cometidos en contra de ni\u00f1as y adolescentes en Oaxaca son resueltos con uniones forzadas.<\/p>\n<p>Personal m\u00e9dico de las instancias de salud p\u00fablica, revelaron que estos pactos los llevan a cabo las familias y no pasan por una denuncia formal ante la fiscal\u00eda porque no lo observan como un delito.<br \/>\n\u201cLos vemos frecuentemente en las comunidades cuando nos llegan ni\u00f1as embarazadas ya dentro de la familia de su agresor\u201d, indic\u00f3 una m\u00e9dica bajo el anonimato.<\/p>\n<p>De acuerdo con las experiencias del personal m\u00e9dico, estas situaciones no son exclusivas de comunidades alejadas, pues se sabe de casos ocurridos en el distrito de Etla en donde las ni\u00f1as embarazadas pasan a la tutela del agresor y su familia.<\/p>\n<p>Los casos no son denunciados por el personal m\u00e9dico porque no hay un protocolo de actuaci\u00f3n establecido, pero adem\u00e1s porque los mismos m\u00e9dicos normalizaron estas costumbres.<\/p>\n<p>El rol de la &#8220;suegra&#8221;<\/p>\n<p>Cuando las pacientes llegan a la consulta m\u00e9dica lo hacen en compa\u00f1\u00eda de \u201cla suegra\u201d y es ella quien responde y decide sobre la salud de la menor de edad.<\/p>\n<p>&#8220;Es ella quien sabe desde el \u00faltimo d\u00eda de regla, hasta cu\u00e1l va a ser el m\u00e9todo anticonceptivo que va a utilizar la menor de edad despu\u00e9s del parto&#8221;.<\/p>\n<p>En estos hechos -expuso- hay uniones entre menores de edad pero tambi\u00e9n de ni\u00f1as y adolescentes con mayores de edad.<\/p>\n<p>La abogada y especialista en el tema, Esmeralda Lecxiur, se\u00f1al\u00f3 que aquellas pr\u00e1cticas constituye un acto de violencia sexual y en consecuencia son un delito a\u00fan cuando haya existido consentimiento de la ni\u00f1a o adolescente. \u201cEs muestra de la tolerancia a los delitos en M\u00e9xico\u201d.<\/p>\n<p>Cualquier relaci\u00f3n sexual que sea impuesta o no, incluso con consentimiento de la menor de edad es un delito sexual, sostuvo.<\/p>\n<p>Indic\u00f3 que en el caso de las relaciones sexuales de ni\u00f1as y adolescentes con hombres de su misma edad, el delito que se comete es estupro. \u201cSiempre va a ser un delito, la diferencia es que en algunos casos es grave y en otro no lo es\u201d.<\/p>\n<p>De acuerdo con las cifras oficiales, de enero a abril de 2018 se cometieron 397 delitos contra la libertad y la seguridad sexual: abuso sexual, acoso sexual, hostigamiento sexual, violaci\u00f3n simple, violaci\u00f3n equiparada e incesto.<\/p>\n<p><a href=\"https:\/\/www.nvinoticias.com\/nota\/95085\/en-oaxaca-encubren-delitos-sexuales-en-matrimonios-con-ninas-y-adolescentes\">https:\/\/www.nvinoticias.com\/nota\/95085\/en-oaxaca-encubren-delitos-sexuales-en-matrimonios-con-ninas-y-adolescentes<\/a><\/p>\n","protected":false},"excerpt":{"rendered":"<p>Noticias. Citlalli Luciana, OAXACA, ENTRELOS ESTADOS CON M\u00c1S EMBARAZOS INFANTILES Las ni\u00f1as embarazadas v\u00edctimas de una agresi\u00f3n con frecuencia acuden con las &#8220;suegras&#8221; a la atenci\u00f3n m\u00e9dica. Los delitos sexuales &hellip; <a href=\"https:\/\/www.grieta.org.mx\/index.php\/2018\/06\/18\/en-oaxaca-encubren-delitos-sexuales-en-matrimonios-con-ninas-y-adolescentes\/\" class=\"more-link\">Leer m\u00e1s<\/a><\/p>\n","protected":false},"author":2,"featured_media":24668,"comment_status":"closed","ping_status":"closed","sticky":false,"template":"","format":"standard","meta":{"ngg_post_thumbnail":0,"_jetpack_newsletter_access":"","_jetpack_dont_email_post_to_subs":false,"_jetpack_newsletter_tier_id":0,"_jetpack_memberships_contains_paywalled_content":false,"_jetpack_memberships_contains_paid_content":false,"footnotes":""},"categories":[80,1477,2,25],"tags":[],"class_list":["post-24572","post","type-post","status-publish","format-standard","has-post-thumbnail","hentry","category-cintillo","category-la-ninez-en-la-tormenta-en-oaxaca","category-noticias-nacionales","category-oaxaca","entry"],"jetpack_featured_media_url":"https:\/\/www.grieta.org.mx\/wp-content\/uploads\/2018\/06\/Ni\u00f1as-embarazadas-1.jpg","jetpack_sharing_enabled":true,"jetpack_shortlink":"https:\/\/wp.me\/p7ZJR4-6ok","jetpack_likes_enabled":false,"jetpack-related-posts":[{"id":41126,"url":"https:\/\/www.grieta.org.mx\/index.php\/2019\/11\/14\/oaxaca-tercer-lugar-en-embarazos-de-ninas-y-adolescentes\/","url_meta":{"origin":24572,"position":0},"title":"Oaxaca, tercer lugar en embarazos de ni\u00f1as y adolescentes","author":"grieta","date":"14 noviembre, 2019","format":false,"excerpt":"Proceso \/ Pedro Mat\u00edas. Foro Promoviendo los derechos sexuales de ni\u00f1as, ni\u00f1os y adolescentes. Foto: Twitter @GES_Mujer. Oaxaca, Oax.- Oaxaca ocupa el tercer lugar en embarazos de ni\u00f1as, adolescentes y j\u00f3venes en el pa\u00eds, y el octavo en muerte materna, seg\u00fan las conclusiones del foro \u201cPromoviendo los derechos sexuales y\u2026","rel":"","context":"En &quot;CINTILLO&quot;","block_context":{"text":"CINTILLO","link":"https:\/\/www.grieta.org.mx\/index.php\/category\/cintillo\/"},"img":{"alt_text":"","src":"https:\/\/i0.wp.com\/www.grieta.org.mx\/wp-content\/uploads\/2019\/11\/ooo-870x522.jpg?resize=350%2C200&ssl=1","width":350,"height":200,"srcset":"https:\/\/i0.wp.com\/www.grieta.org.mx\/wp-content\/uploads\/2019\/11\/ooo-870x522.jpg?resize=350%2C200&ssl=1 1x, https:\/\/i0.wp.com\/www.grieta.org.mx\/wp-content\/uploads\/2019\/11\/ooo-870x522.jpg?resize=525%2C300&ssl=1 1.5x, https:\/\/i0.wp.com\/www.grieta.org.mx\/wp-content\/uploads\/2019\/11\/ooo-870x522.jpg?resize=700%2C400&ssl=1 2x"},"classes":[]},{"id":62228,"url":"https:\/\/www.grieta.org.mx\/index.php\/2021\/07\/30\/incrementan-delitos-sexuales-en-oaxaca\/","url_meta":{"origin":24572,"position":1},"title":"Incrementan delitos sexuales en Oaxaca","author":"grieta","date":"30 julio, 2021","format":false,"excerpt":"Somoselmedio \/ Wendy Alfaro. 30 de Julio de 2021.- El Consorcio de Oaxaca, dio a conocer el registro sobre los casos de delitos sexuales los cuales han ido en aumento, de 4.6 mujeres v\u00edctimas al mes en 2020 a 7.4 mujeres en lo que va del 2021. Elizabeth Mosqueda Rivera,\u2026","rel":"","context":"En &quot;CINTILLO&quot;","block_context":{"text":"CINTILLO","link":"https:\/\/www.grieta.org.mx\/index.php\/category\/cintillo\/"},"img":{"alt_text":"","src":"https:\/\/i0.wp.com\/www.grieta.org.mx\/wp-content\/uploads\/2021\/10\/1-3.jpg?resize=350%2C200&ssl=1","width":350,"height":200,"srcset":"https:\/\/i0.wp.com\/www.grieta.org.mx\/wp-content\/uploads\/2021\/10\/1-3.jpg?resize=350%2C200&ssl=1 1x, https:\/\/i0.wp.com\/www.grieta.org.mx\/wp-content\/uploads\/2021\/10\/1-3.jpg?resize=525%2C300&ssl=1 1.5x, https:\/\/i0.wp.com\/www.grieta.org.mx\/wp-content\/uploads\/2021\/10\/1-3.jpg?resize=700%2C400&ssl=1 2x"},"classes":[]},{"id":41131,"url":"https:\/\/www.grieta.org.mx\/index.php\/2019\/11\/14\/embarazo-infantil-y-adolescente-violencia-sexual-oaxaca\/","url_meta":{"origin":24572,"position":2},"title":"Embarazo infantil y adolescente, violencia sexual (Oaxaca)","author":"grieta","date":"14 noviembre, 2019","format":false,"excerpt":"P\u00e1gina 3 \/ Redacci\u00f3n. Todo embarazo en una ni\u00f1a o adolescente debe verse como violencia sexual y las autoridades asumir su responsabilidad de garantizar la interrupci\u00f3n legal en vez de revictimizar y naturalizar una maternidad temprana que vulnera una gama de derechos. Esa fue una de las ideas centrales que\u2026","rel":"","context":"En &quot;CINTILLO&quot;","block_context":{"text":"CINTILLO","link":"https:\/\/www.grieta.org.mx\/index.php\/category\/cintillo\/"},"img":{"alt_text":"","src":"https:\/\/i0.wp.com\/www.grieta.org.mx\/wp-content\/uploads\/2018\/03\/14524434_1106112876131411_958039263622046936_o.jpg?resize=350%2C200&ssl=1","width":350,"height":200,"srcset":"https:\/\/i0.wp.com\/www.grieta.org.mx\/wp-content\/uploads\/2018\/03\/14524434_1106112876131411_958039263622046936_o.jpg?resize=350%2C200&ssl=1 1x, https:\/\/i0.wp.com\/www.grieta.org.mx\/wp-content\/uploads\/2018\/03\/14524434_1106112876131411_958039263622046936_o.jpg?resize=525%2C300&ssl=1 1.5x, https:\/\/i0.wp.com\/www.grieta.org.mx\/wp-content\/uploads\/2018\/03\/14524434_1106112876131411_958039263622046936_o.jpg?resize=700%2C400&ssl=1 2x"},"classes":[]},{"id":48446,"url":"https:\/\/www.grieta.org.mx\/index.php\/2020\/04\/30\/en-oaxaca-las-ninas-comienzan-a-ser-victimas-de-violencia-desde-antes-del-ano-de-edad\/","url_meta":{"origin":24572,"position":3},"title":"En Oaxaca, las ni\u00f1as comienzan a ser v\u00edctimas de violencia desde antes del a\u00f1o de edad","author":"grieta","date":"30 abril, 2020","format":false,"excerpt":"Proceso \/ Pedro Mat\u00edas. Ni\u00f1os chinantecos en Oaxaca. Foto: Hugo Cruz. OAXACA, Oax. (apro).- Oaxaca ha registrado, en lo que va del a\u00f1o, la desaparici\u00f3n de 43 menores, el asesinato de siete y el abuso sexual de otros seis, seg\u00fan Consorcio para el Di\u00e1logo Parlamentario y Equidad. \u201cCifras que dif\u00edcilmente\u2026","rel":"","context":"En &quot;CINTILLO&quot;","block_context":{"text":"CINTILLO","link":"https:\/\/www.grieta.org.mx\/index.php\/category\/cintillo\/"},"img":{"alt_text":"","src":"https:\/\/i0.wp.com\/www.grieta.org.mx\/wp-content\/uploads\/2018\/03\/14524434_1106112876131411_958039263622046936_o.jpg?resize=350%2C200&ssl=1","width":350,"height":200,"srcset":"https:\/\/i0.wp.com\/www.grieta.org.mx\/wp-content\/uploads\/2018\/03\/14524434_1106112876131411_958039263622046936_o.jpg?resize=350%2C200&ssl=1 1x, https:\/\/i0.wp.com\/www.grieta.org.mx\/wp-content\/uploads\/2018\/03\/14524434_1106112876131411_958039263622046936_o.jpg?resize=525%2C300&ssl=1 1.5x, https:\/\/i0.wp.com\/www.grieta.org.mx\/wp-content\/uploads\/2018\/03\/14524434_1106112876131411_958039263622046936_o.jpg?resize=700%2C400&ssl=1 2x"},"classes":[]},{"id":41179,"url":"https:\/\/www.grieta.org.mx\/index.php\/2019\/11\/15\/embarazos-adolescentes-producto-de-violencia-sexual-oaxaca\/","url_meta":{"origin":24572,"position":4},"title":"Embarazos adolescentes, producto de violencia sexual  (Oaxaca)","author":"grieta","date":"15 noviembre, 2019","format":false,"excerpt":"Noticias \/ Citlalli Luciana. Algunas madres menores de edad han sido beneficiadas con becas para que contin\u00faen con sus estudios. Al realizar el foro \u201cPromoviendo los Derechos Sexuales y Reproductivos de Ni\u00f1as, Ni\u00f1os y Adolescentes\u201d, especialistas en el tema se\u00f1alaron que los embarazos en mujeres menores de 15 a\u00f1os deben\u2026","rel":"","context":"En &quot;CINTILLO&quot;","block_context":{"text":"CINTILLO","link":"https:\/\/www.grieta.org.mx\/index.php\/category\/cintillo\/"},"img":{"alt_text":"","src":"https:\/\/i0.wp.com\/www.grieta.org.mx\/wp-content\/uploads\/2019\/11\/embarazo_0.jpg?resize=350%2C200&ssl=1","width":350,"height":200,"srcset":"https:\/\/i0.wp.com\/www.grieta.org.mx\/wp-content\/uploads\/2019\/11\/embarazo_0.jpg?resize=350%2C200&ssl=1 1x, https:\/\/i0.wp.com\/www.grieta.org.mx\/wp-content\/uploads\/2019\/11\/embarazo_0.jpg?resize=525%2C300&ssl=1 1.5x, https:\/\/i0.wp.com\/www.grieta.org.mx\/wp-content\/uploads\/2019\/11\/embarazo_0.jpg?resize=700%2C400&ssl=1 2x, https:\/\/i0.wp.com\/www.grieta.org.mx\/wp-content\/uploads\/2019\/11\/embarazo_0.jpg?resize=1050%2C600&ssl=1 3x"},"classes":[]},{"id":63726,"url":"https:\/\/www.grieta.org.mx\/index.php\/2022\/03\/02\/mujeres-y-ninas-utilizadas-como-botin-de-guerra-ocnf-oaxaca\/","url_meta":{"origin":24572,"position":5},"title":"Mujeres y ni\u00f1as, utilizadas como bot\u00edn de guerra: OCNF (Oaxaca)","author":"grieta","date":"2 marzo, 2022","format":false,"excerpt":"Noticias \/ Citlalli L\u00f3pez Vel\u00e1zquez. El asesinato de ocho mujeres y sus familias al interior de su casa en Juchit\u00e1n de Zaragoza, as\u00ed como el reciente atentado de una m\u00e1s en Loma Bonita, evidencia que las mujeres, adolescentes y ni\u00f1as est\u00e1n siendo utilizadas como bot\u00edn de guerra en Oaxaca, un\u2026","rel":"","context":"En &quot;CINTILLO&quot;","block_context":{"text":"CINTILLO","link":"https:\/\/www.grieta.org.mx\/index.php\/category\/cintillo\/"},"img":{"alt_text":"","src":"https:\/\/i0.wp.com\/www.grieta.org.mx\/wp-content\/uploads\/2018\/03\/14524434_1106112876131411_958039263622046936_o.jpg?resize=350%2C200&ssl=1","width":350,"height":200,"srcset":"https:\/\/i0.wp.com\/www.grieta.org.mx\/wp-content\/uploads\/2018\/03\/14524434_1106112876131411_958039263622046936_o.jpg?resize=350%2C200&ssl=1 1x, https:\/\/i0.wp.com\/www.grieta.org.mx\/wp-content\/uploads\/2018\/03\/14524434_1106112876131411_958039263622046936_o.jpg?resize=525%2C300&ssl=1 1.5x, https:\/\/i0.wp.com\/www.grieta.org.mx\/wp-content\/uploads\/2018\/03\/14524434_1106112876131411_958039263622046936_o.jpg?resize=700%2C400&ssl=1 2x"},"classes":[]}],"_links":{"self":[{"href":"https:\/\/www.grieta.org.mx\/index.php\/wp-json\/wp\/v2\/posts\/24572","targetHints":{"allow":["GET"]}}],"collection":[{"href":"https:\/\/www.grieta.org.mx\/index.php\/wp-json\/wp\/v2\/posts"}],"about":[{"href":"https:\/\/www.grieta.org.mx\/index.php\/wp-json\/wp\/v2\/types\/post"}],"author":[{"embeddable":true,"href":"https:\/\/www.grieta.org.mx\/index.php\/wp-json\/wp\/v2\/users\/2"}],"replies":[{"embeddable":true,"href":"https:\/\/www.grieta.org.mx\/index.php\/wp-json\/wp\/v2\/comments?post=24572"}],"version-history":[{"count":1,"href":"https:\/\/www.grieta.org.mx\/index.php\/wp-json\/wp\/v2\/posts\/24572\/revisions"}],"predecessor-version":[{"id":24574,"href":"https:\/\/www.grieta.org.mx\/index.php\/wp-json\/wp\/v2\/posts\/24572\/revisions\/24574"}],"wp:featuredmedia":[{"embeddable":true,"href":"https:\/\/www.grieta.org.mx\/index.php\/wp-json\/wp\/v2\/media\/24668"}],"wp:attachment":[{"href":"https:\/\/www.grieta.org.mx\/index.php\/wp-json\/wp\/v2\/media?parent=24572"}],"wp:term":[{"taxonomy":"category","embeddable":true,"href":"https:\/\/www.grieta.org.mx\/index.php\/wp-json\/wp\/v2\/categories?post=24572"},{"taxonomy":"post_tag","embeddable":true,"href":"https:\/\/www.grieta.org.mx\/index.php\/wp-json\/wp\/v2\/tags?post=24572"}],"curies":[{"name":"wp","href":"https:\/\/api.w.org\/{rel}","templated":true}]}}