{"id":24566,"date":"2018-05-19T20:19:40","date_gmt":"2018-05-20T01:19:40","guid":{"rendered":"http:\/\/www.grieta.org.mx\/?p=24566"},"modified":"2018-07-14T16:55:23","modified_gmt":"2018-07-14T21:55:23","slug":"ocultan-cifras-de-abuso-sexual-infantil-en-oaxaca","status":"publish","type":"post","link":"https:\/\/www.grieta.org.mx\/index.php\/2018\/05\/19\/ocultan-cifras-de-abuso-sexual-infantil-en-oaxaca\/","title":{"rendered":"Ocultan cifras de abuso sexual infantil en Oaxaca"},"content":{"rendered":"<p>Noticias.<\/p>\n<p>Nadia Altamirano,<\/p>\n<p>Inoperancia en investigaciones<br \/>\n<img loading=\"lazy\" decoding=\"async\" data-attachment-id=\"24669\" data-permalink=\"https:\/\/www.grieta.org.mx\/index.php\/2018\/05\/19\/ocultan-cifras-de-abuso-sexual-infantil-en-oaxaca\/cifra-violencia-1-2\/\" data-orig-file=\"https:\/\/www.grieta.org.mx\/wp-content\/uploads\/2018\/05\/Cifra-violencia-1.jpg\" data-orig-size=\"1144,645\" data-comments-opened=\"0\" data-image-meta=\"{&quot;aperture&quot;:&quot;0&quot;,&quot;credit&quot;:&quot;&quot;,&quot;camera&quot;:&quot;&quot;,&quot;caption&quot;:&quot;&quot;,&quot;created_timestamp&quot;:&quot;0&quot;,&quot;copyright&quot;:&quot;&quot;,&quot;focal_length&quot;:&quot;0&quot;,&quot;iso&quot;:&quot;0&quot;,&quot;shutter_speed&quot;:&quot;0&quot;,&quot;title&quot;:&quot;&quot;,&quot;orientation&quot;:&quot;0&quot;}\" data-image-title=\"Cifra violencia 1\" data-image-description=\"\" data-image-caption=\"\" data-medium-file=\"https:\/\/www.grieta.org.mx\/wp-content\/uploads\/2018\/05\/Cifra-violencia-1-300x169.jpg\" data-large-file=\"https:\/\/www.grieta.org.mx\/wp-content\/uploads\/2018\/05\/Cifra-violencia-1-1024x577.jpg\" src=\"http:\/\/www.grieta.org.mx\/wp-content\/uploads\/2018\/05\/Cifra-violencia-1-300x169.jpg\" alt=\"\" width=\"300\" height=\"169\" class=\"aligncenter size-medium wp-image-24669\" srcset=\"https:\/\/www.grieta.org.mx\/wp-content\/uploads\/2018\/05\/Cifra-violencia-1-300x169.jpg 300w, https:\/\/www.grieta.org.mx\/wp-content\/uploads\/2018\/05\/Cifra-violencia-1-768x433.jpg 768w, https:\/\/www.grieta.org.mx\/wp-content\/uploads\/2018\/05\/Cifra-violencia-1-1024x577.jpg 1024w, https:\/\/www.grieta.org.mx\/wp-content\/uploads\/2018\/05\/Cifra-violencia-1-887x500.jpg 887w, https:\/\/www.grieta.org.mx\/wp-content\/uploads\/2018\/05\/Cifra-violencia-1.jpg 1144w\" sizes=\"auto, (max-width: 300px) 100vw, 300px\" \/><\/p>\n<p>Quienes desde la sociedad civil organizada trabajan para la prevenci\u00f3n del abuso sexual infantil s\u00f3lo advierten de las autoridades opacidad e inoperancia, tanto en la investigaci\u00f3n como en la impartici\u00f3n de justicia.<\/p>\n<p>\u201cLa familia ofendida tiene que insistir, dar muchas vueltas y andar detr\u00e1s del Ministerior P\u00fablico cuando es su derecho acceder a la justicia\u201d, lament\u00f3 Zoila R\u00edos Coca, integrante fundadora de la Cl\u00ednica de Atenci\u00f3n Psicol\u00f3gica y Terapias Alternativas (CAPTA) que otorga acompa\u00f1amiento a infantes y adolescentes que enfrentan alguna agresi\u00f3n sexual.<\/p>\n<p>Que la familia de un menor de edad tenga que recorrer un camino plagado de obst\u00e1culos institucional en donde la exigencia es el \u00fanico mecanismo para presionar a las autoridades, es un reflejo claro de lo mal que operan las instituciones: \u201cnadie tendr\u00eda que exigir a las autoridades que se sancione un abuso sexual\u201d, dijo<\/p>\n<p>Sin negar que existen algunos casos que se sancionan con severidad, pero son los menos, hizo notar que en el trayecto de la integraci\u00f3n de la carpeta de investigaci\u00f3n a que se dicta sentencia, el delito sexual puede reclasificarse, atenuarse o hasta desaparecer.<\/p>\n<p>\u201cLo peor que hemos visto que ha pasado es que de violaci\u00f3n sexual se reclasifica a violaci\u00f3n equiparada o a estupro o simplemente se niega que exista un delito sexual\u201d, una actitud que prevalece por igual en casos de menores de 18 a\u00f1os como en personas adultas.<\/p>\n<p>R\u00edos Coca se dijo impedida para comparar si los delitos se han incrementado o cu\u00e1ntos permanecen en la impunidad, porque las instituciones se niegan a publicar la informaci\u00f3n.<\/p>\n<p>Ella misma a inicios del pasado mes de septiembre acudi\u00f3 a la Fiscal\u00eda General de Justicia a solicitar informaci\u00f3n sobre los delitos sexuales, pero esta petici\u00f3n deb\u00eda ser autorizada por su titular Rub\u00e9n Vasconcelos M\u00e9ndez. \u201cQuedaron de llamarme y no lo han hecho\u201d, reproch\u00f3.<\/p>\n<p>Esa actitud opaca le permite asegurar que el personal de la Fiscal\u00eda es omiso al negarse a proporcionar datos estad\u00edsticos bajo el argumento que son confidenciales, cuando ella les expres\u00f3 que s\u00f3lo requer\u00eda totales, ni siquiera desagregados por sexo.<\/p>\n<p>Otra opci\u00f3n fue solicitar a trav\u00e9s del portal de transparencia informaci\u00f3n del n\u00famero de casos, \u201cme mand\u00f3 directo al Tribunal Superior de Justicia del Estado\u201d, le contestaron que a m\u00e1s tardar el 19 de abril le iban a remitir por correo la informaci\u00f3n, lo cual tampoco ha ocurrido.<\/p>\n<p>En la Fiscal\u00eda Especializada para la Atenci\u00f3n de Delitos de G\u00e9nero contra las Mujeres tuvo una mejor respuesta, aunque limitada, pues s\u00f3lo le proporcionaron las cifras estad\u00edsticas de este a\u00f1o en el caso de abuso sexual.<\/p>\n<p>\u201cNo muestran todo el universo de cifras, el abuso sexual infantil s\u00f3lo habla de tocamientos, masturbaci\u00f3n y otros actos sin llegar a la violaci\u00f3n sexual que es un delito todav\u00eda m\u00e1s grave y preocupante\u201d, asever\u00f3.<\/p>\n<p><a href=\"https:\/\/www.nvinoticias.com\/nota\/92769\/ocultan-cifras-de-abuso-sexual-infantil-en-oaxaca\" rel=\"noopener\" target=\"_blank\">https:\/\/www.nvinoticias.com\/nota\/92769\/ocultan-cifras-de-abuso-sexual-infantil-en-oaxaca<\/a><\/p>\n","protected":false},"excerpt":{"rendered":"<p>Noticias. Nadia Altamirano, Inoperancia en investigaciones Quienes desde la sociedad civil organizada trabajan para la prevenci\u00f3n del abuso sexual infantil s\u00f3lo advierten de las autoridades opacidad e inoperancia, tanto en &hellip; <a href=\"https:\/\/www.grieta.org.mx\/index.php\/2018\/05\/19\/ocultan-cifras-de-abuso-sexual-infantil-en-oaxaca\/\" class=\"more-link\">Leer m\u00e1s<\/a><\/p>\n","protected":false},"author":2,"featured_media":24669,"comment_status":"closed","ping_status":"closed","sticky":false,"template":"","format":"standard","meta":{"ngg_post_thumbnail":0,"_jetpack_newsletter_access":"","_jetpack_dont_email_post_to_subs":false,"_jetpack_newsletter_tier_id":0,"_jetpack_memberships_contains_paywalled_content":false,"_jetpack_memberships_contains_paid_content":false,"footnotes":""},"categories":[80,1477,2,25],"tags":[],"class_list":["post-24566","post","type-post","status-publish","format-standard","has-post-thumbnail","hentry","category-cintillo","category-la-ninez-en-la-tormenta-en-oaxaca","category-noticias-nacionales","category-oaxaca","entry"],"jetpack_featured_media_url":"https:\/\/www.grieta.org.mx\/wp-content\/uploads\/2018\/05\/Cifra-violencia-1.jpg","jetpack_sharing_enabled":true,"jetpack_shortlink":"https:\/\/wp.me\/p7ZJR4-6oe","jetpack_likes_enabled":false,"jetpack-related-posts":[{"id":47231,"url":"https:\/\/www.grieta.org.mx\/index.php\/2020\/03\/28\/vinculan-a-proceso-a-profesor-por-abuso-sexual-de-dos-ninas-de-4-anos-en-oaxaca\/","url_meta":{"origin":24566,"position":0},"title":"Vinculan a proceso a profesor por abuso sexual de dos ni\u00f1as de 4 a\u00f1os en Oaxaca","author":"grieta","date":"28 marzo, 2020","format":false,"excerpt":"Proceso \/ Pedro Mat\u00edas. OAXACA, Oax.\u2013 El Juez de Control dict\u00f3 auto de vinculaci\u00f3n a proceso contra el maestro, Owen G. A., acusado de violaci\u00f3n equiparada agravada y abuso sexual infantil contra dos ni\u00f1as de 4 a\u00f1os de edad, confirm\u00f3 la Fiscal\u00eda General de Oaxaca (FGEO). Los hechos ocurrieron en\u2026","rel":"","context":"En &quot;CINTILLO&quot;","block_context":{"text":"CINTILLO","link":"https:\/\/www.grieta.org.mx\/index.php\/category\/cintillo\/"},"img":{"alt_text":"","src":"https:\/\/i0.wp.com\/www.grieta.org.mx\/wp-content\/uploads\/2020\/04\/Estados1.jpg?resize=350%2C200&ssl=1","width":350,"height":200,"srcset":"https:\/\/i0.wp.com\/www.grieta.org.mx\/wp-content\/uploads\/2020\/04\/Estados1.jpg?resize=350%2C200&ssl=1 1x, https:\/\/i0.wp.com\/www.grieta.org.mx\/wp-content\/uploads\/2020\/04\/Estados1.jpg?resize=525%2C300&ssl=1 1.5x, https:\/\/i0.wp.com\/www.grieta.org.mx\/wp-content\/uploads\/2020\/04\/Estados1.jpg?resize=700%2C400&ssl=1 2x"},"classes":[]},{"id":4598,"url":"https:\/\/www.grieta.org.mx\/index.php\/2015\/11\/05\/habitantes-del-istmo-y-trabajadores-de-salud-protestan-por-abuso-sexual-a-joven-medica\/","url_meta":{"origin":24566,"position":1},"title":"Habitantes del Istmo y trabajadores de salud protestan por abuso sexual a joven m\u00e9dica","author":"grieta","date":"5 noviembre, 2015","format":false,"excerpt":"05\/11\/15. Detienen a dos implicados en la violaci\u00f3n tumultuaria de pasante de Medicina en el Istmo de Tehuantepec P\u00e1gina 3 29\/10\/15. Marchan m\u00e1s de mil trabajadores de salud en Comitancillo Istmo Press 27\/10\/15. Paran labores trabajadores del Sector Salud en el Istmo, exigen justicia por m\u00e9dica que sufri\u00f3 abuso sexual\u2026","rel":"","context":"En &quot;NOTICIAS NACIONALES&quot;","block_context":{"text":"NOTICIAS NACIONALES","link":"https:\/\/www.grieta.org.mx\/index.php\/category\/noticias-nacionales\/"},"img":{"alt_text":"","src":"https:\/\/i0.wp.com\/www.grieta.org.mx\/wp-content\/uploads\/2018\/03\/14524434_1106112876131411_958039263622046936_o.jpg?resize=350%2C200&ssl=1","width":350,"height":200,"srcset":"https:\/\/i0.wp.com\/www.grieta.org.mx\/wp-content\/uploads\/2018\/03\/14524434_1106112876131411_958039263622046936_o.jpg?resize=350%2C200&ssl=1 1x, https:\/\/i0.wp.com\/www.grieta.org.mx\/wp-content\/uploads\/2018\/03\/14524434_1106112876131411_958039263622046936_o.jpg?resize=525%2C300&ssl=1 1.5x, https:\/\/i0.wp.com\/www.grieta.org.mx\/wp-content\/uploads\/2018\/03\/14524434_1106112876131411_958039263622046936_o.jpg?resize=700%2C400&ssl=1 2x"},"classes":[]},{"id":28520,"url":"https:\/\/www.grieta.org.mx\/index.php\/2019\/01\/09\/en-veracruz-se-expande-el-abuso-sexual-infantil-afirma-colectivo\/","url_meta":{"origin":24566,"position":2},"title":"En Veracruz se expande el abuso sexual infantil, afirma Colectivo","author":"grieta","date":"9 enero, 2019","format":false,"excerpt":"Raymundo Le\u00f3n \/ Diario de Jalapa Xalapa, Ver.- Las estad\u00edsticas de abuso sexual infantil indican que Veracruz es uno de los estados m\u00e1s violentos con las mayores tasas de feminicidios y violencia contra la mujer, pero que ahora comienza a expandirse gravemente a los ni\u00f1os y ni\u00f1as veracruzanos, informa el\u2026","rel":"","context":"En &quot;La ni\u00f1ez en la tormenta capitalista&quot;","block_context":{"text":"La ni\u00f1ez en la tormenta capitalista","link":"https:\/\/www.grieta.org.mx\/index.php\/category\/temas-nacionales\/la-ninez-en-la-tormenta-capitalista\/"},"img":{"alt_text":"","src":"https:\/\/i0.wp.com\/www.grieta.org.mx\/wp-content\/uploads\/2019\/01\/ni%C3%B1o-violacion.jpg?resize=350%2C200&ssl=1","width":350,"height":200,"srcset":"https:\/\/i0.wp.com\/www.grieta.org.mx\/wp-content\/uploads\/2019\/01\/ni%C3%B1o-violacion.jpg?resize=350%2C200&ssl=1 1x, https:\/\/i0.wp.com\/www.grieta.org.mx\/wp-content\/uploads\/2019\/01\/ni%C3%B1o-violacion.jpg?resize=525%2C300&ssl=1 1.5x, https:\/\/i0.wp.com\/www.grieta.org.mx\/wp-content\/uploads\/2019\/01\/ni%C3%B1o-violacion.jpg?resize=700%2C400&ssl=1 2x"},"classes":[]},{"id":31192,"url":"https:\/\/www.grieta.org.mx\/index.php\/2019\/03\/18\/luchan-contra-el-abuso-sexual-infantil-oaxaca\/","url_meta":{"origin":24566,"position":3},"title":"Luchan contra el abuso sexual infantil (Oaxaca)","author":"grieta","date":"18 marzo, 2019","format":false,"excerpt":"Noticias. Carina P\u00e9rez, La titular de la Prodennao hace un llamado a la sociedad; recuerda que los ni\u00f1os son sujetos de derechos y hay que velar por su protecci\u00f3n: \"Rompe el silencio, no su infancia\" es el lema de la campa\u00f1a contra el maltrato infantil. Mar\u00eda Cristina Susana P\u00e9rez Guerrero\u2026","rel":"","context":"En &quot;CINTILLO&quot;","block_context":{"text":"CINTILLO","link":"https:\/\/www.grieta.org.mx\/index.php\/category\/cintillo\/"},"img":{"alt_text":"","src":"https:\/\/i0.wp.com\/www.grieta.org.mx\/wp-content\/uploads\/2019\/03\/image_40_298.jpg?resize=350%2C200&ssl=1","width":350,"height":200,"srcset":"https:\/\/i0.wp.com\/www.grieta.org.mx\/wp-content\/uploads\/2019\/03\/image_40_298.jpg?resize=350%2C200&ssl=1 1x, https:\/\/i0.wp.com\/www.grieta.org.mx\/wp-content\/uploads\/2019\/03\/image_40_298.jpg?resize=525%2C300&ssl=1 1.5x, https:\/\/i0.wp.com\/www.grieta.org.mx\/wp-content\/uploads\/2019\/03\/image_40_298.jpg?resize=700%2C400&ssl=1 2x, https:\/\/i0.wp.com\/www.grieta.org.mx\/wp-content\/uploads\/2019\/03\/image_40_298.jpg?resize=1050%2C600&ssl=1 3x"},"classes":[]},{"id":4600,"url":"https:\/\/www.grieta.org.mx\/index.php\/2015\/10\/27\/paran-labores-trabajadores-del-sector-salud-en-el-istmo-exigen-justicia-por-medica-que-sufrio-abuso-sexual-y-fisico\/","url_meta":{"origin":24566,"position":4},"title":"Paran labores trabajadores del Sector Salud en el Istmo, exigen justicia por m\u00e9dica que sufri\u00f3 abuso sexual y f\u00edsico","author":"grieta","date":"27 octubre, 2015","format":false,"excerpt":"Diana Manzo, Oaxaca JUCHIT\u00c1N, OAX.- Trabajadores sindicalizados de los Servicios de Salud de Oaxaca adscritos al Sindicato Nacional de Trabajadores de la Salud (SNTS) secci\u00f3n 35 \u201cRegi\u00f3n Istmo\u201d, pararon labores en los siete hospitales y 143 centros de salud del Istmo de Tehuantepec para exigir a las autoridades de justicia\u2026","rel":"","context":"En &quot;CINTILLO&quot;","block_context":{"text":"CINTILLO","link":"https:\/\/www.grieta.org.mx\/index.php\/category\/cintillo\/"},"img":{"alt_text":"","src":"https:\/\/i0.wp.com\/www.grieta.org.mx\/wp-content\/uploads\/2018\/03\/14524434_1106112876131411_958039263622046936_o.jpg?resize=350%2C200&ssl=1","width":350,"height":200,"srcset":"https:\/\/i0.wp.com\/www.grieta.org.mx\/wp-content\/uploads\/2018\/03\/14524434_1106112876131411_958039263622046936_o.jpg?resize=350%2C200&ssl=1 1x, https:\/\/i0.wp.com\/www.grieta.org.mx\/wp-content\/uploads\/2018\/03\/14524434_1106112876131411_958039263622046936_o.jpg?resize=525%2C300&ssl=1 1.5x, https:\/\/i0.wp.com\/www.grieta.org.mx\/wp-content\/uploads\/2018\/03\/14524434_1106112876131411_958039263622046936_o.jpg?resize=700%2C400&ssl=1 2x"},"classes":[]},{"id":59708,"url":"https:\/\/www.grieta.org.mx\/index.php\/2021\/06\/01\/en-colima-tambien-existen-casos-de-abuso-sexual-infantil-en-las-escuelas\/","url_meta":{"origin":24566,"position":5},"title":"En Colima tambi\u00e9n existen casos de abuso sexual infantil en las escuelas","author":"grieta","date":"1 junio, 2021","format":false,"excerpt":"Imagen: Diario Avanzada Heidi de Le\u00f3n Guti\u00e9rrez \/ Diario Avanzada Colima, M\u00e9xico, Avanzada (01\/06\/2021).- La Oficina de Defensor\u00eda de los Derechos de la Infancia (ODI) revel\u00f3 que en 18 planteles escolares de siete estados del pa\u00eds existen patrones similares para abusar sexualmente de los menores de edad, y aunque en\u2026","rel":"","context":"En &quot;CINTILLO&quot;","block_context":{"text":"CINTILLO","link":"https:\/\/www.grieta.org.mx\/index.php\/category\/cintillo\/"},"img":{"alt_text":"","src":"https:\/\/i0.wp.com\/www.grieta.org.mx\/wp-content\/uploads\/2021\/06\/explotacio%CC%81n-1.png?resize=350%2C200&ssl=1","width":350,"height":200,"srcset":"https:\/\/i0.wp.com\/www.grieta.org.mx\/wp-content\/uploads\/2021\/06\/explotacio%CC%81n-1.png?resize=350%2C200&ssl=1 1x, https:\/\/i0.wp.com\/www.grieta.org.mx\/wp-content\/uploads\/2021\/06\/explotacio%CC%81n-1.png?resize=525%2C300&ssl=1 1.5x"},"classes":[]}],"_links":{"self":[{"href":"https:\/\/www.grieta.org.mx\/index.php\/wp-json\/wp\/v2\/posts\/24566","targetHints":{"allow":["GET"]}}],"collection":[{"href":"https:\/\/www.grieta.org.mx\/index.php\/wp-json\/wp\/v2\/posts"}],"about":[{"href":"https:\/\/www.grieta.org.mx\/index.php\/wp-json\/wp\/v2\/types\/post"}],"author":[{"embeddable":true,"href":"https:\/\/www.grieta.org.mx\/index.php\/wp-json\/wp\/v2\/users\/2"}],"replies":[{"embeddable":true,"href":"https:\/\/www.grieta.org.mx\/index.php\/wp-json\/wp\/v2\/comments?post=24566"}],"version-history":[{"count":1,"href":"https:\/\/www.grieta.org.mx\/index.php\/wp-json\/wp\/v2\/posts\/24566\/revisions"}],"predecessor-version":[{"id":24670,"href":"https:\/\/www.grieta.org.mx\/index.php\/wp-json\/wp\/v2\/posts\/24566\/revisions\/24670"}],"wp:featuredmedia":[{"embeddable":true,"href":"https:\/\/www.grieta.org.mx\/index.php\/wp-json\/wp\/v2\/media\/24669"}],"wp:attachment":[{"href":"https:\/\/www.grieta.org.mx\/index.php\/wp-json\/wp\/v2\/media?parent=24566"}],"wp:term":[{"taxonomy":"category","embeddable":true,"href":"https:\/\/www.grieta.org.mx\/index.php\/wp-json\/wp\/v2\/categories?post=24566"},{"taxonomy":"post_tag","embeddable":true,"href":"https:\/\/www.grieta.org.mx\/index.php\/wp-json\/wp\/v2\/tags?post=24566"}],"curies":[{"name":"wp","href":"https:\/\/api.w.org\/{rel}","templated":true}]}}