{"id":24531,"date":"2018-07-12T01:52:45","date_gmt":"2018-07-12T06:52:45","guid":{"rendered":"http:\/\/www.grieta.org.mx\/?p=24531"},"modified":"2018-07-12T01:55:39","modified_gmt":"2018-07-12T06:55:39","slug":"apoyaria-felipe-construccion-de-metrocable-nuevo-leon","status":"publish","type":"post","link":"https:\/\/www.grieta.org.mx\/index.php\/2018\/07\/12\/apoyaria-felipe-construccion-de-metrocable-nuevo-leon\/","title":{"rendered":"Apoyar\u00eda Felipe construcci\u00f3n de Metrocable (Nuevo Le\u00f3n)"},"content":{"rendered":"<p><img decoding=\"async\" data-attachment-id=\"24532\" data-permalink=\"https:\/\/www.grieta.org.mx\/index.php\/2018\/07\/12\/apoyaria-felipe-construccion-de-metrocable-nuevo-leon\/apoyaria-felipe-construccion-de-metrocable\/\" data-orig-file=\"https:\/\/www.grieta.org.mx\/wp-content\/uploads\/2018\/07\/Apoyar\u00eda-Felipe-construcci\u00f3n-de-Metrocable.jpeg\" data-orig-size=\"1280,853\" data-comments-opened=\"0\" data-image-meta=\"{&quot;aperture&quot;:&quot;0&quot;,&quot;credit&quot;:&quot;&quot;,&quot;camera&quot;:&quot;&quot;,&quot;caption&quot;:&quot;&quot;,&quot;created_timestamp&quot;:&quot;0&quot;,&quot;copyright&quot;:&quot;&quot;,&quot;focal_length&quot;:&quot;0&quot;,&quot;iso&quot;:&quot;0&quot;,&quot;shutter_speed&quot;:&quot;0&quot;,&quot;title&quot;:&quot;&quot;,&quot;orientation&quot;:&quot;0&quot;}\" data-image-title=\"Apoyar\u00eda Felipe construcci\u00f3n de Metrocable\" data-image-description=\"\" data-image-caption=\"\" data-medium-file=\"https:\/\/www.grieta.org.mx\/wp-content\/uploads\/2018\/07\/Apoyar\u00eda-Felipe-construcci\u00f3n-de-Metrocable-300x200.jpeg\" data-large-file=\"https:\/\/www.grieta.org.mx\/wp-content\/uploads\/2018\/07\/Apoyar\u00eda-Felipe-construcci\u00f3n-de-Metrocable-1024x682.jpeg\" src=\"http:\/\/www.grieta.org.mx\/wp-content\/uploads\/2018\/07\/Apoyar\u00eda-Felipe-construcci\u00f3n-de-Metrocable-1024x682.jpeg\" alt=\"\" width=\"100%\" class=\"aligncenter size-large wp-image-24532\" srcset=\"https:\/\/www.grieta.org.mx\/wp-content\/uploads\/2018\/07\/Apoyar\u00eda-Felipe-construcci\u00f3n-de-Metrocable-1024x682.jpeg 1024w, https:\/\/www.grieta.org.mx\/wp-content\/uploads\/2018\/07\/Apoyar\u00eda-Felipe-construcci\u00f3n-de-Metrocable-300x200.jpeg 300w, https:\/\/www.grieta.org.mx\/wp-content\/uploads\/2018\/07\/Apoyar\u00eda-Felipe-construcci\u00f3n-de-Metrocable-768x512.jpeg 768w, https:\/\/www.grieta.org.mx\/wp-content\/uploads\/2018\/07\/Apoyar\u00eda-Felipe-construcci\u00f3n-de-Metrocable-750x500.jpeg 750w, https:\/\/www.grieta.org.mx\/wp-content\/uploads\/2018\/07\/Apoyar\u00eda-Felipe-construcci\u00f3n-de-Metrocable.jpeg 1280w\" sizes=\"(max-width: 1024px) 100vw, 1024px\" \/><\/p>\n<p>Gabriela Jim\u00e9nez \/ Milenio<\/p>\n<blockquote><p>Por su parte, la Junta de Vecinos de la colonia Independencia consideran que es una obra ecocida y que causar\u00eda el desplazamiento de los habitantes de la zona.<\/p><\/blockquote>\n<p>Felipe de Jes\u00fas Cant\u00fa, virtual alcalde electo de Monterrey, apoyar\u00eda la construcci\u00f3n del Metrocable en la zona de la Independencia en caso de que se compruebe su factibilidad.  <\/p>\n<p>En entrevista, el panista se\u00f1al\u00f3 que a\u00fan no conoce a detalle el proyecto, sin embargo, consider\u00f3 que es una buena idea que hay que estudiar y explorar, al ser un medio alternativo de transporte p\u00fablico. <\/p>\n<p>&#8220;No conozco el detalle del proyecto, habr\u00eda que verlo, pero la ventaja de un Metrocable es que son canastillas colgantes, entonces se ponen unas pocas torres, el equivalente a lo que son las torres de alta tensi\u00f3n de cableado, as\u00ed que no necesariamente tendr\u00eda una afectaci\u00f3n importante&#8221;, mencion\u00f3.<\/p>\n<p>En su opini\u00f3n, la realizaci\u00f3n de la obra no deber\u00eda implicar el desplazamiento de los vecinos que habitan en el cerro de la Loma Larga, por lo cual se dijo dispuesto a estudiar la posibilidad de que se concrete.<\/p>\n<p>&#8220;El alcalde Mauricio Fern\u00e1ndez me hizo el favor de comentarme del proyecto, que implica que haya al menos una estaci\u00f3n en la zona alta de la colonia Independencia, en la Loma Larga, lo cual me parece muy interesante, muy atractivo.<\/p>\n<p>&#8220;Es un medio de transporte que ha sido exitoso en otras ciudades, me gustar\u00eda conocerlo m\u00e1s para poder impulsarlo en caso de que sea factible materialmente. Me pareci\u00f3 una idea novedosa, interesante, yo creo que hay que explorarla, y en su caso, apoyarla&#8221;, expuso Cant\u00fa.<\/p>\n<p><strong>Vecinos de la &#8216;Indepe&#8217; lo rechazan<\/strong>  <\/p>\n<p>La Junta de Vecinos de la colonia Independencia rechaz\u00f3 tajantemente la construcci\u00f3n de un Metrocable en el cerro de la Loma Larga, al considerarla una obra ecocida y que causar\u00eda el desplazamiento de los habitantes de la zona. <\/p>\n<p>La postura del barrio es la misma que tienen respecto a la realizaci\u00f3n de la interconexi\u00f3n vial Macroplaza-Valle Oriente o del Memorial de la Misericordia, advirti\u00f3 Erika Charles, representante de la agrupaci\u00f3n, quien adem\u00e1s apunt\u00f3 que todos los proyectos, relacionados entre s\u00ed, tienen un fin invasivo. <\/p>\n<p>En ese sentido, se\u00f1al\u00f3 que no permitir\u00e1n que los vecinos sean removidos de sus viviendas, por lo que adem\u00e1s de los juicios de amparo promovidos, alistan quejas por violaciones a derechos humanos ante instancias internacionales. <\/p>\n<p>&#8220;Ya estamos hablando con instituciones internacionales porque esto no va a parar aqu\u00ed. Nosotros tenemos eso como consigna, tenemos reuniones (&#8230;); en nuestros planes no est\u00e1 movernos&#8221;, sostuvo sin dar m\u00e1s detalles.<\/p>\n<p>Charles aclar\u00f3 que tampoco est\u00e1n dispuestos a que la construcci\u00f3n de las tres obras se someta a consulta, pues la posici\u00f3n de los vecinos ha sido clara y contundente, a\u00fan y cuando el municipio de San Pedro Garza Garc\u00eda anunci\u00f3 que buscar\u00e1 recursos federales para iniciar el Metrocable. <\/p>\n<p>&#8220;No vamos a permitir que haya desplazados, no vamos a permitir que hagan proyectos invasivos de esa naturaleza, porque aunque hagan el Metrocable necesariamente tienen que intervenir el cerro de esa manera. Ahora nos est\u00e1n vendiendo la idea de que les hagan consulta, pero \u00bfpara qu\u00e9? <\/p>\n<p>&#8220;Ellos est\u00e1n buscando que esto se haga como lo que sucedi\u00f3 con el estadio, que de manera legal hagan un proyecto ecocida&#8221;, declar\u00f3. La representante de los vecinos resalt\u00f3 que s\u00ed conocen los tres proyectos y su negativa a estos es consciente e informada.<\/p>\n<p><a href=\"http:\/\/www.milenio.com\/politica\/apoyaria-felipe-construccion-de-metrocable\" rel=\"noopener\" target=\"_blank\">http:\/\/www.milenio.com\/politica\/apoyaria-felipe-construccion-de-metrocable<\/a><\/p>\n","protected":false},"excerpt":{"rendered":"<p>Gabriela Jim\u00e9nez \/ Milenio Por su parte, la Junta de Vecinos de la colonia Independencia consideran que es una obra ecocida y que causar\u00eda el desplazamiento de los habitantes de &hellip; <a href=\"https:\/\/www.grieta.org.mx\/index.php\/2018\/07\/12\/apoyaria-felipe-construccion-de-metrocable-nuevo-leon\/\" class=\"more-link\">Leer m\u00e1s<\/a><\/p>\n","protected":false},"author":2,"featured_media":24532,"comment_status":"closed","ping_status":"closed","sticky":false,"template":"","format":"standard","meta":{"ngg_post_thumbnail":0,"_jetpack_newsletter_access":"","_jetpack_dont_email_post_to_subs":false,"_jetpack_newsletter_tier_id":0,"_jetpack_memberships_contains_paywalled_content":false,"_jetpack_memberships_contains_paid_content":false,"footnotes":""},"categories":[80,922,1469,940,2,24],"tags":[1476,232,223,1473,1471,1472,364,1474,1475],"class_list":["post-24531","post","type-post","status-publish","format-standard","has-post-thumbnail","hentry","category-cintillo","category-megaproyectos-estados","category-movilizaciones-contra-megaproyectos-en-nuevo-leon","category-mp-nuevo-leon","category-noticias-nacionales","category-nuevo-leon","tag-colonia-independencia","tag-desplazados","tag-ecocidio","tag-interconexion-vial","tag-macroplaza","tag-metrocable","tag-monterr","tag-valle-oriente","tag-vecinos","entry"],"jetpack_featured_media_url":"https:\/\/www.grieta.org.mx\/wp-content\/uploads\/2018\/07\/Apoyar\u00eda-Felipe-construcci\u00f3n-de-Metrocable.jpeg","jetpack_sharing_enabled":true,"jetpack_shortlink":"https:\/\/wp.me\/p7ZJR4-6nF","jetpack_likes_enabled":false,"jetpack-related-posts":[{"id":24527,"url":"https:\/\/www.grieta.org.mx\/index.php\/2018\/07\/12\/denuncian-proyectos-urbanos-en-monterrey-que-impedirian-memorial-de-la-misericordia-nuevo-leon\/","url_meta":{"origin":24531,"position":0},"title":"Denuncian proyectos urbanos en Monterrey que impedir\u00edan \u201cMemorial de la Misericordia\u201d (Nuevo Le\u00f3n)","author":"grieta","date":"12 julio, 2018","format":false,"excerpt":"David Carrizales \/ El Universal Los manifestantes expusieron que ambos megaproyectos son invasivos y traer\u00e1n destrucci\u00f3n ecol\u00f3gica, as\u00ed como la privatizaci\u00f3n del cerro de la Loma Larga donde se pretende colocar la cruz m\u00e1s alta del mundo Unos 150 vecinos de la colonia Independencia, investigadores y acad\u00e9micos solidarios, realizaron una\u2026","rel":"","context":"En &quot;CINTILLO&quot;","block_context":{"text":"CINTILLO","link":"https:\/\/www.grieta.org.mx\/index.php\/category\/cintillo\/"},"img":{"alt_text":"","src":"https:\/\/i0.wp.com\/www.grieta.org.mx\/wp-content\/uploads\/2018\/07\/Denuncian-proyectos-urbanos-en-Monterrey-que-impedir%C3%ADan-Memorial-de-la-misericordia.jpg?resize=350%2C200&ssl=1","width":350,"height":200,"srcset":"https:\/\/i0.wp.com\/www.grieta.org.mx\/wp-content\/uploads\/2018\/07\/Denuncian-proyectos-urbanos-en-Monterrey-que-impedir%C3%ADan-Memorial-de-la-misericordia.jpg?resize=350%2C200&ssl=1 1x, https:\/\/i0.wp.com\/www.grieta.org.mx\/wp-content\/uploads\/2018\/07\/Denuncian-proyectos-urbanos-en-Monterrey-que-impedir%C3%ADan-Memorial-de-la-misericordia.jpg?resize=525%2C300&ssl=1 1.5x"},"classes":[]},{"id":24524,"url":"https:\/\/www.grieta.org.mx\/index.php\/2018\/07\/12\/conectaran-macro-vo-en-2019-con-145-predios-nuevo-leon\/","url_meta":{"origin":24531,"position":1},"title":"Conectar\u00e1n Macro-VO en 2019 con 145 predios (Nuevo Le\u00f3n)","author":"grieta","date":"12 julio, 2018","format":false,"excerpt":"Eduardo Mendieta S\u00e1nchez \/ Milenio El desarrollo vial, peatonal y cultural ascender\u00e1 a un monto de 2 mil 500 mdp. Adem\u00e1s, se contempla una plazoleta con estacionamiento acompa\u00f1ado con una v\u00eda peatonal para llegar hasta la Bas\u00edlica de Guadalupe y unos departamentos. Tras anunciar que arrancar\u00e1n a m\u00e1s tardar a\u2026","rel":"","context":"En &quot;CINTILLO&quot;","block_context":{"text":"CINTILLO","link":"https:\/\/www.grieta.org.mx\/index.php\/category\/cintillo\/"},"img":{"alt_text":"","src":"https:\/\/i0.wp.com\/www.grieta.org.mx\/wp-content\/uploads\/2018\/07\/Conectar%C3%A1n-Macro-VO-en-2019-con-145-predios.jpeg?resize=350%2C200&ssl=1","width":350,"height":200,"srcset":"https:\/\/i0.wp.com\/www.grieta.org.mx\/wp-content\/uploads\/2018\/07\/Conectar%C3%A1n-Macro-VO-en-2019-con-145-predios.jpeg?resize=350%2C200&ssl=1 1x, https:\/\/i0.wp.com\/www.grieta.org.mx\/wp-content\/uploads\/2018\/07\/Conectar%C3%A1n-Macro-VO-en-2019-con-145-predios.jpeg?resize=525%2C300&ssl=1 1.5x, https:\/\/i0.wp.com\/www.grieta.org.mx\/wp-content\/uploads\/2018\/07\/Conectar%C3%A1n-Macro-VO-en-2019-con-145-predios.jpeg?resize=700%2C400&ssl=1 2x, https:\/\/i0.wp.com\/www.grieta.org.mx\/wp-content\/uploads\/2018\/07\/Conectar%C3%A1n-Macro-VO-en-2019-con-145-predios.jpeg?resize=1050%2C600&ssl=1 3x"},"classes":[]},{"id":5132,"url":"https:\/\/www.grieta.org.mx\/index.php\/2016\/02\/13\/protestas-contra-desarrollos-inmobiliarios-en-monterrey\/","url_meta":{"origin":24531,"position":2},"title":"Protestas contra desarrollos inmobiliarios en Monterrey","author":"grieta","date":"13 febrero, 2016","format":false,"excerpt":"13\/02\/16. Vecinos bloquean construcci\u00f3n en San PedroMilenio","rel":"","context":"En &quot;NOTICIAS NACIONALES&quot;","block_context":{"text":"NOTICIAS NACIONALES","link":"https:\/\/www.grieta.org.mx\/index.php\/category\/noticias-nacionales\/"},"img":{"alt_text":"","src":"https:\/\/i0.wp.com\/www.grieta.org.mx\/wp-content\/uploads\/2018\/03\/14524434_1106112876131411_958039263622046936_o.jpg?resize=350%2C200&ssl=1","width":350,"height":200,"srcset":"https:\/\/i0.wp.com\/www.grieta.org.mx\/wp-content\/uploads\/2018\/03\/14524434_1106112876131411_958039263622046936_o.jpg?resize=350%2C200&ssl=1 1x, https:\/\/i0.wp.com\/www.grieta.org.mx\/wp-content\/uploads\/2018\/03\/14524434_1106112876131411_958039263622046936_o.jpg?resize=525%2C300&ssl=1 1.5x, https:\/\/i0.wp.com\/www.grieta.org.mx\/wp-content\/uploads\/2018\/03\/14524434_1106112876131411_958039263622046936_o.jpg?resize=700%2C400&ssl=1 2x"},"classes":[]},{"id":30901,"url":"https:\/\/www.grieta.org.mx\/index.php\/2019\/03\/10\/reportan-ataque-armado-contra-periodistas-en-monterrey-nuevo-leon\/","url_meta":{"origin":24531,"position":3},"title":"Reportan ataque armado contra periodistas en Monterrey (Nuevo Le\u00f3n)","author":"grieta","date":"10 marzo, 2019","format":false,"excerpt":"SDP Noticias El veh\u00edculo en el que se transportaban los reporteros presenta varios impactos de bala. M\u00e9xico.- Un ataque a balazos en contra de dos periodistas se registr\u00f3 este domingo en la ciudad de Monterrey, Nuevo Le\u00f3n. Seg\u00fan report\u00f3 el reportero V\u00edctor Badillo, los hechos sucedieron en la colonia Arturo\u2026","rel":"","context":"En &quot;CINTILLO&quot;","block_context":{"text":"CINTILLO","link":"https:\/\/www.grieta.org.mx\/index.php\/category\/cintillo\/"},"img":{"alt_text":"","src":"https:\/\/i0.wp.com\/www.grieta.org.mx\/wp-content\/uploads\/2019\/03\/Reportan-ataque-armado-contra-periodistas-en-Monterrey-nl-mazo.jpg?resize=350%2C200&ssl=1","width":350,"height":200,"srcset":"https:\/\/i0.wp.com\/www.grieta.org.mx\/wp-content\/uploads\/2019\/03\/Reportan-ataque-armado-contra-periodistas-en-Monterrey-nl-mazo.jpg?resize=350%2C200&ssl=1 1x, https:\/\/i0.wp.com\/www.grieta.org.mx\/wp-content\/uploads\/2019\/03\/Reportan-ataque-armado-contra-periodistas-en-Monterrey-nl-mazo.jpg?resize=525%2C300&ssl=1 1.5x"},"classes":[]},{"id":52957,"url":"https:\/\/www.grieta.org.mx\/index.php\/2020\/09\/01\/denuncian-construccion-de-carretera-sin-permiso-en-el-lecho-del-rio-santa-catarina-nuevo-leon\/","url_meta":{"origin":24531,"position":4},"title":"Denuncian construcci\u00f3n de carretera sin permiso en el lecho del r\u00edo Santa Catarina (Nuevo Le\u00f3n)","author":"grieta","date":"1 septiembre, 2020","format":false,"excerpt":"Luciano Campos Garza\/ PROCESO MONTERREY, N.L. (apro).- Ecologistas de la localidad denunciaron que sobre el lecho del r\u00edo Santa Catarina, afluente por el que se desfogan los huracanes que golpean la zona metropolitana de Nuevo Le\u00f3n, es construida, sin permiso, una carretera de casi 8 kil\u00f3metros, patrocinada por el gobierno\u2026","rel":"","context":"En &quot;CINTILLO&quot;","block_context":{"text":"CINTILLO","link":"https:\/\/www.grieta.org.mx\/index.php\/category\/cintillo\/"},"img":{"alt_text":"","src":"https:\/\/i0.wp.com\/www.grieta.org.mx\/wp-content\/uploads\/2020\/09\/viaducto-rio-870x522-1.jpg?resize=350%2C200&ssl=1","width":350,"height":200,"srcset":"https:\/\/i0.wp.com\/www.grieta.org.mx\/wp-content\/uploads\/2020\/09\/viaducto-rio-870x522-1.jpg?resize=350%2C200&ssl=1 1x, https:\/\/i0.wp.com\/www.grieta.org.mx\/wp-content\/uploads\/2020\/09\/viaducto-rio-870x522-1.jpg?resize=525%2C300&ssl=1 1.5x, https:\/\/i0.wp.com\/www.grieta.org.mx\/wp-content\/uploads\/2020\/09\/viaducto-rio-870x522-1.jpg?resize=700%2C400&ssl=1 2x"},"classes":[]},{"id":50881,"url":"https:\/\/www.grieta.org.mx\/index.php\/2020\/06\/12\/reportan-30-contagios-de-covid-19-en-casa-de-migrantes-e-indigentes-en-nuevo-leon\/","url_meta":{"origin":24531,"position":5},"title":"Reportan 30 contagios de covid-19 en casa de migrantes e indigentes en Nuevo Le\u00f3n","author":"grieta","date":"12 junio, 2020","format":false,"excerpt":"Luciano Campos Garza\/ PROCESO MONTERREY, NL (apro).- Unas 30 personas dieron positivo a covid-19 en la casa de migrantes e indigentes INDI ubicada en la zona industrial de este municipio. \u00a0 El padre Felipe de Jes\u00fas S\u00e1nchez Gallegos, director del Instituto Normativo de los Indigentes (INDI) inform\u00f3 que a partir\u2026","rel":"","context":"En &quot;CINTILLO&quot;","block_context":{"text":"CINTILLO","link":"https:\/\/www.grieta.org.mx\/index.php\/category\/cintillo\/"},"img":{"alt_text":"","src":"https:\/\/i0.wp.com\/www.grieta.org.mx\/wp-content\/uploads\/2020\/06\/indi-870x522.jpg?resize=350%2C200&ssl=1","width":350,"height":200,"srcset":"https:\/\/i0.wp.com\/www.grieta.org.mx\/wp-content\/uploads\/2020\/06\/indi-870x522.jpg?resize=350%2C200&ssl=1 1x, https:\/\/i0.wp.com\/www.grieta.org.mx\/wp-content\/uploads\/2020\/06\/indi-870x522.jpg?resize=525%2C300&ssl=1 1.5x, https:\/\/i0.wp.com\/www.grieta.org.mx\/wp-content\/uploads\/2020\/06\/indi-870x522.jpg?resize=700%2C400&ssl=1 2x"},"classes":[]}],"_links":{"self":[{"href":"https:\/\/www.grieta.org.mx\/index.php\/wp-json\/wp\/v2\/posts\/24531","targetHints":{"allow":["GET"]}}],"collection":[{"href":"https:\/\/www.grieta.org.mx\/index.php\/wp-json\/wp\/v2\/posts"}],"about":[{"href":"https:\/\/www.grieta.org.mx\/index.php\/wp-json\/wp\/v2\/types\/post"}],"author":[{"embeddable":true,"href":"https:\/\/www.grieta.org.mx\/index.php\/wp-json\/wp\/v2\/users\/2"}],"replies":[{"embeddable":true,"href":"https:\/\/www.grieta.org.mx\/index.php\/wp-json\/wp\/v2\/comments?post=24531"}],"version-history":[{"count":1,"href":"https:\/\/www.grieta.org.mx\/index.php\/wp-json\/wp\/v2\/posts\/24531\/revisions"}],"predecessor-version":[{"id":24534,"href":"https:\/\/www.grieta.org.mx\/index.php\/wp-json\/wp\/v2\/posts\/24531\/revisions\/24534"}],"wp:featuredmedia":[{"embeddable":true,"href":"https:\/\/www.grieta.org.mx\/index.php\/wp-json\/wp\/v2\/media\/24532"}],"wp:attachment":[{"href":"https:\/\/www.grieta.org.mx\/index.php\/wp-json\/wp\/v2\/media?parent=24531"}],"wp:term":[{"taxonomy":"category","embeddable":true,"href":"https:\/\/www.grieta.org.mx\/index.php\/wp-json\/wp\/v2\/categories?post=24531"},{"taxonomy":"post_tag","embeddable":true,"href":"https:\/\/www.grieta.org.mx\/index.php\/wp-json\/wp\/v2\/tags?post=24531"}],"curies":[{"name":"wp","href":"https:\/\/api.w.org\/{rel}","templated":true}]}}