{"id":24527,"date":"2018-07-12T01:32:58","date_gmt":"2018-07-12T06:32:58","guid":{"rendered":"http:\/\/www.grieta.org.mx\/?p=24527"},"modified":"2018-07-12T01:32:58","modified_gmt":"2018-07-12T06:32:58","slug":"denuncian-proyectos-urbanos-en-monterrey-que-impedirian-memorial-de-la-misericordia-nuevo-leon","status":"publish","type":"post","link":"https:\/\/www.grieta.org.mx\/index.php\/2018\/07\/12\/denuncian-proyectos-urbanos-en-monterrey-que-impedirian-memorial-de-la-misericordia-nuevo-leon\/","title":{"rendered":"Denuncian proyectos urbanos en Monterrey que impedir\u00edan \u201cMemorial de la Misericordia\u201d (Nuevo Le\u00f3n)"},"content":{"rendered":"<p><img decoding=\"async\" data-attachment-id=\"24529\" data-permalink=\"https:\/\/www.grieta.org.mx\/index.php\/2018\/07\/12\/denuncian-proyectos-urbanos-en-monterrey-que-impedirian-memorial-de-la-misericordia-nuevo-leon\/denuncian-proyectos-urbanos-en-monterrey-que-impedirian-memorial-de-la-misericordia\/\" data-orig-file=\"https:\/\/www.grieta.org.mx\/wp-content\/uploads\/2018\/07\/Denuncian-proyectos-urbanos-en-Monterrey-que-impedir\u00edan-Memorial-de-la-misericordia.jpg\" data-orig-size=\"651,400\" data-comments-opened=\"0\" data-image-meta=\"{&quot;aperture&quot;:&quot;0&quot;,&quot;credit&quot;:&quot;&quot;,&quot;camera&quot;:&quot;&quot;,&quot;caption&quot;:&quot;&quot;,&quot;created_timestamp&quot;:&quot;0&quot;,&quot;copyright&quot;:&quot;&quot;,&quot;focal_length&quot;:&quot;0&quot;,&quot;iso&quot;:&quot;0&quot;,&quot;shutter_speed&quot;:&quot;0&quot;,&quot;title&quot;:&quot;&quot;,&quot;orientation&quot;:&quot;0&quot;}\" data-image-title=\"Denuncian proyectos urbanos en Monterrey que impedir\u00edan Memorial de la misericordia\" data-image-description=\"\" data-image-caption=\"\" data-medium-file=\"https:\/\/www.grieta.org.mx\/wp-content\/uploads\/2018\/07\/Denuncian-proyectos-urbanos-en-Monterrey-que-impedir\u00edan-Memorial-de-la-misericordia-300x184.jpg\" data-large-file=\"https:\/\/www.grieta.org.mx\/wp-content\/uploads\/2018\/07\/Denuncian-proyectos-urbanos-en-Monterrey-que-impedir\u00edan-Memorial-de-la-misericordia.jpg\" src=\"http:\/\/www.grieta.org.mx\/wp-content\/uploads\/2018\/07\/Denuncian-proyectos-urbanos-en-Monterrey-que-impedir\u00edan-Memorial-de-la-misericordia.jpg\" alt=\"\" width=\"100%\" class=\"aligncenter size-full wp-image-24529\" srcset=\"https:\/\/www.grieta.org.mx\/wp-content\/uploads\/2018\/07\/Denuncian-proyectos-urbanos-en-Monterrey-que-impedir\u00edan-Memorial-de-la-misericordia.jpg 651w, https:\/\/www.grieta.org.mx\/wp-content\/uploads\/2018\/07\/Denuncian-proyectos-urbanos-en-Monterrey-que-impedir\u00edan-Memorial-de-la-misericordia-300x184.jpg 300w\" sizes=\"(max-width: 651px) 100vw, 651px\" \/><\/p>\n<p>David Carrizales \/ El Universal<\/p>\n<blockquote><p>Los manifestantes expusieron que ambos megaproyectos son invasivos y traer\u00e1n destrucci\u00f3n ecol\u00f3gica, as\u00ed como la privatizaci\u00f3n del cerro de la Loma Larga donde se pretende colocar la cruz m\u00e1s alta del mundo<\/p><\/blockquote>\n<p>Unos 150 vecinos de la colonia Independencia, investigadores y acad\u00e9micos solidarios, realizaron una protesta para rechazar los proyectos de interconexi\u00f3n vial-San Pedro Monterrey, que partir\u00eda a lo ancho el cerro de la Loma Larga, as\u00ed como el \u201cMemorial de la Misericordia\u201d, que contempla la cruz m\u00e1s alta del mundo, de 160 metros.<\/p>\n<p>Al grito de &#8220;nadie se va, todos nos quedamos&#8221;, los manifestantes expusieron que ambos megaproyectos urbanos son invasivos y traer\u00e1n destrucci\u00f3n ecol\u00f3gica, despojo y desplazamiento de los pobladores originarios de la zona, as\u00ed como la inminente privatizaci\u00f3n del cerro de la Loma Larga, de las colonias y los barrios.<\/p>\n<p>Durante un acto que realizaron frente al Palacio Municipal de Monterrey, los vecinos de las colonias Independencia, Tanques de Guadalupe y Am\u00e9rica 2, consideraron que el nuevo eje vial que comunicar\u00eda al municipio de San Pedro, el m\u00e1s rico de Am\u00e9rica Latina con el centro de Monterrey, lastimar\u00eda irremediablemente su patrimonio hist\u00f3rico, cultural y familiar, adem\u00e1s de provocar m\u00e1s tr\u00e1fico y contaminaci\u00f3n.<\/p>\n<p>Aunada a esta obra que romper\u00eda el fr\u00e1gil equilibrio ecol\u00f3gico de la Loma Larga, se\u00f1alaron los residentes de la zona, en mayo pasado la arquidi\u00f3cesis de Monterrey, anunci\u00f3 la construcci\u00f3n del \u201cMemorial de la misericordia\u201d, que tiene como principal elemento una cruz de 160 metros y ser\u00eda la m\u00e1s alta del mundo, sobre la cima del citado cerro.<\/p>\n<p>\u201cY como si esto no fuera suficiente&#8221;, lamentaron los manifestantes, a finales de 2017, el diputado local de Movimiento Ciudadano, Samuel Garc\u00eda, propuso una consulta ciudadana, que aprob\u00f3 la Comisi\u00f3n Estatal Electoral, y ten\u00eda como prop\u00f3sito construir instalaciones deportivas y recreativas en el lecho del r\u00edo Santa Catarina, adem\u00e1s de un \u201ccorredor integral de movilidad sustentable\u201d.<\/p>\n<p>Los vecinos agregaron que dicho proyecto contempla la intervenci\u00f3n en las \u00e1reas aleda\u00f1as al r\u00edo, en la Colonia Independencia, con la construcci\u00f3n de \u00e1reas comerciales y desarrollos inmobiliarios, lo que implicar\u00eda que los residentes fueran otra vez v\u00edctimas de despojo.<\/p>\n<p>Para fortuna de los habitantes de la Independencia, agregaron, por el momento el proyecto est\u00e1 suspendido, luego que el Tribunal Federal Electoral, consider\u00f3 improcedente la consulta, porque el promotor, Samuel Garc\u00eda, es dirigente de MC y a la vez candidato a senador, mientras, la herramientas de las consultas son para los ciudadanos.<\/p>\n<p><a href=\"http:\/\/www.eluniversal.com.mx\/estados\/denuncian-proyectos-urbanos-en-monterrey-que-impedirian-memorial-de-la-misericordia\" rel=\"noopener\" target=\"_blank\">http:\/\/www.eluniversal.com.mx\/estados\/denuncian-proyectos-urbanos-en-monterrey-que-impedirian-memorial-de-la-misericordia<\/a><\/p>\n","protected":false},"excerpt":{"rendered":"<p>David Carrizales \/ El Universal Los manifestantes expusieron que ambos megaproyectos son invasivos y traer\u00e1n destrucci\u00f3n ecol\u00f3gica, as\u00ed como la privatizaci\u00f3n del cerro de la Loma Larga donde se pretende &hellip; <a href=\"https:\/\/www.grieta.org.mx\/index.php\/2018\/07\/12\/denuncian-proyectos-urbanos-en-monterrey-que-impedirian-memorial-de-la-misericordia-nuevo-leon\/\" class=\"more-link\">Leer m\u00e1s<\/a><\/p>\n","protected":false},"author":2,"featured_media":24529,"comment_status":"closed","ping_status":"closed","sticky":false,"template":"","format":"standard","meta":{"ngg_post_thumbnail":0,"_jetpack_newsletter_access":"","_jetpack_dont_email_post_to_subs":false,"_jetpack_newsletter_tier_id":0,"_jetpack_memberships_contains_paywalled_content":false,"_jetpack_memberships_contains_paid_content":false,"footnotes":""},"categories":[80,922,1469,940,2,24],"tags":[232,184,223,1470,1471,364,387],"class_list":["post-24527","post","type-post","status-publish","format-standard","has-post-thumbnail","hentry","category-cintillo","category-megaproyectos-estados","category-movilizaciones-contra-megaproyectos-en-nuevo-leon","category-mp-nuevo-leon","category-noticias-nacionales","category-nuevo-leon","tag-desplazados","tag-despojo","tag-ecocidio","tag-interconexion","tag-macroplaza","tag-monterr","tag-san-pedro-garza","entry"],"jetpack_featured_media_url":"https:\/\/www.grieta.org.mx\/wp-content\/uploads\/2018\/07\/Denuncian-proyectos-urbanos-en-Monterrey-que-impedir\u00edan-Memorial-de-la-misericordia.jpg","jetpack_sharing_enabled":true,"jetpack_shortlink":"https:\/\/wp.me\/p7ZJR4-6nB","jetpack_likes_enabled":false,"jetpack-related-posts":[{"id":24531,"url":"https:\/\/www.grieta.org.mx\/index.php\/2018\/07\/12\/apoyaria-felipe-construccion-de-metrocable-nuevo-leon\/","url_meta":{"origin":24527,"position":0},"title":"Apoyar\u00eda Felipe construcci\u00f3n de Metrocable (Nuevo Le\u00f3n)","author":"grieta","date":"12 julio, 2018","format":false,"excerpt":"Gabriela Jim\u00e9nez \/ Milenio Por su parte, la Junta de Vecinos de la colonia Independencia consideran que es una obra ecocida y que causar\u00eda el desplazamiento de los habitantes de la zona. Felipe de Jes\u00fas Cant\u00fa, virtual alcalde electo de Monterrey, apoyar\u00eda la construcci\u00f3n del Metrocable en la zona de\u2026","rel":"","context":"En &quot;CINTILLO&quot;","block_context":{"text":"CINTILLO","link":"https:\/\/www.grieta.org.mx\/index.php\/category\/cintillo\/"},"img":{"alt_text":"","src":"https:\/\/i0.wp.com\/www.grieta.org.mx\/wp-content\/uploads\/2018\/07\/Apoyar%C3%ADa-Felipe-construcci%C3%B3n-de-Metrocable.jpeg?resize=350%2C200&ssl=1","width":350,"height":200,"srcset":"https:\/\/i0.wp.com\/www.grieta.org.mx\/wp-content\/uploads\/2018\/07\/Apoyar%C3%ADa-Felipe-construcci%C3%B3n-de-Metrocable.jpeg?resize=350%2C200&ssl=1 1x, https:\/\/i0.wp.com\/www.grieta.org.mx\/wp-content\/uploads\/2018\/07\/Apoyar%C3%ADa-Felipe-construcci%C3%B3n-de-Metrocable.jpeg?resize=525%2C300&ssl=1 1.5x, https:\/\/i0.wp.com\/www.grieta.org.mx\/wp-content\/uploads\/2018\/07\/Apoyar%C3%ADa-Felipe-construcci%C3%B3n-de-Metrocable.jpeg?resize=700%2C400&ssl=1 2x, https:\/\/i0.wp.com\/www.grieta.org.mx\/wp-content\/uploads\/2018\/07\/Apoyar%C3%ADa-Felipe-construcci%C3%B3n-de-Metrocable.jpeg?resize=1050%2C600&ssl=1 3x"},"classes":[]},{"id":24524,"url":"https:\/\/www.grieta.org.mx\/index.php\/2018\/07\/12\/conectaran-macro-vo-en-2019-con-145-predios-nuevo-leon\/","url_meta":{"origin":24527,"position":1},"title":"Conectar\u00e1n Macro-VO en 2019 con 145 predios (Nuevo Le\u00f3n)","author":"grieta","date":"12 julio, 2018","format":false,"excerpt":"Eduardo Mendieta S\u00e1nchez \/ Milenio El desarrollo vial, peatonal y cultural ascender\u00e1 a un monto de 2 mil 500 mdp. Adem\u00e1s, se contempla una plazoleta con estacionamiento acompa\u00f1ado con una v\u00eda peatonal para llegar hasta la Bas\u00edlica de Guadalupe y unos departamentos. Tras anunciar que arrancar\u00e1n a m\u00e1s tardar a\u2026","rel":"","context":"En &quot;CINTILLO&quot;","block_context":{"text":"CINTILLO","link":"https:\/\/www.grieta.org.mx\/index.php\/category\/cintillo\/"},"img":{"alt_text":"","src":"https:\/\/i0.wp.com\/www.grieta.org.mx\/wp-content\/uploads\/2018\/07\/Conectar%C3%A1n-Macro-VO-en-2019-con-145-predios.jpeg?resize=350%2C200&ssl=1","width":350,"height":200,"srcset":"https:\/\/i0.wp.com\/www.grieta.org.mx\/wp-content\/uploads\/2018\/07\/Conectar%C3%A1n-Macro-VO-en-2019-con-145-predios.jpeg?resize=350%2C200&ssl=1 1x, https:\/\/i0.wp.com\/www.grieta.org.mx\/wp-content\/uploads\/2018\/07\/Conectar%C3%A1n-Macro-VO-en-2019-con-145-predios.jpeg?resize=525%2C300&ssl=1 1.5x, https:\/\/i0.wp.com\/www.grieta.org.mx\/wp-content\/uploads\/2018\/07\/Conectar%C3%A1n-Macro-VO-en-2019-con-145-predios.jpeg?resize=700%2C400&ssl=1 2x, https:\/\/i0.wp.com\/www.grieta.org.mx\/wp-content\/uploads\/2018\/07\/Conectar%C3%A1n-Macro-VO-en-2019-con-145-predios.jpeg?resize=1050%2C600&ssl=1 3x"},"classes":[]},{"id":4531,"url":"https:\/\/www.grieta.org.mx\/index.php\/2016\/01\/13\/reviven-en-nuevo-leon-proyecto-monterrey-vi\/","url_meta":{"origin":24527,"position":2},"title":"Reviven en Nuevo Le\u00f3n proyecto Monterrey VI","author":"grieta","date":"13 enero, 2016","format":false,"excerpt":"El Economista Aunque el gobernador aclara que s\u00f3lo ser\u00e1 en nombre, tambi\u00e9n llevar\u00e1 agua desde SLP. Lourdes Flores Realizar\u00e1n reestructura o ajustes al original El mandatario dijo que se encuentran analizando todas las posturas porque el l\u00edquido es necesario. Monterrey, NL. El gobernador de Nuevo Le\u00f3n, Jaime Rodr\u00edguez, dijo que\u2026","rel":"","context":"En &quot;CINTILLO&quot;","block_context":{"text":"CINTILLO","link":"https:\/\/www.grieta.org.mx\/index.php\/category\/cintillo\/"},"img":{"alt_text":"","src":"https:\/\/i0.wp.com\/www.grieta.org.mx\/wp-content\/uploads\/2018\/03\/14524434_1106112876131411_958039263622046936_o.jpg?resize=350%2C200&ssl=1","width":350,"height":200,"srcset":"https:\/\/i0.wp.com\/www.grieta.org.mx\/wp-content\/uploads\/2018\/03\/14524434_1106112876131411_958039263622046936_o.jpg?resize=350%2C200&ssl=1 1x, https:\/\/i0.wp.com\/www.grieta.org.mx\/wp-content\/uploads\/2018\/03\/14524434_1106112876131411_958039263622046936_o.jpg?resize=525%2C300&ssl=1 1.5x, https:\/\/i0.wp.com\/www.grieta.org.mx\/wp-content\/uploads\/2018\/03\/14524434_1106112876131411_958039263622046936_o.jpg?resize=700%2C400&ssl=1 2x"},"classes":[]},{"id":4792,"url":"https:\/\/www.grieta.org.mx\/index.php\/2015\/01\/29\/piden-ong-cancelar-proyecto-hidraulico-monterrey-vi-de-consorcio-de-higa\/","url_meta":{"origin":24527,"position":3},"title":"Piden ONG cancelar proyecto hidr\u00e1ulico Monterrey VI de consorcio de Higa","author":"grieta","date":"29 enero, 2015","format":false,"excerpt":"La Jornada Por Erick Mu\u00f1iz Monterrey, NL. Organismos civiles de Nuevo Le\u00f3n solicitaron, a trav\u00e9s de desplegados publicados en Monterrey y la ciudad de M\u00e9xico, cancelar el proyecto hidr\u00e1ulico Monterrey VI, que consiste en trasladar agua del r\u00edo P\u00e1nuco, en Veracruz, a la presa Cerro Prieto, en Monterrey. La petici\u00f3n\u2026","rel":"","context":"En &quot;CINTILLO&quot;","block_context":{"text":"CINTILLO","link":"https:\/\/www.grieta.org.mx\/index.php\/category\/cintillo\/"},"img":{"alt_text":"","src":"https:\/\/i0.wp.com\/www.grieta.org.mx\/wp-content\/uploads\/2018\/03\/14524434_1106112876131411_958039263622046936_o.jpg?resize=350%2C200&ssl=1","width":350,"height":200,"srcset":"https:\/\/i0.wp.com\/www.grieta.org.mx\/wp-content\/uploads\/2018\/03\/14524434_1106112876131411_958039263622046936_o.jpg?resize=350%2C200&ssl=1 1x, https:\/\/i0.wp.com\/www.grieta.org.mx\/wp-content\/uploads\/2018\/03\/14524434_1106112876131411_958039263622046936_o.jpg?resize=525%2C300&ssl=1 1.5x, https:\/\/i0.wp.com\/www.grieta.org.mx\/wp-content\/uploads\/2018\/03\/14524434_1106112876131411_958039263622046936_o.jpg?resize=700%2C400&ssl=1 2x"},"classes":[]},{"id":4377,"url":"https:\/\/www.grieta.org.mx\/index.php\/2016\/01\/31\/hay-25-proyectos-de-energia-en-proceso-en-nuevo-leon\/","url_meta":{"origin":24527,"position":4},"title":"Hay 25 proyectos de energ\u00eda en proceso en Nuevo Le\u00f3n","author":"grieta","date":"31 enero, 2016","format":false,"excerpt":"El Economista Monterrey, NL. Nuevo Le\u00f3n tiene una cartera futura de 25 proyectos de energ\u00edas renovables y cogeneraci\u00f3n por un estimado de 2,900 millones de d\u00f3lares, que sumar\u00e1n una capacidad de 2,193 megawatts en la entidad, afirm\u00f3 Gregorio Canales. Lourdes Flores Monterrey, NL. Nuevo Le\u00f3n tiene una cartera futura de\u2026","rel":"","context":"En &quot;CINTILLO&quot;","block_context":{"text":"CINTILLO","link":"https:\/\/www.grieta.org.mx\/index.php\/category\/cintillo\/"},"img":{"alt_text":"","src":"https:\/\/i0.wp.com\/www.grieta.org.mx\/wp-content\/uploads\/2018\/03\/14524434_1106112876131411_958039263622046936_o.jpg?resize=350%2C200&ssl=1","width":350,"height":200,"srcset":"https:\/\/i0.wp.com\/www.grieta.org.mx\/wp-content\/uploads\/2018\/03\/14524434_1106112876131411_958039263622046936_o.jpg?resize=350%2C200&ssl=1 1x, https:\/\/i0.wp.com\/www.grieta.org.mx\/wp-content\/uploads\/2018\/03\/14524434_1106112876131411_958039263622046936_o.jpg?resize=525%2C300&ssl=1 1.5x, https:\/\/i0.wp.com\/www.grieta.org.mx\/wp-content\/uploads\/2018\/03\/14524434_1106112876131411_958039263622046936_o.jpg?resize=700%2C400&ssl=1 2x"},"classes":[]},{"id":4784,"url":"https:\/\/www.grieta.org.mx\/index.php\/2015\/02\/08\/ciudadanos-demandan-cancelar-proyecto-hidraulico-monterrey-vi\/","url_meta":{"origin":24527,"position":5},"title":"Ciudadanos demandan cancelar proyecto hidr\u00e1ulico Monterrey VI","author":"grieta","date":"8 febrero, 2015","format":false,"excerpt":"La Jornada Por Erick Mu\u00f1iz Monterrey, N.L. M\u00e1s de 300 ciudadanos e integrantes de organismos no gubernamentales (Ongs) se manifestaron esta ma\u00f1ana frente al palacio de gobierno, en la explanada de Los H\u00e9roes, para exigir la cancelaci\u00f3n del proyecto hidr\u00e1ulico Monterrey VI, a cargo de constructoras encabezadas por el Grupo\u2026","rel":"","context":"En &quot;CINTILLO&quot;","block_context":{"text":"CINTILLO","link":"https:\/\/www.grieta.org.mx\/index.php\/category\/cintillo\/"},"img":{"alt_text":"","src":"https:\/\/i0.wp.com\/www.grieta.org.mx\/wp-content\/uploads\/2018\/03\/14524434_1106112876131411_958039263622046936_o.jpg?resize=350%2C200&ssl=1","width":350,"height":200,"srcset":"https:\/\/i0.wp.com\/www.grieta.org.mx\/wp-content\/uploads\/2018\/03\/14524434_1106112876131411_958039263622046936_o.jpg?resize=350%2C200&ssl=1 1x, https:\/\/i0.wp.com\/www.grieta.org.mx\/wp-content\/uploads\/2018\/03\/14524434_1106112876131411_958039263622046936_o.jpg?resize=525%2C300&ssl=1 1.5x, https:\/\/i0.wp.com\/www.grieta.org.mx\/wp-content\/uploads\/2018\/03\/14524434_1106112876131411_958039263622046936_o.jpg?resize=700%2C400&ssl=1 2x"},"classes":[]}],"_links":{"self":[{"href":"https:\/\/www.grieta.org.mx\/index.php\/wp-json\/wp\/v2\/posts\/24527","targetHints":{"allow":["GET"]}}],"collection":[{"href":"https:\/\/www.grieta.org.mx\/index.php\/wp-json\/wp\/v2\/posts"}],"about":[{"href":"https:\/\/www.grieta.org.mx\/index.php\/wp-json\/wp\/v2\/types\/post"}],"author":[{"embeddable":true,"href":"https:\/\/www.grieta.org.mx\/index.php\/wp-json\/wp\/v2\/users\/2"}],"replies":[{"embeddable":true,"href":"https:\/\/www.grieta.org.mx\/index.php\/wp-json\/wp\/v2\/comments?post=24527"}],"version-history":[{"count":1,"href":"https:\/\/www.grieta.org.mx\/index.php\/wp-json\/wp\/v2\/posts\/24527\/revisions"}],"predecessor-version":[{"id":24530,"href":"https:\/\/www.grieta.org.mx\/index.php\/wp-json\/wp\/v2\/posts\/24527\/revisions\/24530"}],"wp:featuredmedia":[{"embeddable":true,"href":"https:\/\/www.grieta.org.mx\/index.php\/wp-json\/wp\/v2\/media\/24529"}],"wp:attachment":[{"href":"https:\/\/www.grieta.org.mx\/index.php\/wp-json\/wp\/v2\/media?parent=24527"}],"wp:term":[{"taxonomy":"category","embeddable":true,"href":"https:\/\/www.grieta.org.mx\/index.php\/wp-json\/wp\/v2\/categories?post=24527"},{"taxonomy":"post_tag","embeddable":true,"href":"https:\/\/www.grieta.org.mx\/index.php\/wp-json\/wp\/v2\/tags?post=24527"}],"curies":[{"name":"wp","href":"https:\/\/api.w.org\/{rel}","templated":true}]}}