{"id":24524,"date":"2018-07-12T00:54:35","date_gmt":"2018-07-12T05:54:35","guid":{"rendered":"http:\/\/www.grieta.org.mx\/?p=24524"},"modified":"2018-07-12T00:54:35","modified_gmt":"2018-07-12T05:54:35","slug":"conectaran-macro-vo-en-2019-con-145-predios-nuevo-leon","status":"publish","type":"post","link":"https:\/\/www.grieta.org.mx\/index.php\/2018\/07\/12\/conectaran-macro-vo-en-2019-con-145-predios-nuevo-leon\/","title":{"rendered":"Conectar\u00e1n Macro-VO en 2019 con 145 predios (Nuevo Le\u00f3n)"},"content":{"rendered":"<p><img decoding=\"async\" data-attachment-id=\"24525\" data-permalink=\"https:\/\/www.grieta.org.mx\/index.php\/2018\/07\/12\/conectaran-macro-vo-en-2019-con-145-predios-nuevo-leon\/conectaran-macro-vo-en-2019-con-145-predios\/\" data-orig-file=\"https:\/\/www.grieta.org.mx\/wp-content\/uploads\/2018\/07\/Conectar\u00e1n-Macro-VO-en-2019-con-145-predios.jpeg\" data-orig-size=\"1280,853\" data-comments-opened=\"0\" data-image-meta=\"{&quot;aperture&quot;:&quot;0&quot;,&quot;credit&quot;:&quot;&quot;,&quot;camera&quot;:&quot;&quot;,&quot;caption&quot;:&quot;&quot;,&quot;created_timestamp&quot;:&quot;0&quot;,&quot;copyright&quot;:&quot;&quot;,&quot;focal_length&quot;:&quot;0&quot;,&quot;iso&quot;:&quot;0&quot;,&quot;shutter_speed&quot;:&quot;0&quot;,&quot;title&quot;:&quot;&quot;,&quot;orientation&quot;:&quot;0&quot;}\" data-image-title=\"Conectar\u00e1n Macro-VO en 2019 con 145 predios\" data-image-description=\"\" data-image-caption=\"\" data-medium-file=\"https:\/\/www.grieta.org.mx\/wp-content\/uploads\/2018\/07\/Conectar\u00e1n-Macro-VO-en-2019-con-145-predios-300x200.jpeg\" data-large-file=\"https:\/\/www.grieta.org.mx\/wp-content\/uploads\/2018\/07\/Conectar\u00e1n-Macro-VO-en-2019-con-145-predios-1024x682.jpeg\" src=\"http:\/\/www.grieta.org.mx\/wp-content\/uploads\/2018\/07\/Conectar\u00e1n-Macro-VO-en-2019-con-145-predios-1024x682.jpeg\" alt=\"\" width=\"100%\" class=\"aligncenter size-large wp-image-24525\" srcset=\"https:\/\/www.grieta.org.mx\/wp-content\/uploads\/2018\/07\/Conectar\u00e1n-Macro-VO-en-2019-con-145-predios-1024x682.jpeg 1024w, https:\/\/www.grieta.org.mx\/wp-content\/uploads\/2018\/07\/Conectar\u00e1n-Macro-VO-en-2019-con-145-predios-300x200.jpeg 300w, https:\/\/www.grieta.org.mx\/wp-content\/uploads\/2018\/07\/Conectar\u00e1n-Macro-VO-en-2019-con-145-predios-768x512.jpeg 768w, https:\/\/www.grieta.org.mx\/wp-content\/uploads\/2018\/07\/Conectar\u00e1n-Macro-VO-en-2019-con-145-predios-750x500.jpeg 750w, https:\/\/www.grieta.org.mx\/wp-content\/uploads\/2018\/07\/Conectar\u00e1n-Macro-VO-en-2019-con-145-predios.jpeg 1280w\" sizes=\"(max-width: 1024px) 100vw, 1024px\" \/><\/p>\n<p>Eduardo Mendieta S\u00e1nchez \/ Milenio<\/p>\n<blockquote><p>El desarrollo vial, peatonal y cultural ascender\u00e1 a un monto de 2 mil 500 mdp.<br \/>\nAdem\u00e1s, se contempla una plazoleta con estacionamiento acompa\u00f1ado con una v\u00eda peatonal para llegar hasta la Bas\u00edlica de Guadalupe y unos departamentos.<\/p><\/blockquote>\n<p>Tras anunciar que arrancar\u00e1n a m\u00e1s tardar a principios de 2019, la interconexi\u00f3n de la Macroplaza, en Monterrey, con la zona Valle Oriente, en San Pedro, se cristalizar\u00e1 con la afectaci\u00f3n de 145 predios, entre casas y terrenos.<\/p>\n<p>Jorge Luis Mart\u00ednez Lara, director de Proyectos e Infraestructura de, Fideicomiso Promotor de Proyectos Estrat\u00e9gicos Urbanos (Fideproes), inform\u00f3 que el proyecto vial contempla cuatro carriles por sentido, incluido uno para camiones urbanos sobre la colonia Independencia.<\/p>\n<p>Durante la atenci\u00f3n a medios matutina de cada semana en Palacio de Gobierno, el funcionario inform\u00f3 que tendr\u00e1 una plazoleta con estacionamiento acompa\u00f1ado con una v\u00eda peatonal para llegar hasta la Bas\u00edlica de Guadalupe. <\/p>\n<p>Indic\u00f3 que tendr\u00e1 un concepto est\u00e9tico con una escultura llamada La Cruz, que no es realizado por el Gobierno del Estado sino por la Arquidi\u00f3cesis de Monterrey.<\/p>\n<p>La Interconexi\u00f3n contempla adem\u00e1s una \u201cisla\u201d de departamentos para los vecinos que no quieran abandonar la colonia Independencia, por lo que actualmente se encuentra en la etapa de estudios el proyecto ejecutivo y la adquisici\u00f3n de predios. <\/p>\n<p>El proyecto afectar\u00e1 a 145 predios, de los cuales 78 ser\u00eda en forma total y 67 parcialmente, por lo que se est\u00e1 realizando actualmente una evaluaci\u00f3n con un avance del 40 por ciento a trav\u00e9s del Colegio de Evaluadores.<\/p>\n<p>Mart\u00ednez Lara expres\u00f3 que el desarrollo vial, peatonal y cultural ascender\u00e1 a un monto de 2 mil 500 millones de pesos, de los cuales ya est\u00e1 incluido el proceso de desafectaci\u00f3n de los mismos predios, sobre una superficie de 5 hect\u00e1reas.<\/p>\n<p>Las obras de construcci\u00f3n arrancar\u00edan tentativamente en febrero del 2019 y se tardar\u00edan un a\u00f1o y medio en ejecutarlas. <\/p>\n<p><a href=\"http:\/\/www.milenio.com\/politica\/conectaran-macro-vo-en-2019-con-145-predios\" rel=\"noopener\" target=\"_blank\">http:\/\/www.milenio.com\/politica\/conectaran-macro-vo-en-2019-con-145-predios<\/a><\/p>\n","protected":false},"excerpt":{"rendered":"<p>Eduardo Mendieta S\u00e1nchez \/ Milenio El desarrollo vial, peatonal y cultural ascender\u00e1 a un monto de 2 mil 500 mdp. Adem\u00e1s, se contempla una plazoleta con estacionamiento acompa\u00f1ado con una &hellip; <a href=\"https:\/\/www.grieta.org.mx\/index.php\/2018\/07\/12\/conectaran-macro-vo-en-2019-con-145-predios-nuevo-leon\/\" class=\"more-link\">Leer m\u00e1s<\/a><\/p>\n","protected":false},"author":2,"featured_media":24525,"comment_status":"closed","ping_status":"closed","sticky":false,"template":"","format":"standard","meta":{"ngg_post_thumbnail":0,"_jetpack_newsletter_access":"","_jetpack_dont_email_post_to_subs":false,"_jetpack_newsletter_tier_id":0,"_jetpack_memberships_contains_paywalled_content":false,"_jetpack_memberships_contains_paid_content":false,"footnotes":""},"categories":[80,3,922,1469,940,2,24],"tags":[1470,1471,96,364],"class_list":["post-24524","post","type-post","status-publish","format-standard","has-post-thumbnail","hentry","category-cintillo","category-megaproyectos","category-megaproyectos-estados","category-movilizaciones-contra-megaproyectos-en-nuevo-leon","category-mp-nuevo-leon","category-noticias-nacionales","category-nuevo-leon","tag-interconexion","tag-macroplaza","tag-megaproyectos","tag-monterr","entry"],"jetpack_featured_media_url":"https:\/\/www.grieta.org.mx\/wp-content\/uploads\/2018\/07\/Conectar\u00e1n-Macro-VO-en-2019-con-145-predios.jpeg","jetpack_sharing_enabled":true,"jetpack_shortlink":"https:\/\/wp.me\/p7ZJR4-6ny","jetpack_likes_enabled":false,"jetpack-related-posts":[{"id":24527,"url":"https:\/\/www.grieta.org.mx\/index.php\/2018\/07\/12\/denuncian-proyectos-urbanos-en-monterrey-que-impedirian-memorial-de-la-misericordia-nuevo-leon\/","url_meta":{"origin":24524,"position":0},"title":"Denuncian proyectos urbanos en Monterrey que impedir\u00edan \u201cMemorial de la Misericordia\u201d (Nuevo Le\u00f3n)","author":"grieta","date":"12 julio, 2018","format":false,"excerpt":"David Carrizales \/ El Universal Los manifestantes expusieron que ambos megaproyectos son invasivos y traer\u00e1n destrucci\u00f3n ecol\u00f3gica, as\u00ed como la privatizaci\u00f3n del cerro de la Loma Larga donde se pretende colocar la cruz m\u00e1s alta del mundo Unos 150 vecinos de la colonia Independencia, investigadores y acad\u00e9micos solidarios, realizaron una\u2026","rel":"","context":"En &quot;CINTILLO&quot;","block_context":{"text":"CINTILLO","link":"https:\/\/www.grieta.org.mx\/index.php\/category\/cintillo\/"},"img":{"alt_text":"","src":"https:\/\/i0.wp.com\/www.grieta.org.mx\/wp-content\/uploads\/2018\/07\/Denuncian-proyectos-urbanos-en-Monterrey-que-impedir%C3%ADan-Memorial-de-la-misericordia.jpg?resize=350%2C200&ssl=1","width":350,"height":200,"srcset":"https:\/\/i0.wp.com\/www.grieta.org.mx\/wp-content\/uploads\/2018\/07\/Denuncian-proyectos-urbanos-en-Monterrey-que-impedir%C3%ADan-Memorial-de-la-misericordia.jpg?resize=350%2C200&ssl=1 1x, https:\/\/i0.wp.com\/www.grieta.org.mx\/wp-content\/uploads\/2018\/07\/Denuncian-proyectos-urbanos-en-Monterrey-que-impedir%C3%ADan-Memorial-de-la-misericordia.jpg?resize=525%2C300&ssl=1 1.5x"},"classes":[]},{"id":24531,"url":"https:\/\/www.grieta.org.mx\/index.php\/2018\/07\/12\/apoyaria-felipe-construccion-de-metrocable-nuevo-leon\/","url_meta":{"origin":24524,"position":1},"title":"Apoyar\u00eda Felipe construcci\u00f3n de Metrocable (Nuevo Le\u00f3n)","author":"grieta","date":"12 julio, 2018","format":false,"excerpt":"Gabriela Jim\u00e9nez \/ Milenio Por su parte, la Junta de Vecinos de la colonia Independencia consideran que es una obra ecocida y que causar\u00eda el desplazamiento de los habitantes de la zona. Felipe de Jes\u00fas Cant\u00fa, virtual alcalde electo de Monterrey, apoyar\u00eda la construcci\u00f3n del Metrocable en la zona de\u2026","rel":"","context":"En &quot;CINTILLO&quot;","block_context":{"text":"CINTILLO","link":"https:\/\/www.grieta.org.mx\/index.php\/category\/cintillo\/"},"img":{"alt_text":"","src":"https:\/\/i0.wp.com\/www.grieta.org.mx\/wp-content\/uploads\/2018\/07\/Apoyar%C3%ADa-Felipe-construcci%C3%B3n-de-Metrocable.jpeg?resize=350%2C200&ssl=1","width":350,"height":200,"srcset":"https:\/\/i0.wp.com\/www.grieta.org.mx\/wp-content\/uploads\/2018\/07\/Apoyar%C3%ADa-Felipe-construcci%C3%B3n-de-Metrocable.jpeg?resize=350%2C200&ssl=1 1x, https:\/\/i0.wp.com\/www.grieta.org.mx\/wp-content\/uploads\/2018\/07\/Apoyar%C3%ADa-Felipe-construcci%C3%B3n-de-Metrocable.jpeg?resize=525%2C300&ssl=1 1.5x, https:\/\/i0.wp.com\/www.grieta.org.mx\/wp-content\/uploads\/2018\/07\/Apoyar%C3%ADa-Felipe-construcci%C3%B3n-de-Metrocable.jpeg?resize=700%2C400&ssl=1 2x, https:\/\/i0.wp.com\/www.grieta.org.mx\/wp-content\/uploads\/2018\/07\/Apoyar%C3%ADa-Felipe-construcci%C3%B3n-de-Metrocable.jpeg?resize=1050%2C600&ssl=1 3x"},"classes":[]},{"id":4397,"url":"https:\/\/www.grieta.org.mx\/index.php\/2015\/03\/23\/marcha-de-todas-las-indignaciones\/","url_meta":{"origin":24524,"position":2},"title":"Marcha de todas las indignaciones","author":"grieta","date":"23 marzo, 2015","format":false,"excerpt":"22\/03\/15. Realizan manifestaci\u00f3n en la Macroplaza El horizonte 22\/03\/15. \u201cMarcha de todas las indignaciones\u201d recorre las calles de Monterrey Sin Embargo","rel":"","context":"En &quot;NOTICIAS NACIONALES&quot;","block_context":{"text":"NOTICIAS NACIONALES","link":"https:\/\/www.grieta.org.mx\/index.php\/category\/noticias-nacionales\/"},"img":{"alt_text":"","src":"https:\/\/i0.wp.com\/www.grieta.org.mx\/wp-content\/uploads\/2018\/03\/14524434_1106112876131411_958039263622046936_o.jpg?resize=350%2C200&ssl=1","width":350,"height":200,"srcset":"https:\/\/i0.wp.com\/www.grieta.org.mx\/wp-content\/uploads\/2018\/03\/14524434_1106112876131411_958039263622046936_o.jpg?resize=350%2C200&ssl=1 1x, https:\/\/i0.wp.com\/www.grieta.org.mx\/wp-content\/uploads\/2018\/03\/14524434_1106112876131411_958039263622046936_o.jpg?resize=525%2C300&ssl=1 1.5x, https:\/\/i0.wp.com\/www.grieta.org.mx\/wp-content\/uploads\/2018\/03\/14524434_1106112876131411_958039263622046936_o.jpg?resize=700%2C400&ssl=1 2x"},"classes":[]},{"id":4871,"url":"https:\/\/www.grieta.org.mx\/index.php\/2015\/11\/01\/en-nuevo-leon-recuerdan-con-altar-a-regina-martinez-y-ruben-espinosa\/","url_meta":{"origin":24524,"position":3},"title":"En Nuevo Le\u00f3n, recuerdan con altar a Regina Mart\u00ednez y Rub\u00e9n Espinosa","author":"grieta","date":"1 noviembre, 2015","format":false,"excerpt":"Proceso JUAN ALBERTO CEDILLO MONTERREY, NL (proceso.com.mx).- Reporteros, camar\u00f3grafos y fot\u00f3grafos organizados en la Red de Periodistas del Noreste y la Asociaci\u00f3n de Periodistas Jos\u00e9 Alvarado colocaron un altar de muertos en honor a los colaboradores de Proceso, Regina Mart\u00ednez y Rub\u00e9n Espinosa, as\u00ed como a los colegas asesinados en\u2026","rel":"","context":"En &quot;CINTILLO&quot;","block_context":{"text":"CINTILLO","link":"https:\/\/www.grieta.org.mx\/index.php\/category\/cintillo\/"},"img":{"alt_text":"","src":"https:\/\/i0.wp.com\/www.grieta.org.mx\/wp-content\/uploads\/2018\/03\/14524434_1106112876131411_958039263622046936_o.jpg?resize=350%2C200&ssl=1","width":350,"height":200,"srcset":"https:\/\/i0.wp.com\/www.grieta.org.mx\/wp-content\/uploads\/2018\/03\/14524434_1106112876131411_958039263622046936_o.jpg?resize=350%2C200&ssl=1 1x, https:\/\/i0.wp.com\/www.grieta.org.mx\/wp-content\/uploads\/2018\/03\/14524434_1106112876131411_958039263622046936_o.jpg?resize=525%2C300&ssl=1 1.5x, https:\/\/i0.wp.com\/www.grieta.org.mx\/wp-content\/uploads\/2018\/03\/14524434_1106112876131411_958039263622046936_o.jpg?resize=700%2C400&ssl=1 2x"},"classes":[]},{"id":4377,"url":"https:\/\/www.grieta.org.mx\/index.php\/2016\/01\/31\/hay-25-proyectos-de-energia-en-proceso-en-nuevo-leon\/","url_meta":{"origin":24524,"position":4},"title":"Hay 25 proyectos de energ\u00eda en proceso en Nuevo Le\u00f3n","author":"grieta","date":"31 enero, 2016","format":false,"excerpt":"El Economista Monterrey, NL. Nuevo Le\u00f3n tiene una cartera futura de 25 proyectos de energ\u00edas renovables y cogeneraci\u00f3n por un estimado de 2,900 millones de d\u00f3lares, que sumar\u00e1n una capacidad de 2,193 megawatts en la entidad, afirm\u00f3 Gregorio Canales. Lourdes Flores Monterrey, NL. Nuevo Le\u00f3n tiene una cartera futura de\u2026","rel":"","context":"En &quot;CINTILLO&quot;","block_context":{"text":"CINTILLO","link":"https:\/\/www.grieta.org.mx\/index.php\/category\/cintillo\/"},"img":{"alt_text":"","src":"https:\/\/i0.wp.com\/www.grieta.org.mx\/wp-content\/uploads\/2018\/03\/14524434_1106112876131411_958039263622046936_o.jpg?resize=350%2C200&ssl=1","width":350,"height":200,"srcset":"https:\/\/i0.wp.com\/www.grieta.org.mx\/wp-content\/uploads\/2018\/03\/14524434_1106112876131411_958039263622046936_o.jpg?resize=350%2C200&ssl=1 1x, https:\/\/i0.wp.com\/www.grieta.org.mx\/wp-content\/uploads\/2018\/03\/14524434_1106112876131411_958039263622046936_o.jpg?resize=525%2C300&ssl=1 1.5x, https:\/\/i0.wp.com\/www.grieta.org.mx\/wp-content\/uploads\/2018\/03\/14524434_1106112876131411_958039263622046936_o.jpg?resize=700%2C400&ssl=1 2x"},"classes":[]},{"id":4402,"url":"https:\/\/www.grieta.org.mx\/index.php\/2015\/08\/02\/periodistas-de-nuevo-leon-se-suman-a-exigencia-de-justicia-por-asesinato-de-ruben\/","url_meta":{"origin":24524,"position":5},"title":"Periodistas de Nuevo Le\u00f3n se suman a exigencia de justicia por asesinato de Rub\u00e9n","author":"grieta","date":"2 agosto, 2015","format":false,"excerpt":"Proceso MONTERREY, N.L. (proceso.com.mx).- Periodistas de Nuevo Le\u00f3n protestaron esta tarde por el asesinato del fot\u00f3grafo de Proceso, Rub\u00e9n Espinosa, quien fue encontrado muerto el s\u00e1bado en el Distrito Federal. Una ofrenda floral luctuosa con la leyenda: \u201cPeriodistas: ni un muerto m\u00e1s\u201d, fue colocada al pie del Monumento de la\u2026","rel":"","context":"En &quot;CINTILLO&quot;","block_context":{"text":"CINTILLO","link":"https:\/\/www.grieta.org.mx\/index.php\/category\/cintillo\/"},"img":{"alt_text":"","src":"https:\/\/i0.wp.com\/www.grieta.org.mx\/wp-content\/uploads\/2018\/03\/14524434_1106112876131411_958039263622046936_o.jpg?resize=350%2C200&ssl=1","width":350,"height":200,"srcset":"https:\/\/i0.wp.com\/www.grieta.org.mx\/wp-content\/uploads\/2018\/03\/14524434_1106112876131411_958039263622046936_o.jpg?resize=350%2C200&ssl=1 1x, https:\/\/i0.wp.com\/www.grieta.org.mx\/wp-content\/uploads\/2018\/03\/14524434_1106112876131411_958039263622046936_o.jpg?resize=525%2C300&ssl=1 1.5x, https:\/\/i0.wp.com\/www.grieta.org.mx\/wp-content\/uploads\/2018\/03\/14524434_1106112876131411_958039263622046936_o.jpg?resize=700%2C400&ssl=1 2x"},"classes":[]}],"_links":{"self":[{"href":"https:\/\/www.grieta.org.mx\/index.php\/wp-json\/wp\/v2\/posts\/24524","targetHints":{"allow":["GET"]}}],"collection":[{"href":"https:\/\/www.grieta.org.mx\/index.php\/wp-json\/wp\/v2\/posts"}],"about":[{"href":"https:\/\/www.grieta.org.mx\/index.php\/wp-json\/wp\/v2\/types\/post"}],"author":[{"embeddable":true,"href":"https:\/\/www.grieta.org.mx\/index.php\/wp-json\/wp\/v2\/users\/2"}],"replies":[{"embeddable":true,"href":"https:\/\/www.grieta.org.mx\/index.php\/wp-json\/wp\/v2\/comments?post=24524"}],"version-history":[{"count":1,"href":"https:\/\/www.grieta.org.mx\/index.php\/wp-json\/wp\/v2\/posts\/24524\/revisions"}],"predecessor-version":[{"id":24526,"href":"https:\/\/www.grieta.org.mx\/index.php\/wp-json\/wp\/v2\/posts\/24524\/revisions\/24526"}],"wp:featuredmedia":[{"embeddable":true,"href":"https:\/\/www.grieta.org.mx\/index.php\/wp-json\/wp\/v2\/media\/24525"}],"wp:attachment":[{"href":"https:\/\/www.grieta.org.mx\/index.php\/wp-json\/wp\/v2\/media?parent=24524"}],"wp:term":[{"taxonomy":"category","embeddable":true,"href":"https:\/\/www.grieta.org.mx\/index.php\/wp-json\/wp\/v2\/categories?post=24524"},{"taxonomy":"post_tag","embeddable":true,"href":"https:\/\/www.grieta.org.mx\/index.php\/wp-json\/wp\/v2\/tags?post=24524"}],"curies":[{"name":"wp","href":"https:\/\/api.w.org\/{rel}","templated":true}]}}