{"id":24456,"date":"2018-06-21T23:56:06","date_gmt":"2018-06-22T04:56:06","guid":{"rendered":"http:\/\/www.grieta.org.mx\/?p=24456"},"modified":"2018-07-08T00:10:51","modified_gmt":"2018-07-08T05:10:51","slug":"bloquean-piperos-la-puebla-tehuacan-contra-privatizacion-de-agua","status":"publish","type":"post","link":"https:\/\/www.grieta.org.mx\/index.php\/2018\/06\/21\/bloquean-piperos-la-puebla-tehuacan-contra-privatizacion-de-agua\/","title":{"rendered":"Bloquean piperos la Puebla-Tehuac\u00e1n contra privatizaci\u00f3n de agua"},"content":{"rendered":"<p><img loading=\"lazy\" decoding=\"async\" data-attachment-id=\"24457\" data-permalink=\"https:\/\/www.grieta.org.mx\/index.php\/2018\/06\/21\/bloquean-piperos-la-puebla-tehuacan-contra-privatizacion-de-agua\/piperos_0\/\" data-orig-file=\"https:\/\/www.grieta.org.mx\/wp-content\/uploads\/2018\/07\/piperos_0.jpg\" data-orig-size=\"600,400\" data-comments-opened=\"0\" data-image-meta=\"{&quot;aperture&quot;:&quot;0&quot;,&quot;credit&quot;:&quot;&quot;,&quot;camera&quot;:&quot;&quot;,&quot;caption&quot;:&quot;&quot;,&quot;created_timestamp&quot;:&quot;0&quot;,&quot;copyright&quot;:&quot;&quot;,&quot;focal_length&quot;:&quot;0&quot;,&quot;iso&quot;:&quot;0&quot;,&quot;shutter_speed&quot;:&quot;0&quot;,&quot;title&quot;:&quot;&quot;,&quot;orientation&quot;:&quot;0&quot;}\" data-image-title=\"piperos_0\" data-image-description=\"\" data-image-caption=\"\" data-medium-file=\"https:\/\/www.grieta.org.mx\/wp-content\/uploads\/2018\/07\/piperos_0-300x200.jpg\" data-large-file=\"https:\/\/www.grieta.org.mx\/wp-content\/uploads\/2018\/07\/piperos_0.jpg\" src=\"http:\/\/www.grieta.org.mx\/wp-content\/uploads\/2018\/07\/piperos_0.jpg\" alt=\"\" width=\"600\" height=\"400\" class=\"aligncenter size-full wp-image-24457\" srcset=\"https:\/\/www.grieta.org.mx\/wp-content\/uploads\/2018\/07\/piperos_0.jpg 600w, https:\/\/www.grieta.org.mx\/wp-content\/uploads\/2018\/07\/piperos_0-300x200.jpg 300w\" sizes=\"auto, (max-width: 600px) 100vw, 600px\" \/><\/p>\n<p>Por Javier Rodriguez<\/p>\n<p>Amozoc, Pue.- Al menos 30 conductores de pipas para el transporte de agua bloquearon la carretera federal Puebla \u2013 Tehuac\u00e1n en el tramo de Amozoc, durante la ma\u00f1ana de este jueves, para denunciar la supuesta privatizaci\u00f3n del agua.<\/p>\n<p>Minutos despu\u00e9s de las 11:00 horas, los transportistas acusaron al presidente de M\u00e9xico, Enrique Pe\u00f1a Nieto, de entregar ese recurso natural a empresas.<\/p>\n<p>Se pronunciaron contra la medida, pues aseguraron que adem\u00e1s de perjudicar a los mexicanos, afectar\u00e1 el servicio que brindan a la ciudadan\u00eda.<\/p>\n<p>Ante el hecho, personal de Seguridad P\u00fablica Vial Estatal acudi\u00f3 a dialogar con los inconformes para liberar la arteria de comunicaci\u00f3n, en tanto, automovilistas tuvieron que circular por calles alternas a la vialidad<\/p>\n<p>El conflicto<\/p>\n<p>Debido a que diferentes asociaciones han alzado la voz ante este tema tan controversial, la Comisi\u00f3n Nacional del Agua (Conagua) lanz\u00f3 una campa\u00f1a para desmentir los se\u00f1alamientos de \u201cprivatizaci\u00f3n\u201d y minimizar el hecho refiriendo que el tema se estaba politizando debido al proceso electoral.<\/p>\n<p>Asimismo, dio a conocer que de ninguna forma se otorgar\u00e1n beneficios para ning\u00fan particular, todo lo contrario, pues permitir\u00e1n preservar el medio ambiente y garantizar el agua para el consumo humano de 18 millones de habitantes que a\u00fan no nacen, con una proyecci\u00f3n a 50 a\u00f1os.<\/p>\n<p>La Conagua asegur\u00f3 que la administraci\u00f3n de Pe\u00f1a Nieto en coordinaci\u00f3n con la Secretar\u00eda del Medio Ambiente y la Conagua, decidieron no concesionar el agua y destinarla s\u00f3lo al uso medioambiental.<\/p>\n<p>Con informaci\u00f3n de Ale Cabrera<\/p>\n","protected":false},"excerpt":{"rendered":"<p>Por Javier Rodriguez Amozoc, Pue.- Al menos 30 conductores de pipas para el transporte de agua bloquearon la carretera federal Puebla \u2013 Tehuac\u00e1n en el tramo de Amozoc, durante la &hellip; <a href=\"https:\/\/www.grieta.org.mx\/index.php\/2018\/06\/21\/bloquean-piperos-la-puebla-tehuacan-contra-privatizacion-de-agua\/\" class=\"more-link\">Leer m\u00e1s<\/a><\/p>\n","protected":false},"author":2,"featured_media":24457,"comment_status":"closed","ping_status":"closed","sticky":false,"template":"","format":"standard","meta":{"ngg_post_thumbnail":0,"_jetpack_newsletter_access":"","_jetpack_dont_email_post_to_subs":false,"_jetpack_newsletter_tier_id":0,"_jetpack_memberships_contains_paywalled_content":false,"_jetpack_memberships_contains_paid_content":false,"footnotes":""},"categories":[80,2,1253,26],"tags":[],"class_list":["post-24456","post","type-post","status-publish","format-standard","has-post-thumbnail","hentry","category-cintillo","category-noticias-nacionales","category-privatizacion-del-agua-y-el-drenaje-en-puebla","category-puebla","entry"],"jetpack_featured_media_url":"https:\/\/www.grieta.org.mx\/wp-content\/uploads\/2018\/07\/piperos_0.jpg","jetpack_sharing_enabled":true,"jetpack_shortlink":"https:\/\/wp.me\/p7ZJR4-6ms","jetpack_likes_enabled":false,"jetpack-related-posts":[{"id":13476,"url":"https:\/\/www.grieta.org.mx\/index.php\/2016\/08\/04\/privatizacion-del-agua-y-el-drenaje-en-puebla\/","url_meta":{"origin":24456,"position":0},"title":"Privatizaci\u00f3n del agua y el drenaje en Puebla","author":"grieta","date":"4 agosto, 2016","format":false,"excerpt":"04\/08\/16. Campesinos bloquean carretera federal Puebla-Tehuac\u00e1nEl Sol de Puebla 24\/07\/16. Pese a amparo, Agua de Puebla suspende servicio a hospitale-consulta 11\/07\/16. Agua contaminada causa brote de enfermedades en familias de Huauchinango (Puebla)Municipios Puebla 26\/06\/16. Realizan sesi\u00f3n informativa en Zacapoaxtla sobre privatizaci\u00f3n del agua en PueblaMunicipios Puebla 25\/05\/16. Drenaje, otro servicio\u2026","rel":"","context":"En &quot;NOTICIAS NACIONALES&quot;","block_context":{"text":"NOTICIAS NACIONALES","link":"https:\/\/www.grieta.org.mx\/index.php\/category\/noticias-nacionales\/"},"img":{"alt_text":"","src":"https:\/\/i0.wp.com\/www.grieta.org.mx\/wp-content\/uploads\/2018\/03\/14524434_1106112876131411_958039263622046936_o.jpg?resize=350%2C200&ssl=1","width":350,"height":200,"srcset":"https:\/\/i0.wp.com\/www.grieta.org.mx\/wp-content\/uploads\/2018\/03\/14524434_1106112876131411_958039263622046936_o.jpg?resize=350%2C200&ssl=1 1x, https:\/\/i0.wp.com\/www.grieta.org.mx\/wp-content\/uploads\/2018\/03\/14524434_1106112876131411_958039263622046936_o.jpg?resize=525%2C300&ssl=1 1.5x, https:\/\/i0.wp.com\/www.grieta.org.mx\/wp-content\/uploads\/2018\/03\/14524434_1106112876131411_958039263622046936_o.jpg?resize=700%2C400&ssl=1 2x"},"classes":[]},{"id":54007,"url":"https:\/\/www.grieta.org.mx\/index.php\/2020\/09\/21\/se-unen-campesinos-de-oaxaca-y-puebla-contra-bombas-antigranizo\/","url_meta":{"origin":24456,"position":1},"title":"Se unen campesinos de Oaxaca y Puebla contra bombas antigranizo","author":"Admin","date":"21 septiembre, 2020","format":false,"excerpt":"Andrea Castillo - e-consulta Campesinos de la Ca\u00f1ada, Mixteca Oaxaque\u00f1a, Mixteca Poblana, Valle y Sierra Negra, se plantaron a las afueras de la empresa PATSA como medida de presi\u00f3n para impedir que las aeronaves que presuntamente utilizan qu\u00edmicos para impedir que llueva, sean sancionadas y reguladas, ya que las p\u00e9rdidas\u2026","rel":"","context":"En &quot;Conflictos por agua en Oaxaca&quot;","block_context":{"text":"Conflictos por agua en Oaxaca","link":"https:\/\/www.grieta.org.mx\/index.php\/category\/noticias-nacionales\/oaxaca\/conflictos-por-agua-en-oaxaca\/"},"img":{"alt_text":"","src":"https:\/\/i0.wp.com\/www.grieta.org.mx\/wp-content\/uploads\/2020\/10\/Captura-de-Pantalla-2020-10-06-a-las-18.41.15.png?resize=350%2C200&ssl=1","width":350,"height":200,"srcset":"https:\/\/i0.wp.com\/www.grieta.org.mx\/wp-content\/uploads\/2020\/10\/Captura-de-Pantalla-2020-10-06-a-las-18.41.15.png?resize=350%2C200&ssl=1 1x, https:\/\/i0.wp.com\/www.grieta.org.mx\/wp-content\/uploads\/2020\/10\/Captura-de-Pantalla-2020-10-06-a-las-18.41.15.png?resize=525%2C300&ssl=1 1.5x, https:\/\/i0.wp.com\/www.grieta.org.mx\/wp-content\/uploads\/2020\/10\/Captura-de-Pantalla-2020-10-06-a-las-18.41.15.png?resize=700%2C400&ssl=1 2x"},"classes":[]},{"id":25331,"url":"https:\/\/www.grieta.org.mx\/index.php\/2018\/08\/03\/hallan-a-jovencita-reportada-como-desaparecida-luego-que-familiares-bloquearon-la-carretera-puebla-tehuacan\/","url_meta":{"origin":24456,"position":2},"title":"Hallan a jovencita reportada como desaparecida luego que familiares bloquearon la carretera Puebla-Tehuac\u00e1n","author":"grieta","date":"3 agosto, 2018","format":false,"excerpt":"Gloria Reza\/ Proceso PUEBLA, Pue. (apro).- Luisa Alejandra P\u00e9rez, de 15 a\u00f1os de edad, quien fue reportada como desparecida desde el domingo 29 de julio, fue ubicada y se encuentra bien, afirm\u00f3 la Fiscal\u00eda General del estado (PGE). Este viernes, Familiares y vecinos de la joven, bloquearon la carretera federal\u2026","rel":"","context":"En &quot;CINTILLO&quot;","block_context":{"text":"CINTILLO","link":"https:\/\/www.grieta.org.mx\/index.php\/category\/cintillo\/"},"img":{"alt_text":"","src":"https:\/\/i0.wp.com\/www.grieta.org.mx\/wp-content\/uploads\/2018\/08\/15.jpg?resize=350%2C200&ssl=1","width":350,"height":200,"srcset":"https:\/\/i0.wp.com\/www.grieta.org.mx\/wp-content\/uploads\/2018\/08\/15.jpg?resize=350%2C200&ssl=1 1x, https:\/\/i0.wp.com\/www.grieta.org.mx\/wp-content\/uploads\/2018\/08\/15.jpg?resize=525%2C300&ssl=1 1.5x, https:\/\/i0.wp.com\/www.grieta.org.mx\/wp-content\/uploads\/2018\/08\/15.jpg?resize=700%2C400&ssl=1 2x"},"classes":[]},{"id":55872,"url":"https:\/\/www.grieta.org.mx\/index.php\/2020\/12\/10\/bloquean-carretera-tehuacan-teotitlan-por-falta-de-respuesta-sobre-avionetas-anti-lluvia-puebla\/","url_meta":{"origin":24456,"position":3},"title":"Bloquean carretera Tehuac\u00e1n-Teotitl\u00e1n por falta de respuesta sobre avionetas anti-lluvia (Puebla)","author":"Admin","date":"10 diciembre, 2020","format":false,"excerpt":"Yomara Pacheco \/ Municipios Puebla Los campesinos aseguran que el sobre vuelo de estas avionetas ha afectado a sus cosechas Bloquean carretera Tehuac\u00e1n-Teotitl\u00e1n por falta de respuesta sobre avionetas anti-lluvia Tehuac\u00e1n, Pue.-M\u00e1s de 200 integrantes del Movimiento de Autogesti\u00f3n Social Campesino Ind\u00edgena Popular (MASCIP), bloquearon por varias horas la carretera\u2026","rel":"","context":"En &quot;CINTILLO&quot;","block_context":{"text":"CINTILLO","link":"https:\/\/www.grieta.org.mx\/index.php\/category\/cintillo\/"},"img":{"alt_text":"","src":"https:\/\/i0.wp.com\/www.grieta.org.mx\/wp-content\/uploads\/2020\/12\/manis.jpg?resize=350%2C200&ssl=1","width":350,"height":200,"srcset":"https:\/\/i0.wp.com\/www.grieta.org.mx\/wp-content\/uploads\/2020\/12\/manis.jpg?resize=350%2C200&ssl=1 1x, https:\/\/i0.wp.com\/www.grieta.org.mx\/wp-content\/uploads\/2020\/12\/manis.jpg?resize=525%2C300&ssl=1 1.5x, https:\/\/i0.wp.com\/www.grieta.org.mx\/wp-content\/uploads\/2020\/12\/manis.jpg?resize=700%2C400&ssl=1 2x"},"classes":[]},{"id":12457,"url":"https:\/\/www.grieta.org.mx\/index.php\/2016\/09\/05\/pobladores-de-ocotepec-contra-empresa-living-water-puebla\/","url_meta":{"origin":24456,"position":4},"title":"Pobladores de Ocotepec contra empresa Living Water (Puebla)","author":"grieta","date":"5 septiembre, 2016","format":false,"excerpt":"05\/09\/16. Acusan a minera Almaden de no querer pagar regal\u00edas en Ixtacamaxtitl\u00e1n (Puebla) La Jornada de Oriente 29\/08\/16. Advierten en Ocotepec que agua ser\u00eda para minera Almaden (Puebla) La Jornada de Oriente 18\/03\/16. La trasnacional Living Water instala obra en municipio vecino a Ocotepec pese al malestar ciudadano (Puebla) La\u2026","rel":"","context":"En &quot;NOTICIAS NACIONALES&quot;","block_context":{"text":"NOTICIAS NACIONALES","link":"https:\/\/www.grieta.org.mx\/index.php\/category\/noticias-nacionales\/"},"img":{"alt_text":"","src":"https:\/\/i0.wp.com\/www.grieta.org.mx\/wp-content\/uploads\/2018\/03\/14524434_1106112876131411_958039263622046936_o.jpg?resize=350%2C200&ssl=1","width":350,"height":200,"srcset":"https:\/\/i0.wp.com\/www.grieta.org.mx\/wp-content\/uploads\/2018\/03\/14524434_1106112876131411_958039263622046936_o.jpg?resize=350%2C200&ssl=1 1x, https:\/\/i0.wp.com\/www.grieta.org.mx\/wp-content\/uploads\/2018\/03\/14524434_1106112876131411_958039263622046936_o.jpg?resize=525%2C300&ssl=1 1.5x, https:\/\/i0.wp.com\/www.grieta.org.mx\/wp-content\/uploads\/2018\/03\/14524434_1106112876131411_958039263622046936_o.jpg?resize=700%2C400&ssl=1 2x"},"classes":[]},{"id":28142,"url":"https:\/\/www.grieta.org.mx\/index.php\/2019\/01\/07\/relleno-sanitario-contamina-la-biosfera-tehuacan-cuicatlan-puebla\/","url_meta":{"origin":24456,"position":5},"title":"Relleno sanitario contamina la Bi\u00f3sfera Tehuac\u00e1n-Cuicatl\u00e1n (Puebla)","author":"grieta","date":"7 enero, 2019","format":false,"excerpt":"Municipios Puebla Tehuac\u00e1n, Pue.- Habitantes de Santa Mar\u00eda Coapan se oponen a que el relleno sanitario siga operando por ser un foco de contaminaci\u00f3n, dio a conocer el alcalde subalterno de esta localidad, Miguel \u00c1ngel Flores Albino. Denunci\u00f3 que la ex presidenta municipal, Ernestina Fern\u00e1ndez M\u00e9ndez, extendi\u00f3 a m\u00e1s de\u2026","rel":"","context":"En &quot;CINTILLO&quot;","block_context":{"text":"CINTILLO","link":"https:\/\/www.grieta.org.mx\/index.php\/category\/cintillo\/"},"img":{"alt_text":"","src":"https:\/\/i0.wp.com\/www.grieta.org.mx\/wp-content\/uploads\/2019\/01\/reserva_3.jpg?resize=350%2C200&ssl=1","width":350,"height":200,"srcset":"https:\/\/i0.wp.com\/www.grieta.org.mx\/wp-content\/uploads\/2019\/01\/reserva_3.jpg?resize=350%2C200&ssl=1 1x, https:\/\/i0.wp.com\/www.grieta.org.mx\/wp-content\/uploads\/2019\/01\/reserva_3.jpg?resize=525%2C300&ssl=1 1.5x, https:\/\/i0.wp.com\/www.grieta.org.mx\/wp-content\/uploads\/2019\/01\/reserva_3.jpg?resize=700%2C400&ssl=1 2x"},"classes":[]}],"_links":{"self":[{"href":"https:\/\/www.grieta.org.mx\/index.php\/wp-json\/wp\/v2\/posts\/24456","targetHints":{"allow":["GET"]}}],"collection":[{"href":"https:\/\/www.grieta.org.mx\/index.php\/wp-json\/wp\/v2\/posts"}],"about":[{"href":"https:\/\/www.grieta.org.mx\/index.php\/wp-json\/wp\/v2\/types\/post"}],"author":[{"embeddable":true,"href":"https:\/\/www.grieta.org.mx\/index.php\/wp-json\/wp\/v2\/users\/2"}],"replies":[{"embeddable":true,"href":"https:\/\/www.grieta.org.mx\/index.php\/wp-json\/wp\/v2\/comments?post=24456"}],"version-history":[{"count":1,"href":"https:\/\/www.grieta.org.mx\/index.php\/wp-json\/wp\/v2\/posts\/24456\/revisions"}],"predecessor-version":[{"id":24458,"href":"https:\/\/www.grieta.org.mx\/index.php\/wp-json\/wp\/v2\/posts\/24456\/revisions\/24458"}],"wp:featuredmedia":[{"embeddable":true,"href":"https:\/\/www.grieta.org.mx\/index.php\/wp-json\/wp\/v2\/media\/24457"}],"wp:attachment":[{"href":"https:\/\/www.grieta.org.mx\/index.php\/wp-json\/wp\/v2\/media?parent=24456"}],"wp:term":[{"taxonomy":"category","embeddable":true,"href":"https:\/\/www.grieta.org.mx\/index.php\/wp-json\/wp\/v2\/categories?post=24456"},{"taxonomy":"post_tag","embeddable":true,"href":"https:\/\/www.grieta.org.mx\/index.php\/wp-json\/wp\/v2\/tags?post=24456"}],"curies":[{"name":"wp","href":"https:\/\/api.w.org\/{rel}","templated":true}]}}