{"id":24446,"date":"2018-06-15T23:26:34","date_gmt":"2018-06-16T04:26:34","guid":{"rendered":"http:\/\/www.grieta.org.mx\/?p=24446"},"modified":"2018-07-07T23:38:29","modified_gmt":"2018-07-08T04:38:29","slug":"sin-permisos-reanudan-obra-en-zona-prehispanica-de-xiutetelco-puebla","status":"publish","type":"post","link":"https:\/\/www.grieta.org.mx\/index.php\/2018\/06\/15\/sin-permisos-reanudan-obra-en-zona-prehispanica-de-xiutetelco-puebla\/","title":{"rendered":"Sin permisos, reanudan obra en zona prehisp\u00e1nica de Xiutetelco (Puebla)"},"content":{"rendered":"<p><img loading=\"lazy\" decoding=\"async\" data-attachment-id=\"24447\" data-permalink=\"https:\/\/www.grieta.org.mx\/index.php\/2018\/06\/15\/sin-permisos-reanudan-obra-en-zona-prehispanica-de-xiutetelco-puebla\/inah\/\" data-orig-file=\"https:\/\/www.grieta.org.mx\/wp-content\/uploads\/2018\/07\/inah.jpg\" data-orig-size=\"960,640\" data-comments-opened=\"0\" data-image-meta=\"{&quot;aperture&quot;:&quot;0&quot;,&quot;credit&quot;:&quot;&quot;,&quot;camera&quot;:&quot;&quot;,&quot;caption&quot;:&quot;&quot;,&quot;created_timestamp&quot;:&quot;0&quot;,&quot;copyright&quot;:&quot;&quot;,&quot;focal_length&quot;:&quot;0&quot;,&quot;iso&quot;:&quot;0&quot;,&quot;shutter_speed&quot;:&quot;0&quot;,&quot;title&quot;:&quot;&quot;,&quot;orientation&quot;:&quot;0&quot;}\" data-image-title=\"inah\" data-image-description=\"\" data-image-caption=\"\" data-medium-file=\"https:\/\/www.grieta.org.mx\/wp-content\/uploads\/2018\/07\/inah-300x200.jpg\" data-large-file=\"https:\/\/www.grieta.org.mx\/wp-content\/uploads\/2018\/07\/inah.jpg\" src=\"http:\/\/www.grieta.org.mx\/wp-content\/uploads\/2018\/07\/inah.jpg\" alt=\"\" width=\"960\" height=\"640\" class=\"aligncenter size-full wp-image-24447\" srcset=\"https:\/\/www.grieta.org.mx\/wp-content\/uploads\/2018\/07\/inah.jpg 960w, https:\/\/www.grieta.org.mx\/wp-content\/uploads\/2018\/07\/inah-300x200.jpg 300w, https:\/\/www.grieta.org.mx\/wp-content\/uploads\/2018\/07\/inah-768x512.jpg 768w, https:\/\/www.grieta.org.mx\/wp-content\/uploads\/2018\/07\/inah-750x500.jpg 750w\" sizes=\"auto, (max-width: 960px) 100vw, 960px\" \/><\/p>\n<p>Por Ale Cabrera<\/p>\n<p>A pesar de las denuncias interpuestas por el Museo de Arqueolog\u00eda, adem\u00e1s de carecer de los permisos correspondientes, autoridades del municipio de Xiutetelco contin\u00faan con la construcci\u00f3n del centro recreativo en los manantiales \u201cLas Pilas\u201d.<\/p>\n<p>En el art\u00edculo 27 Constitucional estipula que dicho terreno es considerado patrimonio natural, hist\u00f3rico y religioso, ya que era un centro ceremonial azteca donde daban la bienvenida al verano, en tanto que se convirti\u00f3 posteriormente en recinto cat\u00f3lico donde los fieles acuden durante junio para realizar el lavatorio, zona que ha sido destruida en su totalidad.<\/p>\n<p>El representante jur\u00eddico del INAH, Juan Manuel Reyes, neg\u00f3 la existencia de un permiso para que las autoridades municipales, dispusieran del espacio y realizaran las obras, sin embargo, el Ayuntamiento trabaja a marchas forzadas para que la obra est\u00e9 concluida para las fiestas patronales que se llevar\u00e1n a cabo durante este mes.<\/p>\n<p><a href=\"http:\/\/municipiospuebla.mx\/nota\/2018-06-15\/zacapoaxtla\/sin-permisos-reanudan-obra-en-zona-prehisp\u00e1nica-de-xiutetelco\">http:\/\/municipiospuebla.mx\/nota\/2018-06-15\/zacapoaxtla\/sin-permisos-reanudan-obra-en-zona-prehisp\u00e1nica-de-xiutetelco<\/a><\/p>\n","protected":false},"excerpt":{"rendered":"<p>Por Ale Cabrera A pesar de las denuncias interpuestas por el Museo de Arqueolog\u00eda, adem\u00e1s de carecer de los permisos correspondientes, autoridades del municipio de Xiutetelco contin\u00faan con la construcci\u00f3n &hellip; <a href=\"https:\/\/www.grieta.org.mx\/index.php\/2018\/06\/15\/sin-permisos-reanudan-obra-en-zona-prehispanica-de-xiutetelco-puebla\/\" class=\"more-link\">Leer m\u00e1s<\/a><\/p>\n","protected":false},"author":2,"featured_media":24447,"comment_status":"closed","ping_status":"closed","sticky":false,"template":"","format":"standard","meta":{"ngg_post_thumbnail":0,"_jetpack_newsletter_access":"","_jetpack_dont_email_post_to_subs":false,"_jetpack_newsletter_tier_id":0,"_jetpack_memberships_contains_paywalled_content":false,"_jetpack_memberships_contains_paid_content":false,"footnotes":""},"categories":[80,1264,2,26],"tags":[],"class_list":["post-24446","post","type-post","status-publish","format-standard","has-post-thumbnail","hentry","category-cintillo","category-defensa-de-zonas-arqueologicas-en-puebla","category-noticias-nacionales","category-puebla","entry"],"jetpack_featured_media_url":"https:\/\/www.grieta.org.mx\/wp-content\/uploads\/2018\/07\/inah.jpg","jetpack_sharing_enabled":true,"jetpack_shortlink":"https:\/\/wp.me\/p7ZJR4-6mi","jetpack_likes_enabled":false,"jetpack-related-posts":[{"id":25337,"url":"https:\/\/www.grieta.org.mx\/index.php\/2018\/07\/30\/hidroelectricas-y-mineras-amenazan-a-pueblos-indigenas-puebla\/","url_meta":{"origin":24446,"position":0},"title":"Hidroel\u00e9ctricas y mineras amenazan a pueblos ind\u00edgenas (Puebla)","author":"grieta","date":"30 julio, 2018","format":false,"excerpt":"Javier Hern\u00e1ndez\/ Colombia Informa Ante el avance de proyectos mineros e hidroel\u00e9ctricos; ind\u00edgenas nahuas y totonacos de la Sierra Norte de Puebla en M\u00e9xico se movilizan en la capital del estado. Desde los primeros a\u00f1os de la d\u00e9cada en curso, tras percatarse de la magnitud de proyectos de miner\u00eda a\u2026","rel":"","context":"En &quot;26. Sierra Puebla&quot;","block_context":{"text":"26. Sierra Puebla","link":"https:\/\/www.grieta.org.mx\/index.php\/category\/espejos-de-la-resistencia\/26-sierra-puebla\/"},"img":{"alt_text":"","src":"https:\/\/i0.wp.com\/www.grieta.org.mx\/wp-content\/uploads\/2018\/08\/Nahuas-y-totonacos-2.jpg?resize=350%2C200&ssl=1","width":350,"height":200,"srcset":"https:\/\/i0.wp.com\/www.grieta.org.mx\/wp-content\/uploads\/2018\/08\/Nahuas-y-totonacos-2.jpg?resize=350%2C200&ssl=1 1x, https:\/\/i0.wp.com\/www.grieta.org.mx\/wp-content\/uploads\/2018\/08\/Nahuas-y-totonacos-2.jpg?resize=525%2C300&ssl=1 1.5x, https:\/\/i0.wp.com\/www.grieta.org.mx\/wp-content\/uploads\/2018\/08\/Nahuas-y-totonacos-2.jpg?resize=700%2C400&ssl=1 2x"},"classes":[]},{"id":36781,"url":"https:\/\/www.grieta.org.mx\/index.php\/2019\/07\/19\/comunidades-totonacas-confian-que-juez-cancele-permisos-del-proyecto-hidroelectrico-puebla-1\/","url_meta":{"origin":24446,"position":1},"title":"Comunidades totonacas conf\u00edan que juez cancele permisos del Proyecto Hidroel\u00e9ctrico Puebla 1","author":"Admin","date":"19 julio, 2019","format":false,"excerpt":"Gabriela Hern\u00e1ndez \/ Proceso PUEBLA, Pue. (apro).- Las comunidades totonacas de San Felipe Tepatl\u00e1n, Altica y San Mateo Tlacotepec manifestaron su confianza de que el Juzgado Primero de Distrito en Materia de Amparo Civil y Administrativa de Puebla cancele los permisos del proyecto hidroel\u00e9ctrico Puebla 1, que busca abastecer de\u2026","rel":"","context":"En &quot;26. Sierra Puebla&quot;","block_context":{"text":"26. Sierra Puebla","link":"https:\/\/www.grieta.org.mx\/index.php\/category\/espejos-de-la-resistencia\/26-sierra-puebla\/"},"img":{"alt_text":"","src":"https:\/\/i0.wp.com\/www.grieta.org.mx\/wp-content\/uploads\/2019\/07\/Hidroel%C3%A9ctrica_11-696x464.jpg?resize=350%2C200&ssl=1","width":350,"height":200,"srcset":"https:\/\/i0.wp.com\/www.grieta.org.mx\/wp-content\/uploads\/2019\/07\/Hidroel%C3%A9ctrica_11-696x464.jpg?resize=350%2C200&ssl=1 1x, https:\/\/i0.wp.com\/www.grieta.org.mx\/wp-content\/uploads\/2019\/07\/Hidroel%C3%A9ctrica_11-696x464.jpg?resize=525%2C300&ssl=1 1.5x"},"classes":[]},{"id":18660,"url":"https:\/\/www.grieta.org.mx\/index.php\/2016\/07\/29\/aseguran-que-obras-en-cholula-carecen-de-permisos-del-inah\/","url_meta":{"origin":24446,"position":2},"title":"Aseguran que obras en Cholula carecen de permisos del INAH","author":"grieta","date":"29 julio, 2016","format":false,"excerpt":"Por Norma Marcial SAN ANDR\u00c9S CHOLULA, Pue. Por en\u00e9sima ocasi\u00f3n, integrantes del Colectivo Cholula Viva y Digna, exigieron la cancelaci\u00f3n inmediata de las obras de embellecimiento que autoridades estatales realizan en puntos colindantes a la zona arqueol\u00f3gica de Cholula, tras se\u00f1alar que carecen de los permisos correspondientes por parte del\u2026","rel":"","context":"En &quot;CINTILLO&quot;","block_context":{"text":"CINTILLO","link":"https:\/\/www.grieta.org.mx\/index.php\/category\/cintillo\/"},"img":{"alt_text":"","src":"https:\/\/i0.wp.com\/www.grieta.org.mx\/wp-content\/uploads\/2018\/03\/14524434_1106112876131411_958039263622046936_o.jpg?resize=350%2C200&ssl=1","width":350,"height":200,"srcset":"https:\/\/i0.wp.com\/www.grieta.org.mx\/wp-content\/uploads\/2018\/03\/14524434_1106112876131411_958039263622046936_o.jpg?resize=350%2C200&ssl=1 1x, https:\/\/i0.wp.com\/www.grieta.org.mx\/wp-content\/uploads\/2018\/03\/14524434_1106112876131411_958039263622046936_o.jpg?resize=525%2C300&ssl=1 1.5x, https:\/\/i0.wp.com\/www.grieta.org.mx\/wp-content\/uploads\/2018\/03\/14524434_1106112876131411_958039263622046936_o.jpg?resize=700%2C400&ssl=1 2x"},"classes":[]},{"id":36706,"url":"https:\/\/www.grieta.org.mx\/index.php\/2019\/07\/18\/exigen-la-cancelacion-de-los-permisos-del-proyecto-hidroelectrico-puebla-1\/","url_meta":{"origin":24446,"position":3},"title":"Exigen la cancelaci\u00f3n de los permisos del Proyecto Hidroel\u00e9ctrico Puebla 1","author":"Admin","date":"18 julio, 2019","format":false,"excerpt":"La sentencia debe reconocer que los permisos violaron, entre otros, el derecho a la consulta y al consentimiento previo, libre e informado, as\u00ed como la obligaci\u00f3n de realizar estudios de impacto social. La construcci\u00f3n de la hidroel\u00e9ctrica traer\u00e1 como consecuencia la disminuci\u00f3n en la calidad del agua, generaci\u00f3n de gases\u2026","rel":"","context":"En &quot;26. Sierra Puebla&quot;","block_context":{"text":"26. Sierra Puebla","link":"https:\/\/www.grieta.org.mx\/index.php\/category\/espejos-de-la-resistencia\/26-sierra-puebla\/"},"img":{"alt_text":"","src":"https:\/\/i0.wp.com\/www.grieta.org.mx\/wp-content\/uploads\/2019\/07\/Hidroel%C3%A9ctrica_11-696x464.jpg?resize=350%2C200&ssl=1","width":350,"height":200,"srcset":"https:\/\/i0.wp.com\/www.grieta.org.mx\/wp-content\/uploads\/2019\/07\/Hidroel%C3%A9ctrica_11-696x464.jpg?resize=350%2C200&ssl=1 1x, https:\/\/i0.wp.com\/www.grieta.org.mx\/wp-content\/uploads\/2019\/07\/Hidroel%C3%A9ctrica_11-696x464.jpg?resize=525%2C300&ssl=1 1.5x"},"classes":[]},{"id":43195,"url":"https:\/\/www.grieta.org.mx\/index.php\/2020\/01\/17\/ahuacatlan-retira-permisos-para-hidroelectrica-que-beneficiaria-a-walmart-puebla\/","url_meta":{"origin":24446,"position":4},"title":"Ahuacatl\u00e1n retira permisos para hidroel\u00e9ctrica que beneficiar\u00eda a Walmart (Puebla)","author":"Admin","date":"17 enero, 2020","format":false,"excerpt":"Kara Castillo \/ Newsweek M\u00e9xico Luego de movilizaciones y protestas de ciudadanos opositores a los llamados \u201cproyectos de muerte\u201d en la Sierra Norte de Puebla, el Cabildo de Ahuacatl\u00e1n revoc\u00f3 la autorizaci\u00f3n de cambio de uso de suelo y licencias de movimiento de tierras y construcci\u00f3n municipal a hidroel\u00e9ctrica que\u2026","rel":"","context":"En &quot;26. Sierra Puebla&quot;","block_context":{"text":"26. Sierra Puebla","link":"https:\/\/www.grieta.org.mx\/index.php\/category\/espejos-de-la-resistencia\/26-sierra-puebla\/"},"img":{"alt_text":"","src":"https:\/\/i0.wp.com\/www.grieta.org.mx\/wp-content\/uploads\/2020\/01\/00AHUA-750x530.jpg?resize=350%2C200&ssl=1","width":350,"height":200,"srcset":"https:\/\/i0.wp.com\/www.grieta.org.mx\/wp-content\/uploads\/2020\/01\/00AHUA-750x530.jpg?resize=350%2C200&ssl=1 1x, https:\/\/i0.wp.com\/www.grieta.org.mx\/wp-content\/uploads\/2020\/01\/00AHUA-750x530.jpg?resize=525%2C300&ssl=1 1.5x, https:\/\/i0.wp.com\/www.grieta.org.mx\/wp-content\/uploads\/2020\/01\/00AHUA-750x530.jpg?resize=700%2C400&ssl=1 2x"},"classes":[]},{"id":69852,"url":"https:\/\/www.grieta.org.mx\/index.php\/2024\/09\/26\/ayuntamiento-de-ahuacatlan-revoca-permisos-a-hidroelectrica-que-busca-suministrar-energia-a-walmart-puebla\/","url_meta":{"origin":24446,"position":5},"title":"Ayuntamiento de Ahuacatl\u00e1n revoca permisos a hidroel\u00e9ctrica que busca suministrar energ\u00eda a Walmart (Puebla)","author":"Admin","date":"26 septiembre, 2024","format":false,"excerpt":"Por Gabriela Hern\u00e1ndez \/ Proceso PUEBLA, Pue. (apro).- El ayuntamiento de Ahuacatl\u00e1n revoc\u00f3 permisos que esa comuna hab\u00eda otorgado en 2009 a la empresa Comexhidro-Deselec para construir una hidroel\u00e9ctrica sobre el r\u00edo Ajajalpan, en la Sierra Norte de Puebla, que pretende suministrar energ\u00eda a las tiendas Walmart. En sesi\u00f3n celebrada\u2026","rel":"","context":"En &quot;26. Sierra Puebla&quot;","block_context":{"text":"26. Sierra Puebla","link":"https:\/\/www.grieta.org.mx\/index.php\/category\/espejos-de-la-resistencia\/26-sierra-puebla\/"},"img":{"alt_text":"","src":"https:\/\/i0.wp.com\/www.grieta.org.mx\/wp-content\/uploads\/2019\/06\/hidroel%C3%A9ctrica.jpg?resize=350%2C200&ssl=1","width":350,"height":200,"srcset":"https:\/\/i0.wp.com\/www.grieta.org.mx\/wp-content\/uploads\/2019\/06\/hidroel%C3%A9ctrica.jpg?resize=350%2C200&ssl=1 1x, https:\/\/i0.wp.com\/www.grieta.org.mx\/wp-content\/uploads\/2019\/06\/hidroel%C3%A9ctrica.jpg?resize=525%2C300&ssl=1 1.5x, https:\/\/i0.wp.com\/www.grieta.org.mx\/wp-content\/uploads\/2019\/06\/hidroel%C3%A9ctrica.jpg?resize=700%2C400&ssl=1 2x"},"classes":[]}],"_links":{"self":[{"href":"https:\/\/www.grieta.org.mx\/index.php\/wp-json\/wp\/v2\/posts\/24446","targetHints":{"allow":["GET"]}}],"collection":[{"href":"https:\/\/www.grieta.org.mx\/index.php\/wp-json\/wp\/v2\/posts"}],"about":[{"href":"https:\/\/www.grieta.org.mx\/index.php\/wp-json\/wp\/v2\/types\/post"}],"author":[{"embeddable":true,"href":"https:\/\/www.grieta.org.mx\/index.php\/wp-json\/wp\/v2\/users\/2"}],"replies":[{"embeddable":true,"href":"https:\/\/www.grieta.org.mx\/index.php\/wp-json\/wp\/v2\/comments?post=24446"}],"version-history":[{"count":1,"href":"https:\/\/www.grieta.org.mx\/index.php\/wp-json\/wp\/v2\/posts\/24446\/revisions"}],"predecessor-version":[{"id":24450,"href":"https:\/\/www.grieta.org.mx\/index.php\/wp-json\/wp\/v2\/posts\/24446\/revisions\/24450"}],"wp:featuredmedia":[{"embeddable":true,"href":"https:\/\/www.grieta.org.mx\/index.php\/wp-json\/wp\/v2\/media\/24447"}],"wp:attachment":[{"href":"https:\/\/www.grieta.org.mx\/index.php\/wp-json\/wp\/v2\/media?parent=24446"}],"wp:term":[{"taxonomy":"category","embeddable":true,"href":"https:\/\/www.grieta.org.mx\/index.php\/wp-json\/wp\/v2\/categories?post=24446"},{"taxonomy":"post_tag","embeddable":true,"href":"https:\/\/www.grieta.org.mx\/index.php\/wp-json\/wp\/v2\/tags?post=24446"}],"curies":[{"name":"wp","href":"https:\/\/api.w.org\/{rel}","templated":true}]}}