{"id":24437,"date":"2018-06-25T22:59:51","date_gmt":"2018-06-26T03:59:51","guid":{"rendered":"http:\/\/www.grieta.org.mx\/?p=24437"},"modified":"2018-07-07T23:06:05","modified_gmt":"2018-07-08T04:06:05","slug":"hay-ninos-mixtecos-en-las-jaulas-de-trump-puebla","status":"publish","type":"post","link":"https:\/\/www.grieta.org.mx\/index.php\/2018\/06\/25\/hay-ninos-mixtecos-en-las-jaulas-de-trump-puebla\/","title":{"rendered":"Hay ni\u00f1os mixtecos en las jaulas de Trump (Puebla)"},"content":{"rendered":"<p><img loading=\"lazy\" decoding=\"async\" data-attachment-id=\"24438\" data-permalink=\"https:\/\/www.grieta.org.mx\/index.php\/2018\/06\/25\/hay-ninos-mixtecos-en-las-jaulas-de-trump-puebla\/zocaloo\/\" data-orig-file=\"https:\/\/www.grieta.org.mx\/wp-content\/uploads\/2018\/07\/zocaloo.jpg\" data-orig-size=\"640,425\" data-comments-opened=\"0\" data-image-meta=\"{&quot;aperture&quot;:&quot;0&quot;,&quot;credit&quot;:&quot;&quot;,&quot;camera&quot;:&quot;&quot;,&quot;caption&quot;:&quot;&quot;,&quot;created_timestamp&quot;:&quot;0&quot;,&quot;copyright&quot;:&quot;&quot;,&quot;focal_length&quot;:&quot;0&quot;,&quot;iso&quot;:&quot;0&quot;,&quot;shutter_speed&quot;:&quot;0&quot;,&quot;title&quot;:&quot;&quot;,&quot;orientation&quot;:&quot;0&quot;}\" data-image-title=\"zocaloo\" data-image-description=\"\" data-image-caption=\"\" data-medium-file=\"https:\/\/www.grieta.org.mx\/wp-content\/uploads\/2018\/07\/zocaloo-300x199.jpg\" data-large-file=\"https:\/\/www.grieta.org.mx\/wp-content\/uploads\/2018\/07\/zocaloo.jpg\" src=\"http:\/\/www.grieta.org.mx\/wp-content\/uploads\/2018\/07\/zocaloo.jpg\" alt=\"\" width=\"640\" height=\"425\" class=\"aligncenter size-full wp-image-24438\" srcset=\"https:\/\/www.grieta.org.mx\/wp-content\/uploads\/2018\/07\/zocaloo.jpg 640w, https:\/\/www.grieta.org.mx\/wp-content\/uploads\/2018\/07\/zocaloo-300x199.jpg 300w\" sizes=\"auto, (max-width: 640px) 100vw, 640px\" \/><\/p>\n<p>Por Lidchy Cano<\/p>\n<p>Iz\u00facar de Matamoros.- En los Centros de Detenci\u00f3n de Estados Unidos hay ni\u00f1os mixtecos, ya que han iniciado deportaciones hacia esta zona del estado de Puebla, sin embargo, se desconocen las cifras y de los sitios de origen porque los c\u00f3nsules no quieren otorgar informaci\u00f3n a las organizaciones y las autoridades locales nada est\u00e1n haciendo en el tema, toda vez que est\u00e1n en campa\u00f1a, y no les importan lo que suceda con los migrantes.<\/p>\n<p>Lo anterior, fue dado a conocer por Jos\u00e9 Placido Jim\u00e9nez Amig\u00f3n, presidente de la Confederaci\u00f3n Internacional de Mexicanos en el Extranjero, quien coment\u00f3 que existe una sicosis por las deportaciones masivas que se est\u00e1n dando.<\/p>\n<p>Familiares de mixtecos est\u00e1n en la incertidumbre y cuando a veces dejan de saber de su gente entran en desesperaci\u00f3n. Por tanto, hizo un llamado a los paisanos a que est\u00e9n en constante comunicaci\u00f3n con sus familias de M\u00e9xico.<\/p>\n<p>Detall\u00f3 que la Mixteca Poblana es la zona del estado de Puebla, que por a\u00f1os arroj\u00f3 a miles de migrantes hacia Estados Unidos, ante esto las autoridades locales, estatales y federales no hay hecho nada en el tema, ni en apoyar a estas familias que est\u00e1n siendo separadas ante la medida cero tolerancia que implement\u00f3 el presidente de Estados Unidos, Donald Trump.<\/p>\n<p>Agreg\u00f3 que a pesar de lo que est\u00e1 sucediendo en Estados Unidos, mixtecos contin\u00faan buscando el anhelado sue\u00f1o americano, pues siguen saliendo de sus comunidades, esto de edades de hasta 14 hasta 20 a\u00f1os.<\/p>\n<p>Casa de Apoyo al Migrante en Iz\u00facar de Matamoros, se\u00f1al\u00f3 que en promedio son 15 por ciento de j\u00f3venes que egresan de secundaria y bachiller los que deciden migrar a Estados Unidos en busca de una mejor calidad de vida para ellos y sus familias, ante la mala econom\u00eda que impera en las familias.<\/p>\n<p>La falta de empleo son los principales factores que provocan que exista aun una alta migraci\u00f3n en este municipio mixteco, a pesar de que las medidas en contra de migrantes se han endurecido desde el 2017.<\/p>\n<p>Fotograf\u00eda Z\u00f3calo<\/p>\n<p><a href=\"http:\/\/municipiospuebla.mx\/nota\/2018-06-25\/izucar-de-matamoros\/hay-ni\u00f1os-mixtecos-en-las-jaulas-de-trump\">http:\/\/municipiospuebla.mx\/nota\/2018-06-25\/izucar-de-matamoros\/hay-ni\u00f1os-mixtecos-en-las-jaulas-de-trump<\/a><\/p>\n","protected":false},"excerpt":{"rendered":"<p>Por Lidchy Cano Iz\u00facar de Matamoros.- En los Centros de Detenci\u00f3n de Estados Unidos hay ni\u00f1os mixtecos, ya que han iniciado deportaciones hacia esta zona del estado de Puebla, sin &hellip; <a href=\"https:\/\/www.grieta.org.mx\/index.php\/2018\/06\/25\/hay-ninos-mixtecos-en-las-jaulas-de-trump-puebla\/\" class=\"more-link\">Leer m\u00e1s<\/a><\/p>\n","protected":false},"author":2,"featured_media":24438,"comment_status":"closed","ping_status":"closed","sticky":false,"template":"","format":"standard","meta":{"ngg_post_thumbnail":0,"_jetpack_newsletter_access":"","_jetpack_dont_email_post_to_subs":false,"_jetpack_newsletter_tier_id":0,"_jetpack_memberships_contains_paywalled_content":false,"_jetpack_memberships_contains_paid_content":false,"footnotes":""},"categories":[80,86,1262,2,26,83],"tags":[869,1409],"class_list":["post-24437","post","type-post","status-publish","format-standard","has-post-thumbnail","hentry","category-cintillo","category-migrantes","category-migrantes-en-puebla","category-noticias-nacionales","category-puebla","category-temas-nacionales","tag-repatriacion-de-migrantes","tag-separacion-de-ninos-migrantes","entry"],"jetpack_featured_media_url":"https:\/\/www.grieta.org.mx\/wp-content\/uploads\/2018\/07\/zocaloo.jpg","jetpack_sharing_enabled":true,"jetpack_shortlink":"https:\/\/wp.me\/p7ZJR4-6m9","jetpack_likes_enabled":false,"jetpack-related-posts":[{"id":36040,"url":"https:\/\/www.grieta.org.mx\/index.php\/2019\/06\/30\/puebla-alista-operativos-en-hoteles-y-moteles-contra-migrantes-pies-secos\/","url_meta":{"origin":24437,"position":0},"title":"Puebla alista operativos en hoteles y moteles contra migrantes: Pies Secos","author":"Admin","date":"30 junio, 2019","format":false,"excerpt":"Marisol C\u00f3rdoba \/ MUNICIPIOS PUEBLA Puebla, Pue.- Como parte del endurecimiento de las pol\u00edticas de migraci\u00f3n en el pa\u00eds por el gobierno federal, en los pr\u00f3ximos d\u00edas iniciar\u00e1n operativos en hoteles y moteles del estado para buscar migrantes, adelant\u00f3 el presidente de la fundaci\u00f3n Pies Secos, Ricardo Andrade, luego que\u2026","rel":"","context":"En &quot;CINTILLO&quot;","block_context":{"text":"CINTILLO","link":"https:\/\/www.grieta.org.mx\/index.php\/category\/cintillo\/"},"img":{"alt_text":"","src":"https:\/\/i0.wp.com\/www.grieta.org.mx\/wp-content\/uploads\/2019\/07\/migrantes1_5_2.jpg?resize=350%2C200&ssl=1","width":350,"height":200,"srcset":"https:\/\/i0.wp.com\/www.grieta.org.mx\/wp-content\/uploads\/2019\/07\/migrantes1_5_2.jpg?resize=350%2C200&ssl=1 1x, https:\/\/i0.wp.com\/www.grieta.org.mx\/wp-content\/uploads\/2019\/07\/migrantes1_5_2.jpg?resize=525%2C300&ssl=1 1.5x"},"classes":[]},{"id":48079,"url":"https:\/\/www.grieta.org.mx\/index.php\/2020\/04\/10\/poblanos-enfrentan-crisis-de-covid-19-lejos-de-casa-28-han-muerto-y-45-estan-hospitalizados-en-eu\/","url_meta":{"origin":24437,"position":1},"title":"Poblanos enfrentan crisis de COVID-19 lejos de casa: 28 han muerto y 45 est\u00e1n hospitalizados en EU","author":"Admin","date":"10 abril, 2020","format":false,"excerpt":"De acuerdo con cifras de la fundaci\u00f3n migrante Pies Secos, cotejada con diversas organizaciones, de los 80 mexicanos fallecidos en Estados Unidos, 28 proven\u00edan de Puebla, particularmente de la regi\u00f3n Mixteca del estado. Por Osvaldo Valencia \/ Zona Franca Puebla, (Peri\u00f3dico Central). La pandemia del coronavirus ha azotado a la\u2026","rel":"","context":"En &quot;CINTILLO&quot;","block_context":{"text":"CINTILLO","link":"https:\/\/www.grieta.org.mx\/index.php\/category\/cintillo\/"},"img":{"alt_text":"","src":"https:\/\/i0.wp.com\/www.grieta.org.mx\/wp-content\/uploads\/2020\/04\/puebla-eu.jpg?resize=350%2C200&ssl=1","width":350,"height":200,"srcset":"https:\/\/i0.wp.com\/www.grieta.org.mx\/wp-content\/uploads\/2020\/04\/puebla-eu.jpg?resize=350%2C200&ssl=1 1x, https:\/\/i0.wp.com\/www.grieta.org.mx\/wp-content\/uploads\/2020\/04\/puebla-eu.jpg?resize=525%2C300&ssl=1 1.5x, https:\/\/i0.wp.com\/www.grieta.org.mx\/wp-content\/uploads\/2020\/04\/puebla-eu.jpg?resize=700%2C400&ssl=1 2x, https:\/\/i0.wp.com\/www.grieta.org.mx\/wp-content\/uploads\/2020\/04\/puebla-eu.jpg?resize=1050%2C600&ssl=1 3x"},"classes":[]},{"id":31086,"url":"https:\/\/www.grieta.org.mx\/index.php\/2019\/03\/15\/pasan-solos-45-de-los-ninos-migrantes\/","url_meta":{"origin":24437,"position":2},"title":"Pasan solos 45% de los ni\u00f1os migrantes","author":"grieta","date":"15 marzo, 2019","format":false,"excerpt":"Maribel VEL\u00c1ZQUEZ \/ El Popular El 45 por ciento de los migrantes menores de edad que fueron presentados en Puebla entre 2014 y 2018 viajaban solos. En total pasaron mil 986, de acuerdo con las investigaciones hechas por el acad\u00e9mico de la Benem\u00e9rita Universidad Aut\u00f3noma de Puebla (BUAP) Jos\u00e9 Luis\u2026","rel":"","context":"En &quot;CINTILLO&quot;","block_context":{"text":"CINTILLO","link":"https:\/\/www.grieta.org.mx\/index.php\/category\/cintillo\/"},"img":{"alt_text":"","src":"https:\/\/i0.wp.com\/www.grieta.org.mx\/wp-content\/uploads\/2019\/03\/direct-4.jpg?resize=350%2C200&ssl=1","width":350,"height":200,"srcset":"https:\/\/i0.wp.com\/www.grieta.org.mx\/wp-content\/uploads\/2019\/03\/direct-4.jpg?resize=350%2C200&ssl=1 1x, https:\/\/i0.wp.com\/www.grieta.org.mx\/wp-content\/uploads\/2019\/03\/direct-4.jpg?resize=525%2C300&ssl=1 1.5x, https:\/\/i0.wp.com\/www.grieta.org.mx\/wp-content\/uploads\/2019\/03\/direct-4.jpg?resize=700%2C400&ssl=1 2x"},"classes":[]},{"id":50493,"url":"https:\/\/www.grieta.org.mx\/index.php\/2020\/05\/31\/miles-de-ninos-migrantes-en-eeuu-son-deportados-durante-pandemia-unicef\/","url_meta":{"origin":24437,"position":3},"title":"Miles de ni\u00f1os migrantes en EEUU son deportados durante pandemia: Unicef","author":"grieta","date":"31 mayo, 2020","format":false,"excerpt":"Rosie Orbach, Los \u00c1ngeles\/ HISPANTV El Fondo de Naciones Unidas para la Infancia (Unicef) denunci\u00f3 que, desde que el Gobierno de Donald Trump cerr\u00f3 la frontera con M\u00e9xico, detuvo el programa de asilo, congel\u00f3 el Programa de Protecci\u00f3n al Migrante y puso en riesgo las vidas de cientos de menores\u2026","rel":"","context":"En &quot;CINTILLO&quot;","block_context":{"text":"CINTILLO","link":"https:\/\/www.grieta.org.mx\/index.php\/category\/cintillo\/"},"img":{"alt_text":"","src":"https:\/\/i0.wp.com\/www.grieta.org.mx\/wp-content\/uploads\/2018\/03\/14524434_1106112876131411_958039263622046936_o.jpg?resize=350%2C200&ssl=1","width":350,"height":200,"srcset":"https:\/\/i0.wp.com\/www.grieta.org.mx\/wp-content\/uploads\/2018\/03\/14524434_1106112876131411_958039263622046936_o.jpg?resize=350%2C200&ssl=1 1x, https:\/\/i0.wp.com\/www.grieta.org.mx\/wp-content\/uploads\/2018\/03\/14524434_1106112876131411_958039263622046936_o.jpg?resize=525%2C300&ssl=1 1.5x, https:\/\/i0.wp.com\/www.grieta.org.mx\/wp-content\/uploads\/2018\/03\/14524434_1106112876131411_958039263622046936_o.jpg?resize=700%2C400&ssl=1 2x"},"classes":[]},{"id":48064,"url":"https:\/\/www.grieta.org.mx\/index.php\/2020\/04\/09\/al-alza-detenciones-de-migrantes-en-puebla\/","url_meta":{"origin":24437,"position":4},"title":"Al alza, detenciones de migrantes en Puebla","author":"Admin","date":"9 abril, 2020","format":false,"excerpt":"Marcos NUCAMENDI \/ El Popular Del 1 de enero al 8 de abril de este a\u00f1o han sido presentadas ante la autoridad migratoria 436 personas extranjeras, en su mayor\u00eda provenientes de Honduras, Guatemala y El Salvador, en territorio poblano, confirmaron fuentes del Instituto Nacional de Migraci\u00f3n (INM). Tomando en cuenta\u2026","rel":"","context":"En &quot;CINTILLO&quot;","block_context":{"text":"CINTILLO","link":"https:\/\/www.grieta.org.mx\/index.php\/category\/cintillo\/"},"img":{"alt_text":"","src":"https:\/\/i0.wp.com\/www.grieta.org.mx\/wp-content\/uploads\/2020\/04\/4448fac2152504ca80661dce2b58fbe1_nota_685x411_thumb.jpg?resize=350%2C200&ssl=1","width":350,"height":200,"srcset":"https:\/\/i0.wp.com\/www.grieta.org.mx\/wp-content\/uploads\/2020\/04\/4448fac2152504ca80661dce2b58fbe1_nota_685x411_thumb.jpg?resize=350%2C200&ssl=1 1x, https:\/\/i0.wp.com\/www.grieta.org.mx\/wp-content\/uploads\/2020\/04\/4448fac2152504ca80661dce2b58fbe1_nota_685x411_thumb.jpg?resize=525%2C300&ssl=1 1.5x"},"classes":[]},{"id":35627,"url":"https:\/\/www.grieta.org.mx\/index.php\/2019\/06\/19\/ante-militarizacion-los-migrantes-se-arriesgan-por-rutas-mas-peligrosas-advierte-lider-de-las-patronas\/","url_meta":{"origin":24437,"position":5},"title":"Ante militarizaci\u00f3n los migrantes se arriesgan por rutas m\u00e1s peligrosas, advierte l\u00edder de Las Patronas","author":"Admin","date":"19 junio, 2019","format":false,"excerpt":"Elizabeth Rodr\u00edguez Lezama \/ La Jornada de Oriente Tehuac\u00e1n. Puede ser que el gobierno insista en detener la migraci\u00f3n, pero eso no amedrenta a los migrantes que procedentes de pa\u00edses de Centroam\u00e9rica y hasta de \u00c1frica, buscan la manera de cruzar pa\u00eds para llegar a Estados Unidos, a\u00fan si ello\u2026","rel":"","context":"En &quot;CINTILLO&quot;","block_context":{"text":"CINTILLO","link":"https:\/\/www.grieta.org.mx\/index.php\/category\/cintillo\/"},"img":{"alt_text":"","src":"https:\/\/i0.wp.com\/www.grieta.org.mx\/wp-content\/uploads\/2019\/06\/Captura-de-Pantalla-2019-06-19-a-las-10.44.20.png?resize=350%2C200&ssl=1","width":350,"height":200,"srcset":"https:\/\/i0.wp.com\/www.grieta.org.mx\/wp-content\/uploads\/2019\/06\/Captura-de-Pantalla-2019-06-19-a-las-10.44.20.png?resize=350%2C200&ssl=1 1x, https:\/\/i0.wp.com\/www.grieta.org.mx\/wp-content\/uploads\/2019\/06\/Captura-de-Pantalla-2019-06-19-a-las-10.44.20.png?resize=525%2C300&ssl=1 1.5x, https:\/\/i0.wp.com\/www.grieta.org.mx\/wp-content\/uploads\/2019\/06\/Captura-de-Pantalla-2019-06-19-a-las-10.44.20.png?resize=700%2C400&ssl=1 2x, https:\/\/i0.wp.com\/www.grieta.org.mx\/wp-content\/uploads\/2019\/06\/Captura-de-Pantalla-2019-06-19-a-las-10.44.20.png?resize=1050%2C600&ssl=1 3x"},"classes":[]}],"_links":{"self":[{"href":"https:\/\/www.grieta.org.mx\/index.php\/wp-json\/wp\/v2\/posts\/24437","targetHints":{"allow":["GET"]}}],"collection":[{"href":"https:\/\/www.grieta.org.mx\/index.php\/wp-json\/wp\/v2\/posts"}],"about":[{"href":"https:\/\/www.grieta.org.mx\/index.php\/wp-json\/wp\/v2\/types\/post"}],"author":[{"embeddable":true,"href":"https:\/\/www.grieta.org.mx\/index.php\/wp-json\/wp\/v2\/users\/2"}],"replies":[{"embeddable":true,"href":"https:\/\/www.grieta.org.mx\/index.php\/wp-json\/wp\/v2\/comments?post=24437"}],"version-history":[{"count":1,"href":"https:\/\/www.grieta.org.mx\/index.php\/wp-json\/wp\/v2\/posts\/24437\/revisions"}],"predecessor-version":[{"id":24439,"href":"https:\/\/www.grieta.org.mx\/index.php\/wp-json\/wp\/v2\/posts\/24437\/revisions\/24439"}],"wp:featuredmedia":[{"embeddable":true,"href":"https:\/\/www.grieta.org.mx\/index.php\/wp-json\/wp\/v2\/media\/24438"}],"wp:attachment":[{"href":"https:\/\/www.grieta.org.mx\/index.php\/wp-json\/wp\/v2\/media?parent=24437"}],"wp:term":[{"taxonomy":"category","embeddable":true,"href":"https:\/\/www.grieta.org.mx\/index.php\/wp-json\/wp\/v2\/categories?post=24437"},{"taxonomy":"post_tag","embeddable":true,"href":"https:\/\/www.grieta.org.mx\/index.php\/wp-json\/wp\/v2\/tags?post=24437"}],"curies":[{"name":"wp","href":"https:\/\/api.w.org\/{rel}","templated":true}]}}