{"id":24276,"date":"2018-07-05T08:36:25","date_gmt":"2018-07-05T13:36:25","guid":{"rendered":"http:\/\/www.grieta.org.mx\/?p=24276"},"modified":"2018-07-06T13:01:13","modified_gmt":"2018-07-06T18:01:13","slug":"no-sabian-lo-que-era-ver-la-luz-del-dia-como-mexico-detuvo-y-proceso-a-138-000-ninos-migrantes-en-5-anos","status":"publish","type":"post","link":"https:\/\/www.grieta.org.mx\/index.php\/2018\/07\/05\/no-sabian-lo-que-era-ver-la-luz-del-dia-como-mexico-detuvo-y-proceso-a-138-000-ninos-migrantes-en-5-anos\/","title":{"rendered":"&#8220;No sab\u00edan lo que era ver la luz del d\u00eda&#8221;: c\u00f3mo M\u00e9xico detuvo y proces\u00f3 a 138.000 ni\u00f1os migrantes en 5 a\u00f1os"},"content":{"rendered":"<p><img loading=\"lazy\" decoding=\"async\" data-attachment-id=\"24277\" data-permalink=\"https:\/\/www.grieta.org.mx\/index.php\/2018\/07\/05\/no-sabian-lo-que-era-ver-la-luz-del-dia-como-mexico-detuvo-y-proceso-a-138-000-ninos-migrantes-en-5-anos\/bbb-ninos-migrantes-1\/\" data-orig-file=\"https:\/\/www.grieta.org.mx\/wp-content\/uploads\/2018\/07\/BBB-ni\u00f1os-migrantes-1.jpg\" data-orig-size=\"660,371\" data-comments-opened=\"0\" data-image-meta=\"{&quot;aperture&quot;:&quot;0&quot;,&quot;credit&quot;:&quot;&quot;,&quot;camera&quot;:&quot;&quot;,&quot;caption&quot;:&quot;&quot;,&quot;created_timestamp&quot;:&quot;0&quot;,&quot;copyright&quot;:&quot;&quot;,&quot;focal_length&quot;:&quot;0&quot;,&quot;iso&quot;:&quot;0&quot;,&quot;shutter_speed&quot;:&quot;0&quot;,&quot;title&quot;:&quot;&quot;,&quot;orientation&quot;:&quot;0&quot;}\" data-image-title=\"BBB ni\u00f1os migrantes 1\" data-image-description=\"\" data-image-caption=\"\" data-medium-file=\"https:\/\/www.grieta.org.mx\/wp-content\/uploads\/2018\/07\/BBB-ni\u00f1os-migrantes-1-300x169.jpg\" data-large-file=\"https:\/\/www.grieta.org.mx\/wp-content\/uploads\/2018\/07\/BBB-ni\u00f1os-migrantes-1.jpg\" class=\"aligncenter size-full wp-image-24277\" src=\"http:\/\/www.grieta.org.mx\/wp-content\/uploads\/2018\/07\/BBB-ni\u00f1os-migrantes-1.jpg\" alt=\"\" width=\"660\" height=\"371\" srcset=\"https:\/\/www.grieta.org.mx\/wp-content\/uploads\/2018\/07\/BBB-ni\u00f1os-migrantes-1.jpg 660w, https:\/\/www.grieta.org.mx\/wp-content\/uploads\/2018\/07\/BBB-ni\u00f1os-migrantes-1-300x169.jpg 300w\" sizes=\"auto, (max-width: 660px) 100vw, 660px\" \/><br \/>\nLa pol\u00edtica migratoria de M\u00e9xico procura la no separaci\u00f3n de familias, pero en los hechos es un fen\u00f3meno frecuente.<br \/>\nDar\u00edo Brooks\/BBC NEWS MUNDO<\/p>\n<p>En M\u00e9xico no existen &#8220;jaulas&#8221; para la detenci\u00f3n de ni\u00f1os migrantes como en Estados Unidos.<\/p>\n<p>Los menores tampoco son aislados como lo han hecho las autoridades migratorias de EE.UU. que cumplen con la pol\u00edtica de &#8220;tolerancia cero&#8221; del gobierno de Donald Trump.<\/p>\n<p>Pero la situaci\u00f3n por la que pasan miles de menores de Centroam\u00e9rica cuando son capturados no es menos grave, como muestran informes de defensores de derechos de los migrantes.<\/p>\n<p>Entre los problemas m\u00e1s alarmantes detectados dentro de las estaciones de detenci\u00f3n del Instituto Nacional de Migraci\u00f3n (INM) se ha documentado que hay casos de ni\u00f1os que ni siquiera tienen un espacio al aire libre.<\/p>\n<p>&#8220;Est\u00e1n en condiciones de encierro permanente. Los testimonios son de ni\u00f1os y familias enteras que llevaban 4, 5, o 6 o m\u00e1s d\u00edas y que no sab\u00edan lo que era ver la luz del d\u00eda, tomar el aire&#8221;, se\u00f1ala Miguel Paz, coordinador del Grupo de Trabajo de Ni\u00f1ez del Consejo Ciudadano del INM (CCINM).<\/p>\n<p><img loading=\"lazy\" decoding=\"async\" data-attachment-id=\"24278\" data-permalink=\"https:\/\/www.grieta.org.mx\/index.php\/2018\/07\/05\/no-sabian-lo-que-era-ver-la-luz-del-dia-como-mexico-detuvo-y-proceso-a-138-000-ninos-migrantes-en-5-anos\/bbb-ninos-migrantes-2\/\" data-orig-file=\"https:\/\/www.grieta.org.mx\/wp-content\/uploads\/2018\/07\/BBB-ni\u00f1os-migrantes-2.jpg\" data-orig-size=\"624,351\" data-comments-opened=\"0\" data-image-meta=\"{&quot;aperture&quot;:&quot;0&quot;,&quot;credit&quot;:&quot;&quot;,&quot;camera&quot;:&quot;&quot;,&quot;caption&quot;:&quot;&quot;,&quot;created_timestamp&quot;:&quot;0&quot;,&quot;copyright&quot;:&quot;&quot;,&quot;focal_length&quot;:&quot;0&quot;,&quot;iso&quot;:&quot;0&quot;,&quot;shutter_speed&quot;:&quot;0&quot;,&quot;title&quot;:&quot;&quot;,&quot;orientation&quot;:&quot;0&quot;}\" data-image-title=\"BBB ni\u00f1os migrantes 2\" data-image-description=\"\" data-image-caption=\"\" data-medium-file=\"https:\/\/www.grieta.org.mx\/wp-content\/uploads\/2018\/07\/BBB-ni\u00f1os-migrantes-2-300x169.jpg\" data-large-file=\"https:\/\/www.grieta.org.mx\/wp-content\/uploads\/2018\/07\/BBB-ni\u00f1os-migrantes-2.jpg\" class=\"aligncenter size-full wp-image-24278\" src=\"http:\/\/www.grieta.org.mx\/wp-content\/uploads\/2018\/07\/BBB-ni\u00f1os-migrantes-2.jpg\" alt=\"\" width=\"624\" height=\"351\" srcset=\"https:\/\/www.grieta.org.mx\/wp-content\/uploads\/2018\/07\/BBB-ni\u00f1os-migrantes-2.jpg 624w, https:\/\/www.grieta.org.mx\/wp-content\/uploads\/2018\/07\/BBB-ni\u00f1os-migrantes-2-300x169.jpg 300w\" sizes=\"auto, (max-width: 624px) 100vw, 624px\" \/><br \/>\nLas condiciones bajo las cuales ni\u00f1os y adolescentes est\u00e1n bajo detenci\u00f3n y separaci\u00f3n han sido denunciadas por defensores de migrantes.<\/p>\n<p>grupo de monitoreo present\u00f3 el a\u00f1o pasado un informe con 152 observaciones sobre deficiencias y violaciones a derechos humanos en los centros de detenci\u00f3n migratoria del INM.<\/p>\n<p>En entrevista con BBC Mundo, Paz dice en los 17 centros investigados se detectaron problemas como la inexistencia de un criterio uniforme para la clasificaci\u00f3n de migrantes, incluidos ni\u00f1os.<\/p>\n<p>Mientras la separaci\u00f3n de menores y sus padres ha sido el tema m\u00e1s criticado de la pol\u00edtica migratoria de EE.UU., en particular por las condiciones de los centros de detenci\u00f3n, en M\u00e9xico esto ha pasado desapercibido.<\/p>\n<p>&#8220;Hay veces en que los ni\u00f1os (varones) de 7 u 8 a\u00f1os ya no pueden estar con su mam\u00e1 y se les traslada a la celda con las personas adultas&#8221;, asegura Paz sobre los centros de detenci\u00f3n con m\u00e1s carencias.<\/p>\n<p>&#8220;Cuando son ni\u00f1as, cuando son adolescentes (mujeres), y no hay espacios en los centros de detenci\u00f3n, nos encontramos que peque\u00f1itas desde 4 a\u00f1os son separadas de sus pap\u00e1s (hombres)&#8221;, apunta.<\/p>\n<p><img loading=\"lazy\" decoding=\"async\" data-attachment-id=\"24279\" data-permalink=\"https:\/\/www.grieta.org.mx\/index.php\/2018\/07\/05\/no-sabian-lo-que-era-ver-la-luz-del-dia-como-mexico-detuvo-y-proceso-a-138-000-ninos-migrantes-en-5-anos\/bbb-ninos-migrantes-3\/\" data-orig-file=\"https:\/\/www.grieta.org.mx\/wp-content\/uploads\/2018\/07\/BBB-ni\u00f1os-migrantes-3.jpg\" data-orig-size=\"624,351\" data-comments-opened=\"0\" data-image-meta=\"{&quot;aperture&quot;:&quot;0&quot;,&quot;credit&quot;:&quot;&quot;,&quot;camera&quot;:&quot;&quot;,&quot;caption&quot;:&quot;&quot;,&quot;created_timestamp&quot;:&quot;0&quot;,&quot;copyright&quot;:&quot;&quot;,&quot;focal_length&quot;:&quot;0&quot;,&quot;iso&quot;:&quot;0&quot;,&quot;shutter_speed&quot;:&quot;0&quot;,&quot;title&quot;:&quot;&quot;,&quot;orientation&quot;:&quot;0&quot;}\" data-image-title=\"BBB ni\u00f1os migrantes 3\" data-image-description=\"\" data-image-caption=\"\" data-medium-file=\"https:\/\/www.grieta.org.mx\/wp-content\/uploads\/2018\/07\/BBB-ni\u00f1os-migrantes-3-300x169.jpg\" data-large-file=\"https:\/\/www.grieta.org.mx\/wp-content\/uploads\/2018\/07\/BBB-ni\u00f1os-migrantes-3.jpg\" class=\"aligncenter size-full wp-image-24279\" src=\"http:\/\/www.grieta.org.mx\/wp-content\/uploads\/2018\/07\/BBB-ni\u00f1os-migrantes-3.jpg\" alt=\"\" width=\"624\" height=\"351\" srcset=\"https:\/\/www.grieta.org.mx\/wp-content\/uploads\/2018\/07\/BBB-ni\u00f1os-migrantes-3.jpg 624w, https:\/\/www.grieta.org.mx\/wp-content\/uploads\/2018\/07\/BBB-ni\u00f1os-migrantes-3-300x169.jpg 300w\" sizes=\"auto, (max-width: 624px) 100vw, 624px\" \/><br \/>\nLos ni\u00f1os migrantes no acompa\u00f1ados son resguardados en un \u00e1rea especial.<\/p>\n<p>No todas las estaciones de detenci\u00f3n migratoria del INM cuentan con las mismas \u00e1reas ni las mismas capacidades, pero Paz advierte que la clasificaci\u00f3n de migrantes por \u00e1reas es algo recurrente.<\/p>\n<p>&#8220;Es una pr\u00e1ctica totalmente generalizada. Hay algunos momentos del d\u00eda en que se les permite estar juntos, pero eso es diferente. Hay momentos en que toda la poblaci\u00f3n convive en algunas estaciones durante todo el d\u00eda. Solo en algunas&#8221;, a\u00f1ade.<\/p>\n<p>Las autoridades del INM aseguran que se privilegia la uni\u00f3n familiar y los padres no dejan de tener contacto con sus hijos.<\/p>\n<p>&#8220;Reconocemos que no somos una instancia especializada en la atenci\u00f3n de ni\u00f1os, ni\u00f1as y adolescentes&#8221;, dice Carlos Madrazo, director de Control y Verificaci\u00f3n Migratoria del INM, a BBC Mundo.<\/p>\n<p>Pero rechaza que la separaci\u00f3n de familias por g\u00e9nero y edad sea comparable a lo que ocurre con los ni\u00f1os migrantes en EE.UU.<\/p>\n<p>M\u00e1s de 138.000 ni\u00f1os<br \/>\nLas cifras oficiales indican que M\u00e9xico ha detenido y puesto bajo proceso migratorio a m\u00e1s de 138.000 menores de edad durante el gobierno de Enrique Pe\u00f1a Nieto (2012-2018).<\/p>\n<p>De ellos, casi 73.000 estaban acompa\u00f1ados, mientras que los otros 65.000 viajaban sin ninguna compa\u00f1\u00eda.<\/p>\n<p>Los datos oficiales indican que de 2012 a la fecha el 97% de los ni\u00f1os migrantes detenidos en M\u00e9xico son originarios de pa\u00edses de Am\u00e9rica Central: Honduras, El Salvador y Guatemala.<\/p>\n<p>El pa\u00eds registr\u00f3 un gran aumento de menores migrantes de 2014 a 2016 que se tradujo en un alto n\u00famero de detenciones.<\/p>\n<p><img loading=\"lazy\" decoding=\"async\" data-attachment-id=\"24280\" data-permalink=\"https:\/\/www.grieta.org.mx\/index.php\/2018\/07\/05\/no-sabian-lo-que-era-ver-la-luz-del-dia-como-mexico-detuvo-y-proceso-a-138-000-ninos-migrantes-en-5-anos\/bbb-ninos-migrantes-4\/\" data-orig-file=\"https:\/\/www.grieta.org.mx\/wp-content\/uploads\/2018\/07\/BBB-ni\u00f1os-migrantes-4.png\" data-orig-size=\"651,325\" data-comments-opened=\"0\" data-image-meta=\"{&quot;aperture&quot;:&quot;0&quot;,&quot;credit&quot;:&quot;&quot;,&quot;camera&quot;:&quot;&quot;,&quot;caption&quot;:&quot;&quot;,&quot;created_timestamp&quot;:&quot;0&quot;,&quot;copyright&quot;:&quot;&quot;,&quot;focal_length&quot;:&quot;0&quot;,&quot;iso&quot;:&quot;0&quot;,&quot;shutter_speed&quot;:&quot;0&quot;,&quot;title&quot;:&quot;&quot;,&quot;orientation&quot;:&quot;0&quot;}\" data-image-title=\"BBB ni\u00f1os migrantes 4\" data-image-description=\"\" data-image-caption=\"\" data-medium-file=\"https:\/\/www.grieta.org.mx\/wp-content\/uploads\/2018\/07\/BBB-ni\u00f1os-migrantes-4-300x150.png\" data-large-file=\"https:\/\/www.grieta.org.mx\/wp-content\/uploads\/2018\/07\/BBB-ni\u00f1os-migrantes-4.png\" class=\"aligncenter size-full wp-image-24280\" src=\"http:\/\/www.grieta.org.mx\/wp-content\/uploads\/2018\/07\/BBB-ni\u00f1os-migrantes-4.png\" alt=\"\" width=\"651\" height=\"325\" srcset=\"https:\/\/www.grieta.org.mx\/wp-content\/uploads\/2018\/07\/BBB-ni\u00f1os-migrantes-4.png 651w, https:\/\/www.grieta.org.mx\/wp-content\/uploads\/2018\/07\/BBB-ni\u00f1os-migrantes-4-300x150.png 300w\" sizes=\"auto, (max-width: 651px) 100vw, 651px\" \/><\/p>\n<div class=\"chart__source\">*Dic-2012: 276 ni\u00f1os detenidos. Fuente: Secretar\u00eda de Gobernaci\u00f3n. BBC<\/div>\n<p>Cuando los ni\u00f1os migrantes viajan con sus padres, o solo uno de ellos, los menores son llevados a una de las 46 estaciones provisionales que hay en el pa\u00eds y ah\u00ed pasan unas horas,en teor\u00eda.<\/p>\n<p>Despu\u00e9s son canalizados a 6 estaciones llamadas &#8220;concentradoras&#8221; de migrantes -de donde son deportados- en donde se llega a dar la separaci\u00f3n ni\u00f1os y padres.<\/p>\n<p>En el caso de los varones, todo depende del g\u00e9nero y edad: ni\u00f1as y ni\u00f1os pueden permanecer con sus madres, a menos que sean adolescentes mayores, entonces son llevados a un \u00e1rea aparte.<\/p>\n<p>Pero las ni\u00f1as y las adolescentes que viajaban \u00fanicamente con su padre son separadas por prevenci\u00f3n contra los abusos.<\/p>\n<p>Pero la clasificaci\u00f3n es discrecional de cada centro, denuncian los observadores ciudadanos.<\/p>\n<p><img loading=\"lazy\" decoding=\"async\" data-attachment-id=\"24281\" data-permalink=\"https:\/\/www.grieta.org.mx\/index.php\/2018\/07\/05\/no-sabian-lo-que-era-ver-la-luz-del-dia-como-mexico-detuvo-y-proceso-a-138-000-ninos-migrantes-en-5-anos\/bbb-ninos-migrantes-5\/\" data-orig-file=\"https:\/\/www.grieta.org.mx\/wp-content\/uploads\/2018\/07\/BBB-ni\u00f1os-migrantes-5.jpg\" data-orig-size=\"624,351\" data-comments-opened=\"0\" data-image-meta=\"{&quot;aperture&quot;:&quot;0&quot;,&quot;credit&quot;:&quot;&quot;,&quot;camera&quot;:&quot;&quot;,&quot;caption&quot;:&quot;&quot;,&quot;created_timestamp&quot;:&quot;0&quot;,&quot;copyright&quot;:&quot;&quot;,&quot;focal_length&quot;:&quot;0&quot;,&quot;iso&quot;:&quot;0&quot;,&quot;shutter_speed&quot;:&quot;0&quot;,&quot;title&quot;:&quot;&quot;,&quot;orientation&quot;:&quot;0&quot;}\" data-image-title=\"BBB ni\u00f1os migrantes 5\" data-image-description=\"\" data-image-caption=\"\" data-medium-file=\"https:\/\/www.grieta.org.mx\/wp-content\/uploads\/2018\/07\/BBB-ni\u00f1os-migrantes-5-300x169.jpg\" data-large-file=\"https:\/\/www.grieta.org.mx\/wp-content\/uploads\/2018\/07\/BBB-ni\u00f1os-migrantes-5.jpg\" class=\"aligncenter size-full wp-image-24281\" src=\"http:\/\/www.grieta.org.mx\/wp-content\/uploads\/2018\/07\/BBB-ni\u00f1os-migrantes-5.jpg\" alt=\"\" width=\"624\" height=\"351\" srcset=\"https:\/\/www.grieta.org.mx\/wp-content\/uploads\/2018\/07\/BBB-ni\u00f1os-migrantes-5.jpg 624w, https:\/\/www.grieta.org.mx\/wp-content\/uploads\/2018\/07\/BBB-ni\u00f1os-migrantes-5-300x169.jpg 300w\" sizes=\"auto, (max-width: 624px) 100vw, 624px\" \/><br \/>\nA las mujeres se les permite permanecer junto a sus hijos, de ambos sexos, hasta una determinada edad.<\/p>\n<p>Dora Giusti, de Unicef M\u00e9xico, dice que contrario a lo que prioriza la ley &#8220;un buen porcentaje (de ni\u00f1os) est\u00e1n siendo detenidos en las estaciones migratorias y no todos acceden a albergues especializados del DIF (servicios sociales) ni reciben atenci\u00f3n integral ni una evaluaci\u00f3n del inter\u00e9s superior del ni\u00f1o&#8221;.<\/p>\n<p>&#8220;Los que se quedan en la estaci\u00f3n migratoria est\u00e1n en una situaci\u00f3n que tiene sus consecuencias psicol\u00f3gicas&#8221;, advierte sin dejar de reconocer que el INM ha estado mejorando en los \u00faltimos a\u00f1os.<\/p>\n<p>\u00bfCu\u00e1nto tiempo pasan ah\u00ed?<br \/>\nCarlos Madrazo, del INM, asegura a BBC Mundo que los migrantes pasan -en promedio- 8 d\u00edas en las estaciones de detenci\u00f3n y procesamiento.<\/p>\n<p>&#8220;En M\u00e9xico ingresar de manera irregular al pa\u00eds no constituye un delito ni un tema criminal. Es solo un tema de car\u00e1cter administrativo&#8221;, explica.<\/p>\n<p>La ley obliga al INM a realizar una serie de tr\u00e1mites que demoran la detenci\u00f3n de un migrante.<\/p>\n<p><img loading=\"lazy\" decoding=\"async\" data-attachment-id=\"24282\" data-permalink=\"https:\/\/www.grieta.org.mx\/index.php\/2018\/07\/05\/no-sabian-lo-que-era-ver-la-luz-del-dia-como-mexico-detuvo-y-proceso-a-138-000-ninos-migrantes-en-5-anos\/bbb-ninos-migrantes-6\/\" data-orig-file=\"https:\/\/www.grieta.org.mx\/wp-content\/uploads\/2018\/07\/BBB-ni\u00f1os-migrantes-6.jpg\" data-orig-size=\"624,351\" data-comments-opened=\"0\" data-image-meta=\"{&quot;aperture&quot;:&quot;0&quot;,&quot;credit&quot;:&quot;&quot;,&quot;camera&quot;:&quot;&quot;,&quot;caption&quot;:&quot;&quot;,&quot;created_timestamp&quot;:&quot;0&quot;,&quot;copyright&quot;:&quot;&quot;,&quot;focal_length&quot;:&quot;0&quot;,&quot;iso&quot;:&quot;0&quot;,&quot;shutter_speed&quot;:&quot;0&quot;,&quot;title&quot;:&quot;&quot;,&quot;orientation&quot;:&quot;0&quot;}\" data-image-title=\"BBB ni\u00f1os migrantes 6\" data-image-description=\"\" data-image-caption=\"\" data-medium-file=\"https:\/\/www.grieta.org.mx\/wp-content\/uploads\/2018\/07\/BBB-ni\u00f1os-migrantes-6-300x169.jpg\" data-large-file=\"https:\/\/www.grieta.org.mx\/wp-content\/uploads\/2018\/07\/BBB-ni\u00f1os-migrantes-6.jpg\" class=\"aligncenter size-full wp-image-24282\" src=\"http:\/\/www.grieta.org.mx\/wp-content\/uploads\/2018\/07\/BBB-ni\u00f1os-migrantes-6.jpg\" alt=\"\" width=\"624\" height=\"351\" srcset=\"https:\/\/www.grieta.org.mx\/wp-content\/uploads\/2018\/07\/BBB-ni\u00f1os-migrantes-6.jpg 624w, https:\/\/www.grieta.org.mx\/wp-content\/uploads\/2018\/07\/BBB-ni\u00f1os-migrantes-6-300x169.jpg 300w\" sizes=\"auto, (max-width: 624px) 100vw, 624px\" \/><br \/>\nEn las estaciones &#8220;concentradoras&#8221; es donde se da el mayor tiempo de espera de los migrantes detenidos.<\/p>\n<p>En el caso de los ni\u00f1os, se procura encontrarle un albergue del Desarrollo Integral de la Familia (DIF) o de una ONG. Pero en la mayor\u00eda de los casos no hay espacio en los centros de acogida externos y pasan los d\u00edas y las noches en las estaciones del INM.<\/p>\n<p>&#8220;Si un ni\u00f1o o adolescente viene acompa\u00f1ado por alguno de sus padres no se le aparta: no lo vamos a separar de su familia por llevarlo a un albergue fuera de la estaci\u00f3n. Se privilegia la uni\u00f3n familiar&#8221;, dice.<\/p>\n<p>Liliana Ruvalcaba, presidenta de la ONG contra la trata de migrantes El Pozo de Vida, difiere con las autoridades del INM sobre el tiempo de estancia.<\/p>\n<p>&#8220;En promedio, dependiendo de la nacionalidad, se quedan de 15 a 30 d\u00edas. Casos m\u00e1s complicados se quedan m\u00e1s tiempo&#8221;, explica la tambi\u00e9n integrante del CCINM.<\/p>\n<p>Ella ha registrado casos en los hay migrantes adultos que pasan hasta un a\u00f1o bajo detenci\u00f3n migratoria.<\/p>\n<p><img loading=\"lazy\" decoding=\"async\" data-attachment-id=\"24283\" data-permalink=\"https:\/\/www.grieta.org.mx\/index.php\/2018\/07\/05\/no-sabian-lo-que-era-ver-la-luz-del-dia-como-mexico-detuvo-y-proceso-a-138-000-ninos-migrantes-en-5-anos\/bbb-ninos-migrantes-7\/\" data-orig-file=\"https:\/\/www.grieta.org.mx\/wp-content\/uploads\/2018\/07\/BBB-ni\u00f1os-migrantes-7.jpg\" data-orig-size=\"624,351\" data-comments-opened=\"0\" data-image-meta=\"{&quot;aperture&quot;:&quot;0&quot;,&quot;credit&quot;:&quot;&quot;,&quot;camera&quot;:&quot;&quot;,&quot;caption&quot;:&quot;&quot;,&quot;created_timestamp&quot;:&quot;0&quot;,&quot;copyright&quot;:&quot;&quot;,&quot;focal_length&quot;:&quot;0&quot;,&quot;iso&quot;:&quot;0&quot;,&quot;shutter_speed&quot;:&quot;0&quot;,&quot;title&quot;:&quot;&quot;,&quot;orientation&quot;:&quot;0&quot;}\" data-image-title=\"BBB ni\u00f1os migrantes 7\" data-image-description=\"\" data-image-caption=\"\" data-medium-file=\"https:\/\/www.grieta.org.mx\/wp-content\/uploads\/2018\/07\/BBB-ni\u00f1os-migrantes-7-300x169.jpg\" data-large-file=\"https:\/\/www.grieta.org.mx\/wp-content\/uploads\/2018\/07\/BBB-ni\u00f1os-migrantes-7.jpg\" class=\"aligncenter size-full wp-image-24283\" src=\"http:\/\/www.grieta.org.mx\/wp-content\/uploads\/2018\/07\/BBB-ni\u00f1os-migrantes-7.jpg\" alt=\"\" width=\"624\" height=\"351\" srcset=\"https:\/\/www.grieta.org.mx\/wp-content\/uploads\/2018\/07\/BBB-ni\u00f1os-migrantes-7.jpg 624w, https:\/\/www.grieta.org.mx\/wp-content\/uploads\/2018\/07\/BBB-ni\u00f1os-migrantes-7-300x169.jpg 300w\" sizes=\"auto, (max-width: 624px) 100vw, 624px\" \/>Los migrantes que solicitan asilo son los que pueden demorar m\u00e1s d\u00edas, y hasta semanas, en las estaciones migratorias.<\/p>\n<p>Los casos m\u00e1s prolongados se deben a que los migrantes solicitan asilo o un amparo judicial, lo cual es un proceso que prolonga su estancia, dice Madrazo.<\/p>\n<p>Pero el funcionario niega que el INM provoque las estancias mayores a una semana.<\/p>\n<p>Paz se\u00f1ala que se llegan a dar casos en los que migrantes pasan una semana en las estaciones provisionales en las que solo deber\u00edan pasar unas horas.<\/p>\n<p><img loading=\"lazy\" decoding=\"async\" data-attachment-id=\"24284\" data-permalink=\"https:\/\/www.grieta.org.mx\/index.php\/2018\/07\/05\/no-sabian-lo-que-era-ver-la-luz-del-dia-como-mexico-detuvo-y-proceso-a-138-000-ninos-migrantes-en-5-anos\/bbb-ninos-migrantes-8\/\" data-orig-file=\"https:\/\/www.grieta.org.mx\/wp-content\/uploads\/2018\/07\/BBB-ni\u00f1os-migrantes-8.jpg\" data-orig-size=\"624,351\" data-comments-opened=\"0\" data-image-meta=\"{&quot;aperture&quot;:&quot;0&quot;,&quot;credit&quot;:&quot;&quot;,&quot;camera&quot;:&quot;&quot;,&quot;caption&quot;:&quot;&quot;,&quot;created_timestamp&quot;:&quot;0&quot;,&quot;copyright&quot;:&quot;&quot;,&quot;focal_length&quot;:&quot;0&quot;,&quot;iso&quot;:&quot;0&quot;,&quot;shutter_speed&quot;:&quot;0&quot;,&quot;title&quot;:&quot;&quot;,&quot;orientation&quot;:&quot;0&quot;}\" data-image-title=\"BBB ni\u00f1os migrantes 8\" data-image-description=\"\" data-image-caption=\"\" data-medium-file=\"https:\/\/www.grieta.org.mx\/wp-content\/uploads\/2018\/07\/BBB-ni\u00f1os-migrantes-8-300x169.jpg\" data-large-file=\"https:\/\/www.grieta.org.mx\/wp-content\/uploads\/2018\/07\/BBB-ni\u00f1os-migrantes-8.jpg\" class=\"aligncenter size-full wp-image-24284\" src=\"http:\/\/www.grieta.org.mx\/wp-content\/uploads\/2018\/07\/BBB-ni\u00f1os-migrantes-8.jpg\" alt=\"\" width=\"624\" height=\"351\" srcset=\"https:\/\/www.grieta.org.mx\/wp-content\/uploads\/2018\/07\/BBB-ni\u00f1os-migrantes-8.jpg 624w, https:\/\/www.grieta.org.mx\/wp-content\/uploads\/2018\/07\/BBB-ni\u00f1os-migrantes-8-300x169.jpg 300w\" sizes=\"auto, (max-width: 624px) 100vw, 624px\" \/><br \/>\nPocos centros de detenci\u00f3n y procesamiento migratorio cuentan con espacios adecuados para la convivencia familiar, seg\u00fan los observadores.<\/p>\n<p>&#8220;Largas privaciones de libertad&#8221;<br \/>\nEntre los focos rojos que detectaron los observadores ciudadanos est\u00e1n &#8220;numerosos episodios de violencia y uso excesivo de la fuerza&#8221; hacia los migrantes en general.<\/p>\n<p>&#8220;El hacinamiento es una constante invariable en los centros de detenci\u00f3n (\u2026) Algunos centros son improvisados, carecen de luz y ventilaci\u00f3n natural y tienen problemas de distribuci\u00f3n de la poblaci\u00f3n detenida&#8221;, dice el informe.<\/p>\n<p><img loading=\"lazy\" decoding=\"async\" data-attachment-id=\"24285\" data-permalink=\"https:\/\/www.grieta.org.mx\/index.php\/2018\/07\/05\/no-sabian-lo-que-era-ver-la-luz-del-dia-como-mexico-detuvo-y-proceso-a-138-000-ninos-migrantes-en-5-anos\/bbb-ninos-migrantes-9\/\" data-orig-file=\"https:\/\/www.grieta.org.mx\/wp-content\/uploads\/2018\/07\/BBB-ni\u00f1os-migrantes-9.jpg\" data-orig-size=\"624,351\" data-comments-opened=\"0\" data-image-meta=\"{&quot;aperture&quot;:&quot;0&quot;,&quot;credit&quot;:&quot;&quot;,&quot;camera&quot;:&quot;&quot;,&quot;caption&quot;:&quot;&quot;,&quot;created_timestamp&quot;:&quot;0&quot;,&quot;copyright&quot;:&quot;&quot;,&quot;focal_length&quot;:&quot;0&quot;,&quot;iso&quot;:&quot;0&quot;,&quot;shutter_speed&quot;:&quot;0&quot;,&quot;title&quot;:&quot;&quot;,&quot;orientation&quot;:&quot;0&quot;}\" data-image-title=\"BBB ni\u00f1os migrantes 9\" data-image-description=\"\" data-image-caption=\"\" data-medium-file=\"https:\/\/www.grieta.org.mx\/wp-content\/uploads\/2018\/07\/BBB-ni\u00f1os-migrantes-9-300x169.jpg\" data-large-file=\"https:\/\/www.grieta.org.mx\/wp-content\/uploads\/2018\/07\/BBB-ni\u00f1os-migrantes-9.jpg\" class=\"aligncenter size-full wp-image-24285\" src=\"http:\/\/www.grieta.org.mx\/wp-content\/uploads\/2018\/07\/BBB-ni\u00f1os-migrantes-9.jpg\" alt=\"\" width=\"624\" height=\"351\" srcset=\"https:\/\/www.grieta.org.mx\/wp-content\/uploads\/2018\/07\/BBB-ni\u00f1os-migrantes-9.jpg 624w, https:\/\/www.grieta.org.mx\/wp-content\/uploads\/2018\/07\/BBB-ni\u00f1os-migrantes-9-300x169.jpg 300w\" sizes=\"auto, (max-width: 624px) 100vw, 624px\" \/><br \/>\nLas repercusiones emocionales que genera la detenci\u00f3n migratoria afectan tanto a adultos como menores.<\/p>\n<p>Una veintena de se\u00f1alamientos tocaban problemas que afectan a ni\u00f1as, ni\u00f1os y adolescentes.<\/p>\n<p>&#8220;Predominan las largas privaciones de libertad en el caso de ni\u00f1os y adolescentes, especialmente en el norte del pa\u00eds&#8221;, dice el reporte del Consejo Ciudadano del INM (CCINM).<\/p>\n<p>No hay disponibilidad de pa\u00f1ales suficiente, solo los menores de 2 a\u00f1os tienen acceso a la leche y los menores m\u00e1s chicos &#8220;enferman constantemente por la comida&#8221;.<\/p>\n<p>&#8220;Un maltrato del personal hacia las madres con ni\u00f1os peque\u00f1os identificado es la prohibici\u00f3n de sacar las mantas del cuarto, lo que provoca que los menores duerman directamente en el suelo en el transcurso del d\u00eda&#8221;, se\u00f1ala el CCINM.<br \/>\n<img loading=\"lazy\" decoding=\"async\" data-attachment-id=\"24286\" data-permalink=\"https:\/\/www.grieta.org.mx\/index.php\/2018\/07\/05\/no-sabian-lo-que-era-ver-la-luz-del-dia-como-mexico-detuvo-y-proceso-a-138-000-ninos-migrantes-en-5-anos\/bbb-ninos-migrantes-10\/\" data-orig-file=\"https:\/\/www.grieta.org.mx\/wp-content\/uploads\/2018\/07\/BBB-ni\u00f1os-migrantes-10.jpg\" data-orig-size=\"624,351\" data-comments-opened=\"0\" data-image-meta=\"{&quot;aperture&quot;:&quot;0&quot;,&quot;credit&quot;:&quot;&quot;,&quot;camera&quot;:&quot;&quot;,&quot;caption&quot;:&quot;&quot;,&quot;created_timestamp&quot;:&quot;0&quot;,&quot;copyright&quot;:&quot;&quot;,&quot;focal_length&quot;:&quot;0&quot;,&quot;iso&quot;:&quot;0&quot;,&quot;shutter_speed&quot;:&quot;0&quot;,&quot;title&quot;:&quot;&quot;,&quot;orientation&quot;:&quot;0&quot;}\" data-image-title=\"BBB ni\u00f1os migrantes 10\" data-image-description=\"\" data-image-caption=\"\" data-medium-file=\"https:\/\/www.grieta.org.mx\/wp-content\/uploads\/2018\/07\/BBB-ni\u00f1os-migrantes-10-300x169.jpg\" data-large-file=\"https:\/\/www.grieta.org.mx\/wp-content\/uploads\/2018\/07\/BBB-ni\u00f1os-migrantes-10.jpg\" class=\"aligncenter size-full wp-image-24286\" src=\"http:\/\/www.grieta.org.mx\/wp-content\/uploads\/2018\/07\/BBB-ni\u00f1os-migrantes-10.jpg\" alt=\"\" width=\"624\" height=\"351\" srcset=\"https:\/\/www.grieta.org.mx\/wp-content\/uploads\/2018\/07\/BBB-ni\u00f1os-migrantes-10.jpg 624w, https:\/\/www.grieta.org.mx\/wp-content\/uploads\/2018\/07\/BBB-ni\u00f1os-migrantes-10-300x169.jpg 300w\" sizes=\"auto, (max-width: 624px) 100vw, 624px\" \/><br \/>\nLos ni\u00f1os no cuentan con espacios adecuados para su salud dentro de la mayor\u00eda de las estaciones migratorias, seg\u00fan el informe del CCINM.<\/p>\n<p>A excepci\u00f3n del centro de detenci\u00f3n de Acayucan (sureste), los dem\u00e1s centros &#8220;no cuentan con espacios ni actividades educativas y recreativas para ni\u00f1as y ni\u00f1os peque\u00f1os&#8221;.<\/p>\n<p>&#8220;Las estaciones migratorias son espacios de privaci\u00f3n de libertad. Es un encierro. Y sabemos que eso tiene graves consecuencias psicol\u00f3gicas en los ni\u00f1os y adolescentes&#8221;, se\u00f1ala Giusti, quien es jefa de Protecci\u00f3n de la Infancia de UNICEF M\u00e9xico.<\/p>\n<p>BBC Mundo pidi\u00f3 acceso a alguno de los centros de detenci\u00f3n migratoria para constatar de forma independiente las condiciones en que se encuentran los ni\u00f1os, pero el funcionario dijo que por un &#8220;tema de protecci\u00f3n&#8221; de los menores eso no es posible.<\/p>\n<p><img loading=\"lazy\" decoding=\"async\" data-attachment-id=\"24287\" data-permalink=\"https:\/\/www.grieta.org.mx\/index.php\/2018\/07\/05\/no-sabian-lo-que-era-ver-la-luz-del-dia-como-mexico-detuvo-y-proceso-a-138-000-ninos-migrantes-en-5-anos\/bbb-ninos-migrantes-11\/\" data-orig-file=\"https:\/\/www.grieta.org.mx\/wp-content\/uploads\/2018\/07\/BBB-ni\u00f1os-migrantes-11.jpg\" data-orig-size=\"624,351\" data-comments-opened=\"0\" data-image-meta=\"{&quot;aperture&quot;:&quot;0&quot;,&quot;credit&quot;:&quot;&quot;,&quot;camera&quot;:&quot;&quot;,&quot;caption&quot;:&quot;&quot;,&quot;created_timestamp&quot;:&quot;0&quot;,&quot;copyright&quot;:&quot;&quot;,&quot;focal_length&quot;:&quot;0&quot;,&quot;iso&quot;:&quot;0&quot;,&quot;shutter_speed&quot;:&quot;0&quot;,&quot;title&quot;:&quot;&quot;,&quot;orientation&quot;:&quot;0&quot;}\" data-image-title=\"BBB ni\u00f1os migrantes 11\" data-image-description=\"\" data-image-caption=\"\" data-medium-file=\"https:\/\/www.grieta.org.mx\/wp-content\/uploads\/2018\/07\/BBB-ni\u00f1os-migrantes-11-300x169.jpg\" data-large-file=\"https:\/\/www.grieta.org.mx\/wp-content\/uploads\/2018\/07\/BBB-ni\u00f1os-migrantes-11.jpg\" class=\"aligncenter size-full wp-image-24287\" src=\"http:\/\/www.grieta.org.mx\/wp-content\/uploads\/2018\/07\/BBB-ni\u00f1os-migrantes-11.jpg\" alt=\"\" width=\"624\" height=\"351\" srcset=\"https:\/\/www.grieta.org.mx\/wp-content\/uploads\/2018\/07\/BBB-ni\u00f1os-migrantes-11.jpg 624w, https:\/\/www.grieta.org.mx\/wp-content\/uploads\/2018\/07\/BBB-ni\u00f1os-migrantes-11-300x169.jpg 300w\" sizes=\"auto, (max-width: 624px) 100vw, 624px\" \/><br \/>\nSalvo un caso, en el resto de los centros de procesamiento migratorio no existen actividades de esparcimiento para los ni\u00f1os.<\/p>\n<p>Llegan a ser refugio<br \/>\nA pesar de no contar con las condiciones m\u00e1s adecuadas, las estaciones migratorias en ocasiones tambi\u00e9n son un lugar de refugio para ni\u00f1os migrantes no acompa\u00f1ados.<\/p>\n<p>&#8220;Hemos encontrado que traficantes los llevan a vender. Hemos encontrado abusos sexuales. Ni\u00f1os que se perdieron en el camino y despu\u00e9s son encontrados con la delincuencia organizada&#8221;, advierte Ruvalcaba.<\/p>\n<p>&#8220;Algunos ni\u00f1os se entregan. Se sienten vulnerables y ya no tienen posibilidad de ir a donde iban&#8221;, se\u00f1ala la presidenta de El Pozo de Vida.<\/p>\n<p><img loading=\"lazy\" decoding=\"async\" data-attachment-id=\"24288\" data-permalink=\"https:\/\/www.grieta.org.mx\/index.php\/2018\/07\/05\/no-sabian-lo-que-era-ver-la-luz-del-dia-como-mexico-detuvo-y-proceso-a-138-000-ninos-migrantes-en-5-anos\/bbb-ninos-migrantes-12\/\" data-orig-file=\"https:\/\/www.grieta.org.mx\/wp-content\/uploads\/2018\/07\/BBB-ni\u00f1os-migrantes-12.jpg\" data-orig-size=\"624,351\" data-comments-opened=\"0\" data-image-meta=\"{&quot;aperture&quot;:&quot;0&quot;,&quot;credit&quot;:&quot;&quot;,&quot;camera&quot;:&quot;&quot;,&quot;caption&quot;:&quot;&quot;,&quot;created_timestamp&quot;:&quot;0&quot;,&quot;copyright&quot;:&quot;&quot;,&quot;focal_length&quot;:&quot;0&quot;,&quot;iso&quot;:&quot;0&quot;,&quot;shutter_speed&quot;:&quot;0&quot;,&quot;title&quot;:&quot;&quot;,&quot;orientation&quot;:&quot;0&quot;}\" data-image-title=\"BBB ni\u00f1os migrantes 12\" data-image-description=\"\" data-image-caption=\"\" data-medium-file=\"https:\/\/www.grieta.org.mx\/wp-content\/uploads\/2018\/07\/BBB-ni\u00f1os-migrantes-12-300x169.jpg\" data-large-file=\"https:\/\/www.grieta.org.mx\/wp-content\/uploads\/2018\/07\/BBB-ni\u00f1os-migrantes-12.jpg\" class=\"aligncenter size-full wp-image-24288\" src=\"http:\/\/www.grieta.org.mx\/wp-content\/uploads\/2018\/07\/BBB-ni\u00f1os-migrantes-12.jpg\" alt=\"\" width=\"624\" height=\"351\" srcset=\"https:\/\/www.grieta.org.mx\/wp-content\/uploads\/2018\/07\/BBB-ni\u00f1os-migrantes-12.jpg 624w, https:\/\/www.grieta.org.mx\/wp-content\/uploads\/2018\/07\/BBB-ni\u00f1os-migrantes-12-300x169.jpg 300w\" sizes=\"auto, (max-width: 624px) 100vw, 624px\" \/><br \/>\nM\u00e9xico es un pa\u00eds de tr\u00e1nsito para los migrantes de Centroam\u00e9rica y otras partes del continente que viajan rumbo a Estados Unidos.<\/p>\n<p>Para la activista, hay una l\u00ednea &#8220;muy delgada&#8221; que separa el si es positivo o negativo detener a los miles de ni\u00f1os migrantes que viajan sin familiares, pues muchos son dejados en manos de los traficantes conocidos como &#8220;polleros&#8221; o &#8220;coyotes&#8221;.<\/p>\n<p>&#8220;No est\u00e1 bien que los ni\u00f1os est\u00e9n detenidos, pero tampoco hay albergues que se puedan hacer cargo de ellos&#8221;, por lo que los centros de detenci\u00f3n del INM llegan a ser un salvamento, advierte.<\/p>\n<p>\u00bfQu\u00e9 har\u00e1 el INM?<br \/>\nEl INM ha lanzado el programa de Oficiales de Protecci\u00f3n a la Infancia (OPI) que est\u00e1n especializados en la atenci\u00f3n y defensor\u00eda de ni\u00f1os migrantes.<\/p>\n<p>UNICEF M\u00e9xico ha colaborado con ellos en temas de capacitaci\u00f3n, mejoramiento de mecanismos de protecci\u00f3n y reforzamiento de procedimientos: &#8220;Falta que el enfoque de protecci\u00f3n supere el enfoque de migraci\u00f3n. Que haya sensibilizaci\u00f3n&#8221;, dice Giusti.<\/p>\n<p>Sin embargo, el Consejo Ciudadano del INM ha encontrado que esos funcionarios cumplen &#8220;tanto el rol de autoridad investigadora y juzgadora como el de agente de protecci\u00f3n&#8221; y eso debilita su funci\u00f3n de protectores de los menores.<\/p>\n<p><img loading=\"lazy\" decoding=\"async\" data-attachment-id=\"24289\" data-permalink=\"https:\/\/www.grieta.org.mx\/index.php\/2018\/07\/05\/no-sabian-lo-que-era-ver-la-luz-del-dia-como-mexico-detuvo-y-proceso-a-138-000-ninos-migrantes-en-5-anos\/bbb-ninos-migrantes-13\/\" data-orig-file=\"https:\/\/www.grieta.org.mx\/wp-content\/uploads\/2018\/07\/BBB-ni\u00f1os-migrantes-13.jpg\" data-orig-size=\"624,351\" data-comments-opened=\"0\" data-image-meta=\"{&quot;aperture&quot;:&quot;0&quot;,&quot;credit&quot;:&quot;&quot;,&quot;camera&quot;:&quot;&quot;,&quot;caption&quot;:&quot;&quot;,&quot;created_timestamp&quot;:&quot;0&quot;,&quot;copyright&quot;:&quot;&quot;,&quot;focal_length&quot;:&quot;0&quot;,&quot;iso&quot;:&quot;0&quot;,&quot;shutter_speed&quot;:&quot;0&quot;,&quot;title&quot;:&quot;&quot;,&quot;orientation&quot;:&quot;0&quot;}\" data-image-title=\"BBB ni\u00f1os migrantes 13\" data-image-description=\"\" data-image-caption=\"\" data-medium-file=\"https:\/\/www.grieta.org.mx\/wp-content\/uploads\/2018\/07\/BBB-ni\u00f1os-migrantes-13-300x169.jpg\" data-large-file=\"https:\/\/www.grieta.org.mx\/wp-content\/uploads\/2018\/07\/BBB-ni\u00f1os-migrantes-13.jpg\" class=\"aligncenter size-full wp-image-24289\" src=\"http:\/\/www.grieta.org.mx\/wp-content\/uploads\/2018\/07\/BBB-ni\u00f1os-migrantes-13.jpg\" alt=\"\" width=\"624\" height=\"351\" srcset=\"https:\/\/www.grieta.org.mx\/wp-content\/uploads\/2018\/07\/BBB-ni\u00f1os-migrantes-13.jpg 624w, https:\/\/www.grieta.org.mx\/wp-content\/uploads\/2018\/07\/BBB-ni\u00f1os-migrantes-13-300x169.jpg 300w\" sizes=\"auto, (max-width: 624px) 100vw, 624px\" \/><br \/>\nAdultos y ni\u00f1os arriesgan sus vidas al montar el tren de carga, conocido como &#8220;La Bestia&#8221;, para viajar rumbo a Estados Unidos.<\/p>\n<p>&nbsp;<\/p>\n<p>Carlos Madrazo, del INM, asegura que las recomendaciones urgentes que hizo el Consejo Ciudadano fueron resueltas en las primeras tres semanas tras la publicaci\u00f3n del informe en agosto de 2017, pero otras, por presupuesto, no pueden ser solventadas de inmediato.<\/p>\n<p>Las cr\u00edticas recientes hacia el INM sobre c\u00f3mo M\u00e9xico procesa a los ni\u00f1os migrantes las atribuye a &#8220;un tema de sensibilidad por lo difundido hasta ahora (sobre EE.UU.)&#8221;.<\/p>\n<p>&#8220;Qu\u00e9 bueno que estamos poniendo el doble de atenci\u00f3n en el tema&#8221;, defiende.<\/p>\n<p>Para Dora Giusti, de UNICEF M\u00e9xico, en el pa\u00eds existen ejemplos de centros de cuidados alternativos no privativos de la libertad que se deben reproducir para evitar que contin\u00faen los maltratos f\u00edsicos y psicol\u00f3gicos a los menores.<\/p>\n<p>&#8220;Ah\u00ed creo que es importante que el Estado mexicano invierta, con la sociedad civil, para fortalecer estos modelos&#8221;, considera.<\/p>\n<p>Pero hoy son la excepci\u00f3n y no la regla.<\/p>\n<p><a href=\"http:\/\/www.bbc.com\/mundo\/noticias-america-latina-44719545\" target=\"_blank\" rel=\"noopener\">http:\/\/www.bbc.com\/mundo\/noticias-america-latina-44719545<\/a><\/p>\n<p>&nbsp;<\/p>\n","protected":false},"excerpt":{"rendered":"<p>La pol\u00edtica migratoria de M\u00e9xico procura la no separaci\u00f3n de familias, pero en los hechos es un fen\u00f3meno frecuente. Dar\u00edo Brooks\/BBC NEWS MUNDO En M\u00e9xico no existen &#8220;jaulas&#8221; para la &hellip; <a href=\"https:\/\/www.grieta.org.mx\/index.php\/2018\/07\/05\/no-sabian-lo-que-era-ver-la-luz-del-dia-como-mexico-detuvo-y-proceso-a-138-000-ninos-migrantes-en-5-anos\/\" class=\"more-link\">Leer m\u00e1s<\/a><\/p>\n","protected":false},"author":2,"featured_media":24277,"comment_status":"closed","ping_status":"closed","sticky":false,"template":"","format":"standard","meta":{"ngg_post_thumbnail":0,"_jetpack_newsletter_access":"","_jetpack_dont_email_post_to_subs":false,"_jetpack_newsletter_tier_id":0,"_jetpack_memberships_contains_paywalled_content":false,"_jetpack_memberships_contains_paid_content":false,"footnotes":""},"categories":[80,86,83],"tags":[1410,731,158,1370,1409],"class_list":["post-24276","post","type-post","status-publish","format-standard","has-post-thumbnail","hentry","category-cintillo","category-migrantes","category-temas-nacionales","tag-abusos-contra-migrantes","tag-migracion","tag-migrantes","tag-ninos-migrantes","tag-separacion-de-ninos-migrantes","entry"],"jetpack_featured_media_url":"https:\/\/www.grieta.org.mx\/wp-content\/uploads\/2018\/07\/BBB-ni\u00f1os-migrantes-1.jpg","jetpack_sharing_enabled":true,"jetpack_shortlink":"https:\/\/wp.me\/p7ZJR4-6jy","jetpack_likes_enabled":false,"jetpack-related-posts":[{"id":24473,"url":"https:\/\/www.grieta.org.mx\/index.php\/2018\/06\/22\/en-mexico-como-en-eu-ninos-migrantes-con-frecuencia-son-separados-de-sus-familiares-cuando-son-detenidos-por-el-inm-academica\/","url_meta":{"origin":24276,"position":0},"title":"En M\u00e9xico como en EU, ni\u00f1os migrantes con frecuencia son separados de sus familiares cuando son detenidos por el INM: Acad\u00e9mica","author":"grieta","date":"22 junio, 2018","format":false,"excerpt":"Revoluci\u00f3n En M\u00e9xico como en Estados Unidos, el trato a los ni\u00f1os migrantes es inhumano, ya que son cotidianamente separados de sus familiares cuando son detenidos por autoridades migratorias, acusaron especialistas. Aunque las deportaciones s\u00ed se hacen en familia, expertos en el tema alertaron que, cuando son aprehendidos, los peque\u00f1os\u2026","rel":"","context":"En &quot;CINTILLO&quot;","block_context":{"text":"CINTILLO","link":"https:\/\/www.grieta.org.mx\/index.php\/category\/cintillo\/"},"img":{"alt_text":"","src":"https:\/\/i0.wp.com\/www.grieta.org.mx\/wp-content\/uploads\/2018\/07\/direct.png?resize=350%2C200&ssl=1","width":350,"height":200,"srcset":"https:\/\/i0.wp.com\/www.grieta.org.mx\/wp-content\/uploads\/2018\/07\/direct.png?resize=350%2C200&ssl=1 1x, https:\/\/i0.wp.com\/www.grieta.org.mx\/wp-content\/uploads\/2018\/07\/direct.png?resize=525%2C300&ssl=1 1.5x"},"classes":[]},{"id":43514,"url":"https:\/\/www.grieta.org.mx\/index.php\/2020\/01\/25\/caravaneritos-el-otro-rostro-de-la-migracion\/","url_meta":{"origin":24276,"position":1},"title":"Caravaneritos, el otro rostro de la migraci\u00f3n","author":"grieta","date":"25 enero, 2020","format":false,"excerpt":"Francisco Rodr\u00edguez\/ VANGUARDIA MX Un gran n\u00famero de integrantes de las caravanas de migrantes son menores de edad que viajan con sus familias PIEDRAS NEGRAS.- En 2019, el \u00e9xodo migratorio mundial se materializ\u00f3 en una oleada de hombres y mujeres procedentes de Centroam\u00e9rica en la frontera de M\u00e9xico con Estados\u2026","rel":"","context":"En &quot;CINTILLO&quot;","block_context":{"text":"CINTILLO","link":"https:\/\/www.grieta.org.mx\/index.php\/category\/cintillo\/"},"img":{"alt_text":"","src":"https:\/\/i0.wp.com\/www.grieta.org.mx\/wp-content\/uploads\/2020\/01\/b04_caravaneritos.jpg?resize=350%2C200&ssl=1","width":350,"height":200,"srcset":"https:\/\/i0.wp.com\/www.grieta.org.mx\/wp-content\/uploads\/2020\/01\/b04_caravaneritos.jpg?resize=350%2C200&ssl=1 1x, https:\/\/i0.wp.com\/www.grieta.org.mx\/wp-content\/uploads\/2020\/01\/b04_caravaneritos.jpg?resize=525%2C300&ssl=1 1.5x, https:\/\/i0.wp.com\/www.grieta.org.mx\/wp-content\/uploads\/2020\/01\/b04_caravaneritos.jpg?resize=700%2C400&ssl=1 2x, https:\/\/i0.wp.com\/www.grieta.org.mx\/wp-content\/uploads\/2020\/01\/b04_caravaneritos.jpg?resize=1050%2C600&ssl=1 3x"},"classes":[]},{"id":25957,"url":"https:\/\/www.grieta.org.mx\/index.php\/2018\/07\/19\/el-muro-en-el-sur-de-mexico-tambien-funciona-detenciones-de-ninos-migrantes-se-disparan-90-2\/","url_meta":{"origin":24276,"position":2},"title":"El muro en el sur de M\u00e9xico tambi\u00e9n funciona: detenciones de ni\u00f1os migrantes se disparan 90%","author":"grieta","date":"19 julio, 2018","format":false,"excerpt":"Este nuevo \u2018brote\u2019 de detenciones coincide con la crisis\u2019 de ni\u00f1os migrantes de Estados Unidos; el Instituto Nacional de Migraci\u00f3n sostiene que en ninguno caso los menores no acompa\u00f1ados son llevados a estaciones migratorias. Manu Ureste\/ANIMAL POL\u00cdTICO La detenci\u00f3n en M\u00e9xico de menores migrantes indocumentados se ha vuelto a disparar\u2026","rel":"","context":"En &quot;CINTILLO&quot;","block_context":{"text":"CINTILLO","link":"https:\/\/www.grieta.org.mx\/index.php\/category\/cintillo\/"},"img":{"alt_text":"","src":"https:\/\/i0.wp.com\/www.grieta.org.mx\/wp-content\/uploads\/2018\/08\/Migrantes_Coatzacualcos-4.jpg?resize=350%2C200&ssl=1","width":350,"height":200,"srcset":"https:\/\/i0.wp.com\/www.grieta.org.mx\/wp-content\/uploads\/2018\/08\/Migrantes_Coatzacualcos-4.jpg?resize=350%2C200&ssl=1 1x, https:\/\/i0.wp.com\/www.grieta.org.mx\/wp-content\/uploads\/2018\/08\/Migrantes_Coatzacualcos-4.jpg?resize=525%2C300&ssl=1 1.5x, https:\/\/i0.wp.com\/www.grieta.org.mx\/wp-content\/uploads\/2018\/08\/Migrantes_Coatzacualcos-4.jpg?resize=700%2C400&ssl=1 2x"},"classes":[]},{"id":35666,"url":"https:\/\/www.grieta.org.mx\/index.php\/2019\/06\/30\/al-menos-13-ninos-han-muerto-en-la-frontera-mexico-eu-durante-2019-oim\/","url_meta":{"origin":24276,"position":3},"title":"Al menos 13 ni\u00f1os han muerto en la frontera M\u00e9xico-EU durante 2019: OIM","author":"grieta","date":"30 junio, 2019","format":false,"excerpt":"Maurizio Guerrero\/ PROCESO NUEVA YORK (proceso.com.mx).- Al menos 13 menores de edad han muerto en los primeros seis meses de 2019 en su intento por cruzar la frontera M\u00e9xico-Estados Unidos, lo que convierte a este a\u00f1o en el m\u00e1s mort\u00edfero en la historia moderna para los ni\u00f1os que emigran a\u2026","rel":"","context":"En &quot;CINTILLO&quot;","block_context":{"text":"CINTILLO","link":"https:\/\/www.grieta.org.mx\/index.php\/category\/cintillo\/"},"img":{"alt_text":"","src":"https:\/\/i0.wp.com\/www.grieta.org.mx\/wp-content\/uploads\/2019\/06\/muro-1-702x468.jpg?resize=350%2C200&ssl=1","width":350,"height":200,"srcset":"https:\/\/i0.wp.com\/www.grieta.org.mx\/wp-content\/uploads\/2019\/06\/muro-1-702x468.jpg?resize=350%2C200&ssl=1 1x, https:\/\/i0.wp.com\/www.grieta.org.mx\/wp-content\/uploads\/2019\/06\/muro-1-702x468.jpg?resize=525%2C300&ssl=1 1.5x, https:\/\/i0.wp.com\/www.grieta.org.mx\/wp-content\/uploads\/2019\/06\/muro-1-702x468.jpg?resize=700%2C400&ssl=1 2x"},"classes":[]},{"id":37058,"url":"https:\/\/www.grieta.org.mx\/index.php\/2019\/07\/25\/cidh-arremete-contra-eeuu-y-mexico-por-sus-politicas-migratorias\/","url_meta":{"origin":24276,"position":4},"title":"CIDH arremete contra EEUU y M\u00e9xico por sus pol\u00edticas migratorias","author":"grieta","date":"25 julio, 2019","format":false,"excerpt":"HISPANTV La Comisi\u00f3n Interamericana de Derechos Humanos (CIDH) critica las pol\u00edticas migratorias de Estados Unidos y M\u00e9xico por violar los derechos humanos. A trav\u00e9s de un comunicado, publicado el martes, la CIDH destac\u00f3 que las pol\u00edticas migratorias adoptadas por Estados Unidos y M\u00e9xico \u201cson contrarias a obligaciones en materia de\u2026","rel":"","context":"En &quot;CINTILLO&quot;","block_context":{"text":"CINTILLO","link":"https:\/\/www.grieta.org.mx\/index.php\/category\/cintillo\/"},"img":{"alt_text":"","src":"https:\/\/i0.wp.com\/www.grieta.org.mx\/wp-content\/uploads\/2019\/07\/01411208_xl.jpg?resize=350%2C200&ssl=1","width":350,"height":200,"srcset":"https:\/\/i0.wp.com\/www.grieta.org.mx\/wp-content\/uploads\/2019\/07\/01411208_xl.jpg?resize=350%2C200&ssl=1 1x, https:\/\/i0.wp.com\/www.grieta.org.mx\/wp-content\/uploads\/2019\/07\/01411208_xl.jpg?resize=525%2C300&ssl=1 1.5x, https:\/\/i0.wp.com\/www.grieta.org.mx\/wp-content\/uploads\/2019\/07\/01411208_xl.jpg?resize=700%2C400&ssl=1 2x"},"classes":[]},{"id":57910,"url":"https:\/\/www.grieta.org.mx\/index.php\/2021\/03\/18\/mas-de-14-mil-ninos-migrantes-estan-bajo-la-custodia-del-gobierno-en-eu-reconocen-funcionarios\/","url_meta":{"origin":24276,"position":5},"title":"M\u00e1s de 14 mil ni\u00f1os migrantes est\u00e1n bajo la custodia del Gobierno en EU, reconocen funcionarios","author":"grieta","date":"18 marzo, 2021","format":false,"excerpt":"Hasta febrero hab\u00edan sido detenidos en el presente a\u00f1o fiscal, que se inici\u00f3 en octubre de 2020, unos 29 mil menores de edad no acompa\u00f1ados. \u00a0 Washington, 18 marzo (EFE).- M\u00e1s de 14 mil migrantes menores de edad que atravesaron la frontera con M\u00e9xico solos permanecen bajo custodia de agencias\u2026","rel":"","context":"En &quot;CINTILLO&quot;","block_context":{"text":"CINTILLO","link":"https:\/\/www.grieta.org.mx\/index.php\/category\/cintillo\/"},"img":{"alt_text":"","src":"https:\/\/i0.wp.com\/www.grieta.org.mx\/wp-content\/uploads\/2018\/03\/14524434_1106112876131411_958039263622046936_o.jpg?resize=350%2C200&ssl=1","width":350,"height":200,"srcset":"https:\/\/i0.wp.com\/www.grieta.org.mx\/wp-content\/uploads\/2018\/03\/14524434_1106112876131411_958039263622046936_o.jpg?resize=350%2C200&ssl=1 1x, https:\/\/i0.wp.com\/www.grieta.org.mx\/wp-content\/uploads\/2018\/03\/14524434_1106112876131411_958039263622046936_o.jpg?resize=525%2C300&ssl=1 1.5x, https:\/\/i0.wp.com\/www.grieta.org.mx\/wp-content\/uploads\/2018\/03\/14524434_1106112876131411_958039263622046936_o.jpg?resize=700%2C400&ssl=1 2x"},"classes":[]}],"_links":{"self":[{"href":"https:\/\/www.grieta.org.mx\/index.php\/wp-json\/wp\/v2\/posts\/24276","targetHints":{"allow":["GET"]}}],"collection":[{"href":"https:\/\/www.grieta.org.mx\/index.php\/wp-json\/wp\/v2\/posts"}],"about":[{"href":"https:\/\/www.grieta.org.mx\/index.php\/wp-json\/wp\/v2\/types\/post"}],"author":[{"embeddable":true,"href":"https:\/\/www.grieta.org.mx\/index.php\/wp-json\/wp\/v2\/users\/2"}],"replies":[{"embeddable":true,"href":"https:\/\/www.grieta.org.mx\/index.php\/wp-json\/wp\/v2\/comments?post=24276"}],"version-history":[{"count":1,"href":"https:\/\/www.grieta.org.mx\/index.php\/wp-json\/wp\/v2\/posts\/24276\/revisions"}],"predecessor-version":[{"id":24301,"href":"https:\/\/www.grieta.org.mx\/index.php\/wp-json\/wp\/v2\/posts\/24276\/revisions\/24301"}],"wp:featuredmedia":[{"embeddable":true,"href":"https:\/\/www.grieta.org.mx\/index.php\/wp-json\/wp\/v2\/media\/24277"}],"wp:attachment":[{"href":"https:\/\/www.grieta.org.mx\/index.php\/wp-json\/wp\/v2\/media?parent=24276"}],"wp:term":[{"taxonomy":"category","embeddable":true,"href":"https:\/\/www.grieta.org.mx\/index.php\/wp-json\/wp\/v2\/categories?post=24276"},{"taxonomy":"post_tag","embeddable":true,"href":"https:\/\/www.grieta.org.mx\/index.php\/wp-json\/wp\/v2\/tags?post=24276"}],"curies":[{"name":"wp","href":"https:\/\/api.w.org\/{rel}","templated":true}]}}