{"id":24269,"date":"2018-07-04T22:23:09","date_gmt":"2018-07-05T03:23:09","guid":{"rendered":"http:\/\/www.grieta.org.mx\/?p=24269"},"modified":"2018-07-06T07:59:29","modified_gmt":"2018-07-06T12:59:29","slug":"el-gasoducto-sonora-pisotea-los-derechos-de-pueblos-indigenas-mayo-y-yaqui-determina-la-cndh","status":"publish","type":"post","link":"https:\/\/www.grieta.org.mx\/index.php\/2018\/07\/04\/el-gasoducto-sonora-pisotea-los-derechos-de-pueblos-indigenas-mayo-y-yaqui-determina-la-cndh\/","title":{"rendered":"El Gasoducto Sonora pisotea los derechos de pueblos ind\u00edgenas mayo y yaqui, determina la CNDH"},"content":{"rendered":"<p>Redacci\u00f3n\/ Sin Embargo<\/p>\n<blockquote><p>La CNDH emiti\u00f3 la recomendaci\u00f3n 17\/2018, dirigida al Secretario de Energ\u00eda, Pedro Joaqu\u00edn Coldwell, por violar el derecho humano a la consulta previa, libre e informada de las comunidades ind\u00edgenas del Pueblo Mayo y la Tribu Yaqui al avalar la construcci\u00f3n del Gasoducto Sonora.<\/p>\n<p>El proyecto Gasoducto Sonora, ubicado en el segmento Guaymas-El Oro, fue asignado ala empresa Gasoducto Aguaprieta, filial de Infraestructura Energ\u00e9tica Nova (IEnova), mediante licitaci\u00f3n p\u00fablica internacional abierta.<\/p>\n<p>IEnova es, adem\u00e1s, la filial en M\u00e9xico de la empresa norteamericana Sempra Energy, en cuyo consejo de direcci\u00f3n participa desde 2006 Luis T\u00e9llez Ku\u00e9nzler, ex Secretario de Energ\u00eda y de Comunicaciones y Transportes.<\/p><\/blockquote>\n<p>Ciudad de M\u00e9xico, 4 de julio (SinEmbargo).\u2013 La Secretar\u00eda de Energ\u00eda viol\u00f3 el derecho humano a la consulta previa, libre e informada de las comunidades ind\u00edgenas del Pueblo Mayo y la Tribu Yaqui al avalar la construcci\u00f3n del Gasoducto Sonora, determin\u00f3 la Comisi\u00f3n Nacional de los Derechos Humanos (CNDH).<\/p>\n<blockquote><p>A trav\u00e9s de la recomendaci\u00f3n 17\/2018, dirigida al Secretario de Energ\u00eda, Pedro Joaqu\u00edn Coldwell, el organismo defensor de los derechos humanos pidi\u00f3 reparar el da\u00f1o a las comunidades en los t\u00e9rminos de la Ley General de V\u00edctimas y le dio un plazo de 12 meses para que dise\u00f1e un registro que incluya a todas las empresas que participan en proyectos que afectan a los pueblos ind\u00edgenas de M\u00e9xico.<\/p><\/blockquote>\n<p>El proyecto Gasoducto Sonora, ubicado en el segmento Guaymas-El Oro, fue asignado ala empresa Gasoducto Aguaprieta, filial de Infraestructura Energ\u00e9tica Nova (IEnova), mediante licitaci\u00f3n p\u00fablica internacional abierta, que consiste en el dise\u00f1o y operaci\u00f3n de un sistema de transporte de gas natural con longitud de 327 mil 722 kil\u00f3metros.<\/p>\n<p>La empresa privada construye el gasoducto al noreste de M\u00e9xico en un territorio comunal des\u00e9rtico. Hasta hace cuatro a\u00f1os, y antes de la Conquista, s\u00f3lo era sagrado para la comunidad ind\u00edgena yaqui, compuesta por ocho pueblos ubicados al sur de la entidad de Sonora: C\u00f3corit, T\u00f3rim, V\u00edcam, P\u00f3tam, Huibiris, Rahum, Bel\u00e9n y B\u00e1cum.<\/p>\n<p>Ahora, sobre ese suelo caliente resguardado por sus ancestros, se planea un proyecto energ\u00e9tico desde la frontera con Estados Unidos a Sinaloa para proveer de gas natural a la Comisi\u00f3n Federal de Electricidad (CFE).<\/p>\n<blockquote><p>Sin embargo, los habitantes de Loma de B\u00e1cum \u2013por donde pasar\u00edan 16 de los 90 kil\u00f3metros dentro del territorio yaqui\u2013 se han opuesto por el riesgo de una explosi\u00f3n del metano que afectar\u00eda a unos 15 mil habitantes, as\u00ed como por la falta de una consulta previa, libre e informada, un derecho internacional de comunidades ind\u00edgenas establecido en el Convenio 169 de la Organizaci\u00f3n de las Naciones Unidas (ONU).<\/p><\/blockquote>\n<p>Sus usos y costumbres, entre ellos resguardar su territorio aun con la vida y solicitar autorizaci\u00f3n entre ellos para llegar a un consenso en cualquier decisi\u00f3n, choca con la visi\u00f3n empresarial y eso, al intentar comprar su aprobaci\u00f3n, ha destruido su tejido social.<\/p>\n<blockquote><p>La Secretar\u00eda de Energ\u00eda ten\u00eda la responsabilidad de vigilar que la empresa consultara a las comunidades de Navojoa, \u00c1lamos y Huatabampo del Pueblo Mayo y de Loma de B\u00e1cum de la Tribu Yaqui para iniciar la construcci\u00f3n del proyecto, debido a que eran susceptibles de afectaci\u00f3n.<\/p><\/blockquote>\n<p>Sin embargo, de acuerdo con la investigaci\u00f3n realizada por la CNDH y con base en el expediente CNDH\/4\/2016\/7613\/Q, se confirm\u00f3 que en el primer caso relacionado con las comunidades del Pueblo Mayo, la Secretar\u00eda de Energ\u00eda \u00fanicamente realiz\u00f3 \u201cun ejercicio de di\u00e1logo con una comunidad ind\u00edgena de Masiaca\u201d, sin incluir en el procedimiento de consulta previa al resto de las comunidades que anticipadamente decret\u00f3 la procedencia de la consulta.<\/p>\n<blockquote><p>Para otorgar la concesi\u00f3n, la dependencia s\u00f3lo se bas\u00f3 en un \u201cdictamen t\u00e9cnico\u201d que a su vez fue elaborado considerando el \u201cdiagn\u00f3stico sociocultural\u201d emitido por la propia empresa privada.<\/p><\/blockquote>\n<p>Bajo este contexto, la CNDH constat\u00f3 que la Sener no realiz\u00f3 un procedimiento de consulta previa, en tanto que la empresa suscribi\u00f3 contratos de servidumbre solo con la comunidad Masiaca, a pesar de haber determinado que realizar\u00eda un procedimiento de consulta a las comunidades Navojoa, \u00c1lamos y Huatabampo.<\/p>\n<p>Ante estas irregularidades, la CNDH estim\u00f3 que la dependencia federal no realiz\u00f3 un procedimiento adecuado de consulta previa, que incluyera un estudio de impacto sociocultural con los est\u00e1ndares internacionales de derechos humanos debidos, lo que vulner\u00f3 el derecho a la propiedad colectiva de las comunidades Navojoa, \u00c1lamos y Huatabampo del Pueblo Mayo.<\/p>\n<p>LAS IRREGULARIDADES EN EL PROYECTO<\/p>\n<p>Durante el procedimiento de consulta, la empresa privada y siete de los ocho pueblos de la Tribu Yaqui acordaron seguir con el desarrollo del proyecto, no as\u00ed las autoridades del Pueblo de Loma de B\u00e1cum, quienes expresaron su \u201crechazo rotundo y categ\u00f3rico a la construcci\u00f3n y operaci\u00f3n del Gasoducto Sonora.<\/p>\n<blockquote><p>Pese a que uno de los pueblos no estaba de acuerdo, la Sener cerr\u00f3 del procedimiento de consulta previa y notific\u00f3 a la empresa privada para que se iniciara el proceso de construcci\u00f3n del Gasoducto Sonora, as\u00ed como la emisi\u00f3n de una resoluci\u00f3n en la cual solicit\u00f3 a la empresa llevar a cabo todo lo necesario para respetar y tener la debida diligencia para no afectar los derechos del Pueblo de Loma de B\u00e1cum, teniendo como efecto que la empresa evaluara una posible ruta alternativa que permitiera respetar su territorio.<\/p><\/blockquote>\n<p>La empresa expres\u00f3 que no modificar\u00eda el trazo del proyecto, justific\u00e1ndose en obst\u00e1culos en los contratos, t\u00e9rminos legales y lo econ\u00f3mico, razones que fueron asumidas como la posici\u00f3n oficial del Estado frente a la problem\u00e1tica, por lo cual el Gasoducto Sonora fue construido y actualmente se encuentra operando.<\/p>\n<blockquote><p>\u201cDicha actuaci\u00f3n pone de manifiesto que la Sener fue omisa en debida diligencia, supervisi\u00f3n, control y garant\u00eda del derecho a la consulta y es responsable por la violaci\u00f3n del derecho a la consulta afectando la propiedad colectiva del Pueblo de Loma de B\u00e1cum\u201d, se\u00f1al\u00f3 el organismo.<\/p><\/blockquote>\n<p>Tambi\u00e9n concluy\u00f3 que la Secretar\u00eda de Energ\u00eda tiene responsabilidad institucional por las conductas y omisiones que generaron que no se realizara un procedimiento adecuado de consulta que incluyera un estudio de impacto sociocultural con los est\u00e1ndares debidos afectando a las comunidades del Pueblo Mayo; as\u00ed como por la violaci\u00f3n del derecho a la consulta afectando a la propiedad colectiva del Pueblo Yaqui de Loma de B\u00e1cum.<\/p>\n<p>Por lo anterior, la CNDH recomend\u00f3 al titular de la Sener reparar el da\u00f1o causado a las comunidades Navojoa, \u00c1lamos y Huatabampo del Pueblo Mayo, y al Pueblo de Loma de B\u00e1cum de la Tribu Yaqui, en los t\u00e9rminos de la Ley General de V\u00edctimas, y se env\u00eden las constancias que acrediten su cumplimiento.<\/p>\n<p>Adem\u00e1s, le pidi\u00f3 que implemente, en un plazo m\u00e1ximo de 12 meses, un registro administrativo de aquellas empresas con las cuales ha participado y participar\u00e1 en proyectos que fueron consultados o deben ser consultados a las comunidades ind\u00edgenas. Una vez instaurado, deber\u00e1 incorporar copia de la presente Recomendaci\u00f3n en el expediente de la empresa privada, y remitir las constancias que acrediten su cumplimiento.<\/p>\n<p>En el mismo lapso, la Sener debe dise\u00f1ar un programa integral de educaci\u00f3n, formaci\u00f3n y capacitaci\u00f3n en materia de derechos humanos, espec\u00edficamente sobre: 1) los derechos a la consulta y a la propiedad colectiva, con \u00e9nfasis en proyectos de desarrollo o de gran escala, y 2) el contenido de los Principios Rectores sobre las empresas y los derechos humanos de las Naciones Unidas.<\/p>\n<blockquote><p>El a\u00f1o pasado, SinEmbargo convers\u00f3 con los integrantes de la Guardia Tradicional, la m\u00e1xima autoridad yaqui, as\u00ed como con algunos de sus habitante. Acusaron que \u201ctraidores aliados al gobierno [estatal]\u201d y miembros de la Guardia Tradicional de los siete pueblos yaquis restantes fueron quienes firmaron el contrato a cambio de 7.5 millones de pesos por pueblo, dinero que, calculan, no fue repartido por completo entre sus 40 mil habitantes, cuya mayor\u00eda no est\u00e1 de acuerdo con la instalaci\u00f3n e incluso ignoraban el plan.<\/p><\/blockquote>\n<p>Es como si pasaran a tu casa sin pedirte permiso, explicaron los yaquis Hirginio Ochoa y Paulino Valenzuela.<\/p>\n<p>En la empresa IEnova, que ha invertido 7 mil millones de d\u00f3lares en M\u00e9xico para proyectos de gas y electricidad, se presenta el fen\u00f3meno de la puerta giratoria, esto es, pasar del sector p\u00fablico al privado con informaci\u00f3n privilegiada para facilitar el negocio. Est\u00e1 bajo la direcci\u00f3n de Carlos Ruiz Sacrist\u00e1n, quien durante diciembre de 1994 dirigi\u00f3 Petr\u00f3leos Mexicanos (Pemex), la petrolera estatal, y posteriormente fue designado como Secretario de Comunicaciones y Transportes (1994-2000).<\/p>\n<blockquote><p>IEnova es, adem\u00e1s, la filial en M\u00e9xico de la empresa norteamericana Sempra Energy, en cuyo consejo de direcci\u00f3n participa desde 2006 Luis T\u00e9llez Ku\u00e9nzler, ex Secretario de Energ\u00eda y de Comunicaciones y Transportes.<\/p><\/blockquote>\n<p>Guadalupe Flores Maldonado, miembro de la Guardia Tradicional y a quien califican como \u201cel intelectual\u201d del grupo, tiene identificados los nombres de las compa\u00f1\u00edas. Un polic\u00eda municipal le advirti\u00f3 que esa empresa, Gasoducto Aguaprieta, \u201cno ve humanos, sino objetivos a erradicar\u201d.<\/p>\n<p>Vive en Loma de B\u00e1cum, a treinta minutos de Ciudad Obreg\u00f3n, el \u00fanico pueblo de los ocho que conforman la comunidad ind\u00edgena yaqui que no ha aceptado la construcci\u00f3n del gasoducto; justamente el pueblo \u201ccapital\u201d de la comunidad yaqui, ya que alberga a la Iglesia de la Virgen del Camino, por quien se re\u00fanen los ocho pueblos cada 2 de julio para celebrarla. Por usos y costumbres, est\u00e1 prohibido tomar fotos o videos en ese festejo. Quien lo haga, cont\u00f3 un taxista de Ciudad Obreg\u00f3n, es golpeado y amarrado a un \u00e1rbol.<\/p>\n<p>Flores acus\u00f3 que Sempra Energy ya ha tenido accidentes en Estados Unidos, como la explosi\u00f3n registrada en Alabama a finales de 2016, por que lo no conf\u00eda en su forma de operar los gasoductos. \u201cPara ellos los recursos naturales son mercanc\u00eda, pero para nosotros es un deber sagrado defenderlos\u201d, asegur\u00f3.<\/p>\n<p><a href=\"http:\/\/www.sinembargo.mx\/04-07-2018\/3437648\" rel=\"noopener\" target=\"_blank\">http:\/\/www.sinembargo.mx\/04-07-2018\/3437648<\/a><\/p>\n","protected":false},"excerpt":{"rendered":"<p>Redacci\u00f3n\/ Sin Embargo La CNDH emiti\u00f3 la recomendaci\u00f3n 17\/2018, dirigida al Secretario de Energ\u00eda, Pedro Joaqu\u00edn Coldwell, por violar el derecho humano a la consulta previa, libre e informada de &hellip; <a href=\"https:\/\/www.grieta.org.mx\/index.php\/2018\/07\/04\/el-gasoducto-sonora-pisotea-los-derechos-de-pueblos-indigenas-mayo-y-yaqui-determina-la-cndh\/\" class=\"more-link\">Leer m\u00e1s<\/a><\/p>\n","protected":false},"author":2,"featured_media":21928,"comment_status":"closed","ping_status":"closed","sticky":false,"template":"","format":"standard","meta":{"ngg_post_thumbnail":0,"_jetpack_newsletter_access":"","_jetpack_dont_email_post_to_subs":false,"_jetpack_newsletter_tier_id":0,"_jetpack_memberships_contains_paywalled_content":false,"_jetpack_memberships_contains_paid_content":false,"footnotes":""},"categories":[65,80,1,1405,1407,1406,922,947,2,456,31],"tags":[1408,462],"class_list":{"0":"post-24269","1":"post","2":"type-post","3":"status-publish","4":"format-standard","5":"has-post-thumbnail","6":"hentry","7":"category-21-yaquis","8":"category-cintillo","9":"category-espejos-de-la-resistencia","10":"category-lucha-y-resistencia-de-los-pueblos-originarios-en-sonora","11":"category-lucha-y-resistencia-del-pueblo-yoreme","12":"category-lucha-y-resistencia-del-pueblo-yaqui","13":"category-megaproyectos-estados","14":"category-mp-sonora","15":"category-noticias-nacionales","16":"category-sonora","18":"tag-pueblo-yoreme","19":"tag-tribu-yaqui","20":"entry"},"jetpack_featured_media_url":"https:\/\/www.grieta.org.mx\/wp-content\/uploads\/2018\/03\/14524434_1106112876131411_958039263622046936_o.jpg","jetpack_sharing_enabled":true,"jetpack_shortlink":"https:\/\/wp.me\/p7ZJR4-6jr","jetpack_likes_enabled":false,"jetpack-related-posts":[{"id":28118,"url":"https:\/\/www.grieta.org.mx\/index.php\/2018\/11\/30\/se-intensifican-las-amenazas-contra-opositores-al-gasoducto-en-comunidad-yaqui-de-sonora\/","url_meta":{"origin":24269,"position":0},"title":"Se intensifican las amenazas contra opositores al gasoducto en comunidad yaqui de Sonora","author":"grieta","date":"30 noviembre, 2018","format":false,"excerpt":"Habitantes de la localidad Loma de B\u00e1cum reciben constantes advertencias de que ser\u00e1n agredidos si no cesan su resistencia a la operaci\u00f3n del gasoducto Sonora. En las \u00faltimas semanas las amenazas incluyen fechas: los \u00faltimos d\u00edas de noviembre ser\u00e1n atacados si no aceptan el proyecto. \/ANIMAL POL\u00ccTICO Las amenazas contra\u2026","rel":"","context":"En &quot;21. Yaquis&quot;","block_context":{"text":"21. Yaquis","link":"https:\/\/www.grieta.org.mx\/index.php\/category\/espejos-de-la-resistencia\/21-yaquis\/"},"img":{"alt_text":"","src":"https:\/\/i0.wp.com\/www.grieta.org.mx\/wp-content\/uploads\/2019\/01\/gasoducto.jpg?resize=350%2C200&ssl=1","width":350,"height":200,"srcset":"https:\/\/i0.wp.com\/www.grieta.org.mx\/wp-content\/uploads\/2019\/01\/gasoducto.jpg?resize=350%2C200&ssl=1 1x, https:\/\/i0.wp.com\/www.grieta.org.mx\/wp-content\/uploads\/2019\/01\/gasoducto.jpg?resize=525%2C300&ssl=1 1.5x, https:\/\/i0.wp.com\/www.grieta.org.mx\/wp-content\/uploads\/2019\/01\/gasoducto.jpg?resize=700%2C400&ssl=1 2x"},"classes":[]},{"id":37483,"url":"https:\/\/www.grieta.org.mx\/index.php\/2019\/07\/12\/niega-juzgado-amparo-a-habitantes-de-loma-de-bacum-para-que-no-se-instale-gasoducto-impugnaran-resolutivo-sonora\/","url_meta":{"origin":24269,"position":1},"title":"Niega juzgado amparo a habitantes de Loma de B\u00e1cum para que no se instale gasoducto; impugnar\u00e1n resolutivo (Sonora)","author":"grieta","date":"12 julio, 2019","format":false,"excerpt":"Astrid Arellano\/ PROYECTO PUENTE Loma de B\u00e1cum impugnar\u00e1 el resolutivo del Juzgado S\u00e9ptimo de Distrito que les neg\u00f3 el amparo en contra de la consulta al pueblo ind\u00edgena; lo que validaba la instalaci\u00f3n del gasoducto de la compa\u00f1\u00eda IENova al sur de Sonora, pero \u201cir\u00e1n hasta las \u00faltimas consecuencias en\u2026","rel":"","context":"En &quot;CINTILLO&quot;","block_context":{"text":"CINTILLO","link":"https:\/\/www.grieta.org.mx\/index.php\/category\/cintillo\/"},"img":{"alt_text":"","src":"https:\/\/i0.wp.com\/www.grieta.org.mx\/wp-content\/uploads\/2018\/03\/14524434_1106112876131411_958039263622046936_o.jpg?resize=350%2C200&ssl=1","width":350,"height":200,"srcset":"https:\/\/i0.wp.com\/www.grieta.org.mx\/wp-content\/uploads\/2018\/03\/14524434_1106112876131411_958039263622046936_o.jpg?resize=350%2C200&ssl=1 1x, https:\/\/i0.wp.com\/www.grieta.org.mx\/wp-content\/uploads\/2018\/03\/14524434_1106112876131411_958039263622046936_o.jpg?resize=525%2C300&ssl=1 1.5x, https:\/\/i0.wp.com\/www.grieta.org.mx\/wp-content\/uploads\/2018\/03\/14524434_1106112876131411_958039263622046936_o.jpg?resize=700%2C400&ssl=1 2x"},"classes":[]},{"id":9051,"url":"https:\/\/www.grieta.org.mx\/index.php\/2016\/08\/24\/lucha-y-resistencia-de-la-tribu-yaqui\/","url_meta":{"origin":24269,"position":2},"title":"Lucha y resistencia de la tribu yaqui","author":"Admin","date":"24 agosto, 2016","format":false,"excerpt":"IEnova despoja tierras de la reserva ind\u00edgena yaqui para construcci\u00f3n de Gasoducto Sonora 24\/08\/16. Gasoducto divide a los yaquis El Universal Lucha de la tribu Yaqui en defensa del agua y contra el Acueducto Independencia 22\/02\/16. Contin\u00faa la lucha del agua de la Tribu Yaqui Contral\u00ednea 07\/12\/15. Liberan yaquis carretera\u2026","rel":"","context":"En &quot;21. Yaquis&quot;","block_context":{"text":"21. Yaquis","link":"https:\/\/www.grieta.org.mx\/index.php\/category\/espejos-de-la-resistencia\/21-yaquis\/"},"img":{"alt_text":"","src":"https:\/\/i0.wp.com\/www.grieta.org.mx\/wp-content\/uploads\/2018\/03\/14524434_1106112876131411_958039263622046936_o.jpg?resize=350%2C200&ssl=1","width":350,"height":200,"srcset":"https:\/\/i0.wp.com\/www.grieta.org.mx\/wp-content\/uploads\/2018\/03\/14524434_1106112876131411_958039263622046936_o.jpg?resize=350%2C200&ssl=1 1x, https:\/\/i0.wp.com\/www.grieta.org.mx\/wp-content\/uploads\/2018\/03\/14524434_1106112876131411_958039263622046936_o.jpg?resize=525%2C300&ssl=1 1.5x, https:\/\/i0.wp.com\/www.grieta.org.mx\/wp-content\/uploads\/2018\/03\/14524434_1106112876131411_958039263622046936_o.jpg?resize=700%2C400&ssl=1 2x"},"classes":[]},{"id":24271,"url":"https:\/\/www.grieta.org.mx\/index.php\/2017\/07\/26\/los-enganaron-con-el-acueducto-y-despues-con-gasoducto-extranjero-yaquis-estan-hartos\/","url_meta":{"origin":24269,"position":3},"title":"Los enga\u00f1aron con el Acueducto y, despu\u00e9s, con gasoducto extranjero; yaquis est\u00e1n hartos (Sonora)","author":"grieta","date":"26 julio, 2017","format":false,"excerpt":"? Dulce Olvera\/ Sin Embargo \u201cA nuestros ancestros les toc\u00f3 cuidar la tierra y ahora nosotros somos los responsables\u201d, dicen habitantes de la comunidad ind\u00edgena de Loma Bac\u00fam, Sonora, una de las ocho [C\u00f3corit, T\u00f3rim, V\u00edcam, P\u00f3tam, Huibiris, Rahum y Bel\u00e9n], que se han levantado en contra la construcci\u00f3n del\u2026","rel":"","context":"En &quot;21. Yaquis&quot;","block_context":{"text":"21. Yaquis","link":"https:\/\/www.grieta.org.mx\/index.php\/category\/espejos-de-la-resistencia\/21-yaquis\/"},"img":{"alt_text":"","src":"https:\/\/i0.wp.com\/www.grieta.org.mx\/wp-content\/uploads\/2018\/07\/loma-bacum01-700.jpg?resize=350%2C200&ssl=1","width":350,"height":200,"srcset":"https:\/\/i0.wp.com\/www.grieta.org.mx\/wp-content\/uploads\/2018\/07\/loma-bacum01-700.jpg?resize=350%2C200&ssl=1 1x, https:\/\/i0.wp.com\/www.grieta.org.mx\/wp-content\/uploads\/2018\/07\/loma-bacum01-700.jpg?resize=525%2C300&ssl=1 1.5x, https:\/\/i0.wp.com\/www.grieta.org.mx\/wp-content\/uploads\/2018\/07\/loma-bacum01-700.jpg?resize=700%2C400&ssl=1 2x"},"classes":[]},{"id":37532,"url":"https:\/\/www.grieta.org.mx\/index.php\/2019\/08\/05\/ienova-gana-4-meses-con-la-cfe-sobre-el-ducto-guaymas-el-oro-y-firma-suspension-de-plazos-sonora\/","url_meta":{"origin":24269,"position":4},"title":"IEnova gana 4 meses con la CFE sobre el ducto Guaymas-El Oro y firma suspensi\u00f3n de plazos (Sonora)","author":"grieta","date":"5 agosto, 2019","format":false,"excerpt":"Redacci\u00f3n \/ Sin Embargo. La empresa recalc\u00f3 que esta es una muestra del compromiso de mantener el di\u00e1logo con el Gobierno Federal y la CFE y lograr un acuerdo. FOTO: IENOVA. Diecisiete d\u00edas antes de que se cumpliera el plazo que suprime el contrato inicial IEnova se protegi\u00f3 y evit\u00f3,\u2026","rel":"","context":"En &quot;CINTILLO&quot;","block_context":{"text":"CINTILLO","link":"https:\/\/www.grieta.org.mx\/index.php\/category\/cintillo\/"},"img":{"alt_text":"","src":"https:\/\/i0.wp.com\/www.grieta.org.mx\/wp-content\/uploads\/2019\/08\/ienova.jpg?resize=350%2C200&ssl=1","width":350,"height":200,"srcset":"https:\/\/i0.wp.com\/www.grieta.org.mx\/wp-content\/uploads\/2019\/08\/ienova.jpg?resize=350%2C200&ssl=1 1x, https:\/\/i0.wp.com\/www.grieta.org.mx\/wp-content\/uploads\/2019\/08\/ienova.jpg?resize=525%2C300&ssl=1 1.5x, https:\/\/i0.wp.com\/www.grieta.org.mx\/wp-content\/uploads\/2019\/08\/ienova.jpg?resize=700%2C400&ssl=1 2x, https:\/\/i0.wp.com\/www.grieta.org.mx\/wp-content\/uploads\/2019\/08\/ienova.jpg?resize=1050%2C600&ssl=1 3x"},"classes":[]},{"id":60941,"url":"https:\/\/www.grieta.org.mx\/index.php\/2021\/08\/09\/mexico-la-permanente-batalla-de-los-yaquis-contra-el-despojo\/","url_meta":{"origin":24269,"position":5},"title":"M\u00e9xico: la permanente batalla de los yaquis contra el despojo","author":"grieta","date":"9 agosto, 2021","format":false,"excerpt":"Las constantes denuncias de represi\u00f3n, asesinatos y desaparici\u00f3n forzada que padecen los yaquis no encuentran eco entre las autoridades mexicanas, las cuales se limitan a registrar los hechos y abrir carpetas de investigaci\u00f3n con escasos resultados. Archivo Cuartoscuro PorCarmen Garc\u00eda Bermejo | Mongabay Latam \u00a08 de agosto, 2021 Hablar de\u2026","rel":"","context":"En &quot;Desaparecidos en Sonora&quot;","block_context":{"text":"Desaparecidos en Sonora","link":"https:\/\/www.grieta.org.mx\/index.php\/category\/noticias-nacionales\/sonora\/desaparecidos-en-sonora\/"},"img":{"alt_text":"","src":"https:\/\/i0.wp.com\/www.grieta.org.mx\/wp-content\/uploads\/2021\/08\/cuartoscuro_771020_digital.jpeg?resize=350%2C200&ssl=1","width":350,"height":200,"srcset":"https:\/\/i0.wp.com\/www.grieta.org.mx\/wp-content\/uploads\/2021\/08\/cuartoscuro_771020_digital.jpeg?resize=350%2C200&ssl=1 1x, https:\/\/i0.wp.com\/www.grieta.org.mx\/wp-content\/uploads\/2021\/08\/cuartoscuro_771020_digital.jpeg?resize=525%2C300&ssl=1 1.5x, https:\/\/i0.wp.com\/www.grieta.org.mx\/wp-content\/uploads\/2021\/08\/cuartoscuro_771020_digital.jpeg?resize=700%2C400&ssl=1 2x, https:\/\/i0.wp.com\/www.grieta.org.mx\/wp-content\/uploads\/2021\/08\/cuartoscuro_771020_digital.jpeg?resize=1050%2C600&ssl=1 3x"},"classes":[]}],"_links":{"self":[{"href":"https:\/\/www.grieta.org.mx\/index.php\/wp-json\/wp\/v2\/posts\/24269","targetHints":{"allow":["GET"]}}],"collection":[{"href":"https:\/\/www.grieta.org.mx\/index.php\/wp-json\/wp\/v2\/posts"}],"about":[{"href":"https:\/\/www.grieta.org.mx\/index.php\/wp-json\/wp\/v2\/types\/post"}],"author":[{"embeddable":true,"href":"https:\/\/www.grieta.org.mx\/index.php\/wp-json\/wp\/v2\/users\/2"}],"replies":[{"embeddable":true,"href":"https:\/\/www.grieta.org.mx\/index.php\/wp-json\/wp\/v2\/comments?post=24269"}],"version-history":[{"count":1,"href":"https:\/\/www.grieta.org.mx\/index.php\/wp-json\/wp\/v2\/posts\/24269\/revisions"}],"predecessor-version":[{"id":24270,"href":"https:\/\/www.grieta.org.mx\/index.php\/wp-json\/wp\/v2\/posts\/24269\/revisions\/24270"}],"wp:featuredmedia":[{"embeddable":true,"href":"https:\/\/www.grieta.org.mx\/index.php\/wp-json\/wp\/v2\/media\/21928"}],"wp:attachment":[{"href":"https:\/\/www.grieta.org.mx\/index.php\/wp-json\/wp\/v2\/media?parent=24269"}],"wp:term":[{"taxonomy":"category","embeddable":true,"href":"https:\/\/www.grieta.org.mx\/index.php\/wp-json\/wp\/v2\/categories?post=24269"},{"taxonomy":"post_tag","embeddable":true,"href":"https:\/\/www.grieta.org.mx\/index.php\/wp-json\/wp\/v2\/tags?post=24269"}],"curies":[{"name":"wp","href":"https:\/\/api.w.org\/{rel}","templated":true}]}}