{"id":24057,"date":"2018-06-28T23:34:35","date_gmt":"2018-06-29T04:34:35","guid":{"rendered":"http:\/\/www.grieta.org.mx\/?p=24057"},"modified":"2018-07-01T12:24:03","modified_gmt":"2018-07-01T17:24:03","slug":"ser-patrimonio-de-la-humanidad-no-impide-que-se-concesione-80-por-ciento-del-subsuelo-de-guanajuato","status":"publish","type":"post","link":"https:\/\/www.grieta.org.mx\/index.php\/2018\/06\/28\/ser-patrimonio-de-la-humanidad-no-impide-que-se-concesione-80-por-ciento-del-subsuelo-de-guanajuato\/","title":{"rendered":"Ser Patrimonio de la Humanidad no impide que se concesione 80 por ciento del subsuelo de Guanajuato"},"content":{"rendered":"<blockquote><p>La sobreexplotaci\u00f3n de los recursos mineros representa riesgos ambientales y de descomposici\u00f3n social para la capital del estado y amenaza su riqueza arquitect\u00f3nica e hist\u00f3rica<\/p><\/blockquote>\n<p>Alfonso Ochoa \/Zona Franca<br \/>\nGuanajuato, Gto. El subsuelo del municipio de Guanajuato est\u00e1 concesionado en cerca de un 80 por ciento del total a la miner\u00eda, lo que representa un potencial riesgo no solo en el tema ambiental sino tambi\u00e9n de descomposici\u00f3n del tejido social, si se permite que la explotaci\u00f3n minera se realice como se ha estado trabajando en la actualidad, privilegiando el beneficio econ\u00f3mico de las empresas sobre el social.<\/p>\n<figure id=\"attachment_24060\" aria-describedby=\"caption-attachment-24060\" style=\"width: 700px\" class=\"wp-caption aligncenter\"><img loading=\"lazy\" decoding=\"async\" data-attachment-id=\"24060\" data-permalink=\"https:\/\/www.grieta.org.mx\/index.php\/2018\/06\/28\/ser-patrimonio-de-la-humanidad-no-impide-que-se-concesione-80-por-ciento-del-subsuelo-de-guanajuato\/la-bufa-2\/\" data-orig-file=\"https:\/\/www.grieta.org.mx\/wp-content\/uploads\/2018\/06\/La-Bufa-2.jpg\" data-orig-size=\"700,525\" data-comments-opened=\"0\" data-image-meta=\"{&quot;aperture&quot;:&quot;0&quot;,&quot;credit&quot;:&quot;&quot;,&quot;camera&quot;:&quot;&quot;,&quot;caption&quot;:&quot;&quot;,&quot;created_timestamp&quot;:&quot;0&quot;,&quot;copyright&quot;:&quot;&quot;,&quot;focal_length&quot;:&quot;0&quot;,&quot;iso&quot;:&quot;0&quot;,&quot;shutter_speed&quot;:&quot;0&quot;,&quot;title&quot;:&quot;&quot;,&quot;orientation&quot;:&quot;0&quot;}\" data-image-title=\"La-Bufa-2\" data-image-description=\"\" data-image-caption=\"&lt;p&gt;Foto: archivo&lt;\/p&gt;\n\" data-medium-file=\"https:\/\/www.grieta.org.mx\/wp-content\/uploads\/2018\/06\/La-Bufa-2-300x225.jpg\" data-large-file=\"https:\/\/www.grieta.org.mx\/wp-content\/uploads\/2018\/06\/La-Bufa-2.jpg\" src=\"http:\/\/www.grieta.org.mx\/wp-content\/uploads\/2018\/06\/La-Bufa-2.jpg\" alt=\"\" width=\"700\" height=\"525\" class=\"size-full wp-image-24060\" srcset=\"https:\/\/www.grieta.org.mx\/wp-content\/uploads\/2018\/06\/La-Bufa-2.jpg 700w, https:\/\/www.grieta.org.mx\/wp-content\/uploads\/2018\/06\/La-Bufa-2-300x225.jpg 300w, https:\/\/www.grieta.org.mx\/wp-content\/uploads\/2018\/06\/La-Bufa-2-667x500.jpg 667w\" sizes=\"auto, (max-width: 700px) 100vw, 700px\" \/><figcaption id=\"caption-attachment-24060\" class=\"wp-caption-text\">Foto: archivo<\/figcaption><\/figure>\n<p>Durante los gobiernos de los presidentes Vicente Fox y Felipe Calder\u00f3n, se dispar\u00f3 la entrega de concesiones mineras en el pa\u00eds, de lo que el estado de Guanajuato no fue la excepci\u00f3n, en especial el municipio de la capital.<\/p>\n<p>En el documento Panorama Minero del Estado de Guanajuato, editado en diciembre de 2016, con participaci\u00f3n de la Secretar\u00eda de Econom\u00eda y de Gobierno del Estado, se se\u00f1ala que en 2005 se ten\u00eda concesionado el 5.61 por ciento del territorio estatal a trav\u00e9s de 504 t\u00edtulos, esto es 170 mil 739 hect\u00e1reas; para el 2016 la superficie concesionada, con 690 t\u00edtulos, pas\u00f3 a ser de 412 mil 771 hect\u00e1reas, el 13.49 del territorio estatal.<\/p>\n<p>De acuerdo a im\u00e1genes de mapas del Sistema de Administraci\u00f3n Minera de la Secretar\u00eda de Econom\u00eda, una gran parte del subsuelo del municipio de Guanajuato est\u00e1 concesionado, esto a trav\u00e9s de 347 concesiones.<\/p>\n<p>As\u00ed, el subsuelo donde se ubica la ciudad est\u00e1 concesionado, as\u00ed como la zona de la Bufa y la Sierra de Santa Rosa, concesiones que otorga la Secretar\u00eda de Econom\u00eda a discreci\u00f3n, pues la pol\u00edtica del gobierno federal es privilegiar la actividad minera, incluso sobre la forestal, coment\u00f3 en entrevista el ingeniero minero Tom\u00e1s Hern\u00e1ndez Meza.<\/p>\n<figure id=\"attachment_24061\" aria-describedby=\"caption-attachment-24061\" style=\"width: 1024px\" class=\"wp-caption aligncenter\"><img decoding=\"async\" data-attachment-id=\"24061\" data-permalink=\"https:\/\/www.grieta.org.mx\/index.php\/2018\/06\/28\/ser-patrimonio-de-la-humanidad-no-impide-que-se-concesione-80-por-ciento-del-subsuelo-de-guanajuato\/2018-06-25_gto3\/\" data-orig-file=\"https:\/\/www.grieta.org.mx\/wp-content\/uploads\/2018\/06\/2018-06-25_gto3.jpg\" data-orig-size=\"1200,777\" data-comments-opened=\"0\" data-image-meta=\"{&quot;aperture&quot;:&quot;0&quot;,&quot;credit&quot;:&quot;&quot;,&quot;camera&quot;:&quot;&quot;,&quot;caption&quot;:&quot;&quot;,&quot;created_timestamp&quot;:&quot;0&quot;,&quot;copyright&quot;:&quot;&quot;,&quot;focal_length&quot;:&quot;0&quot;,&quot;iso&quot;:&quot;0&quot;,&quot;shutter_speed&quot;:&quot;0&quot;,&quot;title&quot;:&quot;&quot;,&quot;orientation&quot;:&quot;0&quot;}\" data-image-title=\"2018-06-25_gto3\" data-image-description=\"\" data-image-caption=\"&lt;p&gt;Foto: Especial&lt;\/p&gt;\n\" data-medium-file=\"https:\/\/www.grieta.org.mx\/wp-content\/uploads\/2018\/06\/2018-06-25_gto3-300x194.jpg\" data-large-file=\"https:\/\/www.grieta.org.mx\/wp-content\/uploads\/2018\/06\/2018-06-25_gto3-1024x663.jpg\" src=\"http:\/\/www.grieta.org.mx\/wp-content\/uploads\/2018\/06\/2018-06-25_gto3-1024x663.jpg\" alt=\"\" width=\"100%\"  class=\"size-large wp-image-24061\" srcset=\"https:\/\/www.grieta.org.mx\/wp-content\/uploads\/2018\/06\/2018-06-25_gto3-1024x663.jpg 1024w, https:\/\/www.grieta.org.mx\/wp-content\/uploads\/2018\/06\/2018-06-25_gto3-300x194.jpg 300w, https:\/\/www.grieta.org.mx\/wp-content\/uploads\/2018\/06\/2018-06-25_gto3-768x497.jpg 768w, https:\/\/www.grieta.org.mx\/wp-content\/uploads\/2018\/06\/2018-06-25_gto3-772x500.jpg 772w, https:\/\/www.grieta.org.mx\/wp-content\/uploads\/2018\/06\/2018-06-25_gto3.jpg 1200w\" sizes=\"(max-width: 1024px) 100vw, 1024px\" \/><figcaption id=\"caption-attachment-24061\" class=\"wp-caption-text\">Foto: Especial<\/figcaption><\/figure>\n<p>Otros ingenieros mineros y especialistas consultados sobre el tema confirmaron la informaci\u00f3n, pidiendo que no se publicara su nombre, de que al menos el 80 por ciento del territorio municipal est\u00e1 concesionado, se\u00f1alando que el panorama no es tan grave como pudiera parecer, pues la explotaci\u00f3n minera est\u00e1 sujeta a reglas y el que se tenga la concesi\u00f3n solo es el primer paso para la explotaci\u00f3n.<\/p>\n<p>El ingeniero Hern\u00e1ndez Meza no coincide con esa apreciaci\u00f3n, pues se\u00f1ala que la Secretar\u00eda de Medio Ambiente y Recursos Naturales (Semarnat), a la que le corresponde otorgar los permisos de exploraci\u00f3n y explotaci\u00f3n minera, as\u00ed como la Procuradur\u00eda Federal de Protecci\u00f3n al Ambiente (Profepa), \u201cno tienen dientes\u201d para detener a las empresas mineras.<\/p>\n<p>El entrevistado, activista del Consejo Ecologista Guanajuatense, se\u00f1ala que incluso por los intereses de las empresas mineras, no avanzan temas como el de decretar la zona de la Bufa y los Picachos como Zona de Conservaci\u00f3n Ecol\u00f3gica (ZCE).<\/p>\n<figure id=\"attachment_24062\" aria-describedby=\"caption-attachment-24062\" style=\"width: 700px\" class=\"wp-caption aligncenter\"><img decoding=\"async\" data-attachment-id=\"24062\" data-permalink=\"https:\/\/www.grieta.org.mx\/index.php\/2018\/06\/28\/ser-patrimonio-de-la-humanidad-no-impide-que-se-concesione-80-por-ciento-del-subsuelo-de-guanajuato\/bufa-ocho-1\/\" data-orig-file=\"https:\/\/www.grieta.org.mx\/wp-content\/uploads\/2018\/06\/Bufa-ocho-1.jpg\" data-orig-size=\"700,525\" data-comments-opened=\"0\" data-image-meta=\"{&quot;aperture&quot;:&quot;0&quot;,&quot;credit&quot;:&quot;&quot;,&quot;camera&quot;:&quot;&quot;,&quot;caption&quot;:&quot;&quot;,&quot;created_timestamp&quot;:&quot;0&quot;,&quot;copyright&quot;:&quot;&quot;,&quot;focal_length&quot;:&quot;0&quot;,&quot;iso&quot;:&quot;0&quot;,&quot;shutter_speed&quot;:&quot;0&quot;,&quot;title&quot;:&quot;&quot;,&quot;orientation&quot;:&quot;0&quot;}\" data-image-title=\"Bufa-ocho-1\" data-image-description=\"\" data-image-caption=\"&lt;p&gt;La Bufa&lt;\/p&gt;\n\" data-medium-file=\"https:\/\/www.grieta.org.mx\/wp-content\/uploads\/2018\/06\/Bufa-ocho-1-300x225.jpg\" data-large-file=\"https:\/\/www.grieta.org.mx\/wp-content\/uploads\/2018\/06\/Bufa-ocho-1.jpg\" src=\"http:\/\/www.grieta.org.mx\/wp-content\/uploads\/2018\/06\/Bufa-ocho-1.jpg\" alt=\"\" width=\"100%\"  class=\"size-full wp-image-24062\" srcset=\"https:\/\/www.grieta.org.mx\/wp-content\/uploads\/2018\/06\/Bufa-ocho-1.jpg 700w, https:\/\/www.grieta.org.mx\/wp-content\/uploads\/2018\/06\/Bufa-ocho-1-300x225.jpg 300w, https:\/\/www.grieta.org.mx\/wp-content\/uploads\/2018\/06\/Bufa-ocho-1-667x500.jpg 667w\" sizes=\"(max-width: 700px) 100vw, 700px\" \/><figcaption id=\"caption-attachment-24062\" class=\"wp-caption-text\">La Bufa<\/figcaption><\/figure>\n<p>No obstante, en entrevista realizada el pasado mes de marzo con Israel Cabrera Barr\u00f3n, entonces delegado de la Semarnat, dijo que no se puede impedir que se entreguen permisos de exploraci\u00f3n minera si quien lo solicita tiene la concesi\u00f3n respectiva, salvo que el terreno donde se pretenda explotar se entienda que la superficie sea un \u00c1rea Natural Protegida.<\/p>\n<p>As\u00ed, la pretensi\u00f3n de los ambientalistas es que la ZCE de la Bufa tenga una extensi\u00f3n de tres mil 500 hect\u00e1reas, a lo que ha habido oposici\u00f3n pues se considera que ser\u00eda muy grande, cuando empresas como la minera canadiense Endeavour Silver tiene,  solo en la zona de El Cubo, una concesi\u00f3n de ocho mil hect\u00e1reas.<\/p>\n<p>En ese contexto se infiere que no se quiere que la zona de la Bufa pase a ser una ZCE, porque si es as\u00ed no podr\u00eda ser sujeta a explotaci\u00f3n minera.<\/p>\n<p>Al respecto, \u201cen esto no hay tarugos, solo abusivos\u201d, dijo el ingeniero Hern\u00e1ndez Meza, quien explic\u00f3 que hay quien tramita concesiones mineras para luego traspasarlas a las grandes empresas, pues es muy barato pagar los derechos de concesi\u00f3n.<\/p>\n<figure id=\"attachment_24063\" aria-describedby=\"caption-attachment-24063\" style=\"width: 990px\" class=\"wp-caption aligncenter\"><img loading=\"lazy\" decoding=\"async\" data-attachment-id=\"24063\" data-permalink=\"https:\/\/www.grieta.org.mx\/index.php\/2018\/06\/28\/ser-patrimonio-de-la-humanidad-no-impide-que-se-concesione-80-por-ciento-del-subsuelo-de-guanajuato\/2018-06-25_gto5\/\" data-orig-file=\"https:\/\/www.grieta.org.mx\/wp-content\/uploads\/2018\/06\/2018-06-25_gto5.jpg\" data-orig-size=\"990,804\" data-comments-opened=\"0\" data-image-meta=\"{&quot;aperture&quot;:&quot;0&quot;,&quot;credit&quot;:&quot;&quot;,&quot;camera&quot;:&quot;&quot;,&quot;caption&quot;:&quot;&quot;,&quot;created_timestamp&quot;:&quot;0&quot;,&quot;copyright&quot;:&quot;&quot;,&quot;focal_length&quot;:&quot;0&quot;,&quot;iso&quot;:&quot;0&quot;,&quot;shutter_speed&quot;:&quot;0&quot;,&quot;title&quot;:&quot;&quot;,&quot;orientation&quot;:&quot;0&quot;}\" data-image-title=\"2018-06-25_gto5\" data-image-description=\"\" data-image-caption=\"&lt;p&gt;Hacienda de San Javier y mina de Valenciana al fondo en primeros a\u00f1os del Siglo XX. Foto: archivo&lt;\/p&gt;\n\" data-medium-file=\"https:\/\/www.grieta.org.mx\/wp-content\/uploads\/2018\/06\/2018-06-25_gto5-300x244.jpg\" data-large-file=\"https:\/\/www.grieta.org.mx\/wp-content\/uploads\/2018\/06\/2018-06-25_gto5.jpg\" src=\"http:\/\/www.grieta.org.mx\/wp-content\/uploads\/2018\/06\/2018-06-25_gto5.jpg\" alt=\"\" width=\"990\" height=\"804\" class=\"size-full wp-image-24063\" srcset=\"https:\/\/www.grieta.org.mx\/wp-content\/uploads\/2018\/06\/2018-06-25_gto5.jpg 990w, https:\/\/www.grieta.org.mx\/wp-content\/uploads\/2018\/06\/2018-06-25_gto5-300x244.jpg 300w, https:\/\/www.grieta.org.mx\/wp-content\/uploads\/2018\/06\/2018-06-25_gto5-768x624.jpg 768w, https:\/\/www.grieta.org.mx\/wp-content\/uploads\/2018\/06\/2018-06-25_gto5-616x500.jpg 616w\" sizes=\"auto, (max-width: 990px) 100vw, 990px\" \/><figcaption id=\"caption-attachment-24063\" class=\"wp-caption-text\">Hacienda de San Javier y mina de Valenciana al fondo en primeros a\u00f1os del Siglo XX. Foto: archivo<\/figcaption><\/figure>\n<p>Eso es cierto: por los derechos de concesi\u00f3n que tengan una extensi\u00f3n menor a las 30 hect\u00e1reas, el costo es de 10.48 pesos al a\u00f1o por hect\u00e1rea; para una concesi\u00f3n de 100 a 500 hect\u00e1reas, por hect\u00e1rea se pagan 41.95 pesos; de 500 a mil hect\u00e1reas, la cuota es de 38.81 pesos por hect\u00e1rea; de mil a cinco mil hect\u00e1reas, la cuota es de 35.66 pesos por hect\u00e1rea; de cinco mil a 50 mil hect\u00e1reas, por hect\u00e1rea se paga 32.52 pesos y en concesiones de extensi\u00f3n superior a las 50 mil hect\u00e1reas se paga por cada hect\u00e1rea 29.37 pesos.<\/p>\n<p>Guanajuato sigue siendo rico en metales, en oro y plata, afirma Tom\u00e1s Hern\u00e1ndez Meza, quien fue superintendente de las minas Cebada, Peregrina y Bola\u00f1itos, cuando las trabajaba la minera Pe\u00f1oles, tiempo en el que se lleg\u00f3 a pagar utilidades muy importantes a los obreros, lo que actualmente con las mineras canadienses ya no sucede pues muchos mineros trabajan para contratistas que a su vez les trabajan a las empresas extranjeras, con lo que se evaden responsabilidades laborales.<\/p>\n<p>La manera como est\u00e1n trabajando actualmente las mineras en M\u00e9xico, adem\u00e1s de que causan muchos da\u00f1os ambientales, da\u00f1an el tejido social, pues no dan empleo en las comunidades y dejan pasivos ambientales, como las presas de jales, y provocan que se sequen los veneros; los beneficios econ\u00f3micos no son compartidos y los da\u00f1os ambientales los heredan, afirm\u00f3 el entrevistado.<\/p>\n<p>Tenemos casos, dijo, como los de las comunidades de El Cubo y El Cedro, pueblos que se pretende reubicar para que las empresas mineras exploten las zonas en donde se ubican actualmente.<\/p>\n<p>Entre las concesiones otorgadas por la Secretar\u00eda de Econom\u00eda en el municipio de Guanajuato, hay m\u00e1s de cincuenta concesiones otorgadas a la empresa Parre\u00f1a, y un n\u00famero igual de importante para la Compa\u00f1\u00eda Minera Las Torres y la Minera del Cubo, adem\u00e1s de que tambi\u00e9n hay concesiones a particulares como es el caso de Estela Catalina Parkman Cu\u00e9llar, quien tiene una concesi\u00f3n denominada Las Catacumbas, con las que se podr\u00eda explotar parte del subsuelo en donde se ubica la ciudad, concesi\u00f3n que se sabe se pretende usar para construir un estacionamiento subterr\u00e1neo.<\/p>\n<p>Por lo observado en los mapas del Sistema de Administraci\u00f3n Minera (SIAM), otros municipios para los que se han entregado concesiones mineras son Le\u00f3n, al parecer hacia la zona de la Sierra de Lobos, San Felipe, Juventino Rosas, San Luis de la Paz, San Jos\u00e9 Iturbide y Xich\u00fa.<\/p>\n<figure id=\"attachment_24064\" aria-describedby=\"caption-attachment-24064\" style=\"width: 958px\" class=\"wp-caption aligncenter\"><img loading=\"lazy\" decoding=\"async\" data-attachment-id=\"24064\" data-permalink=\"https:\/\/www.grieta.org.mx\/index.php\/2018\/06\/28\/ser-patrimonio-de-la-humanidad-no-impide-que-se-concesione-80-por-ciento-del-subsuelo-de-guanajuato\/slobos\/\" data-orig-file=\"https:\/\/www.grieta.org.mx\/wp-content\/uploads\/2018\/06\/SLobos.jpg\" data-orig-size=\"958,447\" data-comments-opened=\"0\" data-image-meta=\"{&quot;aperture&quot;:&quot;0&quot;,&quot;credit&quot;:&quot;&quot;,&quot;camera&quot;:&quot;&quot;,&quot;caption&quot;:&quot;&quot;,&quot;created_timestamp&quot;:&quot;0&quot;,&quot;copyright&quot;:&quot;&quot;,&quot;focal_length&quot;:&quot;0&quot;,&quot;iso&quot;:&quot;0&quot;,&quot;shutter_speed&quot;:&quot;0&quot;,&quot;title&quot;:&quot;&quot;,&quot;orientation&quot;:&quot;0&quot;}\" data-image-title=\"SLobos\" data-image-description=\"\" data-image-caption=\"&lt;p&gt;Sierra de Lobos. Foto: archivo.&lt;\/p&gt;\n\" data-medium-file=\"https:\/\/www.grieta.org.mx\/wp-content\/uploads\/2018\/06\/SLobos-300x140.jpg\" data-large-file=\"https:\/\/www.grieta.org.mx\/wp-content\/uploads\/2018\/06\/SLobos.jpg\" src=\"http:\/\/www.grieta.org.mx\/wp-content\/uploads\/2018\/06\/SLobos.jpg\" alt=\"\" width=\"958\" height=\"447\" class=\"size-full wp-image-24064\" srcset=\"https:\/\/www.grieta.org.mx\/wp-content\/uploads\/2018\/06\/SLobos.jpg 958w, https:\/\/www.grieta.org.mx\/wp-content\/uploads\/2018\/06\/SLobos-300x140.jpg 300w, https:\/\/www.grieta.org.mx\/wp-content\/uploads\/2018\/06\/SLobos-768x358.jpg 768w\" sizes=\"auto, (max-width: 958px) 100vw, 958px\" \/><figcaption id=\"caption-attachment-24064\" class=\"wp-caption-text\">Sierra de Lobos. Foto: archivo.<\/figcaption><\/figure>\n<blockquote><p>N\u00fameros de la abundancia<\/p><\/blockquote>\n<p>En el documento Panorama Minero de Guanajuato se informa del avance que ha tenido la explotaci\u00f3n minera en el estado, la que en realidad se limita al municipio de Guanajuato, aunque hay trabajos de exploraci\u00f3n en otros municipios, como los citados anteriormente.<\/p>\n<p>Las empresas que est\u00e1n explotando las viejas minas que datan de la \u00e9poca de la colonia, son la minera Endeavour Silver, que trabaja las minas de Bola\u00f1itos procesando mil cien toneladas de concentrado al d\u00eda y la mina de El Cubo con 480 toneladas al d\u00eda y la minera Great Panther Silver con 720 toneladas al d\u00eda.<\/p>\n<p>En el documento se informa que la producci\u00f3n de oro en el a\u00f1o 2011 fue de 555 kilos; en 2012 de mil 193 kilos; en 2013 de dos mil 886 kilos; en 2014 de dos mil 291 kilos y en 2015 de dos mil 363 kilos.<\/p>\n<p>En cuanto a la producci\u00f3n de plata, se informa que en 2011 fue de 49 mil 959 kilos; en 2012 de 72 mil 372 kilos; en 2013 de 175 mil 536 kilos; en 2014 de 154 mil 549 kilos y en 2015 de 169 mil 310 kilos.<\/p>\n<figure id=\"attachment_24065\" aria-describedby=\"caption-attachment-24065\" style=\"width: 700px\" class=\"wp-caption aligncenter\"><img loading=\"lazy\" decoding=\"async\" data-attachment-id=\"24065\" data-permalink=\"https:\/\/www.grieta.org.mx\/index.php\/2018\/06\/28\/ser-patrimonio-de-la-humanidad-no-impide-que-se-concesione-80-por-ciento-del-subsuelo-de-guanajuato\/presa-de-jales-2\/\" data-orig-file=\"https:\/\/www.grieta.org.mx\/wp-content\/uploads\/2018\/07\/Presa-de-Jales.jpg\" data-orig-size=\"700,525\" data-comments-opened=\"0\" data-image-meta=\"{&quot;aperture&quot;:&quot;0&quot;,&quot;credit&quot;:&quot;&quot;,&quot;camera&quot;:&quot;&quot;,&quot;caption&quot;:&quot;&quot;,&quot;created_timestamp&quot;:&quot;0&quot;,&quot;copyright&quot;:&quot;&quot;,&quot;focal_length&quot;:&quot;0&quot;,&quot;iso&quot;:&quot;0&quot;,&quot;shutter_speed&quot;:&quot;0&quot;,&quot;title&quot;:&quot;&quot;,&quot;orientation&quot;:&quot;0&quot;}\" data-image-title=\"Presa-de-Jales\" data-image-description=\"\" data-image-caption=\"&lt;p&gt;Presa de jales de la minera canadiense en la zona de la comunidad de La Luz. Fotograf\u00eda archivo.&lt;\/p&gt;\n\" data-medium-file=\"https:\/\/www.grieta.org.mx\/wp-content\/uploads\/2018\/07\/Presa-de-Jales-300x225.jpg\" data-large-file=\"https:\/\/www.grieta.org.mx\/wp-content\/uploads\/2018\/07\/Presa-de-Jales.jpg\" src=\"http:\/\/www.grieta.org.mx\/wp-content\/uploads\/2018\/07\/Presa-de-Jales.jpg\" alt=\"\" width=\"700\" height=\"525\" class=\"size-full wp-image-24065\" srcset=\"https:\/\/www.grieta.org.mx\/wp-content\/uploads\/2018\/07\/Presa-de-Jales.jpg 700w, https:\/\/www.grieta.org.mx\/wp-content\/uploads\/2018\/07\/Presa-de-Jales-300x225.jpg 300w, https:\/\/www.grieta.org.mx\/wp-content\/uploads\/2018\/07\/Presa-de-Jales-667x500.jpg 667w\" sizes=\"auto, (max-width: 700px) 100vw, 700px\" \/><figcaption id=\"caption-attachment-24065\" class=\"wp-caption-text\">Presa de jales de la minera canadiense en la zona de la comunidad de La Luz. Fotograf\u00eda archivo.<\/figcaption><\/figure>\n<p>Por lo que respecta al valor de la producci\u00f3n de oro se informa: en el 2011 fue de 351 millones 204 mil 355 pesos; en 2012 de 842 millones 641 mil 549 pesos; en 2013 fue de mil 672 millones 974 mil 913 pesos; en 2014 fue de mil 239 millones 819 mil 976 pesos y en 2015 de mil 397 millones 860 mil 313 pesos.<\/p>\n<p>El valor de la producci\u00f3n de la plata fue: en 2011 de 703 millones 243 mil 871 pesos; en 2012 de 953 millones 544 mil 600 pesos; en 2013 de mil 710 millones 460 mil 633 pesos; en 2014 de mil 257 millones 419 mil 805 pesos y en 2015 de mil 351 millones 820 mil 395 pesos.<\/p>\n<p>La bonaza que hay en la industria minera explica que haya crecido el n\u00famero de concesiones, que confirma que el subsuelo de Guanajuato sigue siendo rico en minerales y que la miner\u00eda es una industria altamente redituable, al menos, desde el punto de vista econ\u00f3mico.<\/p>\n<p><a href=\"http:\/\/zonafranca.mx\/ser-patrimonio-de-la-humanidad-no-impide-que-se-concesione-a-mineras-80-por-ciento-del-subsuelo-de-guanajuato\/\">http:\/\/zonafranca.mx\/ser-patrimonio-de-la-humanidad-no-impide-que-se-concesione-a-mineras-80-por-ciento-del-subsuelo-de-guanajuato\/<\/a><\/p>\n","protected":false},"excerpt":{"rendered":"<p>La sobreexplotaci\u00f3n de los recursos mineros representa riesgos ambientales y de descomposici\u00f3n social para la capital del estado y amenaza su riqueza arquitect\u00f3nica e hist\u00f3rica Alfonso Ochoa \/Zona Franca Guanajuato, &hellip; <a href=\"https:\/\/www.grieta.org.mx\/index.php\/2018\/06\/28\/ser-patrimonio-de-la-humanidad-no-impide-que-se-concesione-80-por-ciento-del-subsuelo-de-guanajuato\/\" class=\"more-link\">Leer m\u00e1s<\/a><\/p>\n","protected":false},"author":2,"featured_media":24060,"comment_status":"closed","ping_status":"closed","sticky":false,"template":"","format":"standard","meta":{"ngg_post_thumbnail":0,"_jetpack_newsletter_access":"","_jetpack_dont_email_post_to_subs":false,"_jetpack_newsletter_tier_id":0,"_jetpack_memberships_contains_paywalled_content":false,"_jetpack_memberships_contains_paid_content":false,"footnotes":""},"categories":[80,1278,17,471,704],"tags":[184,109],"class_list":{"0":"post-24057","1":"post","2":"type-post","3":"status-publish","4":"format-standard","5":"has-post-thumbnail","6":"hentry","7":"category-cintillo","8":"category-despojo-de-tierras-y-territorios","9":"category-guanajuato","11":"category-mineria-analisis","12":"tag-despojo","13":"tag-mineria","14":"entry"},"jetpack_featured_media_url":"https:\/\/www.grieta.org.mx\/wp-content\/uploads\/2018\/06\/La-Bufa-2.jpg","jetpack_sharing_enabled":true,"jetpack_shortlink":"https:\/\/wp.me\/p7ZJR4-6g1","jetpack_likes_enabled":false,"jetpack-related-posts":[{"id":52689,"url":"https:\/\/www.grieta.org.mx\/index.php\/2020\/07\/22\/manifestacion-virtual-no-a-la-mina-en-dolores-hidalgo-guanajuato\/","url_meta":{"origin":24057,"position":0},"title":"Manifestaci\u00f3n Virtual \u201cNo a la Mina\u201d En Dolores Hidalgo  (Guanajuato)","author":"grieta","date":"22 julio, 2020","format":false,"excerpt":"En conmemoraci\u00f3n del \u201cDia Mundial Contra la Miner\u00eda a Cielo Abierto\u201d, activistas se manifestaron virtualmente para reiterar su inconformidad por la pretensi\u00f3n de explotaci\u00f3n que tiene la minera canadiense Argonaut Gold, sobre la mina en el Cerro Del Gallo, en la comunidad de San Ant\u00f3n de las minas, en Dolores\u2026","rel":"","context":"En &quot;CINTILLO&quot;","block_context":{"text":"CINTILLO","link":"https:\/\/www.grieta.org.mx\/index.php\/category\/cintillo\/"},"img":{"alt_text":"","src":"https:\/\/i0.wp.com\/www.grieta.org.mx\/wp-content\/uploads\/2020\/08\/0p.jpg?resize=350%2C200&ssl=1","width":350,"height":200,"srcset":"https:\/\/i0.wp.com\/www.grieta.org.mx\/wp-content\/uploads\/2020\/08\/0p.jpg?resize=350%2C200&ssl=1 1x, https:\/\/i0.wp.com\/www.grieta.org.mx\/wp-content\/uploads\/2020\/08\/0p.jpg?resize=525%2C300&ssl=1 1.5x, https:\/\/i0.wp.com\/www.grieta.org.mx\/wp-content\/uploads\/2020\/08\/0p.jpg?resize=700%2C400&ssl=1 2x, https:\/\/i0.wp.com\/www.grieta.org.mx\/wp-content\/uploads\/2020\/08\/0p.jpg?resize=1050%2C600&ssl=1 3x"},"classes":[]},{"id":37311,"url":"https:\/\/www.grieta.org.mx\/index.php\/2019\/07\/17\/la-cuenca-de-la-independencia-amenazada-por-proyecto-minero-guanajuato\/","url_meta":{"origin":24057,"position":1},"title":"La Cuenca de la Independencia amenazada por proyecto minero (Guanajuato)","author":"grieta","date":"17 julio, 2019","format":false,"excerpt":"Se contaminar\u00eda el acu\u00edfero que surte a municipios como Dolores Hidalgo y San Miguel de Allende. \u00a0 Redacci\u00f3n La Coperacha Ciudad de M\u00e9xico \/\/ 17 de julio de 2019 a Coalici\u00f3n en Defensa de la Cuenca de la Independencia y el colectivo Guardianes de la Cuenca, advirtieron que el proyecto\u2026","rel":"","context":"En &quot;CINTILLO&quot;","block_context":{"text":"CINTILLO","link":"https:\/\/www.grieta.org.mx\/index.php\/category\/cintillo\/"},"img":{"alt_text":"","src":"https:\/\/i0.wp.com\/www.grieta.org.mx\/wp-content\/uploads\/2019\/08\/cuenca-independencia-amenazada-proyecto-minero.jpg?resize=350%2C200&ssl=1","width":350,"height":200,"srcset":"https:\/\/i0.wp.com\/www.grieta.org.mx\/wp-content\/uploads\/2019\/08\/cuenca-independencia-amenazada-proyecto-minero.jpg?resize=350%2C200&ssl=1 1x, https:\/\/i0.wp.com\/www.grieta.org.mx\/wp-content\/uploads\/2019\/08\/cuenca-independencia-amenazada-proyecto-minero.jpg?resize=525%2C300&ssl=1 1.5x, https:\/\/i0.wp.com\/www.grieta.org.mx\/wp-content\/uploads\/2019\/08\/cuenca-independencia-amenazada-proyecto-minero.jpg?resize=700%2C400&ssl=1 2x, https:\/\/i0.wp.com\/www.grieta.org.mx\/wp-content\/uploads\/2019\/08\/cuenca-independencia-amenazada-proyecto-minero.jpg?resize=1050%2C600&ssl=1 3x"},"classes":[]},{"id":5839,"url":"https:\/\/www.grieta.org.mx\/index.php\/2016\/04\/15\/despojo-danos-ambientales-y-a-la-salud-por-mineria\/","url_meta":{"origin":24057,"position":2},"title":"Despojo, da\u00f1os ambientales y a la salud por miner\u00eda","author":"grieta","date":"15 abril, 2016","format":false,"excerpt":"15\/04\/2016. Comunidad de la Luz en Guanajuato denuncia da\u00f1os provocados por mineraZona Franca 03\/04\/2016. Minera canadiense explotar\u00e1 mina en Sierra del Cubo en GuanajuatoZona Franca 14\/02\/2016. Denuncias da\u00f1os en casas por explosivos de minera en Guanajuato Peri\u00f3dico Correo 25\/01\/2016. Anuncian nueva mina en el Cerro del Gigante en Guanajuato, ser\u00eda\u2026","rel":"","context":"En &quot;Guanajuato&quot;","block_context":{"text":"Guanajuato","link":"https:\/\/www.grieta.org.mx\/index.php\/category\/noticias-nacionales\/guanajuato\/"},"img":{"alt_text":"","src":"https:\/\/i0.wp.com\/www.grieta.org.mx\/wp-content\/uploads\/2018\/03\/14524434_1106112876131411_958039263622046936_o.jpg?resize=350%2C200&ssl=1","width":350,"height":200,"srcset":"https:\/\/i0.wp.com\/www.grieta.org.mx\/wp-content\/uploads\/2018\/03\/14524434_1106112876131411_958039263622046936_o.jpg?resize=350%2C200&ssl=1 1x, https:\/\/i0.wp.com\/www.grieta.org.mx\/wp-content\/uploads\/2018\/03\/14524434_1106112876131411_958039263622046936_o.jpg?resize=525%2C300&ssl=1 1.5x, https:\/\/i0.wp.com\/www.grieta.org.mx\/wp-content\/uploads\/2018\/03\/14524434_1106112876131411_958039263622046936_o.jpg?resize=700%2C400&ssl=1 2x"},"classes":[]},{"id":41518,"url":"https:\/\/www.grieta.org.mx\/index.php\/2019\/11\/21\/preparan-conversatorio-en-dolores-hidalgo-agua-y-mineria-guanajuato\/","url_meta":{"origin":24057,"position":3},"title":"Preparan conversatorio en Dolores Hidalgo \u201cAgua y Miner\u00eda\u201d (Guanajuato)","author":"grieta","date":"21 noviembre, 2019","format":false,"excerpt":"La Coalici\u00f3n en Defensa de la Cuenca de la Independencia CODECIN, Centro de Desarrollo Agropecuario A.C. CEDESA y el Colectivo Guardianes de la Cuenca convocan al conversatorio \u201cAgua y Miner\u00eda\u201d este s\u00e1bado 23 de Noviembre en el museo Bicentenario. Zona Franca, 21 de noviembre de 2019 Dolores Hidalgo Gto. Activistas\u2026","rel":"","context":"En &quot;CINTILLO&quot;","block_context":{"text":"CINTILLO","link":"https:\/\/www.grieta.org.mx\/index.php\/category\/cintillo\/"},"img":{"alt_text":"","src":"https:\/\/i0.wp.com\/www.grieta.org.mx\/wp-content\/uploads\/2019\/11\/h0.jpeg?resize=350%2C200&ssl=1","width":350,"height":200,"srcset":"https:\/\/i0.wp.com\/www.grieta.org.mx\/wp-content\/uploads\/2019\/11\/h0.jpeg?resize=350%2C200&ssl=1 1x, https:\/\/i0.wp.com\/www.grieta.org.mx\/wp-content\/uploads\/2019\/11\/h0.jpeg?resize=525%2C300&ssl=1 1.5x, https:\/\/i0.wp.com\/www.grieta.org.mx\/wp-content\/uploads\/2019\/11\/h0.jpeg?resize=700%2C400&ssl=1 2x"},"classes":[]},{"id":41521,"url":"https:\/\/www.grieta.org.mx\/index.php\/2019\/11\/24\/advierten-crisis-hidrica-en-dolores-hidalgo-si-se-explota-mina-en-el-cerro-del-gallo-guanajuato\/","url_meta":{"origin":24057,"position":4},"title":"Advierten crisis h\u00eddrica en Dolores Hidalgo si se explota mina en el Cerro del Gallo (Guanajuato","author":"grieta","date":"24 noviembre, 2019","format":false,"excerpt":"En el conversatorio \u201cAgua y miner\u00eda\u201d realizado la tarde de este s\u00e1bado en el Museo Bicentenario, se habl\u00f3 sobre el problema existente del agua en la Cuenca de la Independencia, as\u00ed como aun la gran afectaci\u00f3n que sufrir\u00edan los pobladores si se llega a implementar la explotaci\u00f3n de la mina\u2026","rel":"","context":"En &quot;CINTILLO&quot;","block_context":{"text":"CINTILLO","link":"https:\/\/www.grieta.org.mx\/index.php\/category\/cintillo\/"},"img":{"alt_text":"","src":"https:\/\/i0.wp.com\/www.grieta.org.mx\/wp-content\/uploads\/2019\/11\/cerritodelgallo2-focus-0-0-983-557.jpg?resize=350%2C200&ssl=1","width":350,"height":200,"srcset":"https:\/\/i0.wp.com\/www.grieta.org.mx\/wp-content\/uploads\/2019\/11\/cerritodelgallo2-focus-0-0-983-557.jpg?resize=350%2C200&ssl=1 1x, https:\/\/i0.wp.com\/www.grieta.org.mx\/wp-content\/uploads\/2019\/11\/cerritodelgallo2-focus-0-0-983-557.jpg?resize=525%2C300&ssl=1 1.5x, https:\/\/i0.wp.com\/www.grieta.org.mx\/wp-content\/uploads\/2019\/11\/cerritodelgallo2-focus-0-0-983-557.jpg?resize=700%2C400&ssl=1 2x"},"classes":[]},{"id":37306,"url":"https:\/\/www.grieta.org.mx\/index.php\/2019\/07\/22\/comunidades-de-guanajuato-se-movilizan-contra-minera-argonauta-gold\/","url_meta":{"origin":24057,"position":5},"title":"Comunidades de Guanajuato se movilizan contra minera Argonauta Gold","author":"grieta","date":"22 julio, 2019","format":false,"excerpt":"En el D\u00eda Mundial Contra la Miner\u00eda a Cielo Abierto rechazan el ecocidio que provocar\u00eda en la Cuenca de la Independencia. Redacci\u00f3n La Coperacha Ciudad de M\u00e9xico \/\/ 22 de julio de 2019 Cerca de dos mil personas provenientes de comunidades de la Cuenca de la Independencia, Guanajuato, se movilizaron\u2026","rel":"","context":"En &quot;CINTILLO&quot;","block_context":{"text":"CINTILLO","link":"https:\/\/www.grieta.org.mx\/index.php\/category\/cintillo\/"},"img":{"alt_text":"","src":"https:\/\/i0.wp.com\/www.grieta.org.mx\/wp-content\/uploads\/2019\/08\/Dolores-Hidalgo-mina-cielo-abierto-01.jpg?resize=350%2C200&ssl=1","width":350,"height":200,"srcset":"https:\/\/i0.wp.com\/www.grieta.org.mx\/wp-content\/uploads\/2019\/08\/Dolores-Hidalgo-mina-cielo-abierto-01.jpg?resize=350%2C200&ssl=1 1x, https:\/\/i0.wp.com\/www.grieta.org.mx\/wp-content\/uploads\/2019\/08\/Dolores-Hidalgo-mina-cielo-abierto-01.jpg?resize=525%2C300&ssl=1 1.5x, https:\/\/i0.wp.com\/www.grieta.org.mx\/wp-content\/uploads\/2019\/08\/Dolores-Hidalgo-mina-cielo-abierto-01.jpg?resize=700%2C400&ssl=1 2x, https:\/\/i0.wp.com\/www.grieta.org.mx\/wp-content\/uploads\/2019\/08\/Dolores-Hidalgo-mina-cielo-abierto-01.jpg?resize=1050%2C600&ssl=1 3x"},"classes":[]}],"_links":{"self":[{"href":"https:\/\/www.grieta.org.mx\/index.php\/wp-json\/wp\/v2\/posts\/24057","targetHints":{"allow":["GET"]}}],"collection":[{"href":"https:\/\/www.grieta.org.mx\/index.php\/wp-json\/wp\/v2\/posts"}],"about":[{"href":"https:\/\/www.grieta.org.mx\/index.php\/wp-json\/wp\/v2\/types\/post"}],"author":[{"embeddable":true,"href":"https:\/\/www.grieta.org.mx\/index.php\/wp-json\/wp\/v2\/users\/2"}],"replies":[{"embeddable":true,"href":"https:\/\/www.grieta.org.mx\/index.php\/wp-json\/wp\/v2\/comments?post=24057"}],"version-history":[{"count":1,"href":"https:\/\/www.grieta.org.mx\/index.php\/wp-json\/wp\/v2\/posts\/24057\/revisions"}],"predecessor-version":[{"id":24077,"href":"https:\/\/www.grieta.org.mx\/index.php\/wp-json\/wp\/v2\/posts\/24057\/revisions\/24077"}],"wp:featuredmedia":[{"embeddable":true,"href":"https:\/\/www.grieta.org.mx\/index.php\/wp-json\/wp\/v2\/media\/24060"}],"wp:attachment":[{"href":"https:\/\/www.grieta.org.mx\/index.php\/wp-json\/wp\/v2\/media?parent=24057"}],"wp:term":[{"taxonomy":"category","embeddable":true,"href":"https:\/\/www.grieta.org.mx\/index.php\/wp-json\/wp\/v2\/categories?post=24057"},{"taxonomy":"post_tag","embeddable":true,"href":"https:\/\/www.grieta.org.mx\/index.php\/wp-json\/wp\/v2\/tags?post=24057"}],"curies":[{"name":"wp","href":"https:\/\/api.w.org\/{rel}","templated":true}]}}