{"id":23917,"date":"2018-05-29T10:48:47","date_gmt":"2018-05-29T15:48:47","guid":{"rendered":"http:\/\/www.grieta.org.mx\/?p=23917"},"modified":"2018-06-23T11:08:34","modified_gmt":"2018-06-23T16:08:34","slug":"asesinan-a-golpes-a-hector-gonzalez-antonio-corresponsal-de-excelsior-en-tamaulipas","status":"publish","type":"post","link":"https:\/\/www.grieta.org.mx\/index.php\/2018\/05\/29\/asesinan-a-golpes-a-hector-gonzalez-antonio-corresponsal-de-excelsior-en-tamaulipas\/","title":{"rendered":"Asesinan a golpes a H\u00e9ctor Gonz\u00e1lez Antonio, corresponsal de Exc\u00e9lsior en Tamaulipas"},"content":{"rendered":"<p><img decoding=\"async\" data-attachment-id=\"23918\" data-permalink=\"https:\/\/www.grieta.org.mx\/index.php\/2018\/05\/29\/asesinan-a-golpes-a-hector-gonzalez-antonio-corresponsal-de-excelsior-en-tamaulipas\/hector-gonzalez-antonio-1078x804\/\" data-orig-file=\"https:\/\/www.grieta.org.mx\/wp-content\/uploads\/2018\/06\/Hector-Gonzalez-Antonio-1078x804.jpg\" data-orig-size=\"1078,804\" data-comments-opened=\"0\" data-image-meta=\"{&quot;aperture&quot;:&quot;0&quot;,&quot;credit&quot;:&quot;&quot;,&quot;camera&quot;:&quot;&quot;,&quot;caption&quot;:&quot;&quot;,&quot;created_timestamp&quot;:&quot;0&quot;,&quot;copyright&quot;:&quot;&quot;,&quot;focal_length&quot;:&quot;0&quot;,&quot;iso&quot;:&quot;0&quot;,&quot;shutter_speed&quot;:&quot;0&quot;,&quot;title&quot;:&quot;&quot;,&quot;orientation&quot;:&quot;0&quot;}\" data-image-title=\"Hector-Gonzalez-Antonio-1078&amp;#215;804\" data-image-description=\"\" data-image-caption=\"\" data-medium-file=\"https:\/\/www.grieta.org.mx\/wp-content\/uploads\/2018\/06\/Hector-Gonzalez-Antonio-1078x804-300x224.jpg\" data-large-file=\"https:\/\/www.grieta.org.mx\/wp-content\/uploads\/2018\/06\/Hector-Gonzalez-Antonio-1078x804-1024x764.jpg\" src=\"http:\/\/www.grieta.org.mx\/wp-content\/uploads\/2018\/06\/Hector-Gonzalez-Antonio-1078x804-1024x764.jpg\" alt=\"\" width=\"100%\"class=\"aligncenter size-large wp-image-23918\" srcset=\"https:\/\/www.grieta.org.mx\/wp-content\/uploads\/2018\/06\/Hector-Gonzalez-Antonio-1078x804-1024x764.jpg 1024w, https:\/\/www.grieta.org.mx\/wp-content\/uploads\/2018\/06\/Hector-Gonzalez-Antonio-1078x804-300x224.jpg 300w, https:\/\/www.grieta.org.mx\/wp-content\/uploads\/2018\/06\/Hector-Gonzalez-Antonio-1078x804-768x573.jpg 768w, https:\/\/www.grieta.org.mx\/wp-content\/uploads\/2018\/06\/Hector-Gonzalez-Antonio-1078x804-670x500.jpg 670w, https:\/\/www.grieta.org.mx\/wp-content\/uploads\/2018\/06\/Hector-Gonzalez-Antonio-1078x804.jpg 1078w\" sizes=\"(max-width: 1024px) 100vw, 1024px\" \/><\/p>\n<p>Redacci\u00f3n\/Proceso<\/p>\n<p>CIUDAD DE M\u00c9XICO (apro).- La ma\u00f1ana de este martes fue localizado en Ciudad Victoria, Tamaulipas el cad\u00e1ver del periodista H\u00e9ctor Gonz\u00e1lez Antonio, corresponsal del diario Exc\u00e9lsior y Grupo Imagen, adem\u00e1s de medios locales, quien presuntamente fue asesinado a golpes.<\/p>\n<p>De acuerdo con el conteo en medios de comunicaci\u00f3n, Gonz\u00e1lez Antonio, tambi\u00e9n director del portal Todo Noticias, ser\u00eda el sexto periodista asesinado en M\u00e9xico en lo que va de 2018.<\/p>\n<p>La Procuradur\u00eda General de Justicia de Tamaulipas confirm\u00f3 la identidad de la v\u00edctima, cuyo cuerpo fue localizado en una calle de la colonia Estrella, en la capital tamaulipeca.<\/p>\n<p>\u201cSe abri\u00f3 la carpeta de investigaci\u00f3n correspondiente para las indagatorias que permitan la identificaci\u00f3n y localizaci\u00f3n de los responsables de este homicidio\u201d, agreg\u00f3 la dependencia y dijo que seguir\u00e1 informando del avance de las investigaciones.<\/p>\n<p>El pasado jueves 24, la periodista colaboradora de El Financiero, Alicia D\u00edaz Gonz\u00e1lez, fue ultimada a golpes en su casa en Monterrey, Nuevo Le\u00f3n.<\/p>\n<p>El martes 15, fue ejecutado el periodista y conductor de radio y televisi\u00f3n de Tabasco, Carlos Huerta Mart\u00ednez, cuando sal\u00eda de su casa.<\/p>\n<p>En estos dos \u00faltimos casos, la oficina del Alto Comisionado de las Naciones Unidas para los Derechos Humanos (ONU-DH) conden\u00f3 los asesinatos y demand\u00f3 que en la investigaci\u00f3n de los casos se tome en cuenta la l\u00ednea de su trabajo period\u00edstico.<\/p>\n<p><a href=\"https:\/\/www.proceso.com.mx\/536334\/asesinan-a-golpes-a-hector-gonzalez-antonio-corresponsal-de-excelsior-en-tamaulipas\" rel=\"noopener\" target=\"_blank\">https:\/\/www.proceso.com.mx\/536334\/asesinan-a-golpes-a-hector-gonzalez-antonio-corresponsal-de-excelsior-en-tamaulipas<\/a><\/p>\n","protected":false},"excerpt":{"rendered":"<p>Redacci\u00f3n\/Proceso CIUDAD DE M\u00c9XICO (apro).- La ma\u00f1ana de este martes fue localizado en Ciudad Victoria, Tamaulipas el cad\u00e1ver del periodista H\u00e9ctor Gonz\u00e1lez Antonio, corresponsal del diario Exc\u00e9lsior y Grupo Imagen, &hellip; <a href=\"https:\/\/www.grieta.org.mx\/index.php\/2018\/05\/29\/asesinan-a-golpes-a-hector-gonzalez-antonio-corresponsal-de-excelsior-en-tamaulipas\/\" class=\"more-link\">Leer m\u00e1s<\/a><\/p>\n","protected":false},"author":2,"featured_media":23918,"comment_status":"closed","ping_status":"closed","sticky":false,"template":"","format":"standard","meta":{"ngg_post_thumbnail":0,"_jetpack_newsletter_access":"","_jetpack_dont_email_post_to_subs":false,"_jetpack_newsletter_tier_id":0,"_jetpack_memberships_contains_paywalled_content":false,"_jetpack_memberships_contains_paid_content":false,"footnotes":""},"categories":[80,2,33,88,1136],"tags":[1180,860],"class_list":["post-23917","post","type-post","status-publish","format-standard","has-post-thumbnail","hentry","category-cintillo","category-noticias-nacionales","category-tamaulipas","category-violencia-contra-periodistas","category-violencia-contra-periodistas-en-tamaulipas","tag-asesinato-de-periodistas","tag-homicidios-dolosos","entry"],"jetpack_featured_media_url":"https:\/\/www.grieta.org.mx\/wp-content\/uploads\/2018\/06\/Hector-Gonzalez-Antonio-1078x804.jpg","jetpack_sharing_enabled":true,"jetpack_shortlink":"https:\/\/wp.me\/p7ZJR4-6dL","jetpack_likes_enabled":false,"jetpack-related-posts":[{"id":23598,"url":"https:\/\/www.grieta.org.mx\/index.php\/2018\/06\/07\/protestan-periodistas-en-tamaulipas\/","url_meta":{"origin":23917,"position":0},"title":"Protestan periodistas en Tamaulipas","author":"grieta","date":"7 junio, 2018","format":false,"excerpt":"Agencia Reforma. TAMPICO, Tamaulipas.-En este D\u00eda de la Libertad de Expresi\u00f3n, unos 40 periodistas del sur de Tamaulipas exigieron un freno a la violencia contra los reporteros y el esclarecimiento del homicidio del corresponsal H\u00e9ctor Gonz\u00e1lez. Reporteros, camar\u00f3grafos, fotoperiodistas y columnistas se dieron cita en el kiosco de la Plaza\u2026","rel":"","context":"En &quot;CINTILLO&quot;","block_context":{"text":"CINTILLO","link":"https:\/\/www.grieta.org.mx\/index.php\/category\/cintillo\/"},"img":{"alt_text":"","src":"https:\/\/i0.wp.com\/www.grieta.org.mx\/wp-content\/uploads\/2018\/06\/whatsapp_image_2018-06-07_at_12_09_42_pm.jpeg_539665225.jpeg?resize=350%2C200&ssl=1","width":350,"height":200,"srcset":"https:\/\/i0.wp.com\/www.grieta.org.mx\/wp-content\/uploads\/2018\/06\/whatsapp_image_2018-06-07_at_12_09_42_pm.jpeg_539665225.jpeg?resize=350%2C200&ssl=1 1x, https:\/\/i0.wp.com\/www.grieta.org.mx\/wp-content\/uploads\/2018\/06\/whatsapp_image_2018-06-07_at_12_09_42_pm.jpeg_539665225.jpeg?resize=525%2C300&ssl=1 1.5x"},"classes":[]},{"id":24181,"url":"https:\/\/www.grieta.org.mx\/index.php\/2018\/06\/30\/suman-seis-periodistas-asesinados-durante-2018-en-mexico\/","url_meta":{"origin":23917,"position":1},"title":"Suman seis periodistas asesinados durante 2018 en M\u00e9xico","author":"grieta","date":"30 junio, 2018","format":false,"excerpt":"Redacci\u00f3n\/El Sol de Zacatecas Jos\u00e9 Guadalupe Chan se une a la lista de comunicadores que perdieron la vida, justo en v\u00edspera de las elecciones Za AFP Jos\u00e9 Guadalupe Chan, reportero de un sitio digital de noticias del estado de Quintana Roo, es el sexto comunicador asesinado en M\u00e9xico tras ser\u2026","rel":"","context":"En &quot;CINTILLO&quot;","block_context":{"text":"CINTILLO","link":"https:\/\/www.grieta.org.mx\/index.php\/category\/cintillo\/"},"img":{"alt_text":"","src":"https:\/\/i0.wp.com\/www.grieta.org.mx\/wp-content\/uploads\/2018\/06\/asesinados-periodistas-mexico-2018.jpg?resize=350%2C200&ssl=1","width":350,"height":200,"srcset":"https:\/\/i0.wp.com\/www.grieta.org.mx\/wp-content\/uploads\/2018\/06\/asesinados-periodistas-mexico-2018.jpg?resize=350%2C200&ssl=1 1x, https:\/\/i0.wp.com\/www.grieta.org.mx\/wp-content\/uploads\/2018\/06\/asesinados-periodistas-mexico-2018.jpg?resize=525%2C300&ssl=1 1.5x, https:\/\/i0.wp.com\/www.grieta.org.mx\/wp-content\/uploads\/2018\/06\/asesinados-periodistas-mexico-2018.jpg?resize=700%2C400&ssl=1 2x"},"classes":[]},{"id":23601,"url":"https:\/\/www.grieta.org.mx\/index.php\/2018\/06\/03\/amenazas-de-muerte-obligan-a-cierre-de-medio-digital-en-tamaulipas-arrecian-agresiones-y-coaccion-contra-periodistas\/","url_meta":{"origin":23917,"position":2},"title":"Amenazas de muerte obligan a cierre de medio digital en Tamaulipas; arrecian agresiones y coacci\u00f3n contra periodistas","author":"grieta","date":"3 junio, 2018","format":false,"excerpt":"Juan Alberto Cedillo\/Proceso NUEVO LAREDO, Tamps. (proceso.com.mx).- Una nueva amenaza de muerte contra un periodista de Tamaulipas se suma a la cadena de agresiones y asesinatos contra los comunicadores del noreste de M\u00e9xico, una regi\u00f3n que ha sido \u201czona de silencio\u201d durante a\u00f1os debido a la complicidad de autoridades y\u2026","rel":"","context":"En &quot;CINTILLO&quot;","block_context":{"text":"CINTILLO","link":"https:\/\/www.grieta.org.mx\/index.php\/category\/cintillo\/"},"img":{"alt_text":"","src":"https:\/\/i0.wp.com\/www.grieta.org.mx\/wp-content\/uploads\/2018\/06\/optimus-1078x684.png?resize=350%2C200&ssl=1","width":350,"height":200,"srcset":"https:\/\/i0.wp.com\/www.grieta.org.mx\/wp-content\/uploads\/2018\/06\/optimus-1078x684.png?resize=350%2C200&ssl=1 1x, https:\/\/i0.wp.com\/www.grieta.org.mx\/wp-content\/uploads\/2018\/06\/optimus-1078x684.png?resize=525%2C300&ssl=1 1.5x, https:\/\/i0.wp.com\/www.grieta.org.mx\/wp-content\/uploads\/2018\/06\/optimus-1078x684.png?resize=700%2C400&ssl=1 2x, https:\/\/i0.wp.com\/www.grieta.org.mx\/wp-content\/uploads\/2018\/06\/optimus-1078x684.png?resize=1050%2C600&ssl=1 3x"},"classes":[]},{"id":23605,"url":"https:\/\/www.grieta.org.mx\/index.php\/2018\/06\/02\/tamaulipas-que-es-la-zona-silenciada-de-mexico-y-por-que-la-onu-exige-la-atencion-del-gobierno\/","url_meta":{"origin":23917,"position":3},"title":"Tamaulipas: qu\u00e9 es la &#8220;zona silenciada&#8221; de M\u00e9xico y por qu\u00e9 la ONU exige la atenci\u00f3n del gobierno","author":"grieta","date":"2 junio, 2018","format":false,"excerpt":"Redacci\u00f3n\/BBC News Mundo Tras el ataque contra el diario El Ma\u00f1ana en 2006, comenz\u00f3 el silencio generalizado. La oficina de ese peri\u00f3dico de Tamaulipas, en el noreste de M\u00e9xico, recibi\u00f3 una r\u00e1faga de balas y explosivos en un nivel de violencia contra la prensa nunca visto antes. Seg\u00fan la Comisi\u00f3n\u2026","rel":"","context":"En &quot;CINTILLO&quot;","block_context":{"text":"CINTILLO","link":"https:\/\/www.grieta.org.mx\/index.php\/category\/cintillo\/"},"img":{"alt_text":"","src":"","width":0,"height":0},"classes":[]},{"id":23386,"url":"https:\/\/www.grieta.org.mx\/index.php\/2018\/06\/01\/periodistas-protestan-en-palacio-nacional-unesco-y-ue-exigen-castigo-para-asesinos-de-reporteros\/","url_meta":{"origin":23917,"position":4},"title":"Periodistas protestan en Palacio Nacional; Unesco y UE exigen castigo para asesinos de reporteros","author":"grieta","date":"1 junio, 2018","format":false,"excerpt":"Sugery G\u00e1ndara\/Sin Embargo Integrantes de diferentes colectivos y redes se congregaron para protestar por la impunidad en los cr\u00edmenes contra los comunicadores, en especial por los \u00faltimos homicidios contra Juan Carlos Huerta, en Villahermosa, Alicia D\u00edaz, en Monterrey, y H\u00e9ctor Gonz\u00e1lez Antonio en Tamaulipas. En medio de esta exigencia, la\u2026","rel":"","context":"En &quot;CINTILLO&quot;","block_context":{"text":"CINTILLO","link":"https:\/\/www.grieta.org.mx\/index.php\/category\/cintillo\/"},"img":{"alt_text":"","src":"https:\/\/i0.wp.com\/www.grieta.org.mx\/wp-content\/uploads\/2018\/06\/protesta.jpg?resize=350%2C200&ssl=1","width":350,"height":200,"srcset":"https:\/\/i0.wp.com\/www.grieta.org.mx\/wp-content\/uploads\/2018\/06\/protesta.jpg?resize=350%2C200&ssl=1 1x, https:\/\/i0.wp.com\/www.grieta.org.mx\/wp-content\/uploads\/2018\/06\/protesta.jpg?resize=525%2C300&ssl=1 1.5x, https:\/\/i0.wp.com\/www.grieta.org.mx\/wp-content\/uploads\/2018\/06\/protesta.jpg?resize=700%2C400&ssl=1 2x, https:\/\/i0.wp.com\/www.grieta.org.mx\/wp-content\/uploads\/2018\/06\/protesta.jpg?resize=1050%2C600&ssl=1 3x"},"classes":[]},{"id":28571,"url":"https:\/\/www.grieta.org.mx\/index.php\/2019\/01\/24\/el-laberinto-de-exigir-justicia-para-un-periodista-asesinado-en-mexico-tamaulipas\/","url_meta":{"origin":23917,"position":5},"title":"El laberinto de exigir justicia para un periodista asesinado en M\u00e9xico (Tamaulipas)","author":"grieta","date":"24 enero, 2019","format":false,"excerpt":"El\u00edas Camhaji \/ El Pa\u00eds El columnista Carlos Dom\u00ednguez fue apu\u00f1alado 24 veces en Tamaulipas. A un a\u00f1o de su asesinato, su familia a\u00fan busca que el peso de la ley caiga sobre todos los responsables A plena luz del d\u00eda. Frente a su familia. A unas calles del palacio\u2026","rel":"","context":"En &quot;CINTILLO&quot;","block_context":{"text":"CINTILLO","link":"https:\/\/www.grieta.org.mx\/index.php\/category\/cintillo\/"},"img":{"alt_text":"","src":"https:\/\/i0.wp.com\/www.grieta.org.mx\/wp-content\/uploads\/2019\/01\/El-laberinto-de-exigir-justicia-para-un-periodista-asesinado-en-M%C3%A9xico-tamaulipas.jpg?resize=350%2C200&ssl=1","width":350,"height":200,"srcset":"https:\/\/i0.wp.com\/www.grieta.org.mx\/wp-content\/uploads\/2019\/01\/El-laberinto-de-exigir-justicia-para-un-periodista-asesinado-en-M%C3%A9xico-tamaulipas.jpg?resize=350%2C200&ssl=1 1x, https:\/\/i0.wp.com\/www.grieta.org.mx\/wp-content\/uploads\/2019\/01\/El-laberinto-de-exigir-justicia-para-un-periodista-asesinado-en-M%C3%A9xico-tamaulipas.jpg?resize=525%2C300&ssl=1 1.5x, https:\/\/i0.wp.com\/www.grieta.org.mx\/wp-content\/uploads\/2019\/01\/El-laberinto-de-exigir-justicia-para-un-periodista-asesinado-en-M%C3%A9xico-tamaulipas.jpg?resize=700%2C400&ssl=1 2x, https:\/\/i0.wp.com\/www.grieta.org.mx\/wp-content\/uploads\/2019\/01\/El-laberinto-de-exigir-justicia-para-un-periodista-asesinado-en-M%C3%A9xico-tamaulipas.jpg?resize=1050%2C600&ssl=1 3x, https:\/\/i0.wp.com\/www.grieta.org.mx\/wp-content\/uploads\/2019\/01\/El-laberinto-de-exigir-justicia-para-un-periodista-asesinado-en-M%C3%A9xico-tamaulipas.jpg?resize=1400%2C800&ssl=1 4x"},"classes":[]}],"_links":{"self":[{"href":"https:\/\/www.grieta.org.mx\/index.php\/wp-json\/wp\/v2\/posts\/23917","targetHints":{"allow":["GET"]}}],"collection":[{"href":"https:\/\/www.grieta.org.mx\/index.php\/wp-json\/wp\/v2\/posts"}],"about":[{"href":"https:\/\/www.grieta.org.mx\/index.php\/wp-json\/wp\/v2\/types\/post"}],"author":[{"embeddable":true,"href":"https:\/\/www.grieta.org.mx\/index.php\/wp-json\/wp\/v2\/users\/2"}],"replies":[{"embeddable":true,"href":"https:\/\/www.grieta.org.mx\/index.php\/wp-json\/wp\/v2\/comments?post=23917"}],"version-history":[{"count":1,"href":"https:\/\/www.grieta.org.mx\/index.php\/wp-json\/wp\/v2\/posts\/23917\/revisions"}],"predecessor-version":[{"id":23919,"href":"https:\/\/www.grieta.org.mx\/index.php\/wp-json\/wp\/v2\/posts\/23917\/revisions\/23919"}],"wp:featuredmedia":[{"embeddable":true,"href":"https:\/\/www.grieta.org.mx\/index.php\/wp-json\/wp\/v2\/media\/23918"}],"wp:attachment":[{"href":"https:\/\/www.grieta.org.mx\/index.php\/wp-json\/wp\/v2\/media?parent=23917"}],"wp:term":[{"taxonomy":"category","embeddable":true,"href":"https:\/\/www.grieta.org.mx\/index.php\/wp-json\/wp\/v2\/categories?post=23917"},{"taxonomy":"post_tag","embeddable":true,"href":"https:\/\/www.grieta.org.mx\/index.php\/wp-json\/wp\/v2\/tags?post=23917"}],"curies":[{"name":"wp","href":"https:\/\/api.w.org\/{rel}","templated":true}]}}