{"id":23914,"date":"2018-03-23T10:37:04","date_gmt":"2018-03-23T16:37:04","guid":{"rendered":"http:\/\/www.grieta.org.mx\/?p=23914"},"modified":"2018-06-23T10:42:37","modified_gmt":"2018-06-23T15:42:37","slug":"basta-de-denigrar-a-maestros-tamaulipas","status":"publish","type":"post","link":"https:\/\/www.grieta.org.mx\/index.php\/2018\/03\/23\/basta-de-denigrar-a-maestros-tamaulipas\/","title":{"rendered":"\u2018Basta de denigrar a maestros\u2019 (Tamaulipas)"},"content":{"rendered":"<p><img decoding=\"async\" data-attachment-id=\"23915\" data-permalink=\"https:\/\/www.grieta.org.mx\/index.php\/2018\/03\/23\/basta-de-denigrar-a-maestros-tamaulipas\/bc5ab5018ad226b_3798556ab230b5da18578d11f9a81246\/\" data-orig-file=\"https:\/\/www.grieta.org.mx\/wp-content\/uploads\/2018\/06\/bc5ab5018ad226b_3798556ab230b5da18578d11f9a81246.jpg\" data-orig-size=\"960,720\" data-comments-opened=\"0\" data-image-meta=\"{&quot;aperture&quot;:&quot;0&quot;,&quot;credit&quot;:&quot;&quot;,&quot;camera&quot;:&quot;&quot;,&quot;caption&quot;:&quot;&quot;,&quot;created_timestamp&quot;:&quot;0&quot;,&quot;copyright&quot;:&quot;&quot;,&quot;focal_length&quot;:&quot;0&quot;,&quot;iso&quot;:&quot;0&quot;,&quot;shutter_speed&quot;:&quot;0&quot;,&quot;title&quot;:&quot;&quot;,&quot;orientation&quot;:&quot;0&quot;}\" data-image-title=\"bc5ab5018ad226b_3798556ab230b5da18578d11f9a81246\" data-image-description=\"\" data-image-caption=\"\" data-medium-file=\"https:\/\/www.grieta.org.mx\/wp-content\/uploads\/2018\/06\/bc5ab5018ad226b_3798556ab230b5da18578d11f9a81246-300x225.jpg\" data-large-file=\"https:\/\/www.grieta.org.mx\/wp-content\/uploads\/2018\/06\/bc5ab5018ad226b_3798556ab230b5da18578d11f9a81246.jpg\" src=\"http:\/\/www.grieta.org.mx\/wp-content\/uploads\/2018\/06\/bc5ab5018ad226b_3798556ab230b5da18578d11f9a81246.jpg\" alt=\"\" width=\"100%\" class=\"aligncenter size-full wp-image-23915\" srcset=\"https:\/\/www.grieta.org.mx\/wp-content\/uploads\/2018\/06\/bc5ab5018ad226b_3798556ab230b5da18578d11f9a81246.jpg 960w, https:\/\/www.grieta.org.mx\/wp-content\/uploads\/2018\/06\/bc5ab5018ad226b_3798556ab230b5da18578d11f9a81246-300x225.jpg 300w, https:\/\/www.grieta.org.mx\/wp-content\/uploads\/2018\/06\/bc5ab5018ad226b_3798556ab230b5da18578d11f9a81246-768x576.jpg 768w, https:\/\/www.grieta.org.mx\/wp-content\/uploads\/2018\/06\/bc5ab5018ad226b_3798556ab230b5da18578d11f9a81246-667x500.jpg 667w\" sizes=\"(max-width: 960px) 100vw, 960px\" \/><\/p>\n<p>Martha Mart\u00ednez\/El Ma\u00f1ana<\/p>\n<p>Por una homologaci\u00f3n de los salarios, que se hizo desde el 2006 y que a la fecha no se ha visto reflejada, pero hay quienes ganan hasta un 40% menos a lo que establece el acuerdo, 52 docentes del Colegio de Bachilleres 01, en Nuevo Laredo, comenzaron a trabajar bajo protesta.<\/p>\n<p>\u201cHemos sido tolerantes. Ya agotamos todas las instancias. Hay hostigamiento laboral; pero estamos cansados de la nula respuesta a nuestras peticiones\u201d, as\u00ed se expresaron maestros ayer en una manifestaci\u00f3n pac\u00edfica en las afueras del plantel.<\/p>\n<p>Exigen al Gobernador de Tamaulipas y a las autoridades educativas su intervenci\u00f3n ante la falta de prestaciones que est\u00e1n afectando no s\u00f3lo a los profesores neolaredenses, sino a m\u00e1s de 530 en todo el Estado.<\/p>\n<p>Con una manta los integrantes del Sindicato \u00danico de Trabajadores al Servicio de los Poderes del Estado de Tamaulipas dicen: \u201cBasta de imponer la Ley de Servicio Profesional Docente e incidir en violaciones a esta, constantemente por parte del Director General, C\u00e9sar Guerra Montalvo\u201d.<\/p>\n<p>Tambi\u00e9n condiciones de trabajo id\u00f3neas, que se respeten sus garant\u00edas individuales y que no exista acoso ni intimidaci\u00f3n laboral.<\/p>\n<p>\u201cHemos sido hostigados con sanciones continuas que no proceden, irregularidades en la distribuci\u00f3n de horarios, de materias; irregularidades disponiendo de nuestro tiempo cuando estamos siendo contratados por tiempos espec\u00edficos y nuestro contrato colectivo habla de esos tiempos y las formas. Irregularidades porque no se nos dicen las cosas como a profesionales, se nos habla a veces en un tono denigrante para maestros\u201d, se\u00f1al\u00f3 la maestra Argelia Dur\u00e1n, quien es la dirigente sindical en Nuevo Laredo.<\/p>\n<p>Asegur\u00f3, que como profesionales de la educaci\u00f3n, los docentes no buscan permanecer en una lucha o debate innecesario como pleito, sino en una lucha constante de di\u00e1logo.<\/p>\n<p>\u201cNosotros no hemos suspendido ninguna de nuestras clases, hemos cuidado al 100% eso. Se\u00f1or Gobernador, por favor, consid\u00e9relo. Ning\u00fan maestro est\u00e1 dispuesto a perder sus clases y cuando as\u00ed suceda a veces hasta con la salud deteriorada estamos aqu\u00ed\u201d, agreg\u00f3.<\/p>\n<p><a href=\"http:\/\/elmanana.com.mx\/noticia\/163922\/%E2%80%98Basta-de-denigrar-a-maestros%E2%80%99.html\" rel=\"noopener\" target=\"_blank\">http:\/\/elmanana.com.mx\/noticia\/163922\/%E2%80%98Basta-de-denigrar-a-maestros%E2%80%99.html<\/a><\/p>\n","protected":false},"excerpt":{"rendered":"<p>Martha Mart\u00ednez\/El Ma\u00f1ana Por una homologaci\u00f3n de los salarios, que se hizo desde el 2006 y que a la fecha no se ha visto reflejada, pero hay quienes ganan hasta &hellip; <a href=\"https:\/\/www.grieta.org.mx\/index.php\/2018\/03\/23\/basta-de-denigrar-a-maestros-tamaulipas\/\" class=\"more-link\">Leer m\u00e1s<\/a><\/p>\n","protected":false},"author":2,"featured_media":23915,"comment_status":"closed","ping_status":"closed","sticky":false,"template":"","format":"standard","meta":{"ngg_post_thumbnail":0,"_jetpack_newsletter_access":"","_jetpack_dont_email_post_to_subs":false,"_jetpack_newsletter_tier_id":0,"_jetpack_memberships_contains_paywalled_content":false,"_jetpack_memberships_contains_paid_content":false,"footnotes":""},"categories":[80,910,1137,1359,2,33,83],"tags":[674,201],"class_list":["post-23914","post","type-post","status-publish","format-standard","has-post-thumbnail","hentry","category-cintillo","category-explotacion-y-precariedad-laboral","category-explotacion-y-precariedad-laboral-en-tamaulipas","category-movilizaciones-de-maestros-en-tamaulipas","category-noticias-nacionales","category-tamaulipas","category-temas-nacionales","tag-movilizaciones-maestros","tag-salarios","entry"],"jetpack_featured_media_url":"https:\/\/www.grieta.org.mx\/wp-content\/uploads\/2018\/06\/bc5ab5018ad226b_3798556ab230b5da18578d11f9a81246.jpg","jetpack_sharing_enabled":true,"jetpack_shortlink":"https:\/\/wp.me\/p7ZJR4-6dI","jetpack_likes_enabled":false,"jetpack-related-posts":[{"id":41765,"url":"https:\/\/www.grieta.org.mx\/index.php\/2019\/11\/20\/adeudan-salarios-a-5-mil-maestros-en-tamaulipas\/","url_meta":{"origin":23914,"position":0},"title":"Adeudan salarios a 5 mil maestros en Tamaulipas","author":"grieta","date":"20 noviembre, 2019","format":false,"excerpt":"Pertenecen a escuelas de tiempo completo y desde el mes de septiembre no reciben sueldos, destac\u00f3 el SNTE. Jes\u00fas Alberto Garc\u00eda\/Milenio 20 noviembre 2019 En Tamaulipas son m\u00e1s de 5 mil maestros a los que se les deben salarios desde el mes de septiembre, asegur\u00f3 el SNTE, y que corresponde\u2026","rel":"","context":"En &quot;CINTILLO&quot;","block_context":{"text":"CINTILLO","link":"https:\/\/www.grieta.org.mx\/index.php\/category\/cintillo\/"},"img":{"alt_text":"","src":"https:\/\/i0.wp.com\/www.grieta.org.mx\/wp-content\/uploads\/2019\/12\/auditoria-superior-federacion-programa-completo_0_1_1024_637.jpg?resize=350%2C200&ssl=1","width":350,"height":200,"srcset":"https:\/\/i0.wp.com\/www.grieta.org.mx\/wp-content\/uploads\/2019\/12\/auditoria-superior-federacion-programa-completo_0_1_1024_637.jpg?resize=350%2C200&ssl=1 1x, https:\/\/i0.wp.com\/www.grieta.org.mx\/wp-content\/uploads\/2019\/12\/auditoria-superior-federacion-programa-completo_0_1_1024_637.jpg?resize=525%2C300&ssl=1 1.5x, https:\/\/i0.wp.com\/www.grieta.org.mx\/wp-content\/uploads\/2019\/12\/auditoria-superior-federacion-programa-completo_0_1_1024_637.jpg?resize=700%2C400&ssl=1 2x"},"classes":[]},{"id":23910,"url":"https:\/\/www.grieta.org.mx\/index.php\/2018\/06\/18\/tamaulipas-vuelven-a-protestar-maestros-por-falta-de-pago\/","url_meta":{"origin":23914,"position":1},"title":"Tamaulipas: Vuelven a protestar maestros por falta de pago","author":"grieta","date":"18 junio, 2018","format":false,"excerpt":"Aleandro Echartea\/El Ma\u00f1ana Cd. Victoria, Tam.- Una docena de maestros pertenecientes a niveles preescolar, primaria, secundaria y telesecundaria de los municipios de Reynosa, R\u00edo Bravo, Matamoros, Valle Hermoso, Ciudad Victoria y Mante, se manifestaron por en\u00e9sima ocasi\u00f3n en las instalaciones de la Secretar\u00eda de Educaci\u00f3n de Tamaulipas por falta de\u2026","rel":"","context":"En &quot;CINTILLO&quot;","block_context":{"text":"CINTILLO","link":"https:\/\/www.grieta.org.mx\/index.php\/category\/cintillo\/"},"img":{"alt_text":"","src":"https:\/\/i0.wp.com\/www.grieta.org.mx\/wp-content\/uploads\/2018\/06\/direct-2.jpg?resize=350%2C200&ssl=1","width":350,"height":200,"srcset":"https:\/\/i0.wp.com\/www.grieta.org.mx\/wp-content\/uploads\/2018\/06\/direct-2.jpg?resize=350%2C200&ssl=1 1x, https:\/\/i0.wp.com\/www.grieta.org.mx\/wp-content\/uploads\/2018\/06\/direct-2.jpg?resize=525%2C300&ssl=1 1.5x"},"classes":[]},{"id":2997,"url":"https:\/\/www.grieta.org.mx\/index.php\/2015\/07\/08\/protestan-maestros-en-ciudad-victoria-contra-reforma-educativa\/","url_meta":{"origin":23914,"position":2},"title":"Protestan maestros en Ciudad Victoria contra Reforma Educativa","author":"grieta","date":"8 julio, 2015","format":false,"excerpt":"Hoy Tamaulipas Un grupo de maestros de diferentes ciudades del Estado, principalmente del centro de la entidad, realizaron este mi\u00e9rcoles una marcha para protestar en contra de la evaluaci\u00f3n magisterial, que forma parte de la Reforma Educativa. Los maestros, cerca de mil, se plantaron frente a las instalaciones del Congreso\u2026","rel":"","context":"En &quot;CINTILLO&quot;","block_context":{"text":"CINTILLO","link":"https:\/\/www.grieta.org.mx\/index.php\/category\/cintillo\/"},"img":{"alt_text":"","src":"https:\/\/i0.wp.com\/www.grieta.org.mx\/wp-content\/uploads\/2018\/03\/14524434_1106112876131411_958039263622046936_o.jpg?resize=350%2C200&ssl=1","width":350,"height":200,"srcset":"https:\/\/i0.wp.com\/www.grieta.org.mx\/wp-content\/uploads\/2018\/03\/14524434_1106112876131411_958039263622046936_o.jpg?resize=350%2C200&ssl=1 1x, https:\/\/i0.wp.com\/www.grieta.org.mx\/wp-content\/uploads\/2018\/03\/14524434_1106112876131411_958039263622046936_o.jpg?resize=525%2C300&ssl=1 1.5x, https:\/\/i0.wp.com\/www.grieta.org.mx\/wp-content\/uploads\/2018\/03\/14524434_1106112876131411_958039263622046936_o.jpg?resize=700%2C400&ssl=1 2x"},"classes":[]},{"id":2979,"url":"https:\/\/www.grieta.org.mx\/index.php\/2015\/09\/16\/maestros-del-sur-de-tamaulipas-se-manifiestan-contra-reforma-educativa\/","url_meta":{"origin":23914,"position":3},"title":"Maestros del sur de Tamaulipas se manifiestan contra reforma educativa","author":"grieta","date":"16 septiembre, 2015","format":false,"excerpt":"Expreso.pres Un grupo de aproximadamente 50 maestros de la zona sur se manifiestan esta ma\u00f1ana en Tampico por la reforma educativa, puesto que la SEP ha empezado a fusionar grupos afectando la calidad educativa y a los profesores. Jos\u00e9 Luis Segura Carmona, coordinador del movimiento Magisterio Unido de Tamaulipas en\u2026","rel":"","context":"En &quot;CINTILLO&quot;","block_context":{"text":"CINTILLO","link":"https:\/\/www.grieta.org.mx\/index.php\/category\/cintillo\/"},"img":{"alt_text":"","src":"https:\/\/i0.wp.com\/www.grieta.org.mx\/wp-content\/uploads\/2018\/03\/14524434_1106112876131411_958039263622046936_o.jpg?resize=350%2C200&ssl=1","width":350,"height":200,"srcset":"https:\/\/i0.wp.com\/www.grieta.org.mx\/wp-content\/uploads\/2018\/03\/14524434_1106112876131411_958039263622046936_o.jpg?resize=350%2C200&ssl=1 1x, https:\/\/i0.wp.com\/www.grieta.org.mx\/wp-content\/uploads\/2018\/03\/14524434_1106112876131411_958039263622046936_o.jpg?resize=525%2C300&ssl=1 1.5x, https:\/\/i0.wp.com\/www.grieta.org.mx\/wp-content\/uploads\/2018\/03\/14524434_1106112876131411_958039263622046936_o.jpg?resize=700%2C400&ssl=1 2x"},"classes":[]},{"id":19012,"url":"https:\/\/www.grieta.org.mx\/index.php\/2016\/08\/02\/a-golpes-desalojan-a-manifestantes-tamps\/","url_meta":{"origin":23914,"position":4},"title":"A golpes desalojan a manifestantes (Tamps)","author":"grieta","date":"2 agosto, 2016","format":false,"excerpt":"Juan Hern\u00e1ndez El peque\u00f1o grupo de maestros que se manifestaron este lunes bloqueando las v\u00edas del ferrocarril que dan entrada al puerto de Altamira, fueron desalojados violentamente por trabajadores de una empresa ferroviaria.Jos\u00e9 Luis Gonz\u00e1lez Meza presidente de la Comisi\u00f3n de Derechos Humanos \"L\u00e1zaro C\u00e1rdenas del R\u00edo\" Asociaci\u00f3n Civil, se\u00f1al\u00f3\u2026","rel":"","context":"En &quot;CINTILLO&quot;","block_context":{"text":"CINTILLO","link":"https:\/\/www.grieta.org.mx\/index.php\/category\/cintillo\/"},"img":{"alt_text":"","src":"https:\/\/i0.wp.com\/www.grieta.org.mx\/wp-content\/uploads\/2018\/03\/14524434_1106112876131411_958039263622046936_o.jpg?resize=350%2C200&ssl=1","width":350,"height":200,"srcset":"https:\/\/i0.wp.com\/www.grieta.org.mx\/wp-content\/uploads\/2018\/03\/14524434_1106112876131411_958039263622046936_o.jpg?resize=350%2C200&ssl=1 1x, https:\/\/i0.wp.com\/www.grieta.org.mx\/wp-content\/uploads\/2018\/03\/14524434_1106112876131411_958039263622046936_o.jpg?resize=525%2C300&ssl=1 1.5x, https:\/\/i0.wp.com\/www.grieta.org.mx\/wp-content\/uploads\/2018\/03\/14524434_1106112876131411_958039263622046936_o.jpg?resize=700%2C400&ssl=1 2x"},"classes":[]},{"id":2932,"url":"https:\/\/www.grieta.org.mx\/index.php\/2015\/11\/14\/protestan-maestros-de-madero-tras-ser-evaluados\/","url_meta":{"origin":23914,"position":5},"title":"Protestan maestros de Madero tras ser evaluados","author":"grieta","date":"14 noviembre, 2015","format":false,"excerpt":"Expreso.press Jos\u00e9 Luis Rodr\u00edguez CIUDAD MADERO, Tamaulipas.- Bajo protesta mil 126 profesores que presentaron el examen de evaluaci\u00f3n en nueve sedes en la zona sur de Tamaulipas. El maestro, Jos\u00e9 Luis Segura, representante del movimiento magisterial inform\u00f3 que no est\u00e1n de acuerdo con el examen que orden\u00f3 el gobierno federal.\u2026","rel":"","context":"En &quot;CINTILLO&quot;","block_context":{"text":"CINTILLO","link":"https:\/\/www.grieta.org.mx\/index.php\/category\/cintillo\/"},"img":{"alt_text":"","src":"https:\/\/i0.wp.com\/www.grieta.org.mx\/wp-content\/uploads\/2018\/03\/14524434_1106112876131411_958039263622046936_o.jpg?resize=350%2C200&ssl=1","width":350,"height":200,"srcset":"https:\/\/i0.wp.com\/www.grieta.org.mx\/wp-content\/uploads\/2018\/03\/14524434_1106112876131411_958039263622046936_o.jpg?resize=350%2C200&ssl=1 1x, https:\/\/i0.wp.com\/www.grieta.org.mx\/wp-content\/uploads\/2018\/03\/14524434_1106112876131411_958039263622046936_o.jpg?resize=525%2C300&ssl=1 1.5x, https:\/\/i0.wp.com\/www.grieta.org.mx\/wp-content\/uploads\/2018\/03\/14524434_1106112876131411_958039263622046936_o.jpg?resize=700%2C400&ssl=1 2x"},"classes":[]}],"_links":{"self":[{"href":"https:\/\/www.grieta.org.mx\/index.php\/wp-json\/wp\/v2\/posts\/23914","targetHints":{"allow":["GET"]}}],"collection":[{"href":"https:\/\/www.grieta.org.mx\/index.php\/wp-json\/wp\/v2\/posts"}],"about":[{"href":"https:\/\/www.grieta.org.mx\/index.php\/wp-json\/wp\/v2\/types\/post"}],"author":[{"embeddable":true,"href":"https:\/\/www.grieta.org.mx\/index.php\/wp-json\/wp\/v2\/users\/2"}],"replies":[{"embeddable":true,"href":"https:\/\/www.grieta.org.mx\/index.php\/wp-json\/wp\/v2\/comments?post=23914"}],"version-history":[{"count":1,"href":"https:\/\/www.grieta.org.mx\/index.php\/wp-json\/wp\/v2\/posts\/23914\/revisions"}],"predecessor-version":[{"id":23916,"href":"https:\/\/www.grieta.org.mx\/index.php\/wp-json\/wp\/v2\/posts\/23914\/revisions\/23916"}],"wp:featuredmedia":[{"embeddable":true,"href":"https:\/\/www.grieta.org.mx\/index.php\/wp-json\/wp\/v2\/media\/23915"}],"wp:attachment":[{"href":"https:\/\/www.grieta.org.mx\/index.php\/wp-json\/wp\/v2\/media?parent=23914"}],"wp:term":[{"taxonomy":"category","embeddable":true,"href":"https:\/\/www.grieta.org.mx\/index.php\/wp-json\/wp\/v2\/categories?post=23914"},{"taxonomy":"post_tag","embeddable":true,"href":"https:\/\/www.grieta.org.mx\/index.php\/wp-json\/wp\/v2\/tags?post=23914"}],"curies":[{"name":"wp","href":"https:\/\/api.w.org\/{rel}","templated":true}]}}