{"id":23879,"date":"2018-06-21T22:58:17","date_gmt":"2018-06-22T03:58:17","guid":{"rendered":"http:\/\/www.grieta.org.mx\/?p=23879"},"modified":"2018-09-27T00:55:32","modified_gmt":"2018-09-27T05:55:32","slug":"vecinos-de-tlalpan-afectados-por-los-megraproyectos-inmobiliarios-alzan-la-voz-ciudad-de-mexico","status":"publish","type":"post","link":"https:\/\/www.grieta.org.mx\/index.php\/2018\/06\/21\/vecinos-de-tlalpan-afectados-por-los-megraproyectos-inmobiliarios-alzan-la-voz-ciudad-de-mexico\/","title":{"rendered":"Vecinos de Tlalpan afectados por los megraproyectos inmobiliarios se organizan y alzan la voz (Ciudad de M\u00e9xico)"},"content":{"rendered":"<p>COLECTIVO GRIETA<\/p>\n<p>La ma\u00f1ana del jueves 21 de junio, vecinos de la colonia Isidro Fabela se reunieron en la v\u00eda p\u00fablica para manifestar su inconformidad con las megaconstrucciones que distintas empresas realizan del otro lado del perif\u00e9rico, proyectos inmobiliarios que amenazan con colapsar el sistema de drenaje de esta colonia.<\/p>\n<p>De acuerdo con las declaraciones recogidas en la cuenta de Facebook Hecho en Carrasco-Isidro Fabela, la protesta se suscit\u00f3 despu\u00e9s de que el mi\u00e9rcoles 20, a temprana hora, lleg\u00f3 a la calle 11 Oriente una cuadrilla de la empresa privada ATS Construcciones SA de CV a marcar la calle y a perforar el pavimento. Conforme a los testimonios de los vecinos de esta calle, los trabajadores les dijeron que iban a hacer \u201cla conexi\u00f3n de un drenaje que viene del otro lado del perif\u00e9rico de una torre nueva de 40 pisos, a la red de drenaje principal de la colonia.<\/p>\n<p><a href=\"https:\/\/www.facebook.com\/HechoenCarrasco\/videos\/1752836844801372\/\">https:\/\/www.facebook.com\/HechoenCarrasco\/videos\/1752836844801372\/<\/a><\/p>\n<p>El intento de esta empresa se top\u00f3 con la indignaci\u00f3n de los habitantes de esta colonia, algunas de cuyas calles en temporadas de lluvias se ven afectadas por inundaciones. Verdaderamente molestos por la opacidad e irregularidades con que intenta comenzar a trabajar ATS, los colonos de esta parte de los pedregales decidieron salir a la calle y organizarse. Entre esas irregularidades est\u00e1 el que para realizar las obras el encargado de los trabajadores present\u00f3 un oficio dirigido a la directora general de Obras y Desarrollo Urbano de la Delegaci\u00f3n Coyoac\u00e1n, Leticia Nolasco Ortigoza, siendo que las obras se realizar\u00edan en la delegaci\u00f3n vecina de Tlalpan.<\/p>\n<p><img loading=\"lazy\" decoding=\"async\" width=\"583\" height=\"859\" data-attachment-id=\"23882\" data-permalink=\"https:\/\/www.grieta.org.mx\/index.php\/2018\/06\/21\/vecinos-de-tlalpan-afectados-por-los-megraproyectos-inmobiliarios-alzan-la-voz-ciudad-de-mexico\/oficio\/\" data-orig-file=\"https:\/\/www.grieta.org.mx\/wp-content\/uploads\/2018\/06\/Oficio.jpg\" data-orig-size=\"583,859\" data-comments-opened=\"0\" data-image-meta=\"{&quot;aperture&quot;:&quot;0&quot;,&quot;credit&quot;:&quot;&quot;,&quot;camera&quot;:&quot;&quot;,&quot;caption&quot;:&quot;&quot;,&quot;created_timestamp&quot;:&quot;0&quot;,&quot;copyright&quot;:&quot;&quot;,&quot;focal_length&quot;:&quot;0&quot;,&quot;iso&quot;:&quot;0&quot;,&quot;shutter_speed&quot;:&quot;0&quot;,&quot;title&quot;:&quot;&quot;,&quot;orientation&quot;:&quot;0&quot;}\" data-image-title=\"Oficio\" data-image-description=\"\" data-image-caption=\"\" data-medium-file=\"https:\/\/www.grieta.org.mx\/wp-content\/uploads\/2018\/06\/Oficio-204x300.jpg\" data-large-file=\"https:\/\/www.grieta.org.mx\/wp-content\/uploads\/2018\/06\/Oficio.jpg\" class=\"aligncenter size-full wp-image-23882\" src=\"http:\/\/www.grieta.org.mx\/wp-content\/uploads\/2018\/06\/Oficio.jpg\" alt=\"\" srcset=\"https:\/\/www.grieta.org.mx\/wp-content\/uploads\/2018\/06\/Oficio.jpg 583w, https:\/\/www.grieta.org.mx\/wp-content\/uploads\/2018\/06\/Oficio-204x300.jpg 204w, https:\/\/www.grieta.org.mx\/wp-content\/uploads\/2018\/06\/Oficio-339x500.jpg 339w\" sizes=\"auto, (max-width: 583px) 100vw, 583px\" \/><br \/>\n&#8220;Con este escrito nos quisieron madrugar los de\u00a0<a class=\"_58cn\" href=\"https:\/\/www.facebook.com\/hashtag\/begrand?source=feed_text\" data-ft=\"{&quot;tn&quot;:&quot;*N&quot;,&quot;type&quot;:104}\"><span class=\"_5afx\"><span class=\"_58cl _5afz\" aria-label=\"numeral\">#<\/span><span class=\"_58cm\">BeGrand<\/span><\/span><\/a>\u00a0y\u00a0<a class=\"_58cn\" href=\"https:\/\/www.facebook.com\/hashtag\/atsconstrucciones?source=feed_text\" data-ft=\"{&quot;tn&quot;:&quot;*N&quot;,&quot;type&quot;:104}\"><span class=\"_5afx\"><span class=\"_58cl _5afz\" aria-label=\"numeral\">#<\/span><span class=\"_58cm\">ATSconstrucciones<\/span><\/span><\/a>\u00a0pero afortunadamente los vecinos de la calle 11 Oriente no lo permitieron&#8221;.<\/p>\n<p>\u201cPiensan que pueden hacer lo que les da la gana en nuestra colonia porque son empresarios respaldados por pol\u00edticos sin escr\u00fapulos que se benefician econ\u00f3micamente al autorizar ilegalmente proyectos que empe\u00f1an el futuro de nuestras familias y ponen en riesgo el patrimonio que con tanto esfuerzo hemos construido \u201d, coment\u00f3 una ama de casa asistente a la protesta del jueves.<\/p>\n<p>Son ya varias ocasiones en que vecinos de las colonias de esta zona del sur de la Ciudad de M\u00e9xico han manifestado su inconformidad por los permisos que la delegaci\u00f3n de Coyoac\u00e1n otorga a las inmobiliarias para edificar mega construcciones sin tomar en cuenta, entre otras problem\u00e1ticas, la escasez de agua, el impacto ambiental, el colapso cotidiano de las vialidades y sistema de drenaje insuficiente. Esto, dicen los vecinos, va en contra de su calidad de vida y de la viabilidad y el futuro mismo de estas zonas.<\/p>\n<p>Cabe recordar que del otro lado de perif\u00e9rico, en la colonia Pedregal de Carrasco, adem\u00e1s de los centros comerciales (Mega Soriana, Gran Sur, Coppel), hoteles (Fiesta Inn, V Motel Boutique y One Perif\u00e9rico Sur) y edificios habitacionales que se han construido en los \u00faltimos a\u00f1os, la empresa BeGrand tiene en obra negra un rascacielos y est\u00e1 iniciando las obras para erigir, en un predio en litigio que se encuentra entre un colegio privado y la unidad habitacional Villas del Pedregal, un complejo de tres mega construcciones. Pero la voracidad de las inmobiliarias, amparadas y solapadas por Miguel \u00c1ngel Mancera y las autoridades delegacionales, va m\u00e1s all\u00e1 y unos metros adelante del BeGrand se pretende edificar otro hotel, \u00e9ste de la cadena City Express a la que est\u00e1 vinculado el exgobernador poblano Rafael Moreno Valle.<\/p>\n<p><img loading=\"lazy\" decoding=\"async\" width=\"640\" height=\"420\" data-attachment-id=\"23881\" data-permalink=\"https:\/\/www.grieta.org.mx\/index.php\/2018\/06\/21\/vecinos-de-tlalpan-afectados-por-los-megraproyectos-inmobiliarios-alzan-la-voz-ciudad-de-mexico\/3-megaconstrucciones\/\" data-orig-file=\"https:\/\/www.grieta.org.mx\/wp-content\/uploads\/2018\/06\/3-Megaconstrucciones.jpg\" data-orig-size=\"640,420\" data-comments-opened=\"0\" data-image-meta=\"{&quot;aperture&quot;:&quot;0&quot;,&quot;credit&quot;:&quot;&quot;,&quot;camera&quot;:&quot;&quot;,&quot;caption&quot;:&quot;&quot;,&quot;created_timestamp&quot;:&quot;0&quot;,&quot;copyright&quot;:&quot;&quot;,&quot;focal_length&quot;:&quot;0&quot;,&quot;iso&quot;:&quot;0&quot;,&quot;shutter_speed&quot;:&quot;0&quot;,&quot;title&quot;:&quot;&quot;,&quot;orientation&quot;:&quot;0&quot;}\" data-image-title=\"3 Megaconstrucciones\" data-image-description=\"\" data-image-caption=\"\" data-medium-file=\"https:\/\/www.grieta.org.mx\/wp-content\/uploads\/2018\/06\/3-Megaconstrucciones-300x197.jpg\" data-large-file=\"https:\/\/www.grieta.org.mx\/wp-content\/uploads\/2018\/06\/3-Megaconstrucciones.jpg\" class=\"aligncenter size-full wp-image-23881\" src=\"http:\/\/www.grieta.org.mx\/wp-content\/uploads\/2018\/06\/3-Megaconstrucciones.jpg\" alt=\"\" srcset=\"https:\/\/www.grieta.org.mx\/wp-content\/uploads\/2018\/06\/3-Megaconstrucciones.jpg 640w, https:\/\/www.grieta.org.mx\/wp-content\/uploads\/2018\/06\/3-Megaconstrucciones-300x197.jpg 300w\" sizes=\"auto, (max-width: 640px) 100vw, 640px\" \/><br \/>\nImagen del proyecto del conjunto de megaconstrucciones que Mantik Pedregal busca construir en Perif\u00e9rico Sur, junto a la unidad habitacional Villas del Pedregal.<\/p>\n<p>Finalmente, los residentes de la Isidro Fabela llamaron a estar atentos para no permitir que la empresa ATS Construcciones SA de CV realice obras sin los permisos correspondientes y exigir que la delegaci\u00f3n Tlalpan les proporcione informaci\u00f3n sobre dichas obras. De igual manera, fueron invitados por habitantes de colonias aleda\u00f1as a solidarizarse con las movilizaciones que sus vecinos de la colonia Pedregal de Carrasco realizar\u00e1n el viernes 22 de junio a las 10 de la ma\u00f1ana en contra de las afectaciones generadas por las inmobiliarias.<\/p>\n","protected":false},"excerpt":{"rendered":"<p>COLECTIVO GRIETA La ma\u00f1ana del jueves 21 de junio, vecinos de la colonia Isidro Fabela se reunieron en la v\u00eda p\u00fablica para manifestar su inconformidad con las megaconstrucciones que distintas &hellip; <a href=\"https:\/\/www.grieta.org.mx\/index.php\/2018\/06\/21\/vecinos-de-tlalpan-afectados-por-los-megraproyectos-inmobiliarios-alzan-la-voz-ciudad-de-mexico\/\" class=\"more-link\">Leer m\u00e1s<\/a><\/p>\n","protected":false},"author":2,"featured_media":21928,"comment_status":"closed","ping_status":"closed","sticky":false,"template":"","format":"standard","meta":{"ngg_post_thumbnail":0,"_jetpack_newsletter_access":"","_jetpack_dont_email_post_to_subs":false,"_jetpack_newsletter_tier_id":0,"_jetpack_memberships_contains_paywalled_content":false,"_jetpack_memberships_contains_paid_content":false,"footnotes":""},"categories":[80,14,1775,1044,1119,3,922,928,2,46],"tags":[],"class_list":["post-23879","post","type-post","status-publish","format-standard","has-post-thumbnail","hentry","category-cintillo","category-ciudad-de-mexico","category-colectivo-grieta","category-desarrollos-inmobiliarios-en-la-ciudad-de-mexico","category-conflictos-por-falta-de-agua-en-la-ciudad-de-mexico","category-megaproyectos","category-megaproyectos-estados","category-mp-ciudad-de-mexico","category-noticias-nacionales","category-zonas-de-desarrollo-economico-y-social-zodes","entry"],"jetpack_featured_media_url":"https:\/\/www.grieta.org.mx\/wp-content\/uploads\/2018\/03\/14524434_1106112876131411_958039263622046936_o.jpg","jetpack_sharing_enabled":true,"jetpack_shortlink":"https:\/\/wp.me\/p7ZJR4-6d9","jetpack_likes_enabled":false,"jetpack-related-posts":[{"id":23920,"url":"https:\/\/www.grieta.org.mx\/index.php\/2018\/06\/23\/vecinos-de-dos-delegaciones-se-movilizan-en-pedregal-de-carrasco-coyoacan-y-logran-la-suspension-temporal-de-megaproyecto-inmobiliario-ciudad-de-mexico\/","url_meta":{"origin":23879,"position":0},"title":"Vecinos de dos delegaciones se movilizan en Pedregal de Carrasco, Coyoac\u00e1n, y logran la suspensi\u00f3n temporal de megaproyecto inmobiliario (Ciudad de M\u00e9xico).","author":"grieta","date":"23 junio, 2018","format":false,"excerpt":"COLECTIVO GRIETA S\u00f3lo dos d\u00edas despu\u00e9s de que residentes de la colonia Isidro Fabela (Tlalpan) detuvieron las obras que la empresa ATS Construcciones pretend\u00eda realizar en la calle 11 Oriente de esa colonia, la ma\u00f1ana del viernes 22 de junio, habitantes de distintas colonias situadas en la codiciada zona de\u2026","rel":"","context":"En &quot;CINTILLO&quot;","block_context":{"text":"CINTILLO","link":"https:\/\/www.grieta.org.mx\/index.php\/category\/cintillo\/"},"img":{"alt_text":"","src":"https:\/\/i0.wp.com\/www.grieta.org.mx\/wp-content\/uploads\/2018\/06\/IMG_20180622_112931_ch.jpg?resize=350%2C200&ssl=1","width":350,"height":200,"srcset":"https:\/\/i0.wp.com\/www.grieta.org.mx\/wp-content\/uploads\/2018\/06\/IMG_20180622_112931_ch.jpg?resize=350%2C200&ssl=1 1x, https:\/\/i0.wp.com\/www.grieta.org.mx\/wp-content\/uploads\/2018\/06\/IMG_20180622_112931_ch.jpg?resize=525%2C300&ssl=1 1.5x"},"classes":[]},{"id":27024,"url":"https:\/\/www.grieta.org.mx\/index.php\/2018\/10\/08\/en-las-obras-de-mantik-pedregal-muere-trabajador-se-abre-averiguacion-por-encubrimiento-de-lesiones-ciudad-de-mexico\/","url_meta":{"origin":23879,"position":1},"title":"En las obras de Mantik Pedregal muere trabajador; se abre averiguaci\u00f3n por encubrimiento de lesiones (Ciudad de M\u00e9xico)","author":"grieta","date":"8 octubre, 2018","format":false,"excerpt":"COLECTIVO GRIETA Sellos que la Procuradur\u00eda General de Justicia de la Ciudad de M\u00e9xico y la Secretar\u00eda de Protecci\u00f3n Civil capitalina colocaron a la entrada del predio localizado en Perif\u00e9rico Sur 5178. La tarde del martes 2 de octubre hacia las 16 hrs., en la obra de Mantik Pedregal muri\u00f3\u2026","rel":"","context":"En &quot;CINTILLO&quot;","block_context":{"text":"CINTILLO","link":"https:\/\/www.grieta.org.mx\/index.php\/category\/cintillo\/"},"img":{"alt_text":"","src":"https:\/\/i0.wp.com\/www.grieta.org.mx\/wp-content\/uploads\/2018\/03\/14524434_1106112876131411_958039263622046936_o.jpg?resize=350%2C200&ssl=1","width":350,"height":200,"srcset":"https:\/\/i0.wp.com\/www.grieta.org.mx\/wp-content\/uploads\/2018\/03\/14524434_1106112876131411_958039263622046936_o.jpg?resize=350%2C200&ssl=1 1x, https:\/\/i0.wp.com\/www.grieta.org.mx\/wp-content\/uploads\/2018\/03\/14524434_1106112876131411_958039263622046936_o.jpg?resize=525%2C300&ssl=1 1.5x, https:\/\/i0.wp.com\/www.grieta.org.mx\/wp-content\/uploads\/2018\/03\/14524434_1106112876131411_958039263622046936_o.jpg?resize=700%2C400&ssl=1 2x"},"classes":[]},{"id":63896,"url":"https:\/\/www.grieta.org.mx\/index.php\/2022\/04\/02\/el-cartel-inmobiliario-precariza-la-vida-en-la-colonia-roma-acusan-vecinos-ciudad-de-mexico\/","url_meta":{"origin":23879,"position":2},"title":"El c\u00e1rtel inmobiliario precariza la vida en la colonia Roma, acusan vecinos (Ciudad de M\u00e9xico)","author":"grieta","date":"2 abril, 2022","format":false,"excerpt":"Foto tomada de: capital-cdmx.org Alberto Cuenca \/\u00a0Capital CDMX Vecinos de la colonia Roma Norte volvieron a salir a las calles para protestar contra la corrupci\u00f3n inmobiliaria. Este es el segundo viernes consecutivo que realizan bloqueos de vialidades, en donde denuncian la gentrificaci\u00f3n que generan las construcciones. Dijeron que por la\u2026","rel":"","context":"En &quot;CINTILLO&quot;","block_context":{"text":"CINTILLO","link":"https:\/\/www.grieta.org.mx\/index.php\/category\/cintillo\/"},"img":{"alt_text":"","src":"https:\/\/i0.wp.com\/www.grieta.org.mx\/wp-content\/uploads\/2018\/03\/14524434_1106112876131411_958039263622046936_o.jpg?resize=350%2C200&ssl=1","width":350,"height":200,"srcset":"https:\/\/i0.wp.com\/www.grieta.org.mx\/wp-content\/uploads\/2018\/03\/14524434_1106112876131411_958039263622046936_o.jpg?resize=350%2C200&ssl=1 1x, https:\/\/i0.wp.com\/www.grieta.org.mx\/wp-content\/uploads\/2018\/03\/14524434_1106112876131411_958039263622046936_o.jpg?resize=525%2C300&ssl=1 1.5x, https:\/\/i0.wp.com\/www.grieta.org.mx\/wp-content\/uploads\/2018\/03\/14524434_1106112876131411_958039263622046936_o.jpg?resize=700%2C400&ssl=1 2x"},"classes":[]},{"id":25160,"url":"https:\/\/www.grieta.org.mx\/index.php\/2018\/07\/27\/ante-los-oidos-sordos-del-delegado-de-coyoacan-e-inoperancia-de-los-funcionarios-capitalinos-vecinos-realizan-clausura-ciudadana-de-tres-megaconstrucciones-ciudad-de-mexico\/","url_meta":{"origin":23879,"position":3},"title":"Ante los o\u00eddos sordos del delegado de Coyoac\u00e1n, vecinos realizan clausura ciudadana de tres megaconstrucciones (Ciudad de M\u00e9xico)","author":"grieta","date":"27 julio, 2018","format":false,"excerpt":"COLECTIVO GRIETA Hartos de las afectaciones causadas por las obras de Mantik Pedregal, BeGrand y City Express y por la nula respuesta a sus quejas del jefe delegacional saliente, Edgar Jim\u00e9nez Santill\u00e1n, y su directora general de obras, la ma\u00f1ana del viernes 20 de julio vecinos de varias colonias de\u2026","rel":"","context":"En &quot;CINTILLO&quot;","block_context":{"text":"CINTILLO","link":"https:\/\/www.grieta.org.mx\/index.php\/category\/cintillo\/"},"img":{"alt_text":"","src":"https:\/\/i0.wp.com\/www.grieta.org.mx\/wp-content\/uploads\/2018\/07\/Mani-1.jpg?resize=350%2C200&ssl=1","width":350,"height":200,"srcset":"https:\/\/i0.wp.com\/www.grieta.org.mx\/wp-content\/uploads\/2018\/07\/Mani-1.jpg?resize=350%2C200&ssl=1 1x, https:\/\/i0.wp.com\/www.grieta.org.mx\/wp-content\/uploads\/2018\/07\/Mani-1.jpg?resize=525%2C300&ssl=1 1.5x, https:\/\/i0.wp.com\/www.grieta.org.mx\/wp-content\/uploads\/2018\/07\/Mani-1.jpg?resize=700%2C400&ssl=1 2x, https:\/\/i0.wp.com\/www.grieta.org.mx\/wp-content\/uploads\/2018\/07\/Mani-1.jpg?resize=1050%2C600&ssl=1 3x"},"classes":[]},{"id":58903,"url":"https:\/\/www.grieta.org.mx\/index.php\/2021\/04\/19\/vecinos-de-azcapotzalco-protestan-contra-construccion-de-mega-obras-ciudad-de-mexico\/","url_meta":{"origin":23879,"position":4},"title":"Vecinos de Azcapotzalco protestan contra construcci\u00f3n de mega obras (Ciudad de M\u00e9xico)","author":"grieta","date":"19 abril, 2021","format":false,"excerpt":"Ram\u00f3n Ram\u00edrez \/ Milenio Foto tomada de: Milenio Acusan que la alcald\u00eda ha realizado cambios de uso de suelo con el objetivo de permitir la construcci\u00f3n de obras que salen del n\u00famero de pisos.\u00a0 Vecinos de varias colonias en la alcald\u00eda Azcapotzalco bloquean la vialidad del Eje 3 norte Cuitl\u00e1huac\u2026","rel":"","context":"En &quot;CINTILLO&quot;","block_context":{"text":"CINTILLO","link":"https:\/\/www.grieta.org.mx\/index.php\/category\/cintillo\/"},"img":{"alt_text":"","src":"https:\/\/i0.wp.com\/www.grieta.org.mx\/wp-content\/uploads\/2021\/04\/Vecinos-de-Azcapotzalco-protestan-contra-construccion-de-mega-obras-cdmx-abr.jpg?resize=350%2C200&ssl=1","width":350,"height":200,"srcset":"https:\/\/i0.wp.com\/www.grieta.org.mx\/wp-content\/uploads\/2021\/04\/Vecinos-de-Azcapotzalco-protestan-contra-construccion-de-mega-obras-cdmx-abr.jpg?resize=350%2C200&ssl=1 1x, https:\/\/i0.wp.com\/www.grieta.org.mx\/wp-content\/uploads\/2021\/04\/Vecinos-de-Azcapotzalco-protestan-contra-construccion-de-mega-obras-cdmx-abr.jpg?resize=525%2C300&ssl=1 1.5x, https:\/\/i0.wp.com\/www.grieta.org.mx\/wp-content\/uploads\/2021\/04\/Vecinos-de-Azcapotzalco-protestan-contra-construccion-de-mega-obras-cdmx-abr.jpg?resize=700%2C400&ssl=1 2x"},"classes":[]},{"id":11577,"url":"https:\/\/www.grieta.org.mx\/index.php\/2016\/09\/02\/movilizaciones-contra-proyectos-inmobiliarios-en-la-ciudad-de-mexico\/","url_meta":{"origin":23879,"position":5},"title":"Protestas y organizaci\u00f3n contra proyectos inmobiliarios en la Ciudad de M\u00e9xico","author":"grieta","date":"2 septiembre, 2016","format":false,"excerpt":"01\/09\/16. Agua de predio de Aztecas 215 s\u00ed es potable: UNAM (CDMX)El Big data 01\/08\/16. Pobladores denuncian invasi\u00f3n descontrolada de construcciones en Xochimilco Desinform\u00e9monos 28\/07\/16. Vecinos de Xochimilco padecen \u201cefectos colaterales\u201d del boom inmobiliario El big data 24\/07\/16. Constructora rompi\u00f3 manantial en la CdMx y mil 500 millones de litros\u2026","rel":"","context":"En &quot;Ciudad de M\u00e9xico&quot;","block_context":{"text":"Ciudad de M\u00e9xico","link":"https:\/\/www.grieta.org.mx\/index.php\/category\/noticias-nacionales\/ciudad-de-mexico\/"},"img":{"alt_text":"","src":"https:\/\/i0.wp.com\/www.grieta.org.mx\/wp-content\/uploads\/2018\/03\/14524434_1106112876131411_958039263622046936_o.jpg?resize=350%2C200&ssl=1","width":350,"height":200,"srcset":"https:\/\/i0.wp.com\/www.grieta.org.mx\/wp-content\/uploads\/2018\/03\/14524434_1106112876131411_958039263622046936_o.jpg?resize=350%2C200&ssl=1 1x, https:\/\/i0.wp.com\/www.grieta.org.mx\/wp-content\/uploads\/2018\/03\/14524434_1106112876131411_958039263622046936_o.jpg?resize=525%2C300&ssl=1 1.5x, https:\/\/i0.wp.com\/www.grieta.org.mx\/wp-content\/uploads\/2018\/03\/14524434_1106112876131411_958039263622046936_o.jpg?resize=700%2C400&ssl=1 2x"},"classes":[]}],"_links":{"self":[{"href":"https:\/\/www.grieta.org.mx\/index.php\/wp-json\/wp\/v2\/posts\/23879","targetHints":{"allow":["GET"]}}],"collection":[{"href":"https:\/\/www.grieta.org.mx\/index.php\/wp-json\/wp\/v2\/posts"}],"about":[{"href":"https:\/\/www.grieta.org.mx\/index.php\/wp-json\/wp\/v2\/types\/post"}],"author":[{"embeddable":true,"href":"https:\/\/www.grieta.org.mx\/index.php\/wp-json\/wp\/v2\/users\/2"}],"replies":[{"embeddable":true,"href":"https:\/\/www.grieta.org.mx\/index.php\/wp-json\/wp\/v2\/comments?post=23879"}],"version-history":[{"count":1,"href":"https:\/\/www.grieta.org.mx\/index.php\/wp-json\/wp\/v2\/posts\/23879\/revisions"}],"predecessor-version":[{"id":23909,"href":"https:\/\/www.grieta.org.mx\/index.php\/wp-json\/wp\/v2\/posts\/23879\/revisions\/23909"}],"wp:featuredmedia":[{"embeddable":true,"href":"https:\/\/www.grieta.org.mx\/index.php\/wp-json\/wp\/v2\/media\/21928"}],"wp:attachment":[{"href":"https:\/\/www.grieta.org.mx\/index.php\/wp-json\/wp\/v2\/media?parent=23879"}],"wp:term":[{"taxonomy":"category","embeddable":true,"href":"https:\/\/www.grieta.org.mx\/index.php\/wp-json\/wp\/v2\/categories?post=23879"},{"taxonomy":"post_tag","embeddable":true,"href":"https:\/\/www.grieta.org.mx\/index.php\/wp-json\/wp\/v2\/tags?post=23879"}],"curies":[{"name":"wp","href":"https:\/\/api.w.org\/{rel}","templated":true}]}}