{"id":23810,"date":"2018-06-18T18:55:51","date_gmt":"2018-06-18T23:55:51","guid":{"rendered":"http:\/\/www.grieta.org.mx\/?p=23810"},"modified":"2018-06-18T22:04:32","modified_gmt":"2018-06-19T03:04:32","slug":"estudiantes-protestan-por-violencia-y-feminicidios-en-cancun","status":"publish","type":"post","link":"https:\/\/www.grieta.org.mx\/index.php\/2018\/06\/18\/estudiantes-protestan-por-violencia-y-feminicidios-en-cancun\/","title":{"rendered":"Estudiantes protestan por violencia y feminicidios en Canc\u00fan"},"content":{"rendered":"<p><img loading=\"lazy\" decoding=\"async\" data-attachment-id=\"23811\" data-permalink=\"https:\/\/www.grieta.org.mx\/index.php\/2018\/06\/18\/estudiantes-protestan-por-violencia-y-feminicidios-en-cancun\/protestafeminicidioscancun\/\" data-orig-file=\"https:\/\/www.grieta.org.mx\/wp-content\/uploads\/2018\/06\/ProtestaFeminicidiosCancun.png\" data-orig-size=\"602,456\" data-comments-opened=\"0\" data-image-meta=\"{&quot;aperture&quot;:&quot;0&quot;,&quot;credit&quot;:&quot;&quot;,&quot;camera&quot;:&quot;&quot;,&quot;caption&quot;:&quot;&quot;,&quot;created_timestamp&quot;:&quot;0&quot;,&quot;copyright&quot;:&quot;&quot;,&quot;focal_length&quot;:&quot;0&quot;,&quot;iso&quot;:&quot;0&quot;,&quot;shutter_speed&quot;:&quot;0&quot;,&quot;title&quot;:&quot;&quot;,&quot;orientation&quot;:&quot;0&quot;}\" data-image-title=\"ProtestaFeminicidiosCancun\" data-image-description=\"\" data-image-caption=\"\" data-medium-file=\"https:\/\/www.grieta.org.mx\/wp-content\/uploads\/2018\/06\/ProtestaFeminicidiosCancun-300x227.png\" data-large-file=\"https:\/\/www.grieta.org.mx\/wp-content\/uploads\/2018\/06\/ProtestaFeminicidiosCancun.png\" src=\"http:\/\/www.grieta.org.mx\/wp-content\/uploads\/2018\/06\/ProtestaFeminicidiosCancun.png\" alt=\"\" width=\"602\" height=\"456\" class=\"aligncenter size-full wp-image-23811\" srcset=\"https:\/\/www.grieta.org.mx\/wp-content\/uploads\/2018\/06\/ProtestaFeminicidiosCancun.png 602w, https:\/\/www.grieta.org.mx\/wp-content\/uploads\/2018\/06\/ProtestaFeminicidiosCancun-300x227.png 300w\" sizes=\"auto, (max-width: 602px) 100vw, 602px\" \/><\/p>\n<p>CANC\u00daN, Q.ROO.- Estudiantes y familiares de v\u00edctimas de violencia contra la mujer protestaron a la afueras del Ayuntamiento de Benito Ju\u00e1rez para exigir que las autoridades investiguen a profundidad y parar la violencia en el destino tur\u00edstico.<\/p>\n<p>Con mantas que exig\u00edan justicia para las v\u00edctimas de feminicidios m\u00e1s de 20 estudiantes de nivel medio superior e integrantes de la Coordinadora de Padres de Familia manifestaron su inconformidad.<\/p>\n<p>&#8220;Ya basta de tanta corrupci\u00f3n e impunidad, fuente de cr\u00edmenes&#8221;, &#8220;#No m\u00e1s feminicidios&#8221; y &#8220;Justicia por Adelaida&#8221;, fueron algunos de los mensajes que los protestantes colocaron en la explanada del palacio municipal de Canc\u00fan, mismas mantas que estuvieron a la vista de transe\u00fantes, automovilistas y personal administrativo del Ayuntamiento de Benito Ju\u00e1rez.<\/p>\n<p>Mario Valle de 42 a\u00f1os, es uno de los familiares de una v\u00edctima de la violencia contra la mujer, es hermano de la pareja sentimental de Adelaida N, mujer que fue encontrada sin vida el martes 12 de junio y hab\u00eda desaparecido desde el domingo 10 de junio.<\/p>\n<p>Adelaida N, sali\u00f3 a trabajar el domingo a las 7 de la ma\u00f1ana, era trabajadora dom\u00e9stica y fue hacia el fraccionamiento de Urbi Villas de Canc\u00fan, zona norponiente del destino tur\u00edstico, conectada a m\u00e1s de una hora del centro de la ciudad.<\/p>\n<p>Adelaida desapareci\u00f3 desde el domingo y fue hasta el lunes que fue levantada una denuncia de desaparici\u00f3n ante la Fiscal\u00eda General del Estado (FGE). El martes 12 de junio elementos de seguridad encontraron un cuerpo en el arco vial, a la altura de la supermanzana 252. La v\u00edctima presentaba signos de violencia y presuntamente falleci\u00f3 por asfixia, y tambi\u00e9n fue encontrada con una bolsa en la cabeza.<\/p>\n<p>El hijo de la v\u00edctima reconoci\u00f3 el cuerpo de Adeilada N, por lo que la FGE levant\u00f3 el n\u00famero de caso 8332\/2018 para investigar a los presuntos responsables.<\/p>\n<p>Para Mario Valle, familiar cercano de Adelaida N, denunci\u00f3 que las autoridades no han investigado a fondo al caso, adem\u00e1s sostuvo que los elementos ministeriales argumentaron no tener suficientes recursos para hacer las investigaciones y que necesitaban el apoyo econ\u00f3mico de la familia. El familiar exigi\u00f3 justicia para Adelaida N y que las autoridades usen sus recursos para dar atenci\u00f3n a los familiares de las v\u00edctimas de feminicidios y violencia en el destino tur\u00edstico.<\/p>\n<p>&#8220;Mi sobrino identific\u00f3 el cuerpo de su mam\u00e1, de ah\u00ed se comienza una averiguaci\u00f3n por homicidio, lo normal, se abre una carpeta, y lo primero que hacen es culpar a la familia, estuvieron interrogando a mi hermano Rosendo Valle, despu\u00e9s el caso pas\u00f3 a ser feminicidio ante la Fiscal\u00eda Especializada en Atenci\u00f3n a la Mujer y por Razones de G\u00e9nero&#8221;, dijo Mario Valle. <\/p>\n<p>De acuerdo con la Fiscal\u00eda de Quintana Roo han tipificado como feminicidios m\u00e1s de 15 casos de mujeres principalmente en la zona norte de la entidad.<\/p>\n<p>El Banco Estatal de Datos e Informaci\u00f3n Sobre Casos de Violencia contra las Mujeres de Quintana Roo (Baesvim) report\u00f3 que de enero a abril de 2018 al menos tres mil 965 mujeres llamaron al n\u00famero de emergencias 911 para reportar violencia, del total de las llamados 50.7% provinieron de Oth\u00f3n P. Blanco, mientras que en Canc\u00fan 970 reportaron maltrato, adem\u00e1s 65% de los incidentes estuvieron ejecutados por las parejas sentimentales de las v\u00edctimas, seguido de hermanos, ex parejas e hijos, adem\u00e1s la violencia ocurre principalmente en el domicilio de la v\u00edctima.<\/p>\n<p><a href=\"https:\/\/lasillarota.com\/ciudadanos-estudiantes-protestan-feminicidios-violencia-cancun\/229314\" rel=\"noopener\" target=\"_blank\">https:\/\/lasillarota.com\/ciudadanos-estudiantes-protestan-feminicidios-violencia-cancun\/229314<\/a><\/p>\n","protected":false},"excerpt":{"rendered":"<p>CANC\u00daN, Q.ROO.- Estudiantes y familiares de v\u00edctimas de violencia contra la mujer protestaron a la afueras del Ayuntamiento de Benito Ju\u00e1rez para exigir que las autoridades investiguen a profundidad y &hellip; <a href=\"https:\/\/www.grieta.org.mx\/index.php\/2018\/06\/18\/estudiantes-protestan-por-violencia-y-feminicidios-en-cancun\/\" class=\"more-link\">Leer m\u00e1s<\/a><\/p>\n","protected":false},"author":2,"featured_media":23812,"comment_status":"closed","ping_status":"closed","sticky":false,"template":"","format":"standard","meta":{"ngg_post_thumbnail":0,"_jetpack_newsletter_access":"","_jetpack_dont_email_post_to_subs":false,"_jetpack_newsletter_tier_id":0,"_jetpack_memberships_contains_paywalled_content":false,"_jetpack_memberships_contains_paid_content":false,"footnotes":""},"categories":[80,84,1340,2,28,83],"tags":[81],"class_list":["post-23810","post","type-post","status-publish","format-standard","has-post-thumbnail","hentry","category-cintillo","category-feminicidios","category-feminicidios-en-quintana-roo","category-noticias-nacionales","category-quintana-roo","category-temas-nacionales","tag-feminicidios","entry"],"jetpack_featured_media_url":"https:\/\/www.grieta.org.mx\/wp-content\/uploads\/2018\/06\/ProtestaFeminicidiosCancun2.png","jetpack_sharing_enabled":true,"jetpack_shortlink":"https:\/\/wp.me\/p7ZJR4-6c2","jetpack_likes_enabled":false,"jetpack-related-posts":[{"id":56198,"url":"https:\/\/www.grieta.org.mx\/index.php\/2021\/01\/09\/feministas-se-manifiestan-para-recordar-represion-policial-en-cancun\/","url_meta":{"origin":23810,"position":0},"title":"Feministas se manifiestan para recordar represi\u00f3n policial en Canc\u00fan","author":"grieta","date":"9 enero, 2021","format":false,"excerpt":"Alonso Cupul \/ MegaNews CANC\u00daN.- Nuevamente el Palacio Municipal de Benito Ju\u00e1rez y la Plaza de la Reforma, se convirtieron en el escenario de una manifestaci\u00f3n feminista para recordar la represi\u00f3n policial del pasado 9 de noviembre del 2020, cuando decenas de mujeres y hombres ped\u00edan justicia por los feminicidios.\u2026","rel":"","context":"En &quot;CINTILLO&quot;","block_context":{"text":"CINTILLO","link":"https:\/\/www.grieta.org.mx\/index.php\/category\/cintillo\/"},"img":{"alt_text":"","src":"https:\/\/i0.wp.com\/www.grieta.org.mx\/wp-content\/uploads\/2021\/01\/FeministasCancun.png?resize=350%2C200&ssl=1","width":350,"height":200,"srcset":"https:\/\/i0.wp.com\/www.grieta.org.mx\/wp-content\/uploads\/2021\/01\/FeministasCancun.png?resize=350%2C200&ssl=1 1x, https:\/\/i0.wp.com\/www.grieta.org.mx\/wp-content\/uploads\/2021\/01\/FeministasCancun.png?resize=525%2C300&ssl=1 1.5x, https:\/\/i0.wp.com\/www.grieta.org.mx\/wp-content\/uploads\/2021\/01\/FeministasCancun.png?resize=700%2C400&ssl=1 2x"},"classes":[]},{"id":5710,"url":"https:\/\/www.grieta.org.mx\/index.php\/2016\/08\/03\/feminicidios-en-quintana-roo\/","url_meta":{"origin":23810,"position":1},"title":"Feminicidios en Quintana Roo","author":"grieta","date":"3 agosto, 2016","format":false,"excerpt":"03\/08\/16. Otro feminicidio en Canc\u00fan y otra manifestaci\u00f3n ignorada por las autoridades NoticaribeNews 25\/07\/16. Feminicidios o no; siguen matando mujeres en Canc\u00fan y la Riviera Maya. Una decena de casos en lo que va del a\u00f1o NoticaribeNews 24\/04\/16. Alcanzan feminicidios a mujeres extranjeras en la Riviera Maya. Detienen a sujeto\u2026","rel":"","context":"En &quot;Feminicidios&quot;","block_context":{"text":"Feminicidios","link":"https:\/\/www.grieta.org.mx\/index.php\/category\/temas-nacionales\/feminicidios\/"},"img":{"alt_text":"","src":"https:\/\/i0.wp.com\/www.grieta.org.mx\/wp-content\/uploads\/2018\/03\/14524434_1106112876131411_958039263622046936_o.jpg?resize=350%2C200&ssl=1","width":350,"height":200,"srcset":"https:\/\/i0.wp.com\/www.grieta.org.mx\/wp-content\/uploads\/2018\/03\/14524434_1106112876131411_958039263622046936_o.jpg?resize=350%2C200&ssl=1 1x, https:\/\/i0.wp.com\/www.grieta.org.mx\/wp-content\/uploads\/2018\/03\/14524434_1106112876131411_958039263622046936_o.jpg?resize=525%2C300&ssl=1 1.5x, https:\/\/i0.wp.com\/www.grieta.org.mx\/wp-content\/uploads\/2018\/03\/14524434_1106112876131411_958039263622046936_o.jpg?resize=700%2C400&ssl=1 2x"},"classes":[]},{"id":50621,"url":"https:\/\/www.grieta.org.mx\/index.php\/2020\/05\/20\/la-pandemia-de-mano-de-la-violencia-intrafamiliar-quintana-roo\/","url_meta":{"origin":23810,"position":2},"title":"La pandemia de mano de la violencia intrafamiliar (Quintana Roo)","author":"grieta","date":"20 mayo, 2020","format":false,"excerpt":"RUB\u00c9N TORRES \/ Luces del Siglo Violencia intrafamiliar; supera los mil 770 que tiene Yucat\u00e1n y los mil 800 de Campeche CANC\u00daN, Q. ROO.- La letalidad del Covid-19 va de la mano con el incremento de 23 por ciento de las llamadas de auxilio al 911, sobre violencia familiar en\u2026","rel":"","context":"En &quot;CINTILLO&quot;","block_context":{"text":"CINTILLO","link":"https:\/\/www.grieta.org.mx\/index.php\/category\/cintillo\/"},"img":{"alt_text":"","src":"https:\/\/i0.wp.com\/www.grieta.org.mx\/wp-content\/uploads\/2020\/06\/4A-N2-LLAMADAS-AUXILIO.jpeg?resize=350%2C200&ssl=1","width":350,"height":200,"srcset":"https:\/\/i0.wp.com\/www.grieta.org.mx\/wp-content\/uploads\/2020\/06\/4A-N2-LLAMADAS-AUXILIO.jpeg?resize=350%2C200&ssl=1 1x, https:\/\/i0.wp.com\/www.grieta.org.mx\/wp-content\/uploads\/2020\/06\/4A-N2-LLAMADAS-AUXILIO.jpeg?resize=525%2C300&ssl=1 1.5x"},"classes":[]},{"id":66130,"url":"https:\/\/www.grieta.org.mx\/index.php\/2023\/01\/24\/revela-informe-sombra-de-siempre-unidas-52-feminicidios-y-no-14-en-quintana-roo-al-cierre-del-2022\/","url_meta":{"origin":23810,"position":3},"title":"Revela Informe Sombra de \u201cSiempre Unidas\u201d, 52 feminicidios y no 14, en Quintana Roo, al cierre del 2022","author":"grieta","date":"24 enero, 2023","format":false,"excerpt":"Adriana Varillas \/ Estamos Aqu\u00ed.MX 24 de enero\/ Canc\u00fan, Q. Roo.- Pese a las acciones, reformas legislativas, campa\u00f1as y programas gubernamentales aplicados desde 2017 a prop\u00f3sito de la declaraci\u00f3n de Alerta de Violencia de G\u00e9nero (AVG), Quintana Roo se mantiene como una de las entidades m\u00e1s peligrosas para las mujeres,\u2026","rel":"","context":"En &quot;CINTILLO&quot;","block_context":{"text":"CINTILLO","link":"https:\/\/www.grieta.org.mx\/index.php\/category\/cintillo\/"},"img":{"alt_text":"","src":"https:\/\/i0.wp.com\/www.grieta.org.mx\/wp-content\/uploads\/2023\/01\/Sombra.jpg?resize=350%2C200&ssl=1","width":350,"height":200},"classes":[]},{"id":5729,"url":"https:\/\/www.grieta.org.mx\/index.php\/2015\/11\/01\/5-mil-personas-marcharon-contra-feminicidios-en-cancun\/","url_meta":{"origin":23810,"position":4},"title":"5 mil personas marcharon contra feminicidios en Canc\u00fan","author":"grieta","date":"1 noviembre, 2015","format":false,"excerpt":"CANC\u00daN.- M\u00e1s de cinco mil personas al grito de \u201cjusticia, justicia\u201d en la explanada municipal, exigieron a representantes de los tres \u00f3rdenes de gobierno poner fin a los feminicidios en este centro vacacional y reiteraron la urgencia de poner en la agenda este il\u00edcito. En un mitin que se realiz\u00f3\u2026","rel":"","context":"En &quot;CINTILLO&quot;","block_context":{"text":"CINTILLO","link":"https:\/\/www.grieta.org.mx\/index.php\/category\/cintillo\/"},"img":{"alt_text":"","src":"https:\/\/i0.wp.com\/www.grieta.org.mx\/wp-content\/uploads\/2018\/03\/14524434_1106112876131411_958039263622046936_o.jpg?resize=350%2C200&ssl=1","width":350,"height":200,"srcset":"https:\/\/i0.wp.com\/www.grieta.org.mx\/wp-content\/uploads\/2018\/03\/14524434_1106112876131411_958039263622046936_o.jpg?resize=350%2C200&ssl=1 1x, https:\/\/i0.wp.com\/www.grieta.org.mx\/wp-content\/uploads\/2018\/03\/14524434_1106112876131411_958039263622046936_o.jpg?resize=525%2C300&ssl=1 1.5x, https:\/\/i0.wp.com\/www.grieta.org.mx\/wp-content\/uploads\/2018\/03\/14524434_1106112876131411_958039263622046936_o.jpg?resize=700%2C400&ssl=1 2x"},"classes":[]},{"id":55158,"url":"https:\/\/www.grieta.org.mx\/index.php\/2020\/11\/14\/yucatecas-se-manifiestan-por-la-represion-policial-ocurrida-en-cancun\/","url_meta":{"origin":23810,"position":5},"title":"Yucatecas se manifiestan por la represi\u00f3n policial ocurrida en Canc\u00fan","author":"grieta","date":"14 noviembre, 2020","format":false,"excerpt":"Lilia Balam \/ Informe Fracto Entre consignas, expresaron su solidaridad con las v\u00edctimas de las agresiones policiales y con las familias de mujeres asesinadas en Quintana Roo. M\u00e9rida, Yucat\u00e1n, 14 de noviembre del 2020.- Al grito de \u201c\u00a1Quintana Roo feminicida!\u201d, yucatecas protestaron frente al Palacio de Gobierno por la represi\u00f3n\u2026","rel":"","context":"En &quot;CINTILLO&quot;","block_context":{"text":"CINTILLO","link":"https:\/\/www.grieta.org.mx\/index.php\/category\/cintillo\/"},"img":{"alt_text":"","src":"https:\/\/i0.wp.com\/www.grieta.org.mx\/wp-content\/uploads\/2020\/11\/77e7ceb5-efed-4def-bd71-e120f5d7449e-e1605541815638.jpg?resize=350%2C200&ssl=1","width":350,"height":200,"srcset":"https:\/\/i0.wp.com\/www.grieta.org.mx\/wp-content\/uploads\/2020\/11\/77e7ceb5-efed-4def-bd71-e120f5d7449e-e1605541815638.jpg?resize=350%2C200&ssl=1 1x, https:\/\/i0.wp.com\/www.grieta.org.mx\/wp-content\/uploads\/2020\/11\/77e7ceb5-efed-4def-bd71-e120f5d7449e-e1605541815638.jpg?resize=525%2C300&ssl=1 1.5x, https:\/\/i0.wp.com\/www.grieta.org.mx\/wp-content\/uploads\/2020\/11\/77e7ceb5-efed-4def-bd71-e120f5d7449e-e1605541815638.jpg?resize=700%2C400&ssl=1 2x"},"classes":[]}],"_links":{"self":[{"href":"https:\/\/www.grieta.org.mx\/index.php\/wp-json\/wp\/v2\/posts\/23810","targetHints":{"allow":["GET"]}}],"collection":[{"href":"https:\/\/www.grieta.org.mx\/index.php\/wp-json\/wp\/v2\/posts"}],"about":[{"href":"https:\/\/www.grieta.org.mx\/index.php\/wp-json\/wp\/v2\/types\/post"}],"author":[{"embeddable":true,"href":"https:\/\/www.grieta.org.mx\/index.php\/wp-json\/wp\/v2\/users\/2"}],"replies":[{"embeddable":true,"href":"https:\/\/www.grieta.org.mx\/index.php\/wp-json\/wp\/v2\/comments?post=23810"}],"version-history":[{"count":1,"href":"https:\/\/www.grieta.org.mx\/index.php\/wp-json\/wp\/v2\/posts\/23810\/revisions"}],"predecessor-version":[{"id":23814,"href":"https:\/\/www.grieta.org.mx\/index.php\/wp-json\/wp\/v2\/posts\/23810\/revisions\/23814"}],"wp:featuredmedia":[{"embeddable":true,"href":"https:\/\/www.grieta.org.mx\/index.php\/wp-json\/wp\/v2\/media\/23812"}],"wp:attachment":[{"href":"https:\/\/www.grieta.org.mx\/index.php\/wp-json\/wp\/v2\/media?parent=23810"}],"wp:term":[{"taxonomy":"category","embeddable":true,"href":"https:\/\/www.grieta.org.mx\/index.php\/wp-json\/wp\/v2\/categories?post=23810"},{"taxonomy":"post_tag","embeddable":true,"href":"https:\/\/www.grieta.org.mx\/index.php\/wp-json\/wp\/v2\/tags?post=23810"}],"curies":[{"name":"wp","href":"https:\/\/api.w.org\/{rel}","templated":true}]}}