{"id":23808,"date":"2018-06-16T09:43:40","date_gmt":"2018-06-16T14:43:40","guid":{"rendered":"http:\/\/www.grieta.org.mx\/?p=23808"},"modified":"2018-06-18T09:51:46","modified_gmt":"2018-06-18T14:51:46","slug":"comunicado-de-la-comunidad-purhepecha-de-nurio-sobre-nuevas-agresiones-a-su-guardia-comunitaria-michoacan","status":"publish","type":"post","link":"https:\/\/www.grieta.org.mx\/index.php\/2018\/06\/16\/comunicado-de-la-comunidad-purhepecha-de-nurio-sobre-nuevas-agresiones-a-su-guardia-comunitaria-michoacan\/","title":{"rendered":"COMUNICADO DE LA COMUNIDAD P\u00b4URHEPECHA DE NURIO SOBRE NUEVAS AGRESIONES A SU GUARD\u00cdA COMUNITARIA (Michoac\u00e1n)"},"content":{"rendered":"<p>COMUNICADO<\/p>\n<p>COMUNIDAD P\u00b4URHEPECHA DE NURIO<\/p>\n<p>A LA OPINI\u00d3N P\u00daBLICA<\/p>\n<p>AL CONGRESO NACIONAL IND\u00cdGENA<\/p>\n<p>AL EJ\u00c9RCITO ZAPATISTA DE LIBERACI\u00d3N NACIONAL<\/p>\n<p>A LOS MEDIOS DE COMUNICACI\u00d3N LIBRES NACIONALES E INTERNACIONALES<\/p>\n<p>A LAS COMUNIDADES IND\u00cdGENAS DE M\u00c9XICO Y EL MUNDO<\/p>\n<p>A LA SOCIEDAD CIVIL NACIONAL E INTERNACIONAL<\/p>\n<p>    Informamos que el d\u00eda 16 de junio de este a\u00f1o, luego de sufrir al ataque del pasado 22 de mayo, la comunidad ind\u00edgena de Nurio sufri\u00f3 nuevamente la introducci\u00f3n de un grupo delincuencial, disparando con armas de fuego contra la guardia comunitaria. Afortunadamente esta vez no hubo muertos ni lesionados y nuestras fuerzas comunitarias lograron aprender a los delincuentes y entregarlos al Ministerio P\u00fablico y la secretar\u00eda de seguridad p\u00fablica, con un arma, metanfetamina y un autom\u00f3vil presuntamente robado.<\/p>\n<p>Ante estos hechos:<\/p>\n<p>Denunciamos la incapacidad de los gobiernos estatal y federal para mantener el orden en la regi\u00f3n y el pa\u00eds.<br \/>\nDenunciamos la injerencia de grupos criminales en nuestro territorio ancestral.<br \/>\nReprobamos las pr\u00e1cticas delictivas en territorio P\u00b4ur\u00e9pecha que son ajenas a nuestras costumbres que tienen como base la kashumbecua, (el respeto y la virtud).<br \/>\nDenunciamos que es el capitalismo el sistema econ\u00f3mico que le ha declarado la guerra a la vida, y que parte de este sistema es el narcotr\u00e1fico y crimen organizado que vienen a descomponer nuesra vida comunitaria.<br \/>\nAnunciamos que nuestra comunidad continuar\u00e1 trabajando en fortalecer nuestra seguridad y en cumplimientos de nuestros usos y costumbres en armon\u00eda con las leyes estatales y nacionales buscaremos la coordinaci\u00f3n con los mandos policiacos para la persecusi\u00f3n de los delitos y la b\u00fasqueda de una vida pac\u00edfica en un marco de justicia.<br \/>\nConvocamos a las comunidades P\u00b4urepecha de todo el Territorio P\u00b4horeri Echeri para coordinar la cooperaci\u00f3n entre comunidades por la seguridad de nuestro pueblo.<br \/>\nConvocamos a los medios de comunicaci\u00f3n en general a la conferencia de prensa que se realizar\u00e1 en nuestra comunidad el d\u00eda lunes 18 de junio de 2018 a las 12:00 horas en la jefatura de Tenencia de Nurio Michoac\u00e1n para tratar los temas contenidos en este comunicado.<br \/>\nATENTAMENTE<\/p>\n<p>COMUNIDAD P\u00b4UREPECHA DE NURIO<\/p>\n<p>CONGRESO NACIONAL IND\u00cdGENA<\/p>\n<p>NUNCA M\u00c1S UN M\u00c9XICO SIN NOSOTROS<\/p>\n<p><a href=\"https:\/\/www.congresonacionalindigena.org\/2018\/06\/16\/comunicado-comunidad-purhepecha-de-nurio-sobre-nuevas-agresiones-a-su-guardia-comunitaria\/\" rel=\"noopener\" target=\"_blank\">https:\/\/www.congresonacionalindigena.org\/2018\/06\/16\/comunicado-comunidad-purhepecha-de-nurio-sobre-nuevas-agresiones-a-su-guardia-comunitaria\/<\/a><\/p>\n","protected":false},"excerpt":{"rendered":"<p>COMUNICADO COMUNIDAD P\u00b4URHEPECHA DE NURIO A LA OPINI\u00d3N P\u00daBLICA AL CONGRESO NACIONAL IND\u00cdGENA AL EJ\u00c9RCITO ZAPATISTA DE LIBERACI\u00d3N NACIONAL A LOS MEDIOS DE COMUNICACI\u00d3N LIBRES NACIONALES E INTERNACIONALES A LAS &hellip; <a href=\"https:\/\/www.grieta.org.mx\/index.php\/2018\/06\/16\/comunicado-de-la-comunidad-purhepecha-de-nurio-sobre-nuevas-agresiones-a-su-guardia-comunitaria-michoacan\/\" class=\"more-link\">Leer m\u00e1s<\/a><\/p>\n","protected":false},"author":2,"featured_media":21928,"comment_status":"closed","ping_status":"closed","sticky":false,"template":"","format":"standard","meta":{"ngg_post_thumbnail":0,"_jetpack_newsletter_access":"","_jetpack_dont_email_post_to_subs":false,"_jetpack_newsletter_tier_id":0,"_jetpack_memberships_contains_paywalled_content":false,"_jetpack_memberships_contains_paid_content":false,"footnotes":""},"categories":[72,80,79,921,1,82,21,2,995],"tags":[474,95,1354,130],"class_list":{"0":"post-23808","1":"post","2":"type-post","3":"status-publish","4":"format-standard","5":"has-post-thumbnail","6":"hentry","7":"category-28-nurio","8":"category-cintillo","9":"category-cni","10":"category-comunicados","11":"category-espejos-de-la-resistencia","12":"category-michoacan","14":"category-noticias-nacionales","15":"category-resistencia-y-construccion-de-autonomia-de-las-comunidades-rurales-en-michoacan","16":"tag-autonomia","17":"tag-cni","18":"tag-nurio","19":"tag-represion","20":"entry"},"jetpack_featured_media_url":"https:\/\/www.grieta.org.mx\/wp-content\/uploads\/2018\/03\/14524434_1106112876131411_958039263622046936_o.jpg","jetpack_sharing_enabled":true,"jetpack_shortlink":"https:\/\/wp.me\/p7ZJR4-6c0","jetpack_likes_enabled":false,"jetpack-related-posts":[{"id":23302,"url":"https:\/\/www.grieta.org.mx\/index.php\/2018\/05\/25\/comunicado-del-cni-cig-condenando-el-ataque-a-la-comunidad-purepecha-de-nurio-michoacan\/","url_meta":{"origin":23808,"position":0},"title":"COMUNICADO DEL CNI- CIG CONDENANDO EL ATAQUE A LA COMUNIDAD PUR\u00c9PECHA DE NUR\u00cdO, MICHOAC\u00c1N","author":"grieta","date":"25 mayo, 2018","format":false,"excerpt":"Al pueblo de M\u00e9xico y del mundo Con dolor y rabia, pero tambi\u00e9n con una urgencia de justicia, el CNI- CIG manifestamos nuestro apoyo y solidaridad a la comunidad pur\u00e9pecha de Nur\u00edo, Michoac\u00e1n. El pasado 22 de mayo un grupo fuertemente armado, ingres\u00f3 a esta comunidad con la intenci\u00f3n de\u2026","rel":"","context":"En &quot;28. Nur\u00edo&quot;","block_context":{"text":"28. Nur\u00edo","link":"https:\/\/www.grieta.org.mx\/index.php\/category\/espejos-de-la-resistencia\/28-nurio\/"},"img":{"alt_text":"","src":"https:\/\/i0.wp.com\/www.grieta.org.mx\/wp-content\/uploads\/2018\/03\/14524434_1106112876131411_958039263622046936_o.jpg?resize=350%2C200&ssl=1","width":350,"height":200,"srcset":"https:\/\/i0.wp.com\/www.grieta.org.mx\/wp-content\/uploads\/2018\/03\/14524434_1106112876131411_958039263622046936_o.jpg?resize=350%2C200&ssl=1 1x, https:\/\/i0.wp.com\/www.grieta.org.mx\/wp-content\/uploads\/2018\/03\/14524434_1106112876131411_958039263622046936_o.jpg?resize=525%2C300&ssl=1 1.5x, https:\/\/i0.wp.com\/www.grieta.org.mx\/wp-content\/uploads\/2018\/03\/14524434_1106112876131411_958039263622046936_o.jpg?resize=700%2C400&ssl=1 2x"},"classes":[]},{"id":23275,"url":"https:\/\/www.grieta.org.mx\/index.php\/2018\/05\/23\/denuncia-de-la-comunidad-purepecha-de-nurio-michoacan\/","url_meta":{"origin":23808,"position":1},"title":"Denuncia de la Comunidad Pur\u00e9pecha de Nurio (Michoac\u00e1n)","author":"grieta","date":"23 mayo, 2018","format":false,"excerpt":"A la opini\u00f3n p\u00fablica Al Congreso Nacional Ind\u00edgena Al Ej\u00e9rcito Zapatista de Liberaci\u00f3n Nacional A los medios de comunicaci\u00f3n libres nacionales e internacionales A las comunidades ind\u00edgenas hermanas de M\u00e9xico y del mundo A la sociedad civil nacional e internacional Informamos que el d\u00eda de ayer 22 de mayo del\u2026","rel":"","context":"En &quot;28. Nur\u00edo&quot;","block_context":{"text":"28. Nur\u00edo","link":"https:\/\/www.grieta.org.mx\/index.php\/category\/espejos-de-la-resistencia\/28-nurio\/"},"img":{"alt_text":"","src":"https:\/\/i0.wp.com\/www.grieta.org.mx\/wp-content\/uploads\/2018\/03\/14524434_1106112876131411_958039263622046936_o.jpg?resize=350%2C200&ssl=1","width":350,"height":200,"srcset":"https:\/\/i0.wp.com\/www.grieta.org.mx\/wp-content\/uploads\/2018\/03\/14524434_1106112876131411_958039263622046936_o.jpg?resize=350%2C200&ssl=1 1x, https:\/\/i0.wp.com\/www.grieta.org.mx\/wp-content\/uploads\/2018\/03\/14524434_1106112876131411_958039263622046936_o.jpg?resize=525%2C300&ssl=1 1.5x, https:\/\/i0.wp.com\/www.grieta.org.mx\/wp-content\/uploads\/2018\/03\/14524434_1106112876131411_958039263622046936_o.jpg?resize=700%2C400&ssl=1 2x"},"classes":[]},{"id":23277,"url":"https:\/\/www.grieta.org.mx\/index.php\/2018\/05\/22\/matan-a-exrepresentante-de-bienes-comunales-en-paracho-michoacan\/","url_meta":{"origin":23808,"position":2},"title":"Matan a exrepresentante de bienes comunales en Paracho (Michoac\u00e1n)","author":"grieta","date":"22 mayo, 2018","format":false,"excerpt":"Francisco Castellanos \/ Proceso PARACHO, Mich. (apro).- El exrepresentante de bienes comunales, Jes\u00fas N., muri\u00f3 al ser atacado a balazos afuera de un jard\u00edn de ni\u00f1os en la comunidad de Nur\u00edo, perteneciente a este municipio. Los hechos ocurrieron al mediod\u00eda de este martes en la plaza de la comunidad, cuando\u2026","rel":"","context":"En &quot;28. Nur\u00edo&quot;","block_context":{"text":"28. Nur\u00edo","link":"https:\/\/www.grieta.org.mx\/index.php\/category\/espejos-de-la-resistencia\/28-nurio\/"},"img":{"alt_text":"","src":"https:\/\/i0.wp.com\/www.grieta.org.mx\/wp-content\/uploads\/2018\/05\/paracho-1078x799.jpg?resize=350%2C200&ssl=1","width":350,"height":200,"srcset":"https:\/\/i0.wp.com\/www.grieta.org.mx\/wp-content\/uploads\/2018\/05\/paracho-1078x799.jpg?resize=350%2C200&ssl=1 1x, https:\/\/i0.wp.com\/www.grieta.org.mx\/wp-content\/uploads\/2018\/05\/paracho-1078x799.jpg?resize=525%2C300&ssl=1 1.5x, https:\/\/i0.wp.com\/www.grieta.org.mx\/wp-content\/uploads\/2018\/05\/paracho-1078x799.jpg?resize=700%2C400&ssl=1 2x, https:\/\/i0.wp.com\/www.grieta.org.mx\/wp-content\/uploads\/2018\/05\/paracho-1078x799.jpg?resize=1050%2C600&ssl=1 3x"},"classes":[]},{"id":60879,"url":"https:\/\/www.grieta.org.mx\/index.php\/2021\/07\/18\/comunidad-indigena-de-michoacan-celebra-inicio-de-su-autogobierno-se-regira-por-usos-y-costumbres\/","url_meta":{"origin":23808,"position":3},"title":"Comunidad ind\u00edgena de Michoac\u00e1n celebra inicio de su autogobierno; se regir\u00e1 por usos y costumbres","author":"grieta","date":"18 julio, 2021","format":false,"excerpt":"Alejandra Zamudio, El Debate, Michoac\u00e1n, 18 de Julio de 2021 Morelia, Michoac\u00e1n.- La comunidad ind\u00edgena de Santa Fe de la Laguna, perteneciente al municipio de Quiroga, ejercer\u00e1 su autogobierno comunal a partir del d\u00eda de hoy, 18 de julio, as\u00ed lo informaron autoridades del Concejo Supremo Ind\u00edgena de Michoac\u00e1n. Luego\u2026","rel":"","context":"En &quot;CINTILLO&quot;","block_context":{"text":"CINTILLO","link":"https:\/\/www.grieta.org.mx\/index.php\/category\/cintillo\/"},"img":{"alt_text":"","src":"https:\/\/i0.wp.com\/www.grieta.org.mx\/wp-content\/uploads\/2021\/08\/Captura-de-pantalla-2021-08-02-a-las-22.38.40.png?resize=350%2C200&ssl=1","width":350,"height":200,"srcset":"https:\/\/i0.wp.com\/www.grieta.org.mx\/wp-content\/uploads\/2021\/08\/Captura-de-pantalla-2021-08-02-a-las-22.38.40.png?resize=350%2C200&ssl=1 1x, https:\/\/i0.wp.com\/www.grieta.org.mx\/wp-content\/uploads\/2021\/08\/Captura-de-pantalla-2021-08-02-a-las-22.38.40.png?resize=525%2C300&ssl=1 1.5x, https:\/\/i0.wp.com\/www.grieta.org.mx\/wp-content\/uploads\/2021\/08\/Captura-de-pantalla-2021-08-02-a-las-22.38.40.png?resize=700%2C400&ssl=1 2x, https:\/\/i0.wp.com\/www.grieta.org.mx\/wp-content\/uploads\/2021\/08\/Captura-de-pantalla-2021-08-02-a-las-22.38.40.png?resize=1050%2C600&ssl=1 3x, https:\/\/i0.wp.com\/www.grieta.org.mx\/wp-content\/uploads\/2021\/08\/Captura-de-pantalla-2021-08-02-a-las-22.38.40.png?resize=1400%2C800&ssl=1 4x"},"classes":[]},{"id":68449,"url":"https:\/\/www.grieta.org.mx\/index.php\/2024\/02\/08\/la-comunidad-nahua-de-santa-maria-ostula-denuncia-ataque-de-un-comando-armado-del-cjng\/","url_meta":{"origin":23808,"position":4},"title":"La comunidad Nahua de Santa Mar\u00eda Ostula denuncia ataque de un Comando Armado del CJNG","author":"grieta","date":"8 febrero, 2024","format":false,"excerpt":"Colectivo Grieta 04 de febrero de 2024. En un comunicado publicado por el Congreso Nacional Ind\u00edgena, la Comunidad Nahua de Santa Mar\u00eda Ostula denunci\u00f3 el ataque de un comando armado de unas 50 personas que incursionaron a bordo de camionetas en el territorio comunal de La Cofrad\u00eda. Los comuneros reportan\u2026","rel":"","context":"En &quot;1. Ostula&quot;","block_context":{"text":"1. Ostula","link":"https:\/\/www.grieta.org.mx\/index.php\/category\/espejos-de-la-resistencia\/1-ostula\/"},"img":{"alt_text":"","src":"https:\/\/i0.wp.com\/www.grieta.org.mx\/wp-content\/uploads\/2024\/02\/PRONUNCIAMIENTO-POR-LA-DESAPARICION-FORZADA-DE-LORENZO-FROYLAN-DE-LA-CRUZ-R_20240202_202519_0000.png?resize=350%2C200&ssl=1","width":350,"height":200,"srcset":"https:\/\/i0.wp.com\/www.grieta.org.mx\/wp-content\/uploads\/2024\/02\/PRONUNCIAMIENTO-POR-LA-DESAPARICION-FORZADA-DE-LORENZO-FROYLAN-DE-LA-CRUZ-R_20240202_202519_0000.png?resize=350%2C200&ssl=1 1x, https:\/\/i0.wp.com\/www.grieta.org.mx\/wp-content\/uploads\/2024\/02\/PRONUNCIAMIENTO-POR-LA-DESAPARICION-FORZADA-DE-LORENZO-FROYLAN-DE-LA-CRUZ-R_20240202_202519_0000.png?resize=525%2C300&ssl=1 1.5x, https:\/\/i0.wp.com\/www.grieta.org.mx\/wp-content\/uploads\/2024\/02\/PRONUNCIAMIENTO-POR-LA-DESAPARICION-FORZADA-DE-LORENZO-FROYLAN-DE-LA-CRUZ-R_20240202_202519_0000.png?resize=700%2C400&ssl=1 2x"},"classes":[]},{"id":43137,"url":"https:\/\/www.grieta.org.mx\/index.php\/2020\/01\/15\/consejo-supremo-indigena-de-michoacan-denuncia-represion-y-amenazas-de-muerte-en-contra-de-concejos-comunales-de-comachuen-sevina-y-nahuatzen\/","url_meta":{"origin":23808,"position":5},"title":"Consejo Supremo Ind\u00edgena de Michoac\u00e1n denuncia represi\u00f3n y amenazas de muerte en contra de Concejos Comunales de Comachu\u00e9n, Sevina y Nahuatzen","author":"grieta","date":"15 enero, 2020","format":false,"excerpt":"Por:Patricia Torres \/ Noventa Grados, 15 de Enero de 2020 Comunidades P`urh\u00e9pecha a 15 de enero del 2020. A trav\u00e9s de un comunicado, el Consejo Supremo Ind\u00edgena de Michoac\u00e1n (CSIM), consejo de autoridades civiles, comunales y tradicionales que agrupa alrededor de 60 comunidades, denunci\u00f3 la represi\u00f3n de comuneros, mujeres y\u2026","rel":"","context":"En &quot;CINTILLO&quot;","block_context":{"text":"CINTILLO","link":"https:\/\/www.grieta.org.mx\/index.php\/category\/cintillo\/"},"img":{"alt_text":"","src":"https:\/\/i0.wp.com\/www.grieta.org.mx\/wp-content\/uploads\/2020\/01\/0-grande.jpg?resize=350%2C200&ssl=1","width":350,"height":200,"srcset":"https:\/\/i0.wp.com\/www.grieta.org.mx\/wp-content\/uploads\/2020\/01\/0-grande.jpg?resize=350%2C200&ssl=1 1x, https:\/\/i0.wp.com\/www.grieta.org.mx\/wp-content\/uploads\/2020\/01\/0-grande.jpg?resize=525%2C300&ssl=1 1.5x, https:\/\/i0.wp.com\/www.grieta.org.mx\/wp-content\/uploads\/2020\/01\/0-grande.jpg?resize=700%2C400&ssl=1 2x"},"classes":[]}],"_links":{"self":[{"href":"https:\/\/www.grieta.org.mx\/index.php\/wp-json\/wp\/v2\/posts\/23808","targetHints":{"allow":["GET"]}}],"collection":[{"href":"https:\/\/www.grieta.org.mx\/index.php\/wp-json\/wp\/v2\/posts"}],"about":[{"href":"https:\/\/www.grieta.org.mx\/index.php\/wp-json\/wp\/v2\/types\/post"}],"author":[{"embeddable":true,"href":"https:\/\/www.grieta.org.mx\/index.php\/wp-json\/wp\/v2\/users\/2"}],"replies":[{"embeddable":true,"href":"https:\/\/www.grieta.org.mx\/index.php\/wp-json\/wp\/v2\/comments?post=23808"}],"version-history":[{"count":1,"href":"https:\/\/www.grieta.org.mx\/index.php\/wp-json\/wp\/v2\/posts\/23808\/revisions"}],"predecessor-version":[{"id":23809,"href":"https:\/\/www.grieta.org.mx\/index.php\/wp-json\/wp\/v2\/posts\/23808\/revisions\/23809"}],"wp:featuredmedia":[{"embeddable":true,"href":"https:\/\/www.grieta.org.mx\/index.php\/wp-json\/wp\/v2\/media\/21928"}],"wp:attachment":[{"href":"https:\/\/www.grieta.org.mx\/index.php\/wp-json\/wp\/v2\/media?parent=23808"}],"wp:term":[{"taxonomy":"category","embeddable":true,"href":"https:\/\/www.grieta.org.mx\/index.php\/wp-json\/wp\/v2\/categories?post=23808"},{"taxonomy":"post_tag","embeddable":true,"href":"https:\/\/www.grieta.org.mx\/index.php\/wp-json\/wp\/v2\/tags?post=23808"}],"curies":[{"name":"wp","href":"https:\/\/api.w.org\/{rel}","templated":true}]}}