{"id":23802,"date":"2018-06-17T01:46:49","date_gmt":"2018-06-17T06:46:49","guid":{"rendered":"http:\/\/www.grieta.org.mx\/?p=23802"},"modified":"2018-10-20T23:34:11","modified_gmt":"2018-10-21T04:34:11","slug":"en-slp-mas-de-50-mil-ninos-y-ninas-trabajaron-en-2017-san-luis-potosi","status":"publish","type":"post","link":"https:\/\/www.grieta.org.mx\/index.php\/2018\/06\/17\/en-slp-mas-de-50-mil-ninos-y-ninas-trabajaron-en-2017-san-luis-potosi\/","title":{"rendered":"En SLP m\u00e1s de 50 mil ni\u00f1os y ni\u00f1as trabajaron en 2017 (San Luis Potos\u00ed)"},"content":{"rendered":"<p><img decoding=\"async\" data-attachment-id=\"23803\" data-permalink=\"https:\/\/www.grieta.org.mx\/index.php\/2018\/06\/17\/en-slp-mas-de-50-mil-ninos-y-ninas-trabajaron-en-2017-san-luis-potosi\/en-slp-mas-de-50-mil-ninos-y-ninas-trabajaron-en-2017\/\" data-orig-file=\"https:\/\/www.grieta.org.mx\/wp-content\/uploads\/2018\/06\/En-SLP-m\u00e1s-de-50-mil-ni\u00f1os-y-ni\u00f1as-trabajaron-en-2017.jpg\" data-orig-size=\"600,400\" data-comments-opened=\"0\" data-image-meta=\"{&quot;aperture&quot;:&quot;0&quot;,&quot;credit&quot;:&quot;&quot;,&quot;camera&quot;:&quot;&quot;,&quot;caption&quot;:&quot;&quot;,&quot;created_timestamp&quot;:&quot;0&quot;,&quot;copyright&quot;:&quot;&quot;,&quot;focal_length&quot;:&quot;0&quot;,&quot;iso&quot;:&quot;0&quot;,&quot;shutter_speed&quot;:&quot;0&quot;,&quot;title&quot;:&quot;&quot;,&quot;orientation&quot;:&quot;0&quot;}\" data-image-title=\"En SLP m\u00e1s de 50 mil ni\u00f1os y ni\u00f1as trabajaron en 2017\" data-image-description=\"\" data-image-caption=\"\" data-medium-file=\"https:\/\/www.grieta.org.mx\/wp-content\/uploads\/2018\/06\/En-SLP-m\u00e1s-de-50-mil-ni\u00f1os-y-ni\u00f1as-trabajaron-en-2017-300x200.jpg\" data-large-file=\"https:\/\/www.grieta.org.mx\/wp-content\/uploads\/2018\/06\/En-SLP-m\u00e1s-de-50-mil-ni\u00f1os-y-ni\u00f1as-trabajaron-en-2017.jpg\" src=\"http:\/\/www.grieta.org.mx\/wp-content\/uploads\/2018\/06\/En-SLP-m\u00e1s-de-50-mil-ni\u00f1os-y-ni\u00f1as-trabajaron-en-2017.jpg\" alt=\"\" width=\"100%\" class=\"aligncenter size-full wp-image-23803\" srcset=\"https:\/\/www.grieta.org.mx\/wp-content\/uploads\/2018\/06\/En-SLP-m\u00e1s-de-50-mil-ni\u00f1os-y-ni\u00f1as-trabajaron-en-2017.jpg 600w, https:\/\/www.grieta.org.mx\/wp-content\/uploads\/2018\/06\/En-SLP-m\u00e1s-de-50-mil-ni\u00f1os-y-ni\u00f1as-trabajaron-en-2017-300x200.jpg 300w\" sizes=\"(max-width: 600px) 100vw, 600px\" \/><\/p>\n<p>Roberto Mart\u00ednez\/Global Media<\/p>\n<blockquote><p>Actualmente el estado ocupa el 15\u00b0 lugar a nivel nacional con mayor tasa de ocupaci\u00f3n infantil no permitida.<\/p><\/blockquote>\n<p>Un total de 54 mil 148 menores de edad en San Luis Potos\u00ed realizaron en este 2017 alg\u00fan tipo de trabajo en actividades econ\u00f3micas no permitidas, ya sea debajo de la edad m\u00ednima o alguna ocupaci\u00f3n peligrosa establecida en la Ley Federal del Trabajo.<\/p>\n<p>Este indicador representa una tasa de 7.9% y ocupando el 15\u00b0 lugar a nivel nacional con la mayor tasa en este rubro, de acuerdo a datos del M\u00f3dulo de Trabajo Infantil (MIT) realizado por el INEGI.<\/p>\n<p>La ocupaci\u00f3n no permitida por entidad federativa report\u00f3 sus niveles m\u00e1s altos en Nayarit (12.2%), seguido de Zacatecas, Guerrero y Puebla con 11.9% cada uno.<\/p>\n<p>De estos 54 mil 148 menores en ocupaci\u00f3n no permitida, el 25.4% tiene una duraci\u00f3n de su jornada de trabajo de hasta 14 horas, 18.6% jornadas de mas de 14 horas y hasta 36 horas, el 27.1% presenta jornadas de mas de 36 horas y el 27.3% no tiene un horario regular de trabajo.<\/p>\n<p>El reporte se\u00f1ala que el 37 por ciento de estos menores en ocupaci\u00f3n no permitida no reciben ingresos, seguido del 33 por ciento que se registra recibe hasta un salario m\u00ednimo, un 21.7 por ciento que recibe mas de un salario y hasta 2 salarios m\u00ednimos y solo el 2.3 por ciento recibe mas de 2 salarios m\u00ednimos.<\/p>\n<p>A nivel nacional, la ocupaci\u00f3n no permitida la realizaron 2.1 millones de ni\u00f1os, ni\u00f1as y adolescentes, cifra equivalente al 7.1% de la poblaci\u00f3n de 5 a 17 a\u00f1os, mientras que la ocupaci\u00f3n permitida la desarrollan 243 mil personas.<\/p>\n<p>La tasa de ocupaci\u00f3n infantil en actividades econ\u00f3micas no permitidas descendi\u00f3 de 11.5% a 7.1% entre 2007 y 2017.<\/p>\n<p>La tasa de ocupaci\u00f3n peligrosa a nivel nacional fue de 18.2%. Por entidades, Zacatecas report\u00f3 el nivel m\u00e1s alto con 29.8% y la Ciudad de M\u00e9xico, con 6.1%, registr\u00f3 la tasa m\u00e1s baja. En San Luis Potosi es de 21.4%.<\/p>\n<p><a href=\"https:\/\/www.globalmedia.mx\/articles\/En-SLP-m%C3%A1s-de-50-mil-ni-os-y-ni-as-trabajaron-en-2017\" rel=\"noopener\" target=\"_blank\">https:\/\/www.globalmedia.mx\/articles\/En-SLP-m%C3%A1s-de-50-mil-ni-os-y-ni-as-trabajaron-en-2017<\/a><\/p>\n","protected":false},"excerpt":{"rendered":"<p>Roberto Mart\u00ednez\/Global Media Actualmente el estado ocupa el 15\u00b0 lugar a nivel nacional con mayor tasa de ocupaci\u00f3n infantil no permitida. Un total de 54 mil 148 menores de edad &hellip; <a href=\"https:\/\/www.grieta.org.mx\/index.php\/2018\/06\/17\/en-slp-mas-de-50-mil-ninos-y-ninas-trabajaron-en-2017-san-luis-potosi\/\" class=\"more-link\">Leer m\u00e1s<\/a><\/p>\n","protected":false},"author":2,"featured_media":23803,"comment_status":"closed","ping_status":"closed","sticky":false,"template":"","format":"standard","meta":{"ngg_post_thumbnail":0,"_jetpack_newsletter_access":"","_jetpack_dont_email_post_to_subs":false,"_jetpack_newsletter_tier_id":0,"_jetpack_memberships_contains_paywalled_content":false,"_jetpack_memberships_contains_paid_content":false,"footnotes":""},"categories":[80,1254,1350,910,1273,1827,2,26,29,83],"tags":[254,1351,1352,1353,723],"class_list":["post-23802","post","type-post","status-publish","format-standard","has-post-thumbnail","hentry","category-cintillo","category-explotacion-y-abuso-infantil-en-puebla","category-explotacion-y-abuso-infantil-en-san-luis-potosi","category-explotacion-y-precariedad-laboral","category-explotacion-y-precariedad-laboral-en-san-luis-potosi","category-la-ninez-en-la-tormenta-capitalista","category-noticias-nacionales","category-puebla","category-san-luis-potosi","category-temas-nacionales","tag-explotacion-de-menores","tag-explotacion-infantil","tag-ley-federal-del-trabajo","tag-tasa-ocupacion-infantil","tag-trabajo-infantil","entry"],"jetpack_featured_media_url":"https:\/\/www.grieta.org.mx\/wp-content\/uploads\/2018\/06\/En-SLP-m\u00e1s-de-50-mil-ni\u00f1os-y-ni\u00f1as-trabajaron-en-2017.jpg","jetpack_sharing_enabled":true,"jetpack_shortlink":"https:\/\/wp.me\/p7ZJR4-6bU","jetpack_likes_enabled":false,"jetpack-related-posts":[{"id":14260,"url":"https:\/\/www.grieta.org.mx\/index.php\/2016\/05\/30\/explotacion-infantil-campo-potosino-bajo-la-lupa\/","url_meta":{"origin":23802,"position":0},"title":"Explotaci\u00f3n infantil, campo potosino, bajo la lupa (San Luis Potos\u00ed)","author":"grieta","date":"30 mayo, 2016","format":false,"excerpt":"Hugo Lauss\u00edn \/ Plano Informativo En 2014, tras el fatal accidente ocurrido el 4 de julio sobre el kil\u00f3metro 123 m\u00e1s 800 metros de la carretera 57 M\u00e9xico- Piedras Negras, qued\u00f3 al descubierto que los trabajadores que prestaban sus servicios en la agroindustria potosina, principalmente en invernaderos, no contaban con\u2026","rel":"","context":"En &quot;CINTILLO&quot;","block_context":{"text":"CINTILLO","link":"https:\/\/www.grieta.org.mx\/index.php\/category\/cintillo\/"},"img":{"alt_text":"","src":"https:\/\/i0.wp.com\/www.grieta.org.mx\/wp-content\/uploads\/2016\/05\/Explotaci%C3%B3n-infantil-campo-potosino-bajo-la-lupa.jpg?resize=350%2C200&ssl=1","width":350,"height":200,"srcset":"https:\/\/i0.wp.com\/www.grieta.org.mx\/wp-content\/uploads\/2016\/05\/Explotaci%C3%B3n-infantil-campo-potosino-bajo-la-lupa.jpg?resize=350%2C200&ssl=1 1x, https:\/\/i0.wp.com\/www.grieta.org.mx\/wp-content\/uploads\/2016\/05\/Explotaci%C3%B3n-infantil-campo-potosino-bajo-la-lupa.jpg?resize=525%2C300&ssl=1 1.5x, https:\/\/i0.wp.com\/www.grieta.org.mx\/wp-content\/uploads\/2016\/05\/Explotaci%C3%B3n-infantil-campo-potosino-bajo-la-lupa.jpg?resize=700%2C400&ssl=1 2x, https:\/\/i0.wp.com\/www.grieta.org.mx\/wp-content\/uploads\/2016\/05\/Explotaci%C3%B3n-infantil-campo-potosino-bajo-la-lupa.jpg?resize=1050%2C600&ssl=1 3x, https:\/\/i0.wp.com\/www.grieta.org.mx\/wp-content\/uploads\/2016\/05\/Explotaci%C3%B3n-infantil-campo-potosino-bajo-la-lupa.jpg?resize=1400%2C800&ssl=1 4x"},"classes":[]},{"id":13016,"url":"https:\/\/www.grieta.org.mx\/index.php\/2016\/06\/15\/explotacion-y-abuso-infantil-en-san-luis-potosi\/","url_meta":{"origin":23802,"position":1},"title":"Explotacion y abuso infantil en San Luis Potosi","author":"grieta","date":"15 junio, 2016","format":false,"excerpt":"30\/05\/16. Explotaci\u00f3n infantil, campo potosino, bajo la lupaPlano Informativo 20\/05\/16. Cura pederasta de San Luis Potos\u00ed impune por negligencia de autoridadesVanguardia 15\/05\/16. Impide MP detener a cl\u00e9rigo pederastaAntena San Luis 12\/02\/16. Iglesia De San Luis Potos\u00ed Se Lava Las Manos Sobre Casos De Curas Pederastas: \u201cNo Tenemos La Culpa De\u2026","rel":"","context":"En &quot;San Luis Potos\u00ed&quot;","block_context":{"text":"San Luis Potos\u00ed","link":"https:\/\/www.grieta.org.mx\/index.php\/category\/noticias-nacionales\/san-luis-potosi\/"},"img":{"alt_text":"","src":"https:\/\/i0.wp.com\/www.grieta.org.mx\/wp-content\/uploads\/2018\/03\/14524434_1106112876131411_958039263622046936_o.jpg?resize=350%2C200&ssl=1","width":350,"height":200,"srcset":"https:\/\/i0.wp.com\/www.grieta.org.mx\/wp-content\/uploads\/2018\/03\/14524434_1106112876131411_958039263622046936_o.jpg?resize=350%2C200&ssl=1 1x, https:\/\/i0.wp.com\/www.grieta.org.mx\/wp-content\/uploads\/2018\/03\/14524434_1106112876131411_958039263622046936_o.jpg?resize=525%2C300&ssl=1 1.5x, https:\/\/i0.wp.com\/www.grieta.org.mx\/wp-content\/uploads\/2018\/03\/14524434_1106112876131411_958039263622046936_o.jpg?resize=700%2C400&ssl=1 2x"},"classes":[]},{"id":37208,"url":"https:\/\/www.grieta.org.mx\/index.php\/2019\/07\/28\/explotan-en-slp-a-94-mil-jornaleros-indigenas-de-guerrero\/","url_meta":{"origin":23802,"position":2},"title":"Explotan en SLP a 94 mil jornaleros ind\u00edgenas de Guerrero","author":"grieta","date":"28 julio, 2019","format":false,"excerpt":"Cristian Morales \/ Quadrat\u00edn SLP SAN LUIS POTOS\u00cd, SLP., 28 de julio de 2019.- En condiciones de explotaci\u00f3n, sin servicios m\u00e9dicos y sumidos en la precariedad, han vivido cerca de 94 mil ind\u00edgenas de la regi\u00f3n Costa-Monta\u00f1a de Guerrero cuando llegan a laborar en cultivos de Cedral, Vanegas, Villa de\u2026","rel":"","context":"En &quot;CINTILLO&quot;","block_context":{"text":"CINTILLO","link":"https:\/\/www.grieta.org.mx\/index.php\/category\/cintillo\/"},"img":{"alt_text":"","src":"https:\/\/i0.wp.com\/www.grieta.org.mx\/wp-content\/uploads\/2019\/07\/campo-mexico-1160x700.jpg?resize=350%2C200&ssl=1","width":350,"height":200,"srcset":"https:\/\/i0.wp.com\/www.grieta.org.mx\/wp-content\/uploads\/2019\/07\/campo-mexico-1160x700.jpg?resize=350%2C200&ssl=1 1x, https:\/\/i0.wp.com\/www.grieta.org.mx\/wp-content\/uploads\/2019\/07\/campo-mexico-1160x700.jpg?resize=525%2C300&ssl=1 1.5x, https:\/\/i0.wp.com\/www.grieta.org.mx\/wp-content\/uploads\/2019\/07\/campo-mexico-1160x700.jpg?resize=700%2C400&ssl=1 2x, https:\/\/i0.wp.com\/www.grieta.org.mx\/wp-content\/uploads\/2019\/07\/campo-mexico-1160x700.jpg?resize=1050%2C600&ssl=1 3x"},"classes":[]},{"id":32012,"url":"https:\/\/www.grieta.org.mx\/index.php\/2019\/04\/10\/en-rezago-4-mil-demandas-laborales-en-slp-styps-san-luis-potosi\/","url_meta":{"origin":23802,"position":3},"title":"En rezago 4 mil demandas laborales en SLP: STyPS (San Luis Potos\u00ed)","author":"grieta","date":"10 abril, 2019","format":false,"excerpt":"Berenice Guti\u00e9rrez \/ GlobalMedia La cantidad es mayor a las que se prev\u00e9n anualmente, adem\u00e1s en el marco de la reforma laboral el secretario del Trabajo Manuel Lozano consider\u00f3 que dos o m\u00e1s organizaciones sindicales en una misma compa\u00f1\u00eda no es pr\u00e1ctico San Luis Potos\u00ed, M\u00e9xico (10 abril 2019).- En\u2026","rel":"","context":"En &quot;CINTILLO&quot;","block_context":{"text":"CINTILLO","link":"https:\/\/www.grieta.org.mx\/index.php\/category\/cintillo\/"},"img":{"alt_text":"","src":"https:\/\/i0.wp.com\/www.grieta.org.mx\/wp-content\/uploads\/2019\/04\/En-rezago-4-mil-demandas-laborales-en-SLP-STyPS-slp-abr.jpg?resize=350%2C200&ssl=1","width":350,"height":200,"srcset":"https:\/\/i0.wp.com\/www.grieta.org.mx\/wp-content\/uploads\/2019\/04\/En-rezago-4-mil-demandas-laborales-en-SLP-STyPS-slp-abr.jpg?resize=350%2C200&ssl=1 1x, https:\/\/i0.wp.com\/www.grieta.org.mx\/wp-content\/uploads\/2019\/04\/En-rezago-4-mil-demandas-laborales-en-SLP-STyPS-slp-abr.jpg?resize=525%2C300&ssl=1 1.5x"},"classes":[]},{"id":34016,"url":"https:\/\/www.grieta.org.mx\/index.php\/2019\/05\/29\/aguascalientes-supero-en-desempleo-a-zacatecas-san-luis-y-jalisco\/","url_meta":{"origin":23802,"position":4},"title":"Aguascalientes Super\u00f3 En Desempleo A Zacatecas, San Luis Y Jalisco","author":"grieta","date":"29 mayo, 2019","format":false,"excerpt":"Fabiola Cornejo\/Ultranoticias Para Aguascalientes La tasa de desempleo en abril pasado se ubic\u00f3 por encima de estados vecinos como Zacatecas, San Luis Potos\u00ed y Jalisco. De acuerdo para el INEGI, el mes de abril, Aguascalientes cerr\u00f3 con una desocupaci\u00f3n del 3.4%, mientras en Zacatecas fue del 3.2%, Jalisco 3.2% y\u2026","rel":"","context":"En &quot;Aguascalientes&quot;","block_context":{"text":"Aguascalientes","link":"https:\/\/www.grieta.org.mx\/index.php\/category\/noticias-nacionales\/aguascalientes\/"},"img":{"alt_text":"","src":"https:\/\/i0.wp.com\/www.grieta.org.mx\/wp-content\/uploads\/2019\/05\/a1.jpg?resize=350%2C200&ssl=1","width":350,"height":200,"srcset":"https:\/\/i0.wp.com\/www.grieta.org.mx\/wp-content\/uploads\/2019\/05\/a1.jpg?resize=350%2C200&ssl=1 1x, https:\/\/i0.wp.com\/www.grieta.org.mx\/wp-content\/uploads\/2019\/05\/a1.jpg?resize=525%2C300&ssl=1 1.5x, https:\/\/i0.wp.com\/www.grieta.org.mx\/wp-content\/uploads\/2019\/05\/a1.jpg?resize=700%2C400&ssl=1 2x, https:\/\/i0.wp.com\/www.grieta.org.mx\/wp-content\/uploads\/2019\/05\/a1.jpg?resize=1050%2C600&ssl=1 3x"},"classes":[]},{"id":28233,"url":"https:\/\/www.grieta.org.mx\/index.php\/2018\/06\/12\/nayarit-zacatecas-guerrero-y-puebla-con-mayor-trabajo-infantil-no-permitido-inegi\/","url_meta":{"origin":23802,"position":5},"title":"Nayarit, Zacatecas, Guerrero y Puebla, con mayor trabajo infantil no permitido: INEGI","author":"grieta","date":"12 junio, 2018","format":false,"excerpt":"Redacci\u00f3n \/ AFMEDIOS El Instituto Nacional de Estad\u00edstica y Geograf\u00eda (Inegi) dio a conocer que en 2017 la poblaci\u00f3n infantil de 5 a 17 a\u00f1os en el pa\u00eds ascendi\u00f3 a 29.3 millones de personas, de este universo, 3.2 millones (11%) realizaron trabajo infantil, siendo 62.7% hombres y 37.3%, mujeres. La\u2026","rel":"","context":"En &quot;Colima&quot;","block_context":{"text":"Colima","link":"https:\/\/www.grieta.org.mx\/index.php\/category\/noticias-nacionales\/colima\/"},"img":{"alt_text":"","src":"https:\/\/i0.wp.com\/www.grieta.org.mx\/wp-content\/uploads\/2019\/01\/direct-10.jpg?resize=350%2C200&ssl=1","width":350,"height":200,"srcset":"https:\/\/i0.wp.com\/www.grieta.org.mx\/wp-content\/uploads\/2019\/01\/direct-10.jpg?resize=350%2C200&ssl=1 1x, https:\/\/i0.wp.com\/www.grieta.org.mx\/wp-content\/uploads\/2019\/01\/direct-10.jpg?resize=525%2C300&ssl=1 1.5x, https:\/\/i0.wp.com\/www.grieta.org.mx\/wp-content\/uploads\/2019\/01\/direct-10.jpg?resize=700%2C400&ssl=1 2x"},"classes":[]}],"_links":{"self":[{"href":"https:\/\/www.grieta.org.mx\/index.php\/wp-json\/wp\/v2\/posts\/23802","targetHints":{"allow":["GET"]}}],"collection":[{"href":"https:\/\/www.grieta.org.mx\/index.php\/wp-json\/wp\/v2\/posts"}],"about":[{"href":"https:\/\/www.grieta.org.mx\/index.php\/wp-json\/wp\/v2\/types\/post"}],"author":[{"embeddable":true,"href":"https:\/\/www.grieta.org.mx\/index.php\/wp-json\/wp\/v2\/users\/2"}],"replies":[{"embeddable":true,"href":"https:\/\/www.grieta.org.mx\/index.php\/wp-json\/wp\/v2\/comments?post=23802"}],"version-history":[{"count":1,"href":"https:\/\/www.grieta.org.mx\/index.php\/wp-json\/wp\/v2\/posts\/23802\/revisions"}],"predecessor-version":[{"id":23805,"href":"https:\/\/www.grieta.org.mx\/index.php\/wp-json\/wp\/v2\/posts\/23802\/revisions\/23805"}],"wp:featuredmedia":[{"embeddable":true,"href":"https:\/\/www.grieta.org.mx\/index.php\/wp-json\/wp\/v2\/media\/23803"}],"wp:attachment":[{"href":"https:\/\/www.grieta.org.mx\/index.php\/wp-json\/wp\/v2\/media?parent=23802"}],"wp:term":[{"taxonomy":"category","embeddable":true,"href":"https:\/\/www.grieta.org.mx\/index.php\/wp-json\/wp\/v2\/categories?post=23802"},{"taxonomy":"post_tag","embeddable":true,"href":"https:\/\/www.grieta.org.mx\/index.php\/wp-json\/wp\/v2\/tags?post=23802"}],"curies":[{"name":"wp","href":"https:\/\/api.w.org\/{rel}","templated":true}]}}