{"id":23623,"date":"2018-06-01T15:59:19","date_gmt":"2018-06-01T20:59:19","guid":{"rendered":"http:\/\/www.grieta.org.mx\/?p=23623"},"modified":"2018-06-12T19:48:50","modified_gmt":"2018-06-13T00:48:50","slug":"periodistas-muertos-y-ciudadanos-desaparecidos-complicidad-federal-en-zona-de-silencio-mexicana","status":"publish","type":"post","link":"https:\/\/www.grieta.org.mx\/index.php\/2018\/06\/01\/periodistas-muertos-y-ciudadanos-desaparecidos-complicidad-federal-en-zona-de-silencio-mexicana\/","title":{"rendered":"Periodistas muertos y ciudadanos desaparecidos: Complicidad federal en &#8220;zona de silencio&#8221; mexicana"},"content":{"rendered":"<p><img decoding=\"async\" data-attachment-id=\"23624\" data-permalink=\"https:\/\/www.grieta.org.mx\/index.php\/2018\/06\/01\/periodistas-muertos-y-ciudadanos-desaparecidos-complicidad-federal-en-zona-de-silencio-mexicana\/5b11677ce9180f7e228b4567\/\" data-orig-file=\"https:\/\/www.grieta.org.mx\/wp-content\/uploads\/2018\/06\/5b11677ce9180f7e228b4567.jpg\" data-orig-size=\"824,464\" data-comments-opened=\"0\" data-image-meta=\"{&quot;aperture&quot;:&quot;0&quot;,&quot;credit&quot;:&quot;&quot;,&quot;camera&quot;:&quot;&quot;,&quot;caption&quot;:&quot;&quot;,&quot;created_timestamp&quot;:&quot;0&quot;,&quot;copyright&quot;:&quot;&quot;,&quot;focal_length&quot;:&quot;0&quot;,&quot;iso&quot;:&quot;0&quot;,&quot;shutter_speed&quot;:&quot;0&quot;,&quot;title&quot;:&quot;&quot;,&quot;orientation&quot;:&quot;0&quot;}\" data-image-title=\"5b11677ce9180f7e228b4567\" data-image-description=\"\" data-image-caption=\"\" data-medium-file=\"https:\/\/www.grieta.org.mx\/wp-content\/uploads\/2018\/06\/5b11677ce9180f7e228b4567-300x169.jpg\" data-large-file=\"https:\/\/www.grieta.org.mx\/wp-content\/uploads\/2018\/06\/5b11677ce9180f7e228b4567.jpg\" src=\"http:\/\/www.grieta.org.mx\/wp-content\/uploads\/2018\/06\/5b11677ce9180f7e228b4567.jpg\" alt=\"\" width=\"100\"  class=\"aligncenter size-full wp-image-23624\" srcset=\"https:\/\/www.grieta.org.mx\/wp-content\/uploads\/2018\/06\/5b11677ce9180f7e228b4567.jpg 824w, https:\/\/www.grieta.org.mx\/wp-content\/uploads\/2018\/06\/5b11677ce9180f7e228b4567-300x169.jpg 300w, https:\/\/www.grieta.org.mx\/wp-content\/uploads\/2018\/06\/5b11677ce9180f7e228b4567-768x432.jpg 768w\" sizes=\"(max-width: 824px) 100vw, 824px\" \/><br \/>\nRedacci\u00f3n\/RT<\/p>\n<blockquote><p>El asesinato de periodistas y una ola de desapariciones posiblemente provocadas por fuerzas federales evidencian la crisis de violencia que padece el nordeste mexicano.<\/p><\/blockquote>\n<p>Tamaulipas, uno de los estados m\u00e1s violentos de M\u00e9xico, ha sido declarado por organizaciones internacionales como una &#8220;zona de silencio&#8221; debido a la manera en que la prensa dej\u00f3 de reportar muchos hechos sucedidos en aquella regi\u00f3n del noreste del pa\u00eds, ante la ola de muertes violentas y desapariciones detonada por los c\u00e1rteles de la droga.<\/p>\n<p>Una situaci\u00f3n que se ha recrudecido en los \u00faltimos meses con el asesinato de dos periodistas mexicanos en esa entidad territorial, calificada por ciertos analistas como &#8220;narcoestado&#8221;.<\/p>\n<p>Silencio, autocensura y violencia<br \/>\n&#8220;El caso de Tamaulipas en M\u00e9xico, uno de los primeros lugares en padecer esta violencia y paradigm\u00e1tico respecto al efecto silenciador y de autocensura que producen los ataques del crimen organizado contra la prensa&#8221;, se\u00f1ala el informe &#8216;Zonas silenciadas: regiones de alta peligrosidad para ejercer la libertad de expresi\u00f3n&#8217; de la Comisi\u00f3n Interamericana de Derechos Humanos (CIDH).<\/p>\n<p>Ese documento indica que, en el contexto de la llamada &#8220;guerra contra el narcotr\u00e1fico&#8221; que se libra desde hace 15 a\u00f1os, los periodistas y los medios de comunicaci\u00f3n &#8220;se han mantenido en la mira de los grupos delictivos&#8221;.<\/p>\n<p>Otras organizaciones internacionales como Art\u00edculo 19, encargada de defender la libertad de expresi\u00f3n, tambi\u00e9n ha catalogado a Tamaulipas como &#8220;zona de silencio&#8221; debido a las constantes agresiones contra la prensa.<\/p>\n<p>&#8220;La prensa ha tenido que autocensurarse por la violencia. El Estado mexicano no ha garantizado la protecci\u00f3n a los periodistas y defensores de derechos humanos y es el segundo estado m\u00e1s letal para la prensa en M\u00e9xico&#8221;, se\u00f1al\u00f3 Art\u00edculo 19 en enero de 2018.<\/p>\n<div class=\"jetpack-video-wrapper\"><iframe loading=\"lazy\" title=\"El silencio en Tamaulipas #NoNosVamosACallar\" width=\"1170\" height=\"658\" src=\"https:\/\/www.youtube.com\/embed\/k40H4wLBXLE?feature=oembed\" frameborder=\"0\" allow=\"accelerometer; autoplay; clipboard-write; encrypted-media; gyroscope; picture-in-picture\" allowfullscreen><\/iframe><\/div>\n<p>De 2000 hasta mayo de 2018, 16 comunicadores hab\u00edan sido asesinados en Tamaulipas, la segunda entidad mexicana m\u00e1s peligrosa para los periodistas, por detr\u00e1s de Veracruz. Dos de los casos se han producido este a\u00f1o:<\/p>\n<p>El 13 de enero, el columnista Carlos Dom\u00ednguez Rodr\u00edguez, quien durante varios a\u00f1os colabor\u00f3 como reportero en El Diario de Nuevo Laredo, recibi\u00f3 21 pu\u00f1aladas cuando se encontraba dentro su veh\u00edculo en esa localidad.<\/p>\n<p>Asimismo, el pasado 29 de mayo fue encontrado el cadaver del periodista H\u00e9ctor Gonz\u00e1lez Antonio, quien colaboraba como corresponsal del diario Exc\u00e9lsior y medios locales y fue asesinado a golpes en una calle de Ciudad Victoria, capital del estado.<\/p>\n<p><img decoding=\"async\" data-attachment-id=\"23625\" data-permalink=\"https:\/\/www.grieta.org.mx\/index.php\/2018\/06\/01\/periodistas-muertos-y-ciudadanos-desaparecidos-complicidad-federal-en-zona-de-silencio-mexicana\/direct-3\/\" data-orig-file=\"https:\/\/www.grieta.org.mx\/wp-content\/uploads\/2018\/06\/direct-1.jpg\" data-orig-size=\"704,395\" data-comments-opened=\"0\" data-image-meta=\"{&quot;aperture&quot;:&quot;0&quot;,&quot;credit&quot;:&quot;&quot;,&quot;camera&quot;:&quot;&quot;,&quot;caption&quot;:&quot;&quot;,&quot;created_timestamp&quot;:&quot;0&quot;,&quot;copyright&quot;:&quot;&quot;,&quot;focal_length&quot;:&quot;0&quot;,&quot;iso&quot;:&quot;0&quot;,&quot;shutter_speed&quot;:&quot;0&quot;,&quot;title&quot;:&quot;&quot;,&quot;orientation&quot;:&quot;0&quot;}\" data-image-title=\"direct\" data-image-description=\"\" data-image-caption=\"\" data-medium-file=\"https:\/\/www.grieta.org.mx\/wp-content\/uploads\/2018\/06\/direct-1-300x168.jpg\" data-large-file=\"https:\/\/www.grieta.org.mx\/wp-content\/uploads\/2018\/06\/direct-1.jpg\" src=\"http:\/\/www.grieta.org.mx\/wp-content\/uploads\/2018\/06\/direct-1.jpg\" alt=\"\" width=\"100\" class=\"aligncenter size-full wp-image-23625\" srcset=\"https:\/\/www.grieta.org.mx\/wp-content\/uploads\/2018\/06\/direct-1.jpg 704w, https:\/\/www.grieta.org.mx\/wp-content\/uploads\/2018\/06\/direct-1-300x168.jpg 300w\" sizes=\"(max-width: 704px) 100vw, 704px\" \/><\/p>\n<p>En febrero de 2017, el diario El Ma\u00f1ana de Nuevo Laredo suspendi\u00f3 moment\u00e1neamente su circulaci\u00f3n ante constantes amenazas, luego de que algunos trabajadores del peri\u00f3dico fueron golpeados por hombres armados.<\/p>\n<p>Debido a que muchos medios dejaron de informar sobre lo que ocurr\u00eda en Tamaulipas, lugar donde la presencia y continua disputa entre el C\u00e1rtel del Golfo y los Zetas por el control del territorio ha sido una constante desde 2007, el vac\u00edo informativo de los medios intent\u00f3 ser llenado mediante reportes ciudadanos publicados en redes sociales.<\/p>\n<p>Ese fue el caso del sitio de Facebook Valor por Tamaulipas, en el que un grupo de ciudadanos an\u00f3nimos denunciaban balaceras y otros hechos de violencia ocurridos en el estado. En 2014, la doctora Mar\u00eda del Rosario Fuentes Rubio, quien reportaba de manera an\u00f3nima para el sitio, fue asesinada por presuntos sicarios tras ser amenazada en redes sociales.<\/p>\n<p><img decoding=\"async\" data-attachment-id=\"23627\" data-permalink=\"https:\/\/www.grieta.org.mx\/index.php\/2018\/06\/01\/periodistas-muertos-y-ciudadanos-desaparecidos-complicidad-federal-en-zona-de-silencio-mexicana\/portiseremos\/\" data-orig-file=\"https:\/\/www.grieta.org.mx\/wp-content\/uploads\/2018\/06\/portiseremos.jpg\" data-orig-size=\"509,601\" data-comments-opened=\"0\" data-image-meta=\"{&quot;aperture&quot;:&quot;0&quot;,&quot;credit&quot;:&quot;&quot;,&quot;camera&quot;:&quot;&quot;,&quot;caption&quot;:&quot;&quot;,&quot;created_timestamp&quot;:&quot;0&quot;,&quot;copyright&quot;:&quot;&quot;,&quot;focal_length&quot;:&quot;0&quot;,&quot;iso&quot;:&quot;0&quot;,&quot;shutter_speed&quot;:&quot;0&quot;,&quot;title&quot;:&quot;&quot;,&quot;orientation&quot;:&quot;0&quot;}\" data-image-title=\"portiseremos\" data-image-description=\"\" data-image-caption=\"\" data-medium-file=\"https:\/\/www.grieta.org.mx\/wp-content\/uploads\/2018\/06\/portiseremos-254x300.jpg\" data-large-file=\"https:\/\/www.grieta.org.mx\/wp-content\/uploads\/2018\/06\/portiseremos.jpg\" src=\"http:\/\/www.grieta.org.mx\/wp-content\/uploads\/2018\/06\/portiseremos.jpg\" alt=\"\" width=\"100\" class=\"aligncenter size-full wp-image-23627\" srcset=\"https:\/\/www.grieta.org.mx\/wp-content\/uploads\/2018\/06\/portiseremos.jpg 509w, https:\/\/www.grieta.org.mx\/wp-content\/uploads\/2018\/06\/portiseremos-254x300.jpg 254w, https:\/\/www.grieta.org.mx\/wp-content\/uploads\/2018\/06\/portiseremos-423x500.jpg 423w\" sizes=\"(max-width: 509px) 100vw, 509px\" \/><\/p>\n<p>Una ola de desapariciones forzadas<br \/>\nSin embargo, el crimen organizado no es el \u00fanico peligro que enfrentan los ciudadanos en Tamaulipas, ya que tambi\u00e9n existen &#8220;fuertes indicios&#8221; de que fuerzas federales han provocado una ola de desapariciones forzadas en la ciudad fronteriza de Nuevo Laredo, seg\u00fan un informe de Naciones Unidas.<\/p>\n<p>El pasado 30 de mayo, el Alto Comisionado de las Naciones Unidas para los Derechos Humanos, Zeid Raad Al Hussein, hizo un llamado a las autoridades mexicanas a tomar medidas urgentes para poner fin a la ola de desapariciones en la ciudad de Nuevo Laredo y sus alrededores, debido a que &#8220;hay fuertes indicios de que estos cr\u00edmenes habr\u00edan sido cometidos por una fuerza federal de seguridad&#8221;.<\/p>\n<p>La Oficina en M\u00e9xico del Alto Comisionado de la ONU para los Derechos Humanos (ONU-DH) document\u00f3 la desaparici\u00f3n de 21 hombres y dos mujeres en Nuevo Laredo entre febrero y el 16 de mayo de 2018. Seg\u00fan una organizaci\u00f3n local de derechos humanos, habr\u00edan sucedido al menos 40 desapariciones durante este per\u00edodo.<\/p>\n<p>De acuerdo con testimonios, los desaparecidos habr\u00edan sido detenidos por personal uniformado mientras caminaban o manejaban por carreteras.<\/p>\n<p>&#8220;Se inform\u00f3 que muchas de estas personas habr\u00edan sido detenidas arbitrariamente y desaparecidas mientras realizaban su vida cotidiana. Es particularmente horrible que al menos cinco de las v\u00edctimas sean menores, tres de ellas muy j\u00f3venes, tan solo de 14 a\u00f1os. Estos cr\u00edmenes, perpetrados durante cuatro meses en un solo municipio, son indignantes&#8221;, dijo Al Hussein.<\/p>\n<p><img decoding=\"async\" data-attachment-id=\"23628\" data-permalink=\"https:\/\/www.grieta.org.mx\/index.php\/2018\/06\/01\/periodistas-muertos-y-ciudadanos-desaparecidos-complicidad-federal-en-zona-de-silencio-mexicana\/unhumanrights\/\" data-orig-file=\"https:\/\/www.grieta.org.mx\/wp-content\/uploads\/2018\/06\/UNhumanrights.jpg\" data-orig-size=\"506,472\" data-comments-opened=\"0\" data-image-meta=\"{&quot;aperture&quot;:&quot;0&quot;,&quot;credit&quot;:&quot;&quot;,&quot;camera&quot;:&quot;&quot;,&quot;caption&quot;:&quot;&quot;,&quot;created_timestamp&quot;:&quot;0&quot;,&quot;copyright&quot;:&quot;&quot;,&quot;focal_length&quot;:&quot;0&quot;,&quot;iso&quot;:&quot;0&quot;,&quot;shutter_speed&quot;:&quot;0&quot;,&quot;title&quot;:&quot;&quot;,&quot;orientation&quot;:&quot;0&quot;}\" data-image-title=\"UNhumanrights\" data-image-description=\"\" data-image-caption=\"\" data-medium-file=\"https:\/\/www.grieta.org.mx\/wp-content\/uploads\/2018\/06\/UNhumanrights-300x280.jpg\" data-large-file=\"https:\/\/www.grieta.org.mx\/wp-content\/uploads\/2018\/06\/UNhumanrights.jpg\" src=\"http:\/\/www.grieta.org.mx\/wp-content\/uploads\/2018\/06\/UNhumanrights.jpg\" alt=\"\" width=\"100\" class=\"aligncenter size-full wp-image-23628\" srcset=\"https:\/\/www.grieta.org.mx\/wp-content\/uploads\/2018\/06\/UNhumanrights.jpg 506w, https:\/\/www.grieta.org.mx\/wp-content\/uploads\/2018\/06\/UNhumanrights-300x280.jpg 300w\" sizes=\"(max-width: 506px) 100vw, 506px\" \/><\/p>\n<p>Desde que comenz\u00f3 la &#8220;guerra contra el narco&#8221;, Tamaulipas es el segundo estado con m\u00e1s secuestros, con 1.422 casos hasta abril de 2018, solo superado por el Estado de M\u00e9xico (1.730), seg\u00fan datos del Sistema Nacional de Seguridad P\u00fablica.<\/p>\n<p>Manuel Hern\u00e1ndez Borbolla<\/p>\n<p><a href=\"https:\/\/actualidad.rt.com\/actualidad\/274010-tamaulipas-zona-silencio-mexico-asesinatos-violencia-periodistas\" rel=\"noopener\" target=\"_blank\">https:\/\/actualidad.rt.com\/actualidad\/274010-tamaulipas-zona-silencio-mexico-asesinatos-violencia-periodistas<\/a><\/p>\n","protected":false},"excerpt":{"rendered":"<p>Redacci\u00f3n\/RT El asesinato de periodistas y una ola de desapariciones posiblemente provocadas por fuerzas federales evidencian la crisis de violencia que padece el nordeste mexicano. Tamaulipas, uno de los estados &hellip; <a href=\"https:\/\/www.grieta.org.mx\/index.php\/2018\/06\/01\/periodistas-muertos-y-ciudadanos-desaparecidos-complicidad-federal-en-zona-de-silencio-mexicana\/\" class=\"more-link\">Leer m\u00e1s<\/a><\/p>\n","protected":false},"author":2,"featured_media":23624,"comment_status":"closed","ping_status":"closed","sticky":false,"template":"","format":"standard","meta":{"ngg_post_thumbnail":0,"_jetpack_newsletter_access":"","_jetpack_dont_email_post_to_subs":false,"_jetpack_newsletter_tier_id":0,"_jetpack_memberships_contains_paywalled_content":false,"_jetpack_memberships_contains_paid_content":false,"footnotes":""},"categories":[80,2,33,88,1136],"tags":[120],"class_list":["post-23623","post","type-post","status-publish","format-standard","has-post-thumbnail","hentry","category-cintillo","category-noticias-nacionales","category-tamaulipas","category-violencia-contra-periodistas","category-violencia-contra-periodistas-en-tamaulipas","tag-violencia-contra-periodistas","entry"],"jetpack_featured_media_url":"https:\/\/www.grieta.org.mx\/wp-content\/uploads\/2018\/06\/5b11677ce9180f7e228b4567.jpg","jetpack_sharing_enabled":true,"jetpack_shortlink":"https:\/\/wp.me\/p7ZJR4-691","jetpack_likes_enabled":false,"jetpack-related-posts":[{"id":22447,"url":"https:\/\/www.grieta.org.mx\/index.php\/2017\/04\/30\/el-estado-mexicano-de-tamaulipas-declarado-zona-silenciada-por-la-violencia-contra-periodistas\/","url_meta":{"origin":23623,"position":0},"title":"El estado mexicano de Tamaulipas, declarado zona silenciada por la violencia contra periodistas","author":"grieta","date":"30 abril, 2017","format":false,"excerpt":"Redacci\u00f3n\/Notim\u00e9rica CIUDAD DE M\u00c9XICO, 30 Abr. (Notim\u00e9rica) - La Comisi\u00f3n Internacional de Derechos Humanos (CIDH) ha reiterado la mala situaci\u00f3n en la que se encuentran los periodistas en M\u00e9xico, silenciados de forma violenta. Aunque la situaci\u00f3n es alarmante a nivel nacional, la CIDH ha puesto el foco en el estado\u2026","rel":"","context":"En &quot;CINTILLO&quot;","block_context":{"text":"CINTILLO","link":"https:\/\/www.grieta.org.mx\/index.php\/category\/cintillo\/"},"img":{"alt_text":"","src":"https:\/\/i0.wp.com\/www.grieta.org.mx\/wp-content\/uploads\/2018\/04\/t2.jpg?resize=350%2C200&ssl=1","width":350,"height":200,"srcset":"https:\/\/i0.wp.com\/www.grieta.org.mx\/wp-content\/uploads\/2018\/04\/t2.jpg?resize=350%2C200&ssl=1 1x, https:\/\/i0.wp.com\/www.grieta.org.mx\/wp-content\/uploads\/2018\/04\/t2.jpg?resize=525%2C300&ssl=1 1.5x"},"classes":[]},{"id":14621,"url":"https:\/\/www.grieta.org.mx\/index.php\/2016\/01\/03\/tamaulipas-con-elevado-indice-de-homicidios-y-desapariciones-de-periodistas\/","url_meta":{"origin":23623,"position":1},"title":"Tamaulipas con elevado \u00edndice de homicidios y desapariciones de periodistas","author":"grieta","date":"3 enero, 2016","format":false,"excerpt":"Redacci\u00f3n\/Todo Noticias Desde el a\u00f1o 2000 a 2015 ocurrieron 20 homicidios y desapariciones de periodistas en Tamaulipas. Ciudad Victoria.- Tamaulipas, despu\u00e9s de Veracruz es la entidad con los m\u00e1s altos \u00edndices de homicidios contra periodistas en el pa\u00eds, seg\u00fan el informe de la Comisi\u00f3n Nacional de Derechos Humano dado a\u2026","rel":"","context":"En &quot;CINTILLO&quot;","block_context":{"text":"CINTILLO","link":"https:\/\/www.grieta.org.mx\/index.php\/category\/cintillo\/"},"img":{"alt_text":"","src":"https:\/\/i0.wp.com\/www.grieta.org.mx\/wp-content\/uploads\/2018\/03\/14524434_1106112876131411_958039263622046936_o.jpg?resize=350%2C200&ssl=1","width":350,"height":200,"srcset":"https:\/\/i0.wp.com\/www.grieta.org.mx\/wp-content\/uploads\/2018\/03\/14524434_1106112876131411_958039263622046936_o.jpg?resize=350%2C200&ssl=1 1x, https:\/\/i0.wp.com\/www.grieta.org.mx\/wp-content\/uploads\/2018\/03\/14524434_1106112876131411_958039263622046936_o.jpg?resize=525%2C300&ssl=1 1.5x, https:\/\/i0.wp.com\/www.grieta.org.mx\/wp-content\/uploads\/2018\/03\/14524434_1106112876131411_958039263622046936_o.jpg?resize=700%2C400&ssl=1 2x"},"classes":[]},{"id":23598,"url":"https:\/\/www.grieta.org.mx\/index.php\/2018\/06\/07\/protestan-periodistas-en-tamaulipas\/","url_meta":{"origin":23623,"position":2},"title":"Protestan periodistas en Tamaulipas","author":"grieta","date":"7 junio, 2018","format":false,"excerpt":"Agencia Reforma. TAMPICO, Tamaulipas.-En este D\u00eda de la Libertad de Expresi\u00f3n, unos 40 periodistas del sur de Tamaulipas exigieron un freno a la violencia contra los reporteros y el esclarecimiento del homicidio del corresponsal H\u00e9ctor Gonz\u00e1lez. Reporteros, camar\u00f3grafos, fotoperiodistas y columnistas se dieron cita en el kiosco de la Plaza\u2026","rel":"","context":"En &quot;CINTILLO&quot;","block_context":{"text":"CINTILLO","link":"https:\/\/www.grieta.org.mx\/index.php\/category\/cintillo\/"},"img":{"alt_text":"","src":"https:\/\/i0.wp.com\/www.grieta.org.mx\/wp-content\/uploads\/2018\/06\/whatsapp_image_2018-06-07_at_12_09_42_pm.jpeg_539665225.jpeg?resize=350%2C200&ssl=1","width":350,"height":200,"srcset":"https:\/\/i0.wp.com\/www.grieta.org.mx\/wp-content\/uploads\/2018\/06\/whatsapp_image_2018-06-07_at_12_09_42_pm.jpeg_539665225.jpeg?resize=350%2C200&ssl=1 1x, https:\/\/i0.wp.com\/www.grieta.org.mx\/wp-content\/uploads\/2018\/06\/whatsapp_image_2018-06-07_at_12_09_42_pm.jpeg_539665225.jpeg?resize=525%2C300&ssl=1 1.5x"},"classes":[]},{"id":22444,"url":"https:\/\/www.grieta.org.mx\/index.php\/2017\/04\/29\/tamaulipas-un-estado-silenciado-por-los-crimenes-contra-periodistas-cidh\/","url_meta":{"origin":23623,"position":3},"title":"Tamaulipas, un estado silenciado por los cr\u00edmenes contra periodistas: CIDH","author":"grieta","date":"29 abril, 2017","format":false,"excerpt":"Redacci\u00f3n\/Animal Pol\u00edtico La violencia contra periodistas en M\u00e9xico ha llegado a niveles alarmantes e incluso se ha intensificado en los \u00faltimos a\u00f1os, tiempo en el que destaca el caso de Tamaulipas, entidad considerada como una zona silenciada por la Comisi\u00f3n Interamericana de Derechos Humanos (CIDH). \u201cTamaulipas fue una de las\u2026","rel":"","context":"En &quot;CINTILLO&quot;","block_context":{"text":"CINTILLO","link":"https:\/\/www.grieta.org.mx\/index.php\/category\/cintillo\/"},"img":{"alt_text":"","src":"https:\/\/i0.wp.com\/www.grieta.org.mx\/wp-content\/uploads\/2018\/04\/t1-1.jpg?resize=350%2C200&ssl=1","width":350,"height":200,"srcset":"https:\/\/i0.wp.com\/www.grieta.org.mx\/wp-content\/uploads\/2018\/04\/t1-1.jpg?resize=350%2C200&ssl=1 1x, https:\/\/i0.wp.com\/www.grieta.org.mx\/wp-content\/uploads\/2018\/04\/t1-1.jpg?resize=525%2C300&ssl=1 1.5x, https:\/\/i0.wp.com\/www.grieta.org.mx\/wp-content\/uploads\/2018\/04\/t1-1.jpg?resize=700%2C400&ssl=1 2x"},"classes":[]},{"id":47373,"url":"https:\/\/www.grieta.org.mx\/index.php\/2020\/03\/31\/exigen-un-alto-a-violencia-contra-periodistas-tras-asesinato-en-veracruz-video\/","url_meta":{"origin":23623,"position":4},"title":"Exigen un alto a violencia contra periodistas tras asesinato en Veracruz | Video","author":"Admin","date":"31 marzo, 2020","format":false,"excerpt":"Redacci\u00f3n \/ Aristegui Noticias El periodista \u00c9dgar Escamilla informa que Mar\u00eda Elena Ferral ten\u00eda 30 a\u00f1os informando en los municipios de la zona totonaca, donde se dedic\u00f3 a la cobertura de las manifestaciones y exigencias que se registraban en la zona. Informa desde la protesta por el asesinato de la\u2026","rel":"","context":"En &quot;CINTILLO&quot;","block_context":{"text":"CINTILLO","link":"https:\/\/www.grieta.org.mx\/index.php\/category\/cintillo\/"},"img":{"alt_text":"","src":"https:\/\/i0.wp.com\/www.grieta.org.mx\/wp-content\/uploads\/2020\/04\/Screenshot_2020-04-07-Exigen-un-alto-a-violencia-contra-periodistas-tras-asesinato-en-Veracruz-Video.png?resize=350%2C200&ssl=1","width":350,"height":200,"srcset":"https:\/\/i0.wp.com\/www.grieta.org.mx\/wp-content\/uploads\/2020\/04\/Screenshot_2020-04-07-Exigen-un-alto-a-violencia-contra-periodistas-tras-asesinato-en-Veracruz-Video.png?resize=350%2C200&ssl=1 1x, https:\/\/i0.wp.com\/www.grieta.org.mx\/wp-content\/uploads\/2020\/04\/Screenshot_2020-04-07-Exigen-un-alto-a-violencia-contra-periodistas-tras-asesinato-en-Veracruz-Video.png?resize=525%2C300&ssl=1 1.5x"},"classes":[]},{"id":6279,"url":"https:\/\/www.grieta.org.mx\/index.php\/2016\/02\/23\/violencia-contra-periodistas-en-tabasco\/","url_meta":{"origin":23623,"position":5},"title":"Violencia contra periodistas en Tabasco","author":"grieta","date":"23 febrero, 2016","format":false,"excerpt":"23\/02\/16. Asesinan a locutor de radio en TabascoVoces 11\/02\/16. La violencia en contra de periodistas sigue: un reportero de Tabasco es agredido en su casaSin Embargo 02\/10\/15. Tabasco, una zona del silencio m\u00e1s en M\u00e9xico por impunidad ante cr\u00edmenes contra periodistas: CDPP\u00e1gina 3 25\/09\/15. Se investigan muertes de periodistas en\u2026","rel":"","context":"En &quot;NOTICIAS NACIONALES&quot;","block_context":{"text":"NOTICIAS NACIONALES","link":"https:\/\/www.grieta.org.mx\/index.php\/category\/noticias-nacionales\/"},"img":{"alt_text":"","src":"https:\/\/i0.wp.com\/www.grieta.org.mx\/wp-content\/uploads\/2018\/03\/14524434_1106112876131411_958039263622046936_o.jpg?resize=350%2C200&ssl=1","width":350,"height":200,"srcset":"https:\/\/i0.wp.com\/www.grieta.org.mx\/wp-content\/uploads\/2018\/03\/14524434_1106112876131411_958039263622046936_o.jpg?resize=350%2C200&ssl=1 1x, https:\/\/i0.wp.com\/www.grieta.org.mx\/wp-content\/uploads\/2018\/03\/14524434_1106112876131411_958039263622046936_o.jpg?resize=525%2C300&ssl=1 1.5x, https:\/\/i0.wp.com\/www.grieta.org.mx\/wp-content\/uploads\/2018\/03\/14524434_1106112876131411_958039263622046936_o.jpg?resize=700%2C400&ssl=1 2x"},"classes":[]}],"_links":{"self":[{"href":"https:\/\/www.grieta.org.mx\/index.php\/wp-json\/wp\/v2\/posts\/23623","targetHints":{"allow":["GET"]}}],"collection":[{"href":"https:\/\/www.grieta.org.mx\/index.php\/wp-json\/wp\/v2\/posts"}],"about":[{"href":"https:\/\/www.grieta.org.mx\/index.php\/wp-json\/wp\/v2\/types\/post"}],"author":[{"embeddable":true,"href":"https:\/\/www.grieta.org.mx\/index.php\/wp-json\/wp\/v2\/users\/2"}],"replies":[{"embeddable":true,"href":"https:\/\/www.grieta.org.mx\/index.php\/wp-json\/wp\/v2\/comments?post=23623"}],"version-history":[{"count":1,"href":"https:\/\/www.grieta.org.mx\/index.php\/wp-json\/wp\/v2\/posts\/23623\/revisions"}],"predecessor-version":[{"id":23629,"href":"https:\/\/www.grieta.org.mx\/index.php\/wp-json\/wp\/v2\/posts\/23623\/revisions\/23629"}],"wp:featuredmedia":[{"embeddable":true,"href":"https:\/\/www.grieta.org.mx\/index.php\/wp-json\/wp\/v2\/media\/23624"}],"wp:attachment":[{"href":"https:\/\/www.grieta.org.mx\/index.php\/wp-json\/wp\/v2\/media?parent=23623"}],"wp:term":[{"taxonomy":"category","embeddable":true,"href":"https:\/\/www.grieta.org.mx\/index.php\/wp-json\/wp\/v2\/categories?post=23623"},{"taxonomy":"post_tag","embeddable":true,"href":"https:\/\/www.grieta.org.mx\/index.php\/wp-json\/wp\/v2\/tags?post=23623"}],"curies":[{"name":"wp","href":"https:\/\/api.w.org\/{rel}","templated":true}]}}