{"id":23605,"date":"2018-06-02T13:55:44","date_gmt":"2018-06-02T18:55:44","guid":{"rendered":"http:\/\/www.grieta.org.mx\/?p=23605"},"modified":"2018-06-11T14:02:48","modified_gmt":"2018-06-11T19:02:48","slug":"tamaulipas-que-es-la-zona-silenciada-de-mexico-y-por-que-la-onu-exige-la-atencion-del-gobierno","status":"publish","type":"post","link":"https:\/\/www.grieta.org.mx\/index.php\/2018\/06\/02\/tamaulipas-que-es-la-zona-silenciada-de-mexico-y-por-que-la-onu-exige-la-atencion-del-gobierno\/","title":{"rendered":"Tamaulipas: qu\u00e9 es la &#8220;zona silenciada&#8221; de M\u00e9xico y por qu\u00e9 la ONU exige la atenci\u00f3n del gobierno"},"content":{"rendered":"<p><img decoding=\"async\" data-attachment-id=\"23606\" data-permalink=\"https:\/\/www.grieta.org.mx\/index.php\/2018\/06\/02\/tamaulipas-que-es-la-zona-silenciada-de-mexico-y-por-que-la-onu-exige-la-atencion-del-gobierno\/_101847906_5e21be52-2553-4c03-97ab-521f1a628610\/\" data-orig-file=\"https:\/\/www.grieta.org.mx\/wp-content\/uploads\/2018\/06\/101847906_5e21be52-2553-4c03-97ab-521f1a628610.jpg\" data-orig-size=\"320,180\" data-comments-opened=\"0\" data-image-meta=\"{&quot;aperture&quot;:&quot;0&quot;,&quot;credit&quot;:&quot;&quot;,&quot;camera&quot;:&quot;&quot;,&quot;caption&quot;:&quot;&quot;,&quot;created_timestamp&quot;:&quot;0&quot;,&quot;copyright&quot;:&quot;&quot;,&quot;focal_length&quot;:&quot;0&quot;,&quot;iso&quot;:&quot;0&quot;,&quot;shutter_speed&quot;:&quot;0&quot;,&quot;title&quot;:&quot;&quot;,&quot;orientation&quot;:&quot;0&quot;}\" data-image-title=\"_101847906_5e21be52-2553-4c03-97ab-521f1a628610\" data-image-description=\"\" data-image-caption=\"\" data-medium-file=\"https:\/\/www.grieta.org.mx\/wp-content\/uploads\/2018\/06\/101847906_5e21be52-2553-4c03-97ab-521f1a628610-300x169.jpg\" data-large-file=\"https:\/\/www.grieta.org.mx\/wp-content\/uploads\/2018\/06\/101847906_5e21be52-2553-4c03-97ab-521f1a628610.jpg\" src=\"http:\/\/www.grieta.org.mx\/wp-content\/uploads\/2018\/06\/101847906_5e21be52-2553-4c03-97ab-521f1a628610.jpg\" alt=\"\" width=\"100\" class=\"aligncenter size-full wp-image-23606\" srcset=\"https:\/\/www.grieta.org.mx\/wp-content\/uploads\/2018\/06\/101847906_5e21be52-2553-4c03-97ab-521f1a628610.jpg 320w, https:\/\/www.grieta.org.mx\/wp-content\/uploads\/2018\/06\/101847906_5e21be52-2553-4c03-97ab-521f1a628610-300x169.jpg 300w\" sizes=\"(max-width: 320px) 100vw, 320px\" \/><br \/>\nRedacci\u00f3n\/BBC News Mundo<\/p>\n<p>Tras el ataque contra el diario El Ma\u00f1ana en 2006, comenz\u00f3 el silencio generalizado.<\/p>\n<p>La oficina de ese peri\u00f3dico de Tamaulipas, en el noreste de M\u00e9xico, recibi\u00f3 una r\u00e1faga de balas y explosivos en un nivel de violencia contra la prensa nunca visto antes.<\/p>\n<p>Seg\u00fan la Comisi\u00f3n Interamericana de Derechos Humanos (CIDH), fue &#8220;el primer ataque armado y con explosivos contra instalaciones de un medio de comunicaci\u00f3n en tiempos de la &#8216;guerra contra el narcotr\u00e1fico'&#8221;.<\/p>\n<p>&#8220;De hecho se lo se\u00f1ala como uno de los primeros mensajes de intimidaci\u00f3n a la prensa desde los grupos criminales que se instalaban en diversas zonas del pa\u00eds&#8221;, apunt\u00f3 la CIDH en un informe de 2017 en el que mencionaba la expresi\u00f3n &#8220;zonas silenciadas&#8221;.<\/p>\n<p>As\u00ed es como el organismo defini\u00f3 la regi\u00f3n del estado de Tamaulipas -y parte de Veracruz- en la que la prensa evita investigar y publicar noticias sobre las actividades criminales.<\/p>\n<p>Bajo amenazas de muerte a reporteros y de ataques contra sus oficinas, los medios locales han sido &#8220;silenciados&#8221; en temas como tr\u00e1fico de drogas y de migrantes, prostituci\u00f3n, extorsiones, contrabando, corrupci\u00f3n en aduanas y negocios de empresas ligadas a los criminales.<\/p>\n<p>Muchos de los periodistas que decidieron informar sobre ello, han pagado el precio m\u00e1s alto.<\/p>\n<p>H\u00e9ctor Gonz\u00e1lez y decenas m\u00e1s<br \/>\nEl pasado 29 de mayo, el cuerpo del periodista H\u00e9ctor Gonz\u00e1lez Antonio fue encontrado con visibles se\u00f1ales de tortura cerca de Ciudad Victoria, la capital de Tamaulipas.<\/p>\n<p>Las autoridades a\u00fan investigan las circunstancias de su muerte. Gonz\u00e1lez realizaba reportes relacionados con las actividades de las bandas criminales en el estado, pero la investigaci\u00f3n contin\u00faa para determinar las causas del homicidio y si guarda relaci\u00f3n con el desarrollo de su profesi\u00f3n.<\/p>\n<p>&#8220;Este asesinato es un recordatorio m\u00e1s de la situaci\u00f3n de alta vulnerabilidad y violencia que enfrentan los periodistas en M\u00e9xico. Este a\u00f1o, como tambi\u00e9n en 2017, hemos visto en promedio por lo menos un periodista asesinado por mes&#8221;, dijo este jueves Jan Jarab, representante en M\u00e9xico del Alto Comisionado de Naciones Unidas para los Derechos Humanos (ONU-DH).<\/p>\n<p>&#8220;En estados como Tamaulipas, considerada como una &#8216;zona silenciada&#8217; por el nivel de autocensura en el cual operan periodistas, esta situaci\u00f3n es a\u00fan m\u00e1s extrema&#8221;, se\u00f1al\u00f3 Jarab.<\/p>\n<p>ONU-DH ha contabilizado seis asesinatos de periodistas este a\u00f1o, mientras que en 2017 se registraron 12.<\/p>\n<p>Por su parte, la CIDH indica que al menos 103 periodistas fueron v\u00edctimas de homicidio entre 2000 y 2015, n\u00fameros por los cuales M\u00e9xico se ubica como &#8220;el pa\u00eds m\u00e1s peligroso para ejercer el periodismo&#8221; en todo el continente.<\/p>\n<p>Periodistas asesinados en M\u00e9xico en 2018<br \/>\nCarlos Dom\u00ednguez Rodr\u00edguez\tNuevo Laredo, Tamaulipas\t13 de enero<br \/>\nPamela Montenegro del Real\tAcapulco, Guerrero\t5 de febrero<br \/>\nLeobardo V\u00e1zquez Atzin\tGuti\u00e9rrez Zamora, Veracruz\t21 de marzo<br \/>\nJuan Carlos Huerta Guti\u00e9rrez\tVillahermosa, Tabasco\t15 de mayo<br \/>\nAlicia D\u00edaz Gonz\u00e1lez\tMonterrey, Nuevo Le\u00f3n\t24 de mayo<br \/>\nH\u00e9ctor Gonz\u00e1lez Antonio\tCiudad Victoria, Tamaulipas\t29 de mayo<br \/>\nAgust\u00edn Silva (desaparecido)\tMat\u00edas Romero, Oaxaca\t21 de enero<br \/>\nPeriodistas asesinados en 2017: 12<br \/>\nSolo Afganist\u00e1n, un pa\u00eds que ha estado en guerra desde 2003, es m\u00e1s peligroso que M\u00e9xico para ejercer el periodismo.<\/p>\n<p>Veracruz, Tamaulipas, Guerrero, Chihuahua y Oaxaca concentran la mayor cantidad de homicidios.<\/p>\n<p>&#8220;De 2000 al 31 de enero de 2016, casi seis de cada diez homicidios de periodistas en el pa\u00eds ocurrieron en estas cinco entidades federativas&#8221;, dice la CIDH.<\/p>\n<p>&#8220;Firma&#8221; de delincuentes<br \/>\nEl incremento de la violencia en M\u00e9xico ha generado m\u00e1s de 200.000 muertos y 30.000 desaparecidos desde 2007, seg\u00fan cifras oficiales.<\/p>\n<p>Esa violencia de los criminales, y la llamada &#8220;guerra contra el narcotr\u00e1fico&#8221; del gobierno mexicano en la \u00faltima d\u00e9cada, tambi\u00e9n ha repercutido en los comunicadores, principalmente de medios locales.<\/p>\n<p>En Veracruz se registraron 16 asesinatos y 4 desapariciones entre 2000 y 2015, mientras que en Tamaulipas se contabilizaron 13 homicidios de periodistas.<\/p>\n<p>Adem\u00e1s de El Ma\u00f1ana, el diario El Nortede Monterrey, el diario Expreso y la emisora Televisa Matamoros en Tamaulipas est\u00e1n entre los medios que han sido atacados con explosivos.<\/p>\n<p>Seg\u00fan la CIDH, las organizaciones criminales no solo han intimidado a los periodistas, sino que en algunos casos tambi\u00e9n han dictado lo que se debe informar sobre casos de violencia.<\/p>\n<p>&#8220;Los jefes criminales llegaron incluso a incursionar en las redacciones para imponer sus criterios que el medio deb\u00eda seguir a la hora de informar sobre estos temas&#8221;, seg\u00fan document\u00f3 la CIDH.<\/p>\n<p>Esto se ha visto en Tamaulipas y Veracruz, pero diversos informes de la sociedad civil como Article 19 apuntan a que en Tamaulipas se dio la &#8220;ra\u00edz del miedo&#8221; para la prensa en M\u00e9xico.<\/p>\n<p>Los habitantes de ese estado, fronterizo con Estados Unidos, muchas veces tienen que recurrir a la prensa del pa\u00eds vecino, principalmente la de Texas, para enterarse de lo que pasa en sus localidades.<\/p>\n<p>Otra fuente de informaci\u00f3n que fue ganando fuerza eran los blogs an\u00f3nimos que reportaban sobre actos criminales y tiroteos en tiempo real.<\/p>\n<p>Pero los criminales tambi\u00e9n fueron a por ellos: ofrecieron recompensas por informaci\u00f3n sobre los autores y se dieron casos de asesinatos de &#8220;blogueros an\u00f3nimos&#8221;, como document\u00f3 la CIDH.<\/p>\n<p>Un llamado urgente<br \/>\nPara el representante de ONU-DH en M\u00e9xico, Jan Jarab, asesinatos como el de H\u00e9ctor Gonz\u00e1lez deben ser investigados hasta sus \u00faltimas consecuencias.<\/p>\n<p>Pero adem\u00e1s, plante\u00f3 que &#8220;son necesarias medidas estructurales de prevenci\u00f3n de agresiones&#8221; para que los periodistas &#8220;puedan trabajar sin este alto riesgo a sus vidas&#8221;.<\/p>\n<p>El Estado mexicano estableci\u00f3 en 2012 una ley y un mecanismo para la protecci\u00f3n de periodistas que son amenazados por sus investigaciones.<\/p>\n<p>Pero a juicio de Jarab, estas y otras medidas para garantizar la integridad de los comunicadores &#8220;no han sido implementadas en el estado de Tamaulipas&#8221;.<\/p>\n<p>La situaci\u00f3n no solo es alarmante por la desprotecci\u00f3n a periodistas y la falta de acceso a las noticias de los habitantes del estado, sino tambi\u00e9n por la impunidad.<\/p>\n<p>Menos de uno de cada 100 de los casos de agresi\u00f3n contra periodistas est\u00e1n resueltos, advierte ONU-DH.<\/p>\n<p><a href=\"http:\/\/www.bbc.com\/mundo\/noticias-america-latina-44338586\" rel=\"noopener\" target=\"_blank\">http:\/\/www.bbc.com\/mundo\/noticias-america-latina-44338586<\/a><\/p>\n","protected":false},"excerpt":{"rendered":"<p>Redacci\u00f3n\/BBC News Mundo Tras el ataque contra el diario El Ma\u00f1ana en 2006, comenz\u00f3 el silencio generalizado. La oficina de ese peri\u00f3dico de Tamaulipas, en el noreste de M\u00e9xico, recibi\u00f3 &hellip; <a href=\"https:\/\/www.grieta.org.mx\/index.php\/2018\/06\/02\/tamaulipas-que-es-la-zona-silenciada-de-mexico-y-por-que-la-onu-exige-la-atencion-del-gobierno\/\" class=\"more-link\">Leer m\u00e1s<\/a><\/p>\n","protected":false},"author":2,"featured_media":23606,"comment_status":"closed","ping_status":"closed","sticky":false,"template":"","format":"standard","meta":{"ngg_post_thumbnail":0,"_jetpack_newsletter_access":"","_jetpack_dont_email_post_to_subs":false,"_jetpack_newsletter_tier_id":0,"_jetpack_memberships_contains_paywalled_content":false,"_jetpack_memberships_contains_paid_content":false,"footnotes":""},"categories":[80,2,33,88,1136],"tags":[120],"class_list":["post-23605","post","type-post","status-publish","format-standard","has-post-thumbnail","hentry","category-cintillo","category-noticias-nacionales","category-tamaulipas","category-violencia-contra-periodistas","category-violencia-contra-periodistas-en-tamaulipas","tag-violencia-contra-periodistas","entry"],"jetpack_featured_media_url":"https:\/\/www.grieta.org.mx\/wp-content\/uploads\/2018\/06\/101847906_5e21be52-2553-4c03-97ab-521f1a628610.jpg","jetpack_sharing_enabled":true,"jetpack_shortlink":"https:\/\/wp.me\/p7ZJR4-68J","jetpack_likes_enabled":false,"jetpack-related-posts":[{"id":22447,"url":"https:\/\/www.grieta.org.mx\/index.php\/2017\/04\/30\/el-estado-mexicano-de-tamaulipas-declarado-zona-silenciada-por-la-violencia-contra-periodistas\/","url_meta":{"origin":23605,"position":0},"title":"El estado mexicano de Tamaulipas, declarado zona silenciada por la violencia contra periodistas","author":"grieta","date":"30 abril, 2017","format":false,"excerpt":"Redacci\u00f3n\/Notim\u00e9rica CIUDAD DE M\u00c9XICO, 30 Abr. (Notim\u00e9rica) - La Comisi\u00f3n Internacional de Derechos Humanos (CIDH) ha reiterado la mala situaci\u00f3n en la que se encuentran los periodistas en M\u00e9xico, silenciados de forma violenta. Aunque la situaci\u00f3n es alarmante a nivel nacional, la CIDH ha puesto el foco en el estado\u2026","rel":"","context":"En &quot;CINTILLO&quot;","block_context":{"text":"CINTILLO","link":"https:\/\/www.grieta.org.mx\/index.php\/category\/cintillo\/"},"img":{"alt_text":"","src":"https:\/\/i0.wp.com\/www.grieta.org.mx\/wp-content\/uploads\/2018\/04\/t2.jpg?resize=350%2C200&ssl=1","width":350,"height":200,"srcset":"https:\/\/i0.wp.com\/www.grieta.org.mx\/wp-content\/uploads\/2018\/04\/t2.jpg?resize=350%2C200&ssl=1 1x, https:\/\/i0.wp.com\/www.grieta.org.mx\/wp-content\/uploads\/2018\/04\/t2.jpg?resize=525%2C300&ssl=1 1.5x"},"classes":[]},{"id":23598,"url":"https:\/\/www.grieta.org.mx\/index.php\/2018\/06\/07\/protestan-periodistas-en-tamaulipas\/","url_meta":{"origin":23605,"position":1},"title":"Protestan periodistas en Tamaulipas","author":"grieta","date":"7 junio, 2018","format":false,"excerpt":"Agencia Reforma. TAMPICO, Tamaulipas.-En este D\u00eda de la Libertad de Expresi\u00f3n, unos 40 periodistas del sur de Tamaulipas exigieron un freno a la violencia contra los reporteros y el esclarecimiento del homicidio del corresponsal H\u00e9ctor Gonz\u00e1lez. Reporteros, camar\u00f3grafos, fotoperiodistas y columnistas se dieron cita en el kiosco de la Plaza\u2026","rel":"","context":"En &quot;CINTILLO&quot;","block_context":{"text":"CINTILLO","link":"https:\/\/www.grieta.org.mx\/index.php\/category\/cintillo\/"},"img":{"alt_text":"","src":"https:\/\/i0.wp.com\/www.grieta.org.mx\/wp-content\/uploads\/2018\/06\/whatsapp_image_2018-06-07_at_12_09_42_pm.jpeg_539665225.jpeg?resize=350%2C200&ssl=1","width":350,"height":200,"srcset":"https:\/\/i0.wp.com\/www.grieta.org.mx\/wp-content\/uploads\/2018\/06\/whatsapp_image_2018-06-07_at_12_09_42_pm.jpeg_539665225.jpeg?resize=350%2C200&ssl=1 1x, https:\/\/i0.wp.com\/www.grieta.org.mx\/wp-content\/uploads\/2018\/06\/whatsapp_image_2018-06-07_at_12_09_42_pm.jpeg_539665225.jpeg?resize=525%2C300&ssl=1 1.5x"},"classes":[]},{"id":14617,"url":"https:\/\/www.grieta.org.mx\/index.php\/2016\/06\/20\/reportera-de-tamaulipas-muere-a-manos-de-grupo-armado\/","url_meta":{"origin":23605,"position":2},"title":"Reportera de Tamaulipas muere a manos de grupo armado","author":"grieta","date":"20 junio, 2016","format":false,"excerpt":"Victor Cluna\/Somos el Medio Hombres armados que viajaban en otro autom\u00f3vil abrieron fuego en su contra. Lunes 20, junio 2016. Durante las primeras horas de este lunes en Ciudad Victoria, Tamaulipas, la reportera Zamira Esther Bautista fue asesinada a manos de un comando armado, mientras esta se encontraba dentro de\u2026","rel":"","context":"En &quot;CINTILLO&quot;","block_context":{"text":"CINTILLO","link":"https:\/\/www.grieta.org.mx\/index.php\/category\/cintillo\/"},"img":{"alt_text":"","src":"https:\/\/i0.wp.com\/www.grieta.org.mx\/wp-content\/uploads\/2016\/06\/Ataques-prensa.jpg?resize=350%2C200&ssl=1","width":350,"height":200,"srcset":"https:\/\/i0.wp.com\/www.grieta.org.mx\/wp-content\/uploads\/2016\/06\/Ataques-prensa.jpg?resize=350%2C200&ssl=1 1x, https:\/\/i0.wp.com\/www.grieta.org.mx\/wp-content\/uploads\/2016\/06\/Ataques-prensa.jpg?resize=525%2C300&ssl=1 1.5x, https:\/\/i0.wp.com\/www.grieta.org.mx\/wp-content\/uploads\/2016\/06\/Ataques-prensa.jpg?resize=700%2C400&ssl=1 2x"},"classes":[]},{"id":22444,"url":"https:\/\/www.grieta.org.mx\/index.php\/2017\/04\/29\/tamaulipas-un-estado-silenciado-por-los-crimenes-contra-periodistas-cidh\/","url_meta":{"origin":23605,"position":3},"title":"Tamaulipas, un estado silenciado por los cr\u00edmenes contra periodistas: CIDH","author":"grieta","date":"29 abril, 2017","format":false,"excerpt":"Redacci\u00f3n\/Animal Pol\u00edtico La violencia contra periodistas en M\u00e9xico ha llegado a niveles alarmantes e incluso se ha intensificado en los \u00faltimos a\u00f1os, tiempo en el que destaca el caso de Tamaulipas, entidad considerada como una zona silenciada por la Comisi\u00f3n Interamericana de Derechos Humanos (CIDH). \u201cTamaulipas fue una de las\u2026","rel":"","context":"En &quot;CINTILLO&quot;","block_context":{"text":"CINTILLO","link":"https:\/\/www.grieta.org.mx\/index.php\/category\/cintillo\/"},"img":{"alt_text":"","src":"https:\/\/i0.wp.com\/www.grieta.org.mx\/wp-content\/uploads\/2018\/04\/t1-1.jpg?resize=350%2C200&ssl=1","width":350,"height":200,"srcset":"https:\/\/i0.wp.com\/www.grieta.org.mx\/wp-content\/uploads\/2018\/04\/t1-1.jpg?resize=350%2C200&ssl=1 1x, https:\/\/i0.wp.com\/www.grieta.org.mx\/wp-content\/uploads\/2018\/04\/t1-1.jpg?resize=525%2C300&ssl=1 1.5x, https:\/\/i0.wp.com\/www.grieta.org.mx\/wp-content\/uploads\/2018\/04\/t1-1.jpg?resize=700%2C400&ssl=1 2x"},"classes":[]},{"id":14621,"url":"https:\/\/www.grieta.org.mx\/index.php\/2016\/01\/03\/tamaulipas-con-elevado-indice-de-homicidios-y-desapariciones-de-periodistas\/","url_meta":{"origin":23605,"position":4},"title":"Tamaulipas con elevado \u00edndice de homicidios y desapariciones de periodistas","author":"grieta","date":"3 enero, 2016","format":false,"excerpt":"Redacci\u00f3n\/Todo Noticias Desde el a\u00f1o 2000 a 2015 ocurrieron 20 homicidios y desapariciones de periodistas en Tamaulipas. Ciudad Victoria.- Tamaulipas, despu\u00e9s de Veracruz es la entidad con los m\u00e1s altos \u00edndices de homicidios contra periodistas en el pa\u00eds, seg\u00fan el informe de la Comisi\u00f3n Nacional de Derechos Humano dado a\u2026","rel":"","context":"En &quot;CINTILLO&quot;","block_context":{"text":"CINTILLO","link":"https:\/\/www.grieta.org.mx\/index.php\/category\/cintillo\/"},"img":{"alt_text":"","src":"https:\/\/i0.wp.com\/www.grieta.org.mx\/wp-content\/uploads\/2018\/03\/14524434_1106112876131411_958039263622046936_o.jpg?resize=350%2C200&ssl=1","width":350,"height":200,"srcset":"https:\/\/i0.wp.com\/www.grieta.org.mx\/wp-content\/uploads\/2018\/03\/14524434_1106112876131411_958039263622046936_o.jpg?resize=350%2C200&ssl=1 1x, https:\/\/i0.wp.com\/www.grieta.org.mx\/wp-content\/uploads\/2018\/03\/14524434_1106112876131411_958039263622046936_o.jpg?resize=525%2C300&ssl=1 1.5x, https:\/\/i0.wp.com\/www.grieta.org.mx\/wp-content\/uploads\/2018\/03\/14524434_1106112876131411_958039263622046936_o.jpg?resize=700%2C400&ssl=1 2x"},"classes":[]},{"id":38376,"url":"https:\/\/www.grieta.org.mx\/index.php\/2019\/08\/01\/alcalde-xicotencatl-senalado-por-redes-nacionales-e-internacionales-como-presunto-agresor-de-la-periodista-shalma-castillo-tamaulipas\/","url_meta":{"origin":23605,"position":5},"title":"Alcalde Xicotencatl se\u00f1alado por redes nacionales e internacionales como presunto agresor de la periodista Shalma Castillo (Tamaulipas)","author":"grieta","date":"1 agosto, 2019","format":false,"excerpt":"Benny Cruz Zapata \/ En l\u00ednea directa Cd.Victoria, Tamaulipas.-La Red Internacional de Periodistas con Visi\u00f3n de G\u00e9nero (RIPVG) conden\u00f3 el recrudecimiento de la violencia contra mujeres periodistas registrada en M\u00e9xico en lo que va del 2019, entre ellos la agresi\u00f3n de la periodista v\u00edctorense Shalma Castillo Castro, esto despu\u00e9s de\u2026","rel":"","context":"En &quot;CINTILLO&quot;","block_context":{"text":"CINTILLO","link":"https:\/\/www.grieta.org.mx\/index.php\/category\/cintillo\/"},"img":{"alt_text":"","src":"https:\/\/i0.wp.com\/www.grieta.org.mx\/wp-content\/uploads\/2019\/08\/Shalma_Castillo.jpg?resize=350%2C200&ssl=1","width":350,"height":200},"classes":[]}],"_links":{"self":[{"href":"https:\/\/www.grieta.org.mx\/index.php\/wp-json\/wp\/v2\/posts\/23605","targetHints":{"allow":["GET"]}}],"collection":[{"href":"https:\/\/www.grieta.org.mx\/index.php\/wp-json\/wp\/v2\/posts"}],"about":[{"href":"https:\/\/www.grieta.org.mx\/index.php\/wp-json\/wp\/v2\/types\/post"}],"author":[{"embeddable":true,"href":"https:\/\/www.grieta.org.mx\/index.php\/wp-json\/wp\/v2\/users\/2"}],"replies":[{"embeddable":true,"href":"https:\/\/www.grieta.org.mx\/index.php\/wp-json\/wp\/v2\/comments?post=23605"}],"version-history":[{"count":1,"href":"https:\/\/www.grieta.org.mx\/index.php\/wp-json\/wp\/v2\/posts\/23605\/revisions"}],"predecessor-version":[{"id":23607,"href":"https:\/\/www.grieta.org.mx\/index.php\/wp-json\/wp\/v2\/posts\/23605\/revisions\/23607"}],"wp:featuredmedia":[{"embeddable":true,"href":"https:\/\/www.grieta.org.mx\/index.php\/wp-json\/wp\/v2\/media\/23606"}],"wp:attachment":[{"href":"https:\/\/www.grieta.org.mx\/index.php\/wp-json\/wp\/v2\/media?parent=23605"}],"wp:term":[{"taxonomy":"category","embeddable":true,"href":"https:\/\/www.grieta.org.mx\/index.php\/wp-json\/wp\/v2\/categories?post=23605"},{"taxonomy":"post_tag","embeddable":true,"href":"https:\/\/www.grieta.org.mx\/index.php\/wp-json\/wp\/v2\/tags?post=23605"}],"curies":[{"name":"wp","href":"https:\/\/api.w.org\/{rel}","templated":true}]}}