{"id":23601,"date":"2018-06-03T13:41:52","date_gmt":"2018-06-03T18:41:52","guid":{"rendered":"http:\/\/www.grieta.org.mx\/?p=23601"},"modified":"2018-06-11T13:52:09","modified_gmt":"2018-06-11T18:52:09","slug":"amenazas-de-muerte-obligan-a-cierre-de-medio-digital-en-tamaulipas-arrecian-agresiones-y-coaccion-contra-periodistas","status":"publish","type":"post","link":"https:\/\/www.grieta.org.mx\/index.php\/2018\/06\/03\/amenazas-de-muerte-obligan-a-cierre-de-medio-digital-en-tamaulipas-arrecian-agresiones-y-coaccion-contra-periodistas\/","title":{"rendered":"Amenazas de muerte obligan a cierre de medio digital en Tamaulipas; arrecian agresiones y coacci\u00f3n contra periodistas"},"content":{"rendered":"<p><img decoding=\"async\" data-attachment-id=\"23603\" data-permalink=\"https:\/\/www.grieta.org.mx\/index.php\/2018\/06\/03\/amenazas-de-muerte-obligan-a-cierre-de-medio-digital-en-tamaulipas-arrecian-agresiones-y-coaccion-contra-periodistas\/optimus-1078x684\/\" data-orig-file=\"https:\/\/www.grieta.org.mx\/wp-content\/uploads\/2018\/06\/optimus-1078x684.png\" data-orig-size=\"1078,684\" data-comments-opened=\"0\" data-image-meta=\"{&quot;aperture&quot;:&quot;0&quot;,&quot;credit&quot;:&quot;&quot;,&quot;camera&quot;:&quot;&quot;,&quot;caption&quot;:&quot;&quot;,&quot;created_timestamp&quot;:&quot;0&quot;,&quot;copyright&quot;:&quot;&quot;,&quot;focal_length&quot;:&quot;0&quot;,&quot;iso&quot;:&quot;0&quot;,&quot;shutter_speed&quot;:&quot;0&quot;,&quot;title&quot;:&quot;&quot;,&quot;orientation&quot;:&quot;0&quot;}\" data-image-title=\"optimus-1078&amp;#215;684\" data-image-description=\"\" data-image-caption=\"\" data-medium-file=\"https:\/\/www.grieta.org.mx\/wp-content\/uploads\/2018\/06\/optimus-1078x684-300x190.png\" data-large-file=\"https:\/\/www.grieta.org.mx\/wp-content\/uploads\/2018\/06\/optimus-1078x684-1024x650.png\" src=\"http:\/\/www.grieta.org.mx\/wp-content\/uploads\/2018\/06\/optimus-1078x684-1024x650.png\" alt=\"\" width=\"100\" class=\"aligncenter size-large wp-image-23603\" srcset=\"https:\/\/www.grieta.org.mx\/wp-content\/uploads\/2018\/06\/optimus-1078x684-1024x650.png 1024w, https:\/\/www.grieta.org.mx\/wp-content\/uploads\/2018\/06\/optimus-1078x684-300x190.png 300w, https:\/\/www.grieta.org.mx\/wp-content\/uploads\/2018\/06\/optimus-1078x684-768x487.png 768w, https:\/\/www.grieta.org.mx\/wp-content\/uploads\/2018\/06\/optimus-1078x684-788x500.png 788w, https:\/\/www.grieta.org.mx\/wp-content\/uploads\/2018\/06\/optimus-1078x684.png 1078w\" sizes=\"(max-width: 1024px) 100vw, 1024px\" \/><\/p>\n<p>Juan Alberto Cedillo\/Proceso<\/p>\n<p>NUEVO LAREDO, Tamps. (proceso.com.mx).- Una nueva amenaza de muerte contra un periodista de Tamaulipas se suma a la cadena de agresiones y asesinatos contra los comunicadores del noreste de M\u00e9xico, una regi\u00f3n que ha sido \u201czona de silencio\u201d durante a\u00f1os debido a la complicidad de autoridades y crimen organizado.<\/p>\n<p>Jorge A. P\u00e9rez Gonz\u00e1lez,  director del portal Optimus Informativo, anunci\u00f3 el cierre de su espacio debido a intimidaciones y amenazas, \u201ctodo bajo el amparo del anonimato\u201d.<\/p>\n<p>\u201cHay quien me dice que debo presentar la denuncia respectiva, pero en un pa\u00eds donde la impunidad reina, creo que es m\u00e1s peligroso esto que darles el gusto de callarnos\u201d, se\u00f1al\u00f3 P\u00e9rez Gonz\u00e1lez en una columna de despedida.<\/p>\n<p>\u201cEstas l\u00edneas no persiguen ni la victimizaci\u00f3n ni la autoflagelaci\u00f3n, agradezco de antemano la solidaridad de los lectores\u2026 no tenemos otra alternativa m\u00e1s que alejarnos por precauci\u00f3n de EL ACOSO Y EL AHOGO\u201d, concluy\u00f3 el texto.<\/p>\n<p>P\u00e9rez Gonz\u00e1lez ha intercalado su oficio de periodista con diversos cargos p\u00fablicos: fue s\u00edndico primero en el ayuntamiento de Matamoros y tambi\u00e9n se desempe\u00f1\u00f3 como coordinador operativo de Comunicaci\u00f3n Social durante el gobierno de Tom\u00e1s Yarrington.<\/p>\n<p>No obstante que desde ese puesto acord\u00f3 convenios de publicidad con medios de Tamaulipas, los cuales fueron utilizados para imponer una censura a periodistas cr\u00edticos del exgobernador, ante la amenaza los comunicadores de Tamaulipas cerraron filas con P\u00e9rez Gonz\u00e1lez.<\/p>\n<p>La denuncia del director de Optimus Informativo ya est\u00e1 siendo atendida por el Mecanismo de Protecci\u00f3n a Periodistas y por diversas organizaciones como Art\u00edculo 19.<\/p>\n<p>Esa nueva amenaza se suma a la cadena de ataques y asesinatos que se han registrado en la regi\u00f3n, sin embargo las agresiones ahora vienen por parte de funcionarios y miembros de partidos pol\u00edticos y no por el crimen organizado como anteriormente suced\u00eda.<\/p>\n<p>En los \u00faltimos meses tres periodistas fueron asesinados en la regi\u00f3n, se registr\u00f3 el intento de secuestro contra un comunicador y al menos dos reporteros fueron despedidos por presiones de funcionarios que utilizan los convenios de publicidad como arma de chantaje.<\/p>\n<p>En Monterrey se registr\u00f3 en d\u00edas pasados el asesinato de Alicia D\u00edaz Gonz\u00e1lez, corresponsal de El Financiero; le sigui\u00f3 el crimen en Ciudad Victoria contra H\u00e9ctor Gonz\u00e1lez Antonio, corresponsal de Exc\u00e9lsior; anteriormente mataron en Nuevo Laredo a Carlos Dom\u00ednguez Rodr\u00edguez.<\/p>\n<p>Las investigaciones realizadas por las autoridades registran que los asesinatos de Carlos Dom\u00ednguez y H\u00e9ctor Gonz\u00e1lez tienen tintes pol\u00edticos.<\/p>\n<p>Mientras que en Nuevo Le\u00f3n, exjefes policiacos y exfuncionarios planeaban el secuestro del periodista V\u00edctor Badillo, molestos por su trabajo que ha documentado las ilegalidades y corrupci\u00f3n que priva en el municipio de Escobedo.<\/p>\n<p>Despidos por \u201cafectar a clientes\u201d<\/p>\n<p>A las agresiones y amenazas ahora se suman los despidos de periodistas por publicar en sus redes sociales comentarios que molestaron a los funcionarios que mantienen convenios de publicidad con sus medios.<\/p>\n<p>El Heraldo de Saltillo anunci\u00f3 el pasado 31 de mayo que su reportero Daniel Revilla \u201cdej\u00f3 de prestar sus servicios en El Heraldo al haber cometido faltas graves a las pol\u00edticas internas de esta empresa, deshonestidad y agresiones en contra de nuestros clientes\u201d, inform\u00f3 una editorial que se public\u00f3 en su p\u00e1gina de la red social Facebook.<\/p>\n<p>La \u201cdeshonestidad\u201d que cometi\u00f3 Daniel Revilla fue denunciar en sus redes sociales agresiones de la Polic\u00eda Municipal de Ramos Arizpe en su contra cuando realizaba una cobertura period\u00edstica encargada por su medio.<\/p>\n<p>En respuesta a esa denuncia, sus jefes le advirtieron: \u201cOjo con eso Daniel; aunque tu comentario es a t\u00edtulo personal, t\u00fa trabajas para El Heraldo y en El Heraldo tenemos acuerdos comerciales importantes con Tita (la alcaldesa de Ramos) que t\u00fa est\u00e1s poniendo en riesgo\u201d.<\/p>\n<p>Tras despedirlo, sus jefes publicaron: \u201cAsimismo, nos reservamos emprender las acciones legales tanto por la v\u00eda penal como por la v\u00eda civil que correspondan\u201d.<\/p>\n<p>El mismo caso se registr\u00f3 en la regi\u00f3n de la Laguna de Durango, con una periodista que public\u00f3 denuncias en su red social y a t\u00edtulo personal pero por ello fue despedida por el diario donde trabajaba: Milenio Laguna.<\/p>\n<p>Cecilia Rojas Orozco denunci\u00f3 en sus redes sociales que el Festival Lerdantino de 2010 dej\u00f3 una deuda que afect\u00f3 a m\u00e1s de 100 personas involucradas, desde artistas hasta organizadores y proveedores. La deuda no pagada se le atribuye a Oth\u00f3n Reuter Ram\u00edrez, quien entonces presid\u00eda el comit\u00e9 del festival y hoy es director de Arte y Cultura en Lerdo.<\/p>\n<p>Para abril de este a\u00f1o, Cecilia Rojas fue despedida de Milenio Laguna como represalia por su denuncia a t\u00edtulo personal. La orden para despedirla vino de la alcald\u00eda de Lerdo.<\/p>\n<p><a href=\"https:\/\/www.proceso.com.mx\/536982\/amenazas-de-muerte-obligan-a-cierre-de-medio-digital-en-tamaulipas-arrecian-agresiones-y-coaccion-contra-periodistas\" rel=\"noopener\" target=\"_blank\">https:\/\/www.proceso.com.mx\/536982\/amenazas-de-muerte-obligan-a-cierre-de-medio-digital-en-tamaulipas-arrecian-agresiones-y-coaccion-contra-periodistas<\/a><\/p>\n","protected":false},"excerpt":{"rendered":"<p>Juan Alberto Cedillo\/Proceso NUEVO LAREDO, Tamps. (proceso.com.mx).- Una nueva amenaza de muerte contra un periodista de Tamaulipas se suma a la cadena de agresiones y asesinatos contra los comunicadores del &hellip; <a href=\"https:\/\/www.grieta.org.mx\/index.php\/2018\/06\/03\/amenazas-de-muerte-obligan-a-cierre-de-medio-digital-en-tamaulipas-arrecian-agresiones-y-coaccion-contra-periodistas\/\" class=\"more-link\">Leer m\u00e1s<\/a><\/p>\n","protected":false},"author":2,"featured_media":23603,"comment_status":"closed","ping_status":"closed","sticky":false,"template":"","format":"standard","meta":{"ngg_post_thumbnail":0,"_jetpack_newsletter_access":"","_jetpack_dont_email_post_to_subs":false,"_jetpack_newsletter_tier_id":0,"_jetpack_memberships_contains_paywalled_content":false,"_jetpack_memberships_contains_paid_content":false,"footnotes":""},"categories":[80,2,33,88,1136],"tags":[120],"class_list":["post-23601","post","type-post","status-publish","format-standard","has-post-thumbnail","hentry","category-cintillo","category-noticias-nacionales","category-tamaulipas","category-violencia-contra-periodistas","category-violencia-contra-periodistas-en-tamaulipas","tag-violencia-contra-periodistas","entry"],"jetpack_featured_media_url":"https:\/\/www.grieta.org.mx\/wp-content\/uploads\/2018\/06\/optimus-1078x684.png","jetpack_sharing_enabled":true,"jetpack_shortlink":"https:\/\/wp.me\/p7ZJR4-68F","jetpack_likes_enabled":false,"jetpack-related-posts":[{"id":22444,"url":"https:\/\/www.grieta.org.mx\/index.php\/2017\/04\/29\/tamaulipas-un-estado-silenciado-por-los-crimenes-contra-periodistas-cidh\/","url_meta":{"origin":23601,"position":0},"title":"Tamaulipas, un estado silenciado por los cr\u00edmenes contra periodistas: CIDH","author":"grieta","date":"29 abril, 2017","format":false,"excerpt":"Redacci\u00f3n\/Animal Pol\u00edtico La violencia contra periodistas en M\u00e9xico ha llegado a niveles alarmantes e incluso se ha intensificado en los \u00faltimos a\u00f1os, tiempo en el que destaca el caso de Tamaulipas, entidad considerada como una zona silenciada por la Comisi\u00f3n Interamericana de Derechos Humanos (CIDH). \u201cTamaulipas fue una de las\u2026","rel":"","context":"En &quot;CINTILLO&quot;","block_context":{"text":"CINTILLO","link":"https:\/\/www.grieta.org.mx\/index.php\/category\/cintillo\/"},"img":{"alt_text":"","src":"https:\/\/i0.wp.com\/www.grieta.org.mx\/wp-content\/uploads\/2018\/04\/t1-1.jpg?resize=350%2C200&ssl=1","width":350,"height":200,"srcset":"https:\/\/i0.wp.com\/www.grieta.org.mx\/wp-content\/uploads\/2018\/04\/t1-1.jpg?resize=350%2C200&ssl=1 1x, https:\/\/i0.wp.com\/www.grieta.org.mx\/wp-content\/uploads\/2018\/04\/t1-1.jpg?resize=525%2C300&ssl=1 1.5x, https:\/\/i0.wp.com\/www.grieta.org.mx\/wp-content\/uploads\/2018\/04\/t1-1.jpg?resize=700%2C400&ssl=1 2x"},"classes":[]},{"id":14621,"url":"https:\/\/www.grieta.org.mx\/index.php\/2016\/01\/03\/tamaulipas-con-elevado-indice-de-homicidios-y-desapariciones-de-periodistas\/","url_meta":{"origin":23601,"position":1},"title":"Tamaulipas con elevado \u00edndice de homicidios y desapariciones de periodistas","author":"grieta","date":"3 enero, 2016","format":false,"excerpt":"Redacci\u00f3n\/Todo Noticias Desde el a\u00f1o 2000 a 2015 ocurrieron 20 homicidios y desapariciones de periodistas en Tamaulipas. Ciudad Victoria.- Tamaulipas, despu\u00e9s de Veracruz es la entidad con los m\u00e1s altos \u00edndices de homicidios contra periodistas en el pa\u00eds, seg\u00fan el informe de la Comisi\u00f3n Nacional de Derechos Humano dado a\u2026","rel":"","context":"En &quot;CINTILLO&quot;","block_context":{"text":"CINTILLO","link":"https:\/\/www.grieta.org.mx\/index.php\/category\/cintillo\/"},"img":{"alt_text":"","src":"https:\/\/i0.wp.com\/www.grieta.org.mx\/wp-content\/uploads\/2018\/03\/14524434_1106112876131411_958039263622046936_o.jpg?resize=350%2C200&ssl=1","width":350,"height":200,"srcset":"https:\/\/i0.wp.com\/www.grieta.org.mx\/wp-content\/uploads\/2018\/03\/14524434_1106112876131411_958039263622046936_o.jpg?resize=350%2C200&ssl=1 1x, https:\/\/i0.wp.com\/www.grieta.org.mx\/wp-content\/uploads\/2018\/03\/14524434_1106112876131411_958039263622046936_o.jpg?resize=525%2C300&ssl=1 1.5x, https:\/\/i0.wp.com\/www.grieta.org.mx\/wp-content\/uploads\/2018\/03\/14524434_1106112876131411_958039263622046936_o.jpg?resize=700%2C400&ssl=1 2x"},"classes":[]},{"id":22447,"url":"https:\/\/www.grieta.org.mx\/index.php\/2017\/04\/30\/el-estado-mexicano-de-tamaulipas-declarado-zona-silenciada-por-la-violencia-contra-periodistas\/","url_meta":{"origin":23601,"position":2},"title":"El estado mexicano de Tamaulipas, declarado zona silenciada por la violencia contra periodistas","author":"grieta","date":"30 abril, 2017","format":false,"excerpt":"Redacci\u00f3n\/Notim\u00e9rica CIUDAD DE M\u00c9XICO, 30 Abr. (Notim\u00e9rica) - La Comisi\u00f3n Internacional de Derechos Humanos (CIDH) ha reiterado la mala situaci\u00f3n en la que se encuentran los periodistas en M\u00e9xico, silenciados de forma violenta. Aunque la situaci\u00f3n es alarmante a nivel nacional, la CIDH ha puesto el foco en el estado\u2026","rel":"","context":"En &quot;CINTILLO&quot;","block_context":{"text":"CINTILLO","link":"https:\/\/www.grieta.org.mx\/index.php\/category\/cintillo\/"},"img":{"alt_text":"","src":"https:\/\/i0.wp.com\/www.grieta.org.mx\/wp-content\/uploads\/2018\/04\/t2.jpg?resize=350%2C200&ssl=1","width":350,"height":200,"srcset":"https:\/\/i0.wp.com\/www.grieta.org.mx\/wp-content\/uploads\/2018\/04\/t2.jpg?resize=350%2C200&ssl=1 1x, https:\/\/i0.wp.com\/www.grieta.org.mx\/wp-content\/uploads\/2018\/04\/t2.jpg?resize=525%2C300&ssl=1 1.5x"},"classes":[]},{"id":23598,"url":"https:\/\/www.grieta.org.mx\/index.php\/2018\/06\/07\/protestan-periodistas-en-tamaulipas\/","url_meta":{"origin":23601,"position":3},"title":"Protestan periodistas en Tamaulipas","author":"grieta","date":"7 junio, 2018","format":false,"excerpt":"Agencia Reforma. TAMPICO, Tamaulipas.-En este D\u00eda de la Libertad de Expresi\u00f3n, unos 40 periodistas del sur de Tamaulipas exigieron un freno a la violencia contra los reporteros y el esclarecimiento del homicidio del corresponsal H\u00e9ctor Gonz\u00e1lez. Reporteros, camar\u00f3grafos, fotoperiodistas y columnistas se dieron cita en el kiosco de la Plaza\u2026","rel":"","context":"En &quot;CINTILLO&quot;","block_context":{"text":"CINTILLO","link":"https:\/\/www.grieta.org.mx\/index.php\/category\/cintillo\/"},"img":{"alt_text":"","src":"https:\/\/i0.wp.com\/www.grieta.org.mx\/wp-content\/uploads\/2018\/06\/whatsapp_image_2018-06-07_at_12_09_42_pm.jpeg_539665225.jpeg?resize=350%2C200&ssl=1","width":350,"height":200,"srcset":"https:\/\/i0.wp.com\/www.grieta.org.mx\/wp-content\/uploads\/2018\/06\/whatsapp_image_2018-06-07_at_12_09_42_pm.jpeg_539665225.jpeg?resize=350%2C200&ssl=1 1x, https:\/\/i0.wp.com\/www.grieta.org.mx\/wp-content\/uploads\/2018\/06\/whatsapp_image_2018-06-07_at_12_09_42_pm.jpeg_539665225.jpeg?resize=525%2C300&ssl=1 1.5x"},"classes":[]},{"id":33475,"url":"https:\/\/www.grieta.org.mx\/index.php\/2019\/05\/14\/representante-de-morena-en-tampico-agrede-a-reportera-tamaulipas\/","url_meta":{"origin":23601,"position":4},"title":"Representante de Morena en Tampico agrede a reportera (Tamaulipas)","author":"grieta","date":"14 mayo, 2019","format":false,"excerpt":"El Bravo La representante de Morena en el Consejo Municipal Distrital en Tampico, Nelly Torres Ben\u00edtez, agredi\u00f3 a una reportera mientras hacia la cobertura de sellado de las boletas. La morenista se interpuso en el camino de los medios de comunicaci\u00f3n para impedir que registraran el proceso de conteo de\u2026","rel":"","context":"En &quot;CINTILLO&quot;","block_context":{"text":"CINTILLO","link":"https:\/\/www.grieta.org.mx\/index.php\/category\/cintillo\/"},"img":{"alt_text":"","src":"https:\/\/i0.wp.com\/www.grieta.org.mx\/wp-content\/uploads\/2019\/05\/Representante-de-Morena-en-Tampico-agrede-a-reportera-tama-may.jpg?resize=350%2C200&ssl=1","width":350,"height":200,"srcset":"https:\/\/i0.wp.com\/www.grieta.org.mx\/wp-content\/uploads\/2019\/05\/Representante-de-Morena-en-Tampico-agrede-a-reportera-tama-may.jpg?resize=350%2C200&ssl=1 1x, https:\/\/i0.wp.com\/www.grieta.org.mx\/wp-content\/uploads\/2019\/05\/Representante-de-Morena-en-Tampico-agrede-a-reportera-tama-may.jpg?resize=525%2C300&ssl=1 1.5x"},"classes":[]},{"id":14617,"url":"https:\/\/www.grieta.org.mx\/index.php\/2016\/06\/20\/reportera-de-tamaulipas-muere-a-manos-de-grupo-armado\/","url_meta":{"origin":23601,"position":5},"title":"Reportera de Tamaulipas muere a manos de grupo armado","author":"grieta","date":"20 junio, 2016","format":false,"excerpt":"Victor Cluna\/Somos el Medio Hombres armados que viajaban en otro autom\u00f3vil abrieron fuego en su contra. Lunes 20, junio 2016. Durante las primeras horas de este lunes en Ciudad Victoria, Tamaulipas, la reportera Zamira Esther Bautista fue asesinada a manos de un comando armado, mientras esta se encontraba dentro de\u2026","rel":"","context":"En &quot;CINTILLO&quot;","block_context":{"text":"CINTILLO","link":"https:\/\/www.grieta.org.mx\/index.php\/category\/cintillo\/"},"img":{"alt_text":"","src":"https:\/\/i0.wp.com\/www.grieta.org.mx\/wp-content\/uploads\/2016\/06\/Ataques-prensa.jpg?resize=350%2C200&ssl=1","width":350,"height":200,"srcset":"https:\/\/i0.wp.com\/www.grieta.org.mx\/wp-content\/uploads\/2016\/06\/Ataques-prensa.jpg?resize=350%2C200&ssl=1 1x, https:\/\/i0.wp.com\/www.grieta.org.mx\/wp-content\/uploads\/2016\/06\/Ataques-prensa.jpg?resize=525%2C300&ssl=1 1.5x, https:\/\/i0.wp.com\/www.grieta.org.mx\/wp-content\/uploads\/2016\/06\/Ataques-prensa.jpg?resize=700%2C400&ssl=1 2x"},"classes":[]}],"_links":{"self":[{"href":"https:\/\/www.grieta.org.mx\/index.php\/wp-json\/wp\/v2\/posts\/23601","targetHints":{"allow":["GET"]}}],"collection":[{"href":"https:\/\/www.grieta.org.mx\/index.php\/wp-json\/wp\/v2\/posts"}],"about":[{"href":"https:\/\/www.grieta.org.mx\/index.php\/wp-json\/wp\/v2\/types\/post"}],"author":[{"embeddable":true,"href":"https:\/\/www.grieta.org.mx\/index.php\/wp-json\/wp\/v2\/users\/2"}],"replies":[{"embeddable":true,"href":"https:\/\/www.grieta.org.mx\/index.php\/wp-json\/wp\/v2\/comments?post=23601"}],"version-history":[{"count":1,"href":"https:\/\/www.grieta.org.mx\/index.php\/wp-json\/wp\/v2\/posts\/23601\/revisions"}],"predecessor-version":[{"id":23604,"href":"https:\/\/www.grieta.org.mx\/index.php\/wp-json\/wp\/v2\/posts\/23601\/revisions\/23604"}],"wp:featuredmedia":[{"embeddable":true,"href":"https:\/\/www.grieta.org.mx\/index.php\/wp-json\/wp\/v2\/media\/23603"}],"wp:attachment":[{"href":"https:\/\/www.grieta.org.mx\/index.php\/wp-json\/wp\/v2\/media?parent=23601"}],"wp:term":[{"taxonomy":"category","embeddable":true,"href":"https:\/\/www.grieta.org.mx\/index.php\/wp-json\/wp\/v2\/categories?post=23601"},{"taxonomy":"post_tag","embeddable":true,"href":"https:\/\/www.grieta.org.mx\/index.php\/wp-json\/wp\/v2\/tags?post=23601"}],"curies":[{"name":"wp","href":"https:\/\/api.w.org\/{rel}","templated":true}]}}