{"id":23598,"date":"2018-06-07T13:37:19","date_gmt":"2018-06-07T18:37:19","guid":{"rendered":"http:\/\/www.grieta.org.mx\/?p=23598"},"modified":"2018-06-11T13:41:39","modified_gmt":"2018-06-11T18:41:39","slug":"protestan-periodistas-en-tamaulipas","status":"publish","type":"post","link":"https:\/\/www.grieta.org.mx\/index.php\/2018\/06\/07\/protestan-periodistas-en-tamaulipas\/","title":{"rendered":"Protestan periodistas en Tamaulipas"},"content":{"rendered":"<p><img decoding=\"async\" data-attachment-id=\"23599\" data-permalink=\"https:\/\/www.grieta.org.mx\/index.php\/2018\/06\/07\/protestan-periodistas-en-tamaulipas\/whatsapp_image_2018-06-07_at_12_09_42_pm-jpeg_539665225\/\" data-orig-file=\"https:\/\/www.grieta.org.mx\/wp-content\/uploads\/2018\/06\/whatsapp_image_2018-06-07_at_12_09_42_pm.jpeg_539665225.jpeg\" data-orig-size=\"695,521\" data-comments-opened=\"0\" data-image-meta=\"{&quot;aperture&quot;:&quot;0&quot;,&quot;credit&quot;:&quot;&quot;,&quot;camera&quot;:&quot;&quot;,&quot;caption&quot;:&quot;&quot;,&quot;created_timestamp&quot;:&quot;0&quot;,&quot;copyright&quot;:&quot;&quot;,&quot;focal_length&quot;:&quot;0&quot;,&quot;iso&quot;:&quot;0&quot;,&quot;shutter_speed&quot;:&quot;0&quot;,&quot;title&quot;:&quot;&quot;,&quot;orientation&quot;:&quot;0&quot;}\" data-image-title=\"whatsapp_image_2018-06-07_at_12_09_42_pm.jpeg_539665225\" data-image-description=\"\" data-image-caption=\"\" data-medium-file=\"https:\/\/www.grieta.org.mx\/wp-content\/uploads\/2018\/06\/whatsapp_image_2018-06-07_at_12_09_42_pm.jpeg_539665225-300x225.jpeg\" data-large-file=\"https:\/\/www.grieta.org.mx\/wp-content\/uploads\/2018\/06\/whatsapp_image_2018-06-07_at_12_09_42_pm.jpeg_539665225.jpeg\" src=\"http:\/\/www.grieta.org.mx\/wp-content\/uploads\/2018\/06\/whatsapp_image_2018-06-07_at_12_09_42_pm.jpeg_539665225.jpeg\" alt=\"\" width=\"100\" class=\"aligncenter size-full wp-image-23599\" srcset=\"https:\/\/www.grieta.org.mx\/wp-content\/uploads\/2018\/06\/whatsapp_image_2018-06-07_at_12_09_42_pm.jpeg_539665225.jpeg 695w, https:\/\/www.grieta.org.mx\/wp-content\/uploads\/2018\/06\/whatsapp_image_2018-06-07_at_12_09_42_pm.jpeg_539665225-300x225.jpeg 300w, https:\/\/www.grieta.org.mx\/wp-content\/uploads\/2018\/06\/whatsapp_image_2018-06-07_at_12_09_42_pm.jpeg_539665225-667x500.jpeg 667w\" sizes=\"(max-width: 695px) 100vw, 695px\" \/><\/p>\n<p>Agencia Reforma. TAMPICO, Tamaulipas.-En este D\u00eda de la Libertad de Expresi\u00f3n, unos 40 periodistas del sur de Tamaulipas exigieron un freno a la violencia contra los reporteros y el esclarecimiento del homicidio del corresponsal H\u00e9ctor Gonz\u00e1lez. Reporteros, camar\u00f3grafos, fotoperiodistas y columnistas se dieron cita en el kiosco de la Plaza de la Libertad, ubicado en el centro hist\u00f3rico de la ciudad, para realizar una manifestaci\u00f3n pac\u00edfica. &#8220;Pedimos al Gobernador del Estado, Francisco Garc\u00eda Cabeza de Vaca, y a nuestras autoridades competentes se apliquen los protocolos y mecanismos de protecci\u00f3n a Tamaulipas para evitar este tipo de casos aberrantes&#8221;, dijo Luis Garc\u00eda, Director del portal Reporte Noreste. Los periodistas, en su mayor\u00eda vestidos con ropa blanca, acordaron firmar un documento en el que solicitar\u00e1n a la Secretar\u00eda de Gobernaci\u00f3n condiciones de seguridad. &#8220;Exigimos justicia y el esclarecimiento del asesinato de nuestro compa\u00f1ero corresponsal de Imagen y Exc\u00e9lsior en la capital del estado, H\u00e9ctor Gonz\u00e1lez, as\u00ed como en todos los casos documentados de violencia contra periodistas&#8221;, apunt\u00f3 Pablo Reyes, reportero de un medio impreso.<\/p>\n<blockquote><p>No se trata de violencia f\u00edsica, sino de aquella que tambi\u00e9n ejercen los servidores p\u00fablicos cuando creen ser afectados en sus intereses personales  <\/p><\/blockquote>\n<p>Aunque algunos colectivos quisieron sumarse a la protesta, los reporteros les informaron que s\u00f3lo participar\u00edan personas relacionadas con el ejercicio period\u00edstico.<\/p>\n<p><a href=\"https:\/\/www.debate.com.mx\/mexico\/periodistas-se-protestan-en-tampico-tamaulipas-dia-de-la-libertad-y-expresion--20180607-0127.html\" rel=\"noopener\" target=\"_blank\">https:\/\/www.debate.com.mx\/mexico\/periodistas-se-protestan-en-tampico-tamaulipas-dia-de-la-libertad-y-expresion&#8211;20180607-0127.html<\/a><\/p>\n","protected":false},"excerpt":{"rendered":"<p>Agencia Reforma. TAMPICO, Tamaulipas.-En este D\u00eda de la Libertad de Expresi\u00f3n, unos 40 periodistas del sur de Tamaulipas exigieron un freno a la violencia contra los reporteros y el esclarecimiento &hellip; <a href=\"https:\/\/www.grieta.org.mx\/index.php\/2018\/06\/07\/protestan-periodistas-en-tamaulipas\/\" class=\"more-link\">Leer m\u00e1s<\/a><\/p>\n","protected":false},"author":2,"featured_media":23599,"comment_status":"closed","ping_status":"closed","sticky":false,"template":"","format":"standard","meta":{"ngg_post_thumbnail":0,"_jetpack_newsletter_access":"","_jetpack_dont_email_post_to_subs":false,"_jetpack_newsletter_tier_id":0,"_jetpack_memberships_contains_paywalled_content":false,"_jetpack_memberships_contains_paid_content":false,"footnotes":""},"categories":[80,2,33,88,1136],"tags":[1310,120],"class_list":["post-23598","post","type-post","status-publish","format-standard","has-post-thumbnail","hentry","category-cintillo","category-noticias-nacionales","category-tamaulipas","category-violencia-contra-periodistas","category-violencia-contra-periodistas-en-tamaulipas","tag-protestas-contra-el-asesinato-de-periodistas","tag-violencia-contra-periodistas","entry"],"jetpack_featured_media_url":"https:\/\/www.grieta.org.mx\/wp-content\/uploads\/2018\/06\/whatsapp_image_2018-06-07_at_12_09_42_pm.jpeg_539665225.jpeg","jetpack_sharing_enabled":true,"jetpack_shortlink":"https:\/\/wp.me\/p7ZJR4-68C","jetpack_likes_enabled":false,"jetpack-related-posts":[{"id":14621,"url":"https:\/\/www.grieta.org.mx\/index.php\/2016\/01\/03\/tamaulipas-con-elevado-indice-de-homicidios-y-desapariciones-de-periodistas\/","url_meta":{"origin":23598,"position":0},"title":"Tamaulipas con elevado \u00edndice de homicidios y desapariciones de periodistas","author":"grieta","date":"3 enero, 2016","format":false,"excerpt":"Redacci\u00f3n\/Todo Noticias Desde el a\u00f1o 2000 a 2015 ocurrieron 20 homicidios y desapariciones de periodistas en Tamaulipas. Ciudad Victoria.- Tamaulipas, despu\u00e9s de Veracruz es la entidad con los m\u00e1s altos \u00edndices de homicidios contra periodistas en el pa\u00eds, seg\u00fan el informe de la Comisi\u00f3n Nacional de Derechos Humano dado a\u2026","rel":"","context":"En &quot;CINTILLO&quot;","block_context":{"text":"CINTILLO","link":"https:\/\/www.grieta.org.mx\/index.php\/category\/cintillo\/"},"img":{"alt_text":"","src":"https:\/\/i0.wp.com\/www.grieta.org.mx\/wp-content\/uploads\/2018\/03\/14524434_1106112876131411_958039263622046936_o.jpg?resize=350%2C200&ssl=1","width":350,"height":200,"srcset":"https:\/\/i0.wp.com\/www.grieta.org.mx\/wp-content\/uploads\/2018\/03\/14524434_1106112876131411_958039263622046936_o.jpg?resize=350%2C200&ssl=1 1x, https:\/\/i0.wp.com\/www.grieta.org.mx\/wp-content\/uploads\/2018\/03\/14524434_1106112876131411_958039263622046936_o.jpg?resize=525%2C300&ssl=1 1.5x, https:\/\/i0.wp.com\/www.grieta.org.mx\/wp-content\/uploads\/2018\/03\/14524434_1106112876131411_958039263622046936_o.jpg?resize=700%2C400&ssl=1 2x"},"classes":[]},{"id":22447,"url":"https:\/\/www.grieta.org.mx\/index.php\/2017\/04\/30\/el-estado-mexicano-de-tamaulipas-declarado-zona-silenciada-por-la-violencia-contra-periodistas\/","url_meta":{"origin":23598,"position":1},"title":"El estado mexicano de Tamaulipas, declarado zona silenciada por la violencia contra periodistas","author":"grieta","date":"30 abril, 2017","format":false,"excerpt":"Redacci\u00f3n\/Notim\u00e9rica CIUDAD DE M\u00c9XICO, 30 Abr. (Notim\u00e9rica) - La Comisi\u00f3n Internacional de Derechos Humanos (CIDH) ha reiterado la mala situaci\u00f3n en la que se encuentran los periodistas en M\u00e9xico, silenciados de forma violenta. Aunque la situaci\u00f3n es alarmante a nivel nacional, la CIDH ha puesto el foco en el estado\u2026","rel":"","context":"En &quot;CINTILLO&quot;","block_context":{"text":"CINTILLO","link":"https:\/\/www.grieta.org.mx\/index.php\/category\/cintillo\/"},"img":{"alt_text":"","src":"https:\/\/i0.wp.com\/www.grieta.org.mx\/wp-content\/uploads\/2018\/04\/t2.jpg?resize=350%2C200&ssl=1","width":350,"height":200,"srcset":"https:\/\/i0.wp.com\/www.grieta.org.mx\/wp-content\/uploads\/2018\/04\/t2.jpg?resize=350%2C200&ssl=1 1x, https:\/\/i0.wp.com\/www.grieta.org.mx\/wp-content\/uploads\/2018\/04\/t2.jpg?resize=525%2C300&ssl=1 1.5x"},"classes":[]},{"id":14617,"url":"https:\/\/www.grieta.org.mx\/index.php\/2016\/06\/20\/reportera-de-tamaulipas-muere-a-manos-de-grupo-armado\/","url_meta":{"origin":23598,"position":2},"title":"Reportera de Tamaulipas muere a manos de grupo armado","author":"grieta","date":"20 junio, 2016","format":false,"excerpt":"Victor Cluna\/Somos el Medio Hombres armados que viajaban en otro autom\u00f3vil abrieron fuego en su contra. Lunes 20, junio 2016. Durante las primeras horas de este lunes en Ciudad Victoria, Tamaulipas, la reportera Zamira Esther Bautista fue asesinada a manos de un comando armado, mientras esta se encontraba dentro de\u2026","rel":"","context":"En &quot;CINTILLO&quot;","block_context":{"text":"CINTILLO","link":"https:\/\/www.grieta.org.mx\/index.php\/category\/cintillo\/"},"img":{"alt_text":"","src":"https:\/\/i0.wp.com\/www.grieta.org.mx\/wp-content\/uploads\/2016\/06\/Ataques-prensa.jpg?resize=350%2C200&ssl=1","width":350,"height":200,"srcset":"https:\/\/i0.wp.com\/www.grieta.org.mx\/wp-content\/uploads\/2016\/06\/Ataques-prensa.jpg?resize=350%2C200&ssl=1 1x, https:\/\/i0.wp.com\/www.grieta.org.mx\/wp-content\/uploads\/2016\/06\/Ataques-prensa.jpg?resize=525%2C300&ssl=1 1.5x, https:\/\/i0.wp.com\/www.grieta.org.mx\/wp-content\/uploads\/2016\/06\/Ataques-prensa.jpg?resize=700%2C400&ssl=1 2x"},"classes":[]},{"id":22444,"url":"https:\/\/www.grieta.org.mx\/index.php\/2017\/04\/29\/tamaulipas-un-estado-silenciado-por-los-crimenes-contra-periodistas-cidh\/","url_meta":{"origin":23598,"position":3},"title":"Tamaulipas, un estado silenciado por los cr\u00edmenes contra periodistas: CIDH","author":"grieta","date":"29 abril, 2017","format":false,"excerpt":"Redacci\u00f3n\/Animal Pol\u00edtico La violencia contra periodistas en M\u00e9xico ha llegado a niveles alarmantes e incluso se ha intensificado en los \u00faltimos a\u00f1os, tiempo en el que destaca el caso de Tamaulipas, entidad considerada como una zona silenciada por la Comisi\u00f3n Interamericana de Derechos Humanos (CIDH). \u201cTamaulipas fue una de las\u2026","rel":"","context":"En &quot;CINTILLO&quot;","block_context":{"text":"CINTILLO","link":"https:\/\/www.grieta.org.mx\/index.php\/category\/cintillo\/"},"img":{"alt_text":"","src":"https:\/\/i0.wp.com\/www.grieta.org.mx\/wp-content\/uploads\/2018\/04\/t1-1.jpg?resize=350%2C200&ssl=1","width":350,"height":200,"srcset":"https:\/\/i0.wp.com\/www.grieta.org.mx\/wp-content\/uploads\/2018\/04\/t1-1.jpg?resize=350%2C200&ssl=1 1x, https:\/\/i0.wp.com\/www.grieta.org.mx\/wp-content\/uploads\/2018\/04\/t1-1.jpg?resize=525%2C300&ssl=1 1.5x, https:\/\/i0.wp.com\/www.grieta.org.mx\/wp-content\/uploads\/2018\/04\/t1-1.jpg?resize=700%2C400&ssl=1 2x"},"classes":[]},{"id":38376,"url":"https:\/\/www.grieta.org.mx\/index.php\/2019\/08\/01\/alcalde-xicotencatl-senalado-por-redes-nacionales-e-internacionales-como-presunto-agresor-de-la-periodista-shalma-castillo-tamaulipas\/","url_meta":{"origin":23598,"position":4},"title":"Alcalde Xicotencatl se\u00f1alado por redes nacionales e internacionales como presunto agresor de la periodista Shalma Castillo (Tamaulipas)","author":"grieta","date":"1 agosto, 2019","format":false,"excerpt":"Benny Cruz Zapata \/ En l\u00ednea directa Cd.Victoria, Tamaulipas.-La Red Internacional de Periodistas con Visi\u00f3n de G\u00e9nero (RIPVG) conden\u00f3 el recrudecimiento de la violencia contra mujeres periodistas registrada en M\u00e9xico en lo que va del 2019, entre ellos la agresi\u00f3n de la periodista v\u00edctorense Shalma Castillo Castro, esto despu\u00e9s de\u2026","rel":"","context":"En &quot;CINTILLO&quot;","block_context":{"text":"CINTILLO","link":"https:\/\/www.grieta.org.mx\/index.php\/category\/cintillo\/"},"img":{"alt_text":"","src":"https:\/\/i0.wp.com\/www.grieta.org.mx\/wp-content\/uploads\/2019\/08\/Shalma_Castillo.jpg?resize=350%2C200&ssl=1","width":350,"height":200},"classes":[]},{"id":32475,"url":"https:\/\/www.grieta.org.mx\/index.php\/2019\/04\/10\/militares-en-matamoros-privan-de-su-libertad-a-periodista-y-ademas-lo-agreden-tamaulipas\/","url_meta":{"origin":23598,"position":5},"title":"Militares en Matamoros privan de su libertad a periodista y adem\u00e1s lo agreden (Tamaulipas)","author":"grieta","date":"10 abril, 2019","format":false,"excerpt":"Marco Rodr\u00edguez \/ Hoy Tamaulipas Por ello, el comunicador Juan Manuel Mart\u00ednez Ferretiz, present\u00f3 una denuncia ante la Fiscal\u00eda General de la Rep\u00fablica contra los elementos de la Sedena Matamoros, Tamaulipas.- Un periodista de Matamoros denunci\u00f3 ante las autoridades federales la supuesta agresi\u00f3n y privaci\u00f3n ilegal de la libertad de\u2026","rel":"","context":"En &quot;Abuso policiaco y tortura en Tamaulipas&quot;","block_context":{"text":"Abuso policiaco y tortura en Tamaulipas","link":"https:\/\/www.grieta.org.mx\/index.php\/category\/noticias-nacionales\/tamaulipas\/abuso-policiaco-y-tortura-en-tamaulipas\/"},"img":{"alt_text":"","src":"https:\/\/i0.wp.com\/www.grieta.org.mx\/wp-content\/uploads\/2019\/04\/Militares-en-Matamoros-privan-de-su-libertad-a-periodista-y-ademas-lo-agreden-tama-abr.jpg?resize=350%2C200&ssl=1","width":350,"height":200,"srcset":"https:\/\/i0.wp.com\/www.grieta.org.mx\/wp-content\/uploads\/2019\/04\/Militares-en-Matamoros-privan-de-su-libertad-a-periodista-y-ademas-lo-agreden-tama-abr.jpg?resize=350%2C200&ssl=1 1x, https:\/\/i0.wp.com\/www.grieta.org.mx\/wp-content\/uploads\/2019\/04\/Militares-en-Matamoros-privan-de-su-libertad-a-periodista-y-ademas-lo-agreden-tama-abr.jpg?resize=525%2C300&ssl=1 1.5x, https:\/\/i0.wp.com\/www.grieta.org.mx\/wp-content\/uploads\/2019\/04\/Militares-en-Matamoros-privan-de-su-libertad-a-periodista-y-ademas-lo-agreden-tama-abr.jpg?resize=700%2C400&ssl=1 2x"},"classes":[]}],"_links":{"self":[{"href":"https:\/\/www.grieta.org.mx\/index.php\/wp-json\/wp\/v2\/posts\/23598","targetHints":{"allow":["GET"]}}],"collection":[{"href":"https:\/\/www.grieta.org.mx\/index.php\/wp-json\/wp\/v2\/posts"}],"about":[{"href":"https:\/\/www.grieta.org.mx\/index.php\/wp-json\/wp\/v2\/types\/post"}],"author":[{"embeddable":true,"href":"https:\/\/www.grieta.org.mx\/index.php\/wp-json\/wp\/v2\/users\/2"}],"replies":[{"embeddable":true,"href":"https:\/\/www.grieta.org.mx\/index.php\/wp-json\/wp\/v2\/comments?post=23598"}],"version-history":[{"count":1,"href":"https:\/\/www.grieta.org.mx\/index.php\/wp-json\/wp\/v2\/posts\/23598\/revisions"}],"predecessor-version":[{"id":23600,"href":"https:\/\/www.grieta.org.mx\/index.php\/wp-json\/wp\/v2\/posts\/23598\/revisions\/23600"}],"wp:featuredmedia":[{"embeddable":true,"href":"https:\/\/www.grieta.org.mx\/index.php\/wp-json\/wp\/v2\/media\/23599"}],"wp:attachment":[{"href":"https:\/\/www.grieta.org.mx\/index.php\/wp-json\/wp\/v2\/media?parent=23598"}],"wp:term":[{"taxonomy":"category","embeddable":true,"href":"https:\/\/www.grieta.org.mx\/index.php\/wp-json\/wp\/v2\/categories?post=23598"},{"taxonomy":"post_tag","embeddable":true,"href":"https:\/\/www.grieta.org.mx\/index.php\/wp-json\/wp\/v2\/tags?post=23598"}],"curies":[{"name":"wp","href":"https:\/\/api.w.org\/{rel}","templated":true}]}}