{"id":23545,"date":"2018-06-04T11:41:37","date_gmt":"2018-06-04T16:41:37","guid":{"rendered":"http:\/\/www.grieta.org.mx\/?p=23545"},"modified":"2018-06-08T11:58:08","modified_gmt":"2018-06-08T16:58:08","slug":"reportan-ocho-desaparecidos-y-dos-lesionados-tras-reventar-presa-en-mina-de-chihuahua-videos","status":"publish","type":"post","link":"https:\/\/www.grieta.org.mx\/index.php\/2018\/06\/04\/reportan-ocho-desaparecidos-y-dos-lesionados-tras-reventar-presa-en-mina-de-chihuahua-videos\/","title":{"rendered":"Reportan ocho desaparecidos y dos lesionados tras reventar presa en mina de Chihuahua (Videos)"},"content":{"rendered":"<p><img loading=\"lazy\" decoding=\"async\" data-attachment-id=\"23541\" data-permalink=\"https:\/\/www.grieta.org.mx\/index.php\/2018\/06\/07\/la-rema-lamenta-la-muerte-de-tres-mineros-en-urique-y-exige-rendicion-de-cuentas-chihuahua\/presa-la-rema\/\" data-orig-file=\"https:\/\/www.grieta.org.mx\/wp-content\/uploads\/2018\/06\/Presa-La-Rema.jpg\" data-orig-size=\"1078,808\" data-comments-opened=\"0\" data-image-meta=\"{&quot;aperture&quot;:&quot;0&quot;,&quot;credit&quot;:&quot;&quot;,&quot;camera&quot;:&quot;&quot;,&quot;caption&quot;:&quot;&quot;,&quot;created_timestamp&quot;:&quot;0&quot;,&quot;copyright&quot;:&quot;&quot;,&quot;focal_length&quot;:&quot;0&quot;,&quot;iso&quot;:&quot;0&quot;,&quot;shutter_speed&quot;:&quot;0&quot;,&quot;title&quot;:&quot;&quot;,&quot;orientation&quot;:&quot;0&quot;}\" data-image-title=\"Presa La Rema\" data-image-description=\"\" data-image-caption=\"\" data-medium-file=\"https:\/\/www.grieta.org.mx\/wp-content\/uploads\/2018\/06\/Presa-La-Rema-300x225.jpg\" data-large-file=\"https:\/\/www.grieta.org.mx\/wp-content\/uploads\/2018\/06\/Presa-La-Rema-1024x768.jpg\" class=\"aligncenter size-large wp-image-23541\" src=\"http:\/\/www.grieta.org.mx\/wp-content\/uploads\/2018\/06\/Presa-La-Rema-1024x768.jpg\" alt=\"\" width=\"1024\" height=\"768\" srcset=\"https:\/\/www.grieta.org.mx\/wp-content\/uploads\/2018\/06\/Presa-La-Rema-1024x768.jpg 1024w, https:\/\/www.grieta.org.mx\/wp-content\/uploads\/2018\/06\/Presa-La-Rema-300x225.jpg 300w, https:\/\/www.grieta.org.mx\/wp-content\/uploads\/2018\/06\/Presa-La-Rema-768x576.jpg 768w, https:\/\/www.grieta.org.mx\/wp-content\/uploads\/2018\/06\/Presa-La-Rema-667x500.jpg 667w, https:\/\/www.grieta.org.mx\/wp-content\/uploads\/2018\/06\/Presa-La-Rema.jpg 1078w\" sizes=\"auto, (max-width: 1024px) 100vw, 1024px\" \/><\/p>\n<p>La presa que revent\u00f3 en Chihuahua. Foto: Especial<\/p>\n<p>Patricia Mayorga<\/p>\n<blockquote><p>CIUDAD DE M\u00c9XICO (apro).- Esta ma\u00f1ana revent\u00f3 la presa de jales que contiene los l\u00edquidos de desecho de la empresa Mina R\u00edo Tinto SA de CV, localizada en la comunidad Cieneguita de Oro en el municipio de Urique, Chihuahua, lo que dej\u00f3 dos hombres lesionados de gravedad y al menos ocho trabajadores desaparecidos.<\/p><\/blockquote>\n<p>De acuerdo con la Fiscal\u00eda General del Estado (FGE), la ola de desechos arrastr\u00f3 a trabajadores que reforzaban el bordo, alrededor de las 10:40 horas.<\/p>\n<p><iframe loading=\"lazy\" src=\"https:\/\/www.youtube.com\/embed\/_T2rUiDUO-M\" width=\"640\" height=\"360\" frameborder=\"0\" allowfullscreen=\"allowfullscreen\"><\/iframe><\/p>\n<p><a href=\"https:\/\/cdn.proceso.com.mx\/media\/2018\/06\/lagacetacommx_Varios_muertos_y_desparecidos_reportanfbdown.me_.mp4?_=2\" target=\"_blank\" rel=\"noopener\">https:\/\/cdn.proceso.com.mx\/media\/2018\/06\/lagacetacommx_Varios_muertos_y_desparecidos_reportanfbdown.me_.mp4?_=2<\/a><\/p>\n<p>La informaci\u00f3n comenz\u00f3 a fluir por redes sociales, donde alertaron que hab\u00edan desaparecido unas 14 personas y advirtieron de un da\u00f1o ambiental grave, pues los desechos corrieron en cascada hacia el r\u00edo Tubares.<\/p>\n<p>Urique se ubica en la sierra Tarahumara, es un municipio que colinda con el estado de Sinaloa, muy cerca de Choix.<\/p>\n<p>Seg\u00fan informaci\u00f3n p\u00fablica difundida en la web, la mina trabaja a cielo abierto y procesa plata, y las oficinas principales se encuentran en la ciudad de Chihuahua, donde despacha su director general, Mario Ayub Touch\u00e9.<\/p>\n<p>La Fiscal\u00eda despleg\u00f3 personal hacia la zona y hasta ahora se desconocen las causas del accidente, as\u00ed como el impacto de da\u00f1os ambientales.<\/p>\n<p>La Coordinaci\u00f3n Estatal de Protecci\u00f3n Civil (CEPC) inform\u00f3 que su personal se moviliz\u00f3 a la mina R\u00edo Tinto para coordinar esfuerzos con la Cruz Roja, equipos m\u00e9dicos y de rescate.<\/p>\n<p>Los trabajadores heridos reciben atenci\u00f3n m\u00e9dica en el Seguro Social de la capital del estado y Protecci\u00f3n Civil proporcionar\u00e1 mayor informaci\u00f3n en cuanto concluyan las primeras inspecciones en la zona.<\/p>\n<p>Al equipo de apoyo se sum\u00f3 el equipo de rescate de la mina Palmarejo, del municipio de Ch\u00ednipas, dos ambulancias y varios rescatistas de la Cruz Roja de La Junta, municipio de Guerrero.<\/p>\n<p>Luis Cuauht\u00e9moc Guerra Chac\u00f3n, coordinador estatal de Protecci\u00f3n Civil, quien dirige el operativo de apoyo, anunci\u00f3 un sobrevuelo en el \u00e1rea, al frente del equipo de la CEPC.<\/p>\n<p>La dependencia estatal ya estableci\u00f3 contacto con Ricardo de la Cruz, director de Protecci\u00f3n Civil nacional, y Edson Vargas, director de Emergencias de la Coordinaci\u00f3n Nacional de Protecci\u00f3n Civil, autoridades que ofrecieron su apoyo ante la contingencia.<\/p>\n<p><a href=\"https:\/\/www.proceso.com.mx\/537143\/reportan-ocho-desaparecidos-y-dos-lesionados-tras-reventar-presa-en-mina-de-chihuahua-videos\" target=\"_blank\" rel=\"noopener\">https:\/\/www.proceso.com.mx\/537143\/reportan-ocho-desaparecidos-y-dos-lesionados-tras-reventar-presa-en-mina-de-chihuahua-videos<\/a><\/p>\n","protected":false},"excerpt":{"rendered":"<p>La presa que revent\u00f3 en Chihuahua. Foto: Especial Patricia Mayorga CIUDAD DE M\u00c9XICO (apro).- Esta ma\u00f1ana revent\u00f3 la presa de jales que contiene los l\u00edquidos de desecho de la empresa &hellip; <a href=\"https:\/\/www.grieta.org.mx\/index.php\/2018\/06\/04\/reportan-ocho-desaparecidos-y-dos-lesionados-tras-reventar-presa-en-mina-de-chihuahua-videos\/\" class=\"more-link\">Leer m\u00e1s<\/a><\/p>\n","protected":false},"author":2,"featured_media":21928,"comment_status":"closed","ping_status":"closed","sticky":false,"template":"","format":"standard","meta":{"ngg_post_thumbnail":0,"_jetpack_newsletter_access":"","_jetpack_dont_email_post_to_subs":false,"_jetpack_newsletter_tier_id":0,"_jetpack_memberships_contains_paywalled_content":false,"_jetpack_memberships_contains_paid_content":false,"footnotes":""},"categories":[12,80,1314,3,922,6,927,1313,2],"tags":[394,1315,98,109],"class_list":["post-23545","post","type-post","status-publish","format-standard","has-post-thumbnail","hentry","category-chihuahua","category-cintillo","category-impacto-ambiental-por-la-mineria-en-chihuahua","category-megaproyectos","category-megaproyectos-estados","category-mineria","category-mp-chihuahua","category-muertes-y-accidentes-en-minas-en-chihuahua","category-noticias-nacionales","tag-contaminacion-por-mineria","tag-mine","tag-mineras","tag-mineria","entry"],"jetpack_featured_media_url":"https:\/\/www.grieta.org.mx\/wp-content\/uploads\/2018\/03\/14524434_1106112876131411_958039263622046936_o.jpg","jetpack_sharing_enabled":true,"jetpack_shortlink":"https:\/\/wp.me\/p7ZJR4-67L","jetpack_likes_enabled":false,"jetpack-related-posts":[{"id":23540,"url":"https:\/\/www.grieta.org.mx\/index.php\/2018\/06\/07\/la-rema-lamenta-la-muerte-de-tres-mineros-en-urique-y-exige-rendicion-de-cuentas-chihuahua\/","url_meta":{"origin":23545,"position":0},"title":"La Rema lamenta la muerte de tres mineros en Urique y exige rendici\u00f3n de cuentas (Chihuahua)","author":"grieta","date":"7 junio, 2018","format":false,"excerpt":"La presa que revent\u00f3 en Chihuahua. Foto: Especial CIUDAD DE M\u00c9XICO (apro).- La Red Mexicana de Afectados por la Miner\u00eda (Rema) lament\u00f3 la muerte de tres trabajadores tras el desbordamiento de una presa de desechos de la mina R\u00edo Tinto en el municipio de Urique, Chihuahua, el pasado lunes 4,\u2026","rel":"","context":"En &quot;Chihuahua&quot;","block_context":{"text":"Chihuahua","link":"https:\/\/www.grieta.org.mx\/index.php\/category\/noticias-nacionales\/chihuahua\/"},"img":{"alt_text":"","src":"https:\/\/i0.wp.com\/www.grieta.org.mx\/wp-content\/uploads\/2018\/06\/Presa-La-Rema.jpg?resize=350%2C200&ssl=1","width":350,"height":200,"srcset":"https:\/\/i0.wp.com\/www.grieta.org.mx\/wp-content\/uploads\/2018\/06\/Presa-La-Rema.jpg?resize=350%2C200&ssl=1 1x, https:\/\/i0.wp.com\/www.grieta.org.mx\/wp-content\/uploads\/2018\/06\/Presa-La-Rema.jpg?resize=525%2C300&ssl=1 1.5x, https:\/\/i0.wp.com\/www.grieta.org.mx\/wp-content\/uploads\/2018\/06\/Presa-La-Rema.jpg?resize=700%2C400&ssl=1 2x, https:\/\/i0.wp.com\/www.grieta.org.mx\/wp-content\/uploads\/2018\/06\/Presa-La-Rema.jpg?resize=1050%2C600&ssl=1 3x"},"classes":[]},{"id":30074,"url":"https:\/\/www.grieta.org.mx\/index.php\/2018\/09\/06\/chihuahua-denuncian-a-minera-canadiense-por-incumplir-contrato-y-reprimir-a-ejidatarios\/","url_meta":{"origin":23545,"position":1},"title":"Chihuahua: denuncian a minera canadiense por incumplir contrato y reprimir a ejidatarios","author":"grieta","date":"6 septiembre, 2018","format":false,"excerpt":"Berenica Santos\/CONTRAL\u00cdNEA Ejidatarios del municipio Guazapares, ubicado en la Sierra Tarahumara de Chihuahua, exigen a la empresa minera Coeur Mexicana que cumpla con el contrato que firm\u00f3 para la explotaci\u00f3n de plata. Sin embargo, han sido reprimidos. Incluso dos de ellos, Jos\u00e9 Luis Lozano Mosqueda e Ismael Vargas Gonz\u00e1lez, fueron\u2026","rel":"","context":"En &quot;Chihuahua&quot;","block_context":{"text":"Chihuahua","link":"https:\/\/www.grieta.org.mx\/index.php\/category\/noticias-nacionales\/chihuahua\/"},"img":{"alt_text":"","src":"https:\/\/i0.wp.com\/www.grieta.org.mx\/wp-content\/uploads\/2018\/03\/14524434_1106112876131411_958039263622046936_o.jpg?resize=350%2C200&ssl=1","width":350,"height":200,"srcset":"https:\/\/i0.wp.com\/www.grieta.org.mx\/wp-content\/uploads\/2018\/03\/14524434_1106112876131411_958039263622046936_o.jpg?resize=350%2C200&ssl=1 1x, https:\/\/i0.wp.com\/www.grieta.org.mx\/wp-content\/uploads\/2018\/03\/14524434_1106112876131411_958039263622046936_o.jpg?resize=525%2C300&ssl=1 1.5x, https:\/\/i0.wp.com\/www.grieta.org.mx\/wp-content\/uploads\/2018\/03\/14524434_1106112876131411_958039263622046936_o.jpg?resize=700%2C400&ssl=1 2x"},"classes":[]},{"id":7010,"url":"https:\/\/www.grieta.org.mx\/index.php\/2016\/08\/26\/mineria-en-chihuahua\/","url_meta":{"origin":23545,"position":2},"title":"Miner\u00eda en Chihuahua","author":"grieta","date":"26 agosto, 2016","format":false,"excerpt":"25\/08\/16. Baill\u00e8res, el heredero de la sierra tarahumaraLa Adobe 30\/03\/16. Controla crimen organizado actividad minera en Chihuahua: estudioEntrelineas 05\/16\/15. Convertir\u00e1n en zona minera SamalayucaEl Diario 10\/02\/16. Chihuahua es de los estados con mayor n\u00famero de conflictos ambientales: investigador Entrelineas 20\/11\/15. Minera canadiense contamina los arroyos de la sierra de Chihuahua,\u2026","rel":"","context":"En &quot;Chihuahua&quot;","block_context":{"text":"Chihuahua","link":"https:\/\/www.grieta.org.mx\/index.php\/category\/noticias-nacionales\/chihuahua\/"},"img":{"alt_text":"","src":"https:\/\/i0.wp.com\/www.grieta.org.mx\/wp-content\/uploads\/2018\/03\/14524434_1106112876131411_958039263622046936_o.jpg?resize=350%2C200&ssl=1","width":350,"height":200,"srcset":"https:\/\/i0.wp.com\/www.grieta.org.mx\/wp-content\/uploads\/2018\/03\/14524434_1106112876131411_958039263622046936_o.jpg?resize=350%2C200&ssl=1 1x, https:\/\/i0.wp.com\/www.grieta.org.mx\/wp-content\/uploads\/2018\/03\/14524434_1106112876131411_958039263622046936_o.jpg?resize=525%2C300&ssl=1 1.5x, https:\/\/i0.wp.com\/www.grieta.org.mx\/wp-content\/uploads\/2018\/03\/14524434_1106112876131411_958039263622046936_o.jpg?resize=700%2C400&ssl=1 2x"},"classes":[]},{"id":42252,"url":"https:\/\/www.grieta.org.mx\/index.php\/2019\/12\/10\/ocupan-minas-14-del-territorio-de-chihuahua\/","url_meta":{"origin":23545,"position":3},"title":"Ocupan minas 14% del territorio de Chihuahua","author":"grieta","date":"10 diciembre, 2019","format":false,"excerpt":"Itzel Ram\u00edrez\/ La Verdad Ciudad Ju\u00e1rez \u2013 Con m\u00e1s de cuatro mil 300 t\u00edtulos de concesi\u00f3n, el 14 por ciento del total del territorio de Chihuahua es ocupado por compa\u00f1\u00edas mineras que cuentan con anuencia para la explotaci\u00f3n de minerales, revelan datos del Servicio Geol\u00f3gico Minero y la Subsecretar\u00eda de\u2026","rel":"","context":"En &quot;Chihuahua&quot;","block_context":{"text":"Chihuahua","link":"https:\/\/www.grieta.org.mx\/index.php\/category\/noticias-nacionales\/chihuahua\/"},"img":{"alt_text":"","src":"https:\/\/i0.wp.com\/www.grieta.org.mx\/wp-content\/uploads\/2019\/12\/Foto-Mina-Samalayuca-1.-Cortes%C3%ADa-Sindacatura.jpeg?resize=350%2C200&ssl=1","width":350,"height":200,"srcset":"https:\/\/i0.wp.com\/www.grieta.org.mx\/wp-content\/uploads\/2019\/12\/Foto-Mina-Samalayuca-1.-Cortes%C3%ADa-Sindacatura.jpeg?resize=350%2C200&ssl=1 1x, https:\/\/i0.wp.com\/www.grieta.org.mx\/wp-content\/uploads\/2019\/12\/Foto-Mina-Samalayuca-1.-Cortes%C3%ADa-Sindacatura.jpeg?resize=525%2C300&ssl=1 1.5x, https:\/\/i0.wp.com\/www.grieta.org.mx\/wp-content\/uploads\/2019\/12\/Foto-Mina-Samalayuca-1.-Cortes%C3%ADa-Sindacatura.jpeg?resize=700%2C400&ssl=1 2x, https:\/\/i0.wp.com\/www.grieta.org.mx\/wp-content\/uploads\/2019\/12\/Foto-Mina-Samalayuca-1.-Cortes%C3%ADa-Sindacatura.jpeg?resize=1050%2C600&ssl=1 3x"},"classes":[]},{"id":38278,"url":"https:\/\/www.grieta.org.mx\/index.php\/2019\/08\/22\/anuncian-mina-a-cielo-abierto-a-50-km-de-ciudad-juarez-chihuahua\/","url_meta":{"origin":23545,"position":4},"title":"Anuncian mina a cielo abierto a 50 km de Ciudad Ju\u00e1rez (Chihuahua)","author":"grieta","date":"22 agosto, 2019","format":false,"excerpt":"El presidente Seccional de Samalayuca, Javier Mel\u00e9ndez Cardona, anunci\u00f3 desde Montreal, Canad\u00e1, la apertura de una mina a cielo abierto en el desierto juarense con una inversi\u00f3n de 4 mil millones de d\u00f3lares y 1,200 empleos (sin especificar cu\u00e1ntos de estos ser\u00edan para pobladores de la zona). Juli\u00e1n Contreras \u00c1lvarez\/\u2026","rel":"","context":"En &quot;Chihuahua&quot;","block_context":{"text":"Chihuahua","link":"https:\/\/www.grieta.org.mx\/index.php\/category\/noticias-nacionales\/chihuahua\/"},"img":{"alt_text":"","src":"https:\/\/i0.wp.com\/www.grieta.org.mx\/wp-content\/uploads\/2019\/08\/petroglifo.jpg?resize=350%2C200&ssl=1","width":350,"height":200,"srcset":"https:\/\/i0.wp.com\/www.grieta.org.mx\/wp-content\/uploads\/2019\/08\/petroglifo.jpg?resize=350%2C200&ssl=1 1x, https:\/\/i0.wp.com\/www.grieta.org.mx\/wp-content\/uploads\/2019\/08\/petroglifo.jpg?resize=525%2C300&ssl=1 1.5x, https:\/\/i0.wp.com\/www.grieta.org.mx\/wp-content\/uploads\/2019\/08\/petroglifo.jpg?resize=700%2C400&ssl=1 2x"},"classes":[]},{"id":9884,"url":"https:\/\/www.grieta.org.mx\/index.php\/2016\/03\/30\/controla-crimen-organizado-actividad-minera-en-chihuahua-estudio\/","url_meta":{"origin":23545,"position":5},"title":"Controla crimen organizado actividad minera en Chihuahua: estudio","author":"grieta","date":"30 marzo, 2016","format":false,"excerpt":"Noticias de Chihuahua.- Un reporte elaborado por la Iniciativa Global contra la Delincuencia Organizada Transnacional alert\u00f3 sobre la \u201ccolusi\u00f3n deliberada\u201d entre las mineras y los capos de la droga en el pa\u00eds e inform\u00f3 que el crimen organizado controla \u201cel derecho a realizar la actividad\u201d en los estados de Chihuahua,\u2026","rel":"","context":"En &quot;chihuahua&quot;","block_context":{"text":"chihuahua","link":"https:\/\/www.grieta.org.mx\/index.php\/category\/chihuahua\/"},"img":{"alt_text":"","src":"https:\/\/i0.wp.com\/www.grieta.org.mx\/wp-content\/uploads\/2018\/03\/14524434_1106112876131411_958039263622046936_o.jpg?resize=350%2C200&ssl=1","width":350,"height":200,"srcset":"https:\/\/i0.wp.com\/www.grieta.org.mx\/wp-content\/uploads\/2018\/03\/14524434_1106112876131411_958039263622046936_o.jpg?resize=350%2C200&ssl=1 1x, https:\/\/i0.wp.com\/www.grieta.org.mx\/wp-content\/uploads\/2018\/03\/14524434_1106112876131411_958039263622046936_o.jpg?resize=525%2C300&ssl=1 1.5x, https:\/\/i0.wp.com\/www.grieta.org.mx\/wp-content\/uploads\/2018\/03\/14524434_1106112876131411_958039263622046936_o.jpg?resize=700%2C400&ssl=1 2x"},"classes":[]}],"_links":{"self":[{"href":"https:\/\/www.grieta.org.mx\/index.php\/wp-json\/wp\/v2\/posts\/23545","targetHints":{"allow":["GET"]}}],"collection":[{"href":"https:\/\/www.grieta.org.mx\/index.php\/wp-json\/wp\/v2\/posts"}],"about":[{"href":"https:\/\/www.grieta.org.mx\/index.php\/wp-json\/wp\/v2\/types\/post"}],"author":[{"embeddable":true,"href":"https:\/\/www.grieta.org.mx\/index.php\/wp-json\/wp\/v2\/users\/2"}],"replies":[{"embeddable":true,"href":"https:\/\/www.grieta.org.mx\/index.php\/wp-json\/wp\/v2\/comments?post=23545"}],"version-history":[{"count":1,"href":"https:\/\/www.grieta.org.mx\/index.php\/wp-json\/wp\/v2\/posts\/23545\/revisions"}],"predecessor-version":[{"id":23549,"href":"https:\/\/www.grieta.org.mx\/index.php\/wp-json\/wp\/v2\/posts\/23545\/revisions\/23549"}],"wp:featuredmedia":[{"embeddable":true,"href":"https:\/\/www.grieta.org.mx\/index.php\/wp-json\/wp\/v2\/media\/21928"}],"wp:attachment":[{"href":"https:\/\/www.grieta.org.mx\/index.php\/wp-json\/wp\/v2\/media?parent=23545"}],"wp:term":[{"taxonomy":"category","embeddable":true,"href":"https:\/\/www.grieta.org.mx\/index.php\/wp-json\/wp\/v2\/categories?post=23545"},{"taxonomy":"post_tag","embeddable":true,"href":"https:\/\/www.grieta.org.mx\/index.php\/wp-json\/wp\/v2\/tags?post=23545"}],"curies":[{"name":"wp","href":"https:\/\/api.w.org\/{rel}","templated":true}]}}