{"id":23540,"date":"2018-06-07T11:17:11","date_gmt":"2018-06-07T16:17:11","guid":{"rendered":"http:\/\/www.grieta.org.mx\/?p=23540"},"modified":"2018-06-08T11:39:24","modified_gmt":"2018-06-08T16:39:24","slug":"la-rema-lamenta-la-muerte-de-tres-mineros-en-urique-y-exige-rendicion-de-cuentas-chihuahua","status":"publish","type":"post","link":"https:\/\/www.grieta.org.mx\/index.php\/2018\/06\/07\/la-rema-lamenta-la-muerte-de-tres-mineros-en-urique-y-exige-rendicion-de-cuentas-chihuahua\/","title":{"rendered":"La Rema lamenta la muerte de tres mineros en Urique y exige rendici\u00f3n de cuentas (Chihuahua)"},"content":{"rendered":"<p><img decoding=\"async\" data-attachment-id=\"23541\" data-permalink=\"https:\/\/www.grieta.org.mx\/index.php\/2018\/06\/07\/la-rema-lamenta-la-muerte-de-tres-mineros-en-urique-y-exige-rendicion-de-cuentas-chihuahua\/presa-la-rema\/\" data-orig-file=\"https:\/\/www.grieta.org.mx\/wp-content\/uploads\/2018\/06\/Presa-La-Rema.jpg\" data-orig-size=\"1078,808\" data-comments-opened=\"0\" data-image-meta=\"{&quot;aperture&quot;:&quot;0&quot;,&quot;credit&quot;:&quot;&quot;,&quot;camera&quot;:&quot;&quot;,&quot;caption&quot;:&quot;&quot;,&quot;created_timestamp&quot;:&quot;0&quot;,&quot;copyright&quot;:&quot;&quot;,&quot;focal_length&quot;:&quot;0&quot;,&quot;iso&quot;:&quot;0&quot;,&quot;shutter_speed&quot;:&quot;0&quot;,&quot;title&quot;:&quot;&quot;,&quot;orientation&quot;:&quot;0&quot;}\" data-image-title=\"Presa La Rema\" data-image-description=\"\" data-image-caption=\"\" data-medium-file=\"https:\/\/www.grieta.org.mx\/wp-content\/uploads\/2018\/06\/Presa-La-Rema-300x225.jpg\" data-large-file=\"https:\/\/www.grieta.org.mx\/wp-content\/uploads\/2018\/06\/Presa-La-Rema-1024x768.jpg\" src=\"http:\/\/www.grieta.org.mx\/wp-content\/uploads\/2018\/06\/Presa-La-Rema-1024x768.jpg\" alt=\"\" width=\"90%\" class=\"aligncenter size-large wp-image-23541\" srcset=\"https:\/\/www.grieta.org.mx\/wp-content\/uploads\/2018\/06\/Presa-La-Rema-1024x768.jpg 1024w, https:\/\/www.grieta.org.mx\/wp-content\/uploads\/2018\/06\/Presa-La-Rema-300x225.jpg 300w, https:\/\/www.grieta.org.mx\/wp-content\/uploads\/2018\/06\/Presa-La-Rema-768x576.jpg 768w, https:\/\/www.grieta.org.mx\/wp-content\/uploads\/2018\/06\/Presa-La-Rema-667x500.jpg 667w, https:\/\/www.grieta.org.mx\/wp-content\/uploads\/2018\/06\/Presa-La-Rema.jpg 1078w\" sizes=\"(max-width: 1024px) 100vw, 1024px\" \/><br \/>\nLa presa que revent\u00f3 en Chihuahua. Foto: Especial<\/p>\n<blockquote><p>CIUDAD DE M\u00c9XICO (apro).- La Red Mexicana de Afectados por la Miner\u00eda (Rema) lament\u00f3 la muerte de tres trabajadores tras el desbordamiento de una presa de desechos de la mina R\u00edo Tinto en el municipio de Urique, Chihuahua, el pasado lunes 4, y exigi\u00f3 \u201cmedidas en\u00e9rgicas de rendici\u00f3n de cuentas y control y reparaci\u00f3n de los da\u00f1os causados en la regi\u00f3n\u201d.<\/p><\/blockquote>\n<p>De igual manera, brind\u00f3 su solidaridad y apoyo a quienes realizan la b\u00fasqueda de siete desaparecidos, \u201ca quienes esperamos encuentren con vida\u201d.<\/p>\n<p>En un comunicado, la Rema precis\u00f3 que la Minera R\u00edo Tinto, S.A. de C.V., responsable del accidente, pertenece desde 2008 al grupo brit\u00e1nico R\u00edo Tinto Pic, \u201cla segunda m\u00e1s grande empresa minera diversificada a nivel mundial por sus trabajos en los sectores de hierro, aluminio, cobre, diamantes, energ\u00eda y minerales\u201d, y su representante en M\u00e9xico es Carlos Ayub Touch\u00e9.<\/p>\n<p>Subray\u00f3: \u201cNo es la primera ni ser\u00e1 la \u00faltima vez que Rema suba la voz en contra del modelo extractivo minero, que debe ser totalmente desechado como propuesta de \u2018progreso y desarrollo\u2019 si en realidad deseamos un pa\u00eds que transite en armon\u00eda con la vida y una sociedad justa y no basada en negocios espurios y oscuros de quienes imponen una forma de trabajo que indigna por los niveles de destrucci\u00f3n que genera\u201d.<\/p>\n<p>Agreg\u00f3: \u201cLos Slim, los Larrea, los Salinas Pliego, los Bailleres, los ahora Ayub Touch\u00e9, as\u00ed como las empresas extranjeras, con particular \u00e9nfasis en los due\u00f1os y accionistas de las empresas canadienses, se han enriquecido gracias al despojo, el desplazamiento forzado de los pueblos y el saqueo de nuestros bienes naturales\u201d.<\/p>\n<p>Su negocio es redondo, porque t\u00e9cnica y financieramente es imposible que puedan incorporar el costo de los da\u00f1os que ocasionan a la salud, al ambiente, la naturaleza, a la cultura y a la comunalidad y la vida de los pueblos, puntualiz\u00f3 la organizaci\u00f3n.<\/p>\n<p>Y, luego de manifestar su solidaridad \u201ca todas y todos los familiares de quienes han perdido la vida por negligencia de la empresa y del gobierno municipal, estatal y federal\u201d, exigi\u00f3 \u201cel cierre irreversible de la mina de la empresa R\u00edo Tinto en Urique, Chihuahua, y medidas en\u00e9rgicas de rendici\u00f3n de cuentas y control y reparaci\u00f3n de los da\u00f1os ya causados en la regi\u00f3n\u201d.<\/p>\n<p>Adem\u00e1s, \u201cexigimos el impulso y apoyo a proyectos productivos respetuosos de la poblaci\u00f3n y de la vida en Urique, as\u00ed como el encarcelamiento de Carlos Ayub Touch\u00e9\u201d, remat\u00f3.<\/p>\n<p><a href=\"https:\/\/www.proceso.com.mx\/537563\/la-rema-lamenta-la-muerte-de-tres-mineros-en-urique-y-exige-rendicion-de-cuentas\" target=\"_blank\" rel=\"noopener\">https:\/\/www.proceso.com.mx\/537563\/la-rema-lamenta-la-muerte-de-tres-mineros-en-urique-y-exige-rendicion-de-cuentas<\/a><\/p>\n","protected":false},"excerpt":{"rendered":"<p>La presa que revent\u00f3 en Chihuahua. Foto: Especial CIUDAD DE M\u00c9XICO (apro).- La Red Mexicana de Afectados por la Miner\u00eda (Rema) lament\u00f3 la muerte de tres trabajadores tras el desbordamiento &hellip; <a href=\"https:\/\/www.grieta.org.mx\/index.php\/2018\/06\/07\/la-rema-lamenta-la-muerte-de-tres-mineros-en-urique-y-exige-rendicion-de-cuentas-chihuahua\/\" class=\"more-link\">Leer m\u00e1s<\/a><\/p>\n","protected":false},"author":2,"featured_media":23541,"comment_status":"closed","ping_status":"closed","sticky":false,"template":"","format":"standard","meta":{"ngg_post_thumbnail":0,"_jetpack_newsletter_access":"","_jetpack_dont_email_post_to_subs":false,"_jetpack_newsletter_tier_id":0,"_jetpack_memberships_contains_paywalled_content":false,"_jetpack_memberships_contains_paid_content":false,"footnotes":""},"categories":[12,80,3,6,927,1313,2],"tags":[394,109],"class_list":["post-23540","post","type-post","status-publish","format-standard","has-post-thumbnail","hentry","category-chihuahua","category-cintillo","category-megaproyectos","category-mineria","category-mp-chihuahua","category-muertes-y-accidentes-en-minas-en-chihuahua","category-noticias-nacionales","tag-contaminacion-por-mineria","tag-mineria","entry"],"jetpack_featured_media_url":"https:\/\/www.grieta.org.mx\/wp-content\/uploads\/2018\/06\/Presa-La-Rema.jpg","jetpack_sharing_enabled":true,"jetpack_shortlink":"https:\/\/wp.me\/p7ZJR4-67G","jetpack_likes_enabled":false,"jetpack-related-posts":[{"id":23545,"url":"https:\/\/www.grieta.org.mx\/index.php\/2018\/06\/04\/reportan-ocho-desaparecidos-y-dos-lesionados-tras-reventar-presa-en-mina-de-chihuahua-videos\/","url_meta":{"origin":23540,"position":0},"title":"Reportan ocho desaparecidos y dos lesionados tras reventar presa en mina de Chihuahua (Videos)","author":"grieta","date":"4 junio, 2018","format":false,"excerpt":"La presa que revent\u00f3 en Chihuahua. Foto: Especial Patricia Mayorga CIUDAD DE M\u00c9XICO (apro).- Esta ma\u00f1ana revent\u00f3 la presa de jales que contiene los l\u00edquidos de desecho de la empresa Mina R\u00edo Tinto SA de CV, localizada en la comunidad Cieneguita de Oro en el municipio de Urique, Chihuahua, lo\u2026","rel":"","context":"En &quot;Chihuahua&quot;","block_context":{"text":"Chihuahua","link":"https:\/\/www.grieta.org.mx\/index.php\/category\/noticias-nacionales\/chihuahua\/"},"img":{"alt_text":"","src":"https:\/\/i0.wp.com\/www.grieta.org.mx\/wp-content\/uploads\/2018\/03\/14524434_1106112876131411_958039263622046936_o.jpg?resize=350%2C200&ssl=1","width":350,"height":200,"srcset":"https:\/\/i0.wp.com\/www.grieta.org.mx\/wp-content\/uploads\/2018\/03\/14524434_1106112876131411_958039263622046936_o.jpg?resize=350%2C200&ssl=1 1x, https:\/\/i0.wp.com\/www.grieta.org.mx\/wp-content\/uploads\/2018\/03\/14524434_1106112876131411_958039263622046936_o.jpg?resize=525%2C300&ssl=1 1.5x, https:\/\/i0.wp.com\/www.grieta.org.mx\/wp-content\/uploads\/2018\/03\/14524434_1106112876131411_958039263622046936_o.jpg?resize=700%2C400&ssl=1 2x"},"classes":[]},{"id":30074,"url":"https:\/\/www.grieta.org.mx\/index.php\/2018\/09\/06\/chihuahua-denuncian-a-minera-canadiense-por-incumplir-contrato-y-reprimir-a-ejidatarios\/","url_meta":{"origin":23540,"position":1},"title":"Chihuahua: denuncian a minera canadiense por incumplir contrato y reprimir a ejidatarios","author":"grieta","date":"6 septiembre, 2018","format":false,"excerpt":"Berenica Santos\/CONTRAL\u00cdNEA Ejidatarios del municipio Guazapares, ubicado en la Sierra Tarahumara de Chihuahua, exigen a la empresa minera Coeur Mexicana que cumpla con el contrato que firm\u00f3 para la explotaci\u00f3n de plata. Sin embargo, han sido reprimidos. Incluso dos de ellos, Jos\u00e9 Luis Lozano Mosqueda e Ismael Vargas Gonz\u00e1lez, fueron\u2026","rel":"","context":"En &quot;Chihuahua&quot;","block_context":{"text":"Chihuahua","link":"https:\/\/www.grieta.org.mx\/index.php\/category\/noticias-nacionales\/chihuahua\/"},"img":{"alt_text":"","src":"https:\/\/i0.wp.com\/www.grieta.org.mx\/wp-content\/uploads\/2018\/03\/14524434_1106112876131411_958039263622046936_o.jpg?resize=350%2C200&ssl=1","width":350,"height":200,"srcset":"https:\/\/i0.wp.com\/www.grieta.org.mx\/wp-content\/uploads\/2018\/03\/14524434_1106112876131411_958039263622046936_o.jpg?resize=350%2C200&ssl=1 1x, https:\/\/i0.wp.com\/www.grieta.org.mx\/wp-content\/uploads\/2018\/03\/14524434_1106112876131411_958039263622046936_o.jpg?resize=525%2C300&ssl=1 1.5x, https:\/\/i0.wp.com\/www.grieta.org.mx\/wp-content\/uploads\/2018\/03\/14524434_1106112876131411_958039263622046936_o.jpg?resize=700%2C400&ssl=1 2x"},"classes":[]},{"id":7010,"url":"https:\/\/www.grieta.org.mx\/index.php\/2016\/08\/26\/mineria-en-chihuahua\/","url_meta":{"origin":23540,"position":2},"title":"Miner\u00eda en Chihuahua","author":"grieta","date":"26 agosto, 2016","format":false,"excerpt":"25\/08\/16. Baill\u00e8res, el heredero de la sierra tarahumaraLa Adobe 30\/03\/16. Controla crimen organizado actividad minera en Chihuahua: estudioEntrelineas 05\/16\/15. Convertir\u00e1n en zona minera SamalayucaEl Diario 10\/02\/16. Chihuahua es de los estados con mayor n\u00famero de conflictos ambientales: investigador Entrelineas 20\/11\/15. Minera canadiense contamina los arroyos de la sierra de Chihuahua,\u2026","rel":"","context":"En &quot;Chihuahua&quot;","block_context":{"text":"Chihuahua","link":"https:\/\/www.grieta.org.mx\/index.php\/category\/noticias-nacionales\/chihuahua\/"},"img":{"alt_text":"","src":"https:\/\/i0.wp.com\/www.grieta.org.mx\/wp-content\/uploads\/2018\/03\/14524434_1106112876131411_958039263622046936_o.jpg?resize=350%2C200&ssl=1","width":350,"height":200,"srcset":"https:\/\/i0.wp.com\/www.grieta.org.mx\/wp-content\/uploads\/2018\/03\/14524434_1106112876131411_958039263622046936_o.jpg?resize=350%2C200&ssl=1 1x, https:\/\/i0.wp.com\/www.grieta.org.mx\/wp-content\/uploads\/2018\/03\/14524434_1106112876131411_958039263622046936_o.jpg?resize=525%2C300&ssl=1 1.5x, https:\/\/i0.wp.com\/www.grieta.org.mx\/wp-content\/uploads\/2018\/03\/14524434_1106112876131411_958039263622046936_o.jpg?resize=700%2C400&ssl=1 2x"},"classes":[]},{"id":56371,"url":"https:\/\/www.grieta.org.mx\/index.php\/2020\/11\/24\/rema-celebra-12-anos-de-resistencia-del-pueblo-de-salaverna-contra-la-mineria-zacatecas\/","url_meta":{"origin":23540,"position":3},"title":"Rema celebra 12 a\u00f1os de resistencia del pueblo de Salaverna contra la miner\u00eda (Zacatecas)","author":"grieta","date":"24 noviembre, 2020","format":false,"excerpt":"Autor: Jordana Gonzalez \/Contralinea, 24 de noviembre de 2020 La Red Mexicana de Afectados por la Miner\u00eda (Rema) celebr\u00f3 los 12 a\u00f1os de resistencia del pueblo de Salaverna \u2013en Mazapil, Zacatecas\u2013 contra el proyecto minero de Frisco, propiedad del empresario Carlos Slim. La comunidad contin\u00faa luchando para que la empresa\u2026","rel":"","context":"En &quot;CINTILLO&quot;","block_context":{"text":"CINTILLO","link":"https:\/\/www.grieta.org.mx\/index.php\/category\/cintillo\/"},"img":{"alt_text":"","src":"https:\/\/i0.wp.com\/www.grieta.org.mx\/wp-content\/uploads\/2021\/01\/adolfo-vladimir.jpg?resize=350%2C200&ssl=1","width":350,"height":200,"srcset":"https:\/\/i0.wp.com\/www.grieta.org.mx\/wp-content\/uploads\/2021\/01\/adolfo-vladimir.jpg?resize=350%2C200&ssl=1 1x, https:\/\/i0.wp.com\/www.grieta.org.mx\/wp-content\/uploads\/2021\/01\/adolfo-vladimir.jpg?resize=525%2C300&ssl=1 1.5x"},"classes":[]},{"id":38121,"url":"https:\/\/www.grieta.org.mx\/index.php\/2019\/08\/21\/riesgo-de-represion-contra-opositores-a-minas-en-puebla-alerta-rema\/","url_meta":{"origin":23540,"position":4},"title":"Riesgo de represi\u00f3n contra opositores a minas en Puebla, alerta REMA","author":"Admin","date":"21 agosto, 2019","format":false,"excerpt":"Laura Ruiz \/ e-consulta La Red Mexicana de Afectados por la Miner\u00eda (REMA) consider\u00f3 a Puebla como una de las entidades en riesgo de represi\u00f3n social e hizo un llamado al presidente Andr\u00e9s Manuel L\u00f3pez Obrador para atender los conflictos de esa industria. Luego de que hace unos d\u00edas el\u2026","rel":"","context":"En &quot;CINTILLO&quot;","block_context":{"text":"CINTILLO","link":"https:\/\/www.grieta.org.mx\/index.php\/category\/cintillo\/"},"img":{"alt_text":"","src":"https:\/\/i0.wp.com\/www.grieta.org.mx\/wp-content\/uploads\/2019\/08\/minais.jpg?resize=350%2C200&ssl=1","width":350,"height":200,"srcset":"https:\/\/i0.wp.com\/www.grieta.org.mx\/wp-content\/uploads\/2019\/08\/minais.jpg?resize=350%2C200&ssl=1 1x, https:\/\/i0.wp.com\/www.grieta.org.mx\/wp-content\/uploads\/2019\/08\/minais.jpg?resize=525%2C300&ssl=1 1.5x"},"classes":[]},{"id":42252,"url":"https:\/\/www.grieta.org.mx\/index.php\/2019\/12\/10\/ocupan-minas-14-del-territorio-de-chihuahua\/","url_meta":{"origin":23540,"position":5},"title":"Ocupan minas 14% del territorio de Chihuahua","author":"grieta","date":"10 diciembre, 2019","format":false,"excerpt":"Itzel Ram\u00edrez\/ La Verdad Ciudad Ju\u00e1rez \u2013 Con m\u00e1s de cuatro mil 300 t\u00edtulos de concesi\u00f3n, el 14 por ciento del total del territorio de Chihuahua es ocupado por compa\u00f1\u00edas mineras que cuentan con anuencia para la explotaci\u00f3n de minerales, revelan datos del Servicio Geol\u00f3gico Minero y la Subsecretar\u00eda de\u2026","rel":"","context":"En &quot;Chihuahua&quot;","block_context":{"text":"Chihuahua","link":"https:\/\/www.grieta.org.mx\/index.php\/category\/noticias-nacionales\/chihuahua\/"},"img":{"alt_text":"","src":"https:\/\/i0.wp.com\/www.grieta.org.mx\/wp-content\/uploads\/2019\/12\/Foto-Mina-Samalayuca-1.-Cortes%C3%ADa-Sindacatura.jpeg?resize=350%2C200&ssl=1","width":350,"height":200,"srcset":"https:\/\/i0.wp.com\/www.grieta.org.mx\/wp-content\/uploads\/2019\/12\/Foto-Mina-Samalayuca-1.-Cortes%C3%ADa-Sindacatura.jpeg?resize=350%2C200&ssl=1 1x, https:\/\/i0.wp.com\/www.grieta.org.mx\/wp-content\/uploads\/2019\/12\/Foto-Mina-Samalayuca-1.-Cortes%C3%ADa-Sindacatura.jpeg?resize=525%2C300&ssl=1 1.5x, https:\/\/i0.wp.com\/www.grieta.org.mx\/wp-content\/uploads\/2019\/12\/Foto-Mina-Samalayuca-1.-Cortes%C3%ADa-Sindacatura.jpeg?resize=700%2C400&ssl=1 2x, https:\/\/i0.wp.com\/www.grieta.org.mx\/wp-content\/uploads\/2019\/12\/Foto-Mina-Samalayuca-1.-Cortes%C3%ADa-Sindacatura.jpeg?resize=1050%2C600&ssl=1 3x"},"classes":[]}],"_links":{"self":[{"href":"https:\/\/www.grieta.org.mx\/index.php\/wp-json\/wp\/v2\/posts\/23540","targetHints":{"allow":["GET"]}}],"collection":[{"href":"https:\/\/www.grieta.org.mx\/index.php\/wp-json\/wp\/v2\/posts"}],"about":[{"href":"https:\/\/www.grieta.org.mx\/index.php\/wp-json\/wp\/v2\/types\/post"}],"author":[{"embeddable":true,"href":"https:\/\/www.grieta.org.mx\/index.php\/wp-json\/wp\/v2\/users\/2"}],"replies":[{"embeddable":true,"href":"https:\/\/www.grieta.org.mx\/index.php\/wp-json\/wp\/v2\/comments?post=23540"}],"version-history":[{"count":1,"href":"https:\/\/www.grieta.org.mx\/index.php\/wp-json\/wp\/v2\/posts\/23540\/revisions"}],"predecessor-version":[{"id":23544,"href":"https:\/\/www.grieta.org.mx\/index.php\/wp-json\/wp\/v2\/posts\/23540\/revisions\/23544"}],"wp:featuredmedia":[{"embeddable":true,"href":"https:\/\/www.grieta.org.mx\/index.php\/wp-json\/wp\/v2\/media\/23541"}],"wp:attachment":[{"href":"https:\/\/www.grieta.org.mx\/index.php\/wp-json\/wp\/v2\/media?parent=23540"}],"wp:term":[{"taxonomy":"category","embeddable":true,"href":"https:\/\/www.grieta.org.mx\/index.php\/wp-json\/wp\/v2\/categories?post=23540"},{"taxonomy":"post_tag","embeddable":true,"href":"https:\/\/www.grieta.org.mx\/index.php\/wp-json\/wp\/v2\/tags?post=23540"}],"curies":[{"name":"wp","href":"https:\/\/api.w.org\/{rel}","templated":true}]}}