{"id":2354,"date":"2015-04-27T14:55:58","date_gmt":"2015-04-27T14:55:58","guid":{"rendered":"http:\/\/50.22.11.12\/~grietaor\/?p=2354"},"modified":"2016-03-12T14:58:14","modified_gmt":"2016-03-12T14:58:14","slug":"fuera-de-control-feminicidio-en-edomex","status":"publish","type":"post","link":"https:\/\/www.grieta.org.mx\/index.php\/2015\/04\/27\/fuera-de-control-feminicidio-en-edomex\/","title":{"rendered":"\u201cFuera de control\u201d, feminicidio en Edomex"},"content":{"rendered":"<p>Anaiz Zamora M\u00e1rquez<\/p>\n<p>Como en un callej\u00f3n sin salida, las mujeres mexiquenses est\u00e1n atrapadas en una espiral de violencia e impunidad que al parecer a las autoridades no les interesa resolver.<\/p>\n<p>Al alcanzar niveles \u201calarmantes\u201d, la violencia feminicida en el Estado de M\u00e9xico \u201cya se sali\u00f3 de control\u201d, advierten el Observatorio Ciudadano Nacional del Feminicidio (OCNF) y Amnist\u00eda Internacional (AI).<\/p>\n<p>A esa conclusi\u00f3n llegan defensoras de los derechos de las mujeres al ver el desinter\u00e9s, inacci\u00f3n e incluso el cinismo de las autoridades judiciales de la entidad, para poner fin a la ola de asesinatos y desapariciones que data de a\u00f1os.<br \/>\nChacel Colorado Pi\u00f1a, coordinadora de Incidencia en Pol\u00edtica P\u00fablica de AI-M\u00e9xico, observa que si bien a nivel nacional las mujeres deben enfrentar un contexto machista que \u201cnormaliza\u201d la violencia contra ellas, en la entidad mexiquense la problem\u00e1tica alcanza niveles \u201calarmantes\u201d.<\/p>\n<p>Desde hace un a\u00f1o \u2013tras meses de una batalla de amparos a favor y en contra de que se decrete la Alerta de Violencia de G\u00e9nero (AVG) en el Edomex\u2013, el Sistema Nacional para Prevenir, Atender, Sancionar y Erradicar la Violencia contra las Mujeres (SNPASEVM) \u2013integrado por instancias federales y estatales\u2013 se vio obligado por un fallo judicial a iniciar una investigaci\u00f3n por violencia feminicida en la entidad.<\/p>\n<p>No obstante, mientras a las mexiquenses las siguen matando y desapareciendo, hasta ahora no hay certeza de que la indagaci\u00f3n realizada por un \u201cGrupo Interinstitucional y Multidisciplinario\u201d \u2013conformado s\u00f3lo por representantes gubernamentales\u2013 haya concluido y tampoco hay un plazo para que se den a conocer sus resultados, critican el Observatorio Ciudadano Nacional del Feminicidio (OCNF) y Amnist\u00eda Internacional (AI).<\/p>\n<p>A lo anterior se suma que en marzo pasado \u2013en un hecho considerado como \u201chist\u00f3rico\u201d\u2013, la Suprema Corte de Justicia de la Naci\u00f3n (SCJN) orden\u00f3 a la Procuradur\u00eda General de Justicia del Estado de M\u00e9xico volver a investigar el asesinato de la joven Mariana Lima Buend\u00eda \u2013ultimada presuntamente por su pareja sentimental en 2010\u2013, debido a que aunque se trataba de un caso de feminicidio, la autoridad judicial le dio \u201ccarpetazo\u201d al asegurar que se trataba de un \u201csuicidio\u201d.<\/p>\n<p>Hasta ahora, el fallo de la SCJN no ha sido acatado por la PGJEM e incluso el presunto homicida de Mariana Lima \u2013Julio C\u00e9sar Hern\u00e1ndez Ballinas, agente judicial mexiquense\u2013 sigue libre y en funciones.<\/p>\n<p>ALARMA INTERNACIONAL<br \/>\nNi la cr\u00edtica a nivel internacional que ha desatado la ola de asesinatos y desapariciones de mujeres mexiquenses ha generado que el gobierno estatal se decida a acabar con la impunidad, y a cumplir con mandatos judiciales para brindar justicia a la poblaci\u00f3n femenina.<br \/>\nHace unos d\u00edas, el diario brit\u00e1nico The Guardian public\u00f3 un amplio reportaje sobre lo que llam\u00f3 \u201cla epidemia\u201d del feminicidio en el Edomex, realidad ante la que el gobernador Eruviel \u00c1vila decide \u201cguardar silencio\u201d, reproch\u00f3 el influyente medio.<br \/>\nDe 2005 a 2010 (durante la gesti\u00f3n estatal de Pe\u00f1a Nieto) se reportaron 922 asesinatos de mujeres en la entidad, seg\u00fan cifras oficiales. En los dos a\u00f1os siguientes (2011 y 2012) el n\u00famero de muertes violentas documentadas fue de 563, y al menos mil 258 ni\u00f1as y adolescentes fueron reportadas como desaparecidas.<\/p>\n<p>Cabe recordar que la demanda de que se active la AVG en el Estado de M\u00e9xico data de diciembre de 2010, y que ante la negativa del Sistema Nacional, las organizaciones civiles debieron iniciar una batalla de amparos.<br \/>\nGrupos civiles aseguran que actualmente dos menores de edad desaparecen cada d\u00eda, mientras que esta semana en un plazo de 48 horas se report\u00f3 en los medios el asesinato de cinco mexiquenses.<\/p>\n<p>\u201cEl caso omiso que se ha hecho de emitir la AVG, y la frecuencia con la que no se otorgan \u00f3rdenes de protecci\u00f3n (para las mujeres v\u00edctimas de violencia) no hacen otra cosa m\u00e1s que reflejar el patr\u00f3n de impunidad y omisi\u00f3n con el que trabajan las autoridades, as\u00ed como el hecho de que no hay una l\u00ednea clara sobre la importancia que tiene el trabajo de prevenci\u00f3n de violencia\u201d, agrega Colorado Pi\u00f1a, de AI-M\u00e9xico.<\/p>\n<p>En ello coincide Mar\u00eda de la Luz Estrada, coordinadora nacional del OCNF, quien asegura que el SNPASEVM sigue boqueando la activaci\u00f3n de la AVG, un mecanismo estipulado en la ley para actuar de manera inmediata y de emergencia ante graves situaciones de violencia contra las mujeres, como por la que atraviesa el Edomex.<\/p>\n<p>CINISMO<br \/>\nEn medio de este clima de impunidad y violencia, el pasado 16 de abril en reuni\u00f3n con la Comisi\u00f3n de Derechos Humanos de la C\u00e1mara de Diputados, el secretario de Gobierno mexiquense, Jos\u00e9 Sergio Manzur Quiroga, dijo que las elevadas cifras de \u2018muertas\u2019 en la entidad se deben a la alta densidad poblacional en el estado.<\/p>\n<p>En respuesta a la postura de las autoridades, Mar\u00eda de la Luz Estrada califica esta inacci\u00f3n como \u201caltamente reprochable\u201d, toda vez que el feminicidio se ha agravado tanto en incidencia como en brutalidad en el Edomex.<\/p>\n<p>\u201cHemos identificamos un patr\u00f3n en donde las j\u00f3venes son desaparecidas, tiempo despu\u00e9s son asesinadas en formas muy brutales, sus cuerpos son arrojados en lotes bald\u00edos, canales, zonas p\u00fablicas o carreteras\u201d, abunda.<\/p>\n<p>Ello ante un panorama en el que las madres y padres de familia son responsabilizados por las desapariciones de sus hijas, al mismo tiempo que son intimidados para que no soliciten ayuda de la sociedad civil, denuncia Estrada.<\/p>\n<p>Chacel Colorado Pi\u00f1a y Mar\u00eda de la Luz Estrada destacan que la sociedad civil no detendr\u00e1 su exigencia de justicia en el estado, por lo que adelantan que habr\u00e1 diversas acciones de incidencia y exigencia ciudadana.<\/p>\n<p>Como parte de esa lucha es el seguimiento al amparo presentado en febrero pasado ante un Juzgado de Distrito en Materia Administrativa del Distrito Federal, ante el retraso injustificado en la emisi\u00f3n de la declaratoria de AVG para el Edomex.<\/p>\n<p><a href=\"http:\/\/cimacnoticias.com.mx\/node\/69513\" target=\"_blank\">cimacnoticias.com.mx\/node\/69513<\/a><\/p>\n","protected":false},"excerpt":{"rendered":"<p>Anaiz Zamora M\u00e1rquez Como en un callej\u00f3n sin salida, las mujeres mexiquenses est\u00e1n atrapadas en una espiral de violencia e impunidad que al parecer a las autoridades no les interesa &hellip; <a href=\"https:\/\/www.grieta.org.mx\/index.php\/2015\/04\/27\/fuera-de-control-feminicidio-en-edomex\/\" class=\"more-link\">Leer m\u00e1s<\/a><\/p>\n","protected":false},"author":2,"featured_media":21928,"comment_status":"closed","ping_status":"open","sticky":false,"template":"","format":"standard","meta":{"ngg_post_thumbnail":0,"_jetpack_newsletter_access":"","_jetpack_dont_email_post_to_subs":false,"_jetpack_newsletter_tier_id":0,"_jetpack_memberships_contains_paywalled_content":false,"_jetpack_memberships_contains_paid_content":false,"footnotes":""},"categories":[80],"tags":[92,81],"class_list":["post-2354","post","type-post","status-publish","format-standard","has-post-thumbnail","hentry","category-cintillo","tag-estado-de-mexico","tag-feminicidios","entry"],"jetpack_featured_media_url":"https:\/\/www.grieta.org.mx\/wp-content\/uploads\/2018\/03\/14524434_1106112876131411_958039263622046936_o.jpg","jetpack_sharing_enabled":true,"jetpack_shortlink":"https:\/\/wp.me\/p7ZJR4-BY","jetpack_likes_enabled":false,"jetpack-related-posts":[{"id":38445,"url":"https:\/\/www.grieta.org.mx\/index.php\/2019\/08\/19\/veracruz-y-estado-de-mexico-es-donde-mas-se-mata-a-las-ninas\/","url_meta":{"origin":2354,"position":0},"title":"Veracruz y Estado de M\u00e9xico es donde m\u00e1s se mata a las ni\u00f1as","author":"grieta","date":"19 agosto, 2019","format":false,"excerpt":"Angeles Pillado \/ SDP Veracruz y el Edomex son las entidades donde se perpetra m\u00e1s el feminicidio infantil; en lo que va de 2019, 54 ni\u00f1as fueron asesinadas. M\u00e9xico.- Los estados de Veracruz y M\u00e9xico encabezan en cifras el feminicidio infantil pese a que ambas entidades tienen activas Alertas de\u2026","rel":"","context":"En &quot;CINTILLO&quot;","block_context":{"text":"CINTILLO","link":"https:\/\/www.grieta.org.mx\/index.php\/category\/cintillo\/"},"img":{"alt_text":"","src":"https:\/\/i0.wp.com\/www.grieta.org.mx\/wp-content\/uploads\/2019\/08\/5d5b169fcd9a9.jpeg?resize=350%2C200&ssl=1","width":350,"height":200,"srcset":"https:\/\/i0.wp.com\/www.grieta.org.mx\/wp-content\/uploads\/2019\/08\/5d5b169fcd9a9.jpeg?resize=350%2C200&ssl=1 1x, https:\/\/i0.wp.com\/www.grieta.org.mx\/wp-content\/uploads\/2019\/08\/5d5b169fcd9a9.jpeg?resize=525%2C300&ssl=1 1.5x, https:\/\/i0.wp.com\/www.grieta.org.mx\/wp-content\/uploads\/2019\/08\/5d5b169fcd9a9.jpeg?resize=700%2C400&ssl=1 2x"},"classes":[]},{"id":45332,"url":"https:\/\/www.grieta.org.mx\/index.php\/2020\/02\/27\/artistas-hacen-arder-la-frase-mexico-feminicida-frente-al-palacio-de-gobierno-de-jalisco\/","url_meta":{"origin":2354,"position":1},"title":"Artistas hacen arder la frase \u201cM\u00e9xico feminicida\u201d frente al palacio de gobierno de Jalisco","author":"grieta","date":"27 febrero, 2020","format":false,"excerpt":"Foto: Mario Marlo Mario Marlo \/ Zona Docs Hartas de la violencia contra las mujeres, los feminicidios en M\u00e9xico y la poca acci\u00f3n de las autoridades estatales y federales, un colectivo de mujeres artistas realiz\u00f3 un performance frente al Palacio de Gobierno de Jalisco,\u00a0para denunciar y exigir justicia para todas\u2026","rel":"","context":"En &quot;CINTILLO&quot;","block_context":{"text":"CINTILLO","link":"https:\/\/www.grieta.org.mx\/index.php\/category\/cintillo\/"},"img":{"alt_text":"","src":"https:\/\/i0.wp.com\/www.grieta.org.mx\/wp-content\/uploads\/2020\/02\/photo5672429510909339589-1280x640.jpg?resize=350%2C200&ssl=1","width":350,"height":200,"srcset":"https:\/\/i0.wp.com\/www.grieta.org.mx\/wp-content\/uploads\/2020\/02\/photo5672429510909339589-1280x640.jpg?resize=350%2C200&ssl=1 1x, https:\/\/i0.wp.com\/www.grieta.org.mx\/wp-content\/uploads\/2020\/02\/photo5672429510909339589-1280x640.jpg?resize=525%2C300&ssl=1 1.5x, https:\/\/i0.wp.com\/www.grieta.org.mx\/wp-content\/uploads\/2020\/02\/photo5672429510909339589-1280x640.jpg?resize=700%2C400&ssl=1 2x, https:\/\/i0.wp.com\/www.grieta.org.mx\/wp-content\/uploads\/2020\/02\/photo5672429510909339589-1280x640.jpg?resize=1050%2C600&ssl=1 3x"},"classes":[]},{"id":44350,"url":"https:\/\/www.grieta.org.mx\/index.php\/2020\/02\/14\/marchan-para-exigir-fin-a-la-violencia-contra-las-mujeres-estado-de-mexico\/","url_meta":{"origin":2354,"position":2},"title":"Marchan para exigir fin a la violencia contra las mujeres (Estado de M\u00e9xico)","author":"grieta","date":"14 febrero, 2020","format":false,"excerpt":"Aseguraron que las protestas seguir\u00e1n para crear conciencia y terminar la cultura machista que genera violencia. (Archivo) Zuleyma Garc\u00eda \/ Milenio Entre consignas y con pancartas las mujeres caminaron hasta el ayuntamiento donde donde de manera pac\u00edfica pidieron mejores resultados en seguridad. Lejos de festejar el 14 de febrero, este\u2026","rel":"","context":"En &quot;CINTILLO&quot;","block_context":{"text":"CINTILLO","link":"https:\/\/www.grieta.org.mx\/index.php\/category\/cintillo\/"},"img":{"alt_text":"","src":"https:\/\/i0.wp.com\/www.grieta.org.mx\/wp-content\/uploads\/2020\/02\/Marchan-para-exigir-fin-a-la-violencia-contra-las-mujeres-edomex-feb.jpeg?resize=350%2C200&ssl=1","width":350,"height":200,"srcset":"https:\/\/i0.wp.com\/www.grieta.org.mx\/wp-content\/uploads\/2020\/02\/Marchan-para-exigir-fin-a-la-violencia-contra-las-mujeres-edomex-feb.jpeg?resize=350%2C200&ssl=1 1x, https:\/\/i0.wp.com\/www.grieta.org.mx\/wp-content\/uploads\/2020\/02\/Marchan-para-exigir-fin-a-la-violencia-contra-las-mujeres-edomex-feb.jpeg?resize=525%2C300&ssl=1 1.5x, https:\/\/i0.wp.com\/www.grieta.org.mx\/wp-content\/uploads\/2020\/02\/Marchan-para-exigir-fin-a-la-violencia-contra-las-mujeres-edomex-feb.jpeg?resize=700%2C400&ssl=1 2x"},"classes":[]},{"id":12633,"url":"https:\/\/www.grieta.org.mx\/index.php\/2016\/05\/19\/sin-banco-de-datos-seguira-danza-de-cifras-sobre-feminicidio\/","url_meta":{"origin":2354,"position":3},"title":"Sin banco de datos seguir\u00e1 danza de cifras sobre feminicidio","author":"grieta","date":"19 mayo, 2016","format":false,"excerpt":"Presume Veracruz descenso de casos, pero no hay claridad Mientras en M\u00e9xico no funcione eficazmente el Banco Nacional de Datos e Informaci\u00f3n sobre Casos de Violencia contra las Mujeres (Banavim) \u2013cuya creaci\u00f3n fue ordenada por ley desde 2007\u2013, faltar\u00e1n datos certeros sobre los casos de feminicidio y estrategias para prevenirlos,\u2026","rel":"","context":"En &quot;CINTILLO&quot;","block_context":{"text":"CINTILLO","link":"https:\/\/www.grieta.org.mx\/index.php\/category\/cintillo\/"},"img":{"alt_text":"","src":"https:\/\/i0.wp.com\/www.grieta.org.mx\/wp-content\/uploads\/2018\/03\/14524434_1106112876131411_958039263622046936_o.jpg?resize=350%2C200&ssl=1","width":350,"height":200,"srcset":"https:\/\/i0.wp.com\/www.grieta.org.mx\/wp-content\/uploads\/2018\/03\/14524434_1106112876131411_958039263622046936_o.jpg?resize=350%2C200&ssl=1 1x, https:\/\/i0.wp.com\/www.grieta.org.mx\/wp-content\/uploads\/2018\/03\/14524434_1106112876131411_958039263622046936_o.jpg?resize=525%2C300&ssl=1 1.5x, https:\/\/i0.wp.com\/www.grieta.org.mx\/wp-content\/uploads\/2018\/03\/14524434_1106112876131411_958039263622046936_o.jpg?resize=700%2C400&ssl=1 2x"},"classes":[]},{"id":57313,"url":"https:\/\/www.grieta.org.mx\/index.php\/2021\/03\/08\/ellos-pusieron-una-valla-nosotras-un-memorial-mujeres-solidarias-denuncian-el-feminicidio-interviniendo-las-vallas-de-amlo-sheinbaum-ciudad-de-mexico\/","url_meta":{"origin":2354,"position":4},"title":"&#8220;Ellos pusieron una valla, nosotras un memorial&#8221;: Mujeres solidarias denuncian el feminicidio interviniendo las vallas de AMLO\/Sheinbaum (Ciudad de M\u00e9xico)","author":"grieta","date":"8 marzo, 2021","format":false,"excerpt":"\u00a0 Un d\u00eda antes del d\u00eda internacional de la mujer, mujeres organizadas nombran a las mujeres que faltan y que fueron v\u00edctimas de feminicidio al tiempo que denuncian el desd\u00e9n, indiferencia y omisiones de las autoridades federales y locales. \u00a0 COLECTIVO GRIETA\/ Ciudad de M\u00e9xico.- Las vallas y cercas alzadas\u2026","rel":"","context":"En &quot;CINTILLO&quot;","block_context":{"text":"CINTILLO","link":"https:\/\/www.grieta.org.mx\/index.php\/category\/cintillo\/"},"img":{"alt_text":"","src":"https:\/\/i0.wp.com\/www.grieta.org.mx\/wp-content\/uploads\/2021\/03\/Zocalo-intervenido.jpg?resize=350%2C200&ssl=1","width":350,"height":200,"srcset":"https:\/\/i0.wp.com\/www.grieta.org.mx\/wp-content\/uploads\/2021\/03\/Zocalo-intervenido.jpg?resize=350%2C200&ssl=1 1x, https:\/\/i0.wp.com\/www.grieta.org.mx\/wp-content\/uploads\/2021\/03\/Zocalo-intervenido.jpg?resize=525%2C300&ssl=1 1.5x, https:\/\/i0.wp.com\/www.grieta.org.mx\/wp-content\/uploads\/2021\/03\/Zocalo-intervenido.jpg?resize=700%2C400&ssl=1 2x, https:\/\/i0.wp.com\/www.grieta.org.mx\/wp-content\/uploads\/2021\/03\/Zocalo-intervenido.jpg?resize=1050%2C600&ssl=1 3x"},"classes":[]},{"id":55453,"url":"https:\/\/www.grieta.org.mx\/index.php\/2020\/11\/22\/colectivos-protestan-colgando-mantas-en-toluca-ante-el-aumento-de-femenicidios-estado-de-mexico\/","url_meta":{"origin":2354,"position":5},"title":"Colectivos protestan colgando mantas en Toluca ante el aumento de femenicidios (Estado de M\u00e9xico)","author":"grieta","date":"22 noviembre, 2020","format":false,"excerpt":"Foto tomada de: ADNoticias V\u00edctor Castillo \/ ADNoticias Hasta octubre en el Estado de M\u00e9xico se han contabilizado 119 casos de feminicidio Integrantes de colectivos feministas colocaron este s\u00e1bado mantas sobre un puente peatonal en Paseo Tollocan, en protesta por los feminicidios en el Estado de M\u00e9xico. Esto se suma\u2026","rel":"","context":"En &quot;CINTILLO&quot;","block_context":{"text":"CINTILLO","link":"https:\/\/www.grieta.org.mx\/index.php\/category\/cintillo\/"},"img":{"alt_text":"","src":"https:\/\/i0.wp.com\/www.grieta.org.mx\/wp-content\/uploads\/2020\/11\/Colectivos-protestan-colgando-mantas-en-Toluca-ante-el-aumento-de-femenicidios-edomex-nov.jpg?resize=350%2C200&ssl=1","width":350,"height":200,"srcset":"https:\/\/i0.wp.com\/www.grieta.org.mx\/wp-content\/uploads\/2020\/11\/Colectivos-protestan-colgando-mantas-en-Toluca-ante-el-aumento-de-femenicidios-edomex-nov.jpg?resize=350%2C200&ssl=1 1x, https:\/\/i0.wp.com\/www.grieta.org.mx\/wp-content\/uploads\/2020\/11\/Colectivos-protestan-colgando-mantas-en-Toluca-ante-el-aumento-de-femenicidios-edomex-nov.jpg?resize=525%2C300&ssl=1 1.5x, https:\/\/i0.wp.com\/www.grieta.org.mx\/wp-content\/uploads\/2020\/11\/Colectivos-protestan-colgando-mantas-en-Toluca-ante-el-aumento-de-femenicidios-edomex-nov.jpg?resize=700%2C400&ssl=1 2x"},"classes":[]}],"_links":{"self":[{"href":"https:\/\/www.grieta.org.mx\/index.php\/wp-json\/wp\/v2\/posts\/2354","targetHints":{"allow":["GET"]}}],"collection":[{"href":"https:\/\/www.grieta.org.mx\/index.php\/wp-json\/wp\/v2\/posts"}],"about":[{"href":"https:\/\/www.grieta.org.mx\/index.php\/wp-json\/wp\/v2\/types\/post"}],"author":[{"embeddable":true,"href":"https:\/\/www.grieta.org.mx\/index.php\/wp-json\/wp\/v2\/users\/2"}],"replies":[{"embeddable":true,"href":"https:\/\/www.grieta.org.mx\/index.php\/wp-json\/wp\/v2\/comments?post=2354"}],"version-history":[{"count":1,"href":"https:\/\/www.grieta.org.mx\/index.php\/wp-json\/wp\/v2\/posts\/2354\/revisions"}],"predecessor-version":[{"id":2359,"href":"https:\/\/www.grieta.org.mx\/index.php\/wp-json\/wp\/v2\/posts\/2354\/revisions\/2359"}],"wp:featuredmedia":[{"embeddable":true,"href":"https:\/\/www.grieta.org.mx\/index.php\/wp-json\/wp\/v2\/media\/21928"}],"wp:attachment":[{"href":"https:\/\/www.grieta.org.mx\/index.php\/wp-json\/wp\/v2\/media?parent=2354"}],"wp:term":[{"taxonomy":"category","embeddable":true,"href":"https:\/\/www.grieta.org.mx\/index.php\/wp-json\/wp\/v2\/categories?post=2354"},{"taxonomy":"post_tag","embeddable":true,"href":"https:\/\/www.grieta.org.mx\/index.php\/wp-json\/wp\/v2\/tags?post=2354"}],"curies":[{"name":"wp","href":"https:\/\/api.w.org\/{rel}","templated":true}]}}