{"id":23481,"date":"2018-06-01T01:31:09","date_gmt":"2018-06-01T06:31:09","guid":{"rendered":"http:\/\/www.grieta.org.mx\/?p=23481"},"modified":"2018-06-06T01:36:58","modified_gmt":"2018-06-06T06:36:58","slug":"el-ustedes-quieren-votos-nosotros-justicia-tambien-resuena-en-colima","status":"publish","type":"post","link":"https:\/\/www.grieta.org.mx\/index.php\/2018\/06\/01\/el-ustedes-quieren-votos-nosotros-justicia-tambien-resuena-en-colima\/","title":{"rendered":"El \u201cUstedes quieren votos, nosotros justicia\u201d, tambi\u00e9n resuena en Colima"},"content":{"rendered":"<p><img decoding=\"async\" data-attachment-id=\"23480\" data-permalink=\"https:\/\/www.grieta.org.mx\/?attachment_id=23480\" data-orig-file=\"https:\/\/www.grieta.org.mx\/wp-content\/uploads\/2018\/06\/protesssOK-1078x808.jpg\" data-orig-size=\"1078,808\" data-comments-opened=\"0\" data-image-meta=\"{&quot;aperture&quot;:&quot;0&quot;,&quot;credit&quot;:&quot;&quot;,&quot;camera&quot;:&quot;&quot;,&quot;caption&quot;:&quot;&quot;,&quot;created_timestamp&quot;:&quot;0&quot;,&quot;copyright&quot;:&quot;&quot;,&quot;focal_length&quot;:&quot;0&quot;,&quot;iso&quot;:&quot;0&quot;,&quot;shutter_speed&quot;:&quot;0&quot;,&quot;title&quot;:&quot;&quot;,&quot;orientation&quot;:&quot;0&quot;}\" data-image-title=\"protesssOK-1078&amp;#215;808\" data-image-description=\"\" data-image-caption=\"\" data-medium-file=\"https:\/\/www.grieta.org.mx\/wp-content\/uploads\/2018\/06\/protesssOK-1078x808-300x225.jpg\" data-large-file=\"https:\/\/www.grieta.org.mx\/wp-content\/uploads\/2018\/06\/protesssOK-1078x808-1024x768.jpg\" src=\"http:\/\/www.grieta.org.mx\/wp-content\/uploads\/2018\/06\/protesssOK-1078x808-1024x768.jpg\" alt=\"\" width=\"100%\" class=\"aligncenter size-large wp-image-23480\" srcset=\"https:\/\/www.grieta.org.mx\/wp-content\/uploads\/2018\/06\/protesssOK-1078x808-1024x768.jpg 1024w, https:\/\/www.grieta.org.mx\/wp-content\/uploads\/2018\/06\/protesssOK-1078x808-300x225.jpg 300w, https:\/\/www.grieta.org.mx\/wp-content\/uploads\/2018\/06\/protesssOK-1078x808-768x576.jpg 768w, https:\/\/www.grieta.org.mx\/wp-content\/uploads\/2018\/06\/protesssOK-1078x808-667x500.jpg 667w, https:\/\/www.grieta.org.mx\/wp-content\/uploads\/2018\/06\/protesssOK-1078x808.jpg 1078w\" sizes=\"(max-width: 1024px) 100vw, 1024px\" \/><\/p>\n<p>POR PEDRO ZAMORA BRISE\u00d1O<\/p>\n<blockquote><p>COLIMA, Col. (apro).- Este viernes, periodistas realizaron aqu\u00ed un plant\u00f3n afuera de palacio de gobierno, en protesta por el incremento en los asesinatos de comunicadores en el pa\u00eds, como parte de una jornada de movilizaciones llevada a cabo en varias ciudades mexicanas.<\/p><\/blockquote>\n<p>Con consignas como \u201cUstedes quieren votos, nosotros justicia\u201d, \u201cNo se calla la verdad matando periodistas\u201d y \u201cSeis periodistas asesinados en lo que va del a\u00f1o, \u00a1ni uno m\u00e1s!\u201d, los reporteros colocaron en la explanada exterior del edificio gubernamental una cruz con veladoras encendidas.<\/p>\n<p>Juan Carlos Flores Carrillo, presidente de la Comisi\u00f3n General para la Protecci\u00f3n Integral del Ejercicio Period\u00edstico del Estado de Colima (Copip), ley\u00f3 el pronunciamiento nacional de esta jornada, en el que se enlista a los comunicadores asesinados en lo que va del a\u00f1o: H\u00e9ctor Gonz\u00e1lez Antonio (Tamaulipas), Alicia D\u00edaz (Nuevo Le\u00f3n), Juan Carlos Huerta (Tabasco), Leobardo V\u00e1zquez (Veracruz), Leslie Montenegro (Guerrero) y Agust\u00edn Silva (Oaxaca), quien se encuentra desaparecido.<\/p>\n<p>Seg\u00fan el documento, son 42 los comunicadores asesinados en lo que va del gobierno del presidente Enrique Pe\u00f1a Nieto. \u201cLa suma ya se eleva a m\u00e1s de 140 periodistas asesinados y desaparecidos en M\u00e9xico del a\u00f1o 2000 al presente. \u00bfHasta cu\u00e1ndo seguir\u00e1n la muerte, las amenazas, la censura? M\u00e9xico se ha transformado en uno de los pa\u00edses m\u00e1s peligrosos del mundo para ejercer el periodismo, que no es otra cosa que informar lo que ocurre\u201d.<\/p>\n<p>El pronunciamiento asumido por los periodistas del pa\u00eds establece que el gremio de los informadores vive \u201cen un duelo eterno: No paramos de llorar a quienes nos faltan. Cada asesinato pega distinto. Algunos reabren pesadillas o heridas en quienes hemos vivido la p\u00e9rdida de un colega conocido, o amigo\u201d.<\/p>\n<p>A\u00f1ade: \u201cComo gremio, hemos buscado reaccionar de diversas formas frente a ese dolor y esa sensaci\u00f3n de vulnerabilidad en nuestra profesi\u00f3n (\u2026); hoy salimos a protestar a las calles, sin embargo, parece que nada cala, nada alcanza. Queremos que se escuche claramente: las autoridades son parte fundamental en este horror. M\u00e1s de 60% de las agresiones que sufrimos provienen de autoridades y, en 100% de los casos, tambi\u00e9n son autoridades quienes garantizan que no exista ni verdad ni justicia\u201d.<\/p>\n<p>Advierte que, con cada colega amenazado, desaparecido o asesinado, \u201chemos obtenido palabras vac\u00edas y simulaci\u00f3n, instituciones fachada que no cumplen ni sus m\u00e1s b\u00e1sicos objetivos de proteger a nuestros compa\u00f1eros, y la muestra est\u00e1 en que nos siguen matando aun estando bajo resguardo del Estado\u201d.<\/p>\n<p>Las elecciones, estima, no auguran nada bueno: \u201cEntre m\u00e1s se acercan, m\u00e1s miedo tenemos a que los periodistas suframos m\u00e1s violencia. Tampoco estamos en la agenda de los candidatos. La defensa del derecho a informar, tan elemental en una sociedad democr\u00e1tica, no redit\u00faa votos, no mueve masas, no le importa a ninguna autoridad en turno o a quienes aspiran a serlo\u201d.<\/p>\n<p>Por su parte, Juan Ram\u00f3n Negrete Jim\u00e9nez, integrante del Comit\u00e9 Ejecutivo Nacional de la Federaci\u00f3n de Asociaciones de Periodistas Mexicanos (Fapermex), se\u00f1al\u00f3 que su organizaci\u00f3n desde el a\u00f1o 2000 a la fecha tiene registrados 225 asesinatos de periodistas, familiares, o personas relacionadas con medios de comunicaci\u00f3n, de los que 88 han ocurrido durante el actual sexenio, adem\u00e1s de que hay 29 informadores desaparecidos.<\/p>\n<p>\u201cAlzamos nuestra voz para demandar al gobierno de la Rep\u00fablica que, a trav\u00e9s de la Fiscal\u00eda Especializada y la Procuradur\u00eda General de la Rep\u00fablica, se atraigan y esclarezcan todos los casos\u201d, se\u00f1al\u00f3.<\/p>\n<p>As\u00ed tambi\u00e9n, reclam\u00f3 a las autoridades colimenses que agilicen las averiguaciones para conocer el paradero de tres trabajadores de medios que tienen varias semanas desaparecidos: un locutor y los dos administradores del grupo digital \u201cAlerta Tecom\u00e1n\u201d, en ese municipio.<br \/>\nAntes hab\u00eda sido asesinado un cronista deportivo de Tecom\u00e1n y un informador independiente de Manzanillo que divulgaba sus contenidos a trav\u00e9s de su muro de Facebook.<\/p>\n<p>Negrete Jim\u00e9nez reprob\u00f3 adem\u00e1s las agresiones cometidas por polic\u00edas o manifestantes contra periodistas que han cubierto manifestaciones, \u201crechazamos aquellas voces que quieren arrogarse la facultad de decidir qui\u00e9n cubre y qui\u00e9n no los actos informativos; nuestro compromiso es con la verdad y lo \u00fanico que demandamos de las autoridades es que nos den las facilidades para cumplir con nuestra responsabilidad\u201d.<\/p>\n<p><a href=\"https:\/\/www.proceso.com.mx\/536804\/el-ustedes-quieren-votos-nosotros-justicia-tambien-resuena-en-colima\" rel=\"noopener\" target=\"_blank\">https:\/\/www.proceso.com.mx\/536804\/el-ustedes-quieren-votos-nosotros-justicia-tambien-resuena-en-colima<\/a><\/p>\n","protected":false},"excerpt":{"rendered":"<p>POR PEDRO ZAMORA BRISE\u00d1O COLIMA, Col. (apro).- Este viernes, periodistas realizaron aqu\u00ed un plant\u00f3n afuera de palacio de gobierno, en protesta por el incremento en los asesinatos de comunicadores en &hellip; <a href=\"https:\/\/www.grieta.org.mx\/index.php\/2018\/06\/01\/el-ustedes-quieren-votos-nosotros-justicia-tambien-resuena-en-colima\/\" class=\"more-link\">Leer m\u00e1s<\/a><\/p>\n","protected":false},"author":2,"featured_media":23480,"comment_status":"closed","ping_status":"closed","sticky":false,"template":"","format":"standard","meta":{"ngg_post_thumbnail":0,"_jetpack_newsletter_access":"","_jetpack_dont_email_post_to_subs":false,"_jetpack_newsletter_tier_id":0,"_jetpack_memberships_contains_paywalled_content":false,"_jetpack_memberships_contains_paid_content":false,"footnotes":""},"categories":[80,13,2,1309,83,88],"tags":[1180,1310],"class_list":["post-23481","post","type-post","status-publish","format-standard","has-post-thumbnail","hentry","category-cintillo","category-colima","category-noticias-nacionales","category-protestas-contra-el-asesinato-de-periodistas","category-temas-nacionales","category-violencia-contra-periodistas","tag-asesinato-de-periodistas","tag-protestas-contra-el-asesinato-de-periodistas","entry"],"jetpack_featured_media_url":"https:\/\/www.grieta.org.mx\/wp-content\/uploads\/2018\/06\/protesssOK-1078x808.jpg","jetpack_sharing_enabled":true,"jetpack_shortlink":"https:\/\/wp.me\/p7ZJR4-66J","jetpack_likes_enabled":false,"jetpack-related-posts":[{"id":38158,"url":"https:\/\/www.grieta.org.mx\/index.php\/2019\/08\/21\/se-unen-periodistas-colimenses-al-repudio-por-agresiones-y-asesinatos-en-su-contra-colima\/","url_meta":{"origin":23481,"position":0},"title":"Se unen periodistas colimenses al repudio por agresiones y asesinatos en su contra (Colima)","author":"grieta","date":"21 agosto, 2019","format":false,"excerpt":"Foto: El Comentario Redacci\u00f3n \/ El Comentario Un grupo de\u00a0periodistas colimenses, efectuaron una\u00a0manifestaci\u00f3n\u00a0a la entrada del inmueble del\u00a0Palacio\u00a0Legislativo, para unirse a la\u00a0protesta nacional\u00a0organizada para manifestar su repudio en contra de las\u00a0agresiones\u00a0y\u00a0asesinatos\u00a0cometidos en\u00a0contra de periodistas\u00a0y\u00a0comunicadores en el pa\u00eds. El corresponsal del peri\u00f3dico\u00a0La Jornada,\u00a0Juan Carlos Flores Carrillo, se\u00f1al\u00f3 que en lo que\u2026","rel":"","context":"En &quot;CINTILLO&quot;","block_context":{"text":"CINTILLO","link":"https:\/\/www.grieta.org.mx\/index.php\/category\/cintillo\/"},"img":{"alt_text":"","src":"https:\/\/i0.wp.com\/www.grieta.org.mx\/wp-content\/uploads\/2019\/08\/ba020e82d02031c87c793e1e29859f65.jpg?resize=350%2C200&ssl=1","width":350,"height":200,"srcset":"https:\/\/i0.wp.com\/www.grieta.org.mx\/wp-content\/uploads\/2019\/08\/ba020e82d02031c87c793e1e29859f65.jpg?resize=350%2C200&ssl=1 1x, https:\/\/i0.wp.com\/www.grieta.org.mx\/wp-content\/uploads\/2019\/08\/ba020e82d02031c87c793e1e29859f65.jpg?resize=525%2C300&ssl=1 1.5x, https:\/\/i0.wp.com\/www.grieta.org.mx\/wp-content\/uploads\/2019\/08\/ba020e82d02031c87c793e1e29859f65.jpg?resize=700%2C400&ssl=1 2x, https:\/\/i0.wp.com\/www.grieta.org.mx\/wp-content\/uploads\/2019\/08\/ba020e82d02031c87c793e1e29859f65.jpg?resize=1050%2C600&ssl=1 3x"},"classes":[]},{"id":2756,"url":"https:\/\/www.grieta.org.mx\/index.php\/2015\/08\/03\/protestan-en-colima-por-asesinato-de-foto-periodista-y-cuatro-mujeres\/","url_meta":{"origin":23481,"position":1},"title":"Protestan en Colima por asesinato de foto periodista y cuatro mujeres","author":"grieta","date":"3 agosto, 2015","format":false,"excerpt":"Escrito por Heidi de Le\u00f3n Guti\u00e9rrez Colima M\u00e9xico. Avanzada (3 de agosto de 2015).- Periodistas colimenses se unieron a las protestas que a nivel nacional e internacional se han hecho por asesinato del foto periodista Rub\u00e9n Espinosa, y cuatro mujeres, ocurrido en la colonia Narvarte en el Distrito Federal. Los\u2026","rel":"","context":"En &quot;CINTILLO&quot;","block_context":{"text":"CINTILLO","link":"https:\/\/www.grieta.org.mx\/index.php\/category\/cintillo\/"},"img":{"alt_text":"","src":"https:\/\/i0.wp.com\/www.grieta.org.mx\/wp-content\/uploads\/2018\/03\/14524434_1106112876131411_958039263622046936_o.jpg?resize=350%2C200&ssl=1","width":350,"height":200,"srcset":"https:\/\/i0.wp.com\/www.grieta.org.mx\/wp-content\/uploads\/2018\/03\/14524434_1106112876131411_958039263622046936_o.jpg?resize=350%2C200&ssl=1 1x, https:\/\/i0.wp.com\/www.grieta.org.mx\/wp-content\/uploads\/2018\/03\/14524434_1106112876131411_958039263622046936_o.jpg?resize=525%2C300&ssl=1 1.5x, https:\/\/i0.wp.com\/www.grieta.org.mx\/wp-content\/uploads\/2018\/03\/14524434_1106112876131411_958039263622046936_o.jpg?resize=700%2C400&ssl=1 2x"},"classes":[]},{"id":33559,"url":"https:\/\/www.grieta.org.mx\/index.php\/2019\/05\/15\/periodistas-claman-justicia-para-javier-valdez-sinaloa\/","url_meta":{"origin":23481,"position":2},"title":"Periodistas claman justicia para Javier Valdez (Sinaloa)","author":"grieta","date":"15 mayo, 2019","format":false,"excerpt":"El d\u00eda de hoy se cumplieron dos a\u00f1os del cobarde asesinato del periodista Javier Valdez. Esmeralda Ivonne Ba\u00f1uelos Rodr\u00edguez \/ El Debate Guam\u00fachil,\u00a0Sinaloa.- A dos a\u00f1os del asesinato del periodista Javier Valdez, en la ciudad de Culiac\u00e1n, el club de periodistas de Guam\u00fachil se sum\u00f3 este 15 de mayo a\u2026","rel":"","context":"En &quot;CINTILLO&quot;","block_context":{"text":"CINTILLO","link":"https:\/\/www.grieta.org.mx\/index.php\/category\/cintillo\/"},"img":{"alt_text":"","src":"https:\/\/i0.wp.com\/www.grieta.org.mx\/wp-content\/uploads\/2019\/05\/img-20190515-wa0021.jpeg_749719311.jpeg?resize=350%2C200&ssl=1","width":350,"height":200,"srcset":"https:\/\/i0.wp.com\/www.grieta.org.mx\/wp-content\/uploads\/2019\/05\/img-20190515-wa0021.jpeg_749719311.jpeg?resize=350%2C200&ssl=1 1x, https:\/\/i0.wp.com\/www.grieta.org.mx\/wp-content\/uploads\/2019\/05\/img-20190515-wa0021.jpeg_749719311.jpeg?resize=525%2C300&ssl=1 1.5x, https:\/\/i0.wp.com\/www.grieta.org.mx\/wp-content\/uploads\/2019\/05\/img-20190515-wa0021.jpeg_749719311.jpeg?resize=700%2C400&ssl=1 2x"},"classes":[]},{"id":63205,"url":"https:\/\/www.grieta.org.mx\/index.php\/2022\/01\/26\/periodistas-en-colima-se-suman-a-la-jornada-nacional-de-protesta\/","url_meta":{"origin":23481,"position":3},"title":"Periodistas en Colima se suman a la jornada nacional de protesta","author":"grieta","date":"26 enero, 2022","format":false,"excerpt":"Foto: Diario Avanzada Heidi de Le\u00f3n Guti\u00e9rrez \/ Diario Avanzada Colima, M\u00e9xico, Avanzada (26\/01\/2022).- Periodistas de Colima se unen a la protesta nacional que ayer se realiz\u00f3 por los asesinatos de reporteros en diferentes entidades del pa\u00eds. Afuera de Palacio de Gobierno, los periodistas colocaron las fotograf\u00edas de Lourdes Maldonado,\u2026","rel":"","context":"En &quot;CINTILLO&quot;","block_context":{"text":"CINTILLO","link":"https:\/\/www.grieta.org.mx\/index.php\/category\/cintillo\/"},"img":{"alt_text":"","src":"https:\/\/i0.wp.com\/www.grieta.org.mx\/wp-content\/uploads\/2022\/01\/image-237.png?resize=350%2C200&ssl=1","width":350,"height":200,"srcset":"https:\/\/i0.wp.com\/www.grieta.org.mx\/wp-content\/uploads\/2022\/01\/image-237.png?resize=350%2C200&ssl=1 1x, https:\/\/i0.wp.com\/www.grieta.org.mx\/wp-content\/uploads\/2022\/01\/image-237.png?resize=525%2C300&ssl=1 1.5x"},"classes":[]},{"id":63184,"url":"https:\/\/www.grieta.org.mx\/index.php\/2022\/01\/25\/se-manifiestan-en-playa-del-carmen-por-el-asesinato-de-la-periodista-lourdes-maldonado-quintana-roo\/","url_meta":{"origin":23481,"position":4},"title":"Se manifiestan en Playa del Carmen por el asesinato de la periodista Lourdes Maldonado (Quintana Roo)","author":"grieta","date":"25 enero, 2022","format":false,"excerpt":"Fernando Morcillo \/ PorEsto! Reporteros acudieron al Palacio Municipal de Playa del Carmen para exigir justicia por el asesinato de la Lourdes Maldonado, periodista asesinada en Baja California, adem\u00e1s de tener condiciones seguras para trabajar Reporteros de Playa del Carmen se manifiestan en los bajos del Palacio Municipal, como parte\u2026","rel":"","context":"En &quot;CINTILLO&quot;","block_context":{"text":"CINTILLO","link":"https:\/\/www.grieta.org.mx\/index.php\/category\/cintillo\/"},"img":{"alt_text":"","src":"https:\/\/i0.wp.com\/www.grieta.org.mx\/wp-content\/uploads\/2022\/01\/PlayaPeriodistas-e1643308857279.png?resize=350%2C200&ssl=1","width":350,"height":200,"srcset":"https:\/\/i0.wp.com\/www.grieta.org.mx\/wp-content\/uploads\/2022\/01\/PlayaPeriodistas-e1643308857279.png?resize=350%2C200&ssl=1 1x, https:\/\/i0.wp.com\/www.grieta.org.mx\/wp-content\/uploads\/2022\/01\/PlayaPeriodistas-e1643308857279.png?resize=525%2C300&ssl=1 1.5x, https:\/\/i0.wp.com\/www.grieta.org.mx\/wp-content\/uploads\/2022\/01\/PlayaPeriodistas-e1643308857279.png?resize=700%2C400&ssl=1 2x"},"classes":[]},{"id":47373,"url":"https:\/\/www.grieta.org.mx\/index.php\/2020\/03\/31\/exigen-un-alto-a-violencia-contra-periodistas-tras-asesinato-en-veracruz-video\/","url_meta":{"origin":23481,"position":5},"title":"Exigen un alto a violencia contra periodistas tras asesinato en Veracruz | Video","author":"Admin","date":"31 marzo, 2020","format":false,"excerpt":"Redacci\u00f3n \/ Aristegui Noticias El periodista \u00c9dgar Escamilla informa que Mar\u00eda Elena Ferral ten\u00eda 30 a\u00f1os informando en los municipios de la zona totonaca, donde se dedic\u00f3 a la cobertura de las manifestaciones y exigencias que se registraban en la zona. Informa desde la protesta por el asesinato de la\u2026","rel":"","context":"En &quot;CINTILLO&quot;","block_context":{"text":"CINTILLO","link":"https:\/\/www.grieta.org.mx\/index.php\/category\/cintillo\/"},"img":{"alt_text":"","src":"https:\/\/i0.wp.com\/www.grieta.org.mx\/wp-content\/uploads\/2020\/04\/Screenshot_2020-04-07-Exigen-un-alto-a-violencia-contra-periodistas-tras-asesinato-en-Veracruz-Video.png?resize=350%2C200&ssl=1","width":350,"height":200,"srcset":"https:\/\/i0.wp.com\/www.grieta.org.mx\/wp-content\/uploads\/2020\/04\/Screenshot_2020-04-07-Exigen-un-alto-a-violencia-contra-periodistas-tras-asesinato-en-Veracruz-Video.png?resize=350%2C200&ssl=1 1x, https:\/\/i0.wp.com\/www.grieta.org.mx\/wp-content\/uploads\/2020\/04\/Screenshot_2020-04-07-Exigen-un-alto-a-violencia-contra-periodistas-tras-asesinato-en-Veracruz-Video.png?resize=525%2C300&ssl=1 1.5x"},"classes":[]}],"_links":{"self":[{"href":"https:\/\/www.grieta.org.mx\/index.php\/wp-json\/wp\/v2\/posts\/23481","targetHints":{"allow":["GET"]}}],"collection":[{"href":"https:\/\/www.grieta.org.mx\/index.php\/wp-json\/wp\/v2\/posts"}],"about":[{"href":"https:\/\/www.grieta.org.mx\/index.php\/wp-json\/wp\/v2\/types\/post"}],"author":[{"embeddable":true,"href":"https:\/\/www.grieta.org.mx\/index.php\/wp-json\/wp\/v2\/users\/2"}],"replies":[{"embeddable":true,"href":"https:\/\/www.grieta.org.mx\/index.php\/wp-json\/wp\/v2\/comments?post=23481"}],"version-history":[{"count":1,"href":"https:\/\/www.grieta.org.mx\/index.php\/wp-json\/wp\/v2\/posts\/23481\/revisions"}],"predecessor-version":[{"id":23482,"href":"https:\/\/www.grieta.org.mx\/index.php\/wp-json\/wp\/v2\/posts\/23481\/revisions\/23482"}],"wp:featuredmedia":[{"embeddable":true,"href":"https:\/\/www.grieta.org.mx\/index.php\/wp-json\/wp\/v2\/media\/23480"}],"wp:attachment":[{"href":"https:\/\/www.grieta.org.mx\/index.php\/wp-json\/wp\/v2\/media?parent=23481"}],"wp:term":[{"taxonomy":"category","embeddable":true,"href":"https:\/\/www.grieta.org.mx\/index.php\/wp-json\/wp\/v2\/categories?post=23481"},{"taxonomy":"post_tag","embeddable":true,"href":"https:\/\/www.grieta.org.mx\/index.php\/wp-json\/wp\/v2\/tags?post=23481"}],"curies":[{"name":"wp","href":"https:\/\/api.w.org\/{rel}","templated":true}]}}