{"id":23421,"date":"2018-05-28T15:34:36","date_gmt":"2018-05-28T20:34:36","guid":{"rendered":"http:\/\/www.grieta.org.mx\/?p=23421"},"modified":"2018-06-04T15:40:37","modified_gmt":"2018-06-04T20:40:37","slug":"altos-costos-de-la-luz-es-una-mentada-sinaloa","status":"publish","type":"post","link":"https:\/\/www.grieta.org.mx\/index.php\/2018\/05\/28\/altos-costos-de-la-luz-es-una-mentada-sinaloa\/","title":{"rendered":"Altos costos de la luz, es una \u201cmentada&#8221; (Sinaloa)"},"content":{"rendered":"<p><img decoding=\"async\" data-attachment-id=\"23422\" data-permalink=\"https:\/\/www.grieta.org.mx\/index.php\/2018\/05\/28\/altos-costos-de-la-luz-es-una-mentada-sinaloa\/recibo\/\" data-orig-file=\"https:\/\/www.grieta.org.mx\/wp-content\/uploads\/2018\/06\/recibo.jpg\" data-orig-size=\"900,550\" data-comments-opened=\"0\" data-image-meta=\"{&quot;aperture&quot;:&quot;0&quot;,&quot;credit&quot;:&quot;&quot;,&quot;camera&quot;:&quot;&quot;,&quot;caption&quot;:&quot;&quot;,&quot;created_timestamp&quot;:&quot;0&quot;,&quot;copyright&quot;:&quot;&quot;,&quot;focal_length&quot;:&quot;0&quot;,&quot;iso&quot;:&quot;0&quot;,&quot;shutter_speed&quot;:&quot;0&quot;,&quot;title&quot;:&quot;&quot;,&quot;orientation&quot;:&quot;0&quot;}\" data-image-title=\"recibo\" data-image-description=\"\" data-image-caption=\"\" data-medium-file=\"https:\/\/www.grieta.org.mx\/wp-content\/uploads\/2018\/06\/recibo-300x183.jpg\" data-large-file=\"https:\/\/www.grieta.org.mx\/wp-content\/uploads\/2018\/06\/recibo.jpg\" src=\"http:\/\/www.grieta.org.mx\/wp-content\/uploads\/2018\/06\/recibo.jpg\" alt=\"\" width=\"100%\" class=\"aligncenter size-full wp-image-23422\" srcset=\"https:\/\/www.grieta.org.mx\/wp-content\/uploads\/2018\/06\/recibo.jpg 900w, https:\/\/www.grieta.org.mx\/wp-content\/uploads\/2018\/06\/recibo-300x183.jpg 300w, https:\/\/www.grieta.org.mx\/wp-content\/uploads\/2018\/06\/recibo-768x469.jpg 768w, https:\/\/www.grieta.org.mx\/wp-content\/uploads\/2018\/06\/recibo-818x500.jpg 818w\" sizes=\"(max-width: 900px) 100vw, 900px\" \/><\/p>\n<blockquote><p>\u201cVivimos al diario, de d\u00f3nde vamos a sacar para pagar los abusos de la Comisi\u00f3n Federal de Electricidad \u201c, lamentan usuarios.<\/p><\/blockquote>\n<p>Guasave, Sinaloa. \u201cNo hemos visto resultados de la Reforma Energ\u00e9tica; los recibos cada vez vienen m\u00e1s altos y nos golpean nuestra ya de por s\u00ed da\u00f1ada econom\u00eda, es una mentada para el pueblo\u201d.<\/p>\n<p>&#8220;La Comisi\u00f3n Federal de Electricidad debe explicar el porqu\u00e9 de los altos incrementos de la tarifa de luz&#8221;, expres\u00f3 Mart\u00edn Espinoza, vecino del campo pesquero El Cerro Cabez\u00f3n.<\/p>\n<p>\u201cLa mayor\u00eda de los afectados somos de escasos recursos y recibimos tarifas de hasta siete mil pesos sin tener siquiera un electrodom\u00e9stico en casa\u201d, mencion\u00f3.<\/p>\n<p>Nosotros somos pescadores, c\u00f3mo vamos a poder pagar si vivimos al diario.<\/p>\n<p>Expuso, en un sector llega el recibo desglosado con bajas tarifas y en otros con altas tarifas.<\/p>\n<p>\u201cTodos los recibos deben venir con desglosamiento de mes de verano e invierno. Un sector paga 931 pesos con 1003 kilowatts y el otro paga seis mil pesos con 800 kilowatts. Es una injusticia lo que nos est\u00e1n haciendo\u201d, agreg\u00f3 Alma L\u00f3pez, ama de casa; urgi\u00f3 a la ciudadan\u00eda a hacer una manifestaci\u00f3n para expresar la molestia del pueblo, por tantos abusos de la CFE.<\/p>\n<p>&#8220;De d\u00f3nde vamos a pagar esto si apenas trabajamos para el diario&#8221;, concluye Mart\u00edn.<\/p>\n<p><a href=\"http:\/\/www.vivavoz.com.mx\/elevora2\/guasave\/44709-altos-costos-de-la-luz-es-una-mentada.html\" rel=\"noopener\" target=\"_blank\">http:\/\/www.vivavoz.com.mx\/elevora2\/guasave\/44709-altos-costos-de-la-luz-es-una-mentada.html<\/a><\/p>\n","protected":false},"excerpt":{"rendered":"<p>\u201cVivimos al diario, de d\u00f3nde vamos a sacar para pagar los abusos de la Comisi\u00f3n Federal de Electricidad \u201c, lamentan usuarios. Guasave, Sinaloa. \u201cNo hemos visto resultados de la Reforma &hellip; <a href=\"https:\/\/www.grieta.org.mx\/index.php\/2018\/05\/28\/altos-costos-de-la-luz-es-una-mentada-sinaloa\/\" class=\"more-link\">Leer m\u00e1s<\/a><\/p>\n","protected":false},"author":2,"featured_media":23422,"comment_status":"closed","ping_status":"closed","sticky":false,"template":"","format":"standard","meta":{"ngg_post_thumbnail":0,"_jetpack_newsletter_access":"","_jetpack_dont_email_post_to_subs":false,"_jetpack_newsletter_tier_id":0,"_jetpack_memberships_contains_paywalled_content":false,"_jetpack_memberships_contains_paid_content":false,"footnotes":""},"categories":[80,2,1298],"tags":[1300,1299],"class_list":["post-23421","post","type-post","status-publish","format-standard","has-post-thumbnail","hentry","category-cintillo","category-noticias-nacionales","category-protestas-contra-las-altas-tarifas-de-la-cfe-en-sinaloa","tag-guasave","tag-protestas-contra-las-tarifas-electricas","entry"],"jetpack_featured_media_url":"https:\/\/www.grieta.org.mx\/wp-content\/uploads\/2018\/06\/recibo.jpg","jetpack_sharing_enabled":true,"jetpack_shortlink":"https:\/\/wp.me\/p7ZJR4-65L","jetpack_likes_enabled":false,"jetpack-related-posts":[{"id":7030,"url":"https:\/\/www.grieta.org.mx\/index.php\/2015\/09\/10\/vecinos-de-el-tajito-protestan-en-la-cfe-por-altos-cobros\/","url_meta":{"origin":23421,"position":0},"title":"Vecinos de El Tajito protestan en la CFE por altos cobros","author":"grieta","date":"10 septiembre, 2015","format":false,"excerpt":"Yazm\u00edn Ortega, Sinaloa Guasave, Sinaloa.- Habitantes de El Tajito y el sector ampliaci\u00f3n El Tajito iniciaron hace unos momentos una protesta frente a las instalaciones de la Comisi\u00f3n Federal de Electricidad debido a los altos cobros en la facturaci\u00f3n de este bimestre. Los inconformes colocaron una lona y portan cartulinas\u2026","rel":"","context":"En &quot;CINTILLO&quot;","block_context":{"text":"CINTILLO","link":"https:\/\/www.grieta.org.mx\/index.php\/category\/cintillo\/"},"img":{"alt_text":"","src":"https:\/\/i0.wp.com\/www.grieta.org.mx\/wp-content\/uploads\/2018\/03\/14524434_1106112876131411_958039263622046936_o.jpg?resize=350%2C200&ssl=1","width":350,"height":200,"srcset":"https:\/\/i0.wp.com\/www.grieta.org.mx\/wp-content\/uploads\/2018\/03\/14524434_1106112876131411_958039263622046936_o.jpg?resize=350%2C200&ssl=1 1x, https:\/\/i0.wp.com\/www.grieta.org.mx\/wp-content\/uploads\/2018\/03\/14524434_1106112876131411_958039263622046936_o.jpg?resize=525%2C300&ssl=1 1.5x, https:\/\/i0.wp.com\/www.grieta.org.mx\/wp-content\/uploads\/2018\/03\/14524434_1106112876131411_958039263622046936_o.jpg?resize=700%2C400&ssl=1 2x"},"classes":[]},{"id":49319,"url":"https:\/\/www.grieta.org.mx\/index.php\/2020\/05\/12\/aumenta-cfe-tarifas-de-electricidad-en-compostela-nayait\/","url_meta":{"origin":23421,"position":1},"title":"Aumenta CFE tarifas de electricidad en Compostela (Nayarit)","author":"grieta","date":"12 mayo, 2020","format":false,"excerpt":"Foto: Realidades de Nayarit Est\u00e1 cortando el servicio porque las familias no pueden pagar el recibo Mildra Ben\u00edtez Robledo \/ Realidades de Nayarit Tepic, Nayarit.- Mi\u00e9rcoles 12 de mayo del 2020.- Alrededor de 350 familias de Compostela son las afectadas por las altas tarifas impuestas por la Comisi\u00f3n Federal de\u2026","rel":"","context":"En &quot;CINTILLO&quot;","block_context":{"text":"CINTILLO","link":"https:\/\/www.grieta.org.mx\/index.php\/category\/cintillo\/"},"img":{"alt_text":"","src":"https:\/\/i0.wp.com\/www.grieta.org.mx\/wp-content\/uploads\/2020\/05\/cfe.jpg?resize=350%2C200&ssl=1","width":350,"height":200,"srcset":"https:\/\/i0.wp.com\/www.grieta.org.mx\/wp-content\/uploads\/2020\/05\/cfe.jpg?resize=350%2C200&ssl=1 1x, https:\/\/i0.wp.com\/www.grieta.org.mx\/wp-content\/uploads\/2020\/05\/cfe.jpg?resize=525%2C300&ssl=1 1.5x, https:\/\/i0.wp.com\/www.grieta.org.mx\/wp-content\/uploads\/2020\/05\/cfe.jpg?resize=700%2C400&ssl=1 2x"},"classes":[]},{"id":39078,"url":"https:\/\/www.grieta.org.mx\/index.php\/2019\/09\/10\/municipios-de-nayarit-se-manifiestan-por-altos-cobros-en-la-cfe\/","url_meta":{"origin":23421,"position":2},"title":"Municipios de Nayarit se manifiestan por altos cobros en la CFE","author":"grieta","date":"10 septiembre, 2019","format":false,"excerpt":"Foto: El Sol de Nayarit Redacci\u00f3n \/ El Sol de Nayarit Desde hace m\u00e1s de un a\u00f1o, un grupo de nayaritas cansados de los altos cobros de las tarifas el\u00e9ctricas, usos y arbitrariedades causadas por la Comisi\u00f3n Federal de Electricidad (CFE), iniciaron la lucha por poner un alto a estas\u2026","rel":"","context":"En &quot;CINTILLO&quot;","block_context":{"text":"CINTILLO","link":"https:\/\/www.grieta.org.mx\/index.php\/category\/cintillo\/"},"img":{"alt_text":"","src":"https:\/\/i0.wp.com\/www.grieta.org.mx\/wp-content\/uploads\/2019\/09\/temp_nota_01_67869__20190910190948_117whatsapp_image_2019-09-10_at_12.52.01_pm_1_.jpeg?resize=350%2C200&ssl=1","width":350,"height":200,"srcset":"https:\/\/i0.wp.com\/www.grieta.org.mx\/wp-content\/uploads\/2019\/09\/temp_nota_01_67869__20190910190948_117whatsapp_image_2019-09-10_at_12.52.01_pm_1_.jpeg?resize=350%2C200&ssl=1 1x, https:\/\/i0.wp.com\/www.grieta.org.mx\/wp-content\/uploads\/2019\/09\/temp_nota_01_67869__20190910190948_117whatsapp_image_2019-09-10_at_12.52.01_pm_1_.jpeg?resize=525%2C300&ssl=1 1.5x"},"classes":[]},{"id":33083,"url":"https:\/\/www.grieta.org.mx\/index.php\/2019\/05\/06\/se-manifiestan-en-profeco-por-altos-cobros-de-la-cfe-nayarit\/","url_meta":{"origin":23421,"position":3},"title":"Se manifiestan en PROFECO por altos cobros de la CFE (Nayarit)","author":"grieta","date":"6 mayo, 2019","format":false,"excerpt":"Carlos Gonz\u00e1lez Lefft y Myrka Nonato \/ Meridiano.mx En las instalaciones de la\u00a0elegaci\u00f3n estatal de la Procuradur\u00eda Federal del Consumidor (PROFECO), este\u00a0lunes 06 de mayo\u00a0la\u00a0coordinaci\u00f3n General del Frente Com\u00fan de Defensa Popular se manifest\u00f3\u00a0en contra de la\u00a0Comisi\u00f3n Federal de Electricidad (CFE) debido a que han estado realizando denuncias en contra\u2026","rel":"","context":"En &quot;CINTILLO&quot;","block_context":{"text":"CINTILLO","link":"https:\/\/www.grieta.org.mx\/index.php\/category\/cintillo\/"},"img":{"alt_text":"","src":"https:\/\/i0.wp.com\/www.grieta.org.mx\/wp-content\/uploads\/2018\/03\/14524434_1106112876131411_958039263622046936_o.jpg?resize=350%2C200&ssl=1","width":350,"height":200,"srcset":"https:\/\/i0.wp.com\/www.grieta.org.mx\/wp-content\/uploads\/2018\/03\/14524434_1106112876131411_958039263622046936_o.jpg?resize=350%2C200&ssl=1 1x, https:\/\/i0.wp.com\/www.grieta.org.mx\/wp-content\/uploads\/2018\/03\/14524434_1106112876131411_958039263622046936_o.jpg?resize=525%2C300&ssl=1 1.5x, https:\/\/i0.wp.com\/www.grieta.org.mx\/wp-content\/uploads\/2018\/03\/14524434_1106112876131411_958039263622046936_o.jpg?resize=700%2C400&ssl=1 2x"},"classes":[]},{"id":9152,"url":"https:\/\/www.grieta.org.mx\/index.php\/2015\/07\/16\/protestan-usuarios-de-cfe-en-morelos-contra-altos-cobros\/","url_meta":{"origin":23421,"position":4},"title":"Protestan usuarios de CFE en Morelos contra altos cobros","author":"grieta","date":"16 julio, 2015","format":false,"excerpt":"La Jornada Cuernavaca, Mor. Un centenar de usuarios de la Comisi\u00f3n Federal de Electricidad (CFE) protestaron durante cuatro horas frente a las instalaciones de esta paraestatal para rechazar los altos cobros de energ\u00eda, y para exigir que los usuarios que se han quejado ante la Profeco (por altas tarifas o\u2026","rel":"","context":"En &quot;CINTILLO&quot;","block_context":{"text":"CINTILLO","link":"https:\/\/www.grieta.org.mx\/index.php\/category\/cintillo\/"},"img":{"alt_text":"","src":"https:\/\/i0.wp.com\/www.grieta.org.mx\/wp-content\/uploads\/2018\/03\/14524434_1106112876131411_958039263622046936_o.jpg?resize=350%2C200&ssl=1","width":350,"height":200,"srcset":"https:\/\/i0.wp.com\/www.grieta.org.mx\/wp-content\/uploads\/2018\/03\/14524434_1106112876131411_958039263622046936_o.jpg?resize=350%2C200&ssl=1 1x, https:\/\/i0.wp.com\/www.grieta.org.mx\/wp-content\/uploads\/2018\/03\/14524434_1106112876131411_958039263622046936_o.jpg?resize=525%2C300&ssl=1 1.5x, https:\/\/i0.wp.com\/www.grieta.org.mx\/wp-content\/uploads\/2018\/03\/14524434_1106112876131411_958039263622046936_o.jpg?resize=700%2C400&ssl=1 2x"},"classes":[]},{"id":33568,"url":"https:\/\/www.grieta.org.mx\/index.php\/2019\/05\/08\/jubilados-de-cobaes-amenazan-con-tomar-palacio-de-gobierno-sinaloa\/","url_meta":{"origin":23421,"position":5},"title":"Jubilados de Cobaes amenazan con tomar Palacio de Gobierno (Sinaloa)","author":"grieta","date":"8 mayo, 2019","format":false,"excerpt":"Representantes del grupo Somos M\u00e1s de 53 dan de plazo el 22 de mayo para que se empiece a pagar el recurso de Fondo de Vivienda Karen Rubio \/ El Debate Guasave, Sinaloa.-\u00a0Maestros jubilados y pensionados de Cobaes, integrantes de la organizaci\u00f3n Somos M\u00e1s de 53, dieron de plazo fatal\u2026","rel":"","context":"En &quot;CINTILLO&quot;","block_context":{"text":"CINTILLO","link":"https:\/\/www.grieta.org.mx\/index.php\/category\/cintillo\/"},"img":{"alt_text":"","src":"https:\/\/i0.wp.com\/www.grieta.org.mx\/wp-content\/uploads\/2019\/05\/jubilados-de-cobaes-amenazan-con-tomar-palacio-de-gobierno_crop1557328282102.jpg_673822677.jpg?resize=350%2C200&ssl=1","width":350,"height":200,"srcset":"https:\/\/i0.wp.com\/www.grieta.org.mx\/wp-content\/uploads\/2019\/05\/jubilados-de-cobaes-amenazan-con-tomar-palacio-de-gobierno_crop1557328282102.jpg_673822677.jpg?resize=350%2C200&ssl=1 1x, https:\/\/i0.wp.com\/www.grieta.org.mx\/wp-content\/uploads\/2019\/05\/jubilados-de-cobaes-amenazan-con-tomar-palacio-de-gobierno_crop1557328282102.jpg_673822677.jpg?resize=525%2C300&ssl=1 1.5x, https:\/\/i0.wp.com\/www.grieta.org.mx\/wp-content\/uploads\/2019\/05\/jubilados-de-cobaes-amenazan-con-tomar-palacio-de-gobierno_crop1557328282102.jpg_673822677.jpg?resize=700%2C400&ssl=1 2x, https:\/\/i0.wp.com\/www.grieta.org.mx\/wp-content\/uploads\/2019\/05\/jubilados-de-cobaes-amenazan-con-tomar-palacio-de-gobierno_crop1557328282102.jpg_673822677.jpg?resize=1050%2C600&ssl=1 3x"},"classes":[]}],"_links":{"self":[{"href":"https:\/\/www.grieta.org.mx\/index.php\/wp-json\/wp\/v2\/posts\/23421","targetHints":{"allow":["GET"]}}],"collection":[{"href":"https:\/\/www.grieta.org.mx\/index.php\/wp-json\/wp\/v2\/posts"}],"about":[{"href":"https:\/\/www.grieta.org.mx\/index.php\/wp-json\/wp\/v2\/types\/post"}],"author":[{"embeddable":true,"href":"https:\/\/www.grieta.org.mx\/index.php\/wp-json\/wp\/v2\/users\/2"}],"replies":[{"embeddable":true,"href":"https:\/\/www.grieta.org.mx\/index.php\/wp-json\/wp\/v2\/comments?post=23421"}],"version-history":[{"count":1,"href":"https:\/\/www.grieta.org.mx\/index.php\/wp-json\/wp\/v2\/posts\/23421\/revisions"}],"predecessor-version":[{"id":23424,"href":"https:\/\/www.grieta.org.mx\/index.php\/wp-json\/wp\/v2\/posts\/23421\/revisions\/23424"}],"wp:featuredmedia":[{"embeddable":true,"href":"https:\/\/www.grieta.org.mx\/index.php\/wp-json\/wp\/v2\/media\/23422"}],"wp:attachment":[{"href":"https:\/\/www.grieta.org.mx\/index.php\/wp-json\/wp\/v2\/media?parent=23421"}],"wp:term":[{"taxonomy":"category","embeddable":true,"href":"https:\/\/www.grieta.org.mx\/index.php\/wp-json\/wp\/v2\/categories?post=23421"},{"taxonomy":"post_tag","embeddable":true,"href":"https:\/\/www.grieta.org.mx\/index.php\/wp-json\/wp\/v2\/tags?post=23421"}],"curies":[{"name":"wp","href":"https:\/\/api.w.org\/{rel}","templated":true}]}}