{"id":23382,"date":"2018-06-01T10:15:30","date_gmt":"2018-06-01T15:15:30","guid":{"rendered":"http:\/\/www.grieta.org.mx\/?p=23382"},"modified":"2018-06-02T10:25:06","modified_gmt":"2018-06-02T15:25:06","slug":"nuestra-lucha-es-por-la-vida-responde-mexicali-resiste-a-cce-baja-california","status":"publish","type":"post","link":"https:\/\/www.grieta.org.mx\/index.php\/2018\/06\/01\/nuestra-lucha-es-por-la-vida-responde-mexicali-resiste-a-cce-baja-california\/","title":{"rendered":"Nuestra lucha es por la vida: responde Mexicali Resiste a CCE (Baja California)"},"content":{"rendered":"<p><img decoding=\"async\" data-attachment-id=\"23383\" data-permalink=\"https:\/\/www.grieta.org.mx\/index.php\/2018\/06\/01\/nuestra-lucha-es-por-la-vida-responde-mexicali-resiste-a-cce-baja-california\/captura_de_pantalla_2018-06-01_a_las_10-02-53\/\" data-orig-file=\"https:\/\/www.grieta.org.mx\/wp-content\/uploads\/2018\/06\/captura_de_pantalla_2018-06-01_a_las_10.02.53.png\" data-orig-size=\"660,440\" data-comments-opened=\"0\" data-image-meta=\"{&quot;aperture&quot;:&quot;0&quot;,&quot;credit&quot;:&quot;&quot;,&quot;camera&quot;:&quot;&quot;,&quot;caption&quot;:&quot;&quot;,&quot;created_timestamp&quot;:&quot;0&quot;,&quot;copyright&quot;:&quot;&quot;,&quot;focal_length&quot;:&quot;0&quot;,&quot;iso&quot;:&quot;0&quot;,&quot;shutter_speed&quot;:&quot;0&quot;,&quot;title&quot;:&quot;&quot;,&quot;orientation&quot;:&quot;0&quot;}\" data-image-title=\"captura_de_pantalla_2018-06-01_a_las_10.02.53\" data-image-description=\"\" data-image-caption=\"\" data-medium-file=\"https:\/\/www.grieta.org.mx\/wp-content\/uploads\/2018\/06\/captura_de_pantalla_2018-06-01_a_las_10.02.53-300x200.png\" data-large-file=\"https:\/\/www.grieta.org.mx\/wp-content\/uploads\/2018\/06\/captura_de_pantalla_2018-06-01_a_las_10.02.53.png\" class=\"aligncenter size-full wp-image-23383\" src=\"http:\/\/www.grieta.org.mx\/wp-content\/uploads\/2018\/06\/captura_de_pantalla_2018-06-01_a_las_10.02.53.png\" alt=\"\" width=\"100%\" srcset=\"https:\/\/www.grieta.org.mx\/wp-content\/uploads\/2018\/06\/captura_de_pantalla_2018-06-01_a_las_10.02.53.png 660w, https:\/\/www.grieta.org.mx\/wp-content\/uploads\/2018\/06\/captura_de_pantalla_2018-06-01_a_las_10.02.53-300x200.png 300w\" sizes=\"(max-width: 660px) 100vw, 660px\" \/><\/p>\n<blockquote><p>\nLos dos mensajes tienen distinta tonalidad pero un mismo sentido: &#8220;Mexicali Resiste sigue fijo en su lucha por la defensa del derecho humano al agua, que es de todos y de todas<\/p><\/blockquote>\n<p>Por Redacci\u00f3n<\/p>\n<p>Mexicali, 1 de junio.- Como respuesta al desplegado que el Consejo Coordinador Empresarial (CCE) public\u00f3 en La Voz de la Frontera el pasado 24 de mayo, el grupo Mexicali Resiste public\u00f3 dos mensajes en los que denuncia la presi\u00f3n de los grupos empresariales estatales en favor de la detenci\u00f3n y extinci\u00f3n del grupo de activistas.<\/p>\n<p>Los dos mensajes tienen distinta tonalidad pero un mismo sentido: &#8220;Mexicali Resiste sigue fijo en su lucha por la defensa del derecho humano al agua, que es de todos y de todas; por la defensa de nuestros recursos naturales, que es la defensa de nuestro territorio; contra la privatizaci\u00f3n y el endeudamiento criminal de las Asociaciones P\u00fablico Privadas (APP); y, en general, contra todo acto del poder p\u00fablico que no busque mejorar las condiciones de trabajo y la calidad de vida de quienes no tienen m\u00e1s que su fuerza de trabajo para tener una vida digna; as\u00ed como por los marginados del progreso y las excluidas del bienestar com\u00fan&#8221;.<\/p>\n<p>Compartimos los mensajes \u00edntegros:<\/p>\n<p>Primero.<\/p>\n<p>El pasado jueves 24 de mayo, el organismo c\u00fapula de la clase capitalista de Baja California, el Consejo Coordinador Empresarial, public\u00f3 un desplegado a toda plana en el diario La Voz de la Frontera, en el cual externan su \u201ctotal inconformidad y demandan acciones inmediatas a los tres poderes del Estado en sus tres niveles de gobierno\u201d, contra todos aquellos que utilizando la violencia y la propaganda, traten de desestabilizar el Estado de Derecho. Refiri\u00e9ndose espec\u00edficamente al Colectivo Mexicali Resiste.<\/p>\n<p>Con sus ambig\u00fcedades de \u201cacciones inmediatas\u201d le est\u00e1n ordenando directamente a sus fieles lacayos de los tres niveles de gobierno que apliquen la vieja t\u00e1ctica de la represi\u00f3n porfirista de \u201capr\u00e9salos y desapar\u00e9celos en caliente\u201d. Pero son tan cobardes y pusil\u00e1nimes que, tiran la piedra y esconden la mano. Aqu\u00ed se ve claramente como la clase de los capitalistas, los explotadores del pueblo, son los que generan e incitan a la violencia, amparados en la impunidad que sus leyes y el dinero les otorga.<\/p>\n<p>Desde las jornadas y manifestaciones populares de enero del a\u00f1o pasado en contra de las pol\u00edticas privatizadoras del gobierno panista de Kiko Vega y del priista Pe\u00f1a Nieto, toda la clase capitalista agrupada en las distintas siglas empresariales como son Coparmex, Concamin, Canacintra, Canaco, Consejo Coordinador Empresarial y otros espec\u00edmenes semejantes, han estado azuzando al gobierno para que \u201caplique la ley y haga valer el estado de derecho\u201d; es decir, para que utilice la fuerza p\u00fablica (polic\u00eda municipal, Pepos, ministeriales), en contra de cualquier persona, colectivo o movimiento que atente contra su sacrosanta propiedad privada.<\/p>\n<p>Ejemplos de lo anterior, los tuvimos en febrero 13 del a\u00f1o pasado cuando fuimos salvajemente reprimidos en las inmediaciones de la Casa Municipal; as\u00ed como tambi\u00e9n el pasado 16 de enero del presente a\u00f1o en el Rancho de la familia Mena, cercano a la planta en construcci\u00f3n de la Constellation Brands. En este operativo cobarde y represivo, toda la fuerza policial del Estado estuvo dirigida, y esto fue evidente, por elementos civiles de la seguridad privada de dicha empresa trasnacional. Todo ello con el aplauso y benepl\u00e1cito de esta clase empresarial \u201cemprendedora\u201d, \u201cpac\u00edfica\u201d y \u201cpropositiva\u201d.<\/p>\n<p>Ante la sumisi\u00f3n y corruptelas de los Poderes Ejecutivo, Legislativo y Judicial ante el poder econ\u00f3mico de la clase capitalista, Mexicali Resiste seguir\u00e1 firme en la lucha contra la privatizaci\u00f3n de nuestros recursos naturales, contra el criminal endeudamiento que el gobierno quiere imponer al pueblo a trav\u00e9s de los contratos de Asociaciones P\u00fablico Privadas (APP), y la instalaci\u00f3n de las desalinizadoras en Rosarito y Ensenada, y en general, contra todos aquellos actos de gobierno contrarios al bienestar de la clase trabajadora y de los marginados y excluidos del progreso social.<\/p>\n<p>Es por ello, que los gritos desaforados de los due\u00f1os del capital y la respuesta represiva y selectiva de su gobierno t\u00edtere tienen como causa, el desenmascaramiento que la lucha de Mexicali Resiste ha hecho del contubernio y mafioso amasiato de la clase empresarial vendepatrias con el gobierno corrupto y entreguista del panista Kiko Vega y del inepto y tambi\u00e9n panista Alcalde de Mexicali Gustavo S\u00e1nchez, quienes con todo el cinismo y la desverg\u00fcenza que los caracteriza se han puesto al servicio de la empresa trasnacional Constellation Brands, cedi\u00e9ndoles el uso del agua de la red h\u00eddrica de Mexicali para producir cerveza y endeudamiento de la poblaci\u00f3n. No para producir beneficio social.<\/p>\n<p>Estos vociferantes personeros de los par\u00e1sitos capitalistas exigen a su gobierno la irrestricta aplicaci\u00f3n del Estado de Derecho, y que si alguien es culpable de alg\u00fan delito, este debe ser sancionado conforme a la ley. Nosotros preguntamos a estos virreyes de los territorios ocupados:<\/p>\n<p>\u00bfCu\u00e1ntas de sus empresas agrupadas en las distintas c\u00e1maras empresariales son de los 300 especuladores que adeudan al Municipio m\u00e1s de mil trescientos millones de pesos por concepto de impuesto predial? \u00bfAcaso no es esto desestabilizaci\u00f3n de la sociedad a trav\u00e9s de la violencia econ\u00f3mica? \u00bfNo es esto un delito?<\/p>\n<p>\u00bfNo son actos vand\u00e1licos la contaminaci\u00f3n industrial del medio ambiente? Como ejemplos de impunidad y corrupci\u00f3n en el incumplimiento de las Leyes Ambientales tenemos a las empresas Zahori S.A., SuKarne, S.A., las termoel\u00e9ctricas Sempra Energy e Intergen, ambas de capital extranjero, as\u00ed como tambi\u00e9n la empresa Sider\u00fargica de California, S.A., por los rumbos del Ejido Guanajuato. Todas ellas, verdaderas ecocidas de la naturaleza.<\/p>\n<p>Y qu\u00e9 decir de la Industria maquiladora donde los trabajadores est\u00e1n expuestos al manejo de materiales t\u00f3xicos y radiactivos, sin que a sus patrones explotadores y al gobierno les importe un comino su salud e integridad f\u00edsica. A ellos s\u00f3lo les importa la ganancia, el ser m\u00e1s competitivos. Para ellos, la inversi\u00f3n en seguridad laboral disminuye sus m\u00e1rgenes de ganancia. \u00bfNo es esto un delito de lo m\u00e1s inhumano? \u00bfSaben ustedes de alguna empresa que haya sido sancionada por estos delitos? \u00bfSaben de alg\u00fan empresario que est\u00e9 preso por este delito? \u00bfCu\u00e1ntas veces los \u201cnobles caballeros\u201d de estos grupos empresariales han denunciado estos il\u00edcitos? \u00a1NUNCA!<\/p>\n<p>Mexicali Resiste los ha denunciado y lo seguir\u00e1 haciendo; es parte de la lucha por mejorar las condiciones de vida y laboral de todos los trabajadores y trabajadoras de todos los oficios, del campo y la ciudad. Denunciar el contubernio entre gobierno y clase empresarial; sus proyectos entreguistas y sus leyes que solapan la impunidad y el deterioro de las condiciones de vida del pueblo. Todo esto a pesar de la represi\u00f3n y el encarcelamiento que sistem\u00e1ticamente vienen haciendo los gobiernos panistas y corruptos de Kiko Vega y Gustavo S\u00e1nchez, avalados por un Poder Judicial subordinado y la servil C\u00e1mara de Diputados y todos los partidos pol\u00edticos rastreros.<\/p>\n<p>A toda la clase capitalista vendepatrias les decimos que, . junto a sus gobiernos t\u00edteres est\u00e1n destinados a ocupar . el lugar que les corresponde: . el basurero de la historia<\/p>\n<p>Segundo<\/p>\n<p>A la ciudadan\u00eda de Baja California, de M\u00e9xico y del mundo, A lxs observadorxs de Derechos Humanos de M\u00e9xico y del mundo, A los medios de comunicaci\u00f3n nacionales e internacionales, A los gerentes que exigen represi\u00f3n y criminalizar la protesta social, A los peque\u00f1os empresarios solidarios con el movimiento:<\/p>\n<p>No hace mucho tiempo, la tierra y el agua de este valle le pertenec\u00edan a una empresa extranjera. El gobernador y sus allegados, incluidos coroneles y capitanes, hab\u00edan decidido que mientras en Los \u00c1ngeles, California, los siguieran tratando bien, nadie se opondr\u00eda a los deseos ajenos de explotaci\u00f3n; hasta llegaron al colmo de sentir orgullo cuando alguien dec\u00eda que aquel valle era el rancho algodonero m\u00e1s grande del mundo, como si ellos mismos fueran los due\u00f1os y no los mayordomos de las fincas donde explotaban a sus hermanos.<\/p>\n<p>Hab\u00edan decidido que ni la pobreza ni el hambre ni lo imposible que era conseguir un pedazo de tierra para un campesino mover\u00eda sus pensamientos. Pero lleg\u00f3 el d\u00eda en que un grupo de hombres y mujeres sin nada que perder y todo por ganar dijo \u201c\u00a1Ya basta!\u201d y se enfrent\u00f3 a los gendarmes, a los caciques, a los coroneles y capitanes, a los gobernadores y sus allegados, hasta expulsar a la empresa extranjera. Aquella madrugada de 1937 fueron 46 hombres y mujeres los que partieron desde una casita de adobe y tule en el Michoac\u00e1n de Ocampo para empezar lo que pasar\u00eda a la historia nacional como el Asalto a las Tierras. Y es por la memoria de aquellos 46 hombres y mujeres que estamos aqu\u00ed.<\/p>\n<p>\u201cComo no sab\u00eda que era imposible, &#8211; fue y lo hizo.\u201d<\/p>\n<p>El pasado jueves 24 de mayo, el organismo cupular del poder econ\u00f3mico en Baja California, autodenominado imprecisamente Consejo Coordinador Empresarial (CCE), sin incluir las firmas de Tijuana ni Ensenada, public\u00f3 un desplegado a toda plana en el diario La Voz de la Frontera, externando su \u201cTOTAL INCONFORMIDAD\u201d (may\u00fasculas en el original) \u201ca los tres poderes del estado y a sus tres \u00f3rdenes de gobierno\u201d contra todos aquellos que de manera \u201cviolenta\u201d e \u201cinsensata\u201d, \u201cvulneren\u201d el Estado de Derecho en Baja California; refiri\u00e9ndose espec\u00edfica y \u00fanicamente al colectivo Mexicali Resiste, obviando su falta de informaci\u00f3n, atenci\u00f3n y\/o inter\u00e9s sobre la diversidad de grupos, organizaciones y colectivos afines a este movimiento social, as\u00ed como el vasto alcance que registra el descontento ciudadano en todo el estado y la regi\u00f3n \u2014no solo en nuestro desierto.<\/p>\n<p>Escud\u00e1ndose tras una ambigua petici\u00f3n a los tres niveles de gobierno por \u201cACCIONES INMEDIATAS\u201d (may\u00fasculas en el original), entendemos que lo que en realidad solicita este grupo gerencial con marcados intereses pol\u00edticos y econ\u00f3micos, representado por Kurt Honold Morales, Federico D\u00edaz Gallegos, Rafael Crosthwaite Reyes y Teresa Ruiz Mendoza, es desterrar un siglo de historia mexicana y bajacaliforniana al olvido, buscando hacer valer la depravada frase dictatorial: \u201cm\u00e1talos en caliente\u201d. Pero, como siempre lo han hecho, para beneficio de pocos y desgracia de muchos, han tirado la piedra y escondido la mano inmediatamente.<\/p>\n<p>Desde las jornadas y manifestaciones de enero de 2017, a todas luces populares y contrarias a las pol\u00edticas privatizadoras de los gobiernos panistas y pri\u00edstas de Francisco Vega de Lamadrid y Enrique Pe\u00f1a Nieto, respectivamente, tanto Coparmex como Concamin, Canacintra, Canaco, CCE y otros grupos similares han presionado a los diversos poderes gubernamentales y a la ciudadan\u00eda con un sinf\u00edn de calumnias, estrategias de p\u00e1nico y odio social dirigido a quienes usan su voz para la protesta; as\u00ed como publicado cientos de comunicados y columnas de opini\u00f3n en canales privados y plataformas para que, siempre a su modo, \u201cse haga valer la ley.\u201d<\/p>\n<p>En otras palabras, lo que piden es que el Estado sofoque y debilite a la protesta social a toda costa, privilegiando incluso el uso de la fuerza p\u00fablica \u2014que deber\u00eda estar haciendo otras cosas\u2014 por encima del di\u00e1logo y contra cualquier persona, colectivo o voluntades que se opongan a sus intereses.<\/p>\n<p>Basta citar la \u201cRecomendaci\u00f3n 13\/2017\u201d de la Comisi\u00f3n Estatal de Derechos Humanos de Baja California (CEDHBC), donde casi un a\u00f1o despu\u00e9s de los hechos, en enero de 2018, se detallan los abusos de autoridad ocurridos el 13 de febrero de 2017, cuando ciudadanos inconformes fueron reprimidos e \u201cilegalmente detenidos\u201d en la Casa Municipal, administrada por Gustavo S\u00e1nchez V\u00e1zquez.<\/p>\n<p>En dicho documento se exponen \u201clas evidentes violaciones a los derechos humanos\u201d que se\u00f1alan como responsable al actual Director de Seguridad P\u00fablica de Mexicali, Alonso Ulises M\u00e9ndez Manuell-G\u00f3mez, junto a otros 14 cargos menores, incluyendo al Comandante de Zona Central de la DSPM, Carlos Lozoya P\u00e9rez, y al Coordinador Jur\u00eddico de la DSPM, Nicol\u00e1s Quintero Rusell.<\/p>\n<p>Vaya clase \u201cemprendedora\u201d, \u201cpac\u00edfica\u201d y \u201cpropositiva\u201d, que salta si hay dinero de por medio pero que no levanta un dedo para se\u00f1alar violaciones a los derechos humanos contra ciudadanos indignados. Violaciones que, hasta la fecha, no han llevado a ninguna autoridad a un tribunal, siquiera para vincular a proceso. Mientras tanto, los que se dicen honrados aplauden los actos violatorios y designan con lengua de serpiente a Mexicali Resiste como un grupo \u201cpol\u00edtico disfrazado de ciudadano\u201d que act\u00faa \u201cal margen de la ley\u201d.<\/p>\n<p>Es por esto que a las c\u00fapulas gerenciales se les ve gritando en los diarios y en sus conferencias de prensa, exigiendo una represi\u00f3n selectiva y opuesta a cualquier tipo de participaci\u00f3n democr\u00e1tica a un gobierno que no ha sabido ser m\u00e1s que un t\u00edtere del dinero transnacional. As\u00ed es como reprueban con el mismo cinismo los avances ciudadanos conseguidos por las diversas resistencias del estado y del pa\u00eds, desenmascarando el mezquino pacto entre los representantes nacionales que disfrutan de vender la Patria y los empresarios extranjeros que solo piensan en comprarla.<\/p>\n<p>La CCE, de tal manera, exige en su desplegado la \u2018irrestricta aplicaci\u00f3n del Estado de Derecho\u201d y reafirma que si alguien es culpable de alg\u00fan delito debe ser sancionado conforme a la Ley. Entonces nosotros les preguntamos: \u00bfCu\u00e1ntas de sus empresas est\u00e1n en la lista de los 300 especuladores que adeudan al municipio de Mexicali m\u00e1s de $1,300 millones de pesos de impuesto predial? \u00bfAcaso no es eso una desestabilizaci\u00f3n social a trav\u00e9s de una violencia econ\u00f3mica, adem\u00e1s de una evasi\u00f3n fiscal? \u00bfNo es esto un delito? \u00bfNo son actos vand\u00e1licos la contaminaci\u00f3n industrial del medio ambiente por empresas como Zahori, SuKarne, Sempra Energy e Intergen, \u00e9stas \u00faltimas de capital extranjero, o Sider\u00fargica de California?<\/p>\n<p>\u00bfNo es criminal exponer a trabajadores al manejo de materiales t\u00f3xicos y radiactivos sin que patr\u00f3n ni gobierno se interesen por su salud e integridad m\u00e1s all\u00e1 del dinero que puedan generar para seguir explotando a quien se deje explotar? \u00bfNo es esto un delito de lo m\u00e1s inhumano? \u00bfSabemos de alguna empresa que haya sido sancionada por este tipo de actos? \u00bfSabemos de alg\u00fan empresario que est\u00e9 preso por algo similar? \u00bfCu\u00e1ntas veces ha salido a relucir la nobleza de estos grupos empresariales en defensa de los trabajadores para denunciar estos il\u00edcitos?<\/p>\n<p>Desde nuestro espacio, entonces, como ciudadanos mexicalenses preocupados por nuestra comunidad, volvemos a repetir que Mexicali Resiste no est\u00e1 pidiendo nada m\u00e1s de lo que ya hab\u00edan ganado nuestros abuelos y tatarabuelos hace m\u00e1s de 100 a\u00f1os, durante la Revoluci\u00f3n de 1910, y que dejaron escrito en la Constituci\u00f3n de 1917; por lo que tampoco vamos a aceptar nada menos. Porque no somos nosotras ni nosotros quienes buscan agredir a nuestrxs pr\u00f3jimos, sino que son los mismos grupos de poder asociados a partidos pol\u00edticos que buscan crear confusi\u00f3n para dividir y para no perder sus privilegios, pero tambi\u00e9n para que sigamos creyendo que su riqueza es necesaria para vivir en paz \u2014ellos, los que controlan la violencia.<\/p>\n<p>Por estas y otras razones, Mexicali Resiste sigue fijo en su lucha por la defensa del derecho humano al agua, que es de todos y de todas; por la defensa de nuestros recursos naturales, que es la defensa de nuestro territorio; contra la privatizaci\u00f3n y el endeudamiento criminal de las Asociaciones P\u00fablico Privadas (APP); y, en general, contra todo acto del poder p\u00fablico que no busque mejorar las condiciones de trabajo y la calidad de vida de quienes no tienen m\u00e1s que su fuerza de trabajo para tener una vida digna; as\u00ed como por los marginados del progreso y las excluidas del bienestar com\u00fan. Todo a pesar de la represi\u00f3n y el riesgo de encarcelamiento que sistem\u00e1ticamente vienen haciendo nuestros p\u00e9simos gobiernos de Francisco Vega de Lamadrid y su mano golpeadora, Francisco Rueda G\u00f3mez, Gustavo S\u00e1nchez V\u00e1zquez y Enrique Pe\u00f1a Nieto.<\/p>\n<p>A los Tres Poderes del Estado solamente podemos recordarles los principios constitucionales de autonom\u00eda y divisi\u00f3n de poderes se\u00f1alados en los art\u00edculos 40, 41, 49, 115, 116, 122 y 124 de la Constituci\u00f3n Federal, as\u00ed como los tres mandatos prohibitivos apuntados asimismo en el 116: a) la no intromisi\u00f3n, b) la no dependencia y c) la no subordinaci\u00f3n de cualquiera de los poderes respecto de los otros.<br \/>\n. Como lo hemos venido diciendo en nuestro andar, . nuestra lucha es por la vida.<\/p>\n<p>. Desde el desierto m\u00e1s al norte del Sur<br \/>\n. Mexicali Resiste<\/p>\n<p><a href=\"http:\/\/jornadabc.mx\/tijuana\/01-06-2018\/nuestra-lucha-es-por-la-vida-responde-mexicali-resiste-cce\" rel=\"noopener\" target=\"_blank\">http:\/\/jornadabc.mx\/tijuana\/01-06-2018\/nuestra-lucha-es-por-la-vida-responde-mexicali-resiste-cce<\/a><\/p>\n","protected":false},"excerpt":{"rendered":"<p>Los dos mensajes tienen distinta tonalidad pero un mismo sentido: &#8220;Mexicali Resiste sigue fijo en su lucha por la defensa del derecho humano al agua, que es de todos y &hellip; <a href=\"https:\/\/www.grieta.org.mx\/index.php\/2018\/06\/01\/nuestra-lucha-es-por-la-vida-responde-mexicali-resiste-a-cce-baja-california\/\" class=\"more-link\">Leer m\u00e1s<\/a><\/p>\n","protected":false},"author":2,"featured_media":23383,"comment_status":"closed","ping_status":"closed","sticky":false,"template":"","format":"standard","meta":{"ngg_post_thumbnail":0,"_jetpack_newsletter_access":"","_jetpack_dont_email_post_to_subs":false,"_jetpack_newsletter_tier_id":0,"_jetpack_memberships_contains_paywalled_content":false,"_jetpack_memberships_contains_paid_content":false,"footnotes":""},"categories":[5,80,914,1052,2],"tags":[1296,1209,1053,764,1090],"class_list":["post-23382","post","type-post","status-publish","format-standard","has-post-thumbnail","hentry","category-baja-california","category-cintillo","category-privatizacion-del-agua","category-la-lucha-de-resistencia-frente-a-la-cervecera-constellation-brands","category-noticias-nacionales","tag-consejo-coordinador-empresarial","tag-constellation-brands","tag-mexicali-resiste","tag-privatizacion-del-agua","tag-represion-de-la-protesta-social","entry"],"jetpack_featured_media_url":"https:\/\/www.grieta.org.mx\/wp-content\/uploads\/2018\/06\/captura_de_pantalla_2018-06-01_a_las_10.02.53.png","jetpack_sharing_enabled":true,"jetpack_shortlink":"https:\/\/wp.me\/p7ZJR4-658","jetpack_likes_enabled":false,"jetpack-related-posts":[{"id":22494,"url":"https:\/\/www.grieta.org.mx\/index.php\/2018\/02\/01\/con-pergamino-con-mas-de-26-mil-firmas-piden-la-salida-de-constellation-brands-de-mexicali\/","url_meta":{"origin":23382,"position":0},"title":"Con pergamino con m\u00e1s de 26 mil firmas piden la salida de Constellation Brands de Mexicali","author":"grieta","date":"1 febrero, 2018","format":false,"excerpt":"Representantes de diferentes agrupaciones ciudadanas de todo el pa\u00eds, incluyendo a Mexicali Resiste, entregaron este d\u00eda un pergamino con m\u00e1s de 26 mil firmas pidiendo al gobernador de Baja California que cese de inmediato la construcci\u00f3n de la planta cervecera norteamericana, Constellation Brands, en Mexicali. Monitor Econ\u00f3mico \/ A los\u2026","rel":"","context":"En &quot;Baja California&quot;","block_context":{"text":"Baja California","link":"https:\/\/www.grieta.org.mx\/index.php\/category\/noticias-nacionales\/baja-california\/"},"img":{"alt_text":"","src":"https:\/\/i0.wp.com\/www.grieta.org.mx\/wp-content\/uploads\/2018\/04\/pergamino1.jpg?resize=350%2C200&ssl=1","width":350,"height":200,"srcset":"https:\/\/i0.wp.com\/www.grieta.org.mx\/wp-content\/uploads\/2018\/04\/pergamino1.jpg?resize=350%2C200&ssl=1 1x, https:\/\/i0.wp.com\/www.grieta.org.mx\/wp-content\/uploads\/2018\/04\/pergamino1.jpg?resize=525%2C300&ssl=1 1.5x, https:\/\/i0.wp.com\/www.grieta.org.mx\/wp-content\/uploads\/2018\/04\/pergamino1.jpg?resize=700%2C400&ssl=1 2x"},"classes":[]},{"id":23029,"url":"https:\/\/www.grieta.org.mx\/index.php\/2018\/05\/07\/detencion-de-leon-fierro-criminalizacion-de-la-protesta-en-mexicali-fleps-baja-california\/","url_meta":{"origin":23382,"position":1},"title":"Detenci\u00f3n de Le\u00f3n Fierro, criminalizaci\u00f3n de la protesta en Mexicali: FLEPS (Baja California)","author":"grieta","date":"7 mayo, 2018","format":false,"excerpt":"","rel":"","context":"En &quot;Baja California&quot;","block_context":{"text":"Baja California","link":"https:\/\/www.grieta.org.mx\/index.php\/category\/noticias-nacionales\/baja-california\/"},"img":{"alt_text":"","src":"https:\/\/i0.wp.com\/www.grieta.org.mx\/wp-content\/uploads\/2018\/05\/mexicalli1-720x480.jpg?resize=350%2C200&ssl=1","width":350,"height":200,"srcset":"https:\/\/i0.wp.com\/www.grieta.org.mx\/wp-content\/uploads\/2018\/05\/mexicalli1-720x480.jpg?resize=350%2C200&ssl=1 1x, https:\/\/i0.wp.com\/www.grieta.org.mx\/wp-content\/uploads\/2018\/05\/mexicalli1-720x480.jpg?resize=525%2C300&ssl=1 1.5x, https:\/\/i0.wp.com\/www.grieta.org.mx\/wp-content\/uploads\/2018\/05\/mexicalli1-720x480.jpg?resize=700%2C400&ssl=1 2x"},"classes":[]},{"id":22946,"url":"https:\/\/www.grieta.org.mx\/index.php\/2018\/05\/06\/protesta-mexicali-resiste-en-oficinas-del-periodico-el-mexicano-en-mexicali\/","url_meta":{"origin":23382,"position":2},"title":"Protesta Mexicali Resiste en oficinas del peri\u00f3dico El Mexicano, en Mexicali","author":"grieta","date":"6 mayo, 2018","format":false,"excerpt":"Eduardo Villa Lugo Un grupo conformado por 30 personas afines a Mexicali Resiste se manifest\u00f3 a las afueras del edificio del peri\u00f3dico El Mexicano, de Mexicali, exigiendo derecho de r\u00e9plica por una nota que consideraron tendenciosa. Integrantes de la agrupaci\u00f3n convocaron a trav\u00e9s de redes sociales a sus simpatizantes y\u2026","rel":"","context":"En &quot;Baja California&quot;","block_context":{"text":"Baja California","link":"https:\/\/www.grieta.org.mx\/index.php\/category\/noticias-nacionales\/baja-california\/"},"img":{"alt_text":"","src":"https:\/\/i0.wp.com\/www.grieta.org.mx\/wp-content\/uploads\/2018\/05\/28B0AFB4-DDCC-4A8A-87C0-228DBE922448-750x500.jpeg?resize=350%2C200&ssl=1","width":350,"height":200,"srcset":"https:\/\/i0.wp.com\/www.grieta.org.mx\/wp-content\/uploads\/2018\/05\/28B0AFB4-DDCC-4A8A-87C0-228DBE922448-750x500.jpeg?resize=350%2C200&ssl=1 1x, https:\/\/i0.wp.com\/www.grieta.org.mx\/wp-content\/uploads\/2018\/05\/28B0AFB4-DDCC-4A8A-87C0-228DBE922448-750x500.jpeg?resize=525%2C300&ssl=1 1.5x, https:\/\/i0.wp.com\/www.grieta.org.mx\/wp-content\/uploads\/2018\/05\/28B0AFB4-DDCC-4A8A-87C0-228DBE922448-750x500.jpeg?resize=700%2C400&ssl=1 2x"},"classes":[]},{"id":25023,"url":"https:\/\/www.grieta.org.mx\/index.php\/2018\/07\/21\/ordena-juez-liberar-al-activista-jorge-benitez-de-mexicali-resiste-baja-california\/","url_meta":{"origin":23382,"position":3},"title":"Ordena juez liberar al activista Jorge Ben\u00edtez de Mexicali Resiste (Baja California)","author":"grieta","date":"21 julio, 2018","format":false,"excerpt":"Antonio Heras Mexicali.- El activista Jorge Benitez fue puesto en libertad por la juez de Control del Sistema Penal Acusatorio de Baja California que lo absolvi\u00f3 de los delitos de lesiones calificadas y da\u00f1o en propiedad ajena. El integrante de Mexicali Resiste estivo en prosi\u00f3n preventiva dirante 72 horas, luego\u2026","rel":"","context":"En &quot;Baja California&quot;","block_context":{"text":"Baja California","link":"https:\/\/www.grieta.org.mx\/index.php\/category\/noticias-nacionales\/baja-california\/"},"img":{"alt_text":"","src":"https:\/\/i0.wp.com\/www.grieta.org.mx\/wp-content\/uploads\/2018\/07\/unnamed-4820963852.jpg?resize=350%2C200&ssl=1","width":350,"height":200},"classes":[]},{"id":60366,"url":"https:\/\/www.grieta.org.mx\/index.php\/2021\/07\/08\/organizaciones-senalan-persecucion-contra-integrantes-de-mexicali-resiste-baja-california\/","url_meta":{"origin":23382,"position":4},"title":"Organizaciones se\u00f1alan persecuci\u00f3n contra integrantes de Mexicali Resiste (Baja California)","author":"grieta","date":"8 julio, 2021","format":false,"excerpt":"La coperacha \/ Redacci\u00f3n. Congreso de Baja California reabre caso de despojo contra defensores del agua. La Coordinadora Nacional Agua para Todos, Agua para la Vida, el Congreso Nacional Ind\u00edgena (CNI), algunas escuelas normales, entre otros colectivos, exigieron al legislativo de Baja California cese la persecuci\u00f3n a defensores del agua\u2026","rel":"","context":"En &quot;Baja California&quot;","block_context":{"text":"Baja California","link":"https:\/\/www.grieta.org.mx\/index.php\/category\/noticias-nacionales\/baja-california\/"},"img":{"alt_text":"","src":"https:\/\/i0.wp.com\/www.grieta.org.mx\/wp-content\/uploads\/2021\/07\/X-1.jpg?resize=350%2C200&ssl=1","width":350,"height":200,"srcset":"https:\/\/i0.wp.com\/www.grieta.org.mx\/wp-content\/uploads\/2021\/07\/X-1.jpg?resize=350%2C200&ssl=1 1x, https:\/\/i0.wp.com\/www.grieta.org.mx\/wp-content\/uploads\/2021\/07\/X-1.jpg?resize=525%2C300&ssl=1 1.5x, https:\/\/i0.wp.com\/www.grieta.org.mx\/wp-content\/uploads\/2021\/07\/X-1.jpg?resize=700%2C400&ssl=1 2x"},"classes":[]},{"id":60350,"url":"https:\/\/www.grieta.org.mx\/index.php\/2021\/07\/07\/protestan-en-palacio-nacional-por-persecucion-al-colectivo-mexicali-resiste-baja-california\/","url_meta":{"origin":23382,"position":5},"title":"Protestan en Palacio Nacional por persecuci\u00f3n al colectivo Mexicali Resiste (Baja California)","author":"grieta","date":"7 julio, 2021","format":false,"excerpt":"Regeneraci\u00f3n Radio \/ Sandra Suaste. Ciudad de M\u00e9xico Colectivos y organizaciones protestaron a las afueras de Palacio Nacional en apoyo a los activistas que defienden el agua y el territorio. En d\u00edas anteriores, los integrantes de Mexicali Resiste denunciaron persecuci\u00f3n pol\u00edtica. El Congreso de Baja California los cit\u00f3 a una\u2026","rel":"","context":"En &quot;Baja California&quot;","block_context":{"text":"Baja California","link":"https:\/\/www.grieta.org.mx\/index.php\/category\/noticias-nacionales\/baja-california\/"},"img":{"alt_text":"","src":"https:\/\/i0.wp.com\/www.grieta.org.mx\/wp-content\/uploads\/2021\/07\/Mexicali-Resiste.jpg?resize=350%2C200&ssl=1","width":350,"height":200,"srcset":"https:\/\/i0.wp.com\/www.grieta.org.mx\/wp-content\/uploads\/2021\/07\/Mexicali-Resiste.jpg?resize=350%2C200&ssl=1 1x, https:\/\/i0.wp.com\/www.grieta.org.mx\/wp-content\/uploads\/2021\/07\/Mexicali-Resiste.jpg?resize=525%2C300&ssl=1 1.5x, https:\/\/i0.wp.com\/www.grieta.org.mx\/wp-content\/uploads\/2021\/07\/Mexicali-Resiste.jpg?resize=700%2C400&ssl=1 2x, https:\/\/i0.wp.com\/www.grieta.org.mx\/wp-content\/uploads\/2021\/07\/Mexicali-Resiste.jpg?resize=1050%2C600&ssl=1 3x, https:\/\/i0.wp.com\/www.grieta.org.mx\/wp-content\/uploads\/2021\/07\/Mexicali-Resiste.jpg?resize=1400%2C800&ssl=1 4x"},"classes":[]}],"_links":{"self":[{"href":"https:\/\/www.grieta.org.mx\/index.php\/wp-json\/wp\/v2\/posts\/23382","targetHints":{"allow":["GET"]}}],"collection":[{"href":"https:\/\/www.grieta.org.mx\/index.php\/wp-json\/wp\/v2\/posts"}],"about":[{"href":"https:\/\/www.grieta.org.mx\/index.php\/wp-json\/wp\/v2\/types\/post"}],"author":[{"embeddable":true,"href":"https:\/\/www.grieta.org.mx\/index.php\/wp-json\/wp\/v2\/users\/2"}],"replies":[{"embeddable":true,"href":"https:\/\/www.grieta.org.mx\/index.php\/wp-json\/wp\/v2\/comments?post=23382"}],"version-history":[{"count":1,"href":"https:\/\/www.grieta.org.mx\/index.php\/wp-json\/wp\/v2\/posts\/23382\/revisions"}],"predecessor-version":[{"id":23384,"href":"https:\/\/www.grieta.org.mx\/index.php\/wp-json\/wp\/v2\/posts\/23382\/revisions\/23384"}],"wp:featuredmedia":[{"embeddable":true,"href":"https:\/\/www.grieta.org.mx\/index.php\/wp-json\/wp\/v2\/media\/23383"}],"wp:attachment":[{"href":"https:\/\/www.grieta.org.mx\/index.php\/wp-json\/wp\/v2\/media?parent=23382"}],"wp:term":[{"taxonomy":"category","embeddable":true,"href":"https:\/\/www.grieta.org.mx\/index.php\/wp-json\/wp\/v2\/categories?post=23382"},{"taxonomy":"post_tag","embeddable":true,"href":"https:\/\/www.grieta.org.mx\/index.php\/wp-json\/wp\/v2\/tags?post=23382"}],"curies":[{"name":"wp","href":"https:\/\/api.w.org\/{rel}","templated":true}]}}