{"id":23360,"date":"2018-05-28T13:49:33","date_gmt":"2018-05-28T18:49:33","guid":{"rendered":"http:\/\/www.grieta.org.mx\/?p=23360"},"modified":"2018-05-31T14:05:28","modified_gmt":"2018-05-31T19:05:28","slug":"los-agravios-que-han-hecho-deben-pagarse-con-carcel-leon-fierro-baja-california","status":"publish","type":"post","link":"https:\/\/www.grieta.org.mx\/index.php\/2018\/05\/28\/los-agravios-que-han-hecho-deben-pagarse-con-carcel-leon-fierro-baja-california\/","title":{"rendered":"\u201cLos agravios que han hecho deben pagarse con c\u00e1rcel\u201d: Le\u00f3n Fierro (Baja California)"},"content":{"rendered":"<figure id=\"attachment_23361\" aria-describedby=\"caption-attachment-23361\" style=\"width: 620px\" class=\"wp-caption aligncenter\"><img loading=\"lazy\" decoding=\"async\" data-attachment-id=\"23361\" data-permalink=\"https:\/\/www.grieta.org.mx\/index.php\/2018\/05\/28\/los-agravios-que-han-hecho-deben-pagarse-con-carcel-leon-fierro-baja-california\/leon-fierro-al-salir-de-prision\/\" data-orig-file=\"https:\/\/www.grieta.org.mx\/wp-content\/uploads\/2018\/05\/mexicali-resiste-denunciado-mxli-23b.jpg\" data-orig-size=\"620,465\" data-comments-opened=\"0\" data-image-meta=\"{&quot;aperture&quot;:&quot;0&quot;,&quot;credit&quot;:&quot;eduardo villa&quot;,&quot;camera&quot;:&quot;&quot;,&quot;caption&quot;:&quot;leon fierro al salir de prision&quot;,&quot;created_timestamp&quot;:&quot;0&quot;,&quot;copyright&quot;:&quot;&quot;,&quot;focal_length&quot;:&quot;0&quot;,&quot;iso&quot;:&quot;0&quot;,&quot;shutter_speed&quot;:&quot;0&quot;,&quot;title&quot;:&quot;leon fierro al salir de prision&quot;,&quot;orientation&quot;:&quot;0&quot;}\" data-image-title=\"leon fierro al salir de prision\" data-image-description=\"\" data-image-caption=\"&lt;p&gt;leon fierro al salir de prision&lt;\/p&gt;\n\" data-medium-file=\"https:\/\/www.grieta.org.mx\/wp-content\/uploads\/2018\/05\/mexicali-resiste-denunciado-mxli-23b-300x225.jpg\" data-large-file=\"https:\/\/www.grieta.org.mx\/wp-content\/uploads\/2018\/05\/mexicali-resiste-denunciado-mxli-23b.jpg\" class=\"size-full wp-image-23361\" src=\"http:\/\/www.grieta.org.mx\/wp-content\/uploads\/2018\/05\/mexicali-resiste-denunciado-mxli-23b.jpg\" alt=\"\" width=\"620\" height=\"465\" srcset=\"https:\/\/www.grieta.org.mx\/wp-content\/uploads\/2018\/05\/mexicali-resiste-denunciado-mxli-23b.jpg 620w, https:\/\/www.grieta.org.mx\/wp-content\/uploads\/2018\/05\/mexicali-resiste-denunciado-mxli-23b-300x225.jpg 300w\" sizes=\"auto, (max-width: 620px) 100vw, 620px\" \/><figcaption id=\"caption-attachment-23361\" class=\"wp-caption-text\"><span class=\"foto_credito\">Foto: Eduardo Villa.- Le\u00f3n Fierro al salir de prisi\u00f3n <br \/>\u00a0<\/span><\/figcaption><\/figure>\n<p>Eduardo Villa Lugo<\/p>\n<blockquote><p>Veinte d\u00edas en prisi\u00f3n, no minaron en lo absoluto las intenciones de Mexicali Resiste por luchar por el agua. Al contrario, Le\u00f3n Fierro considera que las detenciones a los integrantes de los colectivos, solo avivaron la llama de la protesta social. En tanto, en la PGJE consideran que la salida alternativa es una aceptaci\u00f3n indirecta de los hechos de los que se le acusa, y para el abogado Juan Manuel Molina, representa un desprestigio para el Gobierno del Estado<\/p><\/blockquote>\n<p>\u201cLuchar por el agua no es delito\u201d, es el slogan de una camiseta morada que un compa\u00f1ero de trinchera, entrega a Le\u00f3n Fierro Res\u00e9ndiz cuando da sus primeros pasos fuera de prisi\u00f3n. Un grupo de 30 personas lo espera en Calle Sur, afuera del Centro de Reinserci\u00f3n Social (Cereso) de Mexicali, donde permaneci\u00f3 cautivo por 20 d\u00edas.<\/p>\n<p>Un d\u00eda despu\u00e9s de la liberaci\u00f3n, compa\u00f1eros tienen un recuerdo nebuloso de esos 20 d\u00edas; lucen relajados y sienten que ganaron una batalla, pero saben que la guerra sigue. Fierro aprovecha unos instantes para conversar con ZETA mientras recibe abrazos y muestras de cari\u00f1o en el campamento Norte de Mexicali Resiste, ubicado frente a las oficinas del Poder Ejecutivo en Centro C\u00edvico.<\/p>\n<p>\u201cAhora tienes el look de Ricardo Anaya\u201d, comentario que desata las risas de sus compa\u00f1eros, mientras bromean sobre el corte de cabello que le realizaron durante su estancia en prisi\u00f3n, afirmando que 20 d\u00edas en el Cereso no eran suficientes para hacerlo cambiar de parecer en torno a sus ideales pol\u00edticos.<\/p>\n<p>De las acciones de gobierno, narr\u00f3 en entrevista: \u201cLos agravios que han hecho deben pagarse con c\u00e1rcel\u201d, refiri\u00e9ndose no solo a lo ocurrido con \u00e9l, sino con los actos hacia sus compa\u00f1eros, los actos de corrupci\u00f3n, la Ley del Agua, las APP, Constellation Brands, entre otras cuestiones que han puesto en el ojo del hurac\u00e1n a la actual administraci\u00f3n.<\/p>\n<p>Manteniendo el mismo discurso, el subprocurador Fernando Ram\u00edrez Amador, asever\u00f3 que nunca se trat\u00f3 de una persecuci\u00f3n pol\u00edtica y que la apelaci\u00f3n por la reclasificaci\u00f3n del delito contin\u00faa, pero no interpondr\u00e1n recurso contra la resoluci\u00f3n en la audiencia de suspensi\u00f3n condicional del proceso, pues se trata de una medida alternativa apegada a derecho.<\/p>\n<p>De hecho, afirm\u00f3 que para otorgar esta medida es necesario aceptar el hecho cometido, por lo que su liberaci\u00f3n no es absolutoria en lo m\u00ednimo.<\/p>\n<p>LA LUCHA POR EL AGUA NO SE DETIENE<\/p>\n<p>M\u00e1s de 30 personas esperaban a las afueras del Cereso de Mexicali la liberaci\u00f3n de Le\u00f3n Fierro, que se dio alrededor de las 1:00 pm. Previo al recibimiento, los manifestantes golpeaban con piedras y palos las puertas y cercos met\u00e1licos que rodean la prisi\u00f3n, exigiendo la salida inmediata de su compa\u00f1ero. De pronto, algunos comenzaron a tocar tambores y aquello se convirti\u00f3 en una fiesta donde esperaban al actor principal.<\/p>\n<p><img decoding=\"async\" data-attachment-id=\"23362\" data-permalink=\"https:\/\/www.grieta.org.mx\/index.php\/2018\/05\/28\/los-agravios-que-han-hecho-deben-pagarse-con-carcel-leon-fierro-baja-california\/mexicali-resiste-denunciado-mxli-22b-600x354\/\" data-orig-file=\"https:\/\/www.grieta.org.mx\/wp-content\/uploads\/2018\/05\/mexicali-resiste-denunciado-mxli-22b-600x354.jpg\" data-orig-size=\"600,354\" data-comments-opened=\"0\" data-image-meta=\"{&quot;aperture&quot;:&quot;0&quot;,&quot;credit&quot;:&quot;&quot;,&quot;camera&quot;:&quot;&quot;,&quot;caption&quot;:&quot;&quot;,&quot;created_timestamp&quot;:&quot;0&quot;,&quot;copyright&quot;:&quot;&quot;,&quot;focal_length&quot;:&quot;0&quot;,&quot;iso&quot;:&quot;0&quot;,&quot;shutter_speed&quot;:&quot;0&quot;,&quot;title&quot;:&quot;&quot;,&quot;orientation&quot;:&quot;0&quot;}\" data-image-title=\"mexicali-resiste-denunciado-mxli-22b-600&amp;#215;354\" data-image-description=\"\" data-image-caption=\"\" data-medium-file=\"https:\/\/www.grieta.org.mx\/wp-content\/uploads\/2018\/05\/mexicali-resiste-denunciado-mxli-22b-600x354-300x177.jpg\" data-large-file=\"https:\/\/www.grieta.org.mx\/wp-content\/uploads\/2018\/05\/mexicali-resiste-denunciado-mxli-22b-600x354.jpg\" class=\"aligncenter size-full wp-image-23362\" src=\"http:\/\/www.grieta.org.mx\/wp-content\/uploads\/2018\/05\/mexicali-resiste-denunciado-mxli-22b-600x354.jpg\" alt=\"\" width=\"100%\" height=\"354\" srcset=\"https:\/\/www.grieta.org.mx\/wp-content\/uploads\/2018\/05\/mexicali-resiste-denunciado-mxli-22b-600x354.jpg 600w, https:\/\/www.grieta.org.mx\/wp-content\/uploads\/2018\/05\/mexicali-resiste-denunciado-mxli-22b-600x354-300x177.jpg 300w\" sizes=\"(max-width: 600px) 100vw, 600px\" \/><\/p>\n<p><strong>Foto: Eduardo Villa.- <em>Le\u00f3n Fierro abrazando a su hijo<\/em><\/strong><\/p>\n<p>Para el activista, su detenci\u00f3n provoc\u00f3 que diversos colectivos en favor de los derechos humanos- tanto nacionales como internacionales- voltearan a Baja California nuevamente, tejiendo nuevas redes y fortaleciendo sus planes de acci\u00f3n.<\/p>\n<p>De hecho, para las 3:00 pm del mi\u00e9rcoles 23 de mayo, su liberaci\u00f3n fue <em>trending topic<\/em> en la red social <em>Twitter<\/em>, adem\u00e1s de que medios de comunicaci\u00f3n de todo el mundo replicaron la historia.<\/p>\n<p>Acompa\u00f1ado de varios de sus compa\u00f1eros, incluyendo Jorge Ben\u00edtez, Le\u00f3n Fierro comenta que pretenden emprender nuevas acciones contra la instalaci\u00f3n de la planta cervecera <em>Constellation Brands,<\/em> a la cual denunciar\u00e1n por corrupci\u00f3n en Estados Unidos. Tambi\u00e9n pretenden abrir y reforzar expedientes contra el gobernador Francisco Vega de Lamadrid y sus funcionarios.<\/p>\n<p>Sobre la pr\u00f3xima Ley del Agua que pretende emitir el sector empresarial, el activista advirti\u00f3 que es pr\u00e1cticamente la misma que la abrogada en febrero de 2017, por lo que esperan nuevas movilizaciones en busca de combatirla, pero esperar\u00e1n hasta tenerla en sus manos para iniciar. Mientras, trabajan en compa\u00f1\u00eda de diversos colectivos en realizar talleres en todo el municipio en busca de recabar informaci\u00f3n para proponer una nueva Ley que, m\u00e1s que \u201cciudadana\u201d, ser\u00e1 \u201cpopular\u201d, pues beneficiar\u00eda a las personas m\u00e1s vulnerables.<\/p>\n<p>&nbsp;<\/p>\n<p><strong><em>EN EL CERESO VIOLAN LOS DERECHOS HUMANOS<\/em><\/strong><\/p>\n<p>El reclamo m\u00e1s agresivo que emiti\u00f3 Le\u00f3n Fierro al salir de prisi\u00f3n y durante la conversaci\u00f3n con esta casa editorial, fueron los constantes actos de violaci\u00f3n a los derechos humanos que se cometen al interior del Cereso, como lo es el vivir con 33 personas en una habitaci\u00f3n de 3\u00d74, donde en algunas ocasiones no hay luz el\u00e9ctrica y el ba\u00f1o est\u00e1 expuesto, adem\u00e1s del penetrante olor a excremento que se percibe en cada celda.<\/p>\n<p>Fierro Res\u00e9ndiz narr\u00f3 las primeras horas desde su detenci\u00f3n hasta el \u00faltimo d\u00eda en prisi\u00f3n, afirmando que el d\u00eda de su captura, los agentes no se identificaron ni presentaron \u00f3rdenes, por lo que en un principio temi\u00f3 que se tratara de un acto fuera de la Ley, pero la situaci\u00f3n se calm\u00f3 cuando fue llevado al Cereso.<\/p>\n<p>Ah\u00ed fue desvestido en dos ocasiones -acto que realizaron cada vez que iba a audiencia-, una de ellas en el mismo Centro de Justicia, donde hasta sus genitales fueron revisados. Agreg\u00f3 que las primeras horas fueron de terror y no se calm\u00f3 hasta que comenz\u00f3 a escuchar los gritos y consignas provenientes del exterior de la c\u00e1rcel.<\/p>\n<p>Luego de la primera audiencia, donde se ley\u00f3 la acusaci\u00f3n en su contra, Fierro Res\u00e9ndiz fue trasladado nuevamente al penal, bajo la acusaci\u00f3n de homicidio en grado de tentativa. Ah\u00ed comparti\u00f3 celda con 33 personas, al lado de asesinos, ladrones de autos, narcotraficantes e incluso personas con terribles problemas psiqui\u00e1tricos, pues sus arranques de ira eran constantes e inexplicables.<\/p>\n<p>\u201cLas primeras horas fueron las m\u00e1s dif\u00edciles\u201d, asever\u00f3 el activista, quien denunci\u00f3 que muchos de los internos estaban descalzos y en ropa interior, pues su familia no realizaba un pago para vestirlos; de esa manera pod\u00edan durar d\u00edas y hasta semanas, pues nadie respond\u00eda por ellos.<\/p>\n<p>Fue hasta despu\u00e9s de la marat\u00f3nica audiencia de vinculaci\u00f3n a proceso donde la jueza Ruth Esperanza \u00c1lvarez determin\u00f3 reclasificar el delito a lesiones calificadas, pero mantener la prisi\u00f3n preventiva, cuando fue cambiado a una sala aislada.<\/p>\n<p>Y es que durante los primeros siete d\u00edas, Le\u00f3n mand\u00f3 varios escritos y denunci\u00f3 constantes abusos de derechos humanos de los que eran v\u00edctimas tanto \u00e9l como sus compa\u00f1eros internos. Luego de la presi\u00f3n social y de los escritos que realiz\u00f3, responsabilizando al gobernador por lo que le pasara a \u00e9l y a su familia, lo movieron a una celda aislada para evitar una posible agresi\u00f3n por parte de otros internos. Sin embargo, esto no mejor\u00f3 el panorama para los otros prisioneros que siguen padeciendo abusos.<\/p>\n<p>Dentro del penal, coment\u00f3 que hasta los mismos custodios les ped\u00edan que explicara los motivos de la lucha por el agua, y al igual que los internos, estaban de acuerdo con \u00e9l y reclamaban los actos abusivos de los que fueron v\u00edctimas por parte de polic\u00edas o autoridades. Por ello ahora incluir\u00e1 el derecho de los internos como uno de sus motivos de lucha.<\/p>\n<figure id=\"attachment_23363\" aria-describedby=\"caption-attachment-23363\" style=\"width: 536px\" class=\"wp-caption aligncenter\"><img loading=\"lazy\" decoding=\"async\" data-attachment-id=\"23363\" data-permalink=\"https:\/\/www.grieta.org.mx\/index.php\/2018\/05\/28\/los-agravios-que-han-hecho-deben-pagarse-con-carcel-leon-fierro-baja-california\/leon-fierro-en-el-campamento-norte\/\" data-orig-file=\"https:\/\/www.grieta.org.mx\/wp-content\/uploads\/2018\/05\/mexicali-resiste-denunciado-mxli-24b-2.jpg\" data-orig-size=\"536,368\" data-comments-opened=\"0\" data-image-meta=\"{&quot;aperture&quot;:&quot;0&quot;,&quot;credit&quot;:&quot;eduardo villa&quot;,&quot;camera&quot;:&quot;&quot;,&quot;caption&quot;:&quot;leon fierro en el campamento norte&quot;,&quot;created_timestamp&quot;:&quot;0&quot;,&quot;copyright&quot;:&quot;&quot;,&quot;focal_length&quot;:&quot;0&quot;,&quot;iso&quot;:&quot;0&quot;,&quot;shutter_speed&quot;:&quot;0&quot;,&quot;title&quot;:&quot;leon fierro en el campamento norte&quot;,&quot;orientation&quot;:&quot;0&quot;}\" data-image-title=\"leon fierro en el campamento norte\" data-image-description=\"\" data-image-caption=\"&lt;p&gt;leon fierro en el campamento norte&lt;\/p&gt;\n\" data-medium-file=\"https:\/\/www.grieta.org.mx\/wp-content\/uploads\/2018\/05\/mexicali-resiste-denunciado-mxli-24b-2-300x206.jpg\" data-large-file=\"https:\/\/www.grieta.org.mx\/wp-content\/uploads\/2018\/05\/mexicali-resiste-denunciado-mxli-24b-2.jpg\" class=\"size-full wp-image-23363\" src=\"http:\/\/www.grieta.org.mx\/wp-content\/uploads\/2018\/05\/mexicali-resiste-denunciado-mxli-24b-2.jpg\" alt=\"\" width=\"536\" height=\"368\" srcset=\"https:\/\/www.grieta.org.mx\/wp-content\/uploads\/2018\/05\/mexicali-resiste-denunciado-mxli-24b-2.jpg 536w, https:\/\/www.grieta.org.mx\/wp-content\/uploads\/2018\/05\/mexicali-resiste-denunciado-mxli-24b-2-300x206.jpg 300w\" sizes=\"auto, (max-width: 536px) 100vw, 536px\" \/><figcaption id=\"caption-attachment-23363\" class=\"wp-caption-text\">Le\u00f3n fierro en el campamento norte<\/figcaption><\/figure>\n<p>Agreg\u00f3 que antes de las audiencias le imped\u00edan observar su expediente judicial, lo que -a su juicio- le imped\u00eda debida defensa, ya que quer\u00eda comprender lo que pasaba a su alrededor y poder aportar algo a sus abogados en caso de ser necesario.<\/p>\n<p>Sobre el discurso que realiz\u00f3 al t\u00e9rmino de la audiencia de vinculaci\u00f3n -el cual fue utilizado para mantenerlo en prisi\u00f3n-, el vocero de Mexicali Resiste \u00a0dijo que en alguna ocasi\u00f3n escuch\u00f3 a Francisco Rueda G\u00f3mez, secretario general de Gobierno, decir las mismas palabras sobre su persona y la agrupaci\u00f3n.<\/p>\n<p>\u201cFue como si estuviera escuchando a Francisco Rueda mientras hablaba la juez\u201d, por lo que no le queda la menor duda que la decisi\u00f3n de mantenerlo preso fue realizada directamente desde la oficina del tercer piso del edificio del Poder Ejecutivo. Seg\u00fan \u00e9l, eso quiere decir que no importaba la destacada intervenci\u00f3n de sus abogados, ese d\u00eda no saldr\u00eda de prisi\u00f3n por \u00f3rdenes de arriba.<\/p>\n<p>Sin embargo, reconoci\u00f3 que el caso programado por Rosales y sus compa\u00f1eros de despacho, y la presi\u00f3n social que permaneci\u00f3 en todo el pa\u00eds durante 20 d\u00edas, fue suficiente para que lo dejaran en libertad.<\/p>\n<p>En un mensaje al gobernador, expuso que espera se haga justicia y que si llega a caer en prisi\u00f3n, que sea en una celda donde se respeten sus derechos humanos fundamentales.<\/p>\n<p>&nbsp;<\/p>\n<p><strong><em>FISCAL\u00cdA VOLVI\u00d3 A QUEDAR EN RID\u00cdCULO: ROSALES<\/em><\/strong><\/p>\n<p>Para el abogado Fernando Rosales, la fiscal\u00eda volvi\u00f3 a cometer tremenda pifia, pues no solo se reclasific\u00f3 el delito de homicidio en grado de tentativa a lesiones, sino que se logr\u00f3 la libertad de Fierro Res\u00e9ndiz a trav\u00e9s de una lucha jur\u00eddica.<\/p>\n<p>Acorde con Rosales, la audiencia de suspensi\u00f3n condicional de proceso es una figura que puede utilizarse siempre y cuando se cumpla con tres puntos: que el delito no tenga una pena aritm\u00e9tica de cinco a\u00f1os, que no exista una oposici\u00f3n fundada del ofendido y que no se haya sometido anteriormente a una suspensi\u00f3n de este tipo.<\/p>\n<p>Al descubrir que cumpl\u00eda con todas las caracter\u00edsticas, decidieron presentar el escrito para solicitar el criterio de oportunidad, donde se presentaron todas las pruebas ya referidas y se justific\u00f3 que el imputado pod\u00eda llevar su proceso en libertad siempre y cuando pagara una multa de mil 889 pesos -seg\u00fan un perito externo- por las lesiones de 2 y 10 cent\u00edmetros del oficial, quien cabe se\u00f1alar, no se present\u00f3 a la audiencia.<\/p>\n<p>De hecho, el agente \u00c9dgar Manuel Tapia Castro -quien en 2013 fue objeto de una recomendaci\u00f3n de la Comisi\u00f3n Estatal de Derechos Humanos por detenci\u00f3n arbitraria-, ya ni siquiera trabajaba en la dependencia, por lo que no hab\u00edan podido localizarlo.<\/p>\n<p>El Ministerio P\u00fablico argument\u00f3 que uno de los motivos por los que dej\u00f3 el trabajo fue el da\u00f1o moral que sufri\u00f3 tras ese incidente, pero el juez Fernando Serrano desestim\u00f3 los se\u00f1alamientos, debido a que durante cinco meses de expediente, no pudo acreditar dichas afectaciones.<\/p>\n<p>En todo el pa\u00eds no existe una persona en prisi\u00f3n por una lesi\u00f3n de 2 y 10 cent\u00edmetros, por lo que es una verg\u00fcenza que la situaci\u00f3n haya llegado hasta ese punto, pues representa un terrible descr\u00e9dito para la Procuradur\u00eda General de Justicia del Estado (PGJE), por lo que exigi\u00f3 el cese inmediato del fiscal David Gonz\u00e1lez Guerra o del subprocurador Fernando Ram\u00edrez Amador.<\/p>\n<p>&nbsp;<\/p>\n<p><strong><em>LE\u00d3N FIERRO EST\u00c1 A PRUEBA: PGJE<\/em><\/strong><\/p>\n<p>Por su parte, el subprocurador Fernando Ram\u00edrez Amador se dijo insatisfecho por la decisi\u00f3n del juez, pero la consider\u00f3 apegada a derecho, por lo que no interpondr\u00e1n un recurso de revisi\u00f3n.<\/p>\n<p>El funcionario de la PGJE agreg\u00f3 que la situaci\u00f3n del activista de Mexicali Resiste no es parte de una persecuci\u00f3n pol\u00edtica, sino un hecho meramente jur\u00eddico, por lo que actuar\u00e1n de manera objetiva ante su libertad.<\/p>\n<p>Para recibir este beneficio, se debe \u00a0aceptar el hecho consumado, por lo que indirectamente es aceptar la culpabilidad. Sin embargo, no se trata de un juicio abreviado donde en verdad habr\u00eda una sentencia, sino de una medida alternativa que Rosales pudo solicitar desde el mismo instante que se vincul\u00f3 a proceso.<\/p>\n<p>\u201cLa defensa esper\u00f3 varios d\u00edas para hacerlo, bueno, es parte de su estrategia\u201d, afirm\u00f3 el funcionario estatal, para agregar que de ninguna manera hubo una sentencia absolutoria, sino que pr\u00e1cticamente Fierro se encuentra a prueba.<\/p>\n<p><strong><em>\u00a0<\/em><\/strong><\/p>\n<p><strong><em>Pretenden atarlo de manos: Molina<\/em><\/strong><\/p>\n<p>Para Juan Manuel Molina, abogado penalista, la detenci\u00f3n de Le\u00f3n Fierro fue una medida precipitada y un error jur\u00eddico, ya que se aviv\u00f3 la lucha de los colectivos y finalmente qued\u00f3 en libertad antes de culminado el proceso electoral.<\/p>\n<p>De forma llana, el jurista cit\u00f3 que la intenci\u00f3n de la fiscal\u00eda era atarlo de manos durante el proceso electoral, pues ahora deber\u00e1 tener cuidado, pues la m\u00ednima infracci\u00f3n puede echar abajo la suspensi\u00f3n condicionada del proceso, lo que lo llevar\u00eda nuevamente a prisi\u00f3n.<\/p>\n<p>Sobre su opini\u00f3n ante la liberaci\u00f3n, asegur\u00f3 se trata de una forma de salir menos raspado, pues la presi\u00f3n nacional y pol\u00edtica a su partido era demasiada, por lo que trazaron la l\u00ednea para que lograra su libertad.<\/p>\n<p>\u201cTe podr\u00eda decir que fue intencional, trazaron el camino para que saliera, pues mantenerlo preso iba a causar un da\u00f1o moral, no fue accidente que eso pasara\u201d, plante\u00f3 el abogado, quien para concluir, refiri\u00f3 que se invierte demasiado tiempo persiguiendo activistas y no investigando delitos que afectan a la ciudadan\u00eda.<\/p>\n<p><a href=\"http:\/\/zetatijuana.com\/2018\/05\/los-agravios-que-han-hecho-deben-pagarse-con-carcel-leon-fierro\/\" rel=\"noopener\" target=\"_blank\">http:\/\/zetatijuana.com\/2018\/05\/los-agravios-que-han-hecho-deben-pagarse-con-carcel-leon-fierro\/<\/a><\/p>\n","protected":false},"excerpt":{"rendered":"<p>Eduardo Villa Lugo Veinte d\u00edas en prisi\u00f3n, no minaron en lo absoluto las intenciones de Mexicali Resiste por luchar por el agua. Al contrario, Le\u00f3n Fierro considera que las detenciones &hellip; <a href=\"https:\/\/www.grieta.org.mx\/index.php\/2018\/05\/28\/los-agravios-que-han-hecho-deben-pagarse-con-carcel-leon-fierro-baja-california\/\" class=\"more-link\">Leer m\u00e1s<\/a><\/p>\n","protected":false},"author":2,"featured_media":23361,"comment_status":"closed","ping_status":"closed","sticky":false,"template":"","format":"standard","meta":{"ngg_post_thumbnail":0,"_jetpack_newsletter_access":"","_jetpack_dont_email_post_to_subs":false,"_jetpack_newsletter_tier_id":0,"_jetpack_memberships_contains_paywalled_content":false,"_jetpack_memberships_contains_paid_content":false,"footnotes":""},"categories":[5,80,914,1052,2],"tags":[1209,1238,1053,764,1090],"class_list":["post-23360","post","type-post","status-publish","format-standard","has-post-thumbnail","hentry","category-baja-california","category-cintillo","category-privatizacion-del-agua","category-la-lucha-de-resistencia-frente-a-la-cervecera-constellation-brands","category-noticias-nacionales","tag-constellation-brands","tag-leon-fierro","tag-mexicali-resiste","tag-privatizacion-del-agua","tag-represion-de-la-protesta-social","entry"],"jetpack_featured_media_url":"https:\/\/www.grieta.org.mx\/wp-content\/uploads\/2018\/05\/mexicali-resiste-denunciado-mxli-23b.jpg","jetpack_sharing_enabled":true,"jetpack_shortlink":"https:\/\/wp.me\/p7ZJR4-64M","jetpack_likes_enabled":false,"jetpack-related-posts":[{"id":23029,"url":"https:\/\/www.grieta.org.mx\/index.php\/2018\/05\/07\/detencion-de-leon-fierro-criminalizacion-de-la-protesta-en-mexicali-fleps-baja-california\/","url_meta":{"origin":23360,"position":0},"title":"Detenci\u00f3n de Le\u00f3n Fierro, criminalizaci\u00f3n de la protesta en Mexicali: FLEPS (Baja California)","author":"grieta","date":"7 mayo, 2018","format":false,"excerpt":"","rel":"","context":"En &quot;Baja California&quot;","block_context":{"text":"Baja California","link":"https:\/\/www.grieta.org.mx\/index.php\/category\/noticias-nacionales\/baja-california\/"},"img":{"alt_text":"","src":"https:\/\/i0.wp.com\/www.grieta.org.mx\/wp-content\/uploads\/2018\/05\/mexicalli1-720x480.jpg?resize=350%2C200&ssl=1","width":350,"height":200,"srcset":"https:\/\/i0.wp.com\/www.grieta.org.mx\/wp-content\/uploads\/2018\/05\/mexicalli1-720x480.jpg?resize=350%2C200&ssl=1 1x, https:\/\/i0.wp.com\/www.grieta.org.mx\/wp-content\/uploads\/2018\/05\/mexicalli1-720x480.jpg?resize=525%2C300&ssl=1 1.5x, https:\/\/i0.wp.com\/www.grieta.org.mx\/wp-content\/uploads\/2018\/05\/mexicalli1-720x480.jpg?resize=700%2C400&ssl=1 2x"},"classes":[]},{"id":23284,"url":"https:\/\/www.grieta.org.mx\/index.php\/2018\/05\/23\/tras-20-dias-en-la-carcel-juez-libera-a-leon-fierro-dirigente-de-mexicali-resiste-baja-california\/","url_meta":{"origin":23360,"position":1},"title":"Tras 20 d\u00edas en la c\u00e1rcel, juez libera a Le\u00f3n Fierro, dirigente de Mexicali Resiste (Baja California)","author":"grieta","date":"23 mayo, 2018","format":false,"excerpt":"Jenaro Villamil CIUDAD DE M\u00c9XICO (apro).- Despu\u00e9s de 20 d\u00edas de haber sido detenido por elementos de la polic\u00eda estatal, el juez Fernando Serrano Jim\u00e9nez liber\u00f3 a Le\u00f3n Fierro, activista de derechos humanos y l\u00edder del movimiento Mexicali Resiste, encarcelado tras encabezar protestas en contra de la instalaci\u00f3n de la\u2026","rel":"","context":"En &quot;Baja California&quot;","block_context":{"text":"Baja California","link":"https:\/\/www.grieta.org.mx\/index.php\/category\/noticias-nacionales\/baja-california\/"},"img":{"alt_text":"","src":"https:\/\/i0.wp.com\/www.grieta.org.mx\/wp-content\/uploads\/2018\/05\/Leon-Fierro-con-su-familia-Foto-Mexicali-Resiste.jpg?resize=350%2C200&ssl=1","width":350,"height":200,"srcset":"https:\/\/i0.wp.com\/www.grieta.org.mx\/wp-content\/uploads\/2018\/05\/Leon-Fierro-con-su-familia-Foto-Mexicali-Resiste.jpg?resize=350%2C200&ssl=1 1x, https:\/\/i0.wp.com\/www.grieta.org.mx\/wp-content\/uploads\/2018\/05\/Leon-Fierro-con-su-familia-Foto-Mexicali-Resiste.jpg?resize=525%2C300&ssl=1 1.5x, https:\/\/i0.wp.com\/www.grieta.org.mx\/wp-content\/uploads\/2018\/05\/Leon-Fierro-con-su-familia-Foto-Mexicali-Resiste.jpg?resize=700%2C400&ssl=1 2x"},"classes":[]},{"id":22946,"url":"https:\/\/www.grieta.org.mx\/index.php\/2018\/05\/06\/protesta-mexicali-resiste-en-oficinas-del-periodico-el-mexicano-en-mexicali\/","url_meta":{"origin":23360,"position":2},"title":"Protesta Mexicali Resiste en oficinas del peri\u00f3dico El Mexicano, en Mexicali","author":"grieta","date":"6 mayo, 2018","format":false,"excerpt":"Eduardo Villa Lugo Un grupo conformado por 30 personas afines a Mexicali Resiste se manifest\u00f3 a las afueras del edificio del peri\u00f3dico El Mexicano, de Mexicali, exigiendo derecho de r\u00e9plica por una nota que consideraron tendenciosa. Integrantes de la agrupaci\u00f3n convocaron a trav\u00e9s de redes sociales a sus simpatizantes y\u2026","rel":"","context":"En &quot;Baja California&quot;","block_context":{"text":"Baja California","link":"https:\/\/www.grieta.org.mx\/index.php\/category\/noticias-nacionales\/baja-california\/"},"img":{"alt_text":"","src":"https:\/\/i0.wp.com\/www.grieta.org.mx\/wp-content\/uploads\/2018\/05\/28B0AFB4-DDCC-4A8A-87C0-228DBE922448-750x500.jpeg?resize=350%2C200&ssl=1","width":350,"height":200,"srcset":"https:\/\/i0.wp.com\/www.grieta.org.mx\/wp-content\/uploads\/2018\/05\/28B0AFB4-DDCC-4A8A-87C0-228DBE922448-750x500.jpeg?resize=350%2C200&ssl=1 1x, https:\/\/i0.wp.com\/www.grieta.org.mx\/wp-content\/uploads\/2018\/05\/28B0AFB4-DDCC-4A8A-87C0-228DBE922448-750x500.jpeg?resize=525%2C300&ssl=1 1.5x, https:\/\/i0.wp.com\/www.grieta.org.mx\/wp-content\/uploads\/2018\/05\/28B0AFB4-DDCC-4A8A-87C0-228DBE922448-750x500.jpeg?resize=700%2C400&ssl=1 2x"},"classes":[]},{"id":23174,"url":"https:\/\/www.grieta.org.mx\/index.php\/2018\/05\/15\/por-que-una-cervecera-de-eu-se-toma-la-poca-agua-que-queda-en-mexicali-que-diga-conagua-inai-baja-california\/","url_meta":{"origin":23360,"position":3},"title":"\u00bfPor qu\u00e9 una cervecera de EU se toma la poca agua que queda en Mexicali? Que diga Conagua: INAI (Baja California)","author":"grieta","date":"15 mayo, 2018","format":false,"excerpt":"Por Redacci\u00f3n El INAI instruy\u00f3 a la Comisi\u00f3n Nacional del Agua a que informe si la instalaci\u00f3n de la planta cervecera Constellation Brands en Mexicali, Baja California, cuenta con los permisos, manifestaciones de impacto ambiental o cualquier expresi\u00f3n documental que avalen la explotaci\u00f3n del agua en la zona, pues todos\u2026","rel":"","context":"En &quot;Baja California&quot;","block_context":{"text":"Baja California","link":"https:\/\/www.grieta.org.mx\/index.php\/category\/noticias-nacionales\/baja-california\/"},"img":{"alt_text":"","src":"https:\/\/i0.wp.com\/www.grieta.org.mx\/wp-content\/uploads\/2018\/05\/leon-fierro-preso-1100.jpg?resize=350%2C200&ssl=1","width":350,"height":200,"srcset":"https:\/\/i0.wp.com\/www.grieta.org.mx\/wp-content\/uploads\/2018\/05\/leon-fierro-preso-1100.jpg?resize=350%2C200&ssl=1 1x, https:\/\/i0.wp.com\/www.grieta.org.mx\/wp-content\/uploads\/2018\/05\/leon-fierro-preso-1100.jpg?resize=525%2C300&ssl=1 1.5x, https:\/\/i0.wp.com\/www.grieta.org.mx\/wp-content\/uploads\/2018\/05\/leon-fierro-preso-1100.jpg?resize=700%2C400&ssl=1 2x, https:\/\/i0.wp.com\/www.grieta.org.mx\/wp-content\/uploads\/2018\/05\/leon-fierro-preso-1100.jpg?resize=1050%2C600&ssl=1 3x"},"classes":[]},{"id":27596,"url":"https:\/\/www.grieta.org.mx\/index.php\/2018\/11\/14\/eu-retira-visa-a-leon-fierro-al-cruzar-la-frontera-el-activista-responsabiliza-a-rueda-baja-california\/","url_meta":{"origin":23360,"position":4},"title":"EU retira visa a Le\u00f3n Fierro al cruzar la frontera, el activista responsabiliza a Rueda (Baja California)","author":"grieta","date":"14 noviembre, 2018","format":false,"excerpt":"El activista Le\u00f3n Fierro, miembro de Mexicali Resiste, permaneci\u00f3 detenido durante tres horas en el cruce fronterizo de San Ysidro despu\u00e9s de que intent\u00f3 ingresar a Estados Unidos para participar en un foro binacional sobre la defensa del agua que se realizar\u00e1 ma\u00f1ana jueves 15 de noviembre por la ma\u00f1ana.\u2026","rel":"","context":"En &quot;Baja California&quot;","block_context":{"text":"Baja California","link":"https:\/\/www.grieta.org.mx\/index.php\/category\/noticias-nacionales\/baja-california\/"},"img":{"alt_text":"","src":"https:\/\/i0.wp.com\/www.grieta.org.mx\/wp-content\/uploads\/2018\/11\/leon-fierro-cuellar.jpg?resize=350%2C200&ssl=1","width":350,"height":200,"srcset":"https:\/\/i0.wp.com\/www.grieta.org.mx\/wp-content\/uploads\/2018\/11\/leon-fierro-cuellar.jpg?resize=350%2C200&ssl=1 1x, https:\/\/i0.wp.com\/www.grieta.org.mx\/wp-content\/uploads\/2018\/11\/leon-fierro-cuellar.jpg?resize=525%2C300&ssl=1 1.5x"},"classes":[]},{"id":28428,"url":"https:\/\/www.grieta.org.mx\/index.php\/2018\/01\/25\/protestan-detractores-de-cervecera-en-oficinas-constellation-brands-y-de-la-pgje-baja-california\/","url_meta":{"origin":23360,"position":5},"title":"Protestan detractores de cervecera en oficinas Constellation Brands y de la PGJE (Baja California)","author":"grieta","date":"25 enero, 2018","format":false,"excerpt":"El edificio donde tambi\u00e9n est\u00e1n oficinas p\u00fablicas como la delegaci\u00f3n de Semarnat y del ISSSTE fue cerrado moment\u00e1neamente por el tiempo que dur\u00f3 la manifestaci\u00f3n Foto Luis Arellano POR LUIS ARELLANO SARMIENTO Mexicali, 25 de enero.- Activistas mexicalenses que se oponen a la instalaci\u00f3n de la empresa cervecera Constellation Brands,\u2026","rel":"","context":"En &quot;Baja California&quot;","block_context":{"text":"Baja California","link":"https:\/\/www.grieta.org.mx\/index.php\/category\/noticias-nacionales\/baja-california\/"},"img":{"alt_text":"","src":"https:\/\/i0.wp.com\/www.grieta.org.mx\/wp-content\/uploads\/2019\/01\/img_1430.jpg?resize=350%2C200&ssl=1","width":350,"height":200,"srcset":"https:\/\/i0.wp.com\/www.grieta.org.mx\/wp-content\/uploads\/2019\/01\/img_1430.jpg?resize=350%2C200&ssl=1 1x, https:\/\/i0.wp.com\/www.grieta.org.mx\/wp-content\/uploads\/2019\/01\/img_1430.jpg?resize=525%2C300&ssl=1 1.5x"},"classes":[]}],"_links":{"self":[{"href":"https:\/\/www.grieta.org.mx\/index.php\/wp-json\/wp\/v2\/posts\/23360","targetHints":{"allow":["GET"]}}],"collection":[{"href":"https:\/\/www.grieta.org.mx\/index.php\/wp-json\/wp\/v2\/posts"}],"about":[{"href":"https:\/\/www.grieta.org.mx\/index.php\/wp-json\/wp\/v2\/types\/post"}],"author":[{"embeddable":true,"href":"https:\/\/www.grieta.org.mx\/index.php\/wp-json\/wp\/v2\/users\/2"}],"replies":[{"embeddable":true,"href":"https:\/\/www.grieta.org.mx\/index.php\/wp-json\/wp\/v2\/comments?post=23360"}],"version-history":[{"count":1,"href":"https:\/\/www.grieta.org.mx\/index.php\/wp-json\/wp\/v2\/posts\/23360\/revisions"}],"predecessor-version":[{"id":23364,"href":"https:\/\/www.grieta.org.mx\/index.php\/wp-json\/wp\/v2\/posts\/23360\/revisions\/23364"}],"wp:featuredmedia":[{"embeddable":true,"href":"https:\/\/www.grieta.org.mx\/index.php\/wp-json\/wp\/v2\/media\/23361"}],"wp:attachment":[{"href":"https:\/\/www.grieta.org.mx\/index.php\/wp-json\/wp\/v2\/media?parent=23360"}],"wp:term":[{"taxonomy":"category","embeddable":true,"href":"https:\/\/www.grieta.org.mx\/index.php\/wp-json\/wp\/v2\/categories?post=23360"},{"taxonomy":"post_tag","embeddable":true,"href":"https:\/\/www.grieta.org.mx\/index.php\/wp-json\/wp\/v2\/tags?post=23360"}],"curies":[{"name":"wp","href":"https:\/\/api.w.org\/{rel}","templated":true}]}}