{"id":23349,"date":"2018-05-29T04:11:31","date_gmt":"2018-05-29T09:11:31","guid":{"rendered":"http:\/\/www.grieta.org.mx\/?p=23349"},"modified":"2018-05-29T04:11:31","modified_gmt":"2018-05-29T09:11:31","slug":"sege-analiza-caso-de-8-profesores-despedidos-de-la-universidad-tecnologica-san-luis-potosi","status":"publish","type":"post","link":"https:\/\/www.grieta.org.mx\/index.php\/2018\/05\/29\/sege-analiza-caso-de-8-profesores-despedidos-de-la-universidad-tecnologica-san-luis-potosi\/","title":{"rendered":"Sege analiza caso de 8 profesores despedidos de la Universidad Tecnol\u00f3gica (San Luis Potos\u00ed)"},"content":{"rendered":"<p><img decoding=\"async\" data-attachment-id=\"23350\" data-permalink=\"https:\/\/www.grieta.org.mx\/index.php\/2018\/05\/29\/sege-analiza-caso-de-8-profesores-despedidos-de-la-universidad-tecnologica-san-luis-potosi\/sege-analiza-caso-de-8-profesores-despedidos-de-la-universidad-tecnologica\/\" data-orig-file=\"https:\/\/www.grieta.org.mx\/wp-content\/uploads\/2018\/05\/Sege-analiza-caso-de-8-profesores-despedidos-de-la-Universidad-Tecnol\u00f3gica.jpg\" data-orig-size=\"638,479\" data-comments-opened=\"0\" data-image-meta=\"{&quot;aperture&quot;:&quot;0&quot;,&quot;credit&quot;:&quot;&quot;,&quot;camera&quot;:&quot;&quot;,&quot;caption&quot;:&quot;&quot;,&quot;created_timestamp&quot;:&quot;0&quot;,&quot;copyright&quot;:&quot;&quot;,&quot;focal_length&quot;:&quot;0&quot;,&quot;iso&quot;:&quot;0&quot;,&quot;shutter_speed&quot;:&quot;0&quot;,&quot;title&quot;:&quot;&quot;,&quot;orientation&quot;:&quot;0&quot;}\" data-image-title=\"Sege analiza caso de 8 profesores despedidos de la Universidad Tecnol\u00f3gica\" data-image-description=\"\" data-image-caption=\"\" data-medium-file=\"https:\/\/www.grieta.org.mx\/wp-content\/uploads\/2018\/05\/Sege-analiza-caso-de-8-profesores-despedidos-de-la-Universidad-Tecnol\u00f3gica-300x225.jpg\" data-large-file=\"https:\/\/www.grieta.org.mx\/wp-content\/uploads\/2018\/05\/Sege-analiza-caso-de-8-profesores-despedidos-de-la-Universidad-Tecnol\u00f3gica.jpg\" src=\"http:\/\/www.grieta.org.mx\/wp-content\/uploads\/2018\/05\/Sege-analiza-caso-de-8-profesores-despedidos-de-la-Universidad-Tecnol\u00f3gica.jpg\" alt=\"\" width=\"100%\" class=\"aligncenter size-full wp-image-23350\" srcset=\"https:\/\/www.grieta.org.mx\/wp-content\/uploads\/2018\/05\/Sege-analiza-caso-de-8-profesores-despedidos-de-la-Universidad-Tecnol\u00f3gica.jpg 638w, https:\/\/www.grieta.org.mx\/wp-content\/uploads\/2018\/05\/Sege-analiza-caso-de-8-profesores-despedidos-de-la-Universidad-Tecnol\u00f3gica-300x225.jpg 300w\" sizes=\"(max-width: 638px) 100vw, 638px\" \/><\/p>\n<p> Redaccion El Heraldo SLP<\/p>\n<blockquote><p>Debido a la situaci\u00f3n financiera del sector educativo se est\u00e1n tomando ajustes administrativos, justifica el titular de la dependencia<\/p><\/blockquote>\n<p>El secretario de Educaci\u00f3n de Gobierno del Estado (SEGE), Joel Ram\u00edrez D\u00edaz se\u00f1al\u00f3 que hay mesas de trabajo con los profesores de la Universidad Tecnol\u00f3gica de San Luis Potos\u00ed, que denunciaron que fueron despedidos de forma injustificada aunque reconoci\u00f3 que debido a la situaci\u00f3n financiera del sector educativo se est\u00e1n tomando ajustes administrativos.<\/p>\n<p>Esto, luego de que con el pretexto de que \u201cno hay\u201d recursos para el pago de sueldos por la baja cantidad de alumnos en la Universidad Tecnol\u00f3gica, directivos de ese plantel despidieron a ocho profesores, la mayor\u00eda integrantes del Comit\u00e9 Directivo del Sindicato Independiente de Trabajadores.<\/p>\n<p>\u201cHay algunas medidas de orden administrativo que tienen que ver con las econom\u00edas de los planteles, el caso en lo laboral es que se estudie y se revise porque no debe hacerse nada que atente contra los derechos de los trabajadores y si ese fuera el caso tenemos que corregirlo\u201d, dijo el funcionario estatal.<\/p>\n<p>Reiter\u00f3 que los ajustes de tipo administrativo que se hagan deben ser respetando los derechos de los trabajadores, y se est\u00e1 revisando el tema ya que en caso de injusticia se les podr\u00edan reinstalar a los afectados.<\/p>\n<p>\u201cLas universidades y los plateles de educaci\u00f3n media superior y todas las instituciones educativas estamos haciendo esfuerzos de reingenier\u00eda administrativa para reutilizar los recursos para poder sanear asuntos de d\u00e9ficit financiero que heredamos y que estamos resolviendo\u201d, asever\u00f3.<\/p>\n<p>Cabe recordar que los afectados narraron que el pasado viernes,  directivos y empleados de Recursos Humanos de la Universidad Tecnol\u00f3gica (UT), se presentaron con personal jur\u00eddico externo para ejecutar despidos injustificados de siete profesores de tiempo completo y uno de asignatura.<\/p>\n<p>El Secretario General, el tesorero, dos vocales de la Comisi\u00f3n de Honor y Justicia y el suplente del Secretario General, entre otros, todos integrantes del Comit\u00e9 Directivo del SITUTSLP, fueron amedrentados y hostigados con la finalidad de forzarlos a firmar su renuncia \u201cvoluntaria\u201d.<\/p>\n<p><a href=\"http:\/\/elheraldoslp.com.mx\/2018\/05\/25\/sege-analiza-caso-de-8-profesores-despedidos-de-la-universidad-tecnologica\/\" rel=\"noopener\" target=\"_blank\">http:\/\/elheraldoslp.com.mx\/2018\/05\/25\/sege-analiza-caso-de-8-profesores-despedidos-de-la-universidad-tecnologica\/<\/a><\/p>\n","protected":false},"excerpt":{"rendered":"<p>Redaccion El Heraldo SLP Debido a la situaci\u00f3n financiera del sector educativo se est\u00e1n tomando ajustes administrativos, justifica el titular de la dependencia El secretario de Educaci\u00f3n de Gobierno del &hellip; <a href=\"https:\/\/www.grieta.org.mx\/index.php\/2018\/05\/29\/sege-analiza-caso-de-8-profesores-despedidos-de-la-universidad-tecnologica-san-luis-potosi\/\" class=\"more-link\">Leer m\u00e1s<\/a><\/p>\n","protected":false},"author":2,"featured_media":23350,"comment_status":"closed","ping_status":"closed","sticky":false,"template":"","format":"standard","meta":{"ngg_post_thumbnail":0,"_jetpack_newsletter_access":"","_jetpack_dont_email_post_to_subs":false,"_jetpack_newsletter_tier_id":0,"_jetpack_memberships_contains_paywalled_content":false,"_jetpack_memberships_contains_paid_content":false,"footnotes":""},"categories":[80,1286,910,1273,2,29,83],"tags":[1289,163,1288,1290,1287],"class_list":["post-23349","post","type-post","status-publish","format-standard","has-post-thumbnail","hentry","category-cintillo","category-crisis-en-las-universidades-publicas-de-san-luis-potosi","category-explotacion-y-precariedad-laboral","category-explotacion-y-precariedad-laboral-en-san-luis-potosi","category-noticias-nacionales","category-san-luis-potosi","category-temas-nacionales","tag-crisis-financiera","tag-despidos","tag-educacion-publica","tag-precariedad-laboral","tag-universidad-tecnologica","entry"],"jetpack_featured_media_url":"https:\/\/www.grieta.org.mx\/wp-content\/uploads\/2018\/05\/Sege-analiza-caso-de-8-profesores-despedidos-de-la-Universidad-Tecnol\u00f3gica.jpg","jetpack_sharing_enabled":true,"jetpack_shortlink":"https:\/\/wp.me\/p7ZJR4-64B","jetpack_likes_enabled":false,"jetpack-related-posts":[{"id":31999,"url":"https:\/\/www.grieta.org.mx\/index.php\/2019\/04\/08\/maestros-se-manifiestan-frente-a-sege-por-suspension-de-programa-de-ingles-san-luis-potosi\/","url_meta":{"origin":23349,"position":0},"title":"Maestros se manifiestan frente a SEGE por suspensi\u00f3n de programa de ingl\u00e9s (San Luis Potos\u00ed)","author":"grieta","date":"8 abril, 2019","format":false,"excerpt":"Patricia Calvillo \/ El Sol de San Luis En el programa escolar viene especificada la clase de ingl\u00e9s y los ni\u00f1os de preescolar y primaria no est\u00e1n recibiendo la instrucci\u00f3n Decenas de maestros se manifiestan a las afueras de la Secretar\u00eda de Educaci\u00f3n del Gobierno del Estado, SEGE, debido a\u2026","rel":"","context":"En &quot;CINTILLO&quot;","block_context":{"text":"CINTILLO","link":"https:\/\/www.grieta.org.mx\/index.php\/category\/cintillo\/"},"img":{"alt_text":"","src":"https:\/\/i0.wp.com\/www.grieta.org.mx\/wp-content\/uploads\/2019\/04\/Maestros-se-manifiestan-frente-a-SEGE-por-suspensi%C3%B3n-de-programa-de-ingl%C3%A9s-slp-abr.jpg?resize=350%2C200&ssl=1","width":350,"height":200,"srcset":"https:\/\/i0.wp.com\/www.grieta.org.mx\/wp-content\/uploads\/2019\/04\/Maestros-se-manifiestan-frente-a-SEGE-por-suspensi%C3%B3n-de-programa-de-ingl%C3%A9s-slp-abr.jpg?resize=350%2C200&ssl=1 1x, https:\/\/i0.wp.com\/www.grieta.org.mx\/wp-content\/uploads\/2019\/04\/Maestros-se-manifiestan-frente-a-SEGE-por-suspensi%C3%B3n-de-programa-de-ingl%C3%A9s-slp-abr.jpg?resize=525%2C300&ssl=1 1.5x, https:\/\/i0.wp.com\/www.grieta.org.mx\/wp-content\/uploads\/2019\/04\/Maestros-se-manifiestan-frente-a-SEGE-por-suspensi%C3%B3n-de-programa-de-ingl%C3%A9s-slp-abr.jpg?resize=700%2C400&ssl=1 2x"},"classes":[]},{"id":31980,"url":"https:\/\/www.grieta.org.mx\/index.php\/2019\/04\/10\/desalojan-a-docentes-de-ingles-responden-con-bloqueo-en-la-57-san-luis-potosi\/","url_meta":{"origin":23349,"position":1},"title":"Desalojan a docentes de ingl\u00e9s; responden con bloqueo en la 57 (San Luis Potos\u00ed)","author":"grieta","date":"10 abril, 2019","format":false,"excerpt":"Rub\u00e9n Pacheco \/ Pulso SEGE presenta denuncia por privaci\u00f3n ilegal de la libertad Alrededor de 50 profesores del Programa Nacional de ingl\u00e9s (Proni), bloquearon dos carriles de la carretera 57 con direcci\u00f3n de poniente a oriente a la altura de la Terminal Terrestre Potosina (TTP). Los docentes se ubicaron en\u2026","rel":"","context":"En &quot;CINTILLO&quot;","block_context":{"text":"CINTILLO","link":"https:\/\/www.grieta.org.mx\/index.php\/category\/cintillo\/"},"img":{"alt_text":"","src":"https:\/\/i0.wp.com\/www.grieta.org.mx\/wp-content\/uploads\/2019\/04\/Desalojan-a-docentes-de-ingl%C3%A9s-responden-con-bloqueo-en-la-57-slp-abr.jpg?resize=350%2C200&ssl=1","width":350,"height":200,"srcset":"https:\/\/i0.wp.com\/www.grieta.org.mx\/wp-content\/uploads\/2019\/04\/Desalojan-a-docentes-de-ingl%C3%A9s-responden-con-bloqueo-en-la-57-slp-abr.jpg?resize=350%2C200&ssl=1 1x, https:\/\/i0.wp.com\/www.grieta.org.mx\/wp-content\/uploads\/2019\/04\/Desalojan-a-docentes-de-ingl%C3%A9s-responden-con-bloqueo-en-la-57-slp-abr.jpg?resize=525%2C300&ssl=1 1.5x"},"classes":[]},{"id":33503,"url":"https:\/\/www.grieta.org.mx\/index.php\/2019\/05\/13\/maestros-jubilados-temen-colapso-de-fondo-de-pensiones-san-luis-potosi\/","url_meta":{"origin":23349,"position":2},"title":"Maestros jubilados temen colapso de fondo de pensiones (San Luis Potos\u00ed)","author":"grieta","date":"13 mayo, 2019","format":false,"excerpt":"Jorge Torres \/ Plano Informativo Se reunieron con Joel Ram\u00edrez D\u00edaz, titular de la Secretar\u00eda de Educaci\u00f3n de Gobierno del Estado (SEGE) y Oziel Yudiche Lara. San Luis Potos\u00ed, SLP.- Esta ma\u00f1ana alrededor de 400 profesores que representan a mil 400 jubilados y pensionados del sistema de Telesecundarias que est\u00e1n\u2026","rel":"","context":"En &quot;CINTILLO&quot;","block_context":{"text":"CINTILLO","link":"https:\/\/www.grieta.org.mx\/index.php\/category\/cintillo\/"},"img":{"alt_text":"","src":"https:\/\/i0.wp.com\/www.grieta.org.mx\/wp-content\/uploads\/2019\/05\/Maestros-jubilados-temen-colapso-de-fondo-de-pensiones-slp-may.jpg?resize=350%2C200&ssl=1","width":350,"height":200,"srcset":"https:\/\/i0.wp.com\/www.grieta.org.mx\/wp-content\/uploads\/2019\/05\/Maestros-jubilados-temen-colapso-de-fondo-de-pensiones-slp-may.jpg?resize=350%2C200&ssl=1 1x, https:\/\/i0.wp.com\/www.grieta.org.mx\/wp-content\/uploads\/2019\/05\/Maestros-jubilados-temen-colapso-de-fondo-de-pensiones-slp-may.jpg?resize=525%2C300&ssl=1 1.5x, https:\/\/i0.wp.com\/www.grieta.org.mx\/wp-content\/uploads\/2019\/05\/Maestros-jubilados-temen-colapso-de-fondo-de-pensiones-slp-may.jpg?resize=700%2C400&ssl=1 2x"},"classes":[]},{"id":31996,"url":"https:\/\/www.grieta.org.mx\/index.php\/2019\/04\/10\/liberan-la-sege-autoridades-afirman-fue-pacifico-maestros-lo-niegan-san-luis-potosi\/","url_meta":{"origin":23349,"position":3},"title":"Liberan la SEGE, autoridades afirman fue pac\u00edfico, maestros lo niegan (San Luis Potos\u00ed)","author":"grieta","date":"10 abril, 2019","format":false,"excerpt":"El Sol de San Luis Se procedi\u00f3 a liberar pac\u00edficamente los accesos a la dependencia y garantizar as\u00ed que se preste el servicio a la ciudadan\u00eda Luego de que desde el lunes pasado se buscara a trav\u00e9s del di\u00e1logo con un grupo de alrededor de 30 o 40 personas, de\u2026","rel":"","context":"En &quot;CINTILLO&quot;","block_context":{"text":"CINTILLO","link":"https:\/\/www.grieta.org.mx\/index.php\/category\/cintillo\/"},"img":{"alt_text":"","src":"https:\/\/i0.wp.com\/www.grieta.org.mx\/wp-content\/uploads\/2019\/04\/Liberan-la-SEGE-autoridades-afirman-fue-pac%C3%ADfico-maestros-lo-niegan-slp-abr.jpg?resize=350%2C200&ssl=1","width":350,"height":200,"srcset":"https:\/\/i0.wp.com\/www.grieta.org.mx\/wp-content\/uploads\/2019\/04\/Liberan-la-SEGE-autoridades-afirman-fue-pac%C3%ADfico-maestros-lo-niegan-slp-abr.jpg?resize=350%2C200&ssl=1 1x, https:\/\/i0.wp.com\/www.grieta.org.mx\/wp-content\/uploads\/2019\/04\/Liberan-la-SEGE-autoridades-afirman-fue-pac%C3%ADfico-maestros-lo-niegan-slp-abr.jpg?resize=525%2C300&ssl=1 1.5x, https:\/\/i0.wp.com\/www.grieta.org.mx\/wp-content\/uploads\/2019\/04\/Liberan-la-SEGE-autoridades-afirman-fue-pac%C3%ADfico-maestros-lo-niegan-slp-abr.jpg?resize=700%2C400&ssl=1 2x"},"classes":[]},{"id":33118,"url":"https:\/\/www.grieta.org.mx\/index.php\/2019\/05\/07\/reportan-despidos-masivos-en-conafe-san-luis-potosi\/","url_meta":{"origin":23349,"position":4},"title":"Reportan despidos masivos en Conafe (San Luis Potos\u00ed)","author":"grieta","date":"7 mayo, 2019","format":false,"excerpt":"Rub\u00e9n Pacheco \/ Pulso La cuarta transformaci\u00f3n alcanz\u00f3 a 24 trabajadores eventuales en la delegaci\u00f3n de San Luis Potos\u00ed Desde el viernes pasado, 24 trabajadores eventuales fueron despedidos de la delegaci\u00f3n en San Luis Potos\u00ed del Consejo Nacional de Fomento Educativo (Conafe), quienes desarrollaban labores en las cuatro regiones de\u2026","rel":"","context":"En &quot;CINTILLO&quot;","block_context":{"text":"CINTILLO","link":"https:\/\/www.grieta.org.mx\/index.php\/category\/cintillo\/"},"img":{"alt_text":"","src":"https:\/\/i0.wp.com\/www.grieta.org.mx\/wp-content\/uploads\/2019\/05\/Reportan-despidos-masivos-en-Conafe-slp-may.jpg?resize=350%2C200&ssl=1","width":350,"height":200,"srcset":"https:\/\/i0.wp.com\/www.grieta.org.mx\/wp-content\/uploads\/2019\/05\/Reportan-despidos-masivos-en-Conafe-slp-may.jpg?resize=350%2C200&ssl=1 1x, https:\/\/i0.wp.com\/www.grieta.org.mx\/wp-content\/uploads\/2019\/05\/Reportan-despidos-masivos-en-Conafe-slp-may.jpg?resize=525%2C300&ssl=1 1.5x"},"classes":[]},{"id":23353,"url":"https:\/\/www.grieta.org.mx\/index.php\/2018\/05\/30\/en-foro-investigadores-del-ipicyt-protestan-por-falta-de-pago-san-luis-potosi\/","url_meta":{"origin":23349,"position":5},"title":"En foro, investigadores del Ipicyt protestan por falta de pago (San Luis Potos\u00ed)","author":"grieta","date":"30 mayo, 2018","format":false,"excerpt":"Mart\u00edn Rodr\u00edguez \/ Pulso Cient\u00edficos del Instituto Potosino de Investigaci\u00f3n en Ciencia y Tecnolog\u00eda protestaron durante la inauguraci\u00f3n del Tercer Foro Franco-Mexicano de Ciencia y Tecnolog\u00eda, cuya sede es el Centro de las Artes de San Luis Potos\u00ed. En el discurso pronunciado durante el evento inaugural, el titular del Consejo\u2026","rel":"","context":"En &quot;CINTILLO&quot;","block_context":{"text":"CINTILLO","link":"https:\/\/www.grieta.org.mx\/index.php\/category\/cintillo\/"},"img":{"alt_text":"","src":"https:\/\/i0.wp.com\/www.grieta.org.mx\/wp-content\/uploads\/2018\/05\/En-foro-investigadores-del-Ipicyt-protestan-por-falta-de-pago.png?resize=350%2C200&ssl=1","width":350,"height":200},"classes":[]}],"_links":{"self":[{"href":"https:\/\/www.grieta.org.mx\/index.php\/wp-json\/wp\/v2\/posts\/23349","targetHints":{"allow":["GET"]}}],"collection":[{"href":"https:\/\/www.grieta.org.mx\/index.php\/wp-json\/wp\/v2\/posts"}],"about":[{"href":"https:\/\/www.grieta.org.mx\/index.php\/wp-json\/wp\/v2\/types\/post"}],"author":[{"embeddable":true,"href":"https:\/\/www.grieta.org.mx\/index.php\/wp-json\/wp\/v2\/users\/2"}],"replies":[{"embeddable":true,"href":"https:\/\/www.grieta.org.mx\/index.php\/wp-json\/wp\/v2\/comments?post=23349"}],"version-history":[{"count":1,"href":"https:\/\/www.grieta.org.mx\/index.php\/wp-json\/wp\/v2\/posts\/23349\/revisions"}],"predecessor-version":[{"id":23351,"href":"https:\/\/www.grieta.org.mx\/index.php\/wp-json\/wp\/v2\/posts\/23349\/revisions\/23351"}],"wp:featuredmedia":[{"embeddable":true,"href":"https:\/\/www.grieta.org.mx\/index.php\/wp-json\/wp\/v2\/media\/23350"}],"wp:attachment":[{"href":"https:\/\/www.grieta.org.mx\/index.php\/wp-json\/wp\/v2\/media?parent=23349"}],"wp:term":[{"taxonomy":"category","embeddable":true,"href":"https:\/\/www.grieta.org.mx\/index.php\/wp-json\/wp\/v2\/categories?post=23349"},{"taxonomy":"post_tag","embeddable":true,"href":"https:\/\/www.grieta.org.mx\/index.php\/wp-json\/wp\/v2\/tags?post=23349"}],"curies":[{"name":"wp","href":"https:\/\/api.w.org\/{rel}","templated":true}]}}