{"id":2334,"date":"2015-08-22T03:46:51","date_gmt":"2015-08-22T03:46:51","guid":{"rendered":"http:\/\/50.22.11.12\/~grietaor\/?p=2334"},"modified":"2016-03-12T03:48:50","modified_gmt":"2016-03-12T03:48:50","slug":"ubican-segundo-predio-en-coahuila-donde-explotaban-a-209-jornaleros","status":"publish","type":"post","link":"https:\/\/www.grieta.org.mx\/index.php\/2015\/08\/22\/ubican-segundo-predio-en-coahuila-donde-explotaban-a-209-jornaleros\/","title":{"rendered":"Ubican segundo predio en Coahuila donde explotaban a 209 jornaleros"},"content":{"rendered":"<p>Leopoldo Ramos<br \/>\nCorresponsal<br \/>\nPeri\u00f3dico La Jornada<br \/>\nS\u00e1bado 22 de agosto de 2015, p. 27<\/p>\n<p>Saltillo, Coah.<\/p>\n<p>Autoridades estatales de Coahuila encontraron un segundo campo agr\u00edcola en el municipio conurbado de Ramos Arizpe, donde 209 personas (15 menores, 20 ancianos y 174 adultos) trabajaban jornadas hasta de 15 horas de lunes a domingo, viv\u00edan en condiciones insalubres y de hacinamiento y no recib\u00edan el pago por la cosecha y empaque de cebollas y calabazas.<\/p>\n<p>Con \u00e9stos, suman 307 jornaleros que laboraban en esas condiciones, de los cuales 78 son ni\u00f1os y adolescentes, dos tienen dos a\u00f1os y uno ocho, que acompa\u00f1aban a sus padres; adem\u00e1s 20 ancianos con deshidrataci\u00f3n y picaduras de chinches y dos j\u00f3venes embarazadas, inform\u00f3 la titular de la Procuradur\u00eda de los Ni\u00f1os, Ni\u00f1as y de la Familia en Coahuila, Yezka Garza Ram\u00edrez.<\/p>\n<p>La noche del jueves, en el predio Santa Cruz, perteneciente a la empresa Prokarne, fueron aseguradas 209 personas \u2013la mayor\u00eda ind\u00edgenas\u2013, de las cuales 15 son menores de entre 14 y 17 a\u00f1os que se suman a los 63 rescatados el mi\u00e9rcoles en el rancho El Pedregal, propiedad de la misma compa\u00f1\u00eda.<\/p>\n<p>Las autoridades aseguraron que en el terreno El Pedregal hab\u00eda unos 200 ni\u00f1os y adolescentes realizando trabajo de adultos, pero la mayor\u00eda huy\u00f3 cuando los funcionarios llegaron a inspeccionar.<\/p>\n<p>Los menores se encuentran en resguardo del Sistema Estatal para el Desarrollo Integral de la Familia (DIF) y entre ellos hay un ni\u00f1o de ocho a\u00f1os y dos de dos a\u00f1os que no trabajaban y permanec\u00edan en los ranchos en compa\u00f1\u00eda de sus padres, quienes laboran en la pizca y en la cocina.<\/p>\n<p>Garza Ram\u00edrez precis\u00f3 que tambi\u00e9n hay dos j\u00f3venes de 20 y 22 a\u00f1os embarazadas, que reciben atenci\u00f3n m\u00e9dica. &#8220;Una de ellas nos dijo que lleg\u00f3 pre\u00f1ada de su pueblo en Veracruz y la otra se embaraz\u00f3 en el campo agr\u00edcola&#8221;, coment\u00f3.<\/p>\n<p>La funcionaria dijo que los menores est\u00e1n en resguardo de las autoridades, pero los adultos permanecen &#8220;por su voluntad&#8221; en un albergue temporal habilitado en instalaciones deportivas del gobierno estatal, en Saltillo.<\/p>\n<p>El titular de la Secretar\u00eda de Gobierno en la entidad, V\u00edctor Zamora, inform\u00f3 que los campos agr\u00edcolas de El Pedregal y Santa Cruz, en el ejido Estaci\u00f3n Higo de Ramos Arizpe, pertenecen a la empresa Prokarne, propiedad de \u00d3scar Lozano Ch\u00e1vez.<\/p>\n<p>Yezka Garza explic\u00f3 que los menores y adultos del predio Santa Cruz eran obligados a trabajar jornadas superiores a las que fija la ley, recib\u00edan poca comida y dorm\u00edan hacinados y en condiciones insalubres.<\/p>\n<p>&#8220;Eran concentrados en las bodegas conocidas como galeras; las condiciones de higiene no eran adecuadas, no tomaban agua potable, era de una acequia concentrada con sal para evitar que se deshidrataran; les daban dos raciones de comida al d\u00eda a base de lentejas, frijol, sopa de pasta; muy pocas veces les daban pollo. Ten\u00edan dos regaderas, dos ba\u00f1os y trabajaban jornadas laborales de entre 12 y 15 horas&#8221;, detall\u00f3.<\/p>\n<p>Enganchaban a menores<\/p>\n<p>Los menores que laboraban en el rancho El Pedregal fueron descubiertos el mi\u00e9rcoles luego de que un padre originario de San Luis Potos\u00ed, pidi\u00f3 apoyo al DIF Coahuila para recuperar a su hija de 15 a\u00f1os, quien escap\u00f3 con su novio y ambos acudieron a trabajar a ese campo agr\u00edcola. El hombre advirti\u00f3 a las autoridades que en ese sitio hab\u00eda m\u00e1s ni\u00f1os y adolescentes.<\/p>\n<p>Los predios El Pedregal y Santa Cruz se localizan a unos 30 kil\u00f3metros de Saltillo a orillas de la carretera que conduce a Monclova. En los campos agr\u00edcolas Prokarne siembra trigo, alfalfa, cebollas, tomates y calabazas.<\/p>\n<p>Los jornaleros son originarios de Hidalgo y Veracruz, la mayor\u00eda, y tambi\u00e9n de Tamaulipas, San Luis Potos\u00ed y Coahuila. La Comisi\u00f3n Estatal de Seguridad detuvo a seis capataces y a un hombre identificado s\u00f3lo como Fidel, quien en las investigaciones de la procuradur\u00eda estatal aparece como &#8220;el principal enganchador&#8221; de los menores jornaleros en Hidalgo.<\/p>\n<p>La procuradora de los ni\u00f1os, ni\u00f1as y la familia indic\u00f3 que los menores fueron contratados para trabajar tres meses con la promesa de pago de 200 pesos diarios, pero muchos ten\u00edan m\u00e1s de un mes de no recibir salario y cuando esto ocurr\u00eda era por la mitad de lo convenido.<\/p>\n<p>Herminio Garza Palacios, secretario general de Gobierno, en Tamaulipas, inform\u00f3 que Jorge Torres Castillo, de 45 a\u00f1os, y dos de sus hijos de 15 y 12 a\u00f1os, originarios del municipio de Altamira, eran explotados en campos agr\u00edcolas de Ramos Arizpe. Asegur\u00f3 que actualmente permanecen en un albergue.<\/p>\n<p><a href=\"http:\/\/www.jornada.unam.mx\/2015\/08\/22\/estados\/027n1est\" target=\"_blank\">www.jornada.unam.mx\/2015\/08\/22\/estados\/027n1est<\/a><\/p>\n","protected":false},"excerpt":{"rendered":"<p>Leopoldo Ramos Corresponsal Peri\u00f3dico La Jornada S\u00e1bado 22 de agosto de 2015, p. 27 Saltillo, Coah. Autoridades estatales de Coahuila encontraron un segundo campo agr\u00edcola en el municipio conurbado de &hellip; <a href=\"https:\/\/www.grieta.org.mx\/index.php\/2015\/08\/22\/ubican-segundo-predio-en-coahuila-donde-explotaban-a-209-jornaleros\/\" class=\"more-link\">Leer m\u00e1s<\/a><\/p>\n","protected":false},"author":2,"featured_media":21928,"comment_status":"closed","ping_status":"open","sticky":false,"template":"","format":"standard","meta":{"ngg_post_thumbnail":0,"_jetpack_newsletter_access":"","_jetpack_dont_email_post_to_subs":false,"_jetpack_newsletter_tier_id":0,"_jetpack_memberships_contains_paywalled_content":false,"_jetpack_memberships_contains_paid_content":false,"footnotes":""},"categories":[80,250],"tags":[105,254,204],"class_list":["post-2334","post","type-post","status-publish","format-standard","has-post-thumbnail","hentry","category-cintillo","category-coahuila","tag-derechos-laborales","tag-explotacion-de-menores","tag-jornaleros","entry"],"jetpack_featured_media_url":"https:\/\/www.grieta.org.mx\/wp-content\/uploads\/2018\/03\/14524434_1106112876131411_958039263622046936_o.jpg","jetpack_sharing_enabled":true,"jetpack_shortlink":"https:\/\/wp.me\/p7ZJR4-BE","jetpack_likes_enabled":false,"jetpack-related-posts":[{"id":6618,"url":"https:\/\/www.grieta.org.mx\/index.php\/2015\/09\/14\/rescatan-a-jornaleros-de-coahuila-muchos-son-menores-de-edad\/","url_meta":{"origin":2334,"position":0},"title":"Rescatan a jornaleros de Coahuila: muchos son menores de edad","author":"grieta","date":"14 septiembre, 2015","format":false,"excerpt":"14\/09\/15. Denuncian nuevo caso de explotaci\u00f3n a jornaleros de SLP en Coahuila Pulso de San Luis 24\/08\/15. Coahuila devuelve jornaleros a sus comunidades La Jornada 24\/08\/15. Han declarado 303 personas por ni\u00f1os jornaleros en Coahuila: PGJE Excelsior 22\/08\/15. Ubican segundo predio en Coahuila donde explotaban a 209 jornaleros La Jornada\u2026","rel":"","context":"En &quot;Coahuila&quot;","block_context":{"text":"Coahuila","link":"https:\/\/www.grieta.org.mx\/index.php\/category\/noticias-nacionales\/coahuila\/"},"img":{"alt_text":"","src":"https:\/\/i0.wp.com\/www.grieta.org.mx\/wp-content\/uploads\/2018\/03\/14524434_1106112876131411_958039263622046936_o.jpg?resize=350%2C200&ssl=1","width":350,"height":200,"srcset":"https:\/\/i0.wp.com\/www.grieta.org.mx\/wp-content\/uploads\/2018\/03\/14524434_1106112876131411_958039263622046936_o.jpg?resize=350%2C200&ssl=1 1x, https:\/\/i0.wp.com\/www.grieta.org.mx\/wp-content\/uploads\/2018\/03\/14524434_1106112876131411_958039263622046936_o.jpg?resize=525%2C300&ssl=1 1.5x, https:\/\/i0.wp.com\/www.grieta.org.mx\/wp-content\/uploads\/2018\/03\/14524434_1106112876131411_958039263622046936_o.jpg?resize=700%2C400&ssl=1 2x"},"classes":[]},{"id":24141,"url":"https:\/\/www.grieta.org.mx\/index.php\/2015\/08\/20\/rescatan-a-54-ninos-explotados-como-jornaleros-en-coahuila\/","url_meta":{"origin":2334,"position":1},"title":"Rescatan a 54 ni\u00f1os explotados como jornaleros en Coahuila","author":"grieta","date":"20 agosto, 2015","format":false,"excerpt":"REGENERACI\u00d3N\/EFE La Procuradur\u00eda de los Ni\u00f1os, las Ni\u00f1as y la Familia (Pronnif) rescat\u00f3 54 ni\u00f1os de entre 200 jornaleros de un rancho propiedad de la empresa Prokarne del estado de Coahuila donde eran explotados A trav\u00e9s de un comunicado, se explic\u00f3 que las autoridades detectaron y aseguraron dos predios en\u2026","rel":"","context":"En &quot;CINTILLO&quot;","block_context":{"text":"CINTILLO","link":"https:\/\/www.grieta.org.mx\/index.php\/category\/cintillo\/"},"img":{"alt_text":"","src":"https:\/\/i0.wp.com\/www.grieta.org.mx\/wp-content\/uploads\/2018\/07\/Ni%C3%B1os-jornaleros-Coahuila.jpg?resize=350%2C200&ssl=1","width":350,"height":200,"srcset":"https:\/\/i0.wp.com\/www.grieta.org.mx\/wp-content\/uploads\/2018\/07\/Ni%C3%B1os-jornaleros-Coahuila.jpg?resize=350%2C200&ssl=1 1x, https:\/\/i0.wp.com\/www.grieta.org.mx\/wp-content\/uploads\/2018\/07\/Ni%C3%B1os-jornaleros-Coahuila.jpg?resize=525%2C300&ssl=1 1.5x"},"classes":[]},{"id":2328,"url":"https:\/\/www.grieta.org.mx\/index.php\/2015\/09\/14\/denuncian-nuevo-caso-de-explotacion-a-jornaleros-de-slp-en-coahuila\/","url_meta":{"origin":2334,"position":2},"title":"Denuncian nuevo caso de explotaci\u00f3n a jornaleros de SLP en Coahuila","author":"grieta","date":"14 septiembre, 2015","format":false,"excerpt":"En lo que va de este a\u00f1o se registr\u00f3 un segundo caso de jornaleros agr\u00edcolas explotados en el estado de Coahuila, luego de que 61 trabajadores del campo arribaron a la Sierra y Huasteca de esta regi\u00f3n tras escapar de los contratistas que los manten\u00edan en condiciones de explotaci\u00f3n. Los\u2026","rel":"","context":"En &quot;CINTILLO&quot;","block_context":{"text":"CINTILLO","link":"https:\/\/www.grieta.org.mx\/index.php\/category\/cintillo\/"},"img":{"alt_text":"","src":"https:\/\/i0.wp.com\/www.grieta.org.mx\/wp-content\/uploads\/2018\/03\/14524434_1106112876131411_958039263622046936_o.jpg?resize=350%2C200&ssl=1","width":350,"height":200,"srcset":"https:\/\/i0.wp.com\/www.grieta.org.mx\/wp-content\/uploads\/2018\/03\/14524434_1106112876131411_958039263622046936_o.jpg?resize=350%2C200&ssl=1 1x, https:\/\/i0.wp.com\/www.grieta.org.mx\/wp-content\/uploads\/2018\/03\/14524434_1106112876131411_958039263622046936_o.jpg?resize=525%2C300&ssl=1 1.5x, https:\/\/i0.wp.com\/www.grieta.org.mx\/wp-content\/uploads\/2018\/03\/14524434_1106112876131411_958039263622046936_o.jpg?resize=700%2C400&ssl=1 2x"},"classes":[]},{"id":2332,"url":"https:\/\/www.grieta.org.mx\/index.php\/2015\/08\/24\/han-declarado-303-personas-por-ninos-jornaleros-en-coahuila-pgje\/","url_meta":{"origin":2334,"position":3},"title":"Han declarado 303 personas por ni\u00f1os jornaleros en Coahuila: PGJE","author":"grieta","date":"24 agosto, 2015","format":false,"excerpt":"Alma Gudi\u00f1o 7 detenidos hasta el momento; 307 personas fueron aseguradas, 78 menores y 229 adultos. SALTILLO, COAH., 24 de agosto.- La Procuradur\u00eda General de Justicia del Estado de Coahuila ha obtenido 303 declaraciones de testigos ligados a la explotaci\u00f3n de menores en dos predios El Pedregal y Santa Cruz,\u2026","rel":"","context":"En &quot;CINTILLO&quot;","block_context":{"text":"CINTILLO","link":"https:\/\/www.grieta.org.mx\/index.php\/category\/cintillo\/"},"img":{"alt_text":"","src":"https:\/\/i0.wp.com\/www.grieta.org.mx\/wp-content\/uploads\/2018\/03\/14524434_1106112876131411_958039263622046936_o.jpg?resize=350%2C200&ssl=1","width":350,"height":200,"srcset":"https:\/\/i0.wp.com\/www.grieta.org.mx\/wp-content\/uploads\/2018\/03\/14524434_1106112876131411_958039263622046936_o.jpg?resize=350%2C200&ssl=1 1x, https:\/\/i0.wp.com\/www.grieta.org.mx\/wp-content\/uploads\/2018\/03\/14524434_1106112876131411_958039263622046936_o.jpg?resize=525%2C300&ssl=1 1.5x, https:\/\/i0.wp.com\/www.grieta.org.mx\/wp-content\/uploads\/2018\/03\/14524434_1106112876131411_958039263622046936_o.jpg?resize=700%2C400&ssl=1 2x"},"classes":[]},{"id":2330,"url":"https:\/\/www.grieta.org.mx\/index.php\/2015\/08\/24\/coahuila-devuelve-jornaleros-a-sus-comunidades\/","url_meta":{"origin":2334,"position":4},"title":"Coahuila devuelve jornaleros a sus comunidades","author":"grieta","date":"24 agosto, 2015","format":false,"excerpt":"Leopoldo Ramos Corresponsal Peri\u00f3dico La Jornada Lunes 24 de agosto de 2015, p. 33 Saltillo, Coah. Autoridades estatales trasladaron a sus lugares de origen a 49 de los 78 menores de edad encontrados en dos campos agr\u00edcolas del municipio de Ramos Arizpe, donde eran explotados por la empresa ProKarne, cuyo\u2026","rel":"","context":"En &quot;CINTILLO&quot;","block_context":{"text":"CINTILLO","link":"https:\/\/www.grieta.org.mx\/index.php\/category\/cintillo\/"},"img":{"alt_text":"","src":"https:\/\/i0.wp.com\/www.grieta.org.mx\/wp-content\/uploads\/2018\/03\/14524434_1106112876131411_958039263622046936_o.jpg?resize=350%2C200&ssl=1","width":350,"height":200,"srcset":"https:\/\/i0.wp.com\/www.grieta.org.mx\/wp-content\/uploads\/2018\/03\/14524434_1106112876131411_958039263622046936_o.jpg?resize=350%2C200&ssl=1 1x, https:\/\/i0.wp.com\/www.grieta.org.mx\/wp-content\/uploads\/2018\/03\/14524434_1106112876131411_958039263622046936_o.jpg?resize=525%2C300&ssl=1 1.5x, https:\/\/i0.wp.com\/www.grieta.org.mx\/wp-content\/uploads\/2018\/03\/14524434_1106112876131411_958039263622046936_o.jpg?resize=700%2C400&ssl=1 2x"},"classes":[]},{"id":13621,"url":"https:\/\/www.grieta.org.mx\/index.php\/2016\/06\/04\/explotacion-y-abuso-infantil-en-coahuila\/","url_meta":{"origin":2334,"position":5},"title":"Explotaci\u00f3n y abuso infantil en Coahuila","author":"grieta","date":"4 junio, 2016","format":false,"excerpt":"02\/06\/16. Toman padres de familia escuela La Prensa de Monclova Rescatan a jornaleros de Coahuila: muchos son menores de edad Pobladores de Cloete resisten a la miner\u00eda y condenan la explotaci\u00f3n laboral de menores","rel":"","context":"En &quot;Coahuila&quot;","block_context":{"text":"Coahuila","link":"https:\/\/www.grieta.org.mx\/index.php\/category\/noticias-nacionales\/coahuila\/"},"img":{"alt_text":"","src":"https:\/\/i0.wp.com\/www.grieta.org.mx\/wp-content\/uploads\/2018\/03\/14524434_1106112876131411_958039263622046936_o.jpg?resize=350%2C200&ssl=1","width":350,"height":200,"srcset":"https:\/\/i0.wp.com\/www.grieta.org.mx\/wp-content\/uploads\/2018\/03\/14524434_1106112876131411_958039263622046936_o.jpg?resize=350%2C200&ssl=1 1x, https:\/\/i0.wp.com\/www.grieta.org.mx\/wp-content\/uploads\/2018\/03\/14524434_1106112876131411_958039263622046936_o.jpg?resize=525%2C300&ssl=1 1.5x, https:\/\/i0.wp.com\/www.grieta.org.mx\/wp-content\/uploads\/2018\/03\/14524434_1106112876131411_958039263622046936_o.jpg?resize=700%2C400&ssl=1 2x"},"classes":[]}],"_links":{"self":[{"href":"https:\/\/www.grieta.org.mx\/index.php\/wp-json\/wp\/v2\/posts\/2334","targetHints":{"allow":["GET"]}}],"collection":[{"href":"https:\/\/www.grieta.org.mx\/index.php\/wp-json\/wp\/v2\/posts"}],"about":[{"href":"https:\/\/www.grieta.org.mx\/index.php\/wp-json\/wp\/v2\/types\/post"}],"author":[{"embeddable":true,"href":"https:\/\/www.grieta.org.mx\/index.php\/wp-json\/wp\/v2\/users\/2"}],"replies":[{"embeddable":true,"href":"https:\/\/www.grieta.org.mx\/index.php\/wp-json\/wp\/v2\/comments?post=2334"}],"version-history":[{"count":1,"href":"https:\/\/www.grieta.org.mx\/index.php\/wp-json\/wp\/v2\/posts\/2334\/revisions"}],"predecessor-version":[{"id":2335,"href":"https:\/\/www.grieta.org.mx\/index.php\/wp-json\/wp\/v2\/posts\/2334\/revisions\/2335"}],"wp:featuredmedia":[{"embeddable":true,"href":"https:\/\/www.grieta.org.mx\/index.php\/wp-json\/wp\/v2\/media\/21928"}],"wp:attachment":[{"href":"https:\/\/www.grieta.org.mx\/index.php\/wp-json\/wp\/v2\/media?parent=2334"}],"wp:term":[{"taxonomy":"category","embeddable":true,"href":"https:\/\/www.grieta.org.mx\/index.php\/wp-json\/wp\/v2\/categories?post=2334"},{"taxonomy":"post_tag","embeddable":true,"href":"https:\/\/www.grieta.org.mx\/index.php\/wp-json\/wp\/v2\/tags?post=2334"}],"curies":[{"name":"wp","href":"https:\/\/api.w.org\/{rel}","templated":true}]}}