{"id":23331,"date":"2018-05-27T23:25:20","date_gmt":"2018-05-28T04:25:20","guid":{"rendered":"http:\/\/www.grieta.org.mx\/?p=23331"},"modified":"2018-05-28T23:50:29","modified_gmt":"2018-05-29T04:50:29","slug":"paso-de-gasoducto-por-san-luis-de-la-paz-causa-estragos-ambientales-y-dana-economia-de-comunidades-guanajuato","status":"publish","type":"post","link":"https:\/\/www.grieta.org.mx\/index.php\/2018\/05\/27\/paso-de-gasoducto-por-san-luis-de-la-paz-causa-estragos-ambientales-y-dana-economia-de-comunidades-guanajuato\/","title":{"rendered":"Paso de gasoducto por San Luis de la Paz causa estragos ambientales y da\u00f1a econom\u00eda de comunidades (Guanajuato)"},"content":{"rendered":"<figure id=\"attachment_23335\" aria-describedby=\"caption-attachment-23335\" style=\"width: 800px\" class=\"wp-caption aligncenter\"><img loading=\"lazy\" decoding=\"async\" data-attachment-id=\"23335\" data-permalink=\"https:\/\/www.grieta.org.mx\/index.php\/2018\/05\/27\/paso-de-gasoducto-por-san-luis-de-la-paz-causa-estragos-ambientales-y-dana-economia-de-comunidades-guanajuato\/2018-05-27_slp-6\/\" data-orig-file=\"https:\/\/www.grieta.org.mx\/wp-content\/uploads\/2018\/05\/2018-05-27_slp-6.jpg\" data-orig-size=\"800,533\" data-comments-opened=\"0\" data-image-meta=\"{&quot;aperture&quot;:&quot;0&quot;,&quot;credit&quot;:&quot;&quot;,&quot;camera&quot;:&quot;&quot;,&quot;caption&quot;:&quot;&quot;,&quot;created_timestamp&quot;:&quot;0&quot;,&quot;copyright&quot;:&quot;&quot;,&quot;focal_length&quot;:&quot;0&quot;,&quot;iso&quot;:&quot;0&quot;,&quot;shutter_speed&quot;:&quot;0&quot;,&quot;title&quot;:&quot;&quot;,&quot;orientation&quot;:&quot;0&quot;}\" data-image-title=\"2018-05-27_slp-6\" data-image-description=\"\" data-image-caption=\"&lt;p&gt;Afectaciones en territorio ludovicenses. Foto: Ernesto M\u00e9ndez.&lt;\/p&gt;\n\" data-medium-file=\"https:\/\/www.grieta.org.mx\/wp-content\/uploads\/2018\/05\/2018-05-27_slp-6-300x200.jpg\" data-large-file=\"https:\/\/www.grieta.org.mx\/wp-content\/uploads\/2018\/05\/2018-05-27_slp-6.jpg\" src=\"http:\/\/www.grieta.org.mx\/wp-content\/uploads\/2018\/05\/2018-05-27_slp-6.jpg\" alt=\"\" width=\"800\" height=\"533\" class=\"size-full wp-image-23335\" srcset=\"https:\/\/www.grieta.org.mx\/wp-content\/uploads\/2018\/05\/2018-05-27_slp-6.jpg 800w, https:\/\/www.grieta.org.mx\/wp-content\/uploads\/2018\/05\/2018-05-27_slp-6-300x200.jpg 300w, https:\/\/www.grieta.org.mx\/wp-content\/uploads\/2018\/05\/2018-05-27_slp-6-768x512.jpg 768w, https:\/\/www.grieta.org.mx\/wp-content\/uploads\/2018\/05\/2018-05-27_slp-6-750x500.jpg 750w\" sizes=\"auto, (max-width: 800px) 100vw, 800px\" \/><figcaption id=\"caption-attachment-23335\" class=\"wp-caption-text\">Afectaciones en territorio ludovicenses. Foto: Ernesto M\u00e9ndez.<\/figcaption><\/figure>\n<blockquote><p>Cuando los afectados acudieron al gobierno municipal, este mostr\u00f3 no solo ignorancia en el tema, sino complacencia con la empresa trasnacional TransCanada<\/p><\/blockquote>\n<p>Ernesto M\u00e9ndez \/Zona Franca<\/p>\n<p>San Luis de la Paz, Gto. Entraron como delincuentes y les derribaron milpas y vegetaci\u00f3n, sin siquiera preguntar. Ya cuando el sol ray\u00f3 la claridad, los campesinos encontraron destrozos en sus parcelas y cuando preguntaron qui\u00e9nes eran, s\u00f3lo respondieron \u201csomos de TrasCanada y construiremos un gasoducto\u201d. El Municipio habr\u00eda entregado permisos, sin que haya evidencia de cu\u00e1les han sido estos.<\/p>\n<p>A principios de este a\u00f1o, cientos de campesinos se encontraron una ma\u00f1ana con la sorpresa de que sus tierras hab\u00edan sido atravesadas por una obra de una empresa trasnacional llamada TransCanada, de la cual no sab\u00edan absolutamente nada, ni c\u00f3mo, cu\u00e1ndo, ni quienes les hab\u00edan autorizado pasar por sus milpas.<\/p>\n<p>Sin embargo, los trabajadores de dicha empresa aseguraban tener todos y cada uno de los permisos necesarios para llevar a cabo la limpia de los terrenos y excavaci\u00f3n para introducir la tuber\u00eda, de lo cual los afectados no ten\u00edan ni el m\u00e1s m\u00ednimo conocimiento. Permisos que no han sido detallados.<\/p>\n<p>Al respecto, de manera general se difundi\u00f3 en diarios nacionales que TransCanada fue la primera compa\u00f1\u00eda privada en construir y operar gasoductos en M\u00e9xico. Con una inversi\u00f3n superior a los 2 mil millones de d\u00f3lares, a trav\u00e9s de sus m\u00e1s de 1 mil 618 kil\u00f3metros de gasoductos, donde abastece de gas natural a regiones clave de M\u00e9xico.<\/p>\n<p>El \u00faltimo tramo de 292 kil\u00f3metros de longitud del proyecto de transporte de gas natural Los Ramones, fase 2 Sur, ser\u00e1 inaugurado a m\u00e1s tardar a finales de junio.<\/p>\n<p><img decoding=\"async\" data-attachment-id=\"23336\" data-permalink=\"https:\/\/www.grieta.org.mx\/index.php\/2018\/05\/27\/paso-de-gasoducto-por-san-luis-de-la-paz-causa-estragos-ambientales-y-dana-economia-de-comunidades-guanajuato\/2018-05-27_slp-5\/\" data-orig-file=\"https:\/\/www.grieta.org.mx\/wp-content\/uploads\/2018\/05\/2018-05-27_slp-5.jpg\" data-orig-size=\"800,533\" data-comments-opened=\"0\" data-image-meta=\"{&quot;aperture&quot;:&quot;0&quot;,&quot;credit&quot;:&quot;&quot;,&quot;camera&quot;:&quot;&quot;,&quot;caption&quot;:&quot;&quot;,&quot;created_timestamp&quot;:&quot;0&quot;,&quot;copyright&quot;:&quot;&quot;,&quot;focal_length&quot;:&quot;0&quot;,&quot;iso&quot;:&quot;0&quot;,&quot;shutter_speed&quot;:&quot;0&quot;,&quot;title&quot;:&quot;&quot;,&quot;orientation&quot;:&quot;0&quot;}\" data-image-title=\"2018-05-27_slp-5\" data-image-description=\"\" data-image-caption=\"\" data-medium-file=\"https:\/\/www.grieta.org.mx\/wp-content\/uploads\/2018\/05\/2018-05-27_slp-5-300x200.jpg\" data-large-file=\"https:\/\/www.grieta.org.mx\/wp-content\/uploads\/2018\/05\/2018-05-27_slp-5.jpg\" src=\"http:\/\/www.grieta.org.mx\/wp-content\/uploads\/2018\/05\/2018-05-27_slp-5.jpg\" alt=\"\" width=\"100%\"  class=\"aligncenter size-full wp-image-23336\" srcset=\"https:\/\/www.grieta.org.mx\/wp-content\/uploads\/2018\/05\/2018-05-27_slp-5.jpg 800w, https:\/\/www.grieta.org.mx\/wp-content\/uploads\/2018\/05\/2018-05-27_slp-5-300x200.jpg 300w, https:\/\/www.grieta.org.mx\/wp-content\/uploads\/2018\/05\/2018-05-27_slp-5-768x512.jpg 768w, https:\/\/www.grieta.org.mx\/wp-content\/uploads\/2018\/05\/2018-05-27_slp-5-750x500.jpg 750w\" sizes=\"(max-width: 800px) 100vw, 800px\" \/><\/p>\n<p>Con esta infraestructura, se transportar\u00e1n 1 mil 353 millones de pies c\u00fabicos de gas, desde la frontera al sur de Texas hasta el centro del pa\u00eds en Apaseo El Grande, Guanajuato, equivalente a la quinta parte de lo que se transporta hoy en d\u00eda en todo M\u00e9xico.<\/p>\n<p>La inversi\u00f3n total para la expansi\u00f3n de la red de gasoductos a nivel nacional ser\u00e1 de alrededor de 16 mil millones de d\u00f3lares y buena parte de \u00e9sta se detonar\u00e1 en Guanajuato.<\/p>\n<p>No obstante, de todo esto las autoridades de San Luis de la Paz, no s\u00f3lo no les han informado a las comunidades San Rafael de la Curva, La Onza, San Cayetano, entre otras, que se ver\u00edan afectadas con el paso de gasoducto, sino que al parecer no ten\u00edan el m\u00ednimo conocimiento sobre el tema.<\/p>\n<p><strong>Ignorancia del Ayuntamiento<\/strong><\/p>\n<p>Lo antes mencionado quedo expuesto cuando habitantes de la comunidad de San Rafael de la Curva se manifestaron al interior del ayuntamiento el pasado 26 de abril para exigir una explicaci\u00f3n y no supieron darles una respuesta precisa, puesto que dijeron los afectados que a ellos nunca se les hab\u00eda tomado en cuenta y que supuestamente hab\u00eda sido la Direcci\u00f3n de Desarrollo Urbano, la encargada de dar los permisos.<\/p>\n<p><img loading=\"lazy\" decoding=\"async\" data-attachment-id=\"23337\" data-permalink=\"https:\/\/www.grieta.org.mx\/index.php\/2018\/05\/27\/paso-de-gasoducto-por-san-luis-de-la-paz-causa-estragos-ambientales-y-dana-economia-de-comunidades-guanajuato\/2018-05-27_slp-4\/\" data-orig-file=\"https:\/\/www.grieta.org.mx\/wp-content\/uploads\/2018\/05\/2018-05-27_slp-4.jpg\" data-orig-size=\"800,533\" data-comments-opened=\"0\" data-image-meta=\"{&quot;aperture&quot;:&quot;0&quot;,&quot;credit&quot;:&quot;&quot;,&quot;camera&quot;:&quot;&quot;,&quot;caption&quot;:&quot;&quot;,&quot;created_timestamp&quot;:&quot;0&quot;,&quot;copyright&quot;:&quot;&quot;,&quot;focal_length&quot;:&quot;0&quot;,&quot;iso&quot;:&quot;0&quot;,&quot;shutter_speed&quot;:&quot;0&quot;,&quot;title&quot;:&quot;&quot;,&quot;orientation&quot;:&quot;0&quot;}\" data-image-title=\"2018-05-27_slp-4\" data-image-description=\"\" data-image-caption=\"\" data-medium-file=\"https:\/\/www.grieta.org.mx\/wp-content\/uploads\/2018\/05\/2018-05-27_slp-4-300x200.jpg\" data-large-file=\"https:\/\/www.grieta.org.mx\/wp-content\/uploads\/2018\/05\/2018-05-27_slp-4.jpg\" src=\"http:\/\/www.grieta.org.mx\/wp-content\/uploads\/2018\/05\/2018-05-27_slp-4.jpg\" alt=\"\" width=\"800\" height=\"533\" class=\"aligncenter size-full wp-image-23337\" srcset=\"https:\/\/www.grieta.org.mx\/wp-content\/uploads\/2018\/05\/2018-05-27_slp-4.jpg 800w, https:\/\/www.grieta.org.mx\/wp-content\/uploads\/2018\/05\/2018-05-27_slp-4-300x200.jpg 300w, https:\/\/www.grieta.org.mx\/wp-content\/uploads\/2018\/05\/2018-05-27_slp-4-768x512.jpg 768w, https:\/\/www.grieta.org.mx\/wp-content\/uploads\/2018\/05\/2018-05-27_slp-4-750x500.jpg 750w\" sizes=\"auto, (max-width: 800px) 100vw, 800px\" \/><\/p>\n<p>Por lo tanto, le mandaron hablar en aquella ocasi\u00f3n a Gustavo Mares, director de Desarrollo Urbano, para que les informara las condiciones en las que se le hab\u00edan dado los permisos a TransCanada, quien simplemente se limit\u00f3 a decir que la empresa trasnacional cumpl\u00eda con las normas que regulan este tipo de construcciones, sin especificar los diferentes permisos que se hubieran otorgado.<\/p>\n<p>Ante esta respuesta, Eduardo Guerrero, delegado de la comunidad de San Rafael de la Curva les dijo que no era posible que no supieran lo que estaba ocurriendo en el municipio, postura que apoy\u00f3 el regidor panista Roberto Carlos Ter\u00e1n Ramos, quien respondi\u00f3 que el delegado ten\u00eda toda la raz\u00f3n y que era una verg\u00fcenza que como Ayuntamiento no tuvieran conocimiento del asunto y que \u00e9l por su parte se disculpaba.<\/p>\n<p>Cabe se\u00f1alar que el tema de gasoducto se dio a conocer en el pleno del Ayuntamiento cuando la empresa ofreci\u00f3 donar dos camiones recolectores y una ambulancia al municipio como obra social y no por los da\u00f1os econ\u00f3micos y ecol\u00f3gicos que causar\u00eda a las comunidades del municipio.<\/p>\n<p>Es importante mencionar que en la discusi\u00f3n en el Cabildo nunca se abord\u00f3 la preservaci\u00f3n del bien com\u00fan y solo se centr\u00f3 en aceptar o no las donaciones que TransCanada ofrec\u00eda, lo que finalmente ocurri\u00f3 el 10 de abril sin conocerse si se lleg\u00f3 a exigir respuesta a las afectaciones de los campesinos ludovicenses.<\/p>\n<p><strong><br \/>\nReaccionan activistas sociales<\/strong><\/p>\n<p>Uno de los m\u00e1s activos defensores de los recursos naturales de la regi\u00f3n es el presb\u00edtero Juan Carlos Zesati Ibarg\u00fcengoytia, un reconocido luchador social encausado a la defensa de la tierra y el agua, quien puntualiz\u00f3 que una vez m\u00e1s los campesinos no hab\u00edan sido tomados en cuenta sobre una decisi\u00f3n que afectar\u00eda sus tierras y sus cultivos, lo que los ten\u00eda muy molestos, ya que estaban pasando por encima de sus derechos.<\/p>\n<p>Sobre el tema del gasoducto, el padre Zesati coment\u00f3, que a muchos campesinos les dieron como indemnizaci\u00f3n lo que TransCanada quiso darles y no lo justo, a la vez que otros, siendo solo posesionarios de las tierras, no les han pagado ni un solo centavo, es decir, a todos aquellos que no tienen un t\u00edtulo de propiedad y que se han quedado de generaci\u00f3n en generaci\u00f3n en esa tierra y que jam\u00e1s han tenido un documento que los avale como leg\u00edtimos due\u00f1os.<\/p>\n<figure id=\"attachment_23338\" aria-describedby=\"caption-attachment-23338\" style=\"width: 800px\" class=\"wp-caption aligncenter\"><img decoding=\"async\" data-attachment-id=\"23338\" data-permalink=\"https:\/\/www.grieta.org.mx\/index.php\/2018\/05\/27\/paso-de-gasoducto-por-san-luis-de-la-paz-causa-estragos-ambientales-y-dana-economia-de-comunidades-guanajuato\/2018-05-27_slp-1\/\" data-orig-file=\"https:\/\/www.grieta.org.mx\/wp-content\/uploads\/2018\/05\/2018-05-27_slp-1.jpg\" data-orig-size=\"800,533\" data-comments-opened=\"0\" data-image-meta=\"{&quot;aperture&quot;:&quot;0&quot;,&quot;credit&quot;:&quot;&quot;,&quot;camera&quot;:&quot;&quot;,&quot;caption&quot;:&quot;&quot;,&quot;created_timestamp&quot;:&quot;0&quot;,&quot;copyright&quot;:&quot;&quot;,&quot;focal_length&quot;:&quot;0&quot;,&quot;iso&quot;:&quot;0&quot;,&quot;shutter_speed&quot;:&quot;0&quot;,&quot;title&quot;:&quot;&quot;,&quot;orientation&quot;:&quot;0&quot;}\" data-image-title=\"2018-05-27_slp-1\" data-image-description=\"\" data-image-caption=\"&lt;p&gt;Padre Juan Carlos Zesati.&lt;\/p&gt;\n\" data-medium-file=\"https:\/\/www.grieta.org.mx\/wp-content\/uploads\/2018\/05\/2018-05-27_slp-1-300x200.jpg\" data-large-file=\"https:\/\/www.grieta.org.mx\/wp-content\/uploads\/2018\/05\/2018-05-27_slp-1.jpg\" src=\"http:\/\/www.grieta.org.mx\/wp-content\/uploads\/2018\/05\/2018-05-27_slp-1.jpg\" alt=\"\" width=\"100%\"  class=\"size-full wp-image-23338\" srcset=\"https:\/\/www.grieta.org.mx\/wp-content\/uploads\/2018\/05\/2018-05-27_slp-1.jpg 800w, https:\/\/www.grieta.org.mx\/wp-content\/uploads\/2018\/05\/2018-05-27_slp-1-300x200.jpg 300w, https:\/\/www.grieta.org.mx\/wp-content\/uploads\/2018\/05\/2018-05-27_slp-1-768x512.jpg 768w, https:\/\/www.grieta.org.mx\/wp-content\/uploads\/2018\/05\/2018-05-27_slp-1-750x500.jpg 750w\" sizes=\"(max-width: 800px) 100vw, 800px\" \/><figcaption id=\"caption-attachment-23338\" class=\"wp-caption-text\">Padre Juan Carlos Zesati.<\/figcaption><\/figure>\n<p>En ese sentido, Zesati mencion\u00f3 que a pesar de no tener el t\u00edtulo de propiedad, son ellos los leg\u00edtimos due\u00f1os por que han estado ah\u00ed por d\u00e9cadas en posesi\u00f3n de las tierras y que por lo tanto se les deber\u00eda tomar en cuenta en indemnizarlos por los da\u00f1os causados en sus parcelas.<\/p>\n<p>Por su parte la se\u00f1ora Luz Villafuerte, otra activista en defensa de la tierra, refiri\u00f3 que el paso del gasoducto dej\u00f3 sin milpa a muchos campesinos y que al estar trabajando las m\u00e1quinas en el lugar, ellos no pudieron trabajar y que esto vendr\u00e1 a mermar su econom\u00eda sin que haya ninguna autoridad que responda por los da\u00f1os.<\/p>\n<p>De igual manera habl\u00f3 sobre el hecho de que la empresa TransCanada minti\u00f3 a los campesinos, a quien les asegur\u00f3 que una vez que se hubiera tapado la excavaci\u00f3n podr\u00edan volver a sembrar sobre sus tierras, lo que no es cierto, ya que siempre estar\u00e1n pasando para supervisar su gasoducto.<\/p>\n<p>Para concluir, Villafuerte agreg\u00f3 que las m\u00e1quinas tiraron muchos \u00e1rboles y mezquites y que no hicieron ninguna acci\u00f3n para mitigar el impacto ambiental que esto signific\u00f3, es decir, tratar de sembrar m\u00e1s \u00e1rboles para reponer los que cortaron.<\/p>\n<figure id=\"attachment_23339\" aria-describedby=\"caption-attachment-23339\" style=\"width: 800px\" class=\"wp-caption aligncenter\"><img loading=\"lazy\" decoding=\"async\" data-attachment-id=\"23339\" data-permalink=\"https:\/\/www.grieta.org.mx\/index.php\/2018\/05\/27\/paso-de-gasoducto-por-san-luis-de-la-paz-causa-estragos-ambientales-y-dana-economia-de-comunidades-guanajuato\/2018-05-27_slp-2\/\" data-orig-file=\"https:\/\/www.grieta.org.mx\/wp-content\/uploads\/2018\/05\/2018-05-27_slp-2.jpg\" data-orig-size=\"800,533\" data-comments-opened=\"0\" data-image-meta=\"{&quot;aperture&quot;:&quot;0&quot;,&quot;credit&quot;:&quot;&quot;,&quot;camera&quot;:&quot;&quot;,&quot;caption&quot;:&quot;&quot;,&quot;created_timestamp&quot;:&quot;0&quot;,&quot;copyright&quot;:&quot;&quot;,&quot;focal_length&quot;:&quot;0&quot;,&quot;iso&quot;:&quot;0&quot;,&quot;shutter_speed&quot;:&quot;0&quot;,&quot;title&quot;:&quot;&quot;,&quot;orientation&quot;:&quot;0&quot;}\" data-image-title=\"2018-05-27_slp-2\" data-image-description=\"\" data-image-caption=\"&lt;p&gt;La activista Luz Villafuerte.&lt;\/p&gt;\n\" data-medium-file=\"https:\/\/www.grieta.org.mx\/wp-content\/uploads\/2018\/05\/2018-05-27_slp-2-300x200.jpg\" data-large-file=\"https:\/\/www.grieta.org.mx\/wp-content\/uploads\/2018\/05\/2018-05-27_slp-2.jpg\" src=\"http:\/\/www.grieta.org.mx\/wp-content\/uploads\/2018\/05\/2018-05-27_slp-2.jpg\" alt=\"\" width=\"800\" height=\"533\" class=\"size-full wp-image-23339\" srcset=\"https:\/\/www.grieta.org.mx\/wp-content\/uploads\/2018\/05\/2018-05-27_slp-2.jpg 800w, https:\/\/www.grieta.org.mx\/wp-content\/uploads\/2018\/05\/2018-05-27_slp-2-300x200.jpg 300w, https:\/\/www.grieta.org.mx\/wp-content\/uploads\/2018\/05\/2018-05-27_slp-2-768x512.jpg 768w, https:\/\/www.grieta.org.mx\/wp-content\/uploads\/2018\/05\/2018-05-27_slp-2-750x500.jpg 750w\" sizes=\"auto, (max-width: 800px) 100vw, 800px\" \/><figcaption id=\"caption-attachment-23339\" class=\"wp-caption-text\">La activista Luz Villafuerte.<\/figcaption><\/figure>\n<p><strong>Recibe Municipio \u201cdonaci\u00f3n\u201d de TransCanada<\/strong><\/p>\n<p>El pasado viernes, autoridades municipales recibieron la donaci\u00f3n de una ambulancia, equipo deportivo y tuber\u00eda, las cuales fueron gestionadas por el alcalde Guillermo Rodr\u00edguez Contreras, en atenci\u00f3n a la inversi\u00f3n social que hace la empresa Transportadora de Gas Natural de la Huasteca, S. de R. L. de C. V., por los lugares por donde pasa su proyecto.<\/p>\n<p>La ambulancia es una unidad Ford, a\u00f1o 2018, la cual est\u00e1 completamente equipada para atender los casos de emergencia que se presenten en la ciudad y en los municipios cercanos de la regi\u00f3n.<\/p>\n<p>En su p\u00e1gina web, TransCanada afirma poseer \u201cun gran compromiso por trabajar y contribuir al desarrollo de las comunidades que se encuentran ubicadas en las zonas de influencia\u201d de sus proyectos, as\u00ed como con la protecci\u00f3n del medio ambiente. Menciona tambi\u00e9n que su meta \u201ces construir comunidades fuertes y vibrantes en Am\u00e9rica del Norte\u201d, para lo cual trabajar\u00e1 asoci\u00e1ndose \u201ccon grupos comunitarios, apoyando iniciativas locales\u201d.<\/p>\n<p><a href=\"http:\/\/zonafranca.mx\/paso-de-gasoducto-por-san-luis-de-la-paz-causa-estragos-ambientales-y-dana-economia-de-comunidades\/\">http:\/\/zonafranca.mx\/paso-de-gasoducto-por-san-luis-de-la-paz-causa-estragos-ambientales-y-dana-economia-de-comunidades\/<\/a><\/p>\n","protected":false},"excerpt":{"rendered":"<p>Cuando los afectados acudieron al gobierno municipal, este mostr\u00f3 no solo ignorancia en el tema, sino complacencia con la empresa trasnacional TransCanada Ernesto M\u00e9ndez \/Zona Franca San Luis de la &hellip; <a href=\"https:\/\/www.grieta.org.mx\/index.php\/2018\/05\/27\/paso-de-gasoducto-por-san-luis-de-la-paz-causa-estragos-ambientales-y-dana-economia-de-comunidades-guanajuato\/\" class=\"more-link\">Leer m\u00e1s<\/a><\/p>\n","protected":false},"author":2,"featured_media":23335,"comment_status":"closed","ping_status":"closed","sticky":false,"template":"","format":"standard","meta":{"ngg_post_thumbnail":0,"_jetpack_newsletter_access":"","_jetpack_dont_email_post_to_subs":false,"_jetpack_newsletter_tier_id":0,"_jetpack_memberships_contains_paywalled_content":false,"_jetpack_memberships_contains_paid_content":false,"footnotes":""},"categories":[80,1278,17,471,933],"tags":[1065,350,96],"class_list":{"0":"post-23331","1":"post","2":"type-post","3":"status-publish","4":"format-standard","5":"has-post-thumbnail","6":"hentry","7":"category-cintillo","8":"category-despojo-de-tierras-y-territorios","9":"category-guanajuato","11":"category-mp-guanajuato","12":"tag-despojo-de-agua-y-tierras","13":"tag-gasoducto","14":"tag-megaproyectos","15":"entry"},"jetpack_featured_media_url":"https:\/\/www.grieta.org.mx\/wp-content\/uploads\/2018\/05\/2018-05-27_slp-6.jpg","jetpack_sharing_enabled":true,"jetpack_shortlink":"https:\/\/wp.me\/p7ZJR4-64j","jetpack_likes_enabled":false,"jetpack-related-posts":[{"id":37311,"url":"https:\/\/www.grieta.org.mx\/index.php\/2019\/07\/17\/la-cuenca-de-la-independencia-amenazada-por-proyecto-minero-guanajuato\/","url_meta":{"origin":23331,"position":0},"title":"La Cuenca de la Independencia amenazada por proyecto minero (Guanajuato)","author":"grieta","date":"17 julio, 2019","format":false,"excerpt":"Se contaminar\u00eda el acu\u00edfero que surte a municipios como Dolores Hidalgo y San Miguel de Allende. \u00a0 Redacci\u00f3n La Coperacha Ciudad de M\u00e9xico \/\/ 17 de julio de 2019 a Coalici\u00f3n en Defensa de la Cuenca de la Independencia y el colectivo Guardianes de la Cuenca, advirtieron que el proyecto\u2026","rel":"","context":"En &quot;CINTILLO&quot;","block_context":{"text":"CINTILLO","link":"https:\/\/www.grieta.org.mx\/index.php\/category\/cintillo\/"},"img":{"alt_text":"","src":"https:\/\/i0.wp.com\/www.grieta.org.mx\/wp-content\/uploads\/2019\/08\/cuenca-independencia-amenazada-proyecto-minero.jpg?resize=350%2C200&ssl=1","width":350,"height":200,"srcset":"https:\/\/i0.wp.com\/www.grieta.org.mx\/wp-content\/uploads\/2019\/08\/cuenca-independencia-amenazada-proyecto-minero.jpg?resize=350%2C200&ssl=1 1x, https:\/\/i0.wp.com\/www.grieta.org.mx\/wp-content\/uploads\/2019\/08\/cuenca-independencia-amenazada-proyecto-minero.jpg?resize=525%2C300&ssl=1 1.5x, https:\/\/i0.wp.com\/www.grieta.org.mx\/wp-content\/uploads\/2019\/08\/cuenca-independencia-amenazada-proyecto-minero.jpg?resize=700%2C400&ssl=1 2x, https:\/\/i0.wp.com\/www.grieta.org.mx\/wp-content\/uploads\/2019\/08\/cuenca-independencia-amenazada-proyecto-minero.jpg?resize=1050%2C600&ssl=1 3x"},"classes":[]},{"id":41521,"url":"https:\/\/www.grieta.org.mx\/index.php\/2019\/11\/24\/advierten-crisis-hidrica-en-dolores-hidalgo-si-se-explota-mina-en-el-cerro-del-gallo-guanajuato\/","url_meta":{"origin":23331,"position":1},"title":"Advierten crisis h\u00eddrica en Dolores Hidalgo si se explota mina en el Cerro del Gallo (Guanajuato","author":"grieta","date":"24 noviembre, 2019","format":false,"excerpt":"En el conversatorio \u201cAgua y miner\u00eda\u201d realizado la tarde de este s\u00e1bado en el Museo Bicentenario, se habl\u00f3 sobre el problema existente del agua en la Cuenca de la Independencia, as\u00ed como aun la gran afectaci\u00f3n que sufrir\u00edan los pobladores si se llega a implementar la explotaci\u00f3n de la mina\u2026","rel":"","context":"En &quot;CINTILLO&quot;","block_context":{"text":"CINTILLO","link":"https:\/\/www.grieta.org.mx\/index.php\/category\/cintillo\/"},"img":{"alt_text":"","src":"https:\/\/i0.wp.com\/www.grieta.org.mx\/wp-content\/uploads\/2019\/11\/cerritodelgallo2-focus-0-0-983-557.jpg?resize=350%2C200&ssl=1","width":350,"height":200,"srcset":"https:\/\/i0.wp.com\/www.grieta.org.mx\/wp-content\/uploads\/2019\/11\/cerritodelgallo2-focus-0-0-983-557.jpg?resize=350%2C200&ssl=1 1x, https:\/\/i0.wp.com\/www.grieta.org.mx\/wp-content\/uploads\/2019\/11\/cerritodelgallo2-focus-0-0-983-557.jpg?resize=525%2C300&ssl=1 1.5x, https:\/\/i0.wp.com\/www.grieta.org.mx\/wp-content\/uploads\/2019\/11\/cerritodelgallo2-focus-0-0-983-557.jpg?resize=700%2C400&ssl=1 2x"},"classes":[]},{"id":21616,"url":"https:\/\/www.grieta.org.mx\/index.php\/2016\/09\/05\/resistencia-y-despojo-por-gasoducto-el-encino-topolobampo\/","url_meta":{"origin":23331,"position":2},"title":"Resistencia y despojo por gasoducto El Encino-Topolobampo","author":"grieta","date":"5 septiembre, 2016","format":false,"excerpt":"05\/09\/16. Denuncian enga\u00f1o por gasoducto en tierras ind\u00edgenasEl Diario","rel":"","context":"En &quot;Chihuahua&quot;","block_context":{"text":"Chihuahua","link":"https:\/\/www.grieta.org.mx\/index.php\/category\/noticias-nacionales\/chihuahua\/"},"img":{"alt_text":"","src":"https:\/\/i0.wp.com\/www.grieta.org.mx\/wp-content\/uploads\/2018\/03\/14524434_1106112876131411_958039263622046936_o.jpg?resize=350%2C200&ssl=1","width":350,"height":200,"srcset":"https:\/\/i0.wp.com\/www.grieta.org.mx\/wp-content\/uploads\/2018\/03\/14524434_1106112876131411_958039263622046936_o.jpg?resize=350%2C200&ssl=1 1x, https:\/\/i0.wp.com\/www.grieta.org.mx\/wp-content\/uploads\/2018\/03\/14524434_1106112876131411_958039263622046936_o.jpg?resize=525%2C300&ssl=1 1.5x, https:\/\/i0.wp.com\/www.grieta.org.mx\/wp-content\/uploads\/2018\/03\/14524434_1106112876131411_958039263622046936_o.jpg?resize=700%2C400&ssl=1 2x"},"classes":[]},{"id":37306,"url":"https:\/\/www.grieta.org.mx\/index.php\/2019\/07\/22\/comunidades-de-guanajuato-se-movilizan-contra-minera-argonauta-gold\/","url_meta":{"origin":23331,"position":3},"title":"Comunidades de Guanajuato se movilizan contra minera Argonauta Gold","author":"grieta","date":"22 julio, 2019","format":false,"excerpt":"En el D\u00eda Mundial Contra la Miner\u00eda a Cielo Abierto rechazan el ecocidio que provocar\u00eda en la Cuenca de la Independencia. Redacci\u00f3n La Coperacha Ciudad de M\u00e9xico \/\/ 22 de julio de 2019 Cerca de dos mil personas provenientes de comunidades de la Cuenca de la Independencia, Guanajuato, se movilizaron\u2026","rel":"","context":"En &quot;CINTILLO&quot;","block_context":{"text":"CINTILLO","link":"https:\/\/www.grieta.org.mx\/index.php\/category\/cintillo\/"},"img":{"alt_text":"","src":"https:\/\/i0.wp.com\/www.grieta.org.mx\/wp-content\/uploads\/2019\/08\/Dolores-Hidalgo-mina-cielo-abierto-01.jpg?resize=350%2C200&ssl=1","width":350,"height":200,"srcset":"https:\/\/i0.wp.com\/www.grieta.org.mx\/wp-content\/uploads\/2019\/08\/Dolores-Hidalgo-mina-cielo-abierto-01.jpg?resize=350%2C200&ssl=1 1x, https:\/\/i0.wp.com\/www.grieta.org.mx\/wp-content\/uploads\/2019\/08\/Dolores-Hidalgo-mina-cielo-abierto-01.jpg?resize=525%2C300&ssl=1 1.5x, https:\/\/i0.wp.com\/www.grieta.org.mx\/wp-content\/uploads\/2019\/08\/Dolores-Hidalgo-mina-cielo-abierto-01.jpg?resize=700%2C400&ssl=1 2x, https:\/\/i0.wp.com\/www.grieta.org.mx\/wp-content\/uploads\/2019\/08\/Dolores-Hidalgo-mina-cielo-abierto-01.jpg?resize=1050%2C600&ssl=1 3x"},"classes":[]},{"id":64637,"url":"https:\/\/www.grieta.org.mx\/index.php\/2022\/06\/09\/cetac-20-en-san-luis-de-la-paz-realiza-paro-por-falta-de-pago-a-maestros-y-directivos-guanajuato\/","url_meta":{"origin":23331,"position":4},"title":"CETAC 20 en San Luis de la Paz realiza paro por falta de pago a maestros y directivos (Guanajuato)","author":"grieta","date":"9 junio, 2022","format":false,"excerpt":"En total, 13 personas trabajan en el CETAC 20 en San Luis de la Paz; otro profesor y la directora no reciben pago desde enero Roberto L\u00f3pez, Peri\u00f3dico Correo, 09 de junio de 2022 San Luis de la Paz.- Personal administrativo del CETAC 20 en San Luis de la Paz\u2026","rel":"","context":"En &quot;CINTILLO&quot;","block_context":{"text":"CINTILLO","link":"https:\/\/www.grieta.org.mx\/index.php\/category\/cintillo\/"},"img":{"alt_text":"","src":"https:\/\/i0.wp.com\/www.grieta.org.mx\/wp-content\/uploads\/2022\/07\/CETAC-20-en-San-Luis1.jpg?resize=350%2C200&ssl=1","width":350,"height":200,"srcset":"https:\/\/i0.wp.com\/www.grieta.org.mx\/wp-content\/uploads\/2022\/07\/CETAC-20-en-San-Luis1.jpg?resize=350%2C200&ssl=1 1x, https:\/\/i0.wp.com\/www.grieta.org.mx\/wp-content\/uploads\/2022\/07\/CETAC-20-en-San-Luis1.jpg?resize=525%2C300&ssl=1 1.5x, https:\/\/i0.wp.com\/www.grieta.org.mx\/wp-content\/uploads\/2022\/07\/CETAC-20-en-San-Luis1.jpg?resize=700%2C400&ssl=1 2x, https:\/\/i0.wp.com\/www.grieta.org.mx\/wp-content\/uploads\/2022\/07\/CETAC-20-en-San-Luis1.jpg?resize=1050%2C600&ssl=1 3x"},"classes":[]},{"id":21618,"url":"https:\/\/www.grieta.org.mx\/index.php\/2016\/09\/04\/denuncian-engano-por-gasoducto-en-tierras-indigenas-chihuahua\/","url_meta":{"origin":23331,"position":5},"title":"Denuncian enga\u00f1o por gasoducto en tierras ind\u00edgenas (Chihuahua)","author":"grieta","date":"4 septiembre, 2016","format":false,"excerpt":"El Diario Patricia Mayorga El sacerdote jesuita, Javier \u2018El Pato\u2019 \u00c1vila, denunci\u00f3 una serie de irregularidades utilizadas por la Comisi\u00f3n Federal de Electricidad (CFE) y la empresa Transportadora de Gas Natural del Noroeste (TGNN), para simular que la comunidad ind\u00edgena de San Ignacio de Arareco, en el municipio de Bocoyna,\u2026","rel":"","context":"En &quot;Chihuahua&quot;","block_context":{"text":"Chihuahua","link":"https:\/\/www.grieta.org.mx\/index.php\/category\/noticias-nacionales\/chihuahua\/"},"img":{"alt_text":"","src":"https:\/\/i0.wp.com\/www.grieta.org.mx\/wp-content\/uploads\/2018\/03\/14524434_1106112876131411_958039263622046936_o.jpg?resize=350%2C200&ssl=1","width":350,"height":200,"srcset":"https:\/\/i0.wp.com\/www.grieta.org.mx\/wp-content\/uploads\/2018\/03\/14524434_1106112876131411_958039263622046936_o.jpg?resize=350%2C200&ssl=1 1x, https:\/\/i0.wp.com\/www.grieta.org.mx\/wp-content\/uploads\/2018\/03\/14524434_1106112876131411_958039263622046936_o.jpg?resize=525%2C300&ssl=1 1.5x, https:\/\/i0.wp.com\/www.grieta.org.mx\/wp-content\/uploads\/2018\/03\/14524434_1106112876131411_958039263622046936_o.jpg?resize=700%2C400&ssl=1 2x"},"classes":[]}],"_links":{"self":[{"href":"https:\/\/www.grieta.org.mx\/index.php\/wp-json\/wp\/v2\/posts\/23331","targetHints":{"allow":["GET"]}}],"collection":[{"href":"https:\/\/www.grieta.org.mx\/index.php\/wp-json\/wp\/v2\/posts"}],"about":[{"href":"https:\/\/www.grieta.org.mx\/index.php\/wp-json\/wp\/v2\/types\/post"}],"author":[{"embeddable":true,"href":"https:\/\/www.grieta.org.mx\/index.php\/wp-json\/wp\/v2\/users\/2"}],"replies":[{"embeddable":true,"href":"https:\/\/www.grieta.org.mx\/index.php\/wp-json\/wp\/v2\/comments?post=23331"}],"version-history":[{"count":1,"href":"https:\/\/www.grieta.org.mx\/index.php\/wp-json\/wp\/v2\/posts\/23331\/revisions"}],"predecessor-version":[{"id":23340,"href":"https:\/\/www.grieta.org.mx\/index.php\/wp-json\/wp\/v2\/posts\/23331\/revisions\/23340"}],"wp:featuredmedia":[{"embeddable":true,"href":"https:\/\/www.grieta.org.mx\/index.php\/wp-json\/wp\/v2\/media\/23335"}],"wp:attachment":[{"href":"https:\/\/www.grieta.org.mx\/index.php\/wp-json\/wp\/v2\/media?parent=23331"}],"wp:term":[{"taxonomy":"category","embeddable":true,"href":"https:\/\/www.grieta.org.mx\/index.php\/wp-json\/wp\/v2\/categories?post=23331"},{"taxonomy":"post_tag","embeddable":true,"href":"https:\/\/www.grieta.org.mx\/index.php\/wp-json\/wp\/v2\/tags?post=23331"}],"curies":[{"name":"wp","href":"https:\/\/api.w.org\/{rel}","templated":true}]}}