{"id":23284,"date":"2018-05-23T13:13:46","date_gmt":"2018-05-23T18:13:46","guid":{"rendered":"http:\/\/www.grieta.org.mx\/?p=23284"},"modified":"2018-05-24T13:23:31","modified_gmt":"2018-05-24T18:23:31","slug":"tras-20-dias-en-la-carcel-juez-libera-a-leon-fierro-dirigente-de-mexicali-resiste-baja-california","status":"publish","type":"post","link":"https:\/\/www.grieta.org.mx\/index.php\/2018\/05\/23\/tras-20-dias-en-la-carcel-juez-libera-a-leon-fierro-dirigente-de-mexicali-resiste-baja-california\/","title":{"rendered":"Tras 20 d\u00edas en la c\u00e1rcel, juez libera a Le\u00f3n Fierro, dirigente de Mexicali Resiste (Baja California)"},"content":{"rendered":"<p><img decoding=\"async\" data-attachment-id=\"23285\" data-permalink=\"https:\/\/www.grieta.org.mx\/index.php\/2018\/05\/23\/tras-20-dias-en-la-carcel-juez-libera-a-leon-fierro-dirigente-de-mexicali-resiste-baja-california\/leon-fierro-con-su-familia-foto-mexicali-resiste\/\" data-orig-file=\"https:\/\/www.grieta.org.mx\/wp-content\/uploads\/2018\/05\/Leon-Fierro-con-su-familia-Foto-Mexicali-Resiste.jpg\" data-orig-size=\"1024,549\" data-comments-opened=\"0\" data-image-meta=\"{&quot;aperture&quot;:&quot;0&quot;,&quot;credit&quot;:&quot;&quot;,&quot;camera&quot;:&quot;&quot;,&quot;caption&quot;:&quot;&quot;,&quot;created_timestamp&quot;:&quot;0&quot;,&quot;copyright&quot;:&quot;&quot;,&quot;focal_length&quot;:&quot;0&quot;,&quot;iso&quot;:&quot;0&quot;,&quot;shutter_speed&quot;:&quot;0&quot;,&quot;title&quot;:&quot;&quot;,&quot;orientation&quot;:&quot;0&quot;}\" data-image-title=\"Leon-Fierro-con-su-familia-Foto-Mexicali-Resiste\" data-image-description=\"\" data-image-caption=\"\" data-medium-file=\"https:\/\/www.grieta.org.mx\/wp-content\/uploads\/2018\/05\/Leon-Fierro-con-su-familia-Foto-Mexicali-Resiste-300x161.jpg\" data-large-file=\"https:\/\/www.grieta.org.mx\/wp-content\/uploads\/2018\/05\/Leon-Fierro-con-su-familia-Foto-Mexicali-Resiste-1024x549.jpg\" class=\"aligncenter size-full wp-image-23285\" src=\"http:\/\/www.grieta.org.mx\/wp-content\/uploads\/2018\/05\/Leon-Fierro-con-su-familia-Foto-Mexicali-Resiste.jpg\" alt=\"\" width=\"100%\" srcset=\"https:\/\/www.grieta.org.mx\/wp-content\/uploads\/2018\/05\/Leon-Fierro-con-su-familia-Foto-Mexicali-Resiste.jpg 1024w, https:\/\/www.grieta.org.mx\/wp-content\/uploads\/2018\/05\/Leon-Fierro-con-su-familia-Foto-Mexicali-Resiste-300x161.jpg 300w, https:\/\/www.grieta.org.mx\/wp-content\/uploads\/2018\/05\/Leon-Fierro-con-su-familia-Foto-Mexicali-Resiste-768x412.jpg 768w, https:\/\/www.grieta.org.mx\/wp-content\/uploads\/2018\/05\/Leon-Fierro-con-su-familia-Foto-Mexicali-Resiste-933x500.jpg 933w\" sizes=\"(max-width: 1024px) 100vw, 1024px\" \/><\/p>\n<p>Jenaro Villamil<\/p>\n<blockquote><p>CIUDAD DE M\u00c9XICO (apro).- Despu\u00e9s de 20 d\u00edas de haber sido detenido por elementos de la polic\u00eda estatal, el juez Fernando Serrano Jim\u00e9nez liber\u00f3 a Le\u00f3n Fierro, activista de derechos humanos y l\u00edder del movimiento Mexicali Resiste, encarcelado tras encabezar protestas en contra de la instalaci\u00f3n de la cervecera Constellation Brands en Baja California.<\/p><\/blockquote>\n<p>Al salir del Centro de Readaptaci\u00f3n Social (Cereso) estatal, Fierro afirm\u00f3 que su detenci\u00f3n y posterior liberaci\u00f3n \u201cnos fortalece, vamos a seguir en la defensa del agua, que es una lucha urgente, no s\u00f3lo aqu\u00ed en Mexicali, sino en todo el pa\u00eds\u201d.<\/p>\n<p>Acompa\u00f1ado por su esposa e hijos, Fierro afirm\u00f3 que se considera \u201cperseguido pol\u00edtico\u201d del gobernador panista Francisco Kiko Vega de la Madrid, e inform\u00f3 que tendr\u00e1 que firmar durante seis meses en el departamento de atenci\u00f3n y seguimiento a los liberados.<\/p>\n<p>El activista pag\u00f3 mil 889 pesos por reparaci\u00f3n del da\u00f1o al polic\u00eda estatal Edgar Manuel Tapia Castro.<\/p>\n<p>Fierro atendi\u00f3 las distintas llamadas de reporteros locales y nacionales, mientras que en el Centro Civil de Mexicali se reunieron integrantes del movimiento coreando consignas como \u201c\u00a1Va a caer, va a caer, Kiko va a caer!\u201d, en alusi\u00f3n al mandatario estatal.<\/p>\n<p>Fierro, junto con decenas de j\u00f3venes activistas e integrantes de agrupaciones de campesinos y de vecinos de Mexicali, inici\u00f3 desde hace m\u00e1s de un a\u00f1o un movimiento de protesta por los \u201cgasolinazos\u201d que derivaron en otras agendas, como la defensa del agua del valle de la capital bajacaliforniana y en contra de la instalaci\u00f3n de la cervecera Constellation Brands.<\/p>\n<p>El pasado 16 de enero, Fierro encabez\u00f3 una serie de protestas para evitar que se efectuaran las obras para instalar la cervecera que pretende exportar 10 millones de hectolitros de bebidas cada a\u00f1o. Para ello, requiere 20 mil millones de litros de agua, lo que equivale al consumo de unos 750 mil habitantes, as\u00ed como afectar a los agricultores del valle de Mexicali.<\/p>\n<p>Tras ser detenido el jueves 3, la jueza Ruth \u00c1lvarez calific\u00f3 a Fierro como una \u201cpersona peligrosa para la sociedad\u201d, y extendi\u00f3 la prisi\u00f3n preventiva. La defensa de Fierro, as\u00ed como sus familiares e integrantes de Mexicali Resiste, inici\u00f3 una intensa campa\u00f1a en redes sociales para se\u00f1alar que se trataba de un \u201cpreso pol\u00edtico\u201d del gobierno estatal panista, se\u00f1alado tambi\u00e9n por varios esc\u00e1ndalos de corrupci\u00f3n.<\/p>\n<p>En declaraciones a la prensa local, el gobernador Kiko Vega neg\u00f3 que Fierro fuera preso pol\u00edtico. \u201cTodo lo que se tiene en proceso de judicializar tiene una denuncia y, a trav\u00e9s de \u00e9sta, es como la Procuradur\u00eda tiene que actuar. As\u00ed se actu\u00f3 y se actuar\u00e1 en cualquier situaci\u00f3n en la que alguien se sienta ofendido o lastimado\u201d, busc\u00f3 justificar el mandatario estatal.<\/p>\n<p><a href=\"https:\/\/www.proceso.com.mx\/535593\/tras-20-dias-en-la-carcel-juez-libera-a-leon-fierro-dirigente-de-mexicali-resiste\" rel=\"noopener\" target=\"_blank\">https:\/\/www.proceso.com.mx\/535593\/tras-20-dias-en-la-carcel-juez-libera-a-leon-fierro-dirigente-de-mexicali-resiste<\/a><\/p>\n","protected":false},"excerpt":{"rendered":"<p>Jenaro Villamil CIUDAD DE M\u00c9XICO (apro).- Despu\u00e9s de 20 d\u00edas de haber sido detenido por elementos de la polic\u00eda estatal, el juez Fernando Serrano Jim\u00e9nez liber\u00f3 a Le\u00f3n Fierro, activista &hellip; <a href=\"https:\/\/www.grieta.org.mx\/index.php\/2018\/05\/23\/tras-20-dias-en-la-carcel-juez-libera-a-leon-fierro-dirigente-de-mexicali-resiste-baja-california\/\" class=\"more-link\">Leer m\u00e1s<\/a><\/p>\n","protected":false},"author":2,"featured_media":23285,"comment_status":"closed","ping_status":"closed","sticky":false,"template":"","format":"standard","meta":{"ngg_post_thumbnail":0,"_jetpack_newsletter_access":"","_jetpack_dont_email_post_to_subs":false,"_jetpack_newsletter_tier_id":0,"_jetpack_memberships_contains_paywalled_content":false,"_jetpack_memberships_contains_paid_content":false,"footnotes":""},"categories":[5,80,914,1052,2],"tags":[1054,1270,1053,252],"class_list":["post-23284","post","type-post","status-publish","format-standard","has-post-thumbnail","hentry","category-baja-california","category-cintillo","category-privatizacion-del-agua","category-la-lucha-de-resistencia-frente-a-la-cervecera-constellation-brands","category-noticias-nacionales","tag-cervecera-constellation-brands","tag-leon-fierro-liberado","tag-mexicali-resiste","tag-privatizacion","entry"],"jetpack_featured_media_url":"https:\/\/www.grieta.org.mx\/wp-content\/uploads\/2018\/05\/Leon-Fierro-con-su-familia-Foto-Mexicali-Resiste.jpg","jetpack_sharing_enabled":true,"jetpack_shortlink":"https:\/\/wp.me\/p7ZJR4-63y","jetpack_likes_enabled":false,"jetpack-related-posts":[{"id":23029,"url":"https:\/\/www.grieta.org.mx\/index.php\/2018\/05\/07\/detencion-de-leon-fierro-criminalizacion-de-la-protesta-en-mexicali-fleps-baja-california\/","url_meta":{"origin":23284,"position":0},"title":"Detenci\u00f3n de Le\u00f3n Fierro, criminalizaci\u00f3n de la protesta en Mexicali: FLEPS (Baja California)","author":"grieta","date":"7 mayo, 2018","format":false,"excerpt":"","rel":"","context":"En &quot;Baja California&quot;","block_context":{"text":"Baja California","link":"https:\/\/www.grieta.org.mx\/index.php\/category\/noticias-nacionales\/baja-california\/"},"img":{"alt_text":"","src":"https:\/\/i0.wp.com\/www.grieta.org.mx\/wp-content\/uploads\/2018\/05\/mexicalli1-720x480.jpg?resize=350%2C200&ssl=1","width":350,"height":200,"srcset":"https:\/\/i0.wp.com\/www.grieta.org.mx\/wp-content\/uploads\/2018\/05\/mexicalli1-720x480.jpg?resize=350%2C200&ssl=1 1x, https:\/\/i0.wp.com\/www.grieta.org.mx\/wp-content\/uploads\/2018\/05\/mexicalli1-720x480.jpg?resize=525%2C300&ssl=1 1.5x, https:\/\/i0.wp.com\/www.grieta.org.mx\/wp-content\/uploads\/2018\/05\/mexicalli1-720x480.jpg?resize=700%2C400&ssl=1 2x"},"classes":[]},{"id":23174,"url":"https:\/\/www.grieta.org.mx\/index.php\/2018\/05\/15\/por-que-una-cervecera-de-eu-se-toma-la-poca-agua-que-queda-en-mexicali-que-diga-conagua-inai-baja-california\/","url_meta":{"origin":23284,"position":1},"title":"\u00bfPor qu\u00e9 una cervecera de EU se toma la poca agua que queda en Mexicali? Que diga Conagua: INAI (Baja California)","author":"grieta","date":"15 mayo, 2018","format":false,"excerpt":"Por Redacci\u00f3n El INAI instruy\u00f3 a la Comisi\u00f3n Nacional del Agua a que informe si la instalaci\u00f3n de la planta cervecera Constellation Brands en Mexicali, Baja California, cuenta con los permisos, manifestaciones de impacto ambiental o cualquier expresi\u00f3n documental que avalen la explotaci\u00f3n del agua en la zona, pues todos\u2026","rel":"","context":"En &quot;Baja California&quot;","block_context":{"text":"Baja California","link":"https:\/\/www.grieta.org.mx\/index.php\/category\/noticias-nacionales\/baja-california\/"},"img":{"alt_text":"","src":"https:\/\/i0.wp.com\/www.grieta.org.mx\/wp-content\/uploads\/2018\/05\/leon-fierro-preso-1100.jpg?resize=350%2C200&ssl=1","width":350,"height":200,"srcset":"https:\/\/i0.wp.com\/www.grieta.org.mx\/wp-content\/uploads\/2018\/05\/leon-fierro-preso-1100.jpg?resize=350%2C200&ssl=1 1x, https:\/\/i0.wp.com\/www.grieta.org.mx\/wp-content\/uploads\/2018\/05\/leon-fierro-preso-1100.jpg?resize=525%2C300&ssl=1 1.5x, https:\/\/i0.wp.com\/www.grieta.org.mx\/wp-content\/uploads\/2018\/05\/leon-fierro-preso-1100.jpg?resize=700%2C400&ssl=1 2x, https:\/\/i0.wp.com\/www.grieta.org.mx\/wp-content\/uploads\/2018\/05\/leon-fierro-preso-1100.jpg?resize=1050%2C600&ssl=1 3x"},"classes":[]},{"id":28428,"url":"https:\/\/www.grieta.org.mx\/index.php\/2018\/01\/25\/protestan-detractores-de-cervecera-en-oficinas-constellation-brands-y-de-la-pgje-baja-california\/","url_meta":{"origin":23284,"position":2},"title":"Protestan detractores de cervecera en oficinas Constellation Brands y de la PGJE (Baja California)","author":"grieta","date":"25 enero, 2018","format":false,"excerpt":"El edificio donde tambi\u00e9n est\u00e1n oficinas p\u00fablicas como la delegaci\u00f3n de Semarnat y del ISSSTE fue cerrado moment\u00e1neamente por el tiempo que dur\u00f3 la manifestaci\u00f3n Foto Luis Arellano POR LUIS ARELLANO SARMIENTO Mexicali, 25 de enero.- Activistas mexicalenses que se oponen a la instalaci\u00f3n de la empresa cervecera Constellation Brands,\u2026","rel":"","context":"En &quot;Baja California&quot;","block_context":{"text":"Baja California","link":"https:\/\/www.grieta.org.mx\/index.php\/category\/noticias-nacionales\/baja-california\/"},"img":{"alt_text":"","src":"https:\/\/i0.wp.com\/www.grieta.org.mx\/wp-content\/uploads\/2019\/01\/img_1430.jpg?resize=350%2C200&ssl=1","width":350,"height":200,"srcset":"https:\/\/i0.wp.com\/www.grieta.org.mx\/wp-content\/uploads\/2019\/01\/img_1430.jpg?resize=350%2C200&ssl=1 1x, https:\/\/i0.wp.com\/www.grieta.org.mx\/wp-content\/uploads\/2019\/01\/img_1430.jpg?resize=525%2C300&ssl=1 1.5x"},"classes":[]},{"id":22946,"url":"https:\/\/www.grieta.org.mx\/index.php\/2018\/05\/06\/protesta-mexicali-resiste-en-oficinas-del-periodico-el-mexicano-en-mexicali\/","url_meta":{"origin":23284,"position":3},"title":"Protesta Mexicali Resiste en oficinas del peri\u00f3dico El Mexicano, en Mexicali","author":"grieta","date":"6 mayo, 2018","format":false,"excerpt":"Eduardo Villa Lugo Un grupo conformado por 30 personas afines a Mexicali Resiste se manifest\u00f3 a las afueras del edificio del peri\u00f3dico El Mexicano, de Mexicali, exigiendo derecho de r\u00e9plica por una nota que consideraron tendenciosa. Integrantes de la agrupaci\u00f3n convocaron a trav\u00e9s de redes sociales a sus simpatizantes y\u2026","rel":"","context":"En &quot;Baja California&quot;","block_context":{"text":"Baja California","link":"https:\/\/www.grieta.org.mx\/index.php\/category\/noticias-nacionales\/baja-california\/"},"img":{"alt_text":"","src":"https:\/\/i0.wp.com\/www.grieta.org.mx\/wp-content\/uploads\/2018\/05\/28B0AFB4-DDCC-4A8A-87C0-228DBE922448-750x500.jpeg?resize=350%2C200&ssl=1","width":350,"height":200,"srcset":"https:\/\/i0.wp.com\/www.grieta.org.mx\/wp-content\/uploads\/2018\/05\/28B0AFB4-DDCC-4A8A-87C0-228DBE922448-750x500.jpeg?resize=350%2C200&ssl=1 1x, https:\/\/i0.wp.com\/www.grieta.org.mx\/wp-content\/uploads\/2018\/05\/28B0AFB4-DDCC-4A8A-87C0-228DBE922448-750x500.jpeg?resize=525%2C300&ssl=1 1.5x, https:\/\/i0.wp.com\/www.grieta.org.mx\/wp-content\/uploads\/2018\/05\/28B0AFB4-DDCC-4A8A-87C0-228DBE922448-750x500.jpeg?resize=700%2C400&ssl=1 2x"},"classes":[]},{"id":60366,"url":"https:\/\/www.grieta.org.mx\/index.php\/2021\/07\/08\/organizaciones-senalan-persecucion-contra-integrantes-de-mexicali-resiste-baja-california\/","url_meta":{"origin":23284,"position":4},"title":"Organizaciones se\u00f1alan persecuci\u00f3n contra integrantes de Mexicali Resiste (Baja California)","author":"grieta","date":"8 julio, 2021","format":false,"excerpt":"La coperacha \/ Redacci\u00f3n. Congreso de Baja California reabre caso de despojo contra defensores del agua. La Coordinadora Nacional Agua para Todos, Agua para la Vida, el Congreso Nacional Ind\u00edgena (CNI), algunas escuelas normales, entre otros colectivos, exigieron al legislativo de Baja California cese la persecuci\u00f3n a defensores del agua\u2026","rel":"","context":"En &quot;Baja California&quot;","block_context":{"text":"Baja California","link":"https:\/\/www.grieta.org.mx\/index.php\/category\/noticias-nacionales\/baja-california\/"},"img":{"alt_text":"","src":"https:\/\/i0.wp.com\/www.grieta.org.mx\/wp-content\/uploads\/2021\/07\/X-1.jpg?resize=350%2C200&ssl=1","width":350,"height":200,"srcset":"https:\/\/i0.wp.com\/www.grieta.org.mx\/wp-content\/uploads\/2021\/07\/X-1.jpg?resize=350%2C200&ssl=1 1x, https:\/\/i0.wp.com\/www.grieta.org.mx\/wp-content\/uploads\/2021\/07\/X-1.jpg?resize=525%2C300&ssl=1 1.5x, https:\/\/i0.wp.com\/www.grieta.org.mx\/wp-content\/uploads\/2021\/07\/X-1.jpg?resize=700%2C400&ssl=1 2x"},"classes":[]},{"id":23270,"url":"https:\/\/www.grieta.org.mx\/index.php\/2018\/05\/23\/el-sinsentido-de-la-explotacion-del-agua-del-que-se-acusa-a-constellation-brands-en-una-region-con-sequia-extrema-baja-california\/","url_meta":{"origin":23284,"position":5},"title":"El sinsentido de la explotaci\u00f3n del agua del que se acusa a Constellation Brands en una regi\u00f3n con sequ\u00eda extrema (Baja California)","author":"grieta","date":"23 mayo, 2018","format":false,"excerpt":"\u00a0 Jos\u00e9 Beltr\u00e1n Se aviva la lucha por el agua y el conflicto con una de las cerveceras m\u00e1s grandes del mundo en Mexicali Podr\u00eda ser una planta m\u00e1s de las 40 que tiene la cervecera estadounidense Constellation Brands en todo el mundo, pero la construcci\u00f3n de su f\u00e1brica en\u2026","rel":"","context":"En &quot;Baja California&quot;","block_context":{"text":"Baja California","link":"https:\/\/www.grieta.org.mx\/index.php\/category\/noticias-nacionales\/baja-california\/"},"img":{"alt_text":"","src":"https:\/\/i0.wp.com\/www.grieta.org.mx\/wp-content\/uploads\/2018\/05\/http-o.aolcdn.com-hss-storage-midas-76e9597abe0803afb285b3a30dd39f94-206396848-Agua_B.C._Primer_Parte_12_de_14-2.jpg?resize=350%2C200&ssl=1","width":350,"height":200,"srcset":"https:\/\/i0.wp.com\/www.grieta.org.mx\/wp-content\/uploads\/2018\/05\/http-o.aolcdn.com-hss-storage-midas-76e9597abe0803afb285b3a30dd39f94-206396848-Agua_B.C._Primer_Parte_12_de_14-2.jpg?resize=350%2C200&ssl=1 1x, https:\/\/i0.wp.com\/www.grieta.org.mx\/wp-content\/uploads\/2018\/05\/http-o.aolcdn.com-hss-storage-midas-76e9597abe0803afb285b3a30dd39f94-206396848-Agua_B.C._Primer_Parte_12_de_14-2.jpg?resize=525%2C300&ssl=1 1.5x, https:\/\/i0.wp.com\/www.grieta.org.mx\/wp-content\/uploads\/2018\/05\/http-o.aolcdn.com-hss-storage-midas-76e9597abe0803afb285b3a30dd39f94-206396848-Agua_B.C._Primer_Parte_12_de_14-2.jpg?resize=700%2C400&ssl=1 2x"},"classes":[]}],"_links":{"self":[{"href":"https:\/\/www.grieta.org.mx\/index.php\/wp-json\/wp\/v2\/posts\/23284","targetHints":{"allow":["GET"]}}],"collection":[{"href":"https:\/\/www.grieta.org.mx\/index.php\/wp-json\/wp\/v2\/posts"}],"about":[{"href":"https:\/\/www.grieta.org.mx\/index.php\/wp-json\/wp\/v2\/types\/post"}],"author":[{"embeddable":true,"href":"https:\/\/www.grieta.org.mx\/index.php\/wp-json\/wp\/v2\/users\/2"}],"replies":[{"embeddable":true,"href":"https:\/\/www.grieta.org.mx\/index.php\/wp-json\/wp\/v2\/comments?post=23284"}],"version-history":[{"count":1,"href":"https:\/\/www.grieta.org.mx\/index.php\/wp-json\/wp\/v2\/posts\/23284\/revisions"}],"predecessor-version":[{"id":23286,"href":"https:\/\/www.grieta.org.mx\/index.php\/wp-json\/wp\/v2\/posts\/23284\/revisions\/23286"}],"wp:featuredmedia":[{"embeddable":true,"href":"https:\/\/www.grieta.org.mx\/index.php\/wp-json\/wp\/v2\/media\/23285"}],"wp:attachment":[{"href":"https:\/\/www.grieta.org.mx\/index.php\/wp-json\/wp\/v2\/media?parent=23284"}],"wp:term":[{"taxonomy":"category","embeddable":true,"href":"https:\/\/www.grieta.org.mx\/index.php\/wp-json\/wp\/v2\/categories?post=23284"},{"taxonomy":"post_tag","embeddable":true,"href":"https:\/\/www.grieta.org.mx\/index.php\/wp-json\/wp\/v2\/tags?post=23284"}],"curies":[{"name":"wp","href":"https:\/\/api.w.org\/{rel}","templated":true}]}}