{"id":23200,"date":"2018-05-17T17:17:15","date_gmt":"2018-05-17T22:17:15","guid":{"rendered":"http:\/\/www.grieta.org.mx\/?p=23200"},"modified":"2018-05-17T17:17:15","modified_gmt":"2018-05-17T22:17:15","slug":"buscan-fosas-clandestinas-en-ensenada-baja-california","status":"publish","type":"post","link":"https:\/\/www.grieta.org.mx\/index.php\/2018\/05\/17\/buscan-fosas-clandestinas-en-ensenada-baja-california\/","title":{"rendered":"Buscan fosas clandestinas en Ensenada (Baja California)"},"content":{"rendered":"<p><img loading=\"lazy\" decoding=\"async\" width=\"660\" height=\"440\" data-attachment-id=\"23201\" data-permalink=\"https:\/\/www.grieta.org.mx\/index.php\/2018\/05\/17\/buscan-fosas-clandestinas-en-ensenada-baja-california\/busqueda_de_restos\/\" data-orig-file=\"https:\/\/www.grieta.org.mx\/wp-content\/uploads\/2018\/05\/busqueda_de_restos.jpg\" data-orig-size=\"660,440\" data-comments-opened=\"0\" data-image-meta=\"{&quot;aperture&quot;:&quot;0&quot;,&quot;credit&quot;:&quot;&quot;,&quot;camera&quot;:&quot;&quot;,&quot;caption&quot;:&quot;&quot;,&quot;created_timestamp&quot;:&quot;0&quot;,&quot;copyright&quot;:&quot;&quot;,&quot;focal_length&quot;:&quot;0&quot;,&quot;iso&quot;:&quot;0&quot;,&quot;shutter_speed&quot;:&quot;0&quot;,&quot;title&quot;:&quot;&quot;,&quot;orientation&quot;:&quot;0&quot;}\" data-image-title=\"busqueda_de_restos\" data-image-description=\"\" data-image-caption=\"\" data-medium-file=\"https:\/\/www.grieta.org.mx\/wp-content\/uploads\/2018\/05\/busqueda_de_restos-300x200.jpg\" data-large-file=\"https:\/\/www.grieta.org.mx\/wp-content\/uploads\/2018\/05\/busqueda_de_restos.jpg\" src=\"http:\/\/www.grieta.org.mx\/wp-content\/uploads\/2018\/05\/busqueda_de_restos.jpg\" alt=\"\" 100%\" class=\"aligncenter size-full wp-image-23201\" srcset=\"https:\/\/www.grieta.org.mx\/wp-content\/uploads\/2018\/05\/busqueda_de_restos.jpg 660w, https:\/\/www.grieta.org.mx\/wp-content\/uploads\/2018\/05\/busqueda_de_restos-300x200.jpg 300w\" sizes=\"auto, (max-width: 660px) 100vw, 660px\" \/><\/p>\n<p>Antonio Heras<\/p>\n<p>Mexicali, 17 de mayo.- Un equipo forense de la Procuradur\u00eda General de la Rep\u00fablica (PGR) inici\u00f3 ayer la b\u00fasqueda de fosas clandestinas en el Valle de la Trinidad, al oriente del puerto de Ensenada.<\/p>\n<p>La Asociaci\u00f3n Unidos contra los Desaparecidos en Baja California dio a conocer que las excavaciones se realizan en las inmediaciones del cerro Las Chichis, donde el 16 de enero pasado se localizaron enterrados los cuerpos de una mujer y tres varones. Los trabajos se llevan a cabo en un camino vecinal del municipio de Ensenada que conduce del Valle de la Trinidad al poblado de San Quint\u00edn.<\/p>\n<p>Fernando Ocegueda Flores, dirigente de la citada asociaci\u00f3n civil, dijo que las investigaciones se iniciaron por denuncias de familiares de personas desaparecidas.<\/p>\n<p>A petici\u00f3n de la Asociaci\u00f3n Unidos contra las Desapariciones en Baja California, especialistas federales han excavado en La Gallera y predios contiguos donde operaba Santiago L\u00f3pez Meza, El Pozolero, quien disolv\u00eda cad\u00e1veres por \u00f3rdenes de Teodoro Garc\u00eda Simental, El Teo, operador del grupo criminal de la familia Arellano F\u00e9lix en Tijuana y despu\u00e9s del c\u00e1rtel de Sinaloa.<\/p>\n<p>Ocegueda consider\u00f3 que podr\u00edan encontrarse m\u00e1s restos.<\/p>\n<p>El alcalde de Ensenada, Marco Antonio Novelo, retir\u00f3 las mantas con informaci\u00f3n sobre personas desaparecidas que fueron colgadas en puentes aleda\u00f1os al centro de gobierno y al hospital general, por considerar que eran contaminaci\u00f3n visual.<\/p>\n<p>El edil priista y empresario hotelero exigi\u00f3 respeto a los espacios publicitarios pagados por particulares al ayuntamiento y reproch\u00f3 que familiares de desaparecidos colocaran sus mantas sin pagar por un permiso.<\/p>\n<p><a href=\"http:\/\/jornadabc.mx\/tijuana\/17-05-2018\/buscan-fosas-clandestinas-en-ensenada\" rel=\"noopener\" target=\"_blank\">http:\/\/jornadabc.mx\/tijuana\/17-05-2018\/buscan-fosas-clandestinas-en-ensenada<\/a><\/p>\n","protected":false},"excerpt":{"rendered":"","protected":false},"author":2,"featured_media":23201,"comment_status":"closed","ping_status":"closed","sticky":false,"template":"","format":"standard","meta":{"ngg_post_thumbnail":0,"_jetpack_newsletter_access":"","_jetpack_dont_email_post_to_subs":false,"_jetpack_newsletter_tier_id":0,"_jetpack_memberships_contains_paywalled_content":false,"_jetpack_memberships_contains_paid_content":false,"footnotes":""},"categories":[5,80,87,1073,2],"tags":[121,772,856],"class_list":["post-23200","post","type-post","status-publish","format-standard","has-post-thumbnail","hentry","category-baja-california","category-cintillo","category-desaparecidos","category-protestas-contra-la-desaparicion-de-personas-en-baja-california","category-noticias-nacionales","tag-desaparecidos","tag-ensenada","tag-fosas-clandestinas","entry"],"jetpack_featured_media_url":"https:\/\/www.grieta.org.mx\/wp-content\/uploads\/2018\/05\/busqueda_de_restos.jpg","jetpack_sharing_enabled":true,"jetpack_shortlink":"https:\/\/wp.me\/p7ZJR4-62c","jetpack_likes_enabled":false,"jetpack-related-posts":[{"id":23197,"url":"https:\/\/www.grieta.org.mx\/index.php\/2018\/05\/17\/por-contaminacion-visual-ordenan-retirar-mantas-de-desaparecidos-en-ensenada-baja-california\/","url_meta":{"origin":23200,"position":0},"title":"Por &#8220;contaminaci\u00f3n visual&#8221;, ordenan retirar mantas de desaparecidos en Ensenada (Baja California)","author":"grieta","date":"17 mayo, 2018","format":false,"excerpt":"Por Redacci\u00f3n Ensenada, 17 de mayo.- Familiares de personas desaparecidas de Ensenada denunciaron que el alcalde, Marco Antonio Novelo, bajo el argumento de que son \"contaminaci\u00f3n visual\" y deben pagar por el espacio, orden\u00f3 retirar lonas con los rostros y datos de las v\u00edctimas que colocaron en puentes p\u00fablicos para\u2026","rel":"","context":"En &quot;Baja California&quot;","block_context":{"text":"Baja California","link":"https:\/\/www.grieta.org.mx\/index.php\/category\/noticias-nacionales\/baja-california\/"},"img":{"alt_text":"","src":"https:\/\/i0.wp.com\/www.grieta.org.mx\/wp-content\/uploads\/2018\/05\/mantas_0.png?resize=350%2C200&ssl=1","width":350,"height":200,"srcset":"https:\/\/i0.wp.com\/www.grieta.org.mx\/wp-content\/uploads\/2018\/05\/mantas_0.png?resize=350%2C200&ssl=1 1x, https:\/\/i0.wp.com\/www.grieta.org.mx\/wp-content\/uploads\/2018\/05\/mantas_0.png?resize=525%2C300&ssl=1 1.5x"},"classes":[]},{"id":25807,"url":"https:\/\/www.grieta.org.mx\/index.php\/2018\/08\/21\/hallan-muerto-a-raymundo-bautista-otro-desaparecido-en-ensenada-baja-california\/","url_meta":{"origin":23200,"position":1},"title":"Hallan muerto a Raymundo Bautista, otro desaparecido en Ensenada (Baja California)","author":"grieta","date":"21 agosto, 2018","format":false,"excerpt":"\u00a0 Lorena Lamas El cuerpo de Raymundo Bautista Morones, de 27 a\u00f1os de edad, fue entregado este martes a sus familiares tras casi un a\u00f1o de b\u00fasqueda en Ensenada. La \u00faltima vez que vieron a Raymundo fue la ma\u00f1ana del 8 de septiembre del 2017 cuando se encontraba junto con\u2026","rel":"","context":"En &quot;Baja California&quot;","block_context":{"text":"Baja California","link":"https:\/\/www.grieta.org.mx\/index.php\/category\/noticias-nacionales\/baja-california\/"},"img":{"alt_text":"","src":"https:\/\/i0.wp.com\/www.grieta.org.mx\/wp-content\/uploads\/2018\/08\/223EFF6D-7000-4F84-A899-9A527FD1E201-535x500.jpeg?resize=350%2C200&ssl=1","width":350,"height":200,"srcset":"https:\/\/i0.wp.com\/www.grieta.org.mx\/wp-content\/uploads\/2018\/08\/223EFF6D-7000-4F84-A899-9A527FD1E201-535x500.jpeg?resize=350%2C200&ssl=1 1x, https:\/\/i0.wp.com\/www.grieta.org.mx\/wp-content\/uploads\/2018\/08\/223EFF6D-7000-4F84-A899-9A527FD1E201-535x500.jpeg?resize=525%2C300&ssl=1 1.5x"},"classes":[]},{"id":54063,"url":"https:\/\/www.grieta.org.mx\/index.php\/2020\/10\/10\/familias-de-siguiendo-tus-pasos-localizan-restos-humanos-en-el-roble-ensenada-baja-california\/","url_meta":{"origin":23200,"position":2},"title":"Familias de Siguiendo tus pasos localizan restos humanos en El Roble, Ensenada (Baja California)","author":"grieta","date":"10 octubre, 2020","format":false,"excerpt":"Zeta Tijuana \/ Lorena Lamas. Ensenada.- Integrantes de la agrupaci\u00f3n Siguiendo tus pasos y agentes de la Fiscal\u00eda Especializada en Desapariciones, llevaron a cabo una prospecci\u00f3n en una fosa ubicada en las inmediaciones del fraccionamiento El Roble, en Ensenada, donde localizaron restos humanos. El hallazgo fue el viernes 9 de\u2026","rel":"","context":"En &quot;Baja California&quot;","block_context":{"text":"Baja California","link":"https:\/\/www.grieta.org.mx\/index.php\/category\/noticias-nacionales\/baja-california\/"},"img":{"alt_text":"","src":"https:\/\/i0.wp.com\/www.grieta.org.mx\/wp-content\/uploads\/2020\/10\/3-1.jpg?resize=350%2C200","width":350,"height":200,"srcset":"https:\/\/i0.wp.com\/www.grieta.org.mx\/wp-content\/uploads\/2020\/10\/3-1.jpg?resize=350%2C200 1x, https:\/\/i0.wp.com\/www.grieta.org.mx\/wp-content\/uploads\/2020\/10\/3-1.jpg?resize=525%2C300 1.5x, https:\/\/i0.wp.com\/www.grieta.org.mx\/wp-content\/uploads\/2020\/10\/3-1.jpg?resize=700%2C400 2x"},"classes":[]},{"id":65811,"url":"https:\/\/www.grieta.org.mx\/index.php\/2022\/11\/21\/exhuman-287-cuerpos-de-40-fosas-clandestinas-en-jalisco\/","url_meta":{"origin":23200,"position":3},"title":"Exhuman 287 cuerpos de 40 fosas clandestinas en Jalisco","author":"grieta","date":"21 noviembre, 2022","format":false,"excerpt":"Imagen: Lauro Rodr\u00edguez Redacci\u00f3n \/ El Diario NTR De enero a octubre, fueron exhumados 287 cuerpos de 40 fosas clandestinas, ubicadas en distintos municipios de Jalisco. Esta cifra supera a los cad\u00e1veres recuperados en 2021, cuando se exhumaron 279 cuerpos de 23 fosas clandestinas, de acuerdo con los datos de\u2026","rel":"","context":"En &quot;CINTILLO&quot;","block_context":{"text":"CINTILLO","link":"https:\/\/www.grieta.org.mx\/index.php\/category\/cintillo\/"},"img":{"alt_text":"","src":"https:\/\/i0.wp.com\/www.grieta.org.mx\/wp-content\/uploads\/2022\/11\/2022-11-21_12-11-46___719.jpg?resize=350%2C200&ssl=1","width":350,"height":200,"srcset":"https:\/\/i0.wp.com\/www.grieta.org.mx\/wp-content\/uploads\/2022\/11\/2022-11-21_12-11-46___719.jpg?resize=350%2C200&ssl=1 1x, https:\/\/i0.wp.com\/www.grieta.org.mx\/wp-content\/uploads\/2022\/11\/2022-11-21_12-11-46___719.jpg?resize=525%2C300&ssl=1 1.5x, https:\/\/i0.wp.com\/www.grieta.org.mx\/wp-content\/uploads\/2022\/11\/2022-11-21_12-11-46___719.jpg?resize=700%2C400&ssl=1 2x"},"classes":[]},{"id":33080,"url":"https:\/\/www.grieta.org.mx\/index.php\/2019\/04\/29\/familiares-de-desaparecidos-hallan-otras-dos-fosas-clandestinas-en-xalisco-nayarit\/","url_meta":{"origin":23200,"position":4},"title":"Familiares de desaparecidos hallan otras dos fosas clandestinas en Xalisco (Nayarit)","author":"grieta","date":"29 abril, 2019","format":false,"excerpt":"De 2017 a la fecha, en Nayarit han encontrado 20 fosas clandestinas con 109 restos humanos Redacci\u00f3n \/ Enfoque Informativo El vocero del\u00a0Colectivo Familias Unidas por Nayarit,\u00a0Santiago P\u00e9rez, inform\u00f3 que este lunes fueron localizadas\u00a0dos nuevas fosas clandestinas\u00a0en un predio ubicado en la localidad de\u00a0Trigomil, municipio de\u00a0Xalisco,\u00a0Nayarit, donde han iniciado los\u2026","rel":"","context":"En &quot;CINTILLO&quot;","block_context":{"text":"CINTILLO","link":"https:\/\/www.grieta.org.mx\/index.php\/category\/cintillo\/"},"img":{"alt_text":"","src":"https:\/\/i0.wp.com\/www.grieta.org.mx\/wp-content\/uploads\/2019\/05\/4.jpg?resize=350%2C200&ssl=1","width":350,"height":200,"srcset":"https:\/\/i0.wp.com\/www.grieta.org.mx\/wp-content\/uploads\/2019\/05\/4.jpg?resize=350%2C200&ssl=1 1x, https:\/\/i0.wp.com\/www.grieta.org.mx\/wp-content\/uploads\/2019\/05\/4.jpg?resize=525%2C300&ssl=1 1.5x"},"classes":[]},{"id":27822,"url":"https:\/\/www.grieta.org.mx\/index.php\/2018\/11\/12\/a-donde-van-los-desaparecidos-el-mapa-de-las-fosas-clandestinas-en-mexico\/","url_meta":{"origin":23200,"position":5},"title":"\u00bfA d\u00f3nde van los desaparecidos? El mapa de las fosas clandestinas en M\u00e9xico","author":"Admin","date":"12 noviembre, 2018","format":false,"excerpt":"Por Redacci\u00f3n, e-consulta Entre 2006 y 2016 en 24 de los estados de la rep\u00fablica se han hallado casi 2 mil fosas clandestinas en las que criminales enterraron personas. La plataforma \u201cA d\u00f3nde van los desaparecidos\u201d recoge y dimensiona la barbarie que desde hace doce a\u00f1os se vive en nuestro\u2026","rel":"","context":"En &quot;CINTILLO&quot;","block_context":{"text":"CINTILLO","link":"https:\/\/www.grieta.org.mx\/index.php\/category\/cintillo\/"},"img":{"alt_text":"","src":"https:\/\/i0.wp.com\/www.grieta.org.mx\/wp-content\/uploads\/2018\/12\/desapariciones_18.jpg?resize=350%2C200&ssl=1","width":350,"height":200,"srcset":"https:\/\/i0.wp.com\/www.grieta.org.mx\/wp-content\/uploads\/2018\/12\/desapariciones_18.jpg?resize=350%2C200&ssl=1 1x, https:\/\/i0.wp.com\/www.grieta.org.mx\/wp-content\/uploads\/2018\/12\/desapariciones_18.jpg?resize=525%2C300&ssl=1 1.5x"},"classes":[]}],"_links":{"self":[{"href":"https:\/\/www.grieta.org.mx\/index.php\/wp-json\/wp\/v2\/posts\/23200","targetHints":{"allow":["GET"]}}],"collection":[{"href":"https:\/\/www.grieta.org.mx\/index.php\/wp-json\/wp\/v2\/posts"}],"about":[{"href":"https:\/\/www.grieta.org.mx\/index.php\/wp-json\/wp\/v2\/types\/post"}],"author":[{"embeddable":true,"href":"https:\/\/www.grieta.org.mx\/index.php\/wp-json\/wp\/v2\/users\/2"}],"replies":[{"embeddable":true,"href":"https:\/\/www.grieta.org.mx\/index.php\/wp-json\/wp\/v2\/comments?post=23200"}],"version-history":[{"count":1,"href":"https:\/\/www.grieta.org.mx\/index.php\/wp-json\/wp\/v2\/posts\/23200\/revisions"}],"predecessor-version":[{"id":23202,"href":"https:\/\/www.grieta.org.mx\/index.php\/wp-json\/wp\/v2\/posts\/23200\/revisions\/23202"}],"wp:featuredmedia":[{"embeddable":true,"href":"https:\/\/www.grieta.org.mx\/index.php\/wp-json\/wp\/v2\/media\/23201"}],"wp:attachment":[{"href":"https:\/\/www.grieta.org.mx\/index.php\/wp-json\/wp\/v2\/media?parent=23200"}],"wp:term":[{"taxonomy":"category","embeddable":true,"href":"https:\/\/www.grieta.org.mx\/index.php\/wp-json\/wp\/v2\/categories?post=23200"},{"taxonomy":"post_tag","embeddable":true,"href":"https:\/\/www.grieta.org.mx\/index.php\/wp-json\/wp\/v2\/tags?post=23200"}],"curies":[{"name":"wp","href":"https:\/\/api.w.org\/{rel}","templated":true}]}}