{"id":23192,"date":"2018-05-10T15:00:57","date_gmt":"2018-05-10T20:00:57","guid":{"rendered":"http:\/\/www.grieta.org.mx\/?p=23192"},"modified":"2018-05-16T15:17:36","modified_gmt":"2018-05-16T20:17:36","slug":"vivos-se-los-llevaron-vivos-los-queremos-exigen-madres-de-desaparecidos-en-marcha-por-reforma","status":"publish","type":"post","link":"https:\/\/www.grieta.org.mx\/index.php\/2018\/05\/10\/vivos-se-los-llevaron-vivos-los-queremos-exigen-madres-de-desaparecidos-en-marcha-por-reforma\/","title":{"rendered":"\u201c\u00a1Vivos se los llevaron, vivos los queremos!\u201d, exigen madres de desaparecidos en marcha por Reforma"},"content":{"rendered":"<p><a href=\"http:\/\/https:\/\/youtu.be\/FGJUyKR3rcc\">http:\/\/https:\/\/youtu.be\/FGJUyKR3rcc<\/a><\/p>\n<p>Gloria Leticia D\u00edaz\/Proceso<\/p>\n<blockquote><p>CIUDAD DE M\u00c9XICO (apro).- Las escalinatas del \u00c1ngel de la Independencia se colmaron de pancartas con los rostros de personas desaparecidas, como ocurre cada 10 de mayo en la Ciudad de M\u00e9xico desde hace siete a\u00f1os, cuando las madres de los ausentes decidieron romper el silencio e irrumpir en las calles de esta capital para exigir la presentaci\u00f3n de sus hijos.<\/p><\/blockquote>\n<p>En esta ocasi\u00f3n, 29 de los 50 colectivos de familiares que integran el Movimiento por Nuestros Desaparecidos en M\u00e9xico lograron llegar a la Ciudad de M\u00e9xico, mientras que, de forma paralela, en las capitales de Coahuila, Chihuahua, Veracruz, Sinaloa, Tamaulipas, Zacatecas, Quer\u00e9taro, Monterrey, Sonora y Michoac\u00e1n, madres de hijos desaparecidos durante la \u201cguerra contra el narcotr\u00e1fico\u201d irrumpieron con el grito \u201c\u00a1Vivos se los llevaron, vivos los queremos!\u201d. Ese llamado reson\u00f3 por el Paseo de la Reforma este jueves.<\/p>\n<p><img decoding=\"async\" data-attachment-id=\"23194\" data-permalink=\"https:\/\/www.grieta.org.mx\/index.php\/2018\/05\/10\/vivos-se-los-llevaron-vivos-los-queremos-exigen-madres-de-desaparecidos-en-marcha-por-reforma\/marcha-madres-desaparecidos\/\" data-orig-file=\"https:\/\/www.grieta.org.mx\/wp-content\/uploads\/2018\/05\/marcha-madres-desaparecidos.jpg\" data-orig-size=\"1200,800\" data-comments-opened=\"0\" data-image-meta=\"{&quot;aperture&quot;:&quot;0&quot;,&quot;credit&quot;:&quot;&quot;,&quot;camera&quot;:&quot;&quot;,&quot;caption&quot;:&quot;&quot;,&quot;created_timestamp&quot;:&quot;0&quot;,&quot;copyright&quot;:&quot;&quot;,&quot;focal_length&quot;:&quot;0&quot;,&quot;iso&quot;:&quot;0&quot;,&quot;shutter_speed&quot;:&quot;0&quot;,&quot;title&quot;:&quot;&quot;,&quot;orientation&quot;:&quot;0&quot;}\" data-image-title=\"marcha-madres-desaparecidos\" data-image-description=\"\" data-image-caption=\"\" data-medium-file=\"https:\/\/www.grieta.org.mx\/wp-content\/uploads\/2018\/05\/marcha-madres-desaparecidos-300x200.jpg\" data-large-file=\"https:\/\/www.grieta.org.mx\/wp-content\/uploads\/2018\/05\/marcha-madres-desaparecidos-1024x683.jpg\" src=\"http:\/\/www.grieta.org.mx\/wp-content\/uploads\/2018\/05\/marcha-madres-desaparecidos.jpg\" alt=\"\" width=\"100%\" class=\"aligncenter size-full wp-image-23194\" srcset=\"https:\/\/www.grieta.org.mx\/wp-content\/uploads\/2018\/05\/marcha-madres-desaparecidos.jpg 1200w, https:\/\/www.grieta.org.mx\/wp-content\/uploads\/2018\/05\/marcha-madres-desaparecidos-300x200.jpg 300w, https:\/\/www.grieta.org.mx\/wp-content\/uploads\/2018\/05\/marcha-madres-desaparecidos-768x512.jpg 768w, https:\/\/www.grieta.org.mx\/wp-content\/uploads\/2018\/05\/marcha-madres-desaparecidos-1024x683.jpg 1024w, https:\/\/www.grieta.org.mx\/wp-content\/uploads\/2018\/05\/marcha-madres-desaparecidos-750x500.jpg 750w\" sizes=\"(max-width: 1200px) 100vw, 1200px\" \/><\/p>\n<p>Con la noticia de que, al menos dos contingentes, de Chihuahua y Quer\u00e9taro se quedaron a mitad del camino debido a un accidente vehicular en la \u00faltima entidad, las madres \u2013acompa\u00f1adas por decenas de ni\u00f1os que repart\u00edan volantes con las im\u00e1genes de sus padres o hermanos\u2013 salieron temprano del punto de encuentro, la explanada en la que alguna vez estuvo el Monumento a la Madre.<\/p>\n<p>Bajo el candente sol, llegaron al s\u00edmbolo del centenario de la Independencia de M\u00e9xico para exigir la participaci\u00f3n efectiva de las familias en las instancias creadas a partir de la Ley General en Materia de Desaparici\u00f3n Forzada de Personas y por Particulares.<\/p>\n<p>En voz de Diana Moreno, las madres del Movimiento sostuvieron que, contrario a las cifras oficiales, en M\u00e9xico habr\u00eda 200 mil personas desaparecidas \u2013hombres, mujeres y ni\u00f1os\u2013, que son negadas por el Estado mexicano.<\/p>\n<p>Al se\u00f1alar que a los familiares de v\u00edctimas se les ve \u201ccomo el enemigo a eliminar\u201d, reprocharon los embates a organismos que han respaldado a quienes buscan a sus seres queridos, como recientemente ha ocurrido con la Oficina del Alto Comisionado de Naciones Unidas para los Derechos Humanos (OACNUDH) y de manera particular al titular, Jan Jarab.<\/p>\n<p>Presente en el evento, el funcionario recibi\u00f3 el reconocimiento de las madres de desaparecidos por decir \u201cla verdad de lo que ocurre en M\u00e9xico en la justa dimensi\u00f3n de la emergencia nacional\u201d.<\/p>\n<p>Cinco puntos<\/p>\n<p>Con la presencia de personajes como el obispo de Saltillo, Ra\u00fal Vera, Santiago Corcuera y Alex Nieve, director de Amnist\u00eda Internacional de Canad\u00e1, las denunciantes posicionaron cinco puntos para atender la crisis humanitaria.<\/p>\n<p>En apego a su lema de \u201cSin las familias no\u201d, exigieron su \u201cparticipaci\u00f3n real y activa\u201d en las comisiones y fiscal\u00edas especializadas, nacionales y locales de b\u00fasqueda; y la promulgaci\u00f3n de la Ley Federal de Declaraci\u00f3n Especial de Ausencia para Personas Desaparecidas para que \u201cse reconozca, proteja y garantice la presunci\u00f3n de vida, la personalidad jur\u00eddica y los derechos de las personas desaparecidas\u201d.<\/p>\n<p>Tambi\u00e9n demandaron la reforma constitucional al art\u00edculo 102 que garantice una fiscal\u00eda general aut\u00f3noma, en tanto que llamaron a los ministros de la Suprema Corte de Justicia de la Naci\u00f3n (SCJN) a declarar inconstitucional la Ley de Seguridad Interior (LSI).<\/p>\n<p>Asimismo, solicitaron \u201crespeto por el trabajo de la ONU-DH, que se dedica a la defensa y promoci\u00f3n de los derechos humanos en M\u00e9xico, siempre estando de lado de la verdad y la justicia\u201d.<\/p>\n<p>En su participaci\u00f3n, Jan Jarab expres\u00f3 su solidaridad con las madres y coincidi\u00f3 que \u201cning\u00fan familiar deber\u00eda estar aqu\u00ed\u201d, por un motivo tan doloroso. Dijo que \u201cestos retratos, estos rostros que podemos ver, hablan de una enorme tragedia humana\u201d.<\/p>\n<p>Tras reconocer el papel que las madres de los desaparecidos han jugado en las reformas legislativas, destac\u00f3 que ese es un primer paso y se comprometi\u00f3 a que la ONU-DH seguir\u00e1 trabajando al lado de ellas \u201cdesde todas sus capacidades, en la b\u00fasqueda y para que ni una madre m\u00e1s ni una sola familia deba pasar por este terrible dolor\u201d.<\/p>\n<p>El director de Amnist\u00eda Internacional-Canad\u00e1 entreg\u00f3 a las madres de los desaparecidos mariposas con mensajes de miles de sus agremiados en el pa\u00eds del norte. Inform\u00f3 que este d\u00eda en las ciudades Vancouver, Toronto, Ottawa y Qu\u00e9bec se realizaron marchas de solidaridad.<\/p>\n<p>En la marcha participaron madres de distintos colectivos, entre ellas Hilda Hern\u00e1ndez, madre de C\u00e9sar Manuel Gonz\u00e1lez Hern\u00e1ndez, uno de los 43 normalistas desaparecidos en septiembre de 2014, quien recrimin\u00f3 \u201cla mentira\u201d con que se ha conducido el gobierno mexicano, no solo en el caso de los 43, sino de los miles de desaparecidos que hay en el pa\u00eds.<\/p>\n<p>Yolanda Mor\u00e1n reproch\u00f3 al presidente Enrique Pe\u00f1a Nieto que no haya \u201ccorregido la estrategia fallida de su antecesor Felipe Calder\u00f3n, incrementando las cifras del horror, superando a su antecesor\u201d. Incluso, dijo que podr\u00eda cerrar su administraci\u00f3n con 50 mil desaparecidos.<\/p>\n<p>\u201cNo hay duda que ambos (Calder\u00f3n y Pe\u00f1a Nieto) tienen responsabilidad pol\u00edtica. Y paz no tendr\u00e1n, les seguir\u00e1 la mancha de la impunidad y la corrupci\u00f3n\u201d, sentenci\u00f3 la madre de Dan Jeremeel Fern\u00e1ndez, desaparecido por el Ej\u00e9rcito en 2008.<\/p>\n<p> <a href=\"https:\/\/www.proceso.com.mx\/533736\/vivos-se-los-llevaron-vivos-los-queremos-exigen-madres-de-desaparecidos-en-marcha-por-reforma\">https:\/\/www.proceso.com.mx\/533736\/vivos-se-los-llevaron-vivos-los-queremos-exigen-madres-de-desaparecidos-en-marcha-por-reforma<\/a><\/p>\n","protected":false},"excerpt":{"rendered":"<p>Gloria Leticia D\u00edaz\/Proceso CIUDAD DE M\u00c9XICO (apro).- Las escalinatas del \u00c1ngel de la Independencia se colmaron de pancartas con los rostros de personas desaparecidas, como ocurre cada 10 de mayo &hellip; <a href=\"https:\/\/www.grieta.org.mx\/index.php\/2018\/05\/10\/vivos-se-los-llevaron-vivos-los-queremos-exigen-madres-de-desaparecidos-en-marcha-por-reforma\/\" class=\"more-link\">Leer m\u00e1s<\/a><\/p>\n","protected":false},"author":2,"featured_media":23194,"comment_status":"closed","ping_status":"closed","sticky":false,"template":"","format":"standard","meta":{"ngg_post_thumbnail":0,"_jetpack_newsletter_access":"","_jetpack_dont_email_post_to_subs":false,"_jetpack_newsletter_tier_id":0,"_jetpack_memberships_contains_paywalled_content":false,"_jetpack_memberships_contains_paid_content":false,"footnotes":""},"categories":[14,87,1156,2,83],"tags":[260,1074],"class_list":["post-23192","post","type-post","status-publish","format-standard","has-post-thumbnail","hentry","category-ciudad-de-mexico","category-desaparecidos","category-desapariciones-forzadas-en-la-ciudad-de-mexico","category-noticias-nacionales","category-temas-nacionales","tag-desaparicion-forzada","tag-protestas-contra-la-desaparicion-de-personas","entry"],"jetpack_featured_media_url":"https:\/\/www.grieta.org.mx\/wp-content\/uploads\/2018\/05\/marcha-madres-desaparecidos.jpg","jetpack_sharing_enabled":true,"jetpack_shortlink":"https:\/\/wp.me\/p7ZJR4-624","jetpack_likes_enabled":false,"jetpack-related-posts":[{"id":49000,"url":"https:\/\/www.grieta.org.mx\/index.php\/2020\/05\/11\/con-marcha-virtual-y-en-cdmx-madres-protestaron-por-sus-desaparecidos-este-10-de-mayo\/","url_meta":{"origin":23192,"position":0},"title":"Con marcha virtual y en CDMX, madres protestaron por sus desaparecidos este 10 de mayo","author":"grieta","date":"11 mayo, 2020","format":false,"excerpt":"Imagen tomada de: lostubos.com Los Tubos Este 10 de mayo, un grupo de madres march\u00f3 del Monumento a la Madre al \u00c1ngel de la Independencia en la Ciudad de M\u00e9xico para exigir la b\u00fasqueda de sus hijas e hijos desaparecidos, a pesar de las recomendaciones para quedarse en casa en\u2026","rel":"","context":"En &quot;CINTILLO&quot;","block_context":{"text":"CINTILLO","link":"https:\/\/www.grieta.org.mx\/index.php\/category\/cintillo\/"},"img":{"alt_text":"","src":"https:\/\/i0.wp.com\/www.grieta.org.mx\/wp-content\/uploads\/2020\/05\/Con-marcha-virtual-y-en-CDMX-madres-protestaron-por-sus-desaparecidos-este-10-de-mayo-cdmx-may.jpg?resize=350%2C200&ssl=1","width":350,"height":200,"srcset":"https:\/\/i0.wp.com\/www.grieta.org.mx\/wp-content\/uploads\/2020\/05\/Con-marcha-virtual-y-en-CDMX-madres-protestaron-por-sus-desaparecidos-este-10-de-mayo-cdmx-may.jpg?resize=350%2C200&ssl=1 1x, https:\/\/i0.wp.com\/www.grieta.org.mx\/wp-content\/uploads\/2020\/05\/Con-marcha-virtual-y-en-CDMX-madres-protestaron-por-sus-desaparecidos-este-10-de-mayo-cdmx-may.jpg?resize=525%2C300&ssl=1 1.5x, https:\/\/i0.wp.com\/www.grieta.org.mx\/wp-content\/uploads\/2020\/05\/Con-marcha-virtual-y-en-CDMX-madres-protestaron-por-sus-desaparecidos-este-10-de-mayo-cdmx-may.jpg?resize=700%2C400&ssl=1 2x"},"classes":[]},{"id":70482,"url":"https:\/\/www.grieta.org.mx\/index.php\/2024\/11\/13\/cancun-no-es-un-paraiso-es-un-infierno-donde-desaparecen-a-nuestros-hijos-e-hijas-llevan-madres-buscadoras-por-quintana-roo-demandas-al-zocalo-de-la-ciudad-de-mexico\/","url_meta":{"origin":23192,"position":1},"title":"&#8220;Canc\u00fan no es un para\u00edso, es un infierno donde desaparecen a nuestros hijos e hijas&#8221; Llevan \u2018Madres Buscadoras por Quintana Roo\u2019 demandas al Z\u00f3calo de la Ciudad de M\u00e9xico","author":"grieta","date":"13 noviembre, 2024","format":false,"excerpt":"CIUDAD DE M\u00c9XICO, MX.- Representantes del colectivo \u201cMadres Buscadoras por Quintana Roo\u201d acudieron este d\u00eda a la Ciudad de M\u00e9xico para participar en las manifestaciones que se realizan por la Convenci\u00f3n Nacional Activista. Los integrantes del colectivo expusieron en el Z\u00f3calo capitalino la situaci\u00f3n que se vive en Quintana Roo\u2026","rel":"","context":"En &quot;acciones por desaparecidos&quot;","block_context":{"text":"acciones por desaparecidos","link":"https:\/\/www.grieta.org.mx\/index.php\/category\/noticias-nacionales\/quintana-roo\/acciones-por-desaparecidos\/"},"img":{"alt_text":"","src":"https:\/\/i0.wp.com\/www.grieta.org.mx\/wp-content\/uploads\/2024\/11\/Infierno-e1731970401834.jpg?resize=350%2C200&ssl=1","width":350,"height":200,"srcset":"https:\/\/i0.wp.com\/www.grieta.org.mx\/wp-content\/uploads\/2024\/11\/Infierno-e1731970401834.jpg?resize=350%2C200&ssl=1 1x, https:\/\/i0.wp.com\/www.grieta.org.mx\/wp-content\/uploads\/2024\/11\/Infierno-e1731970401834.jpg?resize=525%2C300&ssl=1 1.5x, https:\/\/i0.wp.com\/www.grieta.org.mx\/wp-content\/uploads\/2024\/11\/Infierno-e1731970401834.jpg?resize=700%2C400&ssl=1 2x"},"classes":[]},{"id":12123,"url":"https:\/\/www.grieta.org.mx\/index.php\/2016\/07\/24\/movilizaciones-en-la-ciudad-de-mexico-por-desaparecidos\/","url_meta":{"origin":23192,"position":2},"title":"Movilizaciones y actividades en la Ciudad de M\u00e9xico por desaparecidos","author":"grieta","date":"24 julio, 2016","format":false,"excerpt":"21\/07\/16. Mantienen plant\u00f3n y huelga de hambre en ReformaLa Capital 20\/07\/16. Madres de desaparecidos bloquean ReformaEl Universal 20\/05\/16. M\u00e1s de 16 estudiantes de la UNAM han sido desaparecidos o asesinados; los casos no pueden ser arrastrados al olvidoRevoluci\u00f3n tres punto cero 10\/05\/16. Madres de desaparecidos, en un grito desesperado; piden\u2026","rel":"","context":"En &quot;Ciudad de M\u00e9xico&quot;","block_context":{"text":"Ciudad de M\u00e9xico","link":"https:\/\/www.grieta.org.mx\/index.php\/category\/noticias-nacionales\/ciudad-de-mexico\/"},"img":{"alt_text":"","src":"https:\/\/i0.wp.com\/www.grieta.org.mx\/wp-content\/uploads\/2018\/03\/14524434_1106112876131411_958039263622046936_o.jpg?resize=350%2C200&ssl=1","width":350,"height":200,"srcset":"https:\/\/i0.wp.com\/www.grieta.org.mx\/wp-content\/uploads\/2018\/03\/14524434_1106112876131411_958039263622046936_o.jpg?resize=350%2C200&ssl=1 1x, https:\/\/i0.wp.com\/www.grieta.org.mx\/wp-content\/uploads\/2018\/03\/14524434_1106112876131411_958039263622046936_o.jpg?resize=525%2C300&ssl=1 1.5x, https:\/\/i0.wp.com\/www.grieta.org.mx\/wp-content\/uploads\/2018\/03\/14524434_1106112876131411_958039263622046936_o.jpg?resize=700%2C400&ssl=1 2x"},"classes":[]},{"id":71859,"url":"https:\/\/www.grieta.org.mx\/index.php\/2025\/06\/27\/vivos-se-los-llevaron-vivos-los-queremos-a-129-meses-madres-y-padres-de-los-43-exigen-verdad-y-justicia\/","url_meta":{"origin":23192,"position":3},"title":"\u201cVivos se los llevaron, vivos los queremos\u201d: a 129 meses, madres y padres de los 43 exigen verdad y justicia","author":"grieta","date":"27 junio, 2025","format":false,"excerpt":"Mauricio Tizap\u00e1n \/ Somos el medio Bajo la lluvia, familiares de los 43 estudiantes de Ayotzinapa marcharon en la Ciudad de M\u00e9xico para exigir la presentaci\u00f3n con vida de sus hijos, denunciar el ocultamiento de la verdad por parte del gobierno federal y reafirmar que no dejar\u00e1n de luchar hasta\u2026","rel":"","context":"En &quot;Caso Ayotzinapa&quot;","block_context":{"text":"Caso Ayotzinapa","link":"https:\/\/www.grieta.org.mx\/index.php\/category\/noticias-nacionales\/guerrero\/caso-ayotzinapa\/"},"img":{"alt_text":"","src":"https:\/\/i0.wp.com\/www.grieta.org.mx\/wp-content\/uploads\/2025\/06\/Captura-de-pantalla-2025-06-27-225107.png?resize=350%2C200&ssl=1","width":350,"height":200},"classes":[]},{"id":33370,"url":"https:\/\/www.grieta.org.mx\/index.php\/2019\/05\/11\/retumba-en-tamaulipas-y-en-todo-mexico-el-clamor-de-las-madres-que-buscan-a-sus-hijos\/","url_meta":{"origin":23192,"position":4},"title":"Retumba en Tamaulipas y en todo M\u00e9xico el clamor de las madres que buscan a sus hijos","author":"grieta","date":"11 mayo, 2019","format":false,"excerpt":"Gaceta Ciudad de M\u00e9xico.- Miles de madres de v\u00edctimas de desaparici\u00f3n forzada se reunieron este viernes las calles de esta ciudad y de varios estados del pa\u00eds para exigir que las autoridades act\u00faen para encontrar a sus seres queridos y sancionen a los responsables de estos delitos, pues de lo\u2026","rel":"","context":"En &quot;CINTILLO&quot;","block_context":{"text":"CINTILLO","link":"https:\/\/www.grieta.org.mx\/index.php\/category\/cintillo\/"},"img":{"alt_text":"","src":"https:\/\/i0.wp.com\/www.grieta.org.mx\/wp-content\/uploads\/2019\/05\/Retumba-en-Tamaulipas-y-en-todo-M%C3%A9xico-el-clamor-de-las-madres-que-buscan-a-sus-hijos-tama-may.jpg?resize=350%2C200","width":350,"height":200},"classes":[]},{"id":68891,"url":"https:\/\/www.grieta.org.mx\/index.php\/2024\/05\/10\/realizan-velada-en-el-monumento-a-la-madre-para-honrar-a-madres-y-familias-fallecidas-sin-encontrar-a-sus-desaparecidos-cdmx\/","url_meta":{"origin":23192,"position":5},"title":"Realizan velada en el Monumento a la Madre para honrar a madres y familias fallecidas sin encontrar a sus desaparecidos (CDMX)","author":"grieta","date":"10 mayo, 2024","format":false,"excerpt":"Imagen: Astrid Salgado En conmemoraci\u00f3n a la memoria de las madres y familias que han fallecido sin poder encontrar a sus seres queridos, colectivos de madres buscadoras realizaron una velada para recordarlos. Astrid Salgado \/ Somos el Medio Ciudad de M\u00e9xico 9 de mayo del 2024. En el\u00a0Monumento a la\u2026","rel":"","context":"En &quot;CINTILLO&quot;","block_context":{"text":"CINTILLO","link":"https:\/\/www.grieta.org.mx\/index.php\/category\/cintillo\/"},"img":{"alt_text":"","src":"https:\/\/i0.wp.com\/www.grieta.org.mx\/wp-content\/uploads\/2024\/05\/1715319697055.jpg?resize=350%2C200&ssl=1","width":350,"height":200,"srcset":"https:\/\/i0.wp.com\/www.grieta.org.mx\/wp-content\/uploads\/2024\/05\/1715319697055.jpg?resize=350%2C200&ssl=1 1x, https:\/\/i0.wp.com\/www.grieta.org.mx\/wp-content\/uploads\/2024\/05\/1715319697055.jpg?resize=525%2C300&ssl=1 1.5x, https:\/\/i0.wp.com\/www.grieta.org.mx\/wp-content\/uploads\/2024\/05\/1715319697055.jpg?resize=700%2C400&ssl=1 2x, https:\/\/i0.wp.com\/www.grieta.org.mx\/wp-content\/uploads\/2024\/05\/1715319697055.jpg?resize=1050%2C600&ssl=1 3x, https:\/\/i0.wp.com\/www.grieta.org.mx\/wp-content\/uploads\/2024\/05\/1715319697055.jpg?resize=1400%2C800&ssl=1 4x"},"classes":[]}],"_links":{"self":[{"href":"https:\/\/www.grieta.org.mx\/index.php\/wp-json\/wp\/v2\/posts\/23192","targetHints":{"allow":["GET"]}}],"collection":[{"href":"https:\/\/www.grieta.org.mx\/index.php\/wp-json\/wp\/v2\/posts"}],"about":[{"href":"https:\/\/www.grieta.org.mx\/index.php\/wp-json\/wp\/v2\/types\/post"}],"author":[{"embeddable":true,"href":"https:\/\/www.grieta.org.mx\/index.php\/wp-json\/wp\/v2\/users\/2"}],"replies":[{"embeddable":true,"href":"https:\/\/www.grieta.org.mx\/index.php\/wp-json\/wp\/v2\/comments?post=23192"}],"version-history":[{"count":1,"href":"https:\/\/www.grieta.org.mx\/index.php\/wp-json\/wp\/v2\/posts\/23192\/revisions"}],"predecessor-version":[{"id":23196,"href":"https:\/\/www.grieta.org.mx\/index.php\/wp-json\/wp\/v2\/posts\/23192\/revisions\/23196"}],"wp:featuredmedia":[{"embeddable":true,"href":"https:\/\/www.grieta.org.mx\/index.php\/wp-json\/wp\/v2\/media\/23194"}],"wp:attachment":[{"href":"https:\/\/www.grieta.org.mx\/index.php\/wp-json\/wp\/v2\/media?parent=23192"}],"wp:term":[{"taxonomy":"category","embeddable":true,"href":"https:\/\/www.grieta.org.mx\/index.php\/wp-json\/wp\/v2\/categories?post=23192"},{"taxonomy":"post_tag","embeddable":true,"href":"https:\/\/www.grieta.org.mx\/index.php\/wp-json\/wp\/v2\/tags?post=23192"}],"curies":[{"name":"wp","href":"https:\/\/api.w.org\/{rel}","templated":true}]}}