{"id":23174,"date":"2018-05-15T14:00:29","date_gmt":"2018-05-15T19:00:29","guid":{"rendered":"http:\/\/www.grieta.org.mx\/?p=23174"},"modified":"2018-05-16T14:19:28","modified_gmt":"2018-05-16T19:19:28","slug":"por-que-una-cervecera-de-eu-se-toma-la-poca-agua-que-queda-en-mexicali-que-diga-conagua-inai-baja-california","status":"publish","type":"post","link":"https:\/\/www.grieta.org.mx\/index.php\/2018\/05\/15\/por-que-una-cervecera-de-eu-se-toma-la-poca-agua-que-queda-en-mexicali-que-diga-conagua-inai-baja-california\/","title":{"rendered":"\u00bfPor qu\u00e9 una cervecera de EU se toma la poca agua que queda en Mexicali? Que diga Conagua: INAI (Baja California)"},"content":{"rendered":"<p><img decoding=\"async\" data-attachment-id=\"23175\" data-permalink=\"https:\/\/www.grieta.org.mx\/index.php\/2018\/05\/15\/por-que-una-cervecera-de-eu-se-toma-la-poca-agua-que-queda-en-mexicali-que-diga-conagua-inai-baja-california\/leon-fierro-preso-1100\/\" data-orig-file=\"https:\/\/www.grieta.org.mx\/wp-content\/uploads\/2018\/05\/leon-fierro-preso-1100.jpg\" data-orig-size=\"1100,580\" data-comments-opened=\"0\" data-image-meta=\"{&quot;aperture&quot;:&quot;0&quot;,&quot;credit&quot;:&quot;&quot;,&quot;camera&quot;:&quot;&quot;,&quot;caption&quot;:&quot;&quot;,&quot;created_timestamp&quot;:&quot;0&quot;,&quot;copyright&quot;:&quot;&quot;,&quot;focal_length&quot;:&quot;0&quot;,&quot;iso&quot;:&quot;0&quot;,&quot;shutter_speed&quot;:&quot;0&quot;,&quot;title&quot;:&quot;&quot;,&quot;orientation&quot;:&quot;0&quot;}\" data-image-title=\"leon-fierro-preso-1100\" data-image-description=\"\" data-image-caption=\"\" data-medium-file=\"https:\/\/www.grieta.org.mx\/wp-content\/uploads\/2018\/05\/leon-fierro-preso-1100-300x158.jpg\" data-large-file=\"https:\/\/www.grieta.org.mx\/wp-content\/uploads\/2018\/05\/leon-fierro-preso-1100-1024x540.jpg\" src=\"http:\/\/www.grieta.org.mx\/wp-content\/uploads\/2018\/05\/leon-fierro-preso-1100.jpg\" alt=\"\" width=\"100%\" class=\"aligncenter size-full wp-image-23175\" srcset=\"https:\/\/www.grieta.org.mx\/wp-content\/uploads\/2018\/05\/leon-fierro-preso-1100.jpg 1100w, https:\/\/www.grieta.org.mx\/wp-content\/uploads\/2018\/05\/leon-fierro-preso-1100-300x158.jpg 300w, https:\/\/www.grieta.org.mx\/wp-content\/uploads\/2018\/05\/leon-fierro-preso-1100-768x405.jpg 768w, https:\/\/www.grieta.org.mx\/wp-content\/uploads\/2018\/05\/leon-fierro-preso-1100-1024x540.jpg 1024w, https:\/\/www.grieta.org.mx\/wp-content\/uploads\/2018\/05\/leon-fierro-preso-1100-948x500.jpg 948w\" sizes=\"(max-width: 1100px) 100vw, 1100px\" \/><\/p>\n<p>Por Redacci\u00f3n<\/p>\n<blockquote><p>El INAI instruy\u00f3 a la Comisi\u00f3n Nacional del Agua a que informe si la instalaci\u00f3n de la planta cervecera Constellation Brands en Mexicali, Baja California, cuenta con los permisos, manifestaciones de impacto ambiental o cualquier expresi\u00f3n documental que avalen la explotaci\u00f3n del agua en la zona, pues todos los municipios del estado presentan una clasificaci\u00f3n de sequ\u00eda.<\/p>\n<p>Organizados en concentraciones y marchas, agricultores y activistas llevan desde febrero del a\u00f1o pasado denunciando la corrupci\u00f3n del Gobierno de Baja California y el \u201cdespojo\u201d que se avecina con la puesta en marcha de la cervecera estadounidense en esta regi\u00f3n caracterizada por la sequ\u00eda, el calor extremo y los escasos recursos h\u00eddricos.<\/p>\n<p>La semana pasada, Le\u00f3n Fierro Res\u00e9ndiz, activista del colectivo Mexicali Resiste, fue vinculado a proceso por el delito de lesiones calificadas. Cinco elementos de la Polic\u00eda Estatal Preventiva lo acusaron de intentar asesinar a uno de ellos durante una protesta por la defensa del agua ocurrida el 16 de enero pasado.<\/p><\/blockquote>\n<p>Ciudad de M\u00e9xico, 15 de mayo (SinEmbargo).\u2013 La Comisi\u00f3n Nacional del Agua (Conagua) deber\u00e1 informar si la instalaci\u00f3n de la planta cervecera Constellation Brands en Mexicali, Baja California, cuenta con los permisos, manifestaciones de impacto ambiental o cualquier expresi\u00f3n documental que avalen la explotaci\u00f3n del agua en la zona, orden\u00f3 hoy el Instituto Nacional de Transparencia, Acceso a la Informaci\u00f3n y Protecci\u00f3n de Datos Personales (INAI).<\/p>\n<p>Tambi\u00e9n deber\u00e1 ofrecer los doucmentos sobre la construcci\u00f3n del Acueducto Ejido Villa Hermosa, ubicado en Mexicali.<\/p>\n<blockquote><p>Constellation Brands, una de las cerveceras m\u00e1s grandes del mundo, ha comenzado la construcci\u00f3n de una planta en Baja California que amenaza con agravar los problemas de suministro de agua en ciudades y zonas rurales.<\/p><\/blockquote>\n<p>Organizados en concentraciones y marchas, agricultores y activistas llevan desde febrero del a\u00f1o pasado denunciando la corrupci\u00f3n del Gobierno de Baja California y el \u201cdespojo\u201d que se avecina con la puesta en marcha de la cervecera en esta regi\u00f3n caracterizada por la sequ\u00eda, el calor extremo y los escasos recursos h\u00eddricos.<\/p>\n<blockquote><p>Apenas la semana pasada, Le\u00f3n Fierro Res\u00e9ndiz, activista del colectivo Mexicali Resiste, fue vinculado a proceso por el delito de lesiones calificadas. Cinco elementos de la Polic\u00eda Estatal Preventiva lo acusaron de intentar asesinar a uno de ellos durante una protesta por la defensa del agua ocurrida el 16 de enero pasado, en la que varios activistas resultaron heridos.<\/p><\/blockquote>\n<p>Hoy, el comisionado Joel Salas Su\u00e1rez manifest\u00f3 que, de acuerdo con el Reporte de Monitor de Sequ\u00eda, de la propia Conagua, todos los municipios de Baja California presentan una clasificaci\u00f3n de sequ\u00eda, que va de normalmente seco a sequ\u00eda extrema.<\/p>\n<blockquote><p>\u201cSin embargo, la planta cervecera consumir\u00eda alrededor de 20 millones de metros c\u00fabicos anuales, lo que equivale al consumo de agua de una ciudad de 750 mil habitantes. Aunado a ello, en 2017, el gobierno estatal dio a conocer la construcci\u00f3n de un acueducto de 47 kil\u00f3metros, para llevar agua del R\u00edo Colorado hasta el sur de Mexicali y abastecer la nueva planta\u201d, expuso.<\/p><\/blockquote>\n<p>Salas Su\u00e1rez dijo que transparentar la informaci\u00f3n sobre este tema, ayudar\u00e1 a la Conagua y al resto de las autoridades involucradas, federales y estatales, a demostrar si estas obras toman en cuenta los posibles efectos en la explotaci\u00f3n de los recursos h\u00eddricos de la zona y vigilar el uso de los recursos p\u00fablicos.<\/p>\n<blockquote><p>\u201cEn otras palabras, les ayudar\u00e1 a demostrar si el planteamiento y construcci\u00f3n del proyecto, equilibra la derrama de beneficios sociales y econ\u00f3micos para la poblaci\u00f3n, y el mantenimiento en beneficio del medio ambiente. Hacer p\u00fablica esta informaci\u00f3n, permitir\u00e1 a la Conagua refrendar su compromiso con la transparencia y comprobar que vela por una cobertura de servicios de agua potable, bajo un esquema sostenible para todos los mexicanos\u201d, concluy\u00f3.<\/p><\/blockquote>\n<p>Con la nueva planta de Mexicali, la cervecera estadounidense pretende exportar 10 millones de hectolitros de bebidas alcoh\u00f3licas anuales m\u00e1s y liderar el mercado. Sin embargo, necesitar\u00e1 20 mil millones de litros de agua para ello: el equivalente al consumo de una ciudad de unos 750 mil habitantes.<\/p>\n<blockquote><p>El principal atractivo para la instalaci\u00f3n de esta industria en un lugar en el que el agua escasea es su cercan\u00eda a California y las ventajas del Tratado de Libre Comercio de Am\u00e9rica del Norte (TLCAN), que permite la exportaci\u00f3n a trav\u00e9s de la frontera sin aranceles as\u00ed como una producci\u00f3n a bajo coste gracias a la barata mano de obra mexicana.<\/p><\/blockquote>\n<p>ACTIVISTA DETENIDO<\/p>\n<p>Le\u00f3n Fierro Res\u00e9ndiz, defensor del derecho humano al agua e integrante del Movimiento Mexicali Resiste, fue detenido el pasado 3 de mayo por polic\u00edas ministeriales de manera arbitraria, luego de que dejara a su hijo en una secundaria.<\/p>\n<blockquote><p>Fierro Res\u00e9ndiz ha participado activamente en las protestas que el Movimiento Mexicali Resiste encabeza en contra de la cervecera Constellation Brands, a la que acusan de quitar el agua a los habitantes de las comunidades de Mexicali y su comarca.<\/p><\/blockquote>\n<p>Tambi\u00e9n se ha manifestado en contra del gobierno de Baja California, encabezado por el panista Francisco Vega de Lamadrid, a quien los activistas acusan de privatizar el agua y beneficiar a empresas como la cervecera.<\/p>\n<p>Mexicali dijo NO a Constellation Brands y al robo del agua, y aun as\u00ed ya construye su cervecera<\/p>\n<p>De acuerdo con testimonios de sus familiares, la captura se realiz\u00f3 en un auto, acompa\u00f1ado de otros cuatro veh\u00edculos, sin insignias visibles que permitieran identificar si se trataba de un veh\u00edculo oficial.<\/p>\n<p>El pasado 9 de mayo fue vinculado a proceso por el delito de lesiones calificadas y permanecer\u00e1 en prisi\u00f3n preventiva, decisi\u00f3n que fue considerada por la defensa como una acci\u00f3n pol\u00edtica.<\/p>\n<blockquote><p>Ayer, activistas y estudiantes realizaron una jornada nacional e internacional, a fin de exigir el cese de la persecuci\u00f3n pol\u00edtica contra defensores del agua y demandar la inmediata liberaci\u00f3n de Le\u00f3n Fierro. Defensores y ciudadanos se sumaron desde la Ciudad de M\u00e9xico, Baja California, Tijuana, Seattle, la ciudad m\u00e1s grande de Washington, en el noroeste de Estados Unidos, entre otros sitios.<\/p><\/blockquote>\n<p>Adem\u00e1s, el fin de semana, a trav\u00e9s de la plataforma Change, Mexicali Resiste lanz\u00f3 la petici\u00f3n \u201c\u00a1Liberaci\u00f3n inmediata a Le\u00f3n Fierro! Preso pol\u00edtico en B.C. por defender el agua\u201d y hasta el cierre de esta edici\u00f3n ha recabado cerca de 5 mil firmas.<\/p>\n<p><a href=\"http:\/\/www.sinembargo.mx\/15-05-2018\/3418372\" rel=\"noopener\" target=\"_blank\">http:\/\/www.sinembargo.mx\/15-05-2018\/3418372<\/a><\/p>\n","protected":false},"excerpt":{"rendered":"<p>Por Redacci\u00f3n El INAI instruy\u00f3 a la Comisi\u00f3n Nacional del Agua a que informe si la instalaci\u00f3n de la planta cervecera Constellation Brands en Mexicali, Baja California, cuenta con los &hellip; <a href=\"https:\/\/www.grieta.org.mx\/index.php\/2018\/05\/15\/por-que-una-cervecera-de-eu-se-toma-la-poca-agua-que-queda-en-mexicali-que-diga-conagua-inai-baja-california\/\" class=\"more-link\">Leer m\u00e1s<\/a><\/p>\n","protected":false},"author":2,"featured_media":23175,"comment_status":"closed","ping_status":"closed","sticky":false,"template":"","format":"standard","meta":{"ngg_post_thumbnail":0,"_jetpack_newsletter_access":"","_jetpack_dont_email_post_to_subs":false,"_jetpack_newsletter_tier_id":0,"_jetpack_memberships_contains_paywalled_content":false,"_jetpack_memberships_contains_paid_content":false,"footnotes":""},"categories":[5,80,914,1052,2,83],"tags":[888,1209,1238,1053,131,764],"class_list":["post-23174","post","type-post","status-publish","format-standard","has-post-thumbnail","hentry","category-baja-california","category-cintillo","category-privatizacion-del-agua","category-la-lucha-de-resistencia-frente-a-la-cervecera-constellation-brands","category-noticias-nacionales","category-temas-nacionales","tag-conagua","tag-constellation-brands","tag-leon-fierro","tag-mexicali-resiste","tag-presos-politicos","tag-privatizacion-del-agua","entry"],"jetpack_featured_media_url":"https:\/\/www.grieta.org.mx\/wp-content\/uploads\/2018\/05\/leon-fierro-preso-1100.jpg","jetpack_sharing_enabled":true,"jetpack_shortlink":"https:\/\/wp.me\/p7ZJR4-61M","jetpack_likes_enabled":false,"jetpack-related-posts":[{"id":24997,"url":"https:\/\/www.grieta.org.mx\/index.php\/2018\/07\/19\/se-plantan-frente-a-constellation-para-exigir-que-muestre-permisos-baja-california\/","url_meta":{"origin":23174,"position":0},"title":"Se plantan frente a Constellation para exigir que muestre permisos (Baja California)","author":"grieta","date":"19 julio, 2018","format":false,"excerpt":"Abogados de la Comunidad Baja California Resiste advirtieron que seg\u00fan la misma Conagua, en la regi\u00f3n se presenta una sequ\u00eda extrema por lo que el recurso natural agua debe ser utilizado para la agricultura y el consumo humano. Foto Luis Arellano Sarmiento Por Luis Arellano Sarmiento Mexicali, 19 de julio.-\u2026","rel":"","context":"En &quot;Baja California&quot;","block_context":{"text":"Baja California","link":"https:\/\/www.grieta.org.mx\/index.php\/category\/noticias-nacionales\/baja-california\/"},"img":{"alt_text":"","src":"https:\/\/i0.wp.com\/www.grieta.org.mx\/wp-content\/uploads\/2018\/07\/planton_frente_a_constellation_luis_arellano.jpg?resize=350%2C200&ssl=1","width":350,"height":200,"srcset":"https:\/\/i0.wp.com\/www.grieta.org.mx\/wp-content\/uploads\/2018\/07\/planton_frente_a_constellation_luis_arellano.jpg?resize=350%2C200&ssl=1 1x, https:\/\/i0.wp.com\/www.grieta.org.mx\/wp-content\/uploads\/2018\/07\/planton_frente_a_constellation_luis_arellano.jpg?resize=525%2C300&ssl=1 1.5x"},"classes":[]},{"id":23166,"url":"https:\/\/www.grieta.org.mx\/index.php\/2018\/05\/16\/ordenan-a-conagua-informar-y-transparentar-documentos-sobre-instalacion-de-constellation-brands-en-mexicali-baja-california\/","url_meta":{"origin":23174,"position":1},"title":"Ordenan a Conagua informar y transparentar  documentos sobre instalaci\u00f3n de Constellation Brands en Mexicali (Baja California)","author":"grieta","date":"16 mayo, 2018","format":false,"excerpt":"Antonio Heras Mexicali.- La Comisi\u00f3n Nacional del Agua est\u00e1 obligada a informar sobre la instalaci\u00f3n en el Valle de Mexicali de la planta de producci\u00f3n de cerveza de la compa\u00f1\u00eda estadunidense Constellation Brands. Ante la reiterada negativa del organismo federal, el Instituto Nacional de Transparencia, Acceso a la Informaci\u00f3n y\u2026","rel":"","context":"En &quot;Baja California&quot;","block_context":{"text":"Baja California","link":"https:\/\/www.grieta.org.mx\/index.php\/category\/noticias-nacionales\/baja-california\/"},"img":{"alt_text":"","src":"https:\/\/i0.wp.com\/www.grieta.org.mx\/wp-content\/uploads\/2018\/05\/protesta_17_02124138195.jpg?resize=350%2C200&ssl=1","width":350,"height":200,"srcset":"https:\/\/i0.wp.com\/www.grieta.org.mx\/wp-content\/uploads\/2018\/05\/protesta_17_02124138195.jpg?resize=350%2C200&ssl=1 1x, https:\/\/i0.wp.com\/www.grieta.org.mx\/wp-content\/uploads\/2018\/05\/protesta_17_02124138195.jpg?resize=525%2C300&ssl=1 1.5x"},"classes":[]},{"id":23029,"url":"https:\/\/www.grieta.org.mx\/index.php\/2018\/05\/07\/detencion-de-leon-fierro-criminalizacion-de-la-protesta-en-mexicali-fleps-baja-california\/","url_meta":{"origin":23174,"position":2},"title":"Detenci\u00f3n de Le\u00f3n Fierro, criminalizaci\u00f3n de la protesta en Mexicali: FLEPS (Baja California)","author":"grieta","date":"7 mayo, 2018","format":false,"excerpt":"","rel":"","context":"En &quot;Baja California&quot;","block_context":{"text":"Baja California","link":"https:\/\/www.grieta.org.mx\/index.php\/category\/noticias-nacionales\/baja-california\/"},"img":{"alt_text":"","src":"https:\/\/i0.wp.com\/www.grieta.org.mx\/wp-content\/uploads\/2018\/05\/mexicalli1-720x480.jpg?resize=350%2C200&ssl=1","width":350,"height":200,"srcset":"https:\/\/i0.wp.com\/www.grieta.org.mx\/wp-content\/uploads\/2018\/05\/mexicalli1-720x480.jpg?resize=350%2C200&ssl=1 1x, https:\/\/i0.wp.com\/www.grieta.org.mx\/wp-content\/uploads\/2018\/05\/mexicalli1-720x480.jpg?resize=525%2C300&ssl=1 1.5x, https:\/\/i0.wp.com\/www.grieta.org.mx\/wp-content\/uploads\/2018\/05\/mexicalli1-720x480.jpg?resize=700%2C400&ssl=1 2x"},"classes":[]},{"id":44447,"url":"https:\/\/www.grieta.org.mx\/index.php\/2020\/02\/10\/en-el-pais-la-mayor-cervecera-del-mundo-viola-el-derecho-al-agua-en-baja-california\/","url_meta":{"origin":23174,"position":3},"title":"En El Pa\u00eds La mayor cervecera del mundo viola el derecho al agua en Baja California","author":"grieta","date":"10 febrero, 2020","format":false,"excerpt":"La Verdad de Ju\u00e1rez \/ Texto Jos\u00e9 Ignacio De Alba \/ Pie de P\u00e1gina Foto: Constellation Brands Una recomendaci\u00f3n de la Comisi\u00f3n Nacional de Derechos Humanos al gobierno de Baja California y a la Conagua por violar el derecho humano al agua de los pobladores de Mexicali alcanz\u00f3 a la\u2026","rel":"","context":"En &quot;Baja California&quot;","block_context":{"text":"Baja California","link":"https:\/\/www.grieta.org.mx\/index.php\/category\/noticias-nacionales\/baja-california\/"},"img":{"alt_text":"","src":"https:\/\/i0.wp.com\/www.grieta.org.mx\/wp-content\/uploads\/2020\/02\/Foto-especial_constellationbrands.jpg?resize=350%2C200&ssl=1","width":350,"height":200,"srcset":"https:\/\/i0.wp.com\/www.grieta.org.mx\/wp-content\/uploads\/2020\/02\/Foto-especial_constellationbrands.jpg?resize=350%2C200&ssl=1 1x, https:\/\/i0.wp.com\/www.grieta.org.mx\/wp-content\/uploads\/2020\/02\/Foto-especial_constellationbrands.jpg?resize=525%2C300&ssl=1 1.5x, https:\/\/i0.wp.com\/www.grieta.org.mx\/wp-content\/uploads\/2020\/02\/Foto-especial_constellationbrands.jpg?resize=700%2C400&ssl=1 2x, https:\/\/i0.wp.com\/www.grieta.org.mx\/wp-content\/uploads\/2020\/02\/Foto-especial_constellationbrands.jpg?resize=1050%2C600&ssl=1 3x"},"classes":[]},{"id":46435,"url":"https:\/\/www.grieta.org.mx\/index.php\/2020\/03\/19\/presentan-queja-ante-cndh-por-consulta-sobre-planta-cervecera-en-baja-california\/","url_meta":{"origin":23174,"position":4},"title":"Presentan queja ante CNDH por consulta sobre planta cervecera en Baja California","author":"grieta","date":"19 marzo, 2020","format":false,"excerpt":"Proceso \/ Jesusa Cervantes. Opositores a la instalaci\u00f3n de la cervecera Constellation Brands en Mexicali. Foto: Especial. MEXICALI, BC (apro).- A dos d\u00edas de que arranque la consulta p\u00fablica sobre la instalaci\u00f3n de la empresa cervecera transnacional Constellation Brand, las demandas en su contra no cesan. A los amparos promovidos\u2026","rel":"","context":"En &quot;Baja California&quot;","block_context":{"text":"Baja California","link":"https:\/\/www.grieta.org.mx\/index.php\/category\/noticias-nacionales\/baja-california\/"},"img":{"alt_text":"","src":"https:\/\/i0.wp.com\/www.grieta.org.mx\/wp-content\/uploads\/2020\/03\/Constellation-Brands-870x522-2.jpg?resize=350%2C200&ssl=1","width":350,"height":200,"srcset":"https:\/\/i0.wp.com\/www.grieta.org.mx\/wp-content\/uploads\/2020\/03\/Constellation-Brands-870x522-2.jpg?resize=350%2C200&ssl=1 1x, https:\/\/i0.wp.com\/www.grieta.org.mx\/wp-content\/uploads\/2020\/03\/Constellation-Brands-870x522-2.jpg?resize=525%2C300&ssl=1 1.5x, https:\/\/i0.wp.com\/www.grieta.org.mx\/wp-content\/uploads\/2020\/03\/Constellation-Brands-870x522-2.jpg?resize=700%2C400&ssl=1 2x"},"classes":[]},{"id":57772,"url":"https:\/\/www.grieta.org.mx\/index.php\/2021\/03\/01\/desmantelamiento-de-constellation-brands-en-mexicali-inicia-el-18-de-marzo-baja-california-2\/","url_meta":{"origin":23174,"position":5},"title":"Desmantelamiento de Constellation Brands en Mexicali inicia el 18 de marzo (Baja California)","author":"grieta","date":"1 marzo, 2021","format":false,"excerpt":"La coperacha \/ Redacci\u00f3n. La trasnacional acepta plazo de 24 meses, en acatamiento de Consulta Ciudadana del 2020. El jueves 18 de marzo comenzar\u00e1 la primera fase de salida ordenada de Constellations Brands de Mexicali, en acatamiento a la Consulta Ciudadana elaborada por la Secretar\u00eda de Gobernaci\u00f3n en marzo del\u2026","rel":"","context":"En &quot;Baja California&quot;","block_context":{"text":"Baja California","link":"https:\/\/www.grieta.org.mx\/index.php\/category\/noticias-nacionales\/baja-california\/"},"img":{"alt_text":"","src":"https:\/\/i0.wp.com\/www.grieta.org.mx\/wp-content\/uploads\/2021\/03\/1-5.jpg?resize=350%2C200&ssl=1","width":350,"height":200,"srcset":"https:\/\/i0.wp.com\/www.grieta.org.mx\/wp-content\/uploads\/2021\/03\/1-5.jpg?resize=350%2C200&ssl=1 1x, https:\/\/i0.wp.com\/www.grieta.org.mx\/wp-content\/uploads\/2021\/03\/1-5.jpg?resize=525%2C300&ssl=1 1.5x, https:\/\/i0.wp.com\/www.grieta.org.mx\/wp-content\/uploads\/2021\/03\/1-5.jpg?resize=700%2C400&ssl=1 2x"},"classes":[]}],"_links":{"self":[{"href":"https:\/\/www.grieta.org.mx\/index.php\/wp-json\/wp\/v2\/posts\/23174","targetHints":{"allow":["GET"]}}],"collection":[{"href":"https:\/\/www.grieta.org.mx\/index.php\/wp-json\/wp\/v2\/posts"}],"about":[{"href":"https:\/\/www.grieta.org.mx\/index.php\/wp-json\/wp\/v2\/types\/post"}],"author":[{"embeddable":true,"href":"https:\/\/www.grieta.org.mx\/index.php\/wp-json\/wp\/v2\/users\/2"}],"replies":[{"embeddable":true,"href":"https:\/\/www.grieta.org.mx\/index.php\/wp-json\/wp\/v2\/comments?post=23174"}],"version-history":[{"count":1,"href":"https:\/\/www.grieta.org.mx\/index.php\/wp-json\/wp\/v2\/posts\/23174\/revisions"}],"predecessor-version":[{"id":23177,"href":"https:\/\/www.grieta.org.mx\/index.php\/wp-json\/wp\/v2\/posts\/23174\/revisions\/23177"}],"wp:featuredmedia":[{"embeddable":true,"href":"https:\/\/www.grieta.org.mx\/index.php\/wp-json\/wp\/v2\/media\/23175"}],"wp:attachment":[{"href":"https:\/\/www.grieta.org.mx\/index.php\/wp-json\/wp\/v2\/media?parent=23174"}],"wp:term":[{"taxonomy":"category","embeddable":true,"href":"https:\/\/www.grieta.org.mx\/index.php\/wp-json\/wp\/v2\/categories?post=23174"},{"taxonomy":"post_tag","embeddable":true,"href":"https:\/\/www.grieta.org.mx\/index.php\/wp-json\/wp\/v2\/tags?post=23174"}],"curies":[{"name":"wp","href":"https:\/\/api.w.org\/{rel}","templated":true}]}}