{"id":23166,"date":"2018-05-16T13:31:48","date_gmt":"2018-05-16T18:31:48","guid":{"rendered":"http:\/\/www.grieta.org.mx\/?p=23166"},"modified":"2018-05-16T13:34:15","modified_gmt":"2018-05-16T18:34:15","slug":"ordenan-a-conagua-informar-y-transparentar-documentos-sobre-instalacion-de-constellation-brands-en-mexicali-baja-california","status":"publish","type":"post","link":"https:\/\/www.grieta.org.mx\/index.php\/2018\/05\/16\/ordenan-a-conagua-informar-y-transparentar-documentos-sobre-instalacion-de-constellation-brands-en-mexicali-baja-california\/","title":{"rendered":"Ordenan a Conagua informar y transparentar  documentos sobre instalaci\u00f3n de Constellation Brands en Mexicali (Baja California)"},"content":{"rendered":"<p><img decoding=\"async\" data-attachment-id=\"23168\" data-permalink=\"https:\/\/www.grieta.org.mx\/index.php\/2018\/05\/16\/ordenan-a-conagua-informar-y-transparentar-documentos-sobre-instalacion-de-constellation-brands-en-mexicali-baja-california\/protesta_17_02124138195\/\" data-orig-file=\"https:\/\/www.grieta.org.mx\/wp-content\/uploads\/2018\/05\/protesta_17_02124138195.jpg\" data-orig-size=\"585,390\" data-comments-opened=\"0\" data-image-meta=\"{&quot;aperture&quot;:&quot;0&quot;,&quot;credit&quot;:&quot;&quot;,&quot;camera&quot;:&quot;&quot;,&quot;caption&quot;:&quot;&quot;,&quot;created_timestamp&quot;:&quot;0&quot;,&quot;copyright&quot;:&quot;&quot;,&quot;focal_length&quot;:&quot;0&quot;,&quot;iso&quot;:&quot;0&quot;,&quot;shutter_speed&quot;:&quot;0&quot;,&quot;title&quot;:&quot;&quot;,&quot;orientation&quot;:&quot;0&quot;}\" data-image-title=\"protesta_17_02124138195\" data-image-description=\"\" data-image-caption=\"\" data-medium-file=\"https:\/\/www.grieta.org.mx\/wp-content\/uploads\/2018\/05\/protesta_17_02124138195-300x200.jpg\" data-large-file=\"https:\/\/www.grieta.org.mx\/wp-content\/uploads\/2018\/05\/protesta_17_02124138195.jpg\" src=\"http:\/\/www.grieta.org.mx\/wp-content\/uploads\/2018\/05\/protesta_17_02124138195.jpg\" alt=\"\" width=\"100%\" class=\"aligncenter size-full wp-image-23168\" srcset=\"https:\/\/www.grieta.org.mx\/wp-content\/uploads\/2018\/05\/protesta_17_02124138195.jpg 585w, https:\/\/www.grieta.org.mx\/wp-content\/uploads\/2018\/05\/protesta_17_02124138195-300x200.jpg 300w\" sizes=\"(max-width: 585px) 100vw, 585px\" \/><\/p>\n<p>Antonio Heras<\/p>\n<p>Mexicali.- La Comisi\u00f3n Nacional del Agua est\u00e1 obligada a informar sobre la instalaci\u00f3n en el Valle de Mexicali de la planta de producci\u00f3n de cerveza de la compa\u00f1\u00eda estadunidense Constellation Brands.<\/p>\n<p>Ante la reiterada negativa del organismo federal, el Instituto Nacional de Transparencia, Acceso a la Informaci\u00f3n y Protecci\u00f3n de Datos Personales le orden\u00f3 dar a conocer aquellos documentos que se encuentren en su poder relacionados con esta obra que se construye en el ejido El Choropo.<\/p>\n<p>Por ser la encargada de otorgar permisos, autorizaciones y concesiones de aguas nacionales, le instruy\u00f3 adem\u00e1s entregar al solicitante de informaci\u00f3n oficial los documentos relacionados con la autorizaci\u00f3n y cancelaci\u00f3n de la construcci\u00f3n de un acueducto de 47 kil\u00f3metros del ejido Villa Hermosa para proveer de agua a la planta cervecera.<\/p>\n<p>CONAGUA ha rechazado la solicitud de informaci\u00f3n realizada por un particular al se\u00f1alar que son inexistentes en sus archivos los permisos, convenios, manifestaciones de impacto ambiental, fichas t\u00e9cnicas y autorizaciones de la planta y del acueducto. Sin embargo, el pleno del INAI le orden\u00f3 dar a conocer los documentos que obren en su poder desde 2015 en el caso de la planta y desde 2013 del acueducto.<\/p>\n<p>Extraoficialmente se dio a conocer que la empresa tramit\u00f3 con el Organismo de Cuenca Pen\u00ednsula de Baja California de la CONAGUA, a trav\u00e9s de un despacho mexicalense, la viabilidad y operaci\u00f3n de una bater\u00eda de pozos que dotar\u00edan al acueducto para la producci\u00f3n de cerveza de exportaci\u00f3n.<\/p>\n<p>Desde 2017, activistas por la defensa del agua realizan protestas y acciones jur\u00eddicas en contra de la operaci\u00f3n de la planta al considerar que afecta un derecho humano<\/p>\n<p>El a\u00f1o anterior se produjeron bloqueos y manifestaciones contra Constellation Brands y el gobierno de Francisco Vega por la autorizaci\u00f3n del acueducto que termin\u00f3 por cancelarlo.<\/p>\n<p>El 16 de enero de 2018 una protesta para evitar la conexi\u00f3n de agua potable a la planta termin\u00f3 con un enfrentamiento a pedradas entre activistas y polic\u00edas con un saldo de tres detenidos y seis lesionados.<\/p>\n<p>El activista Le\u00f3n Fierro Res\u00e9ndiz se encuentra interno en el Centro de Detenci\u00f3n Preventiva de la c\u00e1rcel de la capital de Baja California al ser vinculado a proceso penal por una juez que despu\u00e9s de revisar tres videos determin\u00f3 que inflingi\u00f3 lesiones calificadas a un polic\u00eda con su vehiculo dursnte la gresca.<\/p>\n<p>El movimiento Mexicali Resiste considera que se trata de un preso pol\u00edtico por la defensa del agua.<\/p>\n<p><a href=\"https:\/\/linderonorte.com\/2018\/05\/16\/ordenan-a-conagua-informar-y-transparentar-documentos-sobre-instalacion-de-constellation-brands-en-mexicali\/\" rel=\"noopener\" target=\"_blank\">https:\/\/linderonorte.com\/2018\/05\/16\/ordenan-a-conagua-informar-y-transparentar-documentos-sobre-instalacion-de-constellation-brands-en-mexicali\/<\/a><\/p>\n","protected":false},"excerpt":{"rendered":"<p>Antonio Heras Mexicali.- La Comisi\u00f3n Nacional del Agua est\u00e1 obligada a informar sobre la instalaci\u00f3n en el Valle de Mexicali de la planta de producci\u00f3n de cerveza de la compa\u00f1\u00eda &hellip; <a href=\"https:\/\/www.grieta.org.mx\/index.php\/2018\/05\/16\/ordenan-a-conagua-informar-y-transparentar-documentos-sobre-instalacion-de-constellation-brands-en-mexicali-baja-california\/\" class=\"more-link\">Leer m\u00e1s<\/a><\/p>\n","protected":false},"author":2,"featured_media":23168,"comment_status":"closed","ping_status":"closed","sticky":false,"template":"","format":"standard","meta":{"ngg_post_thumbnail":0,"_jetpack_newsletter_access":"","_jetpack_dont_email_post_to_subs":false,"_jetpack_newsletter_tier_id":0,"_jetpack_memberships_contains_paywalled_content":false,"_jetpack_memberships_contains_paid_content":false,"footnotes":""},"categories":[5,80,914,1052,2,83],"tags":[1209,1236,1053,764],"class_list":["post-23166","post","type-post","status-publish","format-standard","has-post-thumbnail","hentry","category-baja-california","category-cintillo","category-privatizacion-del-agua","category-la-lucha-de-resistencia-frente-a-la-cervecera-constellation-brands","category-noticias-nacionales","category-temas-nacionales","tag-constellation-brands","tag-derecho-a-la-informacion","tag-mexicali-resiste","tag-privatizacion-del-agua","entry"],"jetpack_featured_media_url":"https:\/\/www.grieta.org.mx\/wp-content\/uploads\/2018\/05\/protesta_17_02124138195.jpg","jetpack_sharing_enabled":true,"jetpack_shortlink":"https:\/\/wp.me\/p7ZJR4-61E","jetpack_likes_enabled":false,"jetpack-related-posts":[{"id":23029,"url":"https:\/\/www.grieta.org.mx\/index.php\/2018\/05\/07\/detencion-de-leon-fierro-criminalizacion-de-la-protesta-en-mexicali-fleps-baja-california\/","url_meta":{"origin":23166,"position":0},"title":"Detenci\u00f3n de Le\u00f3n Fierro, criminalizaci\u00f3n de la protesta en Mexicali: FLEPS (Baja California)","author":"grieta","date":"7 mayo, 2018","format":false,"excerpt":"","rel":"","context":"En &quot;Baja California&quot;","block_context":{"text":"Baja California","link":"https:\/\/www.grieta.org.mx\/index.php\/category\/noticias-nacionales\/baja-california\/"},"img":{"alt_text":"","src":"https:\/\/i0.wp.com\/www.grieta.org.mx\/wp-content\/uploads\/2018\/05\/mexicalli1-720x480.jpg?resize=350%2C200&ssl=1","width":350,"height":200,"srcset":"https:\/\/i0.wp.com\/www.grieta.org.mx\/wp-content\/uploads\/2018\/05\/mexicalli1-720x480.jpg?resize=350%2C200&ssl=1 1x, https:\/\/i0.wp.com\/www.grieta.org.mx\/wp-content\/uploads\/2018\/05\/mexicalli1-720x480.jpg?resize=525%2C300&ssl=1 1.5x, https:\/\/i0.wp.com\/www.grieta.org.mx\/wp-content\/uploads\/2018\/05\/mexicalli1-720x480.jpg?resize=700%2C400&ssl=1 2x"},"classes":[]},{"id":22494,"url":"https:\/\/www.grieta.org.mx\/index.php\/2018\/02\/01\/con-pergamino-con-mas-de-26-mil-firmas-piden-la-salida-de-constellation-brands-de-mexicali\/","url_meta":{"origin":23166,"position":1},"title":"Con pergamino con m\u00e1s de 26 mil firmas piden la salida de Constellation Brands de Mexicali","author":"grieta","date":"1 febrero, 2018","format":false,"excerpt":"Representantes de diferentes agrupaciones ciudadanas de todo el pa\u00eds, incluyendo a Mexicali Resiste, entregaron este d\u00eda un pergamino con m\u00e1s de 26 mil firmas pidiendo al gobernador de Baja California que cese de inmediato la construcci\u00f3n de la planta cervecera norteamericana, Constellation Brands, en Mexicali. Monitor Econ\u00f3mico \/ A los\u2026","rel":"","context":"En &quot;Baja California&quot;","block_context":{"text":"Baja California","link":"https:\/\/www.grieta.org.mx\/index.php\/category\/noticias-nacionales\/baja-california\/"},"img":{"alt_text":"","src":"https:\/\/i0.wp.com\/www.grieta.org.mx\/wp-content\/uploads\/2018\/04\/pergamino1.jpg?resize=350%2C200&ssl=1","width":350,"height":200,"srcset":"https:\/\/i0.wp.com\/www.grieta.org.mx\/wp-content\/uploads\/2018\/04\/pergamino1.jpg?resize=350%2C200&ssl=1 1x, https:\/\/i0.wp.com\/www.grieta.org.mx\/wp-content\/uploads\/2018\/04\/pergamino1.jpg?resize=525%2C300&ssl=1 1.5x, https:\/\/i0.wp.com\/www.grieta.org.mx\/wp-content\/uploads\/2018\/04\/pergamino1.jpg?resize=700%2C400&ssl=1 2x"},"classes":[]},{"id":23174,"url":"https:\/\/www.grieta.org.mx\/index.php\/2018\/05\/15\/por-que-una-cervecera-de-eu-se-toma-la-poca-agua-que-queda-en-mexicali-que-diga-conagua-inai-baja-california\/","url_meta":{"origin":23166,"position":2},"title":"\u00bfPor qu\u00e9 una cervecera de EU se toma la poca agua que queda en Mexicali? Que diga Conagua: INAI (Baja California)","author":"grieta","date":"15 mayo, 2018","format":false,"excerpt":"Por Redacci\u00f3n El INAI instruy\u00f3 a la Comisi\u00f3n Nacional del Agua a que informe si la instalaci\u00f3n de la planta cervecera Constellation Brands en Mexicali, Baja California, cuenta con los permisos, manifestaciones de impacto ambiental o cualquier expresi\u00f3n documental que avalen la explotaci\u00f3n del agua en la zona, pues todos\u2026","rel":"","context":"En &quot;Baja California&quot;","block_context":{"text":"Baja California","link":"https:\/\/www.grieta.org.mx\/index.php\/category\/noticias-nacionales\/baja-california\/"},"img":{"alt_text":"","src":"https:\/\/i0.wp.com\/www.grieta.org.mx\/wp-content\/uploads\/2018\/05\/leon-fierro-preso-1100.jpg?resize=350%2C200&ssl=1","width":350,"height":200,"srcset":"https:\/\/i0.wp.com\/www.grieta.org.mx\/wp-content\/uploads\/2018\/05\/leon-fierro-preso-1100.jpg?resize=350%2C200&ssl=1 1x, https:\/\/i0.wp.com\/www.grieta.org.mx\/wp-content\/uploads\/2018\/05\/leon-fierro-preso-1100.jpg?resize=525%2C300&ssl=1 1.5x, https:\/\/i0.wp.com\/www.grieta.org.mx\/wp-content\/uploads\/2018\/05\/leon-fierro-preso-1100.jpg?resize=700%2C400&ssl=1 2x, https:\/\/i0.wp.com\/www.grieta.org.mx\/wp-content\/uploads\/2018\/05\/leon-fierro-preso-1100.jpg?resize=1050%2C600&ssl=1 3x"},"classes":[]},{"id":57772,"url":"https:\/\/www.grieta.org.mx\/index.php\/2021\/03\/01\/desmantelamiento-de-constellation-brands-en-mexicali-inicia-el-18-de-marzo-baja-california-2\/","url_meta":{"origin":23166,"position":3},"title":"Desmantelamiento de Constellation Brands en Mexicali inicia el 18 de marzo (Baja California)","author":"grieta","date":"1 marzo, 2021","format":false,"excerpt":"La coperacha \/ Redacci\u00f3n. La trasnacional acepta plazo de 24 meses, en acatamiento de Consulta Ciudadana del 2020. El jueves 18 de marzo comenzar\u00e1 la primera fase de salida ordenada de Constellations Brands de Mexicali, en acatamiento a la Consulta Ciudadana elaborada por la Secretar\u00eda de Gobernaci\u00f3n en marzo del\u2026","rel":"","context":"En &quot;Baja California&quot;","block_context":{"text":"Baja California","link":"https:\/\/www.grieta.org.mx\/index.php\/category\/noticias-nacionales\/baja-california\/"},"img":{"alt_text":"","src":"https:\/\/i0.wp.com\/www.grieta.org.mx\/wp-content\/uploads\/2021\/03\/1-5.jpg?resize=350%2C200&ssl=1","width":350,"height":200,"srcset":"https:\/\/i0.wp.com\/www.grieta.org.mx\/wp-content\/uploads\/2021\/03\/1-5.jpg?resize=350%2C200&ssl=1 1x, https:\/\/i0.wp.com\/www.grieta.org.mx\/wp-content\/uploads\/2021\/03\/1-5.jpg?resize=525%2C300&ssl=1 1.5x, https:\/\/i0.wp.com\/www.grieta.org.mx\/wp-content\/uploads\/2021\/03\/1-5.jpg?resize=700%2C400&ssl=1 2x"},"classes":[]},{"id":46435,"url":"https:\/\/www.grieta.org.mx\/index.php\/2020\/03\/19\/presentan-queja-ante-cndh-por-consulta-sobre-planta-cervecera-en-baja-california\/","url_meta":{"origin":23166,"position":4},"title":"Presentan queja ante CNDH por consulta sobre planta cervecera en Baja California","author":"grieta","date":"19 marzo, 2020","format":false,"excerpt":"Proceso \/ Jesusa Cervantes. Opositores a la instalaci\u00f3n de la cervecera Constellation Brands en Mexicali. Foto: Especial. MEXICALI, BC (apro).- A dos d\u00edas de que arranque la consulta p\u00fablica sobre la instalaci\u00f3n de la empresa cervecera transnacional Constellation Brand, las demandas en su contra no cesan. A los amparos promovidos\u2026","rel":"","context":"En &quot;Baja California&quot;","block_context":{"text":"Baja California","link":"https:\/\/www.grieta.org.mx\/index.php\/category\/noticias-nacionales\/baja-california\/"},"img":{"alt_text":"","src":"https:\/\/i0.wp.com\/www.grieta.org.mx\/wp-content\/uploads\/2020\/03\/Constellation-Brands-870x522-2.jpg?resize=350%2C200&ssl=1","width":350,"height":200,"srcset":"https:\/\/i0.wp.com\/www.grieta.org.mx\/wp-content\/uploads\/2020\/03\/Constellation-Brands-870x522-2.jpg?resize=350%2C200&ssl=1 1x, https:\/\/i0.wp.com\/www.grieta.org.mx\/wp-content\/uploads\/2020\/03\/Constellation-Brands-870x522-2.jpg?resize=525%2C300&ssl=1 1.5x, https:\/\/i0.wp.com\/www.grieta.org.mx\/wp-content\/uploads\/2020\/03\/Constellation-Brands-870x522-2.jpg?resize=700%2C400&ssl=1 2x"},"classes":[]},{"id":35720,"url":"https:\/\/www.grieta.org.mx\/index.php\/2019\/07\/01\/arrestan-a-activista-silvia-resendiz-con-sus-dos-nietas-en-garita-de-calexico-mexicali-baja-california\/","url_meta":{"origin":23166,"position":5},"title":"Arrestan a activista Silvia Resendiz con sus dos nietas en garita de Calexico-Mexicali (Baja California)","author":"grieta","date":"1 julio, 2019","format":false,"excerpt":"Antonio Heras \/ Lindero Norte. Mexicali.-La activista Silvia Resendiz, directora del colectivo Mujeres Tierra, fue detenida en la Garita Internacional de Calexico, California, cuando cruzaba para hacer compras en esa ciudad estadunidense. La detenci\u00f3n se realiz\u00f3 la tarde de este domingo 30 de junio, alrededor de las 14:00 horas, al\u2026","rel":"","context":"En &quot;Baja California&quot;","block_context":{"text":"Baja California","link":"https:\/\/www.grieta.org.mx\/index.php\/category\/noticias-nacionales\/baja-california\/"},"img":{"alt_text":"","src":"https:\/\/i0.wp.com\/www.grieta.org.mx\/wp-content\/uploads\/2019\/07\/IMG-20190630-WA0046.jpg?resize=350%2C200&ssl=1","width":350,"height":200,"srcset":"https:\/\/i0.wp.com\/www.grieta.org.mx\/wp-content\/uploads\/2019\/07\/IMG-20190630-WA0046.jpg?resize=350%2C200&ssl=1 1x, https:\/\/i0.wp.com\/www.grieta.org.mx\/wp-content\/uploads\/2019\/07\/IMG-20190630-WA0046.jpg?resize=525%2C300&ssl=1 1.5x, https:\/\/i0.wp.com\/www.grieta.org.mx\/wp-content\/uploads\/2019\/07\/IMG-20190630-WA0046.jpg?resize=700%2C400&ssl=1 2x"},"classes":[]}],"_links":{"self":[{"href":"https:\/\/www.grieta.org.mx\/index.php\/wp-json\/wp\/v2\/posts\/23166","targetHints":{"allow":["GET"]}}],"collection":[{"href":"https:\/\/www.grieta.org.mx\/index.php\/wp-json\/wp\/v2\/posts"}],"about":[{"href":"https:\/\/www.grieta.org.mx\/index.php\/wp-json\/wp\/v2\/types\/post"}],"author":[{"embeddable":true,"href":"https:\/\/www.grieta.org.mx\/index.php\/wp-json\/wp\/v2\/users\/2"}],"replies":[{"embeddable":true,"href":"https:\/\/www.grieta.org.mx\/index.php\/wp-json\/wp\/v2\/comments?post=23166"}],"version-history":[{"count":1,"href":"https:\/\/www.grieta.org.mx\/index.php\/wp-json\/wp\/v2\/posts\/23166\/revisions"}],"predecessor-version":[{"id":23169,"href":"https:\/\/www.grieta.org.mx\/index.php\/wp-json\/wp\/v2\/posts\/23166\/revisions\/23169"}],"wp:featuredmedia":[{"embeddable":true,"href":"https:\/\/www.grieta.org.mx\/index.php\/wp-json\/wp\/v2\/media\/23168"}],"wp:attachment":[{"href":"https:\/\/www.grieta.org.mx\/index.php\/wp-json\/wp\/v2\/media?parent=23166"}],"wp:term":[{"taxonomy":"category","embeddable":true,"href":"https:\/\/www.grieta.org.mx\/index.php\/wp-json\/wp\/v2\/categories?post=23166"},{"taxonomy":"post_tag","embeddable":true,"href":"https:\/\/www.grieta.org.mx\/index.php\/wp-json\/wp\/v2\/tags?post=23166"}],"curies":[{"name":"wp","href":"https:\/\/api.w.org\/{rel}","templated":true}]}}