{"id":23118,"date":"2018-05-10T20:36:31","date_gmt":"2018-05-11T01:36:31","guid":{"rendered":"http:\/\/www.grieta.org.mx\/?p=23118"},"modified":"2018-07-05T13:31:01","modified_gmt":"2018-07-05T18:31:01","slug":"detras-de-la-guerra-del-agua-corrupcion-gubernamental-chihuahua","status":"publish","type":"post","link":"https:\/\/www.grieta.org.mx\/index.php\/2018\/05\/10\/detras-de-la-guerra-del-agua-corrupcion-gubernamental-chihuahua\/","title":{"rendered":"Detr\u00e1s de la guerra del agua, corrupci\u00f3n gubernamental (Chihuahua)"},"content":{"rendered":"<p><img loading=\"lazy\" decoding=\"async\" width=\"300\" height=\"225\" data-attachment-id=\"23119\" data-permalink=\"https:\/\/www.grieta.org.mx\/index.php\/2018\/05\/10\/detras-de-la-guerra-del-agua-corrupcion-gubernamental-chihuahua\/enfrentamiento-en-rancho-de-los-lebaron-foto-nado-mx_\/\" data-orig-file=\"https:\/\/www.grieta.org.mx\/wp-content\/uploads\/2018\/05\/Enfrentamiento-en-rancho-de-los-LeBaron-Foto-nado.mx_.jpg\" data-orig-size=\"1280,960\" data-comments-opened=\"0\" data-image-meta=\"{&quot;aperture&quot;:&quot;0&quot;,&quot;credit&quot;:&quot;&quot;,&quot;camera&quot;:&quot;&quot;,&quot;caption&quot;:&quot;&quot;,&quot;created_timestamp&quot;:&quot;0&quot;,&quot;copyright&quot;:&quot;&quot;,&quot;focal_length&quot;:&quot;0&quot;,&quot;iso&quot;:&quot;0&quot;,&quot;shutter_speed&quot;:&quot;0&quot;,&quot;title&quot;:&quot;&quot;,&quot;orientation&quot;:&quot;0&quot;}\" data-image-title=\"Enfrentamiento-en-rancho-de-los-LeBaron-Foto-nado.mx_\" data-image-description=\"\" data-image-caption=\"\" data-medium-file=\"https:\/\/www.grieta.org.mx\/wp-content\/uploads\/2018\/05\/Enfrentamiento-en-rancho-de-los-LeBaron-Foto-nado.mx_-300x225.jpg\" data-large-file=\"https:\/\/www.grieta.org.mx\/wp-content\/uploads\/2018\/05\/Enfrentamiento-en-rancho-de-los-LeBaron-Foto-nado.mx_-1024x768.jpg\" class=\"aligncenter size-medium wp-image-23119\" src=\"http:\/\/www.grieta.org.mx\/wp-content\/uploads\/2018\/05\/Enfrentamiento-en-rancho-de-los-LeBaron-Foto-nado.mx_-300x225.jpg\" alt=\"100%\" srcset=\"https:\/\/www.grieta.org.mx\/wp-content\/uploads\/2018\/05\/Enfrentamiento-en-rancho-de-los-LeBaron-Foto-nado.mx_-300x225.jpg 300w, https:\/\/www.grieta.org.mx\/wp-content\/uploads\/2018\/05\/Enfrentamiento-en-rancho-de-los-LeBaron-Foto-nado.mx_-768x576.jpg 768w, https:\/\/www.grieta.org.mx\/wp-content\/uploads\/2018\/05\/Enfrentamiento-en-rancho-de-los-LeBaron-Foto-nado.mx_-1024x768.jpg 1024w, https:\/\/www.grieta.org.mx\/wp-content\/uploads\/2018\/05\/Enfrentamiento-en-rancho-de-los-LeBaron-Foto-nado.mx_-667x500.jpg 667w, https:\/\/www.grieta.org.mx\/wp-content\/uploads\/2018\/05\/Enfrentamiento-en-rancho-de-los-LeBaron-Foto-nado.mx_.jpg 1280w\" sizes=\"auto, (max-width: 300px) 100vw, 300px\" \/><br \/>\nEnfrentamiento en rancho de los LeBaron. Foto: https:\/\/ lado.mx<\/p>\n<blockquote><p>El 30 de abril \u00faltimo, miembros de El Barz\u00f3n irrumpieron en la finca de uno de los integrantes de la familia LeBar\u00f3n. Este conflicto social por el agua, que ya escal\u00f3 al uso de armas de fuego, amenaza con empeorar porque las autoridades del estado de Chihuahua y del gobierno federal miran hacia otro lado. Seg\u00fan comuneros inconformes, desde el gobierno de C\u00e9sar Duarte se expidieron en favor de la comunidad menonita permisos ap\u00f3crifos para explotar pozos. Pero \u00e9sta exige: \u00a1aporten pruebas!<\/p><\/blockquote>\n<p>Patricia Mayorga\/Proceso<br \/>\nCIUDAD DE M\u00c9XICO.- La falta de agua en el noroeste de Chihuahua evidencia la complicidad entre autoridades, pol\u00edticos y empresarios que impulsaron la creaci\u00f3n ilegal de pozos, los cuales han sido sobreexplotados, y la conversi\u00f3n de espacios protegidos en tierras nogaleras y para el cultivo de alfalfa.<\/p>\n<p>De 2012 a la fecha, los diversos enfrentamientos por el l\u00edquido han dejado un saldo de al menos tres muertos. El choque m\u00e1s reciente fue el ocurrido el 30 de abril \u00faltimo entre miembros de El Braz\u00f3n \u2013organizaci\u00f3n civil en defensa de los derechos humanos, econ\u00f3micos y ambientales, integrado por personas del campo y de la ciudad\u2013 y la familia mormona de los LeBar\u00f3n.<\/p>\n<p>En aquella ocasi\u00f3n, seg\u00fan los barzonistas, decenas de campesinos y habitantes del ejido Constituci\u00f3n llegaron al rancho de Joel Francisco LeBar\u00f3n Soto, y de otros cuatro familiares, para constatar el uso de pozos ilegales y el incremento de nogales sembrados. Momentos despu\u00e9s, los encargados de ese predio los recibieron a balazos.<\/p>\n<p>Los barzonistas reconocieron que destruyeron nogales e instalaciones para sustraer agua, debido a que la Comisi\u00f3n Nacional del Agua (Conagua) ha se\u00f1alado que por lo menos nueve pozos de los LeBar\u00f3n son ilegales.<\/p>\n<p>El fiscal general del estado de Chihuahua, C\u00e9sar Augusto Peniche Espejel, dio a conocer que existen dos denuncias de esos hechos: la primera, interpuesta por El Barz\u00f3n, y la segunda, por los LeBar\u00f3n.<\/p>\n<p>De acuerdo con Peniche Espejel, la causa de este conflicto social radica en la sobreexplotaci\u00f3n de los mantos acu\u00edferos del r\u00edo Carmen; \u00e9l considera que la pugna es un problema que debe resolver seriamente la federaci\u00f3n.<\/p>\n<p>La Conagua, la Secretar\u00eda de Medio Ambiente y Recursos Naturales (Semarnat) y la Procuradur\u00eda Federal de Protecci\u00f3n al Ambiente (Profepa) \u201ctienen que tomar cartas en el asunto, porque aqu\u00ed hay cambio de uso de suelo, de tierras que eran agostadero en zonas de clima intenso y que se est\u00e1 generando una sobreexplotaci\u00f3n. Esa regi\u00f3n est\u00e1 vedada. No se pueden abrir m\u00e1s pozos desde 1955\u201d, explica.<\/p>\n<p>Sin embargo, durante el sexenio del entonces gobernador C\u00e9sar Duarte \u2013pr\u00f3fugo de la justicia\u2013 se cambi\u00f3 sin permiso el uso de suelo ganadero, o de agostadero, por uso agr\u00edcola. \u201cEn el caso del nogal, es uno de los cultivos que mayor cantidad de agua requiere\u201d, advierten integrantes de El Barz\u00f3n.<\/p>\n<p>Adem\u00e1s del nogal \u2013denuncian los campesinos\u2013, los productores de la regi\u00f3n noroeste incrementaron el cultivo de alfalfa, que tambi\u00e9n requiere de grandes cantidades de agua. De acuerdo con la Semarnat, ellos exportaron en un a\u00f1o casi 16 mil toneladas a Estados Unidos.<\/p>\n<p>Anomal\u00edas en la Conagua<\/p>\n<p>El jueves 3, el l\u00edder de El Barz\u00f3n, Gabino G\u00f3mez Esc\u00e1rcega, inform\u00f3 en rueda de prensa que el empresario Eugenio Baeza Fares ha sido beneficiado con la producci\u00f3n de nogales en esa regi\u00f3n, adem\u00e1s de grupos menonitas y de los LeBar\u00f3n.<\/p>\n<p>Entre los productores de la regi\u00f3n circula la versi\u00f3n de que otro de los beneficiados hab\u00eda sido Mart\u00edn Leopoldo Anchondo Ord\u00f3\u00f1ez, ejecutado en 2014 en la ciudad de Chihuahua y se\u00f1alado como proveedor de C\u00e9sar Duarte (Proceso 2154).<\/p>\n<p>Entre los pol\u00edticos cercanos al entonces mandatario de Chihuahua se encuentra Alex LeBar\u00f3n Gonz\u00e1lez, quien fue diputado local durante el primer trienio de C\u00e9sar Duarte; \u00e9ste, m\u00e1s tarde, lo impuls\u00f3 como delegado de la Comisi\u00f3n Nacional del Agua y luego como diputado federal por el Distrito 7. Actualmente es legislador en San L\u00e1zaro.<\/p>\n<p>Como delegado de la Conagua en Chihuahua, LeBar\u00f3n Gonz\u00e1lez otorg\u00f3 y firm\u00f3 395 cartas para avalar la electrificaci\u00f3n de pozos de diferentes personas (la mayor\u00eda, de menonitas), porque supuestamente estaba en proceso su aprobaci\u00f3n.<\/p>\n<p>Sin embargo, el actual delegado de la Conagua, Kamel Athie Flores, inform\u00f3 que esas cartas son ap\u00f3crifas, ya que se trata de una zona de veda. Insisti\u00f3 en que esos pozos son ilegales.<\/p>\n<p>El barzonista Joaqu\u00edn Solorio Sol\u00eds dio a conocer que Alex LeBar\u00f3n emiti\u00f3 395 cartas en s\u00f3lo 20 horas para el aprovechamiento del acu\u00edfero Santa Clara. Adem\u00e1s de los LeBar\u00f3n, fueron favorecidos el panista Jorge Luis Issa Gonz\u00e1lez, secretario administrativo del Congreso del Estado, y cuatro de sus familiares: su hermano Miguel \u00c1ngel Issa Gonz\u00e1lez, su hijo Jorge Luis Issa Calder\u00f3n, quien es coordinador administrativo y de servicios de la Secretar\u00eda de Hacienda estatal, Tania Issa Ch\u00e1vez y Juan Jos\u00e9 Issa Torres.<\/p>\n<p>Solorio Sol\u00eds explic\u00f3 que el pasado 30 de abril acudieron al predio de los LeBar\u00f3n porque las autoridades no han actuado contra la sobreexplotaci\u00f3n de pozos ilegales, pese a que realizaron mesas de an\u00e1lisis y negociaci\u00f3n sobre el conflicto, pese a la informaci\u00f3n que tienen y a las denuncias interpuestas.<\/p>\n<p>El uso irregular de esos pozos los deja sin agua para consumo ni para sus parcelas, afirman los del Barz\u00f3n. Solorio detall\u00f3 que la recarga del acu\u00edfero que surte a los LeBar\u00f3n es de 137 mil millones de metros c\u00fabicos, pero que est\u00e1n concesionados 251 mil millones de metros c\u00fabicos, por lo que existe una sobreexplotaci\u00f3n de 114 mil millones de metros c\u00fabicos.<\/p>\n<p>De acuerdo con Solorio, el problema est\u00e1 en que los LeBar\u00f3n no pueden disponer del agua porque existe un decreto de veda, \u201cpor eso la autoridad (federal) determin\u00f3 que nueve de los aprovechamientos detectados no tienen ninguna concesi\u00f3n, s\u00f3lo una transmisi\u00f3n de volumen que fue viciada ante la Conagua\u201d.<\/p>\n<p>Mencion\u00f3 que sospechan que los LeBar\u00f3n y los menonitas, entre otros beneficiarios, est\u00e1n arreglados con autoridades como la Semarnat, la Conagua y la Profepa, porque estas dependencias federales no han actuado contra la operaci\u00f3n de pozos de agua clandestinos.<\/p>\n<p>Solorio record\u00f3 que en noviembre tambi\u00e9n ingresaron, junto con autoridades, al predio de Joel LeBar\u00f3n y que \u00e9ste sali\u00f3 a defender a su familia; tambi\u00e9n se present\u00f3 el activista Juli\u00e1n LeBar\u00f3n y se comprometieron a dar una soluci\u00f3n al conflicto.<\/p>\n<p>El predio de Joel LeBar\u00f3n y sus familiares es de 6 mil hect\u00e1reas desmontadas y alrededor de 200 hect\u00e1reas plantadas de nogal, aproximadamente, dice.<\/p>\n<p>Joaqu\u00edn Solorio explic\u00f3 que hay otro predio, adelante del rancho de Joel LeBar\u00f3n, que est\u00e1 en las mismas condiciones. Se trata del terreno de Eva Hart Gonz\u00e1lez, quien al parecer tambi\u00e9n est\u00e1 protegida por autoridades.<\/p>\n<p>Clima extremo<\/p>\n<p>De acuerdo con un estudio presentado ante autoridades federales y locales, en 2011 el estado de Chihuahua sufri\u00f3 una de las peores sequ\u00edas de las \u00faltimas d\u00e9cadas.<\/p>\n<p>Despu\u00e9s de la escasez, hubo heladas at\u00edpicas en febrero de ese a\u00f1o: durante tres d\u00edas las temperaturas disminuyeron hasta 17 grados bajo cero, fen\u00f3meno climatol\u00f3gico que no ocurr\u00eda en el estado en los \u00faltimos 80 a\u00f1os, afectando a las cosechas y al ganado.<\/p>\n<p>As\u00ed, durante los dos primeros meses de 2012 los productores de la organizaci\u00f3n de El Barz\u00f3n decidieron realizar acciones para visibilizar la problem\u00e1tica que se estaba viviendo y acordaron acudir a la Ciudad de M\u00e9xico en la denominada \u201cCaravana del hambre\u201d, consiguiendo que el gobierno federal emitiera un acuerdo para atender los efectos de la sequ\u00eda en el norte de M\u00e9xico, el cual consisti\u00f3 b\u00e1sicamente en el reconocimiento de la grave situaci\u00f3n causada por los efectos del cambio clim\u00e1tico.<\/p>\n<p>Sin embargo, no sucedi\u00f3 nada m\u00e1s, las autoridades no actuaron y tres meses despu\u00e9s del decreto de Felipe Calder\u00f3n, documento que ten\u00eda el objetivo de atender los efectos de la sequ\u00eda, se deton\u00f3 el conflicto por el agua en Chihuahua, especialmente en la regi\u00f3n de la cuenca hidrol\u00f3gica del R\u00edo del Carmen.<\/p>\n<p>El problema escal\u00f3. El 22 de octubre de 2012 asesinaron a los l\u00edderes de El Barz\u00f3n, al matrimonio compuesto por Ismael Solorio y Manuela Martha Sol\u00eds Contreras.<\/p>\n<p>Jorge Gonz\u00e1lez, habitante del ejido Constituci\u00f3n, dijo que ah\u00ed existen 900 familias que defienden el recurso del agua porque no tienen otra forma de sobrevivir, apenas subsisten con lo que logran cosechar.<\/p>\n<p>Cristina Moncada, del mismo ejido, mencion\u00f3 que \u00faltimamente se ayudan con lo que les env\u00edan sus familiares que trabajan en Estados Unidos. \u201cSi no no ten\u00edamos ni para comer, si nos quitan lo poquito que tenemos, \u00bfqu\u00e9 futuro vamos a dejar a nuestros hijos y nietos? \u00bfA d\u00f3nde se van a ir?\u201d, lamenta.<\/p>\n<p>Joaqu\u00edn Solorio refiri\u00f3 que hace dos meses el gobernador Javier Corral se reu\u00adni\u00f3 con ellos y se comprometi\u00f3 a acudir a la Ciudad de M\u00e9xico con una comisi\u00f3n ante las autoridades de la Conagua, pero eso no ocurri\u00f3. Cuenta que las diferencias actuales entre ambos gobiernos impiden que se re\u00fanan para resolver el conflicto. \u201cA nosotros eso no nos interesa, s\u00f3lo que se aplique la ley de manera coordinada, porque si no se hace, no se solucionar\u00e1 el conflicto\u201d.<br \/>\nLos LeBar\u00f3n se defienden<\/p>\n<p>El activista Juli\u00e1n LeBar\u00f3n, primo de Joel Francisco LeBar\u00f3n, uno de los propietarios del rancho que fue invadido el 30 de abril, inform\u00f3 que interpondr\u00e1n denuncias penales contra los barzonistas porque quemaron una bodega, una vivienda, maquinaria, dos pozos y cerca de 6 mil nogales.<\/p>\n<p>Los da\u00f1os ascienden a cerca de 1 mill\u00f3n de pesos, dice. De acuerdo con su relato, cinco d\u00edas antes del ataque advirtieron al secretario general de Gobierno, C\u00e9sar J\u00e1uregui Robles, que los barzonistas del ejido Constituci\u00f3n los hab\u00edan amenazado.<\/p>\n<p>Explic\u00f3 que los agresores ingresaron al rancho en camionetas, tiraron \u00e1rboles y golpearon a la gente que ah\u00ed se encontraba, les quitaron veh\u00edculos a los trabajadores para continuar con el derribo de los nogales.<\/p>\n<p>En entrevista, Juli\u00e1n LeBar\u00f3n responsabiliz\u00f3 al gobernador Javier Corral sobre los recientes hechos violentos, porque no ha atendido el problema. Adem\u00e1s, ret\u00f3 a los barzonistas: \u201cSi son pozos ilegales, que lo prueben. Para eso est\u00e1n las instituciones, pero nadie tiene derecho a quitar el esfuerzo del pr\u00f3jimo\u201d.<\/p>\n<p>Acept\u00f3 que dispararon contra los campesinos porque invadieron las tierras y con sus veh\u00edculos pretendieron atropellarlos.<\/p>\n<p>El activista morm\u00f3n calific\u00f3 de absurdo que los ejidatarios y barzonistas llevaran ni\u00f1os y a sus familias para ir a destruir el rancho que ha sido propiedad de su familia por m\u00e1s de 35 a\u00f1os.<\/p>\n<p>Este reportaje se public\u00f3 el 6 de mayo de 2018 en la edici\u00f3n 2166 de la revista Proceso.<\/p>\n<p><a href=\"https:\/\/www.proceso.com.mx\/533670\/detras-de-la-guerra-del-agua-corrupcion-gubernamental\" target=\"_blank\" rel=\"noopener\">https:\/\/www.proceso.com.mx\/533670\/detras-de-la-guerra-del-agua-corrupcion-gubernamental<\/a><\/p>\n","protected":false},"excerpt":{"rendered":"<p>Enfrentamiento en rancho de los LeBaron. Foto: https:\/\/ lado.mx El 30 de abril \u00faltimo, miembros de El Barz\u00f3n irrumpieron en la finca de uno de los integrantes de la familia &hellip; <a href=\"https:\/\/www.grieta.org.mx\/index.php\/2018\/05\/10\/detras-de-la-guerra-del-agua-corrupcion-gubernamental-chihuahua\/\" class=\"more-link\">Leer m\u00e1s<\/a><\/p>\n","protected":false},"author":2,"featured_media":23119,"comment_status":"closed","ping_status":"closed","sticky":false,"template":"","format":"standard","meta":{"ngg_post_thumbnail":0,"_jetpack_newsletter_access":"","_jetpack_dont_email_post_to_subs":false,"_jetpack_newsletter_tier_id":0,"_jetpack_memberships_contains_paywalled_content":false,"_jetpack_memberships_contains_paid_content":false,"footnotes":""},"categories":[12,80,1227,914,2,1402,83],"tags":[224,888,764],"class_list":["post-23118","post","type-post","status-publish","format-standard","has-post-thumbnail","hentry","category-chihuahua","category-cintillo","category-conflictos-por-recursos-hidricos-en-chihuahua","category-privatizacion-del-agua","category-noticias-nacionales","category-privatizacion-del-agua-en-chihuahua","category-temas-nacionales","tag-agua","tag-conagua","tag-privatizacion-del-agua","entry"],"jetpack_featured_media_url":"https:\/\/www.grieta.org.mx\/wp-content\/uploads\/2018\/05\/Enfrentamiento-en-rancho-de-los-LeBaron-Foto-nado.mx_.jpg","jetpack_sharing_enabled":true,"jetpack_shortlink":"https:\/\/wp.me\/p7ZJR4-60S","jetpack_likes_enabled":false,"jetpack-related-posts":[{"id":24217,"url":"https:\/\/www.grieta.org.mx\/index.php\/2018\/06\/26\/convoca-asamblea-popular-comunitaria-frente-vs-la-privatizacion-del-agua-chihuahua\/","url_meta":{"origin":23118,"position":0},"title":"Convoca Asamblea Popular Comunitaria frente vs la privatizaci\u00f3n del agua (Chihuahua)","author":"grieta","date":"26 junio, 2018","format":false,"excerpt":"Gustavo Ramos\/EL PUEBLO Ante el despojo de las empresas e industrias a comunidades, ejidos y zonas urbanas Al denunciar p\u00fablicamente de la concesi\u00f3n de un pozo comunitario a la filial de Coca-Cola en Sacramento Chihuahua, la Asamblea Popular Comunitaria convoc\u00f3 a los ciudadanos y organizaciones, conformar un frente contra la\u2026","rel":"","context":"En &quot;Chihuahua&quot;","block_context":{"text":"Chihuahua","link":"https:\/\/www.grieta.org.mx\/index.php\/category\/noticias-nacionales\/chihuahua\/"},"img":{"alt_text":"","src":"https:\/\/i0.wp.com\/www.grieta.org.mx\/wp-content\/uploads\/2018\/07\/Agua-chihuahua.jpg?resize=350%2C200&ssl=1","width":350,"height":200,"srcset":"https:\/\/i0.wp.com\/www.grieta.org.mx\/wp-content\/uploads\/2018\/07\/Agua-chihuahua.jpg?resize=350%2C200&ssl=1 1x, https:\/\/i0.wp.com\/www.grieta.org.mx\/wp-content\/uploads\/2018\/07\/Agua-chihuahua.jpg?resize=525%2C300&ssl=1 1.5x"},"classes":[]},{"id":24233,"url":"https:\/\/www.grieta.org.mx\/index.php\/2018\/06\/29\/demuestra-apc-que-benavides-inicio-proceso-para-otorgar-derechos-de-agua-a-cocacola-chihuahua\/","url_meta":{"origin":23118,"position":1},"title":"Demuestra APC que Benavides inici\u00f3 proceso para otorgar derechos de agua a Cocacola (Chihuahua)","author":"grieta","date":"29 junio, 2018","format":false,"excerpt":"Gustavo Ramos\/ EL PUEBLO Javier Benavides, luego de hacerse de los derechos del pozo, comenz\u00f3 los tr\u00e1mites en la Comisi\u00f3n Nacional del Agua (Conagua), para ceder parte de los derechos del agua a la filial de Cocacola, un proceso que inici\u00f3 en la administraci\u00f3n de Francisco Barrio y se logr\u00f3\u2026","rel":"","context":"En &quot;Chihuahua&quot;","block_context":{"text":"Chihuahua","link":"https:\/\/www.grieta.org.mx\/index.php\/category\/noticias-nacionales\/chihuahua\/"},"img":{"alt_text":"","src":"https:\/\/i0.wp.com\/www.grieta.org.mx\/wp-content\/uploads\/2018\/07\/agua-chihuahua-1.jpg?resize=350%2C200&ssl=1","width":350,"height":200,"srcset":"https:\/\/i0.wp.com\/www.grieta.org.mx\/wp-content\/uploads\/2018\/07\/agua-chihuahua-1.jpg?resize=350%2C200&ssl=1 1x, https:\/\/i0.wp.com\/www.grieta.org.mx\/wp-content\/uploads\/2018\/07\/agua-chihuahua-1.jpg?resize=525%2C300&ssl=1 1.5x"},"classes":[]},{"id":24229,"url":"https:\/\/www.grieta.org.mx\/index.php\/2018\/06\/26\/dejaria-coca-cola-sin-agua-al-ejido-sacramento-chihuahua\/","url_meta":{"origin":23118,"position":2},"title":"Dejar\u00eda Coca-Cola sin agua al ejido Sacramento (Chihuahua)","author":"grieta","date":"26 junio, 2018","format":false,"excerpt":"Gustavo Ramos\/EL PUEBLO La empresa refresquera extraer\u00eda 81 millones de litros al a\u00f1o, mientras peque\u00f1os productores y ejidatarios se les ha cortado el suministro para sus granjas, en un esquema de comercializaci\u00f3n del recurso humano. Privaron del suministro de agua desde mayo del 2017. Denuncian que la Comisi\u00f3n Nacional del\u2026","rel":"","context":"En &quot;Chihuahua&quot;","block_context":{"text":"Chihuahua","link":"https:\/\/www.grieta.org.mx\/index.php\/category\/noticias-nacionales\/chihuahua\/"},"img":{"alt_text":"","src":"https:\/\/i0.wp.com\/www.grieta.org.mx\/wp-content\/uploads\/2018\/07\/Coca.jpg?resize=350%2C200&ssl=1","width":350,"height":200,"srcset":"https:\/\/i0.wp.com\/www.grieta.org.mx\/wp-content\/uploads\/2018\/07\/Coca.jpg?resize=350%2C200&ssl=1 1x, https:\/\/i0.wp.com\/www.grieta.org.mx\/wp-content\/uploads\/2018\/07\/Coca.jpg?resize=525%2C300&ssl=1 1.5x"},"classes":[]},{"id":44157,"url":"https:\/\/www.grieta.org.mx\/index.php\/2020\/02\/06\/conato-de-rina-entre-productores-agricolas-y-guardia-nacional-por-el-agua-chihuahua\/","url_meta":{"origin":23118,"position":3},"title":"Conato de ri\u00f1a entre productores agr\u00edcolas y Guardia Nacional por el agua (Chihuahua)","author":"grieta","date":"6 febrero, 2020","format":false,"excerpt":"Genaro Fuentes | El Heraldo de Chihuahua Camargo, Chih.- Cerca de 3 mil productores agr\u00edcolas de la zona de Camargo, La Cruz, Delicias y San Francisco de Conchos, se enfrentaron con elementos de la Guardia Nacional que resguardaban la presa La Boquilla desde ayer, para evitar que abrieran las compuertas\u2026","rel":"","context":"En &quot;Chihuahua&quot;","block_context":{"text":"Chihuahua","link":"https:\/\/www.grieta.org.mx\/index.php\/category\/noticias-nacionales\/chihuahua\/"},"img":{"alt_text":"","src":"https:\/\/i0.wp.com\/www.grieta.org.mx\/wp-content\/uploads\/2020\/02\/productores.jpeg?resize=350%2C200&ssl=1","width":350,"height":200,"srcset":"https:\/\/i0.wp.com\/www.grieta.org.mx\/wp-content\/uploads\/2020\/02\/productores.jpeg?resize=350%2C200&ssl=1 1x, https:\/\/i0.wp.com\/www.grieta.org.mx\/wp-content\/uploads\/2020\/02\/productores.jpeg?resize=525%2C300&ssl=1 1.5x, https:\/\/i0.wp.com\/www.grieta.org.mx\/wp-content\/uploads\/2020\/02\/productores.jpeg?resize=700%2C400&ssl=1 2x"},"classes":[]},{"id":35082,"url":"https:\/\/www.grieta.org.mx\/index.php\/2019\/05\/26\/guerra-por-el-agua-al-menos-4-empresarios-detras-del-desalojo-en-sacramento-denuncian-chihuahua\/","url_meta":{"origin":23118,"position":4},"title":"Guerra por el agua: Al menos 4 empresarios detr\u00e1s del desalojo en Sacramento, denuncian (Chihuahua)","author":"grieta","date":"26 mayo, 2019","format":false,"excerpt":"RA\u00edCHALI\/ LA VERDAD Chihuahua.- Mientras decenas de agentes estatales arrestaban a 12 personas por oponerse al bloqueo del camino vecinal del Ejido Sacramento, el Gobierno del Estado emiti\u00f3 un bolet\u00edn en el que informan que la zanja fue construida por solicitud \u201cde propietarios de los predios, ya que se trata\u2026","rel":"","context":"En &quot;Chihuahua&quot;","block_context":{"text":"Chihuahua","link":"https:\/\/www.grieta.org.mx\/index.php\/category\/noticias-nacionales\/chihuahua\/"},"img":{"alt_text":"","src":"https:\/\/i0.wp.com\/www.grieta.org.mx\/wp-content\/uploads\/2019\/06\/Foto-Sacramento-Ra%C3%ADchali.jpg?resize=350%2C200&ssl=1","width":350,"height":200,"srcset":"https:\/\/i0.wp.com\/www.grieta.org.mx\/wp-content\/uploads\/2019\/06\/Foto-Sacramento-Ra%C3%ADchali.jpg?resize=350%2C200&ssl=1 1x, https:\/\/i0.wp.com\/www.grieta.org.mx\/wp-content\/uploads\/2019\/06\/Foto-Sacramento-Ra%C3%ADchali.jpg?resize=525%2C300&ssl=1 1.5x, https:\/\/i0.wp.com\/www.grieta.org.mx\/wp-content\/uploads\/2019\/06\/Foto-Sacramento-Ra%C3%ADchali.jpg?resize=700%2C400&ssl=1 2x, https:\/\/i0.wp.com\/www.grieta.org.mx\/wp-content\/uploads\/2019\/06\/Foto-Sacramento-Ra%C3%ADchali.jpg?resize=1050%2C600&ssl=1 3x"},"classes":[]},{"id":43443,"url":"https:\/\/www.grieta.org.mx\/index.php\/2020\/01\/23\/el-desierto-donde-se-trafica-agua-chihuahua\/","url_meta":{"origin":23118,"position":5},"title":"El desierto donde se trafica agua (Chihuahua)","author":"grieta","date":"23 enero, 2020","format":false,"excerpt":"RAICHALI Thelma G\u00f3mez Dur\u00e1n y Patricia Mayorga \/ Mexicanos contra la Corrupci\u00f3n y la Impunidad (MCCI)\u00a0Fotograf\u00edas:\u00a0Luc\u00eda\u00a0Vergara La cita fue al medio d\u00eda del 29 de octubre de 2019, en un restaurante de la ciudad de Chihuahua. El abogado se present\u00f3 como funcionario de la Comisi\u00f3n Nacional del Agua (Conagua). A\u2026","rel":"","context":"En &quot;CINTILLO&quot;","block_context":{"text":"CINTILLO","link":"https:\/\/www.grieta.org.mx\/index.php\/category\/cintillo\/"},"img":{"alt_text":"","src":"https:\/\/i0.wp.com\/www.grieta.org.mx\/wp-content\/uploads\/2020\/01\/Foto-6-Chi-Pozos-Ilegales-28-1024x575.jpg?resize=350%2C200&ssl=1","width":350,"height":200,"srcset":"https:\/\/i0.wp.com\/www.grieta.org.mx\/wp-content\/uploads\/2020\/01\/Foto-6-Chi-Pozos-Ilegales-28-1024x575.jpg?resize=350%2C200&ssl=1 1x, https:\/\/i0.wp.com\/www.grieta.org.mx\/wp-content\/uploads\/2020\/01\/Foto-6-Chi-Pozos-Ilegales-28-1024x575.jpg?resize=525%2C300&ssl=1 1.5x, https:\/\/i0.wp.com\/www.grieta.org.mx\/wp-content\/uploads\/2020\/01\/Foto-6-Chi-Pozos-Ilegales-28-1024x575.jpg?resize=700%2C400&ssl=1 2x"},"classes":[]}],"_links":{"self":[{"href":"https:\/\/www.grieta.org.mx\/index.php\/wp-json\/wp\/v2\/posts\/23118","targetHints":{"allow":["GET"]}}],"collection":[{"href":"https:\/\/www.grieta.org.mx\/index.php\/wp-json\/wp\/v2\/posts"}],"about":[{"href":"https:\/\/www.grieta.org.mx\/index.php\/wp-json\/wp\/v2\/types\/post"}],"author":[{"embeddable":true,"href":"https:\/\/www.grieta.org.mx\/index.php\/wp-json\/wp\/v2\/users\/2"}],"replies":[{"embeddable":true,"href":"https:\/\/www.grieta.org.mx\/index.php\/wp-json\/wp\/v2\/comments?post=23118"}],"version-history":[{"count":1,"href":"https:\/\/www.grieta.org.mx\/index.php\/wp-json\/wp\/v2\/posts\/23118\/revisions"}],"predecessor-version":[{"id":23120,"href":"https:\/\/www.grieta.org.mx\/index.php\/wp-json\/wp\/v2\/posts\/23118\/revisions\/23120"}],"wp:featuredmedia":[{"embeddable":true,"href":"https:\/\/www.grieta.org.mx\/index.php\/wp-json\/wp\/v2\/media\/23119"}],"wp:attachment":[{"href":"https:\/\/www.grieta.org.mx\/index.php\/wp-json\/wp\/v2\/media?parent=23118"}],"wp:term":[{"taxonomy":"category","embeddable":true,"href":"https:\/\/www.grieta.org.mx\/index.php\/wp-json\/wp\/v2\/categories?post=23118"},{"taxonomy":"post_tag","embeddable":true,"href":"https:\/\/www.grieta.org.mx\/index.php\/wp-json\/wp\/v2\/tags?post=23118"}],"curies":[{"name":"wp","href":"https:\/\/api.w.org\/{rel}","templated":true}]}}