{"id":23081,"date":"2017-04-10T00:37:01","date_gmt":"2017-04-10T05:37:01","guid":{"rendered":"http:\/\/www.grieta.org.mx\/?p=23081"},"modified":"2019-01-29T11:56:15","modified_gmt":"2019-01-29T17:56:15","slug":"durango-en-lugar-critico-en-feminicidios-name","status":"publish","type":"post","link":"https:\/\/www.grieta.org.mx\/index.php\/2017\/04\/10\/durango-en-lugar-critico-en-feminicidios-name\/","title":{"rendered":"Durango, en lugar cr\u00edtico en feminicidios: Name"},"content":{"rendered":"<p>Belem Hern\u00e1ndez\/El Sol de Durango<\/p>\n<p><img decoding=\"async\" data-attachment-id=\"23082\" data-permalink=\"https:\/\/www.grieta.org.mx\/index.php\/2017\/04\/10\/durango-en-lugar-critico-en-feminicidios-name\/f3-3\/\" data-orig-file=\"https:\/\/www.grieta.org.mx\/wp-content\/uploads\/2018\/05\/f3.jpg\" data-orig-size=\"600,400\" data-comments-opened=\"0\" data-image-meta=\"{&quot;aperture&quot;:&quot;0&quot;,&quot;credit&quot;:&quot;&quot;,&quot;camera&quot;:&quot;&quot;,&quot;caption&quot;:&quot;&quot;,&quot;created_timestamp&quot;:&quot;0&quot;,&quot;copyright&quot;:&quot;&quot;,&quot;focal_length&quot;:&quot;0&quot;,&quot;iso&quot;:&quot;0&quot;,&quot;shutter_speed&quot;:&quot;0&quot;,&quot;title&quot;:&quot;&quot;,&quot;orientation&quot;:&quot;0&quot;}\" data-image-title=\"f3\" data-image-description=\"\" data-image-caption=\"\" data-medium-file=\"https:\/\/www.grieta.org.mx\/wp-content\/uploads\/2018\/05\/f3-300x200.jpg\" data-large-file=\"https:\/\/www.grieta.org.mx\/wp-content\/uploads\/2018\/05\/f3.jpg\" src=\"http:\/\/www.grieta.org.mx\/wp-content\/uploads\/2018\/05\/f3-300x200.jpg\" alt=\"\" width=\"100\"  class=\"aligncenter size-medium wp-image-23082\" srcset=\"https:\/\/www.grieta.org.mx\/wp-content\/uploads\/2018\/05\/f3-300x200.jpg 300w, https:\/\/www.grieta.org.mx\/wp-content\/uploads\/2018\/05\/f3.jpg 600w\" sizes=\"(max-width: 300px) 100vw, 300px\" \/><\/p>\n<p>Es necesario que Durango se una a las 17 entidades que cuentan con la alerta de g\u00e9nero, explic\u00f3 Selene Name, representante de la asociaci\u00f3n civil \u201cNosotras Nosotros Durango\u201d, ante los \u00faltimos hechos registrados en los cuales se encontr\u00f3 el cad\u00e1ver calcinado de una jovencita en el municipio de Nuevo Ideal.<\/p>\n<p>La activista explic\u00f3 que las mujeres ya no creen en las autoridades, por lo cual es necesaria la unidad de g\u00e9nero, para ello a nivel nacional asociaciones civiles iniciaran con un programa de autocuidado.<\/p>\n<p>La entrevistada fue clara al resaltar que a decir de la asociaci\u00f3n \u201cS\u00ed hay mujeres en Durango\u201d se reporta cada tercer d\u00eda una violaci\u00f3n y el 90 por ciento de dichos actos no se documentan, debido a que no existe una denuncia, resultado de que las mujeres no quieren acudir a las autoridades por que no les creen.<\/p>\n<p>Durango se encuentra en un lugar cr\u00edtico en cuanto a tema de feminicidio, indic\u00f3 por tanto el programa de autocuidado se enfoca principalmente en orientar a las mujeres a que no caminen por las calles en la madrugada, siempre acompa\u00f1adas, no ir a lugares deshabitados y no dejar las bebidas solas en antros o fiestas.<\/p>\n<p>Hace dos a\u00f1o Durango se encontraba en quinto lugar, en cuanto al tema se refiere, dijo la entrevistada, \u201cpero hemos visto que en los \u00faltimos a\u00f1os se han aumentado los feminicidios, por tanto es necesario que se emita la alerta de g\u00e9nero\u201d, subray\u00f3 Name.<\/p>\n<p>Durango se encuentra en un lugar cr\u00edtico en cuanto a tema de feminicidio, indic\u00f3 por tanto el programa de autocuidado se enfoca principalmente en orientar a las mujeres a que no caminen por las calles en la madrugada, siempre acompa\u00f1adas, no ir a lugares deshabitados y no dejar las bebidas solas en antros o fiestas.<\/p>\n<p>Hace dos a\u00f1o Durango se encontraba en quinto lugar, en cuanto al tema se refiere, dijo la entrevistada, \u201cpero hemos visto que en los \u00faltimos a\u00f1os se han aumentado los feminicidios, por tanto es necesario que se emita la alerta de g\u00e9nero\u201d, subray\u00f3 Name.<\/p>\n<p><a href=\"https:\/\/www.elsoldedurango.com.mx\/local\/exigen-asociaciones-imponer-una-alerta-de-genero-en-durango\" rel=\"noopener\" target=\"_blank\">https:\/\/www.elsoldedurango.com.mx\/local\/exigen-asociaciones-imponer-una-alerta-de-genero-en-durango<\/a><\/p>\n","protected":false},"excerpt":{"rendered":"<p>Belem Hern\u00e1ndez\/El Sol de Durango Es necesario que Durango se una a las 17 entidades que cuentan con la alerta de g\u00e9nero, explic\u00f3 Selene Name, representante de la asociaci\u00f3n civil &hellip; <a href=\"https:\/\/www.grieta.org.mx\/index.php\/2017\/04\/10\/durango-en-lugar-critico-en-feminicidios-name\/\" class=\"more-link\">Leer m\u00e1s<\/a><\/p>\n","protected":false},"author":2,"featured_media":23082,"comment_status":"closed","ping_status":"closed","sticky":false,"template":"","format":"standard","meta":{"ngg_post_thumbnail":0,"_jetpack_newsletter_access":"","_jetpack_dont_email_post_to_subs":false,"_jetpack_newsletter_tier_id":0,"_jetpack_memberships_contains_paywalled_content":false,"_jetpack_memberships_contains_paid_content":false,"footnotes":""},"categories":[80,15,84,1222,2,83],"tags":[1223,81],"class_list":["post-23081","post","type-post","status-publish","format-standard","has-post-thumbnail","hentry","category-cintillo","category-durango","category-feminicidios","category-feminicidios-en-durango","category-noticias-nacionales","category-temas-nacionales","tag-alerta-de-genero","tag-feminicidios","entry"],"jetpack_featured_media_url":"https:\/\/www.grieta.org.mx\/wp-content\/uploads\/2018\/05\/f3.jpg","jetpack_sharing_enabled":true,"jetpack_shortlink":"https:\/\/wp.me\/p7ZJR4-60h","jetpack_likes_enabled":false,"jetpack-related-posts":[{"id":23079,"url":"https:\/\/www.grieta.org.mx\/index.php\/2017\/04\/10\/organizaciones-insisten-en-solicitar-alerta-de-genero-durango\/","url_meta":{"origin":23081,"position":0},"title":"Organizaciones insisten en solicitar alerta de g\u00e9nero (Durango)","author":"grieta","date":"10 abril, 2017","format":false,"excerpt":"Redacci\u00f3n\/La Voz de Durango A pesar que hay indicios de una escalada de violencia de g\u00e9nero en el estado, las autoridades insisten en no considerar como feminicidios los asesinatos de mujeres en la entidad lo que agudiza el problema, denunci\u00f3 la presidenta de Nosotras Nosotros, Selene Name. Se\u00f1al\u00f3 que el\u2026","rel":"","context":"En &quot;CINTILLO&quot;","block_context":{"text":"CINTILLO","link":"https:\/\/www.grieta.org.mx\/index.php\/category\/cintillo\/"},"img":{"alt_text":"","src":"https:\/\/i0.wp.com\/www.grieta.org.mx\/wp-content\/uploads\/2018\/03\/14524434_1106112876131411_958039263622046936_o.jpg?resize=350%2C200&ssl=1","width":350,"height":200,"srcset":"https:\/\/i0.wp.com\/www.grieta.org.mx\/wp-content\/uploads\/2018\/03\/14524434_1106112876131411_958039263622046936_o.jpg?resize=350%2C200&ssl=1 1x, https:\/\/i0.wp.com\/www.grieta.org.mx\/wp-content\/uploads\/2018\/03\/14524434_1106112876131411_958039263622046936_o.jpg?resize=525%2C300&ssl=1 1.5x, https:\/\/i0.wp.com\/www.grieta.org.mx\/wp-content\/uploads\/2018\/03\/14524434_1106112876131411_958039263622046936_o.jpg?resize=700%2C400&ssl=1 2x"},"classes":[]},{"id":23084,"url":"https:\/\/www.grieta.org.mx\/index.php\/2017\/04\/23\/durango-suma-9-feminicidios\/","url_meta":{"origin":23081,"position":1},"title":"Durango suma 9 feminicidios","author":"grieta","date":"23 abril, 2017","format":false,"excerpt":"Redacci\u00f3n\/La Voz de Durango. Se\u00f1alan que es urgente que las autoridades soliciten una alerta de g\u00e9nero aunque el proceso sea complejo. La presidenta de la organizaci\u00f3n S\u00ed Hay Mujeres en Durango, Julieta Hern\u00e1ndez Camargo denunci\u00f3 que en lo que va del a\u00f1o suman 11 casos de mujeres asesinadas, de los\u2026","rel":"","context":"En &quot;CINTILLO&quot;","block_context":{"text":"CINTILLO","link":"https:\/\/www.grieta.org.mx\/index.php\/category\/cintillo\/"},"img":{"alt_text":"","src":"https:\/\/i0.wp.com\/www.grieta.org.mx\/wp-content\/uploads\/2018\/03\/14524434_1106112876131411_958039263622046936_o.jpg?resize=350%2C200&ssl=1","width":350,"height":200,"srcset":"https:\/\/i0.wp.com\/www.grieta.org.mx\/wp-content\/uploads\/2018\/03\/14524434_1106112876131411_958039263622046936_o.jpg?resize=350%2C200&ssl=1 1x, https:\/\/i0.wp.com\/www.grieta.org.mx\/wp-content\/uploads\/2018\/03\/14524434_1106112876131411_958039263622046936_o.jpg?resize=525%2C300&ssl=1 1.5x, https:\/\/i0.wp.com\/www.grieta.org.mx\/wp-content\/uploads\/2018\/03\/14524434_1106112876131411_958039263622046936_o.jpg?resize=700%2C400&ssl=1 2x"},"classes":[]},{"id":23086,"url":"https:\/\/www.grieta.org.mx\/index.php\/2018\/04\/13\/subieron-feminicidios-en-durango-en-el-2017\/","url_meta":{"origin":23081,"position":2},"title":"Subieron feminicidios en Durango en el 2017","author":"grieta","date":"13 abril, 2018","format":false,"excerpt":"Edith Gonz\u00e1lez\/El Siglo de Durango Durante 2017, Durango registr\u00f3 un aumento de homicidios de mujeres y feminicidios seg\u00fan el estudio \"Implementaci\u00f3n del tipo penal de feminicidio en M\u00e9xico: Desaf\u00edos para acreditar las razones de g\u00e9nero 2014-2017\". En el estudio, el estado fue identificado como una de las entidades que no\u2026","rel":"","context":"En &quot;CINTILLO&quot;","block_context":{"text":"CINTILLO","link":"https:\/\/www.grieta.org.mx\/index.php\/category\/cintillo\/"},"img":{"alt_text":"","src":"https:\/\/i0.wp.com\/www.grieta.org.mx\/wp-content\/uploads\/2018\/03\/14524434_1106112876131411_958039263622046936_o.jpg?resize=350%2C200&ssl=1","width":350,"height":200,"srcset":"https:\/\/i0.wp.com\/www.grieta.org.mx\/wp-content\/uploads\/2018\/03\/14524434_1106112876131411_958039263622046936_o.jpg?resize=350%2C200&ssl=1 1x, https:\/\/i0.wp.com\/www.grieta.org.mx\/wp-content\/uploads\/2018\/03\/14524434_1106112876131411_958039263622046936_o.jpg?resize=525%2C300&ssl=1 1.5x, https:\/\/i0.wp.com\/www.grieta.org.mx\/wp-content\/uploads\/2018\/03\/14524434_1106112876131411_958039263622046936_o.jpg?resize=700%2C400&ssl=1 2x"},"classes":[]},{"id":23088,"url":"https:\/\/www.grieta.org.mx\/index.php\/2018\/05\/11\/ven-insuficiente-labor-para-frenar-feminicidios-durango\/","url_meta":{"origin":23081,"position":3},"title":"Ven insuficiente labor para frenar feminicidios (Durango)","author":"grieta","date":"11 mayo, 2018","format":false,"excerpt":"Edith Gonz\u00e1lez\/El Siglo de Durango Con todo y el proceso de Alerta de Violencia de G\u00e9nero que hay en la entidad, siete mujeres han sido asesinadas en lo que va de este a\u00f1o en el estado de Durango; la \u00faltima fue encontrada el jueves en G\u00f3mez Palacio. Las asociaciones promoventes\u2026","rel":"","context":"En &quot;CINTILLO&quot;","block_context":{"text":"CINTILLO","link":"https:\/\/www.grieta.org.mx\/index.php\/category\/cintillo\/"},"img":{"alt_text":"","src":"https:\/\/i0.wp.com\/www.grieta.org.mx\/wp-content\/uploads\/2018\/05\/f4.jpg?resize=350%2C200&ssl=1","width":350,"height":200,"srcset":"https:\/\/i0.wp.com\/www.grieta.org.mx\/wp-content\/uploads\/2018\/05\/f4.jpg?resize=350%2C200&ssl=1 1x, https:\/\/i0.wp.com\/www.grieta.org.mx\/wp-content\/uploads\/2018\/05\/f4.jpg?resize=525%2C300&ssl=1 1.5x, https:\/\/i0.wp.com\/www.grieta.org.mx\/wp-content\/uploads\/2018\/05\/f4.jpg?resize=700%2C400&ssl=1 2x"},"classes":[]},{"id":23074,"url":"https:\/\/www.grieta.org.mx\/index.php\/2015\/11\/30\/durango-presenta-12-feminicidios-durante-2015\/","url_meta":{"origin":23081,"position":4},"title":"Durango presenta 12 feminicidios durante 2015","author":"grieta","date":"30 noviembre, 2015","format":false,"excerpt":"Ricardo Magall\u00e1n\/Milenio 30 En lo que va de 2015 Durango cuenta con una cantidad de 12 cr\u00edmenes de g\u00e9nero, dijo la activista Julieta Hern\u00e1ndez Camargo, es una cifra menor que el a\u00f1o anterior que se registraron 24. Coment\u00f3 que la estad\u00edstica se genera a trav\u00e9s de las notas en los\u2026","rel":"","context":"En &quot;CINTILLO&quot;","block_context":{"text":"CINTILLO","link":"https:\/\/www.grieta.org.mx\/index.php\/category\/cintillo\/"},"img":{"alt_text":"","src":"https:\/\/i0.wp.com\/www.grieta.org.mx\/wp-content\/uploads\/2018\/05\/f2.jpg?resize=350%2C200&ssl=1","width":350,"height":200},"classes":[]},{"id":23069,"url":"https:\/\/www.grieta.org.mx\/index.php\/2014\/01\/31\/durango-en-quinto-lugar-en-feminicidios\/","url_meta":{"origin":23081,"position":5},"title":"Durango, en quinto lugar en feminicidios","author":"grieta","date":"31 enero, 2014","format":false,"excerpt":"La presidenta de la asociaci\u00f3n \"S\u00ed hay Mujeres en Durango\", Julieta Hern\u00e1ndez Camargo dijo que el estado de Durango se posiciona entre los cinco primeros lugares a nivel nacional en feminicidios, esto de acuerdo con representantes de la Organizaci\u00f3n Nacional de las Naciones Unidas (ONU) y que recientemente visitaron la\u2026","rel":"","context":"En &quot;CINTILLO&quot;","block_context":{"text":"CINTILLO","link":"https:\/\/www.grieta.org.mx\/index.php\/category\/cintillo\/"},"img":{"alt_text":"","src":"https:\/\/i0.wp.com\/www.grieta.org.mx\/wp-content\/uploads\/2018\/03\/14524434_1106112876131411_958039263622046936_o.jpg?resize=350%2C200&ssl=1","width":350,"height":200,"srcset":"https:\/\/i0.wp.com\/www.grieta.org.mx\/wp-content\/uploads\/2018\/03\/14524434_1106112876131411_958039263622046936_o.jpg?resize=350%2C200&ssl=1 1x, https:\/\/i0.wp.com\/www.grieta.org.mx\/wp-content\/uploads\/2018\/03\/14524434_1106112876131411_958039263622046936_o.jpg?resize=525%2C300&ssl=1 1.5x, https:\/\/i0.wp.com\/www.grieta.org.mx\/wp-content\/uploads\/2018\/03\/14524434_1106112876131411_958039263622046936_o.jpg?resize=700%2C400&ssl=1 2x"},"classes":[]}],"_links":{"self":[{"href":"https:\/\/www.grieta.org.mx\/index.php\/wp-json\/wp\/v2\/posts\/23081","targetHints":{"allow":["GET"]}}],"collection":[{"href":"https:\/\/www.grieta.org.mx\/index.php\/wp-json\/wp\/v2\/posts"}],"about":[{"href":"https:\/\/www.grieta.org.mx\/index.php\/wp-json\/wp\/v2\/types\/post"}],"author":[{"embeddable":true,"href":"https:\/\/www.grieta.org.mx\/index.php\/wp-json\/wp\/v2\/users\/2"}],"replies":[{"embeddable":true,"href":"https:\/\/www.grieta.org.mx\/index.php\/wp-json\/wp\/v2\/comments?post=23081"}],"version-history":[{"count":1,"href":"https:\/\/www.grieta.org.mx\/index.php\/wp-json\/wp\/v2\/posts\/23081\/revisions"}],"predecessor-version":[{"id":23083,"href":"https:\/\/www.grieta.org.mx\/index.php\/wp-json\/wp\/v2\/posts\/23081\/revisions\/23083"}],"wp:featuredmedia":[{"embeddable":true,"href":"https:\/\/www.grieta.org.mx\/index.php\/wp-json\/wp\/v2\/media\/23082"}],"wp:attachment":[{"href":"https:\/\/www.grieta.org.mx\/index.php\/wp-json\/wp\/v2\/media?parent=23081"}],"wp:term":[{"taxonomy":"category","embeddable":true,"href":"https:\/\/www.grieta.org.mx\/index.php\/wp-json\/wp\/v2\/categories?post=23081"},{"taxonomy":"post_tag","embeddable":true,"href":"https:\/\/www.grieta.org.mx\/index.php\/wp-json\/wp\/v2\/tags?post=23081"}],"curies":[{"name":"wp","href":"https:\/\/api.w.org\/{rel}","templated":true}]}}