{"id":23074,"date":"2015-11-30T00:26:51","date_gmt":"2015-11-30T06:26:51","guid":{"rendered":"http:\/\/www.grieta.org.mx\/?p=23074"},"modified":"2018-05-13T00:29:18","modified_gmt":"2018-05-13T05:29:18","slug":"durango-presenta-12-feminicidios-durante-2015","status":"publish","type":"post","link":"https:\/\/www.grieta.org.mx\/index.php\/2015\/11\/30\/durango-presenta-12-feminicidios-durante-2015\/","title":{"rendered":"Durango presenta 12 feminicidios durante 2015"},"content":{"rendered":"<p>Ricardo Magall\u00e1n\/Milenio<\/p>\n<p><img decoding=\"async\" data-attachment-id=\"23075\" data-permalink=\"https:\/\/www.grieta.org.mx\/index.php\/2015\/11\/30\/durango-presenta-12-feminicidios-durante-2015\/f2-4\/\" data-orig-file=\"https:\/\/www.grieta.org.mx\/wp-content\/uploads\/2018\/05\/f2.jpg\" data-orig-size=\"478,324\" data-comments-opened=\"0\" data-image-meta=\"{&quot;aperture&quot;:&quot;0&quot;,&quot;credit&quot;:&quot;&quot;,&quot;camera&quot;:&quot;&quot;,&quot;caption&quot;:&quot;&quot;,&quot;created_timestamp&quot;:&quot;0&quot;,&quot;copyright&quot;:&quot;&quot;,&quot;focal_length&quot;:&quot;0&quot;,&quot;iso&quot;:&quot;0&quot;,&quot;shutter_speed&quot;:&quot;0&quot;,&quot;title&quot;:&quot;&quot;,&quot;orientation&quot;:&quot;0&quot;}\" data-image-title=\"f2\" data-image-description=\"\" data-image-caption=\"\" data-medium-file=\"https:\/\/www.grieta.org.mx\/wp-content\/uploads\/2018\/05\/f2-300x203.jpg\" data-large-file=\"https:\/\/www.grieta.org.mx\/wp-content\/uploads\/2018\/05\/f2.jpg\" src=\"http:\/\/www.grieta.org.mx\/wp-content\/uploads\/2018\/05\/f2-300x203.jpg\" alt=\"\" width=\"100\"  class=\"aligncenter size-medium wp-image-23075\" srcset=\"https:\/\/www.grieta.org.mx\/wp-content\/uploads\/2018\/05\/f2-300x203.jpg 300w, https:\/\/www.grieta.org.mx\/wp-content\/uploads\/2018\/05\/f2.jpg 478w\" sizes=\"(max-width: 300px) 100vw, 300px\" \/>30<\/p>\n<p>En lo que va de 2015 Durango cuenta con una cantidad de 12 cr\u00edmenes de g\u00e9nero, dijo la activista Julieta Hern\u00e1ndez Camargo, es una cifra menor que el a\u00f1o anterior que se registraron 24.<\/p>\n<p>Coment\u00f3 que la estad\u00edstica se genera a trav\u00e9s de las notas en los medios comunicaci\u00f3n donde se detalla la forma de la muerte de las mujeres, y en el caso que tenga que ver una agresi\u00f3n sexual o que los cuerpos se encuentren desnudos, se considera como feminicidio.<\/p>\n<p>Explic\u00f3 que un asesinato en el que encuentra que se dio extrema crueldad, es considerado como un feminicidio, adem\u00e1s cuando el cuerpo es expuesto tambi\u00e9n se le considera como muerte por cuestiones de g\u00e9nero.<\/p>\n<p>Reconoci\u00f3 que hay trabajo de las autoridades en el tema, pero hace falta afinar las estrategias y las leyes para erradicar este problema que se sigue dando en Durango.<\/p>\n<p>&#8220;Esa es al gran discusi\u00f3n en todo el pa\u00eds, no nada m\u00e1s aqu\u00ed en Durango, que la autoridad muchas veces trata de omitir el tema del feminicidio diciendo que la mataron (a la mujer) por otras causas y no por ser mujer&#8221;.<\/p>\n<p>Otro de los puntos mencionados tiene que ver con la ambig\u00fcedad en la ley para considerar un homicidio con una muerte por cuestiones de g\u00e9nero, y que hace falta tipificar a nivel nacional como delito.<\/p>\n<p>&#8220;En Durango est\u00e1 mal el tema, hemos sido nota nacional porque no tenemos tipificado el feminicidio como tal, sino como una agravante del homicidio&#8221;.<\/p>\n<p>&#8220;Hay razones por las que lo hicieron y yo no coincido, porque si a un hombre no se le demuestra que fue feminicidio saldr\u00eda libre&#8221;.<\/p>\n<p>Indic\u00f3 que la dificultad que hay para tener una cifra certera sobre muerte de mujeres como asunto de g\u00e9nero, es que no se cuenta con legislaci\u00f3n puntual al respecto.<\/p>\n<p>Finalmente, que en la mayor\u00eda de los casos, antes de la muerte de las mujeres son violadas, pero son datos que no se dan a conocer. <\/p>\n<p><a href=\"http:\/\/www.milenio.com\/region\/Julieta_Hernandez_Camargo-feminicidios_Durango-Homicidios_Durango_0_637736476.html\" rel=\"noopener\" target=\"_blank\">http:\/\/www.milenio.com\/region\/Julieta_Hernandez_Camargo-feminicidios_Durango-Homicidios_Durango_0_637736476.html<\/a><\/p>\n","protected":false},"excerpt":{"rendered":"<p>Ricardo Magall\u00e1n\/Milenio 30 En lo que va de 2015 Durango cuenta con una cantidad de 12 cr\u00edmenes de g\u00e9nero, dijo la activista Julieta Hern\u00e1ndez Camargo, es una cifra menor que &hellip; <a href=\"https:\/\/www.grieta.org.mx\/index.php\/2015\/11\/30\/durango-presenta-12-feminicidios-durante-2015\/\" class=\"more-link\">Leer m\u00e1s<\/a><\/p>\n","protected":false},"author":2,"featured_media":23075,"comment_status":"closed","ping_status":"closed","sticky":false,"template":"","format":"standard","meta":{"ngg_post_thumbnail":0,"_jetpack_newsletter_access":"","_jetpack_dont_email_post_to_subs":false,"_jetpack_newsletter_tier_id":0,"_jetpack_memberships_contains_paywalled_content":false,"_jetpack_memberships_contains_paid_content":false,"footnotes":""},"categories":[80,84,1222],"tags":[81],"class_list":["post-23074","post","type-post","status-publish","format-standard","has-post-thumbnail","hentry","category-cintillo","category-feminicidios","category-feminicidios-en-durango","tag-feminicidios","entry"],"jetpack_featured_media_url":"https:\/\/www.grieta.org.mx\/wp-content\/uploads\/2018\/05\/f2.jpg","jetpack_sharing_enabled":true,"jetpack_shortlink":"https:\/\/wp.me\/p7ZJR4-60a","jetpack_likes_enabled":false,"jetpack-related-posts":[{"id":23081,"url":"https:\/\/www.grieta.org.mx\/index.php\/2017\/04\/10\/durango-en-lugar-critico-en-feminicidios-name\/","url_meta":{"origin":23074,"position":0},"title":"Durango, en lugar cr\u00edtico en feminicidios: Name","author":"grieta","date":"10 abril, 2017","format":false,"excerpt":"Belem Hern\u00e1ndez\/El Sol de Durango Es necesario que Durango se una a las 17 entidades que cuentan con la alerta de g\u00e9nero, explic\u00f3 Selene Name, representante de la asociaci\u00f3n civil \u201cNosotras Nosotros Durango\u201d, ante los \u00faltimos hechos registrados en los cuales se encontr\u00f3 el cad\u00e1ver calcinado de una jovencita en\u2026","rel":"","context":"En &quot;CINTILLO&quot;","block_context":{"text":"CINTILLO","link":"https:\/\/www.grieta.org.mx\/index.php\/category\/cintillo\/"},"img":{"alt_text":"","src":"https:\/\/i0.wp.com\/www.grieta.org.mx\/wp-content\/uploads\/2018\/05\/f3.jpg?resize=350%2C200&ssl=1","width":350,"height":200,"srcset":"https:\/\/i0.wp.com\/www.grieta.org.mx\/wp-content\/uploads\/2018\/05\/f3.jpg?resize=350%2C200&ssl=1 1x, https:\/\/i0.wp.com\/www.grieta.org.mx\/wp-content\/uploads\/2018\/05\/f3.jpg?resize=525%2C300&ssl=1 1.5x"},"classes":[]},{"id":23086,"url":"https:\/\/www.grieta.org.mx\/index.php\/2018\/04\/13\/subieron-feminicidios-en-durango-en-el-2017\/","url_meta":{"origin":23074,"position":1},"title":"Subieron feminicidios en Durango en el 2017","author":"grieta","date":"13 abril, 2018","format":false,"excerpt":"Edith Gonz\u00e1lez\/El Siglo de Durango Durante 2017, Durango registr\u00f3 un aumento de homicidios de mujeres y feminicidios seg\u00fan el estudio \"Implementaci\u00f3n del tipo penal de feminicidio en M\u00e9xico: Desaf\u00edos para acreditar las razones de g\u00e9nero 2014-2017\". En el estudio, el estado fue identificado como una de las entidades que no\u2026","rel":"","context":"En &quot;CINTILLO&quot;","block_context":{"text":"CINTILLO","link":"https:\/\/www.grieta.org.mx\/index.php\/category\/cintillo\/"},"img":{"alt_text":"","src":"https:\/\/i0.wp.com\/www.grieta.org.mx\/wp-content\/uploads\/2018\/03\/14524434_1106112876131411_958039263622046936_o.jpg?resize=350%2C200&ssl=1","width":350,"height":200,"srcset":"https:\/\/i0.wp.com\/www.grieta.org.mx\/wp-content\/uploads\/2018\/03\/14524434_1106112876131411_958039263622046936_o.jpg?resize=350%2C200&ssl=1 1x, https:\/\/i0.wp.com\/www.grieta.org.mx\/wp-content\/uploads\/2018\/03\/14524434_1106112876131411_958039263622046936_o.jpg?resize=525%2C300&ssl=1 1.5x, https:\/\/i0.wp.com\/www.grieta.org.mx\/wp-content\/uploads\/2018\/03\/14524434_1106112876131411_958039263622046936_o.jpg?resize=700%2C400&ssl=1 2x"},"classes":[]},{"id":23077,"url":"https:\/\/www.grieta.org.mx\/index.php\/2017\/02\/23\/preocupan-muertes-de-mujeres-en-la-laguna-durango\/","url_meta":{"origin":23074,"position":2},"title":"Preocupan muertes de mujeres en La Laguna (Durango)","author":"grieta","date":"23 febrero, 2017","format":false,"excerpt":"Fernanda Andrade\/El Siglo de Durango Integrantes de la Red Regional de Mujeres, grupo que funciona desde hace 23 a\u00f1os a base de activismo y asesor\u00eda de mujeres que sufren violencia, manifestaron que tienen conocimiento de cinco feminicidios en el presente a\u00f1o, los cuales llaman la atenci\u00f3n por las condiciones en\u2026","rel":"","context":"En &quot;CINTILLO&quot;","block_context":{"text":"CINTILLO","link":"https:\/\/www.grieta.org.mx\/index.php\/category\/cintillo\/"},"img":{"alt_text":"","src":"https:\/\/i0.wp.com\/www.grieta.org.mx\/wp-content\/uploads\/2018\/03\/14524434_1106112876131411_958039263622046936_o.jpg?resize=350%2C200&ssl=1","width":350,"height":200,"srcset":"https:\/\/i0.wp.com\/www.grieta.org.mx\/wp-content\/uploads\/2018\/03\/14524434_1106112876131411_958039263622046936_o.jpg?resize=350%2C200&ssl=1 1x, https:\/\/i0.wp.com\/www.grieta.org.mx\/wp-content\/uploads\/2018\/03\/14524434_1106112876131411_958039263622046936_o.jpg?resize=525%2C300&ssl=1 1.5x, https:\/\/i0.wp.com\/www.grieta.org.mx\/wp-content\/uploads\/2018\/03\/14524434_1106112876131411_958039263622046936_o.jpg?resize=700%2C400&ssl=1 2x"},"classes":[]},{"id":23084,"url":"https:\/\/www.grieta.org.mx\/index.php\/2017\/04\/23\/durango-suma-9-feminicidios\/","url_meta":{"origin":23074,"position":3},"title":"Durango suma 9 feminicidios","author":"grieta","date":"23 abril, 2017","format":false,"excerpt":"Redacci\u00f3n\/La Voz de Durango. Se\u00f1alan que es urgente que las autoridades soliciten una alerta de g\u00e9nero aunque el proceso sea complejo. La presidenta de la organizaci\u00f3n S\u00ed Hay Mujeres en Durango, Julieta Hern\u00e1ndez Camargo denunci\u00f3 que en lo que va del a\u00f1o suman 11 casos de mujeres asesinadas, de los\u2026","rel":"","context":"En &quot;CINTILLO&quot;","block_context":{"text":"CINTILLO","link":"https:\/\/www.grieta.org.mx\/index.php\/category\/cintillo\/"},"img":{"alt_text":"","src":"https:\/\/i0.wp.com\/www.grieta.org.mx\/wp-content\/uploads\/2018\/03\/14524434_1106112876131411_958039263622046936_o.jpg?resize=350%2C200&ssl=1","width":350,"height":200,"srcset":"https:\/\/i0.wp.com\/www.grieta.org.mx\/wp-content\/uploads\/2018\/03\/14524434_1106112876131411_958039263622046936_o.jpg?resize=350%2C200&ssl=1 1x, https:\/\/i0.wp.com\/www.grieta.org.mx\/wp-content\/uploads\/2018\/03\/14524434_1106112876131411_958039263622046936_o.jpg?resize=525%2C300&ssl=1 1.5x, https:\/\/i0.wp.com\/www.grieta.org.mx\/wp-content\/uploads\/2018\/03\/14524434_1106112876131411_958039263622046936_o.jpg?resize=700%2C400&ssl=1 2x"},"classes":[]},{"id":23079,"url":"https:\/\/www.grieta.org.mx\/index.php\/2017\/04\/10\/organizaciones-insisten-en-solicitar-alerta-de-genero-durango\/","url_meta":{"origin":23074,"position":4},"title":"Organizaciones insisten en solicitar alerta de g\u00e9nero (Durango)","author":"grieta","date":"10 abril, 2017","format":false,"excerpt":"Redacci\u00f3n\/La Voz de Durango A pesar que hay indicios de una escalada de violencia de g\u00e9nero en el estado, las autoridades insisten en no considerar como feminicidios los asesinatos de mujeres en la entidad lo que agudiza el problema, denunci\u00f3 la presidenta de Nosotras Nosotros, Selene Name. Se\u00f1al\u00f3 que el\u2026","rel":"","context":"En &quot;CINTILLO&quot;","block_context":{"text":"CINTILLO","link":"https:\/\/www.grieta.org.mx\/index.php\/category\/cintillo\/"},"img":{"alt_text":"","src":"https:\/\/i0.wp.com\/www.grieta.org.mx\/wp-content\/uploads\/2018\/03\/14524434_1106112876131411_958039263622046936_o.jpg?resize=350%2C200&ssl=1","width":350,"height":200,"srcset":"https:\/\/i0.wp.com\/www.grieta.org.mx\/wp-content\/uploads\/2018\/03\/14524434_1106112876131411_958039263622046936_o.jpg?resize=350%2C200&ssl=1 1x, https:\/\/i0.wp.com\/www.grieta.org.mx\/wp-content\/uploads\/2018\/03\/14524434_1106112876131411_958039263622046936_o.jpg?resize=525%2C300&ssl=1 1.5x, https:\/\/i0.wp.com\/www.grieta.org.mx\/wp-content\/uploads\/2018\/03\/14524434_1106112876131411_958039263622046936_o.jpg?resize=700%2C400&ssl=1 2x"},"classes":[]},{"id":31745,"url":"https:\/\/www.grieta.org.mx\/index.php\/2019\/03\/31\/en-2-meses-de-2019-record-de-feminicidio\/","url_meta":{"origin":23074,"position":5},"title":"En 2 meses de 2019, r\u00e9cord de feminicidio","author":"grieta","date":"31 marzo, 2019","format":false,"excerpt":"Desde 2015, a\u00f1o en que se comenz\u00f3 el historial de presuntos feminicidios en el Sistema Nacional de Seguridad P\u00fablica, la tendencia ha sido siempre al alza. Ver\u00f3nica D\u00edaz, Milenio Ciudad de M\u00e9xico \/ 31.03.2019 05:04:24 Ning\u00fan inicio de a\u00f1o desde 2015 hab\u00eda sido tan violento para las mujeres como este\u2026","rel":"","context":"En &quot;Colima&quot;","block_context":{"text":"Colima","link":"https:\/\/www.grieta.org.mx\/index.php\/category\/noticias-nacionales\/colima\/"},"img":{"alt_text":"","src":"https:\/\/i0.wp.com\/www.grieta.org.mx\/wp-content\/uploads\/2019\/04\/mujeres-protestas-contra-los-feminicidios_0_24_640_399.jpg?resize=350%2C200&ssl=1","width":350,"height":200,"srcset":"https:\/\/i0.wp.com\/www.grieta.org.mx\/wp-content\/uploads\/2019\/04\/mujeres-protestas-contra-los-feminicidios_0_24_640_399.jpg?resize=350%2C200&ssl=1 1x, https:\/\/i0.wp.com\/www.grieta.org.mx\/wp-content\/uploads\/2019\/04\/mujeres-protestas-contra-los-feminicidios_0_24_640_399.jpg?resize=525%2C300&ssl=1 1.5x, https:\/\/i0.wp.com\/www.grieta.org.mx\/wp-content\/uploads\/2019\/04\/mujeres-protestas-contra-los-feminicidios_0_24_640_399.jpg?resize=700%2C400&ssl=1 2x"},"classes":[]}],"_links":{"self":[{"href":"https:\/\/www.grieta.org.mx\/index.php\/wp-json\/wp\/v2\/posts\/23074","targetHints":{"allow":["GET"]}}],"collection":[{"href":"https:\/\/www.grieta.org.mx\/index.php\/wp-json\/wp\/v2\/posts"}],"about":[{"href":"https:\/\/www.grieta.org.mx\/index.php\/wp-json\/wp\/v2\/types\/post"}],"author":[{"embeddable":true,"href":"https:\/\/www.grieta.org.mx\/index.php\/wp-json\/wp\/v2\/users\/2"}],"replies":[{"embeddable":true,"href":"https:\/\/www.grieta.org.mx\/index.php\/wp-json\/wp\/v2\/comments?post=23074"}],"version-history":[{"count":1,"href":"https:\/\/www.grieta.org.mx\/index.php\/wp-json\/wp\/v2\/posts\/23074\/revisions"}],"predecessor-version":[{"id":23076,"href":"https:\/\/www.grieta.org.mx\/index.php\/wp-json\/wp\/v2\/posts\/23074\/revisions\/23076"}],"wp:featuredmedia":[{"embeddable":true,"href":"https:\/\/www.grieta.org.mx\/index.php\/wp-json\/wp\/v2\/media\/23075"}],"wp:attachment":[{"href":"https:\/\/www.grieta.org.mx\/index.php\/wp-json\/wp\/v2\/media?parent=23074"}],"wp:term":[{"taxonomy":"category","embeddable":true,"href":"https:\/\/www.grieta.org.mx\/index.php\/wp-json\/wp\/v2\/categories?post=23074"},{"taxonomy":"post_tag","embeddable":true,"href":"https:\/\/www.grieta.org.mx\/index.php\/wp-json\/wp\/v2\/tags?post=23074"}],"curies":[{"name":"wp","href":"https:\/\/api.w.org\/{rel}","templated":true}]}}