{"id":22876,"date":"2017-07-30T22:15:12","date_gmt":"2017-07-31T03:15:12","guid":{"rendered":"http:\/\/www.grieta.org.mx\/?p=22876"},"modified":"2018-05-06T00:33:16","modified_gmt":"2018-05-06T05:33:16","slug":"desaparecidos-en-un-abismo-de-impunidad-chihuahua","status":"publish","type":"post","link":"https:\/\/www.grieta.org.mx\/index.php\/2017\/07\/30\/desaparecidos-en-un-abismo-de-impunidad-chihuahua\/","title":{"rendered":"Desaparecidos en un abismo de impunidad (Chihuahua)"},"content":{"rendered":"<p><img loading=\"lazy\" decoding=\"async\" data-attachment-id=\"22880\" data-permalink=\"https:\/\/www.grieta.org.mx\/index.php\/2017\/07\/30\/desaparecidos-en-un-abismo-de-impunidad-chihuahua\/desaparecidos-chihuahua\/\" data-orig-file=\"https:\/\/www.grieta.org.mx\/wp-content\/uploads\/2018\/05\/desaparecidos-Chihuahua.jpg\" data-orig-size=\"620,350\" data-comments-opened=\"0\" data-image-meta=\"{&quot;aperture&quot;:&quot;0&quot;,&quot;credit&quot;:&quot;&quot;,&quot;camera&quot;:&quot;&quot;,&quot;caption&quot;:&quot;&quot;,&quot;created_timestamp&quot;:&quot;0&quot;,&quot;copyright&quot;:&quot;&quot;,&quot;focal_length&quot;:&quot;0&quot;,&quot;iso&quot;:&quot;0&quot;,&quot;shutter_speed&quot;:&quot;0&quot;,&quot;title&quot;:&quot;&quot;,&quot;orientation&quot;:&quot;0&quot;}\" data-image-title=\"desaparecidos Chihuahua\" data-image-description=\"\" data-image-caption=\"\" data-medium-file=\"https:\/\/www.grieta.org.mx\/wp-content\/uploads\/2018\/05\/desaparecidos-Chihuahua-300x169.jpg\" data-large-file=\"https:\/\/www.grieta.org.mx\/wp-content\/uploads\/2018\/05\/desaparecidos-Chihuahua.jpg\" src=\"http:\/\/www.grieta.org.mx\/wp-content\/uploads\/2018\/05\/desaparecidos-Chihuahua.jpg\" alt=\"\" width=\"620\" height=\"350\" class=\"aligncenter size-full wp-image-22880\" srcset=\"https:\/\/www.grieta.org.mx\/wp-content\/uploads\/2018\/05\/desaparecidos-Chihuahua.jpg 620w, https:\/\/www.grieta.org.mx\/wp-content\/uploads\/2018\/05\/desaparecidos-Chihuahua-300x169.jpg 300w\" sizes=\"auto, (max-width: 620px) 100vw, 620px\" \/><\/p>\n<blockquote><p>Cuauht\u00e9moc tiene una tasa de 110 personas desaparecidas por cada 100 mil habitantes<\/p><\/blockquote>\n<p>CUAUHT\u00c9MOC, CHIH. (Apro).- Guillermina Aguilar y Jes\u00fas Roberto Ch\u00e1vez tuvieron que esperar cinco a\u00f1os para reunirse con su hijo, Juli\u00e1n Iv\u00e1n, quien se &#8220;comunicaba\u201d en sue\u00f1os con su madre para que no desfalleciera en su b\u00fasqueda e informarle que estaba &#8220;en los primeros tres montones de Tamaulipas\u201d.<br \/>\nJuli\u00e1n Iv\u00e1n Ch\u00e1vez Aguilar desapareci\u00f3 el 8 de marzo de 2012, luego de ser detenido por polic\u00edas municipales de Cuauht\u00e9moc cuando manejaba ebrio. El auto, un Grand Marquis 86, apareci\u00f3 en el corral\u00f3n municipal, pero los agentes no dejaron rastro del ingreso o la salida del joven de los separos.<br \/>\nDespu\u00e9s de 20 d\u00edas de b\u00fasqueda y de interponer una denuncia, Guillermina recibi\u00f3 una llamada de su hijo desde Nuevo Laredo, Tamaulipas, para pedirle que retirara la denuncia. Por llamadas sucesivas muy cortas, la mujer supo que Iv\u00e1n fue llevado a mil kil\u00f3metros de Cuauht\u00e9moc junto con otros 20 j\u00f3venes y que a todos se les oblig\u00f3 a deshacerse de sus identificaciones.<br \/>\nGracias a los abogados del Centro de Derechos Humanos de las Mujeres (Cedehm), Guillermina y su esposo, Jes\u00fas Roberto, lograron reactivar la denuncia que ya se hab\u00eda archivado en la delegaci\u00f3n de Fiscal\u00eda General en Cuauht\u00e9moc. Adem\u00e1s, en 2013 se integr\u00f3 un expediente de b\u00fasqueda en Tamaulipas y a la pareja se le tomaron muestras de ADN que supuestamente fueron cotejadas con otros estados.<br \/>\nEn 2014 personal de la Fiscal\u00eda en Chihuahua les sugiri\u00f3 que ya no lo buscaran, pues cre\u00edan que &#8220;se hab\u00eda integrado a Los Zetas\u201d. Entonces empezaron los sue\u00f1os: &#8220;Iv\u00e1n me insist\u00eda en sue\u00f1os que buscara en los montones. Yo viv\u00eda con la angustia de no saber de qu\u00e9 se trataba\u201d, relata Guillermina en entrevista.<br \/>\nTRABAJO DE ANTROP\u00d3LOGOS<br \/>\nEn enero pasado, tras la firma de un contrato entre el gobierno de Javier Corral y el Equipo Argentino de Antropolog\u00eda Forense (EAAF), Guillermina supo d\u00f3nde qued\u00f3 su hijo, gracias a un diente que se le cay\u00f3 a Iv\u00e1n cuando era peque\u00f1o y que ella guard\u00f3 celosamente.<br \/>\nCon trabajo previo de identificaci\u00f3n de restos en Tamaulipas, la coordinadora del EAAF, Mercedes Doretti, tom\u00f3 el caso de Guillermina tras advertirle que usar\u00eda el diente de Iv\u00e1n.<br \/>\nGuillermina relata: &#8220;Cuando me dijeron que probablemente el cuerpo estar\u00eda en una de tres fosas comunes en Nuevo Laredo, donde se depositaron cuerpos no identificados de la \u00e9poca en que desapareci\u00f3 mi hijo, pens\u00e9: \u2018\u00a1H\u00edjole, esos eran los montones!\u2019 No daba cr\u00e9dito.<br \/>\n&#8220;Luego nos enteramos de que el cuerpo de mi hijo estaba en una tumba aparte. Mimi (Doretti) lo encontr\u00f3 porque insisti\u00f3 en cotejar el ADN del diente con la base de datos de la PGR. Se tardaron un mes en encontrarlo y, de acuerdo con el expediente en Tamaulipas, mi hijo falleci\u00f3 en mayo de 2012. Desde entonces ten\u00edan su perfil gen\u00e9tico y por lo visto nunca lo cotejaron con el nuestro, tuvo que venir el EAAF a hacer ese trabajo.\u201d<br \/>\nNo es la primera vez que el EAAF colabora con el gobierno de Chihuahua. Entre 2004 y 2010, el equipo de antrop\u00f3logos intervino en el proyecto de identificaci\u00f3n de cuerpos de mujeres no identificadas en Ciudad Ju\u00e1rez y Chihuahua, la capital del estado.<br \/>\nDe una base inicial de 24 restos en Ciudad Ju\u00e1rez y 12 en Chihuahua, en 2005 el EAAF termin\u00f3 por revisar 107, de los cuales pudo identificar plenamente a 26 de la ciudad fronteriza y siete de la capital. El resto, 74, siguen esperando a ser identificados.<br \/>\nEl nuevo convenio fue parte de los compromisos ante la Corte Interamericana de Derechos Humanos que el ex gobernador C\u00e9sar Duarte manten\u00eda sin cumplir desde 2014, luego de que se localizaron restos \u00f3seos en municipios cercanos a la sierra.<br \/>\nDe acuerdo con el fiscal general C\u00e9sar Augusto Peniche, en una primera fase el EAAF deber\u00e1 procesar 60 muestras \u00f3seas en su laboratorio de ADN de C\u00f3rdoba, Argentina, y las muestras sangu\u00edneas de los familiares en un laboratorio de Estados Unidos, con la expectativa de que en 11 meses se cumpla con las fases establecidas.<br \/>\nLa gran mayor\u00eda de las familias que esperan resultados son originarias de Cuauht\u00e9moc, municipio que ocupa el primer lugar nacional en desaparici\u00f3n de personas, lo que reconoce el fiscal general.<br \/>\nEL CRIMEN EMPODERADO<br \/>\nEn respuesta al cuestionario que se le envi\u00f3 por correo electr\u00f3nico, el fiscal general del estado inform\u00f3 que, con 406 denuncias por desaparici\u00f3n de un total de mil 790, de 2010 a la fecha &#8220;la regi\u00f3n occidente del estado en la que se encuentra Cuauht\u00e9moc tiene una tasa de 110 personas desaparecidas por cada 100 mil habitantes, pero si se considera s\u00f3lo la poblaci\u00f3n masculina, la tasa asciende a 202.76 personas por cada 100 mil habitantes\u201d.<br \/>\nEsta localidad supera en incidencia de desapariciones incluso a la zona norte del estado, donde est\u00e1n los municipios fronterizos como Ciudad Ju\u00e1rez, donde hasta hoy la Fiscal\u00eda General tiene reportes de 741 desapariciones, 110 de ellas de mujeres, con una tasa de 46 v\u00edctimas por cada 100 mil habitantes.<br \/>\nDe acuerdo con el diagn\u00f3stico de desapariciones realizado por la Fiscal\u00eda, en t\u00e9rminos generales la mayor parte de las v\u00edctimas mujeres son &#8220;j\u00f3venes entre 12 y 17 a\u00f1os de edad, de ocupaci\u00f3n estudiantes, solteras\u201d, y como causas de su ausencia se registran &#8220;problemas familiares y ausencia por diversi\u00f3n con amigos y\/o amigas y\/o con la pareja sentimental\u201d, aunque hay casos que apuntan a trata de personas, como indican los hallazgos de restos en el Arroyo del Navajo, comenta Peniche.<br \/>\nEn el caso de los hombres, oscilan entre los 30 y 44 a\u00f1os y la gran mayor\u00eda de las desapariciones \u2014a decir del fiscal general\u2014 &#8220;se encuentra vinculada a las diferentes modalidades de la delincuencia organizada. Tiene que ver con problemas entre rivales de bandas delictivas por el control de la droga o por los territorios para el narcomenudeo\u201d.<br \/>\nSin embargo, para Ruth Fierro, coordinadora del Cedehm \u2014organizaci\u00f3n que ha documentado alrededor de 170 casos de desaparici\u00f3n en la entidad\u2014, si bien es cierto que la disputa de las bandas por el control del territorio es un detonante, &#8220;la ausencia de b\u00fasqueda o de investigaci\u00f3n\u201d ha sido sin duda un incentivo de este delito, sobre todo durante el sexenio de C\u00e9sar Duarte, quien en p\u00fablico y en privado negaba la existencia del problema.<br \/>\nTras analizar los casos, la defensora considera que a final de cuentas el problema se resume en que &#8220;hay un excesivo empoderamiento del crimen organizado, que tiene un fuerte control sobre todo en municipios con poblaci\u00f3n rural cercanos a la sierra, mantiene una estrecha colusi\u00f3n con polic\u00edas municipales y desaparece (a las personas) simplemente porque puede\u201d.<br \/>\nEsa situaci\u00f3n se refleja, en una localidad tan peque\u00f1a como Cuauht\u00e9moc, en los casos de Alejandra Olaya Chanez Dozal, de 16 a\u00f1os, desaparecida en julio de 2009, as\u00ed como de Alfredo Quezada Arana, de 36, y Luis Carlos Hern\u00e1ndez S\u00e1nchez, desaparecidos en 2010, adem\u00e1s de Jes\u00fas Alfredo Delgado V\u00e1zquez, de 21 a\u00f1os, desaparecido en septiembre de 2013, o uno de los m\u00e1s recientes, Leonel Ra\u00fal N\u00e1jera Frescas, visto por \u00faltima vez el pasado 17 de junio.<br \/>\nNinguna de las v\u00edctimas ten\u00eda conexi\u00f3n con el crimen organizado, fueron familias quienes de inmediato iniciaron la b\u00fasqueda e investigaci\u00f3n y \u2014con excepci\u00f3n del caso de N\u00e1jera Frescas\u2014, al obtener copias de los expedientes por intervenci\u00f3n del Cedehm, detectaron que estaban engrosados, entre otras cosas, con solicitudes de cotejo de perfiles gen\u00e9ticos en otras entidades del pa\u00eds a las que de forma sistem\u00e1tica se les dio respuesta negativa, como ocurri\u00f3 con el caso del hijo de Guillermina.<br \/>\nEl Cedehm tiene otros registros en los que el crimen organizado ha hecho alarde de su poder en casos de desaparici\u00f3n masiva. Aunque las v\u00edctimas son trabajadores de empresas, \u00e9stas se negaron a colaborar con las familias en las b\u00fasquedas y las dejaron en abandono.<br \/>\nY ha documentado un caso paradigm\u00e1tico de la colusi\u00f3n del crimen organizado con la polic\u00eda municipal: ocho integrantes de la familia Mu\u00f1oz Veleta, de la colonia An\u00e1huac, fueron sacados de sus casas por hombres armados que portaban chalecos con las insignias de la Polic\u00eda Federal y se transportaban en camionetas particulares. Esta investigaci\u00f3n forma parte de la serie sobre las desapariciones forzadas en el pa\u00eds, que se inici\u00f3 en la edici\u00f3n 2114 con el reportaje sobre Coahuila.<\/p>\n<p><a href=\"http:\/\/www.eldiariodecoahuila.com.mx\/nacional\/2017\/7\/30\/desaparecidos-abismo-impunidad-667513.html\" rel=\"noopener\" target=\"_blank\">http:\/\/www.eldiariodecoahuila.com.mx\/nacional\/2017\/7\/30\/desaparecidos-abismo-impunidad-667513.html<\/a><\/p>\n","protected":false},"excerpt":{"rendered":"<p>Cuauht\u00e9moc tiene una tasa de 110 personas desaparecidas por cada 100 mil habitantes CUAUHT\u00c9MOC, CHIH. (Apro).- Guillermina Aguilar y Jes\u00fas Roberto Ch\u00e1vez tuvieron que esperar cinco a\u00f1os para reunirse con &hellip; <a href=\"https:\/\/www.grieta.org.mx\/index.php\/2017\/07\/30\/desaparecidos-en-un-abismo-de-impunidad-chihuahua\/\" class=\"more-link\">Leer m\u00e1s<\/a><\/p>\n","protected":false},"author":2,"featured_media":22880,"comment_status":"closed","ping_status":"closed","sticky":false,"template":"","format":"standard","meta":{"ngg_post_thumbnail":0,"_jetpack_newsletter_access":"","_jetpack_dont_email_post_to_subs":false,"_jetpack_newsletter_tier_id":0,"_jetpack_memberships_contains_paywalled_content":false,"_jetpack_memberships_contains_paid_content":false,"footnotes":""},"categories":[12,80,87,1042,2,83],"tags":[121],"class_list":["post-22876","post","type-post","status-publish","format-standard","has-post-thumbnail","hentry","category-chihuahua","category-cintillo","category-desaparecidos","category-desaparecidos-en-chihuahua","category-noticias-nacionales","category-temas-nacionales","tag-desaparecidos","entry"],"jetpack_featured_media_url":"https:\/\/www.grieta.org.mx\/wp-content\/uploads\/2018\/05\/desaparecidos-Chihuahua.jpg","jetpack_sharing_enabled":true,"jetpack_shortlink":"https:\/\/wp.me\/p7ZJR4-5WY","jetpack_likes_enabled":false,"jetpack-related-posts":[{"id":31782,"url":"https:\/\/www.grieta.org.mx\/index.php\/2019\/04\/03\/culpables-exmandos-policiacos-desaparecieron-a-3-jovenes-en-chihuahua\/","url_meta":{"origin":22876,"position":0},"title":"\u00a1Culpables! Exmandos policiacos desaparecieron a 3 j\u00f3venes en Chihuahua","author":"grieta","date":"3 abril, 2019","format":false,"excerpt":"Redacci\u00f3n\/UNOTV Jes\u00fas Cort\u00e9s Jim\u00e9nez e Israel C\u00f3rdova Castro, dos exjefes de la Comisi\u00f3n Estatal de Seguridad (CES) fueron declarados culpables al demostrarse que ambos participaron en la desaparici\u00f3n de tres j\u00f3venes en la ciudad de Cuauht\u00e9moc. Tras 12 horas de audiencia, un Tribunal Colegiado emiti\u00f3 el fallo condenatorio. La Fiscal\u00eda\u2026","rel":"","context":"En &quot;Chihuahua&quot;","block_context":{"text":"Chihuahua","link":"https:\/\/www.grieta.org.mx\/index.php\/category\/noticias-nacionales\/chihuahua\/"},"img":{"alt_text":"","src":"https:\/\/i0.wp.com\/www.grieta.org.mx\/wp-content\/uploads\/2019\/04\/Chihuahua-desaparecidos1.jpg?resize=350%2C200&ssl=1","width":350,"height":200,"srcset":"https:\/\/i0.wp.com\/www.grieta.org.mx\/wp-content\/uploads\/2019\/04\/Chihuahua-desaparecidos1.jpg?resize=350%2C200&ssl=1 1x, https:\/\/i0.wp.com\/www.grieta.org.mx\/wp-content\/uploads\/2019\/04\/Chihuahua-desaparecidos1.jpg?resize=525%2C300&ssl=1 1.5x, https:\/\/i0.wp.com\/www.grieta.org.mx\/wp-content\/uploads\/2019\/04\/Chihuahua-desaparecidos1.jpg?resize=700%2C400&ssl=1 2x"},"classes":[]},{"id":486,"url":"https:\/\/www.grieta.org.mx\/index.php\/2015\/05\/09\/unos-50-familiares-de-desaparecidos-en-chihuahua-salen-en-caravana-al-df\/","url_meta":{"origin":22876,"position":1},"title":"Unos 50 familiares de desaparecidos en Chihuahua salen en caravana al DF","author":"grieta","date":"9 mayo, 2015","format":false,"excerpt":"La Jornada Ciudad Ju\u00e1rez, Chih. Unas 50 madres de desaparecidos en los municipios de Ciudad Ju\u00e1rez, Cuauht\u00e9moc y Chihuahua capital partieron desde esta localidad fronteriza a la ciudad de M\u00e9xico para participar en la Marcha por la dignidad nacional de madres buscando a nuestros hijos e hijas, buscando la justicia\u2026","rel":"","context":"En &quot;chihuahua&quot;","block_context":{"text":"chihuahua","link":"https:\/\/www.grieta.org.mx\/index.php\/category\/chihuahua\/"},"img":{"alt_text":"","src":"https:\/\/i0.wp.com\/www.grieta.org.mx\/wp-content\/uploads\/2018\/03\/14524434_1106112876131411_958039263622046936_o.jpg?resize=350%2C200&ssl=1","width":350,"height":200,"srcset":"https:\/\/i0.wp.com\/www.grieta.org.mx\/wp-content\/uploads\/2018\/03\/14524434_1106112876131411_958039263622046936_o.jpg?resize=350%2C200&ssl=1 1x, https:\/\/i0.wp.com\/www.grieta.org.mx\/wp-content\/uploads\/2018\/03\/14524434_1106112876131411_958039263622046936_o.jpg?resize=525%2C300&ssl=1 1.5x, https:\/\/i0.wp.com\/www.grieta.org.mx\/wp-content\/uploads\/2018\/03\/14524434_1106112876131411_958039263622046936_o.jpg?resize=700%2C400&ssl=1 2x"},"classes":[]},{"id":427,"url":"https:\/\/www.grieta.org.mx\/index.php\/2016\/08\/31\/familiares-de-desaparecidos-exigen-justicia\/","url_meta":{"origin":22876,"position":2},"title":"Familiares de desaparecidos exigen justicia","author":"grieta","date":"31 agosto, 2016","format":false,"excerpt":"31\/08\/16. \u201c\u00a1Duarte, nos fallaste!\u201d, recriminan familiares de desaparecidos en ChihuahuaProceso 10\/05\/16. Lloran mujeres por sus hijos desaparecidosEl Diario 09\/15\/16. Chihuahua: caravana de madres de desaparecidos parte a CDMXLa jornada 14\/04\/16. Duarte encubre fosas a forenses argentinos, dicen familiasSin Embargo 13\/04\/16. Acusa AI intimidaci\u00f3n de autoridades de Chihuahua sobre familiares de\u2026","rel":"","context":"En &quot;Chihuahua&quot;","block_context":{"text":"Chihuahua","link":"https:\/\/www.grieta.org.mx\/index.php\/category\/noticias-nacionales\/chihuahua\/"},"img":{"alt_text":"","src":"https:\/\/i0.wp.com\/www.grieta.org.mx\/wp-content\/uploads\/2018\/03\/14524434_1106112876131411_958039263622046936_o.jpg?resize=350%2C200&ssl=1","width":350,"height":200,"srcset":"https:\/\/i0.wp.com\/www.grieta.org.mx\/wp-content\/uploads\/2018\/03\/14524434_1106112876131411_958039263622046936_o.jpg?resize=350%2C200&ssl=1 1x, https:\/\/i0.wp.com\/www.grieta.org.mx\/wp-content\/uploads\/2018\/03\/14524434_1106112876131411_958039263622046936_o.jpg?resize=525%2C300&ssl=1 1.5x, https:\/\/i0.wp.com\/www.grieta.org.mx\/wp-content\/uploads\/2018\/03\/14524434_1106112876131411_958039263622046936_o.jpg?resize=700%2C400&ssl=1 2x"},"classes":[]},{"id":63919,"url":"https:\/\/www.grieta.org.mx\/index.php\/2022\/03\/25\/caminan-en-chihuahua-por-los-desaparecidos\/","url_meta":{"origin":22876,"position":3},"title":"Caminan en Chihuahua por los desaparecidos","author":"grieta","date":"25 marzo, 2022","format":false,"excerpt":"En reiteradas ocasiones, familiares de desparecidos han pedido una reuni\u00f3n con el fiscal general del Estado, Roberto Fierro. Pero desde que asumi\u00f3 al cargo, 6 meses atr\u00e1s no los ha recibido. Texto: Daniela Rea\/Pie de P\u00e1gina Fotos: CEDHEM CIUDAD DE M\u00c9XICO.- Este viernes familiares de personas desaparecidas de Chihuahua arrancaron\u2026","rel":"","context":"En &quot;Chihuahua&quot;","block_context":{"text":"Chihuahua","link":"https:\/\/www.grieta.org.mx\/index.php\/category\/noticias-nacionales\/chihuahua\/"},"img":{"alt_text":"","src":"https:\/\/i0.wp.com\/www.grieta.org.mx\/wp-content\/uploads\/2022\/04\/desaparecidos1_chihuahua_CEDEHM-1.jpg?resize=350%2C200&ssl=1","width":350,"height":200,"srcset":"https:\/\/i0.wp.com\/www.grieta.org.mx\/wp-content\/uploads\/2022\/04\/desaparecidos1_chihuahua_CEDEHM-1.jpg?resize=350%2C200&ssl=1 1x, https:\/\/i0.wp.com\/www.grieta.org.mx\/wp-content\/uploads\/2022\/04\/desaparecidos1_chihuahua_CEDEHM-1.jpg?resize=525%2C300&ssl=1 1.5x, https:\/\/i0.wp.com\/www.grieta.org.mx\/wp-content\/uploads\/2022\/04\/desaparecidos1_chihuahua_CEDEHM-1.jpg?resize=700%2C400&ssl=1 2x"},"classes":[]},{"id":429,"url":"https:\/\/www.grieta.org.mx\/index.php\/2016\/02\/05\/duarte-miente-si-hay-desaparecidos-en-chihuahua-reprochan-familiares-de-victimas\/","url_meta":{"origin":22876,"position":4},"title":"\u201cDuarte miente, s\u00ed hay desaparecidos en Chihuahua\u201d, reprochan familiares de v\u00edctimas","author":"grieta","date":"5 febrero, 2016","format":false,"excerpt":"Proceso PATRICIA MAYORGA Activistas y familiares de personas desaparecidas en Ciudad Cuauht\u00e9moc calificaron como \u201cmentiroso\u201d al gobernador C\u00e9sar Duarte J\u00e1quez, luego de que \u00e9ste asegur\u00f3 hace una semana que en esa regi\u00f3n s\u00f3lo hay un caso de desaparici\u00f3n y est\u00e1 resuelto. En la presentaci\u00f3n del informe \u201cUn trato de indolencia,\u2026","rel":"","context":"En &quot;chihuahua&quot;","block_context":{"text":"chihuahua","link":"https:\/\/www.grieta.org.mx\/index.php\/category\/chihuahua\/"},"img":{"alt_text":"","src":"https:\/\/i0.wp.com\/www.grieta.org.mx\/wp-content\/uploads\/2018\/03\/14524434_1106112876131411_958039263622046936_o.jpg?resize=350%2C200&ssl=1","width":350,"height":200,"srcset":"https:\/\/i0.wp.com\/www.grieta.org.mx\/wp-content\/uploads\/2018\/03\/14524434_1106112876131411_958039263622046936_o.jpg?resize=350%2C200&ssl=1 1x, https:\/\/i0.wp.com\/www.grieta.org.mx\/wp-content\/uploads\/2018\/03\/14524434_1106112876131411_958039263622046936_o.jpg?resize=525%2C300&ssl=1 1.5x, https:\/\/i0.wp.com\/www.grieta.org.mx\/wp-content\/uploads\/2018\/03\/14524434_1106112876131411_958039263622046936_o.jpg?resize=700%2C400&ssl=1 2x"},"classes":[]},{"id":10374,"url":"https:\/\/www.grieta.org.mx\/index.php\/2016\/04\/13\/acusa-ai-intimidacion-de-autoridades-de-chihuahua-sobre-familiares-de-desaparecidos\/","url_meta":{"origin":22876,"position":5},"title":"Acusa AI intimidaci\u00f3n de autoridades de Chihuahua sobre familiares de desaparecidos","author":"grieta","date":"13 abril, 2016","format":false,"excerpt":"Amnist\u00eda Internacional (AI) conden\u00f3 la intimidaci\u00f3n que ejercen autoridades de Chihuahua sobre familiares de desaparecidos para que permitan que expertos forenses designados por el gobierno examinen los restos hallados en fosas clandestinas, en el municipio de Cuauht\u00e9moc. El problema, se\u00f1ala el organismo en un comunicado, es que los presionan para\u2026","rel":"","context":"En &quot;chihuahua&quot;","block_context":{"text":"chihuahua","link":"https:\/\/www.grieta.org.mx\/index.php\/category\/chihuahua\/"},"img":{"alt_text":"","src":"https:\/\/i0.wp.com\/www.grieta.org.mx\/wp-content\/uploads\/2018\/03\/14524434_1106112876131411_958039263622046936_o.jpg?resize=350%2C200&ssl=1","width":350,"height":200,"srcset":"https:\/\/i0.wp.com\/www.grieta.org.mx\/wp-content\/uploads\/2018\/03\/14524434_1106112876131411_958039263622046936_o.jpg?resize=350%2C200&ssl=1 1x, https:\/\/i0.wp.com\/www.grieta.org.mx\/wp-content\/uploads\/2018\/03\/14524434_1106112876131411_958039263622046936_o.jpg?resize=525%2C300&ssl=1 1.5x, https:\/\/i0.wp.com\/www.grieta.org.mx\/wp-content\/uploads\/2018\/03\/14524434_1106112876131411_958039263622046936_o.jpg?resize=700%2C400&ssl=1 2x"},"classes":[]}],"_links":{"self":[{"href":"https:\/\/www.grieta.org.mx\/index.php\/wp-json\/wp\/v2\/posts\/22876","targetHints":{"allow":["GET"]}}],"collection":[{"href":"https:\/\/www.grieta.org.mx\/index.php\/wp-json\/wp\/v2\/posts"}],"about":[{"href":"https:\/\/www.grieta.org.mx\/index.php\/wp-json\/wp\/v2\/types\/post"}],"author":[{"embeddable":true,"href":"https:\/\/www.grieta.org.mx\/index.php\/wp-json\/wp\/v2\/users\/2"}],"replies":[{"embeddable":true,"href":"https:\/\/www.grieta.org.mx\/index.php\/wp-json\/wp\/v2\/comments?post=22876"}],"version-history":[{"count":1,"href":"https:\/\/www.grieta.org.mx\/index.php\/wp-json\/wp\/v2\/posts\/22876\/revisions"}],"predecessor-version":[{"id":22889,"href":"https:\/\/www.grieta.org.mx\/index.php\/wp-json\/wp\/v2\/posts\/22876\/revisions\/22889"}],"wp:featuredmedia":[{"embeddable":true,"href":"https:\/\/www.grieta.org.mx\/index.php\/wp-json\/wp\/v2\/media\/22880"}],"wp:attachment":[{"href":"https:\/\/www.grieta.org.mx\/index.php\/wp-json\/wp\/v2\/media?parent=22876"}],"wp:term":[{"taxonomy":"category","embeddable":true,"href":"https:\/\/www.grieta.org.mx\/index.php\/wp-json\/wp\/v2\/categories?post=22876"},{"taxonomy":"post_tag","embeddable":true,"href":"https:\/\/www.grieta.org.mx\/index.php\/wp-json\/wp\/v2\/tags?post=22876"}],"curies":[{"name":"wp","href":"https:\/\/api.w.org\/{rel}","templated":true}]}}