{"id":22855,"date":"2018-03-20T21:17:16","date_gmt":"2018-03-21T03:17:16","guid":{"rendered":"http:\/\/www.grieta.org.mx\/?p=22855"},"modified":"2018-05-20T12:52:43","modified_gmt":"2018-05-20T17:52:43","slug":"minera-canadiense-va-a-la-sierra-norte-de-puebla-por-mas-oro-y-se-topa-con-una-rebelion-indigena","status":"publish","type":"post","link":"https:\/\/www.grieta.org.mx\/index.php\/2018\/03\/20\/minera-canadiense-va-a-la-sierra-norte-de-puebla-por-mas-oro-y-se-topa-con-una-rebelion-indigena\/","title":{"rendered":"Minera canadiense va a la sierra norte de Puebla por m\u00e1s oro, y se topa con una rebeli\u00f3n ind\u00edgena"},"content":{"rendered":"<p><iframe loading=\"lazy\" src=\"https:\/\/www.youtube.com\/embed\/f9EsNHk_CV0\" width=\"1188\" height=\"693\" frameborder=\"0\" allowfullscreen=\"allowfullscreen\"><\/iframe><\/p>\n<p>Por Dulce Olvera<\/p>\n<blockquote><p>Hace casi cinco a\u00f1os ignoraban sus derechos y las violaciones que el proyecto de mina a cielo abierto de la canadiense Almaden provocar\u00eda en la Sierra Norte de Puebla. Despu\u00e9s de una larga lucha de familias, campesinos y acompa\u00f1amiento de colectivos, este lunes la acci\u00f3n de la empresa val\u00eda 82 centavos frente a los 2.84 d\u00f3lares de antes de la oposici\u00f3n.<br \/>\nEl proyecto minero de extracci\u00f3n de oro y plata que la firma pretende hacer en el municipio de San Francisco Ixtacamaxtitl\u00e1n, con m\u00e1s de 25 mil habitantes, es a trav\u00e9s de dos de sus filiales, minera Gorre\u00f3n y minera Gavil\u00e1n, las cuales adquirieron desde 2003 y 2009 las concesiones mineras Cerro Grande y Cerro Grande II. Pero, explic\u00f3 la abogada del caso Diana S\u00e1nchez, no cuentan con las licencias que necesitan para pasar a la fase de explotaci\u00f3n. Esta operaci\u00f3n violar\u00eda el derecho al agua, salud y medio ambiente, dijo.<br \/>\n\u201cEllos nos vienen a decir que no somos due\u00f1os de nuestro territorio. Nosotros somos originarios, due\u00f1os milenarios y vienen a destrozar desde nuestra cultura, nuestra forma de vivir, convivir y practicar nuestra espiritualidad\u201d, acus\u00f3 el campesino totonaca Miguel, de Olintla, otro de los municipios afectados que no han sido consultados.<\/p><\/blockquote>\n<figure id=\"attachment_22857\" aria-describedby=\"caption-attachment-22857\" style=\"width: 700px\" class=\"wp-caption aligncenter\"><img loading=\"lazy\" decoding=\"async\" data-attachment-id=\"22857\" data-permalink=\"https:\/\/www.grieta.org.mx\/index.php\/2018\/03\/20\/minera-canadiense-va-a-la-sierra-norte-de-puebla-por-mas-oro-y-se-topa-con-una-rebelion-indigena\/ixta\/\" data-orig-file=\"https:\/\/www.grieta.org.mx\/wp-content\/uploads\/2018\/05\/ixta.jpg\" data-orig-size=\"700,442\" data-comments-opened=\"0\" data-image-meta=\"{&quot;aperture&quot;:&quot;0&quot;,&quot;credit&quot;:&quot;&quot;,&quot;camera&quot;:&quot;&quot;,&quot;caption&quot;:&quot;&quot;,&quot;created_timestamp&quot;:&quot;0&quot;,&quot;copyright&quot;:&quot;&quot;,&quot;focal_length&quot;:&quot;0&quot;,&quot;iso&quot;:&quot;0&quot;,&quot;shutter_speed&quot;:&quot;0&quot;,&quot;title&quot;:&quot;&quot;,&quot;orientation&quot;:&quot;0&quot;}\" data-image-title=\"ixta\" data-image-description=\"\" data-image-caption=\"&lt;p&gt;Ixtacamaxtitl\u00e1n, municipio en la Sierra Norte de Puebla que se opone al proyecto minero de la canadiense Almaden. Foto: Cri Rodr\u00edguez, SinEmbargo.&lt;\/p&gt;\n\" data-medium-file=\"https:\/\/www.grieta.org.mx\/wp-content\/uploads\/2018\/05\/ixta-300x189.jpg\" data-large-file=\"https:\/\/www.grieta.org.mx\/wp-content\/uploads\/2018\/05\/ixta.jpg\" class=\"size-full wp-image-22857\" src=\"http:\/\/www.grieta.org.mx\/wp-content\/uploads\/2018\/05\/ixta.jpg\" alt=\"\" width=\"700\" height=\"442\" srcset=\"https:\/\/www.grieta.org.mx\/wp-content\/uploads\/2018\/05\/ixta.jpg 700w, https:\/\/www.grieta.org.mx\/wp-content\/uploads\/2018\/05\/ixta-300x189.jpg 300w\" sizes=\"auto, (max-width: 700px) 100vw, 700px\" \/><figcaption id=\"caption-attachment-22857\" class=\"wp-caption-text\">Ixtacamaxtitl\u00e1n, municipio en la Sierra Norte de Puebla que se opone al proyecto minero de la canadiense Almaden. Foto: Cri Rodr\u00edguez, SinEmbargo.<\/figcaption><\/figure>\n<p>Ixtacamaxtitl\u00e1n, Puebla, 20 de marzo (SinEmbargo).\u2013 El r\u00edo Apulco que inicia en el municipio de Zautla, Puebla, y desemboca hasta el Golfo de M\u00e9xico est\u00e1 en riesgo de contaminarse con desechos t\u00f3xicos, lo cual afectar\u00eda a once comunidades, al medio ambiente y a los cultivos. Unidos y basados en experiencias de otros estados, este s\u00e1bado alrededor de 300 familias y organizaciones campesinas y civiles realizaron una caravana de unos 60 autos y camiones rumbo a la Presidencia Municipal de San Francisco Ixtacamaxtitl\u00e1n para rechazar la mina de cielo abierto que la empresa canadiense Almaden Minerals pretende instalar en la Sierra Norte poblana.<\/p>\n<p>En Asamblea en la cabecera municipal, exigieron una vez m\u00e1s al Alcalde panista Eliazar Hern\u00e1ndez Arroyo que no autorice el uso de suelo a Almaden, due\u00f1a del 72 por ciento de las concesiones mineras en esa zona. Con ello evitar\u00eda que inicie la otra etapa de exploraci\u00f3n como parte del proyecto para extraer oro y plata en un espacio equivalente a 140 canchas de f\u00fatbol. Sin embargo, el Alcalde panista otra vez no acudi\u00f3 a la invitaci\u00f3n de quienes dice representar.<\/p>\n<p>\u201cNo ser\u00eda la primera vez que no llega\u201d, dijo Irma Hern\u00e1ndez, originaria de Ixtacamaxtitl\u00e1n. \u201cMe apena mucho decirlo, pero hicimos un primer foro al inicio de su gobierno y se enferm\u00f3 ese d\u00eda; no lleg\u00f3. Muchas veces nos ha dejado plantados. Se me hace una falta de responsabilidad y de respeto hacia las personas que llevamos a\u00f1os pidi\u00e9ndole que haga algo. Habla de un silencio de poca importancia a esto\u201d.<\/p>\n<p>Miguel S\u00e1nchez Olvera, campesino de Olintla, Puebla, afirm\u00f3 que \u201cya estuvo suave, tenemos que defender la vida. En caso necesario, tenemos que dar la vida por la vida. Estamos defendiendo el agua\u201d.<\/p>\n<p>Durante el evento exigi\u00f3 \u201cque [el Presidente Municipal] se presente porque no lo hemos visto cada vez que participo en una asamblea. Una vez que se present\u00f3 se hizo el enfermo, que le dio el patat\u00fas, se le quer\u00eda parar el coraz\u00f3n y se fue. Est\u00e1n vendidos, nom\u00e1s le hacen al tonto. Le temen al pueblo porque ya est\u00e1 despierto\u201d.<\/p>\n<p>Los habitantes de Ixtacamaxtitl\u00e1n y las comunidades aleda\u00f1as de Santa Mar\u00eda, Zautla, Olintla y otras llevan casi cinco a\u00f1os de lucha rechazando este proyecto para evitar desastres ocurridos, por ejemplo, en el r\u00edo Bacanuchi, Sonora, por el derrame de t\u00f3xicos de una mina de Grupo M\u00e9xico en agosto de 2014. El proyecto minero Ixtaca afectar\u00eda las tierras de cultivo de la poblaci\u00f3n de Loma Larga, adem\u00e1s del suministro de agua de m\u00e1s de mil 600 personas. La Secretar\u00eda de Econom\u00eda oblig\u00f3 a Almaden a que publique su estudio de impacto ambiental el viernes 23 de marzo.<\/p>\n<p>Los opositores son conscientes que incluso podr\u00edan perder la vida por defender precisamente la vida: su agua y su tierra, dijeron en entrevistas. SinEmbargo solicit\u00f3 la versi\u00f3n del Alcalde, pero no obtuvo respuesta. En febrero de 2013 declar\u00f3 no estar \u201ca favor ni en contra de la miner\u00eda\u201d.<\/p>\n<p>\u201cAl principio de esta lucha nos alarmamos mucho porque no nos dimos cuenta a qu\u00e9 hora entraron y llevaban m\u00e1s de 10 a\u00f1os trabajando. Est\u00e1bamos muy preocupados\u201d, cont\u00f3 Irma. \u201cNos robaba el sue\u00f1o. Dec\u00edamos: \u2018Somos poquitos, qu\u00e9 vamos a hacer ante este monstruo\u2019. Pero algo que nos ayud\u00f3 mucho es empezar a dar informaci\u00f3n en todas las comunidades. Mucha gente no sab\u00eda a lo que nos est\u00e1bamos enfrentando. Se convoc\u00f3 a varias comunidades para que nos dijeron cu\u00e1les eran nuestros derechos porque tampoco sab\u00edamos cu\u00e1les se iban a vulnerar si se llevaba a cabo la minera. Estuvimos de acuerdo que ser\u00edan el derecho a la vida, al agua, al medio ambiente y a la salud\u201d.<\/p>\n<p>En diciembre habitantes de Ixtacamaxtitl\u00e1n se manifestaron simult\u00e1neamente en el Parlamento de Ottawa, Canad\u00e1, y en la entidad mexicana.<\/p>\n<figure id=\"attachment_22861\" aria-describedby=\"caption-attachment-22861\" style=\"width: 700px\" class=\"wp-caption aligncenter\"><img loading=\"lazy\" decoding=\"async\" data-attachment-id=\"22861\" data-permalink=\"https:\/\/www.grieta.org.mx\/index.php\/2018\/03\/20\/minera-canadiense-va-a-la-sierra-norte-de-puebla-por-mas-oro-y-se-topa-con-una-rebelion-indigena\/oficinas\/\" data-orig-file=\"https:\/\/www.grieta.org.mx\/wp-content\/uploads\/2018\/05\/oficinas.jpg\" data-orig-size=\"700,470\" data-comments-opened=\"0\" data-image-meta=\"{&quot;aperture&quot;:&quot;0&quot;,&quot;credit&quot;:&quot;&quot;,&quot;camera&quot;:&quot;&quot;,&quot;caption&quot;:&quot;&quot;,&quot;created_timestamp&quot;:&quot;0&quot;,&quot;copyright&quot;:&quot;&quot;,&quot;focal_length&quot;:&quot;0&quot;,&quot;iso&quot;:&quot;0&quot;,&quot;shutter_speed&quot;:&quot;0&quot;,&quot;title&quot;:&quot;&quot;,&quot;orientation&quot;:&quot;0&quot;}\" data-image-title=\"oficinas\" data-image-description=\"\" data-image-caption=\"&lt;p&gt;Estudiantes exigiendo al Presidente Municipal proteger su territorio frente cerca de las oficinas de la minera Almaden. Foto: Dulce Olvera, SinEmbargo.&lt;\/p&gt;\n\" data-medium-file=\"https:\/\/www.grieta.org.mx\/wp-content\/uploads\/2018\/05\/oficinas-300x201.jpg\" data-large-file=\"https:\/\/www.grieta.org.mx\/wp-content\/uploads\/2018\/05\/oficinas.jpg\" class=\"size-full wp-image-22861\" src=\"http:\/\/www.grieta.org.mx\/wp-content\/uploads\/2018\/05\/oficinas.jpg\" alt=\"\" width=\"700\" height=\"470\" srcset=\"https:\/\/www.grieta.org.mx\/wp-content\/uploads\/2018\/05\/oficinas.jpg 700w, https:\/\/www.grieta.org.mx\/wp-content\/uploads\/2018\/05\/oficinas-300x201.jpg 300w\" sizes=\"auto, (max-width: 700px) 100vw, 700px\" \/><figcaption id=\"caption-attachment-22861\" class=\"wp-caption-text\">Estudiantes exigiendo al Presidente Municipal proteger su territorio frente cerca de las oficinas de la minera Almaden. Foto: Dulce Olvera, SinEmbargo.<\/figcaption><\/figure>\n<p>El s\u00e1bado, la caravana y sus consignas como \u201cAgua s\u00ed, oro no\u201d hicieron una parada en Sant Mar\u00eda Sotoltepec, poblaci\u00f3n donde la empresa Almaden tiene sus oficinas.<\/p>\n<p>\u201cAl pueblo de Santa Mar\u00eda que es muy peque\u00f1o ya lo tienen bien dominado, bien asustado. Hace como seis u ocho meses, a un se\u00f1or ya grande el viejo ese Morgan [Poliquin, director de la empresa], que es canadiense, le mat\u00f3 a un perro porque se opuso a que entrara a su tierra sin su permiso. De un coraje, en su camioneta 4\u00d74 le atropell\u00f3 al perro\u201d, cont\u00f3 Miguel.<\/p>\n<p>La campesina Pascual, de Zautla y presente en el mitin, dijo que su familia de doce personas depende del cultivo de ma\u00edz, trigo y cebada. Teme que con la operaci\u00f3n de la minera las tierras queden da\u00f1adas y ya no se den sus productos. \u201cNos va afectar a toda nuestra Madre Tierra\u201d, asegur\u00f3 entre consignas de sus compa\u00f1eros y vecinos. \u201cNo hace falta oro \/ no hace falta plata \/ cuidemos nuestra tierra porque el cianuro mata\u201d, los manifestantes gritaban. Marcelino, otro campesino, cargaba un letrero con la leyenda \u201cPor el agua libre de cianuro y la sierra libre de explosivos\u201d. Para la instalaci\u00f3n del proyecto minero se prev\u00e9 explotar cerros cerca de Santa Mar\u00eda.<\/p>\n<p>\u201cQue esta minera devastadora se salga de aqu\u00ed. No la queremos\u201d, exigi\u00f3 Francisca Zamora. Los cientos de presentes se un\u00edan con el grito \u201cfuera\u201d contra la minera. Una anciana chiflaba y gritaba furiosa: \u201cQue se vayan a su tierra. \u00a1Que se larguen!\u201d.<\/p>\n<figure id=\"attachment_22867\" aria-describedby=\"caption-attachment-22867\" style=\"width: 700px\" class=\"wp-caption aligncenter\"><img loading=\"lazy\" decoding=\"async\" data-attachment-id=\"22867\" data-permalink=\"https:\/\/www.grieta.org.mx\/index.php\/2018\/03\/20\/minera-canadiense-va-a-la-sierra-norte-de-puebla-por-mas-oro-y-se-topa-con-una-rebelion-indigena\/acciones-almaden\/\" data-orig-file=\"https:\/\/www.grieta.org.mx\/wp-content\/uploads\/2018\/05\/acciones-almaden.jpg\" data-orig-size=\"700,482\" data-comments-opened=\"0\" data-image-meta=\"{&quot;aperture&quot;:&quot;0&quot;,&quot;credit&quot;:&quot;&quot;,&quot;camera&quot;:&quot;&quot;,&quot;caption&quot;:&quot;&quot;,&quot;created_timestamp&quot;:&quot;0&quot;,&quot;copyright&quot;:&quot;&quot;,&quot;focal_length&quot;:&quot;0&quot;,&quot;iso&quot;:&quot;0&quot;,&quot;shutter_speed&quot;:&quot;0&quot;,&quot;title&quot;:&quot;&quot;,&quot;orientation&quot;:&quot;0&quot;}\" data-image-title=\"acciones-almaden\" data-image-description=\"\" data-image-caption=\"&lt;p&gt;El valor de las acciones de la minera canadiense Almaden ha bajado ante la incertidumbre por el proyecto en la Sierra Norte de Puebla. Imagen: Especial para SinEmbargo.&lt;\/p&gt;\n\" data-medium-file=\"https:\/\/www.grieta.org.mx\/wp-content\/uploads\/2018\/05\/acciones-almaden-300x207.jpg\" data-large-file=\"https:\/\/www.grieta.org.mx\/wp-content\/uploads\/2018\/05\/acciones-almaden.jpg\" class=\"size-full wp-image-22867\" src=\"http:\/\/www.grieta.org.mx\/wp-content\/uploads\/2018\/05\/acciones-almaden.jpg\" alt=\"\" width=\"700\" height=\"482\" srcset=\"https:\/\/www.grieta.org.mx\/wp-content\/uploads\/2018\/05\/acciones-almaden.jpg 700w, https:\/\/www.grieta.org.mx\/wp-content\/uploads\/2018\/05\/acciones-almaden-300x207.jpg 300w\" sizes=\"auto, (max-width: 700px) 100vw, 700px\" \/><figcaption id=\"caption-attachment-22867\" class=\"wp-caption-text\">El valor de las acciones de la minera canadiense Almaden ha bajado ante la incertidumbre por el proyecto en la Sierra Norte de Puebla. Imagen: Especial para SinEmbargo.<\/figcaption><\/figure>\n<p>&nbsp;<\/p>\n<p>ACCIONES DE MINERA A LA BAJA<\/p>\n<p>El proyecto minero que Almaden pretende hacer en el municipio de Ixtacamaxtitl\u00e1n, con m\u00e1s de 25 mil habitantes, es a trav\u00e9s de dos de sus filiales, minera Gorre\u00f3n y minera Gavil\u00e1n, las cuales adquirieron desde 2003 y 2009 las concesiones mineras Cerro Grande y Cerro Grande II que abarcan un territorio de m\u00e1s de 14 mil hect\u00e1reas. En informes a sus inversionistas, la empresa dirigida por Morgan Poliquin ha negado que la zona est\u00e9 habitada. Mucho menos reconoce que haya poblaci\u00f3n ind\u00edgena en oposici\u00f3n, y la ha descrito como un terreno \u201cvac\u00edo\u201d o \u201cnulo\u201d.<\/p>\n<p>Pese a los enga\u00f1os de la minera Almaden, el valor de la acci\u00f3n de la empresa val\u00eda 82 centavos el lunes frente a los 2.84 d\u00f3lares que val\u00eda hace cinco a\u00f1os, cuando comenz\u00f3 la lucha. Hace siete a\u00f1os tuvo su m\u00e1ximo hist\u00f3rico de 4.89 d\u00f3lares. En el mitin en Santa Mar\u00eda los opositores a la minera gritaban: \u201cInversionistas \/ si no quieren perder \/ no creas en las mentiras que dice Almaden\u201d.<\/p>\n<p>\u201cLa acci\u00f3n ha deca\u00eddo totalmente. Ustedes ya han hecho un gran avance\u201d, asegur\u00f3 el s\u00e1bado entre aplausos de la asamblea Benjam\u00edn Cokelet, director de la organizaci\u00f3n PODER que ha acompa\u00f1ado la lucha de casi un lustro. \u201cLos inversionistas de la empresa saben lo que est\u00e1 pasando, el gobierno mexicano y de Canad\u00e1 saben lo que est\u00e1 pasando. El proyecto quiz\u00e1s est\u00e1 en su \u00faltimo aliento. Si no lo hacen por ustedes, h\u00e1ganlo por sus hijas, hijos, nietos, nietas. Este proyecto va envenenar el agua, el medio ambiente y su propia salud. Estamos a tiempo de detenerlo\u201d, agreg\u00f3.<\/p>\n<figure id=\"attachment_22866\" aria-describedby=\"caption-attachment-22866\" style=\"width: 700px\" class=\"wp-caption aligncenter\"><img loading=\"lazy\" decoding=\"async\" data-attachment-id=\"22866\" data-permalink=\"https:\/\/www.grieta.org.mx\/index.php\/2018\/03\/20\/minera-canadiense-va-a-la-sierra-norte-de-puebla-por-mas-oro-y-se-topa-con-una-rebelion-indigena\/dsc_0328\/\" data-orig-file=\"https:\/\/www.grieta.org.mx\/wp-content\/uploads\/2018\/05\/dsc_0328.jpg\" data-orig-size=\"700,470\" data-comments-opened=\"0\" data-image-meta=\"{&quot;aperture&quot;:&quot;0&quot;,&quot;credit&quot;:&quot;&quot;,&quot;camera&quot;:&quot;&quot;,&quot;caption&quot;:&quot;&quot;,&quot;created_timestamp&quot;:&quot;0&quot;,&quot;copyright&quot;:&quot;&quot;,&quot;focal_length&quot;:&quot;0&quot;,&quot;iso&quot;:&quot;0&quot;,&quot;shutter_speed&quot;:&quot;0&quot;,&quot;title&quot;:&quot;&quot;,&quot;orientation&quot;:&quot;0&quot;}\" data-image-title=\"dsc_0328\" data-image-description=\"\" data-image-caption=\"&lt;p&gt;Parte del R\u00edo Apulco. Foto: Dulce Olvera, SinEmbargo.&lt;\/p&gt;\n\" data-medium-file=\"https:\/\/www.grieta.org.mx\/wp-content\/uploads\/2018\/05\/dsc_0328-300x201.jpg\" data-large-file=\"https:\/\/www.grieta.org.mx\/wp-content\/uploads\/2018\/05\/dsc_0328.jpg\" class=\"size-full wp-image-22866\" src=\"http:\/\/www.grieta.org.mx\/wp-content\/uploads\/2018\/05\/dsc_0328.jpg\" alt=\"\" width=\"700\" height=\"470\" srcset=\"https:\/\/www.grieta.org.mx\/wp-content\/uploads\/2018\/05\/dsc_0328.jpg 700w, https:\/\/www.grieta.org.mx\/wp-content\/uploads\/2018\/05\/dsc_0328-300x201.jpg 300w\" sizes=\"auto, (max-width: 700px) 100vw, 700px\" \/><figcaption id=\"caption-attachment-22866\" class=\"wp-caption-text\">Parte del R\u00edo Apulco. Foto: Dulce Olvera, SinEmbargo.<\/figcaption><\/figure>\n<p>Diana P\u00e9rez, la abogada del caso, dijo en entrevista que la minera est\u00e1 en una primera etapa de exploraci\u00f3n en la cual necesita solo un informe preventivo aprobado por Semarnat y ya han entregado siete. Para poder avanzar al siguiente pas\u00f3 de exploraci\u00f3n necesitan licencias, autorizaciones y permisos de dependencias del Estado, entre ellas la del cambio del uso de suelo tanto federal como local que es la que expide el Presidente Municipal, Eliazar Hern\u00e1ndez, quien, afirm\u00f3 la abogada, se comprometi\u00f3 a no otorgar el cambio de suelo del municipio. Pero ha evadido la presi\u00f3n de la gente para que se comprometa en una sesi\u00f3n de cabildo, expuso la litigante.<\/p>\n<p>\u201cLas licencias que necesitan para pasar a la fase de explotaci\u00f3n del proyecto a\u00fan no tienen ninguna de ellas. No tienen ni concesi\u00f3n de agua, de cambio de uso de suelo forestal otorgado a nivel federal. Ellos presumen a sus inversionistas que est\u00e1n en una etapa de exploraci\u00f3n avanzada. Tienen oficialmente desde 2009 en una exploraci\u00f3n, as\u00ed que no s\u00e9 qu\u00e9 tan avanzado pueda ser eso\u201d, ironiz\u00f3.<\/p>\n<p>Julio C\u00e9sar Laureano, estudiante del Centro de Estudios de Desarrollo Rural (Cesder) en Zautla, dijo en entrevista que a los inversionistas les est\u00e1n ocultando cierta informaci\u00f3n como que no hay comunidades ind\u00edgenas y no hay resistencias, \u201cpero es todo lo contrario\u201d. A ellos les prometen que va haber carreteras, hospitales, escuelas y que la gente va a tener empleos, \u201cpero a costa de qu\u00e9 y normalmente son temporales\u201d, cuestion\u00f3.<\/p>\n<blockquote><p>\u201cSabemos que las empresas mineras tienen muchos intereses econ\u00f3micos, pero nosotros vemos como inter\u00e9s el tema de la vida. Para nosotros es m\u00e1s importante la vida y el agua que un metal como el oro y la plata que no se bebe, no se come no se respira; no es indispensable\u201d, dijo Laureano.<\/p><\/blockquote>\n<p>Miguel S\u00e1nchez Olvera, campesino de Olintla, Puebla, asegur\u00f3 que actualmente est\u00e1n bien con la naturaleza, pues \u201cse da bien\u201d el frijol, el ma\u00edz y productos b\u00e1sicos para vivir.<\/p>\n<p>\u201cEstos nos vienen a ilusionar que si dejamos que entren empresas a sacar oro o plata que vamos a tener dinero, que es el progreso para nuestros pueblos, que somos ignorantes porque no les permitimos que entren. Muchos de nuestros hermanos est\u00e1n en contra de nosotros, que somos alborotadores, que no queremos que haya progreso. Pero esto no es as\u00ed. El progreso no es como nos lo pintan. No somos un pueblo tonto, somos un pueblo originario que siempre ha existido. Yo soy totonaco y hablo mi lengua; yo s\u00e9 que ah\u00ed est\u00e1 la sabidur\u00eda de nuestros antepasados. Manejamos la astrolog\u00eda, la medicina; no estamos peleados con la tecnolog\u00eda ni con la ciencia\u201d, afirm\u00f3.<\/p>\n<figure id=\"attachment_22865\" aria-describedby=\"caption-attachment-22865\" style=\"width: 700px\" class=\"wp-caption aligncenter\"><img loading=\"lazy\" decoding=\"async\" data-attachment-id=\"22865\" data-permalink=\"https:\/\/www.grieta.org.mx\/index.php\/2018\/03\/20\/minera-canadiense-va-a-la-sierra-norte-de-puebla-por-mas-oro-y-se-topa-con-una-rebelion-indigena\/img_2018-03-19-161646\/\" data-orig-file=\"https:\/\/www.grieta.org.mx\/wp-content\/uploads\/2018\/05\/img_2018-03-19-161646.jpg\" data-orig-size=\"700,467\" data-comments-opened=\"0\" data-image-meta=\"{&quot;aperture&quot;:&quot;0&quot;,&quot;credit&quot;:&quot;&quot;,&quot;camera&quot;:&quot;&quot;,&quot;caption&quot;:&quot;&quot;,&quot;created_timestamp&quot;:&quot;0&quot;,&quot;copyright&quot;:&quot;&quot;,&quot;focal_length&quot;:&quot;0&quot;,&quot;iso&quot;:&quot;0&quot;,&quot;shutter_speed&quot;:&quot;0&quot;,&quot;title&quot;:&quot;&quot;,&quot;orientation&quot;:&quot;0&quot;}\" data-image-title=\"img_2018-03-19-161646\" data-image-description=\"\" data-image-caption=\"\" data-medium-file=\"https:\/\/www.grieta.org.mx\/wp-content\/uploads\/2018\/05\/img_2018-03-19-161646-300x200.jpg\" data-large-file=\"https:\/\/www.grieta.org.mx\/wp-content\/uploads\/2018\/05\/img_2018-03-19-161646.jpg\" class=\"size-full wp-image-22865\" src=\"http:\/\/www.grieta.org.mx\/wp-content\/uploads\/2018\/05\/img_2018-03-19-161646.jpg\" alt=\"\" width=\"700\" height=\"467\" srcset=\"https:\/\/www.grieta.org.mx\/wp-content\/uploads\/2018\/05\/img_2018-03-19-161646.jpg 700w, https:\/\/www.grieta.org.mx\/wp-content\/uploads\/2018\/05\/img_2018-03-19-161646-300x200.jpg 300w\" sizes=\"auto, (max-width: 700px) 100vw, 700px\" \/><figcaption id=\"caption-attachment-22865\" class=\"wp-caption-text\">La minera Almaden niega que haya poblaci\u00f3n ind\u00edgena en la Sierra Norte de Puebla. Foto: Cri Rodr\u00edguez, SinEmbargo.<\/figcaption><\/figure>\n<p>EVITAR CONSULTA A COMUNIDAD<\/p>\n<p>La abogada Diana P\u00e9rez explic\u00f3 que si el Alcalde Eliazar Hern\u00e1ndez da el permiso de uso de suelo se estar\u00eda violentando el derecho al agua, a la salud, a un medio ambiente sano, a la vida misma y a otros como a la alimentaci\u00f3n. Sin embargo, la empresa no ha realizado la consulta libre, previa e informada que le exige el Convenio 169 de la Organizaci\u00f3n Internacional del Trabajo (OIT).<\/p>\n<p>\u201cEn el tercero de los siete informes preventivos que Almaden presenta para ser aprobado, la Semarnat le condiciona que debe hacer la consulta a pueblos ind\u00edgenas. La empresa se ampar\u00f3 en contra de esa condicionante y la Semarnat sigui\u00f3 otorgando los siguientes informes preventivos sin hacer menci\u00f3n alguna a la consulta\u201d, expuso.<\/p>\n<p>Ante ello los pueblos han levantado actas de Asamblea comunitaria o ejidal declarando sus territorios libres de proyectos ante registros p\u00fablicos o agrarios. \u201cSe est\u00e1n adelantando a que la autoridad venga para preguntarles si quieren o no el proyecto. Ellos tienen la decisi\u00f3n con documentos que no\u201d, afirm\u00f3 P\u00e9rez.<\/p>\n<p>En febrero de 2018, Juan Pablo Gudi\u00f1o Gual, el director jur\u00eddico de GMI Consulting, quien elabor\u00f3 la Evaluaci\u00f3n de Impacto Social de Almaden, declar\u00f3 que en Ixtacamaxtitl\u00e1n no existe poblaci\u00f3n ind\u00edgena. Pero cinco instancias gubernamentales (Semarnat, Inegi, Sedesol, Comisi\u00f3n Nacional para el Desarrollo de los Pueblos Ind\u00edgenas y el Instituto Nacional de Lenguas Ind\u00edgenas) reconocen la presencia ind\u00edgena en el municipio.<\/p>\n<figure id=\"attachment_22863\" aria-describedby=\"caption-attachment-22863\" style=\"width: 700px\" class=\"wp-caption aligncenter\"><img loading=\"lazy\" decoding=\"async\" data-attachment-id=\"22863\" data-permalink=\"https:\/\/www.grieta.org.mx\/index.php\/2018\/03\/20\/minera-canadiense-va-a-la-sierra-norte-de-puebla-por-mas-oro-y-se-topa-con-una-rebelion-indigena\/img_2018-03-19-161625\/\" data-orig-file=\"https:\/\/www.grieta.org.mx\/wp-content\/uploads\/2018\/05\/img_2018-03-19-161625.jpg\" data-orig-size=\"700,467\" data-comments-opened=\"0\" data-image-meta=\"{&quot;aperture&quot;:&quot;0&quot;,&quot;credit&quot;:&quot;&quot;,&quot;camera&quot;:&quot;&quot;,&quot;caption&quot;:&quot;&quot;,&quot;created_timestamp&quot;:&quot;0&quot;,&quot;copyright&quot;:&quot;&quot;,&quot;focal_length&quot;:&quot;0&quot;,&quot;iso&quot;:&quot;0&quot;,&quot;shutter_speed&quot;:&quot;0&quot;,&quot;title&quot;:&quot;&quot;,&quot;orientation&quot;:&quot;0&quot;}\" data-image-title=\"img_2018-03-19-161625\" data-image-description=\"\" data-image-caption=\"\" data-medium-file=\"https:\/\/www.grieta.org.mx\/wp-content\/uploads\/2018\/05\/img_2018-03-19-161625-300x200.jpg\" data-large-file=\"https:\/\/www.grieta.org.mx\/wp-content\/uploads\/2018\/05\/img_2018-03-19-161625.jpg\" class=\"size-full wp-image-22863\" src=\"http:\/\/www.grieta.org.mx\/wp-content\/uploads\/2018\/05\/img_2018-03-19-161625.jpg\" alt=\"\" width=\"700\" height=\"467\" srcset=\"https:\/\/www.grieta.org.mx\/wp-content\/uploads\/2018\/05\/img_2018-03-19-161625.jpg 700w, https:\/\/www.grieta.org.mx\/wp-content\/uploads\/2018\/05\/img_2018-03-19-161625-300x200.jpg 300w\" sizes=\"auto, (max-width: 700px) 100vw, 700px\" \/><figcaption id=\"caption-attachment-22863\" class=\"wp-caption-text\">Protesta contra minera canadiense en la Asamblea en la Presidencia Muncipal de Ixtacamaxtitl\u00e1n. Foto: Cri Rodr\u00edguez, SinEmbargo.<\/figcaption><\/figure>\n<p>Miguel S\u00e1nchez Olvera, campesino de Olintla, Puebla, afirm\u00f3 que la lucha de familias enteras es para no permitir que esta empresa canadiense contamine su r\u00edo. \u201cViene a despojarnos con enga\u00f1os desde los gobiernos municipales, federal y estatal. Es un ecocidio a nuestros pueblos originarios\u201d, dijo a este medio.<\/p>\n<p>\u201cEllos nos vienen a decir que no somos due\u00f1os de nuestro territorio. Nosotros somos orgininarios, due\u00f1os milenarios y vienen a destrozar desde nuestra cultura, nuestra forma de vivir, convivir y practicar nuestra espiritualidad. No vamos a permitir a empresas trasnacional y nacionales que vienen junto con nuestros gobiernos. La tierra no se vende. Se ama y se defiende. El agua tambi\u00e9n\u201d, agreg\u00f3 S\u00e1nchez Olvera, quien vive en el distrito Zacatl\u00e1n de las Manzanas. Ah\u00ed, cont\u00f3, actividades industriales de extracci\u00f3n de arcilla se han adue\u00f1ado de su agua, ya que al pueblo le dan doce horas por semana de suministro.<\/p>\n<p>Ante ello, Julio C\u00e9sar Laureano, a nombre del Centro de Estudios de Desarrollo Rural (Cesder), exigi\u00f3 \u201cque se hagan consultas reales, no hechas por debajo del agua o con convenios con las autoridades correspondientes para que en papel plasmen que realmente las comunidades est\u00e1n a favor de las empresas\u201d.<\/p>\n<p>La abogada Diana P\u00e9rez expuso que han emitido varias acciones legales en contra de las diferentes autoridades que se encuentran autorizadas para el desarrollo del proyecto. El 7 de abril del 2015 se interpuso una demanda de amparo por un ejido llamado Tecolt\u00e9mitl del municipio de Ixtacamaxtitl\u00e1n, el cual se\u00f1alaba a la justicia federal la violaci\u00f3n del derecho a la autodeterminaci\u00f3n, tierra, territorio y consentimiento como tal para la emisi\u00f3n de t\u00edtulos de concesi\u00f3n mineras.<\/p>\n<blockquote><p>\u201cEste juicio despu\u00e9s de tres a\u00f1os est\u00e1 ya en una fase final, en la cual estar\u00edamos esperando en los pr\u00f3ximos meses tener una resoluci\u00f3n del caso, lo cual significar\u00eda entrar al an\u00e1lisis de derechos humanos del ejido y tambi\u00e9n se se\u00f1al\u00f3 el an\u00e1lisis de la inconstitucionalidad de diversos art\u00edculos de la Ley minera\u201d, explic\u00f3.<\/p><\/blockquote>\n<p>Tambi\u00e9n se hizo un juicio de nulidad en contra del \u00faltimo informe preventivo Ixtaca IV, ya que se le hizo saber a la Semarnat que Almaden ya hab\u00eda sobrepasado la normativa oficial mexicana. Pero no han tenido respuesta de los juzgados.<\/p>\n<p>La empresa Almaden ha seguido sus pasos, dijo Irma Hern\u00e1ndez, originaria del municipio. \u201cLa mira est\u00e1 en el proyecto que quieren hacer a como d\u00e9 lugar, esa necedad aunque ya dijimos que no queremos\u201d.<\/p>\n<p>Por ello, \u201cnos queda claro que nuestros gobiernos no nos van a apoyar en esta protecci\u00f3n de la vida y del cuidado de la tierra, si no somos nosotros los que vivimos en las regiones\u201d, concluy\u00f3 Irma, originaria de Ixtacamaxtitl\u00e1n. \u201cEstamos al pendiente y debemos tener claridad que con violencia no se puede ganar una lucha, sino que tenemos que buscar muchos mecanismos sin que tengamos que perder vidas, aunque sabemos que eso puede pasar\u201d.<\/p>\n<figure id=\"attachment_22864\" aria-describedby=\"caption-attachment-22864\" style=\"width: 700px\" class=\"wp-caption aligncenter\"><img loading=\"lazy\" decoding=\"async\" data-attachment-id=\"22864\" data-permalink=\"https:\/\/www.grieta.org.mx\/index.php\/2018\/03\/20\/minera-canadiense-va-a-la-sierra-norte-de-puebla-por-mas-oro-y-se-topa-con-una-rebelion-indigena\/img_2018-03-19-161635\/\" data-orig-file=\"https:\/\/www.grieta.org.mx\/wp-content\/uploads\/2018\/05\/img_2018-03-19-161635.jpg\" data-orig-size=\"700,455\" data-comments-opened=\"0\" data-image-meta=\"{&quot;aperture&quot;:&quot;0&quot;,&quot;credit&quot;:&quot;&quot;,&quot;camera&quot;:&quot;&quot;,&quot;caption&quot;:&quot;&quot;,&quot;created_timestamp&quot;:&quot;0&quot;,&quot;copyright&quot;:&quot;&quot;,&quot;focal_length&quot;:&quot;0&quot;,&quot;iso&quot;:&quot;0&quot;,&quot;shutter_speed&quot;:&quot;0&quot;,&quot;title&quot;:&quot;&quot;,&quot;orientation&quot;:&quot;0&quot;}\" data-image-title=\"img_2018-03-19-161635\" data-image-description=\"\" data-image-caption=\"&lt;p&gt;Entrada al municipio. Foto: Cri Rodr\u00edguez, SinEmbargo.&lt;\/p&gt;\n\" data-medium-file=\"https:\/\/www.grieta.org.mx\/wp-content\/uploads\/2018\/05\/img_2018-03-19-161635-300x195.jpg\" data-large-file=\"https:\/\/www.grieta.org.mx\/wp-content\/uploads\/2018\/05\/img_2018-03-19-161635.jpg\" class=\"size-full wp-image-22864\" src=\"http:\/\/www.grieta.org.mx\/wp-content\/uploads\/2018\/05\/img_2018-03-19-161635.jpg\" alt=\"\" width=\"700\" height=\"455\" srcset=\"https:\/\/www.grieta.org.mx\/wp-content\/uploads\/2018\/05\/img_2018-03-19-161635.jpg 700w, https:\/\/www.grieta.org.mx\/wp-content\/uploads\/2018\/05\/img_2018-03-19-161635-300x195.jpg 300w\" sizes=\"auto, (max-width: 700px) 100vw, 700px\" \/><figcaption id=\"caption-attachment-22864\" class=\"wp-caption-text\">Entrada al municipio. Foto: Cri Rodr\u00edguez, SinEmbargo.<\/figcaption><\/figure>\n<p>&nbsp;<\/p>\n<blockquote class=\"wp-embedded-content\" data-secret=\"6WkVBV79VU\"><p><a href=\"https:\/\/www.sinembargo.mx\/20-03-2018\/3398848\">Minera canadiense va a la sierra norte de Puebla por m\u00e1s oro, y se topa con una rebeli\u00f3n ind\u00edgena<\/a><\/p><\/blockquote>\n<p><iframe loading=\"lazy\" class=\"wp-embedded-content\" sandbox=\"allow-scripts\" security=\"restricted\" style=\"position: absolute; clip: rect(1px, 1px, 1px, 1px);\" title=\"&#8220;Minera canadiense va a la sierra norte de Puebla por m\u00e1s oro, y se topa con una rebeli\u00f3n ind\u00edgena&#8221; &#8212; SinEmbargo MX\" src=\"https:\/\/www.sinembargo.mx\/20-03-2018\/3398848\/embed#?secret=6WkVBV79VU\" data-secret=\"6WkVBV79VU\" width=\"600\" height=\"338\" frameborder=\"0\" marginwidth=\"0\" marginheight=\"0\" scrolling=\"no\"><\/iframe><\/p>\n","protected":false},"excerpt":{"rendered":"<p>Por Dulce Olvera Hace casi cinco a\u00f1os ignoraban sus derechos y las violaciones que el proyecto de mina a cielo abierto de la canadiense Almaden provocar\u00eda en la Sierra Norte &hellip; <a href=\"https:\/\/www.grieta.org.mx\/index.php\/2018\/03\/20\/minera-canadiense-va-a-la-sierra-norte-de-puebla-por-mas-oro-y-se-topa-con-una-rebelion-indigena\/\" class=\"more-link\">Leer m\u00e1s<\/a><\/p>\n","protected":false},"author":2,"featured_media":22863,"comment_status":"closed","ping_status":"closed","sticky":false,"template":"","format":"standard","meta":{"ngg_post_thumbnail":0,"_jetpack_newsletter_access":"","_jetpack_dont_email_post_to_subs":false,"_jetpack_newsletter_tier_id":0,"_jetpack_memberships_contains_paywalled_content":false,"_jetpack_memberships_contains_paid_content":false,"footnotes":""},"categories":[70,80,3,922,6,1024,942,2,26],"tags":[98,874,109],"class_list":["post-22855","post","type-post","status-publish","format-standard","has-post-thumbnail","hentry","category-26-sierra-puebla","category-cintillo","category-megaproyectos","category-megaproyectos-estados","category-mineria","category-mineria-en-puebla","category-mp-puebla","category-noticias-nacionales","category-puebla","tag-mineras","tag-mineras-canadienses","tag-mineria","entry"],"jetpack_featured_media_url":"https:\/\/www.grieta.org.mx\/wp-content\/uploads\/2018\/05\/img_2018-03-19-161625.jpg","jetpack_sharing_enabled":true,"jetpack_shortlink":"https:\/\/wp.me\/p7ZJR4-5WD","jetpack_likes_enabled":false,"jetpack-related-posts":[{"id":7644,"url":"https:\/\/www.grieta.org.mx\/index.php\/2016\/08\/22\/conflictos-mineros-en-puebla\/","url_meta":{"origin":22855,"position":0},"title":"Conflictos mineros en Puebla","author":"grieta","date":"22 agosto, 2016","format":false,"excerpt":"22\/08\/16. Ejidatarios antorchistas liberan acceso a mina La Campa, en Chietla (Puebla) Municipios Puebla 16\/08\/16. Temen ejidatarios de Chietla nuevo intento de desalojo por bloqueo en mina La Campa (Puebla) Municipios Puebla 06\/01\/16. Puebla, entre los estados con m\u00e1s ataques a ambientalistas Proceso 18\/12\/15. 440 concesiones mineras devastan el 66%\u2026","rel":"","context":"En &quot;Puebla&quot;","block_context":{"text":"Puebla","link":"https:\/\/www.grieta.org.mx\/index.php\/category\/noticias-nacionales\/puebla\/"},"img":{"alt_text":"","src":"https:\/\/i0.wp.com\/www.grieta.org.mx\/wp-content\/uploads\/2018\/03\/14524434_1106112876131411_958039263622046936_o.jpg?resize=350%2C200&ssl=1","width":350,"height":200,"srcset":"https:\/\/i0.wp.com\/www.grieta.org.mx\/wp-content\/uploads\/2018\/03\/14524434_1106112876131411_958039263622046936_o.jpg?resize=350%2C200&ssl=1 1x, https:\/\/i0.wp.com\/www.grieta.org.mx\/wp-content\/uploads\/2018\/03\/14524434_1106112876131411_958039263622046936_o.jpg?resize=525%2C300&ssl=1 1.5x, https:\/\/i0.wp.com\/www.grieta.org.mx\/wp-content\/uploads\/2018\/03\/14524434_1106112876131411_958039263622046936_o.jpg?resize=700%2C400&ssl=1 2x"},"classes":[]},{"id":7735,"url":"https:\/\/www.grieta.org.mx\/index.php\/2015\/11\/01\/comunidad-de-libres-defiende-la-naturaleza-ante-visita-de-minera-canadiense\/","url_meta":{"origin":22855,"position":1},"title":"Comunidad de Libres defiende la naturaleza ante visita de minera canadiense","author":"grieta","date":"1 noviembre, 2015","format":false,"excerpt":"noviembre 01, 2015 Daliri Oropeza, Libres, Puebla Gabriela es una mujer joven. A penas llega a los 20 a\u00f1os, pero eso no le impide tener la voz firme para defender a su comunidad; Pedernales, en el municipio de Libres, que est\u00e1 justo a la entrada de la Sierra Norte de\u2026","rel":"","context":"En &quot;CINTILLO&quot;","block_context":{"text":"CINTILLO","link":"https:\/\/www.grieta.org.mx\/index.php\/category\/cintillo\/"},"img":{"alt_text":"","src":"https:\/\/i0.wp.com\/www.grieta.org.mx\/wp-content\/uploads\/2018\/03\/14524434_1106112876131411_958039263622046936_o.jpg?resize=350%2C200&ssl=1","width":350,"height":200,"srcset":"https:\/\/i0.wp.com\/www.grieta.org.mx\/wp-content\/uploads\/2018\/03\/14524434_1106112876131411_958039263622046936_o.jpg?resize=350%2C200&ssl=1 1x, https:\/\/i0.wp.com\/www.grieta.org.mx\/wp-content\/uploads\/2018\/03\/14524434_1106112876131411_958039263622046936_o.jpg?resize=525%2C300&ssl=1 1.5x, https:\/\/i0.wp.com\/www.grieta.org.mx\/wp-content\/uploads\/2018\/03\/14524434_1106112876131411_958039263622046936_o.jpg?resize=700%2C400&ssl=1 2x"},"classes":[]},{"id":22099,"url":"https:\/\/www.grieta.org.mx\/index.php\/2018\/03\/13\/organizan-caravana-por-la-vida-en-la-sierra-norte-de-puebla-contra-mina-a-cielo-abierto\/","url_meta":{"origin":22855,"position":2},"title":"Organizan Caravana por la Vida en la Sierra Norte de Puebla contra mina a cielo abierto","author":"grieta","date":"13 marzo, 2018","format":false,"excerpt":"Publicado por Guadalupe Mart\u00ednez Rivera La organizaci\u00f3n Proyecto sobre Organizaci\u00f3n, Desarrollo, Educaci\u00f3n e Investigaci\u00f3n (PODER por sus siglas en ingl\u00e9s) inform\u00f3 a trav\u00e9s de un comunicado, que invita a la Caravana por la Vida en Sierra Norte de Puebla que se llevar\u00e1 a cabo el s\u00e1bado 17 de marzo a\u2026","rel":"","context":"En &quot;CINTILLO&quot;","block_context":{"text":"CINTILLO","link":"https:\/\/www.grieta.org.mx\/index.php\/category\/cintillo\/"},"img":{"alt_text":"","src":"https:\/\/i0.wp.com\/www.grieta.org.mx\/wp-content\/uploads\/2018\/03\/ixtacamaxtitlan-579x386.jpg?resize=350%2C200&ssl=1","width":350,"height":200,"srcset":"https:\/\/i0.wp.com\/www.grieta.org.mx\/wp-content\/uploads\/2018\/03\/ixtacamaxtitlan-579x386.jpg?resize=350%2C200&ssl=1 1x, https:\/\/i0.wp.com\/www.grieta.org.mx\/wp-content\/uploads\/2018\/03\/ixtacamaxtitlan-579x386.jpg?resize=525%2C300&ssl=1 1.5x"},"classes":[]},{"id":30024,"url":"https:\/\/www.grieta.org.mx\/index.php\/2019\/03\/01\/niegan-a-minera-explotacion-de-oro-y-plata-en-ixtacamaxtitlan-puebla\/","url_meta":{"origin":22855,"position":3},"title":"Niegan a minera explotaci\u00f3n de oro y plata en Ixtacamaxtitl\u00e1n (Puebla)","author":"grieta","date":"1 marzo, 2019","format":false,"excerpt":"Puebla, Pue.- La Secretar\u00eda de Medio Ambiente y Recursos Naturales (Semarnat) neg\u00f3 a la empresa Minera Gorri\u00f3n S.A. de C.V la autorizaci\u00f3n para cambiar el uso de suelo en una extens\u00f3n de mil 44 hect\u00e1reas, donde pretend\u00eda extraer oro y plata. La empresa habr\u00eda presentado un primer proyecto el 18\u2026","rel":"","context":"En &quot;CINTILLO&quot;","block_context":{"text":"CINTILLO","link":"https:\/\/www.grieta.org.mx\/index.php\/category\/cintillo\/"},"img":{"alt_text":"","src":"https:\/\/i0.wp.com\/www.grieta.org.mx\/wp-content\/uploads\/2019\/03\/imagen_minas.jpg?resize=350%2C200&ssl=1","width":350,"height":200,"srcset":"https:\/\/i0.wp.com\/www.grieta.org.mx\/wp-content\/uploads\/2019\/03\/imagen_minas.jpg?resize=350%2C200&ssl=1 1x, https:\/\/i0.wp.com\/www.grieta.org.mx\/wp-content\/uploads\/2019\/03\/imagen_minas.jpg?resize=525%2C300&ssl=1 1.5x"},"classes":[]},{"id":32560,"url":"https:\/\/www.grieta.org.mx\/index.php\/2019\/04\/24\/juzgado-reconoce-ilegalidad-de-concesiones-mineras-en-ixtacamaxtitlan-puebla\/","url_meta":{"origin":22855,"position":4},"title":"Juzgado reconoce ilegalidad de concesiones mineras en Ixtacamaxtitl\u00e1n (Puebla)","author":"grieta","date":"24 abril, 2019","format":false,"excerpt":"Mely Arellano \/ Lado B Un juzgado federal determin\u00f3 que las concesiones de la minera Almaden Minerals son ilegales y orden\u00f3 a la Secretar\u00eda de Econom\u00eda (SE) cancelarlas, por haberlas entregado sin consulta ni consentimiento del pueblo ind\u00edgena en Ixtacamaxtitl\u00e1n, en la sierra de Puebla. Lo anterior deriva de una\u2026","rel":"","context":"En &quot;26. Sierra Puebla&quot;","block_context":{"text":"26. Sierra Puebla","link":"https:\/\/www.grieta.org.mx\/index.php\/category\/espejos-de-la-resistencia\/26-sierra-puebla\/"},"img":{"alt_text":"","src":"https:\/\/i0.wp.com\/www.grieta.org.mx\/wp-content\/uploads\/2019\/04\/rio-ixtacamaxtitlan-mujeres-contra-la-mina_opt.jpg?resize=350%2C200&ssl=1","width":350,"height":200,"srcset":"https:\/\/i0.wp.com\/www.grieta.org.mx\/wp-content\/uploads\/2019\/04\/rio-ixtacamaxtitlan-mujeres-contra-la-mina_opt.jpg?resize=350%2C200&ssl=1 1x, https:\/\/i0.wp.com\/www.grieta.org.mx\/wp-content\/uploads\/2019\/04\/rio-ixtacamaxtitlan-mujeres-contra-la-mina_opt.jpg?resize=525%2C300&ssl=1 1.5x, https:\/\/i0.wp.com\/www.grieta.org.mx\/wp-content\/uploads\/2019\/04\/rio-ixtacamaxtitlan-mujeres-contra-la-mina_opt.jpg?resize=700%2C400&ssl=1 2x"},"classes":[]},{"id":28462,"url":"https:\/\/www.grieta.org.mx\/index.php\/2018\/12\/18\/pobladores-nahuas-denuncian-concesiones-mineras-que-violan-la-ley-puebla\/","url_meta":{"origin":22855,"position":5},"title":"Pobladores nahuas denuncian concesiones mineras que violan la ley (Puebla)","author":"grieta","date":"18 diciembre, 2018","format":false,"excerpt":"Luis Francisco Quiroga, nuevo subsecretario de Miner\u00eda, apoy\u00f3 un proyecto minero por el que la Secretar\u00eda de Econom\u00eda, de la que \u00e9l es representante, est\u00e1 demandada. El amparo, promovido por una comunidad de Puebla, es por el otorgamiento de dos concesiones mineras para las que no se consult\u00f3 a los\u2026","rel":"","context":"En &quot;26. Sierra Puebla&quot;","block_context":{"text":"26. Sierra Puebla","link":"https:\/\/www.grieta.org.mx\/index.php\/category\/espejos-de-la-resistencia\/26-sierra-puebla\/"},"img":{"alt_text":"","src":"https:\/\/i0.wp.com\/www.grieta.org.mx\/wp-content\/uploads\/2019\/01\/direct-13.jpg?resize=350%2C200&ssl=1","width":350,"height":200,"srcset":"https:\/\/i0.wp.com\/www.grieta.org.mx\/wp-content\/uploads\/2019\/01\/direct-13.jpg?resize=350%2C200&ssl=1 1x, https:\/\/i0.wp.com\/www.grieta.org.mx\/wp-content\/uploads\/2019\/01\/direct-13.jpg?resize=525%2C300&ssl=1 1.5x, https:\/\/i0.wp.com\/www.grieta.org.mx\/wp-content\/uploads\/2019\/01\/direct-13.jpg?resize=700%2C400&ssl=1 2x"},"classes":[]}],"_links":{"self":[{"href":"https:\/\/www.grieta.org.mx\/index.php\/wp-json\/wp\/v2\/posts\/22855","targetHints":{"allow":["GET"]}}],"collection":[{"href":"https:\/\/www.grieta.org.mx\/index.php\/wp-json\/wp\/v2\/posts"}],"about":[{"href":"https:\/\/www.grieta.org.mx\/index.php\/wp-json\/wp\/v2\/types\/post"}],"author":[{"embeddable":true,"href":"https:\/\/www.grieta.org.mx\/index.php\/wp-json\/wp\/v2\/users\/2"}],"replies":[{"embeddable":true,"href":"https:\/\/www.grieta.org.mx\/index.php\/wp-json\/wp\/v2\/comments?post=22855"}],"version-history":[{"count":1,"href":"https:\/\/www.grieta.org.mx\/index.php\/wp-json\/wp\/v2\/posts\/22855\/revisions"}],"predecessor-version":[{"id":22879,"href":"https:\/\/www.grieta.org.mx\/index.php\/wp-json\/wp\/v2\/posts\/22855\/revisions\/22879"}],"wp:featuredmedia":[{"embeddable":true,"href":"https:\/\/www.grieta.org.mx\/index.php\/wp-json\/wp\/v2\/media\/22863"}],"wp:attachment":[{"href":"https:\/\/www.grieta.org.mx\/index.php\/wp-json\/wp\/v2\/media?parent=22855"}],"wp:term":[{"taxonomy":"category","embeddable":true,"href":"https:\/\/www.grieta.org.mx\/index.php\/wp-json\/wp\/v2\/categories?post=22855"},{"taxonomy":"post_tag","embeddable":true,"href":"https:\/\/www.grieta.org.mx\/index.php\/wp-json\/wp\/v2\/tags?post=22855"}],"curies":[{"name":"wp","href":"https:\/\/api.w.org\/{rel}","templated":true}]}}