{"id":2280,"date":"2015-07-23T00:58:53","date_gmt":"2015-07-23T00:58:53","guid":{"rendered":"http:\/\/50.22.11.12\/~grietaor\/?p=2280"},"modified":"2018-03-29T21:59:39","modified_gmt":"2018-03-30T03:59:39","slug":"durango-se-suma-a-caravana","status":"publish","type":"post","link":"https:\/\/www.grieta.org.mx\/index.php\/2015\/07\/23\/durango-se-suma-a-caravana\/","title":{"rendered":"Durango se suma a caravana"},"content":{"rendered":"<p><img loading=\"lazy\" decoding=\"async\" data-attachment-id=\"2281\" data-permalink=\"https:\/\/www.grieta.org.mx\/index.php\/2015\/07\/23\/durango-se-suma-a-caravana\/attachment\/448337\/\" data-orig-file=\"https:\/\/www.grieta.org.mx\/wp-content\/uploads\/2016\/03\/448337.jpeg\" data-orig-size=\"720,481\" data-comments-opened=\"0\" data-image-meta=\"{&quot;aperture&quot;:&quot;0&quot;,&quot;credit&quot;:&quot;&quot;,&quot;camera&quot;:&quot;&quot;,&quot;caption&quot;:&quot;&quot;,&quot;created_timestamp&quot;:&quot;0&quot;,&quot;copyright&quot;:&quot;&quot;,&quot;focal_length&quot;:&quot;0&quot;,&quot;iso&quot;:&quot;0&quot;,&quot;shutter_speed&quot;:&quot;0&quot;,&quot;title&quot;:&quot;&quot;,&quot;orientation&quot;:&quot;0&quot;}\" data-image-title=\"Magisterio duranguense contra la Reforma Educativa\" data-image-description=\"\" data-image-caption=\"\" data-medium-file=\"https:\/\/www.grieta.org.mx\/wp-content\/uploads\/2016\/03\/448337-300x200.jpeg\" data-large-file=\"https:\/\/www.grieta.org.mx\/wp-content\/uploads\/2016\/03\/448337.jpeg\" class=\"aligncenter wp-image-2281\" src=\"http:\/\/grieta.org.mx\/wp-content\/uploads\/2016\/03\/448337-300x200.jpeg\" alt=\"Magisterio duranguense contra la Reforma Educativa\" width=\"680\" height=\"454\" srcset=\"https:\/\/www.grieta.org.mx\/wp-content\/uploads\/2016\/03\/448337-300x200.jpeg 300w, https:\/\/www.grieta.org.mx\/wp-content\/uploads\/2016\/03\/448337.jpeg 720w\" sizes=\"auto, (max-width: 680px) 100vw, 680px\" \/><\/p>\n<p>Un grupo de maestros de Durango se incorporar\u00e1 a la caravana \u201cDivisi\u00f3n del Norte, todos somos Oaxaca\u201d, que partir\u00e1 a las 10:00 horas a la Ciudad de M\u00e9xico, con escalas en varias ciudades.<\/p>\n<p>El objetivo de dicha movilizaci\u00f3n es apoyar al movimiento magisterial que la Coordinadora Nacional de la Educaci\u00f3n (CNTE) realiza en dicha entidad.<\/p>\n<p>Hilario Rom\u00e1n Gonz\u00e1lez, uno de los l\u00edderes locales de la CNTE, expuso que la caravana parte del Jard\u00edn Nazas con rumbo a Zacatecas para una toma simb\u00f3lica de la ciudad, no sin que antes se hayan sumado algunos docentes que vienen de la Regi\u00f3n Laguna.<\/p>\n<p>Antes de llegar a la capital del pa\u00eds la caravana de maestros que se ir\u00e1 incrementando con el transitar por los estados, visitar\u00e1 tambi\u00e9n las ciudades de San Luis Potos\u00ed y Quer\u00e9taro.<\/p>\n<p>Ya en la Ciudad de M\u00e9xico se manifestar\u00e1n en la sede de la Suprema Corte de Justicia de la Naci\u00f3n (SCJN), debido a que de los m\u00e1s de 500 mil amparos de maestros no han sido atendidos.<\/p>\n<p>Por lo pronto, est\u00e1n listo para participar en esta caravana alrededor de 30 maestros, pero se trata de una primera avanzada, pero dependiendo de las necesidades del movimiento, no se descarta la posibilidad de movilizar personal en autobuses para reforzar las protestas.<\/p>\n<p><strong>Exigencia<\/strong><\/p>\n<p>Buscan apoyar al movimiento magisterial que la Coordinadora Nacional de la Educaci\u00f3n (CNTE) realiza en dicha entidad.<\/p>\n<p><strong>Presencia<\/strong><\/p>\n<p>Est\u00e1n listos para participar en esta caravana alrededor de 30 maestros, aunque luego pudieran env\u00edas autobuses.<\/p>\n<p><a href=\"http:\/\/www.elsiglodedurango.com.mx\/noticia\/604607.durango-se-suma-a-caravana.html\" target=\"_blank\">www.elsiglodedurango.com.mx\/noticia\/604607.durango-se-suma-a-caravana.html<\/a><\/p>\n","protected":false},"excerpt":{"rendered":"<p>Un grupo de maestros de Durango se incorporar\u00e1 a la caravana \u201cDivisi\u00f3n del Norte, todos somos Oaxaca\u201d, que partir\u00e1 a las 10:00 horas a la Ciudad de M\u00e9xico, con escalas &hellip; <a href=\"https:\/\/www.grieta.org.mx\/index.php\/2015\/07\/23\/durango-se-suma-a-caravana\/\" class=\"more-link\">Leer m\u00e1s<\/a><\/p>\n","protected":false},"author":2,"featured_media":21928,"comment_status":"closed","ping_status":"open","sticky":false,"template":"","format":"standard","meta":{"ngg_post_thumbnail":0,"_jetpack_newsletter_access":"","_jetpack_dont_email_post_to_subs":false,"_jetpack_newsletter_tier_id":0,"_jetpack_memberships_contains_paywalled_content":false,"_jetpack_memberships_contains_paid_content":false,"footnotes":""},"categories":[80,173,15,1114],"tags":[135],"class_list":{"0":"post-2280","1":"post","2":"type-post","3":"status-publish","4":"format-standard","5":"has-post-thumbnail","6":"hentry","7":"category-cintillo","8":"category-durango","10":"category-movilizaciones-contra-la-reforma-educativa-y-evaluacion-magisterial-en-durango","11":"tag-reforma-educativa","12":"entry"},"jetpack_featured_media_url":"https:\/\/www.grieta.org.mx\/wp-content\/uploads\/2018\/03\/14524434_1106112876131411_958039263622046936_o.jpg","jetpack_sharing_enabled":true,"jetpack_shortlink":"https:\/\/wp.me\/p7ZJR4-AM","jetpack_likes_enabled":false,"jetpack-related-posts":[{"id":2276,"url":"https:\/\/www.grieta.org.mx\/index.php\/2015\/08\/18\/el-lunes-no-habra-clases-advierte-dirigente-de-la-cnte-en-durango\/","url_meta":{"origin":2280,"position":0},"title":"El lunes no habr\u00e1 clases, advierte dirigente de la CNTE en Durango","author":"grieta","date":"18 agosto, 2015","format":false,"excerpt":"Por David Enr\u00edquez Durango, Durango.- El pr\u00f3ximo lunes no habr\u00e1 clases en Durango, advierte el dirigente de la CNTE, Rafael Montes al puntualizar que m\u00e1s de 15 mil profesores se sumar\u00e1n al paro ese d\u00eda debido a una marcha para protestar por la Reforma Educativa y que valorar\u00e1n suspensiones en\u2026","rel":"","context":"En &quot;CINTILLO&quot;","block_context":{"text":"CINTILLO","link":"https:\/\/www.grieta.org.mx\/index.php\/category\/cintillo\/"},"img":{"alt_text":"","src":"https:\/\/i0.wp.com\/www.grieta.org.mx\/wp-content\/uploads\/2018\/03\/14524434_1106112876131411_958039263622046936_o.jpg?resize=350%2C200&ssl=1","width":350,"height":200,"srcset":"https:\/\/i0.wp.com\/www.grieta.org.mx\/wp-content\/uploads\/2018\/03\/14524434_1106112876131411_958039263622046936_o.jpg?resize=350%2C200&ssl=1 1x, https:\/\/i0.wp.com\/www.grieta.org.mx\/wp-content\/uploads\/2018\/03\/14524434_1106112876131411_958039263622046936_o.jpg?resize=525%2C300&ssl=1 1.5x, https:\/\/i0.wp.com\/www.grieta.org.mx\/wp-content\/uploads\/2018\/03\/14524434_1106112876131411_958039263622046936_o.jpg?resize=700%2C400&ssl=1 2x"},"classes":[]},{"id":22383,"url":"https:\/\/www.grieta.org.mx\/index.php\/2017\/12\/15\/maestros-bloquean-avenida-20-de-noviembre-durango\/","url_meta":{"origin":2280,"position":1},"title":"Maestros bloquean avenida 20 de Noviembre (Durango)","author":"grieta","date":"15 diciembre, 2017","format":false,"excerpt":"Daniel Estrada\/El Siglo de Durango Un grupo de nueve maestros cerraron la avenida 20 de Noviembre, a altura de la Plaza de Armas, desde el mi\u00e9rcoles por la tarde, para exigir el pago de salarios retenidos. La protesta se da en el marco de una de las temporadas de mayor\u2026","rel":"","context":"En &quot;CINTILLO&quot;","block_context":{"text":"CINTILLO","link":"https:\/\/www.grieta.org.mx\/index.php\/category\/cintillo\/"},"img":{"alt_text":"","src":"https:\/\/i0.wp.com\/www.grieta.org.mx\/wp-content\/uploads\/2018\/03\/14524434_1106112876131411_958039263622046936_o.jpg?resize=350%2C200&ssl=1","width":350,"height":200,"srcset":"https:\/\/i0.wp.com\/www.grieta.org.mx\/wp-content\/uploads\/2018\/03\/14524434_1106112876131411_958039263622046936_o.jpg?resize=350%2C200&ssl=1 1x, https:\/\/i0.wp.com\/www.grieta.org.mx\/wp-content\/uploads\/2018\/03\/14524434_1106112876131411_958039263622046936_o.jpg?resize=525%2C300&ssl=1 1.5x, https:\/\/i0.wp.com\/www.grieta.org.mx\/wp-content\/uploads\/2018\/03\/14524434_1106112876131411_958039263622046936_o.jpg?resize=700%2C400&ssl=1 2x"},"classes":[]},{"id":18545,"url":"https:\/\/www.grieta.org.mx\/index.php\/2016\/07\/31\/maestros-toman-caseta-de-leon-guzman\/","url_meta":{"origin":2280,"position":2},"title":"Maestros toman caseta de Le\u00f3n Guzm\u00e1n","author":"grieta","date":"31 julio, 2016","format":false,"excerpt":"LERDO, DGO.- Maestros del Movimiento Magisterial y Popular de La Laguna-CNTE tomaron la caseta de Le\u00f3n Guzm\u00e1n en el municipio de Lerdo como medida de protesta contra la Reforma Educativa y por las acciones en Oaxaca que conciernen al magisterio. En la caseta colocaron pancartas que dec\u00edan \u201cPor la defensa\u2026","rel":"","context":"En &quot;CINTILLO&quot;","block_context":{"text":"CINTILLO","link":"https:\/\/www.grieta.org.mx\/index.php\/category\/cintillo\/"},"img":{"alt_text":"","src":"https:\/\/i0.wp.com\/www.grieta.org.mx\/wp-content\/uploads\/2018\/03\/14524434_1106112876131411_958039263622046936_o.jpg?resize=350%2C200&ssl=1","width":350,"height":200,"srcset":"https:\/\/i0.wp.com\/www.grieta.org.mx\/wp-content\/uploads\/2018\/03\/14524434_1106112876131411_958039263622046936_o.jpg?resize=350%2C200&ssl=1 1x, https:\/\/i0.wp.com\/www.grieta.org.mx\/wp-content\/uploads\/2018\/03\/14524434_1106112876131411_958039263622046936_o.jpg?resize=525%2C300&ssl=1 1.5x, https:\/\/i0.wp.com\/www.grieta.org.mx\/wp-content\/uploads\/2018\/03\/14524434_1106112876131411_958039263622046936_o.jpg?resize=700%2C400&ssl=1 2x"},"classes":[]},{"id":2278,"url":"https:\/\/www.grieta.org.mx\/index.php\/2015\/08\/14\/de-nuevo-se-manifiesta-la-cnte-en-durango\/","url_meta":{"origin":2280,"position":3},"title":"De nuevo se manifiesta la CNTE en Durango","author":"grieta","date":"14 agosto, 2015","format":false,"excerpt":"De nuevo la ma\u00f1ana de este viernes miembros de la Coordinadora Nacional de la Educaci\u00f3n (CNTE), se manifestaron en las principales calles de la ciudad contra la reforma educativa. El contigente fue encabezado por el dirigente de la organizaci\u00f3n, Rafael Montes Hern\u00e1ndez quien sostuvo que primero se llev\u00f3 a cabo\u2026","rel":"","context":"En &quot;CINTILLO&quot;","block_context":{"text":"CINTILLO","link":"https:\/\/www.grieta.org.mx\/index.php\/category\/cintillo\/"},"img":{"alt_text":"","src":"https:\/\/i0.wp.com\/www.grieta.org.mx\/wp-content\/uploads\/2018\/03\/14524434_1106112876131411_958039263622046936_o.jpg?resize=350%2C200&ssl=1","width":350,"height":200,"srcset":"https:\/\/i0.wp.com\/www.grieta.org.mx\/wp-content\/uploads\/2018\/03\/14524434_1106112876131411_958039263622046936_o.jpg?resize=350%2C200&ssl=1 1x, https:\/\/i0.wp.com\/www.grieta.org.mx\/wp-content\/uploads\/2018\/03\/14524434_1106112876131411_958039263622046936_o.jpg?resize=525%2C300&ssl=1 1.5x, https:\/\/i0.wp.com\/www.grieta.org.mx\/wp-content\/uploads\/2018\/03\/14524434_1106112876131411_958039263622046936_o.jpg?resize=700%2C400&ssl=1 2x"},"classes":[]},{"id":15245,"url":"https:\/\/www.grieta.org.mx\/index.php\/2015\/06\/24\/diez-mil-maestros-en-durango-protestan-contra-evaluacion\/","url_meta":{"origin":2280,"position":4},"title":"Diez mil maestros en Durango protestan contra evaluaci\u00f3n","author":"grieta","date":"24 junio, 2015","format":false,"excerpt":"Tomaron de forma pac\u00edfica las oficinas de la secretar\u00eda de educaci\u00f3n y se\u00f1alan que est\u00e1n contra adem\u00e1s de la reubicaci\u00f3n de los Asistentes T\u00e9cnicos Pedag\u00f3gicos. Silvia Ayala Carmona Durango Aproximadamente 10 mil maestros llegaron hasta la secretar\u00eda de Educaci\u00f3n en Durango, exigiendo se detenga la evaluaci\u00f3n magisterial, as\u00ed como la\u2026","rel":"","context":"En &quot;CINTILLO&quot;","block_context":{"text":"CINTILLO","link":"https:\/\/www.grieta.org.mx\/index.php\/category\/cintillo\/"},"img":{"alt_text":"","src":"https:\/\/i0.wp.com\/www.grieta.org.mx\/wp-content\/uploads\/2018\/03\/14524434_1106112876131411_958039263622046936_o.jpg?resize=350%2C200&ssl=1","width":350,"height":200,"srcset":"https:\/\/i0.wp.com\/www.grieta.org.mx\/wp-content\/uploads\/2018\/03\/14524434_1106112876131411_958039263622046936_o.jpg?resize=350%2C200&ssl=1 1x, https:\/\/i0.wp.com\/www.grieta.org.mx\/wp-content\/uploads\/2018\/03\/14524434_1106112876131411_958039263622046936_o.jpg?resize=525%2C300&ssl=1 1.5x, https:\/\/i0.wp.com\/www.grieta.org.mx\/wp-content\/uploads\/2018\/03\/14524434_1106112876131411_958039263622046936_o.jpg?resize=700%2C400&ssl=1 2x"},"classes":[]},{"id":2265,"url":"https:\/\/www.grieta.org.mx\/index.php\/2015\/11\/14\/bloquean-maestros-de-la-coordinadora-el-tec-de-lerdo\/","url_meta":{"origin":2280,"position":5},"title":"Bloquean maestros de la Coordinadora el Tec de Lerdo","author":"grieta","date":"14 noviembre, 2015","format":false,"excerpt":"Maestros de La Laguna de Durango se unieron al movimiento que se realiz\u00f3 a nivel nacional de rechazo a la Reforma Educativa y el examen punitivo de permanencia, por lo que se realiz\u00f3 un bloqueo en el Instituto Tecnol\u00f3gico Superior de Lerdo. Esta instituci\u00f3n, es una de las sedes para\u2026","rel":"","context":"En &quot;CINTILLO&quot;","block_context":{"text":"CINTILLO","link":"https:\/\/www.grieta.org.mx\/index.php\/category\/cintillo\/"},"img":{"alt_text":"","src":"https:\/\/i0.wp.com\/www.grieta.org.mx\/wp-content\/uploads\/2018\/03\/14524434_1106112876131411_958039263622046936_o.jpg?resize=350%2C200&ssl=1","width":350,"height":200,"srcset":"https:\/\/i0.wp.com\/www.grieta.org.mx\/wp-content\/uploads\/2018\/03\/14524434_1106112876131411_958039263622046936_o.jpg?resize=350%2C200&ssl=1 1x, https:\/\/i0.wp.com\/www.grieta.org.mx\/wp-content\/uploads\/2018\/03\/14524434_1106112876131411_958039263622046936_o.jpg?resize=525%2C300&ssl=1 1.5x, https:\/\/i0.wp.com\/www.grieta.org.mx\/wp-content\/uploads\/2018\/03\/14524434_1106112876131411_958039263622046936_o.jpg?resize=700%2C400&ssl=1 2x"},"classes":[]}],"_links":{"self":[{"href":"https:\/\/www.grieta.org.mx\/index.php\/wp-json\/wp\/v2\/posts\/2280","targetHints":{"allow":["GET"]}}],"collection":[{"href":"https:\/\/www.grieta.org.mx\/index.php\/wp-json\/wp\/v2\/posts"}],"about":[{"href":"https:\/\/www.grieta.org.mx\/index.php\/wp-json\/wp\/v2\/types\/post"}],"author":[{"embeddable":true,"href":"https:\/\/www.grieta.org.mx\/index.php\/wp-json\/wp\/v2\/users\/2"}],"replies":[{"embeddable":true,"href":"https:\/\/www.grieta.org.mx\/index.php\/wp-json\/wp\/v2\/comments?post=2280"}],"version-history":[{"count":1,"href":"https:\/\/www.grieta.org.mx\/index.php\/wp-json\/wp\/v2\/posts\/2280\/revisions"}],"predecessor-version":[{"id":2282,"href":"https:\/\/www.grieta.org.mx\/index.php\/wp-json\/wp\/v2\/posts\/2280\/revisions\/2282"}],"wp:featuredmedia":[{"embeddable":true,"href":"https:\/\/www.grieta.org.mx\/index.php\/wp-json\/wp\/v2\/media\/21928"}],"wp:attachment":[{"href":"https:\/\/www.grieta.org.mx\/index.php\/wp-json\/wp\/v2\/media?parent=2280"}],"wp:term":[{"taxonomy":"category","embeddable":true,"href":"https:\/\/www.grieta.org.mx\/index.php\/wp-json\/wp\/v2\/categories?post=2280"},{"taxonomy":"post_tag","embeddable":true,"href":"https:\/\/www.grieta.org.mx\/index.php\/wp-json\/wp\/v2\/tags?post=2280"}],"curies":[{"name":"wp","href":"https:\/\/api.w.org\/{rel}","templated":true}]}}