{"id":22794,"date":"2014-05-31T15:51:14","date_gmt":"2014-05-31T20:51:14","guid":{"rendered":"http:\/\/www.grieta.org.mx\/?p=22794"},"modified":"2018-04-28T15:58:15","modified_gmt":"2018-04-28T20:58:15","slug":"la-lucha-del-frente-de-pueblos-contra-el-proyecto-integral-morelos","status":"publish","type":"post","link":"https:\/\/www.grieta.org.mx\/index.php\/2014\/05\/31\/la-lucha-del-frente-de-pueblos-contra-el-proyecto-integral-morelos\/","title":{"rendered":"La lucha del Frente de Pueblos contra el Proyecto Integral Morelos"},"content":{"rendered":"<div data-carousel-extra='{&quot;blog_id&quot;:1,&quot;permalink&quot;:&quot;https:\/\/www.grieta.org.mx\/index.php\/2014\/05\/31\/la-lucha-del-frente-de-pueblos-contra-el-proyecto-integral-morelos\/&quot;}' id='gallery-1' class='gallery galleryid-22794 gallery-columns-3 gallery-size-thumbnail'><figure class='gallery-item'>\n\t\t\t<div class='gallery-icon landscape'>\n\t\t\t\t<a href='https:\/\/www.grieta.org.mx\/index.php\/2014\/05\/31\/la-lucha-del-frente-de-pueblos-contra-el-proyecto-integral-morelos\/foto_puebla3\/'><img loading=\"lazy\" decoding=\"async\" width=\"150\" height=\"150\" src=\"https:\/\/www.grieta.org.mx\/wp-content\/uploads\/2018\/04\/foto_puebla3-150x150.jpg\" class=\"attachment-thumbnail size-thumbnail\" alt=\"\" srcset=\"https:\/\/www.grieta.org.mx\/wp-content\/uploads\/2018\/04\/foto_puebla3-150x150.jpg 150w, https:\/\/www.grieta.org.mx\/wp-content\/uploads\/2018\/04\/foto_puebla3-130x130.jpg 130w\" sizes=\"auto, (max-width: 150px) 100vw, 150px\" data-attachment-id=\"22795\" data-permalink=\"https:\/\/www.grieta.org.mx\/index.php\/2014\/05\/31\/la-lucha-del-frente-de-pueblos-contra-el-proyecto-integral-morelos\/foto_puebla3\/\" data-orig-file=\"https:\/\/www.grieta.org.mx\/wp-content\/uploads\/2018\/04\/foto_puebla3.jpg\" data-orig-size=\"960,636\" data-comments-opened=\"0\" data-image-meta=\"{&quot;aperture&quot;:&quot;0&quot;,&quot;credit&quot;:&quot;&quot;,&quot;camera&quot;:&quot;&quot;,&quot;caption&quot;:&quot;&quot;,&quot;created_timestamp&quot;:&quot;0&quot;,&quot;copyright&quot;:&quot;&quot;,&quot;focal_length&quot;:&quot;0&quot;,&quot;iso&quot;:&quot;0&quot;,&quot;shutter_speed&quot;:&quot;0&quot;,&quot;title&quot;:&quot;&quot;,&quot;orientation&quot;:&quot;0&quot;}\" data-image-title=\"foto_puebla3\" data-image-description=\"\" data-image-caption=\"\" data-medium-file=\"https:\/\/www.grieta.org.mx\/wp-content\/uploads\/2018\/04\/foto_puebla3-300x199.jpg\" data-large-file=\"https:\/\/www.grieta.org.mx\/wp-content\/uploads\/2018\/04\/foto_puebla3.jpg\" \/><\/a>\n\t\t\t<\/div><\/figure><figure class='gallery-item'>\n\t\t\t<div class='gallery-icon landscape'>\n\t\t\t\t<a href='https:\/\/www.grieta.org.mx\/index.php\/2014\/05\/31\/la-lucha-del-frente-de-pueblos-contra-el-proyecto-integral-morelos\/foto_puebla1\/'><img loading=\"lazy\" decoding=\"async\" width=\"150\" height=\"150\" src=\"https:\/\/www.grieta.org.mx\/wp-content\/uploads\/2018\/04\/Foto_Puebla1-150x150.jpg\" class=\"attachment-thumbnail size-thumbnail\" alt=\"\" srcset=\"https:\/\/www.grieta.org.mx\/wp-content\/uploads\/2018\/04\/Foto_Puebla1-150x150.jpg 150w, https:\/\/www.grieta.org.mx\/wp-content\/uploads\/2018\/04\/Foto_Puebla1-130x130.jpg 130w\" sizes=\"auto, (max-width: 150px) 100vw, 150px\" data-attachment-id=\"22796\" data-permalink=\"https:\/\/www.grieta.org.mx\/index.php\/2014\/05\/31\/la-lucha-del-frente-de-pueblos-contra-el-proyecto-integral-morelos\/foto_puebla1\/\" data-orig-file=\"https:\/\/www.grieta.org.mx\/wp-content\/uploads\/2018\/04\/Foto_Puebla1.jpg\" data-orig-size=\"710,470\" data-comments-opened=\"0\" data-image-meta=\"{&quot;aperture&quot;:&quot;0&quot;,&quot;credit&quot;:&quot;&quot;,&quot;camera&quot;:&quot;&quot;,&quot;caption&quot;:&quot;&quot;,&quot;created_timestamp&quot;:&quot;0&quot;,&quot;copyright&quot;:&quot;&quot;,&quot;focal_length&quot;:&quot;0&quot;,&quot;iso&quot;:&quot;0&quot;,&quot;shutter_speed&quot;:&quot;0&quot;,&quot;title&quot;:&quot;&quot;,&quot;orientation&quot;:&quot;0&quot;}\" data-image-title=\"Foto_Puebla1\" data-image-description=\"\" data-image-caption=\"\" data-medium-file=\"https:\/\/www.grieta.org.mx\/wp-content\/uploads\/2018\/04\/Foto_Puebla1-300x199.jpg\" data-large-file=\"https:\/\/www.grieta.org.mx\/wp-content\/uploads\/2018\/04\/Foto_Puebla1.jpg\" \/><\/a>\n\t\t\t<\/div><\/figure><figure class='gallery-item'>\n\t\t\t<div class='gallery-icon '>\n\t\t\t\t<a href='https:\/\/www.grieta.org.mx\/index.php\/2014\/05\/31\/la-lucha-del-frente-de-pueblos-contra-el-proyecto-integral-morelos\/san-juan-amecac-atlixco-puebla-del-dia-28-de-mayo-de-2014\/'><img loading=\"lazy\" decoding=\"async\" width=\"1\" height=\"1\" src=\"https:\/\/www.grieta.org.mx\/wp-content\/uploads\/2018\/04\/San-Juan-Amecac-Atlixco-Puebla.-del-di?a-28-de-mayo-de-2014.jpg\" class=\"attachment-thumbnail size-thumbnail\" alt=\"\" data-attachment-id=\"22797\" data-permalink=\"https:\/\/www.grieta.org.mx\/index.php\/2014\/05\/31\/la-lucha-del-frente-de-pueblos-contra-el-proyecto-integral-morelos\/san-juan-amecac-atlixco-puebla-del-dia-28-de-mayo-de-2014\/\" data-orig-file=\"https:\/\/www.grieta.org.mx\/wp-content\/uploads\/2018\/04\/San-Juan-Amecac-Atlixco-Puebla.-del-di?a-28-de-mayo-de-2014.jpg\" data-orig-size=\"\" data-comments-opened=\"0\" data-image-meta=\"[]\" data-image-title=\"San-Juan-Amecac-Atlixco-Puebla.-del-di?a-28-de-mayo-de-2014\" data-image-description=\"\" data-image-caption=\"\" data-medium-file=\"https:\/\/www.grieta.org.mx\/wp-content\/uploads\/2018\/04\/San-Juan-Amecac-Atlixco-Puebla.-del-di?a-28-de-mayo-de-2014.jpg\" data-large-file=\"https:\/\/www.grieta.org.mx\/wp-content\/uploads\/2018\/04\/San-Juan-Amecac-Atlixco-Puebla.-del-di?a-28-de-mayo-de-2014.jpg\" \/><\/a>\n\t\t\t<\/div><\/figure><figure class='gallery-item'>\n\t\t\t<div class='gallery-icon landscape'>\n\t\t\t\t<a href='https:\/\/www.grieta.org.mx\/index.php\/2014\/05\/31\/la-lucha-del-frente-de-pueblos-contra-el-proyecto-integral-morelos\/megrapoyectos\/'><img loading=\"lazy\" decoding=\"async\" width=\"150\" height=\"150\" src=\"https:\/\/www.grieta.org.mx\/wp-content\/uploads\/2018\/04\/Megrapoyectos-150x150.jpg\" class=\"attachment-thumbnail size-thumbnail\" alt=\"\" srcset=\"https:\/\/www.grieta.org.mx\/wp-content\/uploads\/2018\/04\/Megrapoyectos-150x150.jpg 150w, https:\/\/www.grieta.org.mx\/wp-content\/uploads\/2018\/04\/Megrapoyectos-130x130.jpg 130w\" sizes=\"auto, (max-width: 150px) 100vw, 150px\" data-attachment-id=\"22798\" data-permalink=\"https:\/\/www.grieta.org.mx\/index.php\/2014\/05\/31\/la-lucha-del-frente-de-pueblos-contra-el-proyecto-integral-morelos\/megrapoyectos\/\" data-orig-file=\"https:\/\/www.grieta.org.mx\/wp-content\/uploads\/2018\/04\/Megrapoyectos.jpg\" data-orig-size=\"960,720\" data-comments-opened=\"0\" data-image-meta=\"{&quot;aperture&quot;:&quot;0&quot;,&quot;credit&quot;:&quot;&quot;,&quot;camera&quot;:&quot;&quot;,&quot;caption&quot;:&quot;&quot;,&quot;created_timestamp&quot;:&quot;0&quot;,&quot;copyright&quot;:&quot;&quot;,&quot;focal_length&quot;:&quot;0&quot;,&quot;iso&quot;:&quot;0&quot;,&quot;shutter_speed&quot;:&quot;0&quot;,&quot;title&quot;:&quot;&quot;,&quot;orientation&quot;:&quot;0&quot;}\" data-image-title=\"Megrapoyectos\" data-image-description=\"\" data-image-caption=\"\" data-medium-file=\"https:\/\/www.grieta.org.mx\/wp-content\/uploads\/2018\/04\/Megrapoyectos-300x225.jpg\" data-large-file=\"https:\/\/www.grieta.org.mx\/wp-content\/uploads\/2018\/04\/Megrapoyectos.jpg\" \/><\/a>\n\t\t\t<\/div><\/figure><figure class='gallery-item'>\n\t\t\t<div class='gallery-icon landscape'>\n\t\t\t\t<a href='https:\/\/www.grieta.org.mx\/index.php\/2014\/05\/31\/la-lucha-del-frente-de-pueblos-contra-el-proyecto-integral-morelos\/trabajospuebla-1\/'><img loading=\"lazy\" decoding=\"async\" width=\"150\" height=\"150\" src=\"https:\/\/www.grieta.org.mx\/wp-content\/uploads\/2018\/04\/trabajosPuebla-1-150x150.jpg\" class=\"attachment-thumbnail size-thumbnail\" alt=\"\" srcset=\"https:\/\/www.grieta.org.mx\/wp-content\/uploads\/2018\/04\/trabajosPuebla-1-150x150.jpg 150w, https:\/\/www.grieta.org.mx\/wp-content\/uploads\/2018\/04\/trabajosPuebla-1-130x130.jpg 130w\" sizes=\"auto, (max-width: 150px) 100vw, 150px\" data-attachment-id=\"22799\" data-permalink=\"https:\/\/www.grieta.org.mx\/index.php\/2014\/05\/31\/la-lucha-del-frente-de-pueblos-contra-el-proyecto-integral-morelos\/trabajospuebla-1\/\" data-orig-file=\"https:\/\/www.grieta.org.mx\/wp-content\/uploads\/2018\/04\/trabajosPuebla-1.jpg\" data-orig-size=\"728,447\" data-comments-opened=\"0\" data-image-meta=\"{&quot;aperture&quot;:&quot;0&quot;,&quot;credit&quot;:&quot;&quot;,&quot;camera&quot;:&quot;&quot;,&quot;caption&quot;:&quot;&quot;,&quot;created_timestamp&quot;:&quot;0&quot;,&quot;copyright&quot;:&quot;&quot;,&quot;focal_length&quot;:&quot;0&quot;,&quot;iso&quot;:&quot;0&quot;,&quot;shutter_speed&quot;:&quot;0&quot;,&quot;title&quot;:&quot;&quot;,&quot;orientation&quot;:&quot;0&quot;}\" data-image-title=\"trabajosPuebla (1)\" data-image-description=\"\" data-image-caption=\"\" data-medium-file=\"https:\/\/www.grieta.org.mx\/wp-content\/uploads\/2018\/04\/trabajosPuebla-1-300x184.jpg\" data-large-file=\"https:\/\/www.grieta.org.mx\/wp-content\/uploads\/2018\/04\/trabajosPuebla-1.jpg\" \/><\/a>\n\t\t\t<\/div><\/figure><figure class='gallery-item'>\n\t\t\t<div class='gallery-icon landscape'>\n\t\t\t\t<a href='https:\/\/www.grieta.org.mx\/index.php\/2014\/05\/31\/la-lucha-del-frente-de-pueblos-contra-el-proyecto-integral-morelos\/termo_huexca\/'><img loading=\"lazy\" decoding=\"async\" width=\"150\" height=\"150\" src=\"https:\/\/www.grieta.org.mx\/wp-content\/uploads\/2018\/04\/termo_huexca-150x150.jpg\" class=\"attachment-thumbnail size-thumbnail\" alt=\"\" srcset=\"https:\/\/www.grieta.org.mx\/wp-content\/uploads\/2018\/04\/termo_huexca-150x150.jpg 150w, https:\/\/www.grieta.org.mx\/wp-content\/uploads\/2018\/04\/termo_huexca-130x130.jpg 130w\" sizes=\"auto, (max-width: 150px) 100vw, 150px\" data-attachment-id=\"22800\" data-permalink=\"https:\/\/www.grieta.org.mx\/index.php\/2014\/05\/31\/la-lucha-del-frente-de-pueblos-contra-el-proyecto-integral-morelos\/termo_huexca\/\" data-orig-file=\"https:\/\/www.grieta.org.mx\/wp-content\/uploads\/2018\/04\/termo_huexca.jpg\" data-orig-size=\"1024,768\" data-comments-opened=\"0\" data-image-meta=\"{&quot;aperture&quot;:&quot;0&quot;,&quot;credit&quot;:&quot;&quot;,&quot;camera&quot;:&quot;&quot;,&quot;caption&quot;:&quot;&quot;,&quot;created_timestamp&quot;:&quot;0&quot;,&quot;copyright&quot;:&quot;&quot;,&quot;focal_length&quot;:&quot;0&quot;,&quot;iso&quot;:&quot;0&quot;,&quot;shutter_speed&quot;:&quot;0&quot;,&quot;title&quot;:&quot;&quot;,&quot;orientation&quot;:&quot;0&quot;}\" data-image-title=\"termo_huexca\" data-image-description=\"\" data-image-caption=\"\" data-medium-file=\"https:\/\/www.grieta.org.mx\/wp-content\/uploads\/2018\/04\/termo_huexca-300x225.jpg\" data-large-file=\"https:\/\/www.grieta.org.mx\/wp-content\/uploads\/2018\/04\/termo_huexca-1024x768.jpg\" \/><\/a>\n\t\t\t<\/div><\/figure><figure class='gallery-item'>\n\t\t\t<div class='gallery-icon landscape'>\n\t\t\t\t<a href='https:\/\/www.grieta.org.mx\/index.php\/2014\/05\/31\/la-lucha-del-frente-de-pueblos-contra-el-proyecto-integral-morelos\/attachment\/14\/'><img loading=\"lazy\" decoding=\"async\" width=\"150\" height=\"150\" src=\"https:\/\/www.grieta.org.mx\/wp-content\/uploads\/2018\/04\/14-150x150.jpg\" class=\"attachment-thumbnail size-thumbnail\" alt=\"\" srcset=\"https:\/\/www.grieta.org.mx\/wp-content\/uploads\/2018\/04\/14-150x150.jpg 150w, https:\/\/www.grieta.org.mx\/wp-content\/uploads\/2018\/04\/14-130x130.jpg 130w\" sizes=\"auto, (max-width: 150px) 100vw, 150px\" data-attachment-id=\"22801\" data-permalink=\"https:\/\/www.grieta.org.mx\/index.php\/2014\/05\/31\/la-lucha-del-frente-de-pueblos-contra-el-proyecto-integral-morelos\/attachment\/14\/\" data-orig-file=\"https:\/\/www.grieta.org.mx\/wp-content\/uploads\/2018\/04\/14.jpg\" data-orig-size=\"1024,768\" data-comments-opened=\"0\" data-image-meta=\"{&quot;aperture&quot;:&quot;0&quot;,&quot;credit&quot;:&quot;&quot;,&quot;camera&quot;:&quot;&quot;,&quot;caption&quot;:&quot;&quot;,&quot;created_timestamp&quot;:&quot;0&quot;,&quot;copyright&quot;:&quot;&quot;,&quot;focal_length&quot;:&quot;0&quot;,&quot;iso&quot;:&quot;0&quot;,&quot;shutter_speed&quot;:&quot;0&quot;,&quot;title&quot;:&quot;&quot;,&quot;orientation&quot;:&quot;0&quot;}\" data-image-title=\"14\" data-image-description=\"\" data-image-caption=\"\" data-medium-file=\"https:\/\/www.grieta.org.mx\/wp-content\/uploads\/2018\/04\/14-300x225.jpg\" data-large-file=\"https:\/\/www.grieta.org.mx\/wp-content\/uploads\/2018\/04\/14-1024x768.jpg\" \/><\/a>\n\t\t\t<\/div><\/figure><figure class='gallery-item'>\n\t\t\t<div class='gallery-icon landscape'>\n\t\t\t\t<a href='https:\/\/www.grieta.org.mx\/index.php\/2014\/05\/31\/la-lucha-del-frente-de-pueblos-contra-el-proyecto-integral-morelos\/trabajospuebla\/'><img loading=\"lazy\" decoding=\"async\" width=\"150\" height=\"150\" src=\"https:\/\/www.grieta.org.mx\/wp-content\/uploads\/2018\/04\/trabajosPuebla-150x150.jpg\" class=\"attachment-thumbnail size-thumbnail\" alt=\"\" srcset=\"https:\/\/www.grieta.org.mx\/wp-content\/uploads\/2018\/04\/trabajosPuebla-150x150.jpg 150w, https:\/\/www.grieta.org.mx\/wp-content\/uploads\/2018\/04\/trabajosPuebla-130x130.jpg 130w\" sizes=\"auto, (max-width: 150px) 100vw, 150px\" data-attachment-id=\"22802\" data-permalink=\"https:\/\/www.grieta.org.mx\/index.php\/2014\/05\/31\/la-lucha-del-frente-de-pueblos-contra-el-proyecto-integral-morelos\/trabajospuebla\/\" data-orig-file=\"https:\/\/www.grieta.org.mx\/wp-content\/uploads\/2018\/04\/trabajosPuebla.jpg\" data-orig-size=\"728,447\" data-comments-opened=\"0\" data-image-meta=\"{&quot;aperture&quot;:&quot;0&quot;,&quot;credit&quot;:&quot;&quot;,&quot;camera&quot;:&quot;&quot;,&quot;caption&quot;:&quot;&quot;,&quot;created_timestamp&quot;:&quot;0&quot;,&quot;copyright&quot;:&quot;&quot;,&quot;focal_length&quot;:&quot;0&quot;,&quot;iso&quot;:&quot;0&quot;,&quot;shutter_speed&quot;:&quot;0&quot;,&quot;title&quot;:&quot;&quot;,&quot;orientation&quot;:&quot;0&quot;}\" data-image-title=\"trabajosPuebla\" data-image-description=\"\" data-image-caption=\"\" data-medium-file=\"https:\/\/www.grieta.org.mx\/wp-content\/uploads\/2018\/04\/trabajosPuebla-300x184.jpg\" data-large-file=\"https:\/\/www.grieta.org.mx\/wp-content\/uploads\/2018\/04\/trabajosPuebla.jpg\" \/><\/a>\n\t\t\t<\/div><\/figure><figure class='gallery-item'>\n\t\t\t<div class='gallery-icon landscape'>\n\t\t\t\t<a href='https:\/\/www.grieta.org.mx\/index.php\/2014\/05\/31\/la-lucha-del-frente-de-pueblos-contra-el-proyecto-integral-morelos\/22-2\/'><img loading=\"lazy\" decoding=\"async\" width=\"150\" height=\"150\" src=\"https:\/\/www.grieta.org.mx\/wp-content\/uploads\/2018\/04\/22-150x150.jpg\" class=\"attachment-thumbnail size-thumbnail\" alt=\"\" srcset=\"https:\/\/www.grieta.org.mx\/wp-content\/uploads\/2018\/04\/22-150x150.jpg 150w, https:\/\/www.grieta.org.mx\/wp-content\/uploads\/2018\/04\/22-130x130.jpg 130w\" sizes=\"auto, (max-width: 150px) 100vw, 150px\" data-attachment-id=\"22803\" data-permalink=\"https:\/\/www.grieta.org.mx\/index.php\/2014\/05\/31\/la-lucha-del-frente-de-pueblos-contra-el-proyecto-integral-morelos\/22-2\/\" data-orig-file=\"https:\/\/www.grieta.org.mx\/wp-content\/uploads\/2018\/04\/22.jpg\" data-orig-size=\"1068,506\" data-comments-opened=\"0\" data-image-meta=\"{&quot;aperture&quot;:&quot;0&quot;,&quot;credit&quot;:&quot;&quot;,&quot;camera&quot;:&quot;&quot;,&quot;caption&quot;:&quot;&quot;,&quot;created_timestamp&quot;:&quot;0&quot;,&quot;copyright&quot;:&quot;&quot;,&quot;focal_length&quot;:&quot;0&quot;,&quot;iso&quot;:&quot;0&quot;,&quot;shutter_speed&quot;:&quot;0&quot;,&quot;title&quot;:&quot;&quot;,&quot;orientation&quot;:&quot;0&quot;}\" data-image-title=\"22\" data-image-description=\"\" data-image-caption=\"\" data-medium-file=\"https:\/\/www.grieta.org.mx\/wp-content\/uploads\/2018\/04\/22-300x142.jpg\" data-large-file=\"https:\/\/www.grieta.org.mx\/wp-content\/uploads\/2018\/04\/22-1024x485.jpg\" \/><\/a>\n\t\t\t<\/div><\/figure>\n\t\t<\/div>\n\n<blockquote><p>?El pasado 27 de mayo seis tanquetas militares y cuatro camionetas de la Polic\u00eda estatal y Federal incursionaron en las poblaciones de San Juan Amecac, Cohuecan, Acteopan y Amilcingo, Puebla, para resguardar los trabajos de la empresa italiana a cargo del Proyecto Integral Morelos (PIM) que pretende construir dos centrales termoel\u00e9ctricas, un gasoducto, una l\u00ednea el\u00e9ctrica y un acueducto, enga\u00f1ando a las comunidades para despojarlas de sus recursos vitales.<br \/>\nEn el siguiente art\u00edculo las y los protagonistas del Frente de Pueblos en Defensa de la Tierra y el Agua, Morelos-Puebla-Tlaxcala explican su lucha contra el PIM y de qu\u00e9 modo los gobiernos estatales de los tres partidos pol\u00edticos han encarcelado a los opositores del megaproyecto. Contin\u00faan presos, con graves irregularidades jur\u00eddicas: Enedina Rosas, comisariada ejidal de la comunidad de San Felipe, Xonacayucan, Atlixco; Juan Carlos Flores, vocero del FPDTAMPT remitido al Cereso de Cholula; y Abraham Cordero de San Andr\u00e9s Texmelucan, presidente del Frente Campesino de Ejidatarios.<\/p><\/blockquote>\n<p>Texto: Frente de Pueblos en Defensa de la Tierra y el Agua, Morelos-Puebla-Tlaxcala.<br \/>\nFotos: Equipo Huexca, Lucero Mendiz\u00e1bal y cortes\u00eda del Frente de Pueblos.<\/p>\n<p>Durante d\u00e9cadas los pueblos del volc\u00e1n Popocat\u00e9petl hemos combatido la codicia y la ambici\u00f3n de los poderosos. Los campesinos de estas tierras hemos resistido durante generaciones la constante agresi\u00f3n hacia nuestras formas de organizaci\u00f3n, historia y cultura. Y as\u00ed, como hace tiempo, hoy nos vemos enfrentados y luchando nuevamente contra los megaproyectos promovidos por el neoliberalismo y su dinero, pero tambi\u00e9n contra los gobiernos que fomentan sus intereses.<\/p>\n<p>Uno de ellos es el Proyecto Integral Morelos (PIM), dirigido desde finales de los a\u00f1os 90 por la Comisi\u00f3n Federal de Electricidad (CFE). Dicho proyecto est\u00e1 conformado por una serie de etapas de construcci\u00f3n que se distribuyen lo largo de los estados de Puebla, Morelos y Tlaxcala. Estas etapas son:<\/p>\n<p>La construcci\u00f3n de dos centrales termoel\u00e9ctricas de ciclo combinado de 620 mw cada una, las cuales consumir\u00e1n agua y gas natural para producir energ\u00eda. Estas pretenden ser ubicadas en la comunidad de Huexca, Morelos, y est\u00e1n concesionadas a la empresa ABENGOA de origen espa\u00f1ol;<\/p>\n<p>Otra etapa del PIM la conforma la construcci\u00f3n de un gasoducto de aproximados 160 kil\u00f3metros de longitud y 30 pulgadas de di\u00e1metro que pretende transportar diariamente 9 mil millones de litros de gas natural, para dichas termoel\u00e9ctricas, pasando por las faldas del volc\u00e1n Popocat\u00e9petl y a trav\u00e9s de m\u00e1s de 60 comunidades campesinas de los estados de Tlaxcala, Puebla y Morelos, este gasoducto est\u00e1 concesionado a las empresas espa\u00f1olas ELECNOR y ANAGAS y a la empresa italiana BONATTI;<\/p>\n<p>La construcci\u00f3n de una l\u00ednea el\u00e9ctrica de 20 km de longitud a la subestaci\u00f3n Yautepec;<\/p>\n<p>Por \u00faltimo, un acueducto de 20 pulgadas de di\u00e1metro que pretende trasladar 50 millones de litros de agua diaria a las termoel\u00e9ctricas, y que su trazo va del municipio de Ayala a Huexca, Morelos con una longitud de 12 km. En total la inversi\u00f3n que plantea el gobierno y la industria privada para dichas acciones oscila entre los mil 600 millones de d\u00f3lares.<br \/>\n A pesar del rechazo de las comunidades, los trabajos no se detienen. Foto: cortes\u00eda del Frente de Pueblos, San Juan Amecac, Atlixco, Puebla. Frente a frente. Los cultivos de las tierras que no fueron vendidas a\u00fan florean ante las torres de metal como diciendo aqu\u00ed estamos y no nos vamos. Foto: Equipo Huexca. Huexca, Morelos oto\u00f1o 2013 La termoel\u00e9ctrica en Huexca, Morelos est\u00e1 pr\u00e1cticamente acabada, sin embargo hace falta conectar la planta con el Gaseoducto y el Acueducto a los que se opone el Frente de Pueblos en Defensa de la Tierra y el Agua de las entidades de Morelos, Tlaxcala y Puebla.<br \/>\nDesarrollo como despojo<\/p>\n<p>A lo largo de su promoci\u00f3n, los gobiernos estatales encabezados por Rafael Moreno Valle del PAN en Puebla, Graco Ram\u00edrez del PRD en Morelos y por Mariano Gonz\u00e1lez del PRI en Tlaxcala, se han encargado de difundir, a trav\u00e9s de operadores e instituciones (CFE, SEMARNAT, diputados, senadores, presidentes municipales, entre otros), la idea de que el progreso y el desarrollo llegar\u00e1 a nuestros pueblos si aceptamos el proyecto. De que a cambio de vender la tierra va haber m\u00e1s despensas, carreteras, escuelas, alumbrado p\u00fablico, proyectos productivos y programas.<\/p>\n<p>La CFE plantea un contrato de \u201crenta\u201d que va de 25 a 30 a\u00f1os, pagando de 150 a 300 pesos el metro cuadrado. Este contrato comprende el uso de 10 metros de ancho para la instalaci\u00f3n del ducto \u2013el largo depende de la extensi\u00f3n que ocupe el gasoducto en el terreno afectado. Lo que no dice la CFE es que en realidad se trata de un contrato de compraventa que no s\u00f3lo abarca los 10 metros de ancho, pues la propia normatividad de la paraestatal establece un paso de servidumbre que comprende un total de 15 metros por cada lado. Adem\u00e1s, la reglamentaci\u00f3n de \u201cseguridad\u201d impide sembrar y construir a no menos de 30 y 500 metros respectivamente de cada lado del ducto.<\/p>\n<p>La CFE no toma en cuenta a la poblaci\u00f3n y se presenta como una industria de desarrollo y progreso, pero nosotros sabemos que este tipo de progreso y desarrollo es el que desde siempre han prometido y del que solo somos parte al momento de perder la tierra y la seguridad de nuestras familias. El desarrollo que plantean es el sin\u00f3nimo del despojo y la explotaci\u00f3n de nuestro trabajo y nuestra gente.<\/p>\n<p>Organizaci\u00f3n desde abajo<\/p>\n<p>Ante esta situaci\u00f3n, las comunidades hemos respondido con organizaci\u00f3n y trabajo: mediante asambleas comunitarias donde se discuten los riesgos y problemas que provocar\u00eda dicho proyecto, los pueblos se pronuncian en contra del PIM. Los ejemplos de las comunidades de Jantetelco, Amilcingo, Huexca, Nealtican, Calpan, Juan C. Bonilla, Atlixco, Texoloc, Teacalco, entre otras, dan cuenta de dicha organizaci\u00f3n.<\/p>\n<p>Adem\u00e1s, a trav\u00e9s de la construcci\u00f3n de medios de comunicaci\u00f3n aut\u00f3nomos como las radios comunitarias, campa\u00f1as informativas de concientizaci\u00f3n a trav\u00e9s del arte, la cultura y la historia es como se fortalece la conciencia de los pueblos sobre la importancia de la tierra y la unidad del trabajo organizado.<\/p>\n<p>Pero cuando el gobierno ve que su mentira no funciona comienza una serie de acciones que tienen como objetivo principal provocar la desorganizaci\u00f3n del trabajo colectivo. Comienza con la compra de conciencias, la divisi\u00f3n en los pueblos, el hostigamiento y el encarcelamiento de nuestros compa\u00f1eros.<\/p>\n<p>Cooptaci\u00f3n y encarcelamientos<\/p>\n<p>En noviembre de 2012, en la comunidad de Jantetelco, Morelos, cuando cientos de compa\u00f1eros exig\u00edan el respeto a su voz y a su decisi\u00f3n en contra de la construcci\u00f3n de las termoel\u00e9ctricas, el gobierno de Graco Ram\u00edrez respondi\u00f3 con la fuerza p\u00fablica y encarcel\u00f3 a los compa\u00f1eros Jaime Dom\u00ednguez de 53 a\u00f1os, Carmelo de la Torre de 57 a\u00f1os, Fidel de 70 a\u00f1os y al compa\u00f1ero Urbano de 58 a\u00f1os. Gracias al trabajo organizado de la comunidad y la presi\u00f3n de los pueblos, los compa\u00f1eros lograron su libertad d\u00edas despu\u00e9s.<\/p>\n<p> El 19 de septiembre de 2013, en la colonia Gabriel Tepepa del municipio de Cuatla, cuando se esperaba el di\u00e1logo con los representantes del gobierno estatal y los promotores del acueducto, el gobierno respondi\u00f3 una vez m\u00e1s con la violencia. En su lugar, llegaron alrededor de 50 polic\u00edas estatales, los cuales, agredieron f\u00edsicamente a las y los compa\u00f1eros que se manifestaban en su contra. El resultado de dicha acci\u00f3n fue la detenci\u00f3n del compa\u00f1ero Jaime Dom\u00ednguez, una detenci\u00f3n completamente fuera del marco jur\u00eddico. El compa\u00f1ero fue puesto en libertad d\u00edas despu\u00e9s, pues los argumentos que le imputaban carec\u00edan de  fundamento.<\/p>\n<p>Las agresiones contin\u00faan. Hoy en d\u00eda el derecho a defender la tierra se vuelve un delito para los intereses del gobierno y el sistema neoliberal. En el estado de Puebla, el d\u00eda 6 de abril de 2014, el gobierno de Rafael Moreno Valle encarcel\u00f3 a la compa\u00f1era del Frente de Pueblos en Defensa de la Tierra y el Agua Morelos \u2013 Puebla \u2013Tlaxcala (FPDTAMPT) Enedina Rosas, que tambi\u00e9n fung\u00eda como comisariada ejidal de la comunidad de San Felipe, Xonacayucan, Atlixco, por el hecho de pronunciar la voz de los ejidatarios en contra de la construcci\u00f3n del gasoducto.<\/p>\n<p>Un d\u00eda despu\u00e9s, el 7 de abril, al interponer una denuncia en la Comisi\u00f3n de Derechos Humanos del estado de Puebla, contra de la detenci\u00f3n ilegal de la compa\u00f1era, un grupo de sujetos armados y sin identificaci\u00f3n alguna, detienen al compa\u00f1ero Juan Carlos Flores, vocero del Frente de Pueblos, y lo remiten al CERESO de Cholula.<\/p>\n<p>Al d\u00eda siguiente en el municipio de San Mart\u00edn, Abraham Cordero opositor al Arco Poniente y al gasoducto y presidente del Frente Campesino de Ejidatarios, fue aprehendido por cuatro sujetos cuando viajaba a la ciudad de Puebla con su esposa. Todos ellos detenidos de manera ilegal y sentenciados por oponerse a la construcci\u00f3n del Proyecto Integral Morelos y a pesar de que la Organizaci\u00f3n de las Naciones Unidas (ONU) y Amnist\u00eda internacional, a trav\u00e9s de sus comisionados, se han pronunciado en favor de la justicia y de que los casos de los compa\u00f1eros sean revisados, el gobierno se cierra al di\u00e1logo y hace caso omiso del tema.<\/p>\n<p>No conformes con esto, el d\u00eda 11 de abril de 2014, un grupo de paramilitares armados y vestidos como campesinos irrumpieron en el domicilio del Dr. Ricardo P\u00e9rez Avil\u00e9s, maestro e investigador de la Facultad de Sociolog\u00eda de la Benem\u00e9rita Universidad Aut\u00f3noma de Puebla (BUAP) y del Instituto de Ciencias Sociales y Humanidades \u201cAlfonso V\u00e9lez Pliego\u201d (ICSyH-BUAP). Este grupo de individuos amenaz\u00f3 a su familia y sentenci\u00f3 su posici\u00f3n como investigador activo y cr\u00edtico de los Megaproyectos impuestos en suelos poblanos. D\u00edas despu\u00e9s, alumnos allegados a \u00e9l y a su posici\u00f3n acad\u00e9mica anticapitalista, fueron hostigados y amedrentados v\u00eda f\u00edsica y telef\u00f3nica. A todo esto, se unen los innumerables casos de hostigamiento y amenazas de las que son objeto otros compa\u00f1eros y de los que los medios no han informado, pero de los que sabemos existen y son constantes.<\/p>\n<p>Lo que nosotros observamos, es que el Estado no solo est\u00e1 criminalizando el derecho a defender el territorio, sino tambi\u00e9n, el conocimiento acad\u00e9mico que surge de las universidades para los pueblos. Ante esto, las comunidades, los estudiantes y los acad\u00e9micos seguimos trabajando organizadamente por la liberaci\u00f3n de nuestros compa\u00f1eros y por la defensa de nuestro territorio. Seguimos en la firme idea de que la tierra es nuestro patrimonio hist\u00f3rico y el derecho universal de todos los que habitamos este mundo.<\/p>\n<p> Sabemos que esta agresi\u00f3n sistem\u00e1tica responde a la falta de recursos pol\u00edticos y argumentos sociales y ambientales por parte de los gobiernos para sostener un proyecto que desde el inicio es inviable. Es por eso que recurren a la persecuci\u00f3n, a la invasi\u00f3n de paramilitares y militares en nuestros pueblos.<\/p>\n<p>Tal como sucedi\u00f3 el pasado 27 de mayo en las comunidades de San Juan Amecac, Cohuecan, Acteopan y Amilcingo, en donde la presencia de 6 tanquetas militares y 4 camionetas de la Polic\u00eda Estatal y Federal se utiliz\u00f3 para el resguardo de al menos 15 m\u00e1quinas de la empresa italiana BONATTI y de sus ingenieros. En dichas comunidades no se ha otorgado ning\u00fan tipo de permiso para la instalaci\u00f3n del gasoducto, porque sabemos de la peligrosidad y el riesgo que implica el PIM, es as\u00ed como el gobierno impone sus ideas a trav\u00e9s de la fuerza y la intimidaci\u00f3n.<\/p>\n<p> Ej\u00e9rcito, polic\u00eda estatal y federal resguardan maquinaria de una de las trasnacionales ejecutoras del Megaproyecto PIM en San Juan Amecac, Atlixco, Puebla, 28 de mayo de 2014. Fotos: Cortes\u00eda del Frente de Pueblos Ej\u00e9rcito entrando en San Juan Amecac, Atlixco, Puebla. Polic\u00eda estatal resguardando trabajos de la trasnacional Bonatti<br \/>\n Foto: Cortes\u00eda del Frente de Pueblos<br \/>\nEstos hechos muestra la necedad de un gobierno que se niega al di\u00e1logo porque sabe que no hay ning\u00fan tipo de sustento que defienda su proyecto. No les interesa que el gasoducto vaya a pasar por las faldas del volc\u00e1n Popocat\u00e9petl y por zonas de alto riesgo volc\u00e1nico, ni que el acueducto y las termoel\u00e9ctricas se consuman el agua que sus propios hijos van a necesitar, ni mucho menos que todas estas tierras campesinas se vuelvan una industria de contaminaci\u00f3n y pobreza, y no les interesa porque estos gobiernos no conocen otra forma de relacionarse con el mundo que no sea la del dinero.<\/p>\n<p>Pero nosotros le decimos a ELECNOR, ABENGOA, ANAGAS, BONATTI, a los malos gobiernos y al sistema que los domina: que se enfrentan contra pueblos organizados, que sabemos que su ambici\u00f3n es tan grande como el miedo que nos tienen. Que seguiremos trabajando y luchando por el derecho a la libertad y a la tierra. Que confiamos en el trabajo y la rebeld\u00eda del pueblo mexicano, porque sabemos que juntos lograremos vencer la codicia del dinero.<\/p>\n<p>Le decimos a los malos gobiernos que en el Frente de Pueblos en Defensa de la Tierra y el Agua en Morelos, Puebla y Tlaxcala no nos vendemos, no nos rendimos, ni damos marcha atr\u00e1s y que seguimos construyendo otras formas de organizaci\u00f3n para defender y conservar lo que por derecho nos pertenece y corresponde, que la tierra como principio fundamental del trabajo y libertad de nuestros pueblos ha sido y ser\u00e1 el motivo por el cual se luche contra todo aqu\u00e9l que atente contra ella.<\/p>\n<p>\u00a1LIBERTAD A LOS PRESOS POL\u00cdTICOS!<\/p>\n<p>\u00a1CESE A LA REPRESI\u00d3N EN NUESTRAS COMUNIDADES!<\/p>\n<p>\u00a1FUERA EL EJ\u00c9RCITO DE LA ZONA AFECTADA POR EL PROYECTO INTEGRAL MORELOS!<\/p>\n<p>\u00a1NO AL GASODUCTO!<\/p>\n<p>\u00a1NO AL ACUEDUCTO!<\/p>\n<p>\u00a1NO A LA TERMOEL\u00c9CTRICA!<\/p>\n","protected":false},"excerpt":{"rendered":"<p>?El pasado 27 de mayo seis tanquetas militares y cuatro camionetas de la Polic\u00eda estatal y Federal incursionaron en las poblaciones de San Juan Amecac, Cohuecan, Acteopan y Amilcingo, Puebla, &hellip; <a href=\"https:\/\/www.grieta.org.mx\/index.php\/2014\/05\/31\/la-lucha-del-frente-de-pueblos-contra-el-proyecto-integral-morelos\/\" class=\"more-link\">Leer m\u00e1s<\/a><\/p>\n","protected":false},"author":1,"featured_media":22803,"comment_status":"closed","ping_status":"closed","sticky":false,"template":"","format":"standard","meta":{"ngg_post_thumbnail":0,"_jetpack_newsletter_access":"","_jetpack_dont_email_post_to_subs":false,"_jetpack_newsletter_tier_id":0,"_jetpack_memberships_contains_paywalled_content":false,"_jetpack_memberships_contains_paid_content":false,"footnotes":""},"categories":[80,3,22,938,1171],"tags":[510],"class_list":["post-22794","post","type-post","status-publish","format-standard","has-post-thumbnail","hentry","category-cintillo","category-megaproyectos","category-morelos","category-mp-morelos","category-rechazo-al-proyecto-integral-morelos-pim-en-morelos","tag-proyecto-integral-morelos","entry"],"jetpack_featured_media_url":"https:\/\/www.grieta.org.mx\/wp-content\/uploads\/2018\/04\/22.jpg","jetpack_sharing_enabled":true,"jetpack_shortlink":"https:\/\/wp.me\/p7ZJR4-5VE","jetpack_likes_enabled":false,"jetpack-related-posts":[{"id":37578,"url":"https:\/\/www.grieta.org.mx\/index.php\/2019\/07\/09\/frente-unido-todos-somos-cacalotepec-pedira-replica-a-amlo-contra-el-proyecto-integral-morelos\/","url_meta":{"origin":22794,"position":0},"title":"Frente Unido Todos Somos Cacalotepec pedir\u00e1 r\u00e9plica a AMLO contra el Proyecto Integral Morelos","author":"grieta","date":"9 julio, 2019","format":false,"excerpt":"Israel Tepox \/ Desde Puebla \u201cEl d\u00eda 8 de julio usted (AMLO) anunci\u00f3 que hablar\u00e1 con los afectados del PIM (Proyecto Integral Morelos) que nos va a ir a ver de manera directa y que nos explicar\u00e1 las cifras del proyecto, que buscar\u00e1 convencernos que el proyecto se tiene que\u2026","rel":"","context":"En &quot;10. Huexca&quot;","block_context":{"text":"10. Huexca","link":"https:\/\/www.grieta.org.mx\/index.php\/category\/espejos-de-la-resistencia\/10-huexca\/"},"img":{"alt_text":"","src":"https:\/\/i0.wp.com\/www.grieta.org.mx\/wp-content\/uploads\/2019\/08\/FB_IMG_1562710460892.jpg?resize=350%2C200&ssl=1","width":350,"height":200,"srcset":"https:\/\/i0.wp.com\/www.grieta.org.mx\/wp-content\/uploads\/2019\/08\/FB_IMG_1562710460892.jpg?resize=350%2C200&ssl=1 1x, https:\/\/i0.wp.com\/www.grieta.org.mx\/wp-content\/uploads\/2019\/08\/FB_IMG_1562710460892.jpg?resize=525%2C300&ssl=1 1.5x"},"classes":[]},{"id":43312,"url":"https:\/\/www.grieta.org.mx\/index.php\/2019\/11\/07\/lucha-de-pueblos-contra-el-pim-ahora-a-italia-morelos\/","url_meta":{"origin":22794,"position":1},"title":"Lucha de pueblos contra el PIM, ahora a Italia (Morelos)","author":"grieta","date":"7 noviembre, 2019","format":false,"excerpt":"Emmanuel Ruiz \/ El Sol de Cuautla El vocero del Frente de Pueblos en Defensa de la Tierra y el Agua de Morelos, Puebla y Tlaxcala, Juan Carlos Flores Sol\u00eds, sostendr\u00e1 un encuentro con ciudadanos de Tur\u00edn, Italia, el pr\u00f3ximo 11 de noviembre Tras lograr que la muerte de Samir\u2026","rel":"","context":"En &quot;CINTILLO&quot;","block_context":{"text":"CINTILLO","link":"https:\/\/www.grieta.org.mx\/index.php\/category\/cintillo\/"},"img":{"alt_text":"","src":"https:\/\/i0.wp.com\/www.grieta.org.mx\/wp-content\/uploads\/2020\/01\/PIM-Huexca.jpeg?resize=350%2C200&ssl=1","width":350,"height":200,"srcset":"https:\/\/i0.wp.com\/www.grieta.org.mx\/wp-content\/uploads\/2020\/01\/PIM-Huexca.jpeg?resize=350%2C200&ssl=1 1x, https:\/\/i0.wp.com\/www.grieta.org.mx\/wp-content\/uploads\/2020\/01\/PIM-Huexca.jpeg?resize=525%2C300&ssl=1 1.5x, https:\/\/i0.wp.com\/www.grieta.org.mx\/wp-content\/uploads\/2020\/01\/PIM-Huexca.jpeg?resize=700%2C400&ssl=1 2x"},"classes":[]},{"id":29268,"url":"https:\/\/www.grieta.org.mx\/index.php\/2019\/02\/20\/asesinan-a-lider-de-opositores-a-la-termoelectrica-en-morelos\/","url_meta":{"origin":22794,"position":2},"title":"Asesinan a l\u00edder de opositores a la termoel\u00e9ctrica en Morelos","author":"grieta","date":"20 febrero, 2019","format":false,"excerpt":"Redacci\u00f3n \/ Quadratin Morelos TEMOAC, Mor., 20 de Febrero del 2019.- Fue confirmada la muerte de Samir Flores Soberanes tras un ataque armado la madrugada de este mi\u00e9rcoles en su domicilio en Amilcingo por un comando armado, seg\u00fan los primeros reportes. Se trata de qui\u00e9n encabez\u00f3 desde el inicio de\u2026","rel":"","context":"En &quot;10. Huexca&quot;","block_context":{"text":"10. Huexca","link":"https:\/\/www.grieta.org.mx\/index.php\/category\/espejos-de-la-resistencia\/10-huexca\/"},"img":{"alt_text":"","src":"https:\/\/i0.wp.com\/www.grieta.org.mx\/wp-content\/uploads\/2019\/02\/IMG_20190220_075909-1160x700.jpg?resize=350%2C200&ssl=1","width":350,"height":200,"srcset":"https:\/\/i0.wp.com\/www.grieta.org.mx\/wp-content\/uploads\/2019\/02\/IMG_20190220_075909-1160x700.jpg?resize=350%2C200&ssl=1 1x, https:\/\/i0.wp.com\/www.grieta.org.mx\/wp-content\/uploads\/2019\/02\/IMG_20190220_075909-1160x700.jpg?resize=525%2C300&ssl=1 1.5x, https:\/\/i0.wp.com\/www.grieta.org.mx\/wp-content\/uploads\/2019\/02\/IMG_20190220_075909-1160x700.jpg?resize=700%2C400&ssl=1 2x, https:\/\/i0.wp.com\/www.grieta.org.mx\/wp-content\/uploads\/2019\/02\/IMG_20190220_075909-1160x700.jpg?resize=1050%2C600&ssl=1 3x"},"classes":[]},{"id":29755,"url":"https:\/\/www.grieta.org.mx\/index.php\/2019\/02\/25\/la-lucha-no-termina-aqui-activistas-sobre-termoelectrica-en-morelos\/","url_meta":{"origin":22794,"position":3},"title":"La lucha no termina aqu\u00ed: activistas sobre termoel\u00e9ctrica en Morelos","author":"grieta","date":"25 febrero, 2019","format":false,"excerpt":"Felipe Rodea, Ver\u00f3nica Bacaz \/ El Financiero Tras conocer el resultado de la consulta favorable a la construcci\u00f3n de la termoel\u00e9ctrica en Morelos, el Frente de Pueblos en Defensa de la Tierra y Agua Morelos, Puebla, Tlaxcala, advirti\u00f3 que la batalla por cancelar el proyecto apenas comienza. \"La lucha no\u2026","rel":"","context":"En &quot;10. Huexca&quot;","block_context":{"text":"10. Huexca","link":"https:\/\/www.grieta.org.mx\/index.php\/category\/espejos-de-la-resistencia\/10-huexca\/"},"img":{"alt_text":"","src":"https:\/\/i0.wp.com\/www.grieta.org.mx\/wp-content\/uploads\/2019\/02\/752d2c9ecf1550851348_standard_desktop_medium_retina.jpeg?resize=350%2C200&ssl=1","width":350,"height":200,"srcset":"https:\/\/i0.wp.com\/www.grieta.org.mx\/wp-content\/uploads\/2019\/02\/752d2c9ecf1550851348_standard_desktop_medium_retina.jpeg?resize=350%2C200&ssl=1 1x, https:\/\/i0.wp.com\/www.grieta.org.mx\/wp-content\/uploads\/2019\/02\/752d2c9ecf1550851348_standard_desktop_medium_retina.jpeg?resize=525%2C300&ssl=1 1.5x, https:\/\/i0.wp.com\/www.grieta.org.mx\/wp-content\/uploads\/2019\/02\/752d2c9ecf1550851348_standard_desktop_medium_retina.jpeg?resize=700%2C400&ssl=1 2x, https:\/\/i0.wp.com\/www.grieta.org.mx\/wp-content\/uploads\/2019\/02\/752d2c9ecf1550851348_standard_desktop_medium_retina.jpeg?resize=1050%2C600&ssl=1 3x"},"classes":[]},{"id":43751,"url":"https:\/\/www.grieta.org.mx\/index.php\/2019\/11\/18\/pretenden-llenar-al-pais-de-gasoductos-y-termoelectricas-juan-carlos-flores-del-frente-de-pueblos-de-morelos-puebla-y-tlaxcala-podcast\/","url_meta":{"origin":22794,"position":4},"title":"\u201cPretenden llenar al pa\u00eds de gasoductos y termoel\u00e9ctricas\u201d: Juan Carlos Flores, del Frente de Pueblos de Morelos, Puebla y Tlaxcala (PODCAST)","author":"grieta","date":"18 noviembre, 2019","format":false,"excerpt":"Redacci\u00f3n \/ Radio UdeG Guadalajara Juan Carlos Flores y otros integrantes del Frente de Pueblos en Defensa de la Tierra y el Agua de Morelos, Puebla y Tlaxcala (FPDTA), quienes mantienen una defensa en contra del Proyecto Integral Morelos (PIM), visitaron Juanacatl\u00e1n (Jalisco) donde la poblaci\u00f3n tambi\u00e9n resiste la imposici\u00f3n\u2026","rel":"","context":"En &quot;CINTILLO&quot;","block_context":{"text":"CINTILLO","link":"https:\/\/www.grieta.org.mx\/index.php\/category\/cintillo\/"},"img":{"alt_text":"","src":"https:\/\/i0.wp.com\/www.grieta.org.mx\/wp-content\/uploads\/2020\/01\/images-1.jpg?resize=350%2C200&ssl=1","width":350,"height":200,"srcset":"https:\/\/i0.wp.com\/www.grieta.org.mx\/wp-content\/uploads\/2020\/01\/images-1.jpg?resize=350%2C200&ssl=1 1x, https:\/\/i0.wp.com\/www.grieta.org.mx\/wp-content\/uploads\/2020\/01\/images-1.jpg?resize=525%2C300&ssl=1 1.5x"},"classes":[]},{"id":8594,"url":"https:\/\/www.grieta.org.mx\/index.php\/2016\/09\/04\/organizacion-contra-proyecto-integral-morelos\/","url_meta":{"origin":22794,"position":5},"title":"Rechazo al Proyecto Integral Morelos (PIM) en Morelos","author":"grieta","date":"4 septiembre, 2016","format":false,"excerpt":"04\/09\/16. Estancado, el conflicto por el acueducto en San Pedro Apatlaco La Uni\u00f3n de Morelos 01\/09\/16. Cierran filas ejidatarios para impedir infiltraci\u00f3n de agitadores La Uni\u00f3n de Morelos 31\/08\/16. Ofrece el FAM rueda de prensa; Frente de Pueblos refiere que hay 20 detenidos por hechos ocurridos en Apatlaco La Uni\u00f3n\u2026","rel":"","context":"En &quot;Morelos&quot;","block_context":{"text":"Morelos","link":"https:\/\/www.grieta.org.mx\/index.php\/category\/noticias-nacionales\/morelos\/"},"img":{"alt_text":"","src":"https:\/\/i0.wp.com\/www.grieta.org.mx\/wp-content\/uploads\/2018\/03\/14524434_1106112876131411_958039263622046936_o.jpg?resize=350%2C200&ssl=1","width":350,"height":200,"srcset":"https:\/\/i0.wp.com\/www.grieta.org.mx\/wp-content\/uploads\/2018\/03\/14524434_1106112876131411_958039263622046936_o.jpg?resize=350%2C200&ssl=1 1x, https:\/\/i0.wp.com\/www.grieta.org.mx\/wp-content\/uploads\/2018\/03\/14524434_1106112876131411_958039263622046936_o.jpg?resize=525%2C300&ssl=1 1.5x, https:\/\/i0.wp.com\/www.grieta.org.mx\/wp-content\/uploads\/2018\/03\/14524434_1106112876131411_958039263622046936_o.jpg?resize=700%2C400&ssl=1 2x"},"classes":[]}],"_links":{"self":[{"href":"https:\/\/www.grieta.org.mx\/index.php\/wp-json\/wp\/v2\/posts\/22794","targetHints":{"allow":["GET"]}}],"collection":[{"href":"https:\/\/www.grieta.org.mx\/index.php\/wp-json\/wp\/v2\/posts"}],"about":[{"href":"https:\/\/www.grieta.org.mx\/index.php\/wp-json\/wp\/v2\/types\/post"}],"author":[{"embeddable":true,"href":"https:\/\/www.grieta.org.mx\/index.php\/wp-json\/wp\/v2\/users\/1"}],"replies":[{"embeddable":true,"href":"https:\/\/www.grieta.org.mx\/index.php\/wp-json\/wp\/v2\/comments?post=22794"}],"version-history":[{"count":1,"href":"https:\/\/www.grieta.org.mx\/index.php\/wp-json\/wp\/v2\/posts\/22794\/revisions"}],"predecessor-version":[{"id":22804,"href":"https:\/\/www.grieta.org.mx\/index.php\/wp-json\/wp\/v2\/posts\/22794\/revisions\/22804"}],"wp:featuredmedia":[{"embeddable":true,"href":"https:\/\/www.grieta.org.mx\/index.php\/wp-json\/wp\/v2\/media\/22803"}],"wp:attachment":[{"href":"https:\/\/www.grieta.org.mx\/index.php\/wp-json\/wp\/v2\/media?parent=22794"}],"wp:term":[{"taxonomy":"category","embeddable":true,"href":"https:\/\/www.grieta.org.mx\/index.php\/wp-json\/wp\/v2\/categories?post=22794"},{"taxonomy":"post_tag","embeddable":true,"href":"https:\/\/www.grieta.org.mx\/index.php\/wp-json\/wp\/v2\/tags?post=22794"}],"curies":[{"name":"wp","href":"https:\/\/api.w.org\/{rel}","templated":true}]}}