{"id":22786,"date":"2018-04-17T15:16:52","date_gmt":"2018-04-17T20:16:52","guid":{"rendered":"http:\/\/www.grieta.org.mx\/?p=22786"},"modified":"2019-11-17T22:55:20","modified_gmt":"2019-11-18T04:55:20","slug":"suspenden-construccion-de-la-autopista-siglo-xxi-en-morelos","status":"publish","type":"post","link":"https:\/\/www.grieta.org.mx\/index.php\/2018\/04\/17\/suspenden-construccion-de-la-autopista-siglo-xxi-en-morelos\/","title":{"rendered":"Suspenden construcci\u00f3n de la autopista siglo XXI en Morelos"},"content":{"rendered":"<p>POR JAIME LUIS BRITO<\/p>\n<p>AYALA, MORELOS (apro).- El juez s\u00e9ptimo de distrito en el estado de Morelos, Manuel Camargo Serrano, otorg\u00f3 una suspensi\u00f3n provisional a campesinos ejidatarios afectados por el trazo de la autopista Siglo XXI, debido a que no existe la expropiaci\u00f3n formal de las parcelas de por lo menos 37 familias por las que cruza la v\u00eda terrestre.<\/p>\n<p>Se trata de ejidatarios del poblado de Huitzililla, en el municipio de Ayala, donde s\u00f3lo existe un acuerdo de ocupaci\u00f3n temporal, no obstante, esto es \u201cuna trampa\u201d, pues es claro que la carretera no ser\u00e1 una ocupaci\u00f3n temporal sino permanente, por ello est\u00e1n exigiendo las indemnizaciones respectivas, as\u00ed como el decreto de expropiaci\u00f3n por inter\u00e9s p\u00fablico.<\/p>\n<p>De acuerdo con Jacinto Lara, presidente de la peque\u00f1a propiedad de esa comunidad, a la falta de certeza de la tierra donde se construye la autopista Siglo XXI se suma el incumplimiento de los pagos de indemnizaciones as\u00ed como una serie de obras complementarias que fueron acordadas en reuniones previas a la construcci\u00f3n de la v\u00eda. Estas obras corresponden a accesos laterales, reparaci\u00f3n de canales de riego que fueron da\u00f1ados, instalaci\u00f3n de pasos guardaganado, entre otros.<\/p>\n<p>La afectaci\u00f3n de la obra vial que conecta el Golfo de M\u00e9xico con el Oc\u00e9ano Pac\u00edfico en esta zona de la entidad es de cinco kil\u00f3metros de largo por 60 metros de ancho. Lara recuerda que en 2006 el pago que hicieron a los campesinos en la entidad fue de entre 25 y 40 pesos por metro cuadrado.<\/p>\n<p>El problema es que no todos los ejidatarios fueron indemnizados. No obstante, \u201choy no nos van a pagar lo mismo, porque el valor de la tierra ya aument\u00f3\u201d, sostiene.<\/p>\n<p>Lara refiere que, actualmente, el valor del metro cuadrado ronda los 350 pesos, por lo que exigen que se les pague de inmediato si es que quieren continuar con las obras.<\/p>\n<p>En tanto, Juli\u00e1n Celestino Alvear V\u00e1zquez, tesorero del comit\u00e9 del Comisariado Ejidal de Tlaltizap\u00e1n, al sur de Ayala, denunci\u00f3 que la obra de la autopista Siglo XXI ha dejado inconcluso un paso vecinal ubicado en esa zona y el cual se habr\u00eda da\u00f1ado por el sismo del pasado 19 de septiembre.<\/p>\n<p>A lo largo de 74 kil\u00f3metros, la Autopista Siglo XXI recorre tanto parcelas individuales as\u00ed como zonas de uso com\u00fan del ejido de Tlaltizap\u00e1n, en donde seg\u00fan los campesinos se han observado agrietamientos, aunque el da\u00f1o principal que se observ\u00f3 es el t\u00fanel que funciona como paso vecinal y se ubica en el campo denominado La Mosquitera.<\/p>\n<p>El l\u00edder campesino alert\u00f3 a las autoridades y a la empresa constructora de la posibilidad de que ese t\u00fanel pueda colapsarse y provocar p\u00e9rdidas humanas, pues diariamente decenas de personas lo utilizan para trasladarse de un campo al otro en esa regi\u00f3n.<br \/>\nCasi siete meses despu\u00e9s del sismo, la empresa que se encarga de construir la autopista Siglo XXI, \u201cno nos hace caso, un d\u00eda puede ocurrir una desgracia en esa zona\u201d, alertaron los campesinos.<\/p>\n<p>La autopista Siglo XXI ingresa a Morelos proveniente de Puebla, por los municipios de Temoac, Jantetelco y Jonacatepec, se sigue por Ayala, Tlaltizap\u00e1n, Jojutla y Puente de Ixtla, hasta internarse en el estado de Guerrero, rumbo a Acapulco.<\/p>\n<p><a href=\"https:\/\/www.proceso.com.mx\/530289\/suspenden-construccion-de-la-autopista-siglo-xxi-en-morelos\" rel=\"noopener noreferrer\" target=\"_blank\">https:\/\/www.proceso.com.mx\/530289\/suspenden-construccion-de-la-autopista-siglo-xxi-en-morelos<\/a><\/p>\n","protected":false},"excerpt":{"rendered":"<p>POR JAIME LUIS BRITO AYALA, MORELOS (apro).- El juez s\u00e9ptimo de distrito en el estado de Morelos, Manuel Camargo Serrano, otorg\u00f3 una suspensi\u00f3n provisional a campesinos ejidatarios afectados por el &hellip; <a href=\"https:\/\/www.grieta.org.mx\/index.php\/2018\/04\/17\/suspenden-construccion-de-la-autopista-siglo-xxi-en-morelos\/\" class=\"more-link\">Leer m\u00e1s<\/a><\/p>\n","protected":false},"author":1,"featured_media":22787,"comment_status":"closed","ping_status":"closed","sticky":false,"template":"","format":"standard","meta":{"ngg_post_thumbnail":0,"_jetpack_newsletter_access":"","_jetpack_dont_email_post_to_subs":false,"_jetpack_newsletter_tier_id":0,"_jetpack_memberships_contains_paywalled_content":false,"_jetpack_memberships_contains_paid_content":false,"footnotes":""},"categories":[56,80,1,22,938,1170],"tags":[629],"class_list":["post-22786","post","type-post","status-publish","format-standard","has-post-thumbnail","hentry","category-12-tepoztlan","category-cintillo","category-espejos-de-la-resistencia","category-morelos","category-mp-morelos","category-protestas-por-la-construccion-de-la-autopista-siglo-xxi-en-morelos","tag-autopista-siglo-xxi","entry"],"jetpack_featured_media_url":"https:\/\/www.grieta.org.mx\/wp-content\/uploads\/2018\/04\/images-c.jpg","jetpack_sharing_enabled":true,"jetpack_shortlink":"https:\/\/wp.me\/p7ZJR4-5Vw","jetpack_likes_enabled":false,"jetpack-related-posts":[{"id":11359,"url":"https:\/\/www.grieta.org.mx\/index.php\/2016\/07\/19\/protestas-por-la-construccion-de-la-autopista-siglo-xxi-en-morelos\/","url_meta":{"origin":22786,"position":0},"title":"Protestas por la construcci\u00f3n de la Autopista siglo XXI en Morelos","author":"grieta","date":"19 julio, 2016","format":false,"excerpt":"19\/07\/16. Nuevo bloqueo en la autopista \"Siglo XXI\" El Sol de Cuautla 06\/07\/16. Vecinos persiguieron a arque\u00f3logo del INAH porque se neg\u00f3 a explicar qu\u00e9 pasar\u00e1 con vestigios localizados en el trazo de la autopista Siglo XXIPunto por punto 17\/05\/16. Bloquean obras de la Siglo XXI en San Rafael -\u2026","rel":"","context":"En &quot;Morelos&quot;","block_context":{"text":"Morelos","link":"https:\/\/www.grieta.org.mx\/index.php\/category\/noticias-nacionales\/morelos\/"},"img":{"alt_text":"","src":"https:\/\/i0.wp.com\/www.grieta.org.mx\/wp-content\/uploads\/2018\/03\/14524434_1106112876131411_958039263622046936_o.jpg?resize=350%2C200&ssl=1","width":350,"height":200,"srcset":"https:\/\/i0.wp.com\/www.grieta.org.mx\/wp-content\/uploads\/2018\/03\/14524434_1106112876131411_958039263622046936_o.jpg?resize=350%2C200&ssl=1 1x, https:\/\/i0.wp.com\/www.grieta.org.mx\/wp-content\/uploads\/2018\/03\/14524434_1106112876131411_958039263622046936_o.jpg?resize=525%2C300&ssl=1 1.5x, https:\/\/i0.wp.com\/www.grieta.org.mx\/wp-content\/uploads\/2018\/03\/14524434_1106112876131411_958039263622046936_o.jpg?resize=700%2C400&ssl=1 2x"},"classes":[]},{"id":12178,"url":"https:\/\/www.grieta.org.mx\/index.php\/2016\/05\/07\/reanudan-construccion-de-la-autopista-siglo-xxi-en-cuantla-morelos\/","url_meta":{"origin":22786,"position":1},"title":"Reanudan construcci\u00f3n de la autopista Siglo XXI, en Cuantla Morelos","author":"grieta","date":"7 mayo, 2016","format":false,"excerpt":"El Sol de Cuautla Redacci\u00f3n En una mesa de di\u00e1logo, la Secretar\u00eda de Movilidad y Transporte (SMyT) logr\u00f3 acordar con la Confederaci\u00f3n de Trabajadores de M\u00e9xico (CTM) y el Nuevo Grupo Sindical (NGS) la reanudaci\u00f3n de los trabajos de construcci\u00f3n de la autopista Siglo XXI, luego de que \u00e9stos fueron\u2026","rel":"","context":"En &quot;CINTILLO&quot;","block_context":{"text":"CINTILLO","link":"https:\/\/www.grieta.org.mx\/index.php\/category\/cintillo\/"},"img":{"alt_text":"","src":"https:\/\/i0.wp.com\/www.grieta.org.mx\/wp-content\/uploads\/2018\/03\/14524434_1106112876131411_958039263622046936_o.jpg?resize=350%2C200&ssl=1","width":350,"height":200,"srcset":"https:\/\/i0.wp.com\/www.grieta.org.mx\/wp-content\/uploads\/2018\/03\/14524434_1106112876131411_958039263622046936_o.jpg?resize=350%2C200&ssl=1 1x, https:\/\/i0.wp.com\/www.grieta.org.mx\/wp-content\/uploads\/2018\/03\/14524434_1106112876131411_958039263622046936_o.jpg?resize=525%2C300&ssl=1 1.5x, https:\/\/i0.wp.com\/www.grieta.org.mx\/wp-content\/uploads\/2018\/03\/14524434_1106112876131411_958039263622046936_o.jpg?resize=700%2C400&ssl=1 2x"},"classes":[]},{"id":43743,"url":"https:\/\/www.grieta.org.mx\/index.php\/2020\/01\/15\/bloquean-de-nuevo-autopista-siglo-xxi-morelos\/","url_meta":{"origin":22786,"position":2},"title":"Bloquean de nuevo autopista Siglo XXI (Morelos)","author":"grieta","date":"15 enero, 2020","format":false,"excerpt":"Redacci\u00f3n \/ 24 Morelos Nuevamente un grupo de ejidatarios de Jojutla, se colocaron sobre los dos carriles de la autopista Siglo XXI \u201cArco Sur\u201d, para demandar de nueva cuenta a la Secretar\u00eda de Comunicaciones y Transportes (SCT), el pago de indemnizaciones a 45 trabajadores del campo, por el uso de\u2026","rel":"","context":"En &quot;CINTILLO&quot;","block_context":{"text":"CINTILLO","link":"https:\/\/www.grieta.org.mx\/index.php\/category\/cintillo\/"},"img":{"alt_text":"","src":"https:\/\/i0.wp.com\/www.grieta.org.mx\/wp-content\/uploads\/2020\/01\/Autopista-Siglo-XXI-780x405.jpg?resize=350%2C200&ssl=1","width":350,"height":200,"srcset":"https:\/\/i0.wp.com\/www.grieta.org.mx\/wp-content\/uploads\/2020\/01\/Autopista-Siglo-XXI-780x405.jpg?resize=350%2C200&ssl=1 1x, https:\/\/i0.wp.com\/www.grieta.org.mx\/wp-content\/uploads\/2020\/01\/Autopista-Siglo-XXI-780x405.jpg?resize=525%2C300&ssl=1 1.5x, https:\/\/i0.wp.com\/www.grieta.org.mx\/wp-content\/uploads\/2020\/01\/Autopista-Siglo-XXI-780x405.jpg?resize=700%2C400&ssl=1 2x"},"classes":[]},{"id":17222,"url":"https:\/\/www.grieta.org.mx\/index.php\/2016\/07\/19\/nuevo-bloqueo-en-la-autopista-siglo-xxi-morelos\/","url_meta":{"origin":22786,"position":3},"title":"Nuevo bloqueo en la autopista &#8220;Siglo XXI&#8221; (MORELOS)","author":"grieta","date":"19 julio, 2016","format":false,"excerpt":"Rosaura Hern\u00e1ndez, Morelos. Nuevamente se realizaron bloqueos a los trabajos de construcci\u00f3n de la autopista Siglo XXI en cuatro municipios de Morelos, luego de que por m\u00e1s de dos meses las autoridades estatales no cumplieran con los acuerdos con campesinos y ganaderos de m\u00e1s de 12 ejidos. En el mes\u2026","rel":"","context":"En &quot;CINTILLO&quot;","block_context":{"text":"CINTILLO","link":"https:\/\/www.grieta.org.mx\/index.php\/category\/cintillo\/"},"img":{"alt_text":"","src":"https:\/\/i0.wp.com\/www.grieta.org.mx\/wp-content\/uploads\/2018\/03\/14524434_1106112876131411_958039263622046936_o.jpg?resize=350%2C200&ssl=1","width":350,"height":200,"srcset":"https:\/\/i0.wp.com\/www.grieta.org.mx\/wp-content\/uploads\/2018\/03\/14524434_1106112876131411_958039263622046936_o.jpg?resize=350%2C200&ssl=1 1x, https:\/\/i0.wp.com\/www.grieta.org.mx\/wp-content\/uploads\/2018\/03\/14524434_1106112876131411_958039263622046936_o.jpg?resize=525%2C300&ssl=1 1.5x, https:\/\/i0.wp.com\/www.grieta.org.mx\/wp-content\/uploads\/2018\/03\/14524434_1106112876131411_958039263622046936_o.jpg?resize=700%2C400&ssl=1 2x"},"classes":[]},{"id":17236,"url":"https:\/\/www.grieta.org.mx\/index.php\/2016\/05\/17\/bloquean-obras-de-la-siglo-xxi-en-san-rafael-tecomalco-morelos\/","url_meta":{"origin":22786,"position":4},"title":"Bloquean obras de la Siglo XXI en San Rafael &#8211; Tecomalco (MORELOS)","author":"grieta","date":"17 mayo, 2016","format":false,"excerpt":"Angelina Albarr\u00e1n, Morelos. Pararon las obras de la autopista Siglo XXI, en el cruce carretero de San Rafael Zaragoza de Tlaltizap\u00e1n y el entronque a la comunidad de Tecomalco y la comunidad de las Piedras en Ayala en demanda de reparaci\u00f3n e indemnizaci\u00f3n de da\u00f1os por el paso de camiones\u2026","rel":"","context":"En &quot;CINTILLO&quot;","block_context":{"text":"CINTILLO","link":"https:\/\/www.grieta.org.mx\/index.php\/category\/cintillo\/"},"img":{"alt_text":"","src":"https:\/\/i0.wp.com\/www.grieta.org.mx\/wp-content\/uploads\/2018\/03\/14524434_1106112876131411_958039263622046936_o.jpg?resize=350%2C200&ssl=1","width":350,"height":200,"srcset":"https:\/\/i0.wp.com\/www.grieta.org.mx\/wp-content\/uploads\/2018\/03\/14524434_1106112876131411_958039263622046936_o.jpg?resize=350%2C200&ssl=1 1x, https:\/\/i0.wp.com\/www.grieta.org.mx\/wp-content\/uploads\/2018\/03\/14524434_1106112876131411_958039263622046936_o.jpg?resize=525%2C300&ssl=1 1.5x, https:\/\/i0.wp.com\/www.grieta.org.mx\/wp-content\/uploads\/2018\/03\/14524434_1106112876131411_958039263622046936_o.jpg?resize=700%2C400&ssl=1 2x"},"classes":[]},{"id":11383,"url":"https:\/\/www.grieta.org.mx\/index.php\/2016\/04\/27\/paran-obras-de-la-autopista-siglo-xxi\/","url_meta":{"origin":22786,"position":5},"title":"Paran obras de la autopista Siglo XXI","author":"grieta","date":"27 abril, 2016","format":false,"excerpt":"Angelina Albarr\u00e1n Bloquearon los trabajos de la Autopista Siglo XXI a la altura de la comunidad de San Rafael Zaragoza, en protesta porque desde hace dos a\u00f1os nadie se quiere hacer responsable de los da\u00f1os a los canales, caminos de zaca y puentes de acceso, afectando a m\u00e1s de mil\u2026","rel":"","context":"En &quot;Morelos&quot;","block_context":{"text":"Morelos","link":"https:\/\/www.grieta.org.mx\/index.php\/category\/noticias-nacionales\/morelos\/"},"img":{"alt_text":"","src":"https:\/\/i0.wp.com\/www.grieta.org.mx\/wp-content\/uploads\/2018\/03\/14524434_1106112876131411_958039263622046936_o.jpg?resize=350%2C200&ssl=1","width":350,"height":200,"srcset":"https:\/\/i0.wp.com\/www.grieta.org.mx\/wp-content\/uploads\/2018\/03\/14524434_1106112876131411_958039263622046936_o.jpg?resize=350%2C200&ssl=1 1x, https:\/\/i0.wp.com\/www.grieta.org.mx\/wp-content\/uploads\/2018\/03\/14524434_1106112876131411_958039263622046936_o.jpg?resize=525%2C300&ssl=1 1.5x, https:\/\/i0.wp.com\/www.grieta.org.mx\/wp-content\/uploads\/2018\/03\/14524434_1106112876131411_958039263622046936_o.jpg?resize=700%2C400&ssl=1 2x"},"classes":[]}],"_links":{"self":[{"href":"https:\/\/www.grieta.org.mx\/index.php\/wp-json\/wp\/v2\/posts\/22786","targetHints":{"allow":["GET"]}}],"collection":[{"href":"https:\/\/www.grieta.org.mx\/index.php\/wp-json\/wp\/v2\/posts"}],"about":[{"href":"https:\/\/www.grieta.org.mx\/index.php\/wp-json\/wp\/v2\/types\/post"}],"author":[{"embeddable":true,"href":"https:\/\/www.grieta.org.mx\/index.php\/wp-json\/wp\/v2\/users\/1"}],"replies":[{"embeddable":true,"href":"https:\/\/www.grieta.org.mx\/index.php\/wp-json\/wp\/v2\/comments?post=22786"}],"version-history":[{"count":1,"href":"https:\/\/www.grieta.org.mx\/index.php\/wp-json\/wp\/v2\/posts\/22786\/revisions"}],"predecessor-version":[{"id":41260,"href":"https:\/\/www.grieta.org.mx\/index.php\/wp-json\/wp\/v2\/posts\/22786\/revisions\/41260"}],"wp:featuredmedia":[{"embeddable":true,"href":"https:\/\/www.grieta.org.mx\/index.php\/wp-json\/wp\/v2\/media\/22787"}],"wp:attachment":[{"href":"https:\/\/www.grieta.org.mx\/index.php\/wp-json\/wp\/v2\/media?parent=22786"}],"wp:term":[{"taxonomy":"category","embeddable":true,"href":"https:\/\/www.grieta.org.mx\/index.php\/wp-json\/wp\/v2\/categories?post=22786"},{"taxonomy":"post_tag","embeddable":true,"href":"https:\/\/www.grieta.org.mx\/index.php\/wp-json\/wp\/v2\/tags?post=22786"}],"curies":[{"name":"wp","href":"https:\/\/api.w.org\/{rel}","templated":true}]}}