{"id":2278,"date":"2015-08-14T00:56:01","date_gmt":"2015-08-14T00:56:01","guid":{"rendered":"http:\/\/50.22.11.12\/~grietaor\/?p=2278"},"modified":"2018-03-29T21:56:42","modified_gmt":"2018-03-30T03:56:42","slug":"de-nuevo-se-manifiesta-la-cnte-en-durango","status":"publish","type":"post","link":"https:\/\/www.grieta.org.mx\/index.php\/2015\/08\/14\/de-nuevo-se-manifiesta-la-cnte-en-durango\/","title":{"rendered":"De nuevo se manifiesta la CNTE en Durango"},"content":{"rendered":"<blockquote><p>De nuevo la ma\u00f1ana de este viernes miembros de la Coordinadora Nacional de la Educaci\u00f3n (CNTE), se manifestaron en las principales calles de la ciudad contra la reforma educativa.<\/p><\/blockquote>\n<p>El contigente fue encabezado por el dirigente de la organizaci\u00f3n, Rafael Montes Hern\u00e1ndez quien sostuvo que primero se llev\u00f3 a cabo una protesta pac\u00edfica en la sede de la Secci\u00f3n 44 del Sindicato Nacional de Trabajadores de la Educaci\u00f3n (SNTE) para posteriormente caminar por la avenida 20 de Noviembre, arteria donde se encuentra la representaci\u00f3n de la Secretar\u00eda de Educaci\u00f3n P\u00fablica (SEP) en Durango.<\/p>\n<p>Mencion\u00f3 que a\u00fan no se define si los integrantes de la CNTE en la entidad se presentar\u00e1n a su centro de trabajo el pr\u00f3ximo inicio de ciclo escolar, es algo que no se ha definido.<\/p>\n<p><a href=\"http:\/\/www.elsiglodedurango.com.mx\/noticia\/609059.de-nuevo-se-manifiesta-la-cnte-en-durango.html\" target=\"_blank\">http:\/\/www.elsiglodedurango.com.mx\/noticia\/609059.de-nuevo-se-manifiesta-la-cnte-en-durango.html<\/a><\/p>\n","protected":false},"excerpt":{"rendered":"<p>De nuevo la ma\u00f1ana de este viernes miembros de la Coordinadora Nacional de la Educaci\u00f3n (CNTE), se manifestaron en las principales calles de la ciudad contra la reforma educativa. El &hellip; <a href=\"https:\/\/www.grieta.org.mx\/index.php\/2015\/08\/14\/de-nuevo-se-manifiesta-la-cnte-en-durango\/\" class=\"more-link\">Leer m\u00e1s<\/a><\/p>\n","protected":false},"author":2,"featured_media":21928,"comment_status":"closed","ping_status":"open","sticky":false,"template":"","format":"standard","meta":{"ngg_post_thumbnail":0,"_jetpack_newsletter_access":"","_jetpack_dont_email_post_to_subs":false,"_jetpack_newsletter_tier_id":0,"_jetpack_memberships_contains_paywalled_content":false,"_jetpack_memberships_contains_paid_content":false,"footnotes":""},"categories":[80,173,15,1114],"tags":[183,135],"class_list":{"0":"post-2278","1":"post","2":"type-post","3":"status-publish","4":"format-standard","5":"has-post-thumbnail","6":"hentry","7":"category-cintillo","8":"category-durango","10":"category-movilizaciones-contra-la-reforma-educativa-y-evaluacion-magisterial-en-durango","11":"tag-manifestacion","12":"tag-reforma-educativa","13":"entry"},"jetpack_featured_media_url":"https:\/\/www.grieta.org.mx\/wp-content\/uploads\/2018\/03\/14524434_1106112876131411_958039263622046936_o.jpg","jetpack_sharing_enabled":true,"jetpack_shortlink":"https:\/\/wp.me\/p7ZJR4-AK","jetpack_likes_enabled":false,"jetpack-related-posts":[{"id":2276,"url":"https:\/\/www.grieta.org.mx\/index.php\/2015\/08\/18\/el-lunes-no-habra-clases-advierte-dirigente-de-la-cnte-en-durango\/","url_meta":{"origin":2278,"position":0},"title":"El lunes no habr\u00e1 clases, advierte dirigente de la CNTE en Durango","author":"grieta","date":"18 agosto, 2015","format":false,"excerpt":"Por David Enr\u00edquez Durango, Durango.- El pr\u00f3ximo lunes no habr\u00e1 clases en Durango, advierte el dirigente de la CNTE, Rafael Montes al puntualizar que m\u00e1s de 15 mil profesores se sumar\u00e1n al paro ese d\u00eda debido a una marcha para protestar por la Reforma Educativa y que valorar\u00e1n suspensiones en\u2026","rel":"","context":"En &quot;CINTILLO&quot;","block_context":{"text":"CINTILLO","link":"https:\/\/www.grieta.org.mx\/index.php\/category\/cintillo\/"},"img":{"alt_text":"","src":"https:\/\/i0.wp.com\/www.grieta.org.mx\/wp-content\/uploads\/2018\/03\/14524434_1106112876131411_958039263622046936_o.jpg?resize=350%2C200&ssl=1","width":350,"height":200,"srcset":"https:\/\/i0.wp.com\/www.grieta.org.mx\/wp-content\/uploads\/2018\/03\/14524434_1106112876131411_958039263622046936_o.jpg?resize=350%2C200&ssl=1 1x, https:\/\/i0.wp.com\/www.grieta.org.mx\/wp-content\/uploads\/2018\/03\/14524434_1106112876131411_958039263622046936_o.jpg?resize=525%2C300&ssl=1 1.5x, https:\/\/i0.wp.com\/www.grieta.org.mx\/wp-content\/uploads\/2018\/03\/14524434_1106112876131411_958039263622046936_o.jpg?resize=700%2C400&ssl=1 2x"},"classes":[]},{"id":2280,"url":"https:\/\/www.grieta.org.mx\/index.php\/2015\/07\/23\/durango-se-suma-a-caravana\/","url_meta":{"origin":2278,"position":1},"title":"Durango se suma a caravana","author":"grieta","date":"23 julio, 2015","format":false,"excerpt":"Un grupo de maestros de Durango se incorporar\u00e1 a la caravana \u201cDivisi\u00f3n del Norte, todos somos Oaxaca\u201d, que partir\u00e1 a las 10:00 horas a la Ciudad de M\u00e9xico, con escalas en varias ciudades. El objetivo de dicha movilizaci\u00f3n es apoyar al movimiento magisterial que la Coordinadora Nacional de la Educaci\u00f3n\u2026","rel":"","context":"En &quot;CINTILLO&quot;","block_context":{"text":"CINTILLO","link":"https:\/\/www.grieta.org.mx\/index.php\/category\/cintillo\/"},"img":{"alt_text":"","src":"https:\/\/i0.wp.com\/www.grieta.org.mx\/wp-content\/uploads\/2018\/03\/14524434_1106112876131411_958039263622046936_o.jpg?resize=350%2C200&ssl=1","width":350,"height":200,"srcset":"https:\/\/i0.wp.com\/www.grieta.org.mx\/wp-content\/uploads\/2018\/03\/14524434_1106112876131411_958039263622046936_o.jpg?resize=350%2C200&ssl=1 1x, https:\/\/i0.wp.com\/www.grieta.org.mx\/wp-content\/uploads\/2018\/03\/14524434_1106112876131411_958039263622046936_o.jpg?resize=525%2C300&ssl=1 1.5x, https:\/\/i0.wp.com\/www.grieta.org.mx\/wp-content\/uploads\/2018\/03\/14524434_1106112876131411_958039263622046936_o.jpg?resize=700%2C400&ssl=1 2x"},"classes":[]},{"id":2265,"url":"https:\/\/www.grieta.org.mx\/index.php\/2015\/11\/14\/bloquean-maestros-de-la-coordinadora-el-tec-de-lerdo\/","url_meta":{"origin":2278,"position":2},"title":"Bloquean maestros de la Coordinadora el Tec de Lerdo","author":"grieta","date":"14 noviembre, 2015","format":false,"excerpt":"Maestros de La Laguna de Durango se unieron al movimiento que se realiz\u00f3 a nivel nacional de rechazo a la Reforma Educativa y el examen punitivo de permanencia, por lo que se realiz\u00f3 un bloqueo en el Instituto Tecnol\u00f3gico Superior de Lerdo. Esta instituci\u00f3n, es una de las sedes para\u2026","rel":"","context":"En &quot;CINTILLO&quot;","block_context":{"text":"CINTILLO","link":"https:\/\/www.grieta.org.mx\/index.php\/category\/cintillo\/"},"img":{"alt_text":"","src":"https:\/\/i0.wp.com\/www.grieta.org.mx\/wp-content\/uploads\/2018\/03\/14524434_1106112876131411_958039263622046936_o.jpg?resize=350%2C200&ssl=1","width":350,"height":200,"srcset":"https:\/\/i0.wp.com\/www.grieta.org.mx\/wp-content\/uploads\/2018\/03\/14524434_1106112876131411_958039263622046936_o.jpg?resize=350%2C200&ssl=1 1x, https:\/\/i0.wp.com\/www.grieta.org.mx\/wp-content\/uploads\/2018\/03\/14524434_1106112876131411_958039263622046936_o.jpg?resize=525%2C300&ssl=1 1.5x, https:\/\/i0.wp.com\/www.grieta.org.mx\/wp-content\/uploads\/2018\/03\/14524434_1106112876131411_958039263622046936_o.jpg?resize=700%2C400&ssl=1 2x"},"classes":[]},{"id":16931,"url":"https:\/\/www.grieta.org.mx\/index.php\/2016\/07\/11\/marchan-maestros-laguneros-contra-la-reforma-educativa\/","url_meta":{"origin":2278,"position":3},"title":"Marchan maestros laguneros contra la Reforma Educativa","author":"grieta","date":"11 julio, 2016","format":false,"excerpt":"G\u00d3MEZ PALACIO, DGO.- Contin\u00faan en La Laguna las protestas en contra de la Reforma Educativa y en apoyo a los grupos magisteriales de Oaxaca y Chiapas. Este lunes, organizaciones magisteriales de la regi\u00f3n marchan por las principales calles de G\u00f3mez Palacio. La movilizaci\u00f3n parte a las 7 de la tarde\u2026","rel":"","context":"En &quot;CINTILLO&quot;","block_context":{"text":"CINTILLO","link":"https:\/\/www.grieta.org.mx\/index.php\/category\/cintillo\/"},"img":{"alt_text":"","src":"https:\/\/i0.wp.com\/www.grieta.org.mx\/wp-content\/uploads\/2018\/03\/14524434_1106112876131411_958039263622046936_o.jpg?resize=350%2C200&ssl=1","width":350,"height":200,"srcset":"https:\/\/i0.wp.com\/www.grieta.org.mx\/wp-content\/uploads\/2018\/03\/14524434_1106112876131411_958039263622046936_o.jpg?resize=350%2C200&ssl=1 1x, https:\/\/i0.wp.com\/www.grieta.org.mx\/wp-content\/uploads\/2018\/03\/14524434_1106112876131411_958039263622046936_o.jpg?resize=525%2C300&ssl=1 1.5x, https:\/\/i0.wp.com\/www.grieta.org.mx\/wp-content\/uploads\/2018\/03\/14524434_1106112876131411_958039263622046936_o.jpg?resize=700%2C400&ssl=1 2x"},"classes":[]},{"id":15245,"url":"https:\/\/www.grieta.org.mx\/index.php\/2015\/06\/24\/diez-mil-maestros-en-durango-protestan-contra-evaluacion\/","url_meta":{"origin":2278,"position":4},"title":"Diez mil maestros en Durango protestan contra evaluaci\u00f3n","author":"grieta","date":"24 junio, 2015","format":false,"excerpt":"Tomaron de forma pac\u00edfica las oficinas de la secretar\u00eda de educaci\u00f3n y se\u00f1alan que est\u00e1n contra adem\u00e1s de la reubicaci\u00f3n de los Asistentes T\u00e9cnicos Pedag\u00f3gicos. Silvia Ayala Carmona Durango Aproximadamente 10 mil maestros llegaron hasta la secretar\u00eda de Educaci\u00f3n en Durango, exigiendo se detenga la evaluaci\u00f3n magisterial, as\u00ed como la\u2026","rel":"","context":"En &quot;CINTILLO&quot;","block_context":{"text":"CINTILLO","link":"https:\/\/www.grieta.org.mx\/index.php\/category\/cintillo\/"},"img":{"alt_text":"","src":"https:\/\/i0.wp.com\/www.grieta.org.mx\/wp-content\/uploads\/2018\/03\/14524434_1106112876131411_958039263622046936_o.jpg?resize=350%2C200&ssl=1","width":350,"height":200,"srcset":"https:\/\/i0.wp.com\/www.grieta.org.mx\/wp-content\/uploads\/2018\/03\/14524434_1106112876131411_958039263622046936_o.jpg?resize=350%2C200&ssl=1 1x, https:\/\/i0.wp.com\/www.grieta.org.mx\/wp-content\/uploads\/2018\/03\/14524434_1106112876131411_958039263622046936_o.jpg?resize=525%2C300&ssl=1 1.5x, https:\/\/i0.wp.com\/www.grieta.org.mx\/wp-content\/uploads\/2018\/03\/14524434_1106112876131411_958039263622046936_o.jpg?resize=700%2C400&ssl=1 2x"},"classes":[]},{"id":22383,"url":"https:\/\/www.grieta.org.mx\/index.php\/2017\/12\/15\/maestros-bloquean-avenida-20-de-noviembre-durango\/","url_meta":{"origin":2278,"position":5},"title":"Maestros bloquean avenida 20 de Noviembre (Durango)","author":"grieta","date":"15 diciembre, 2017","format":false,"excerpt":"Daniel Estrada\/El Siglo de Durango Un grupo de nueve maestros cerraron la avenida 20 de Noviembre, a altura de la Plaza de Armas, desde el mi\u00e9rcoles por la tarde, para exigir el pago de salarios retenidos. La protesta se da en el marco de una de las temporadas de mayor\u2026","rel":"","context":"En &quot;CINTILLO&quot;","block_context":{"text":"CINTILLO","link":"https:\/\/www.grieta.org.mx\/index.php\/category\/cintillo\/"},"img":{"alt_text":"","src":"https:\/\/i0.wp.com\/www.grieta.org.mx\/wp-content\/uploads\/2018\/03\/14524434_1106112876131411_958039263622046936_o.jpg?resize=350%2C200&ssl=1","width":350,"height":200,"srcset":"https:\/\/i0.wp.com\/www.grieta.org.mx\/wp-content\/uploads\/2018\/03\/14524434_1106112876131411_958039263622046936_o.jpg?resize=350%2C200&ssl=1 1x, https:\/\/i0.wp.com\/www.grieta.org.mx\/wp-content\/uploads\/2018\/03\/14524434_1106112876131411_958039263622046936_o.jpg?resize=525%2C300&ssl=1 1.5x, https:\/\/i0.wp.com\/www.grieta.org.mx\/wp-content\/uploads\/2018\/03\/14524434_1106112876131411_958039263622046936_o.jpg?resize=700%2C400&ssl=1 2x"},"classes":[]}],"_links":{"self":[{"href":"https:\/\/www.grieta.org.mx\/index.php\/wp-json\/wp\/v2\/posts\/2278","targetHints":{"allow":["GET"]}}],"collection":[{"href":"https:\/\/www.grieta.org.mx\/index.php\/wp-json\/wp\/v2\/posts"}],"about":[{"href":"https:\/\/www.grieta.org.mx\/index.php\/wp-json\/wp\/v2\/types\/post"}],"author":[{"embeddable":true,"href":"https:\/\/www.grieta.org.mx\/index.php\/wp-json\/wp\/v2\/users\/2"}],"replies":[{"embeddable":true,"href":"https:\/\/www.grieta.org.mx\/index.php\/wp-json\/wp\/v2\/comments?post=2278"}],"version-history":[{"count":1,"href":"https:\/\/www.grieta.org.mx\/index.php\/wp-json\/wp\/v2\/posts\/2278\/revisions"}],"predecessor-version":[{"id":2279,"href":"https:\/\/www.grieta.org.mx\/index.php\/wp-json\/wp\/v2\/posts\/2278\/revisions\/2279"}],"wp:featuredmedia":[{"embeddable":true,"href":"https:\/\/www.grieta.org.mx\/index.php\/wp-json\/wp\/v2\/media\/21928"}],"wp:attachment":[{"href":"https:\/\/www.grieta.org.mx\/index.php\/wp-json\/wp\/v2\/media?parent=2278"}],"wp:term":[{"taxonomy":"category","embeddable":true,"href":"https:\/\/www.grieta.org.mx\/index.php\/wp-json\/wp\/v2\/categories?post=2278"},{"taxonomy":"post_tag","embeddable":true,"href":"https:\/\/www.grieta.org.mx\/index.php\/wp-json\/wp\/v2\/tags?post=2278"}],"curies":[{"name":"wp","href":"https:\/\/api.w.org\/{rel}","templated":true}]}}