{"id":22779,"date":"2018-04-17T14:28:44","date_gmt":"2018-04-17T19:28:44","guid":{"rendered":"http:\/\/www.grieta.org.mx\/?p=22779"},"modified":"2018-04-28T14:56:31","modified_gmt":"2018-04-28T19:56:31","slug":"vive-michoacan-jornada-de-protestas-de-la-cnte-y-normalistas","status":"publish","type":"post","link":"https:\/\/www.grieta.org.mx\/index.php\/2018\/04\/17\/vive-michoacan-jornada-de-protestas-de-la-cnte-y-normalistas\/","title":{"rendered":"Vive Michoac\u00e1n jornada de protestas de la CNTE y normalistas"},"content":{"rendered":"<p>POR FRANCISCO CASTELLANOS J<\/p>\n<p>MORELIA, MICH. (apro).- Integrantes de la secci\u00f3n 18 de la Coordinadora Nacional de Trabajadores de la Educaci\u00f3n (CNTE), realizan una jornada de bloqueos en diversas casetas y autopistas de Michoac\u00e1n; los egresados de la Escuela Normal realizan otra protesta afuera de las oficinas de Secretar\u00eda de Finanzas y Administraci\u00f3n (SFA).<\/p>\n<p>Al expresar su rechazo a la reforma educativa, integrantes de la CNTE permiten el libre tr\u00e1nsito a automovilistas en autopistas como Siglo XXI y de Occidente.<\/p>\n<p>De acuerdo con la Secretar\u00eda de Seguridad P\u00fablica, tambi\u00e9n se reporta la presencia de docentes en las casetas de Santa Casilda, Zirahu\u00e9n, Contepec, Ecuandureo, El Polvor\u00edn, Taretan y Zit\u00e1cuaro.<\/p>\n<p>Se prev\u00e9 que la protesta que mantienen integrantes de la CNTE en casetas y autopistas concluya alrededor de las 15 horas.<\/p>\n<p>En tanto, un grupo de 120 egresados de la normal que exigen el pago de 11 quincena de apoyos no entregados, bloquea la circulaci\u00f3n en la avenida Ventura Puente, desde el cruce con la calle Adolfo Cano, hasta la Avenida Acueducto.<\/p>\n<p><a href=\"https:\/\/www.proceso.com.mx\/530472\/vive-michoacan-jornada-de-protestas-de-la-cnte-y-normalistas\" rel=\"noopener\" target=\"_blank\">https:\/\/www.proceso.com.mx\/530472\/vive-michoacan-jornada-de-protestas-de-la-cnte-y-normalistas<\/a><\/p>\n","protected":false},"excerpt":{"rendered":"<p>POR FRANCISCO CASTELLANOS J MORELIA, MICH. (apro).- Integrantes de la secci\u00f3n 18 de la Coordinadora Nacional de Trabajadores de la Educaci\u00f3n (CNTE), realizan una jornada de bloqueos en diversas casetas &hellip; <a href=\"https:\/\/www.grieta.org.mx\/index.php\/2018\/04\/17\/vive-michoacan-jornada-de-protestas-de-la-cnte-y-normalistas\/\" class=\"more-link\">Leer m\u00e1s<\/a><\/p>\n","protected":false},"author":1,"featured_media":22781,"comment_status":"closed","ping_status":"closed","sticky":false,"template":"","format":"standard","meta":{"ngg_post_thumbnail":0,"_jetpack_newsletter_access":"","_jetpack_dont_email_post_to_subs":false,"_jetpack_newsletter_tier_id":0,"_jetpack_memberships_contains_paywalled_content":false,"_jetpack_memberships_contains_paid_content":false,"footnotes":""},"categories":[80,21,1007],"tags":[134,225],"class_list":["post-22779","post","type-post","status-publish","format-standard","has-post-thumbnail","hentry","category-cintillo","category-michoacan","category-movilizaciones-del-magisterio-en-michoacan","tag-cnte","tag-normalistas","entry"],"jetpack_featured_media_url":"https:\/\/www.grieta.org.mx\/wp-content\/uploads\/2018\/04\/DbFAc2TUwAET0ki-c.jpg","jetpack_sharing_enabled":true,"jetpack_shortlink":"https:\/\/wp.me\/p7ZJR4-5Vp","jetpack_likes_enabled":false,"jetpack-related-posts":[{"id":8977,"url":"https:\/\/www.grieta.org.mx\/index.php\/2016\/09\/13\/movilizaciones-contra-la-reforma-educativa-y-la-evaluacion-magisterial-en-michoacan\/","url_meta":{"origin":22779,"position":0},"title":"Movilizaciones contra la Reforma Educativa y la evaluaci\u00f3n magisterial en Michoac\u00e1n","author":"Admin","date":"13 septiembre, 2016","format":false,"excerpt":"13\/09\/16. CNTE encabezar\u00e1 acciones de protesta en festejos patrios Quadrat\u00edn 13\/09\/16. CNTE reanudar\u00e1 clases en todo Michoac\u00e1n Mi Morelia 18\/08\/16. Liberan a 28 normalistas de Michoac\u00e1n; 11 permanecen detenidos El Universal 17\/08\/16. Exigen liberar a los 39 normalistas detenidos en Michoac\u00e1n Proceso 17\/08\/16. A penal de Mil Cumbres, 39 normalistas\u2026","rel":"","context":"En &quot;Michoac\u00e1n&quot;","block_context":{"text":"Michoac\u00e1n","link":"https:\/\/www.grieta.org.mx\/index.php\/category\/noticias-nacionales\/michoacan\/"},"img":{"alt_text":"","src":"https:\/\/i0.wp.com\/www.grieta.org.mx\/wp-content\/uploads\/2018\/03\/14524434_1106112876131411_958039263622046936_o.jpg?resize=350%2C200&ssl=1","width":350,"height":200,"srcset":"https:\/\/i0.wp.com\/www.grieta.org.mx\/wp-content\/uploads\/2018\/03\/14524434_1106112876131411_958039263622046936_o.jpg?resize=350%2C200&ssl=1 1x, https:\/\/i0.wp.com\/www.grieta.org.mx\/wp-content\/uploads\/2018\/03\/14524434_1106112876131411_958039263622046936_o.jpg?resize=525%2C300&ssl=1 1.5x, https:\/\/i0.wp.com\/www.grieta.org.mx\/wp-content\/uploads\/2018\/03\/14524434_1106112876131411_958039263622046936_o.jpg?resize=700%2C400&ssl=1 2x"},"classes":[]},{"id":26432,"url":"https:\/\/www.grieta.org.mx\/index.php\/2018\/09\/11\/exige-cnte-de-michoacan-pago-de-bono-por-500-mdp\/","url_meta":{"origin":22779,"position":1},"title":"Exige CNTE de Michoac\u00e1n pago de bono por 500 mdp","author":"grieta","date":"11 septiembre, 2018","format":false,"excerpt":"Notimex\/ Uniradio Noticias M\u00e9xico (NTX).- Integrantes de la Coordinadora Nacional de Trabajadores de la Educaci\u00f3n (CNTE) se manifiestan este martes para exigir el pago de adeudos millonarios por bonos. Los maestros hacen presencia en casetas de peaje de las autopistas Siglo 21 y de Occidente e iniciaron a la par\u2026","rel":"","context":"En &quot;CINTILLO&quot;","block_context":{"text":"CINTILLO","link":"https:\/\/www.grieta.org.mx\/index.php\/category\/cintillo\/"},"img":{"alt_text":"","src":"https:\/\/i0.wp.com\/www.grieta.org.mx\/wp-content\/uploads\/2018\/09\/profesores-caseta.jpg?resize=350%2C200&ssl=1","width":350,"height":200,"srcset":"https:\/\/i0.wp.com\/www.grieta.org.mx\/wp-content\/uploads\/2018\/09\/profesores-caseta.jpg?resize=350%2C200&ssl=1 1x, https:\/\/i0.wp.com\/www.grieta.org.mx\/wp-content\/uploads\/2018\/09\/profesores-caseta.jpg?resize=525%2C300&ssl=1 1.5x, https:\/\/i0.wp.com\/www.grieta.org.mx\/wp-content\/uploads\/2018\/09\/profesores-caseta.jpg?resize=700%2C400&ssl=1 2x"},"classes":[]},{"id":32919,"url":"https:\/\/www.grieta.org.mx\/index.php\/2019\/05\/02\/cnte-libera-casetas-de-peaje-en-autopista-siglo-xxi-michoacan\/","url_meta":{"origin":22779,"position":2},"title":"CNTE libera casetas de peaje en autopista Siglo XXI (Michoac\u00e1n)","author":"grieta","date":"2 mayo, 2019","format":false,"excerpt":"Autor Benjam\u00edn Alvarez \/ Contramuro, 2 de mayo de 2019 La acci\u00f3n de la CNTE est\u00e1 en marcada en su rechazo a la nueva propuesta de reforma educativa de las autoridades federales Morelia, Michoac\u00e1n.- Agremiados de la Coordinadora Nacional de Trabajadores de la Educaci\u00f3n (CNTE), han liberado casetas de cobro\u2026","rel":"","context":"En &quot;CINTILLO&quot;","block_context":{"text":"CINTILLO","link":"https:\/\/www.grieta.org.mx\/index.php\/category\/cintillo\/"},"img":{"alt_text":"","src":"https:\/\/i0.wp.com\/www.grieta.org.mx\/wp-content\/uploads\/2019\/05\/90c270a6-fac0-49ff-bb9a-4fb3e2686ea8-1000x500.jpg?resize=350%2C200&ssl=1","width":350,"height":200,"srcset":"https:\/\/i0.wp.com\/www.grieta.org.mx\/wp-content\/uploads\/2019\/05\/90c270a6-fac0-49ff-bb9a-4fb3e2686ea8-1000x500.jpg?resize=350%2C200&ssl=1 1x, https:\/\/i0.wp.com\/www.grieta.org.mx\/wp-content\/uploads\/2019\/05\/90c270a6-fac0-49ff-bb9a-4fb3e2686ea8-1000x500.jpg?resize=525%2C300&ssl=1 1.5x, https:\/\/i0.wp.com\/www.grieta.org.mx\/wp-content\/uploads\/2019\/05\/90c270a6-fac0-49ff-bb9a-4fb3e2686ea8-1000x500.jpg?resize=700%2C400&ssl=1 2x"},"classes":[]},{"id":8980,"url":"https:\/\/www.grieta.org.mx\/index.php\/2015\/10\/14\/si-les-descuentan-cnte-michoacan-amaga-con-irse-a-paro-indefinido\/","url_meta":{"origin":22779,"position":3},"title":"Si les descuentan, CNTE Michoac\u00e1n amaga con irse a paro indefinido","author":"Admin","date":"14 octubre, 2015","format":false,"excerpt":"Los docentes amagaron con cerrar escuelas, realizar plantones en Palacio de Gobierno, bloquear casetas de cobro en la autopista Siglo XXI y sellar accesos a bancos si se les descuenta el d\u00eda tras su jornada de paros en contra de la reforma educativa. MORELIA.- El dirigente de la Coordinadora Nacional\u2026","rel":"","context":"En &quot;CINTILLO&quot;","block_context":{"text":"CINTILLO","link":"https:\/\/www.grieta.org.mx\/index.php\/category\/cintillo\/"},"img":{"alt_text":"","src":"https:\/\/i0.wp.com\/www.grieta.org.mx\/wp-content\/uploads\/2018\/03\/14524434_1106112876131411_958039263622046936_o.jpg?resize=350%2C200&ssl=1","width":350,"height":200,"srcset":"https:\/\/i0.wp.com\/www.grieta.org.mx\/wp-content\/uploads\/2018\/03\/14524434_1106112876131411_958039263622046936_o.jpg?resize=350%2C200&ssl=1 1x, https:\/\/i0.wp.com\/www.grieta.org.mx\/wp-content\/uploads\/2018\/03\/14524434_1106112876131411_958039263622046936_o.jpg?resize=525%2C300&ssl=1 1.5x, https:\/\/i0.wp.com\/www.grieta.org.mx\/wp-content\/uploads\/2018\/03\/14524434_1106112876131411_958039263622046936_o.jpg?resize=700%2C400&ssl=1 2x"},"classes":[]},{"id":54556,"url":"https:\/\/www.grieta.org.mx\/index.php\/2020\/08\/31\/cnte-protesta-frente-a-secretaria-de-finanzas-de-michoacan\/","url_meta":{"origin":22779,"position":4},"title":"CNTE protesta frente a Secretar\u00eda de Finanzas de Michoac\u00e1n","author":"grieta","date":"31 agosto, 2020","format":false,"excerpt":"Demandan basificaci\u00f3n de todos los egresados de 8 escuelas normales que hay en el Estado. Eje Central, 31 de agosto de 2020 Con la exigencia de plazas para egresados, miembros de la Secci\u00f3n XVIII de la Coordinadora Nacional de Trabajadores de la Educaci\u00f3n (CNTE) y egresados normalistas, protestaron frente a\u2026","rel":"","context":"En &quot;CINTILLO&quot;","block_context":{"text":"CINTILLO","link":"https:\/\/www.grieta.org.mx\/index.php\/category\/cintillo\/"},"img":{"alt_text":"","src":"https:\/\/i0.wp.com\/www.grieta.org.mx\/wp-content\/uploads\/2018\/03\/14524434_1106112876131411_958039263622046936_o.jpg?resize=350%2C200&ssl=1","width":350,"height":200,"srcset":"https:\/\/i0.wp.com\/www.grieta.org.mx\/wp-content\/uploads\/2018\/03\/14524434_1106112876131411_958039263622046936_o.jpg?resize=350%2C200&ssl=1 1x, https:\/\/i0.wp.com\/www.grieta.org.mx\/wp-content\/uploads\/2018\/03\/14524434_1106112876131411_958039263622046936_o.jpg?resize=525%2C300&ssl=1 1.5x, https:\/\/i0.wp.com\/www.grieta.org.mx\/wp-content\/uploads\/2018\/03\/14524434_1106112876131411_958039263622046936_o.jpg?resize=700%2C400&ssl=1 2x"},"classes":[]},{"id":8984,"url":"https:\/\/www.grieta.org.mx\/index.php\/2015\/10\/12\/se-unira-cnte-michoacan-a-paro-nacional-tomaran-casetas\/","url_meta":{"origin":22779,"position":5},"title":"Se unir\u00e1 CNTE Michoac\u00e1n a paro nacional, tomar\u00e1n casetas","author":"Admin","date":"12 octubre, 2015","format":false,"excerpt":"Un paro de labores por 24 horas y la toma de varias casetas forman parte de las acciones que este lunes encabezar\u00e1n profesores de la Secci\u00f3n 22 en Michoac\u00e1n Un paro de labores por 24 horas y la toma de varias casetas forman parte de las acciones que este lunes\u2026","rel":"","context":"En &quot;CINTILLO&quot;","block_context":{"text":"CINTILLO","link":"https:\/\/www.grieta.org.mx\/index.php\/category\/cintillo\/"},"img":{"alt_text":"","src":"https:\/\/i0.wp.com\/www.grieta.org.mx\/wp-content\/uploads\/2018\/03\/14524434_1106112876131411_958039263622046936_o.jpg?resize=350%2C200&ssl=1","width":350,"height":200,"srcset":"https:\/\/i0.wp.com\/www.grieta.org.mx\/wp-content\/uploads\/2018\/03\/14524434_1106112876131411_958039263622046936_o.jpg?resize=350%2C200&ssl=1 1x, https:\/\/i0.wp.com\/www.grieta.org.mx\/wp-content\/uploads\/2018\/03\/14524434_1106112876131411_958039263622046936_o.jpg?resize=525%2C300&ssl=1 1.5x, https:\/\/i0.wp.com\/www.grieta.org.mx\/wp-content\/uploads\/2018\/03\/14524434_1106112876131411_958039263622046936_o.jpg?resize=700%2C400&ssl=1 2x"},"classes":[]}],"_links":{"self":[{"href":"https:\/\/www.grieta.org.mx\/index.php\/wp-json\/wp\/v2\/posts\/22779","targetHints":{"allow":["GET"]}}],"collection":[{"href":"https:\/\/www.grieta.org.mx\/index.php\/wp-json\/wp\/v2\/posts"}],"about":[{"href":"https:\/\/www.grieta.org.mx\/index.php\/wp-json\/wp\/v2\/types\/post"}],"author":[{"embeddable":true,"href":"https:\/\/www.grieta.org.mx\/index.php\/wp-json\/wp\/v2\/users\/1"}],"replies":[{"embeddable":true,"href":"https:\/\/www.grieta.org.mx\/index.php\/wp-json\/wp\/v2\/comments?post=22779"}],"version-history":[{"count":1,"href":"https:\/\/www.grieta.org.mx\/index.php\/wp-json\/wp\/v2\/posts\/22779\/revisions"}],"predecessor-version":[{"id":22782,"href":"https:\/\/www.grieta.org.mx\/index.php\/wp-json\/wp\/v2\/posts\/22779\/revisions\/22782"}],"wp:featuredmedia":[{"embeddable":true,"href":"https:\/\/www.grieta.org.mx\/index.php\/wp-json\/wp\/v2\/media\/22781"}],"wp:attachment":[{"href":"https:\/\/www.grieta.org.mx\/index.php\/wp-json\/wp\/v2\/media?parent=22779"}],"wp:term":[{"taxonomy":"category","embeddable":true,"href":"https:\/\/www.grieta.org.mx\/index.php\/wp-json\/wp\/v2\/categories?post=22779"},{"taxonomy":"post_tag","embeddable":true,"href":"https:\/\/www.grieta.org.mx\/index.php\/wp-json\/wp\/v2\/tags?post=22779"}],"curies":[{"name":"wp","href":"https:\/\/api.w.org\/{rel}","templated":true}]}}