{"id":22675,"date":"2018-04-22T16:31:17","date_gmt":"2018-04-22T21:31:17","guid":{"rendered":"http:\/\/www.grieta.org.mx\/?p=22675"},"modified":"2018-04-24T16:42:15","modified_gmt":"2018-04-24T21:42:15","slug":"y-como-hablamos-la-verdad-dia-7-conversatorio-miradas-escuchas-palabras-prohibido-pensar","status":"publish","type":"post","link":"https:\/\/www.grieta.org.mx\/index.php\/2018\/04\/22\/y-como-hablamos-la-verdad-dia-7-conversatorio-miradas-escuchas-palabras-prohibido-pensar\/","title":{"rendered":"\u00bfY c\u00f3mo hablamos la verdad? \u2013 D\u00eda 7, Conversatorio \u201cMiradas, escuchas, palabras: \u00bfprohibido pensar?\u201d"},"content":{"rendered":"<p><img decoding=\"async\" data-attachment-id=\"22676\" data-permalink=\"https:\/\/www.grieta.org.mx\/index.php\/2018\/04\/22\/y-como-hablamos-la-verdad-dia-7-conversatorio-miradas-escuchas-palabras-prohibido-pensar\/img_0222-700x466\/\" data-orig-file=\"https:\/\/www.grieta.org.mx\/wp-content\/uploads\/2018\/04\/IMG_0222-700x466.jpg\" data-orig-size=\"700,466\" data-comments-opened=\"0\" data-image-meta=\"{&quot;aperture&quot;:&quot;0&quot;,&quot;credit&quot;:&quot;&quot;,&quot;camera&quot;:&quot;&quot;,&quot;caption&quot;:&quot;&quot;,&quot;created_timestamp&quot;:&quot;0&quot;,&quot;copyright&quot;:&quot;&quot;,&quot;focal_length&quot;:&quot;0&quot;,&quot;iso&quot;:&quot;0&quot;,&quot;shutter_speed&quot;:&quot;0&quot;,&quot;title&quot;:&quot;&quot;,&quot;orientation&quot;:&quot;0&quot;}\" data-image-title=\"IMG_0222-700&amp;#215;466\" data-image-description=\"\" data-image-caption=\"\" data-medium-file=\"https:\/\/www.grieta.org.mx\/wp-content\/uploads\/2018\/04\/IMG_0222-700x466-300x200.jpg\" data-large-file=\"https:\/\/www.grieta.org.mx\/wp-content\/uploads\/2018\/04\/IMG_0222-700x466.jpg\" src=\"http:\/\/www.grieta.org.mx\/wp-content\/uploads\/2018\/04\/IMG_0222-700x466.jpg\" alt=\"\" width=\"100%\" class=\"aligncenter size-full wp-image-22676\" srcset=\"https:\/\/www.grieta.org.mx\/wp-content\/uploads\/2018\/04\/IMG_0222-700x466.jpg 700w, https:\/\/www.grieta.org.mx\/wp-content\/uploads\/2018\/04\/IMG_0222-700x466-300x200.jpg 300w\" sizes=\"(max-width: 700px) 100vw, 700px\" \/><\/p>\n<div data-carousel-extra='{&quot;blog_id&quot;:1,&quot;permalink&quot;:&quot;https:\/\/www.grieta.org.mx\/index.php\/2018\/04\/22\/y-como-hablamos-la-verdad-dia-7-conversatorio-miradas-escuchas-palabras-prohibido-pensar\/&quot;}' id='gallery-1' class='gallery galleryid-22675 gallery-columns-3 gallery-size-thumbnail'><figure class='gallery-item'>\n\t\t\t<div class='gallery-icon landscape'>\n\t\t\t\t<a href='https:\/\/www.grieta.org.mx\/index.php\/2018\/04\/22\/y-como-hablamos-la-verdad-dia-7-conversatorio-miradas-escuchas-palabras-prohibido-pensar\/img_0222-700x466-2\/'><img loading=\"lazy\" decoding=\"async\" width=\"150\" height=\"150\" src=\"https:\/\/www.grieta.org.mx\/wp-content\/uploads\/2018\/04\/IMG_0222-700x466-1-150x150.jpg\" class=\"attachment-thumbnail size-thumbnail\" alt=\"\" srcset=\"https:\/\/www.grieta.org.mx\/wp-content\/uploads\/2018\/04\/IMG_0222-700x466-1-150x150.jpg 150w, https:\/\/www.grieta.org.mx\/wp-content\/uploads\/2018\/04\/IMG_0222-700x466-1-130x130.jpg 130w\" sizes=\"auto, (max-width: 150px) 100vw, 150px\" data-attachment-id=\"22677\" data-permalink=\"https:\/\/www.grieta.org.mx\/index.php\/2018\/04\/22\/y-como-hablamos-la-verdad-dia-7-conversatorio-miradas-escuchas-palabras-prohibido-pensar\/img_0222-700x466-2\/\" data-orig-file=\"https:\/\/www.grieta.org.mx\/wp-content\/uploads\/2018\/04\/IMG_0222-700x466-1.jpg\" data-orig-size=\"700,466\" data-comments-opened=\"0\" data-image-meta=\"{&quot;aperture&quot;:&quot;0&quot;,&quot;credit&quot;:&quot;&quot;,&quot;camera&quot;:&quot;&quot;,&quot;caption&quot;:&quot;&quot;,&quot;created_timestamp&quot;:&quot;0&quot;,&quot;copyright&quot;:&quot;&quot;,&quot;focal_length&quot;:&quot;0&quot;,&quot;iso&quot;:&quot;0&quot;,&quot;shutter_speed&quot;:&quot;0&quot;,&quot;title&quot;:&quot;&quot;,&quot;orientation&quot;:&quot;0&quot;}\" data-image-title=\"IMG_0222-700&amp;#215;466\" data-image-description=\"\" data-image-caption=\"\" data-medium-file=\"https:\/\/www.grieta.org.mx\/wp-content\/uploads\/2018\/04\/IMG_0222-700x466-1-300x200.jpg\" data-large-file=\"https:\/\/www.grieta.org.mx\/wp-content\/uploads\/2018\/04\/IMG_0222-700x466-1.jpg\" \/><\/a>\n\t\t\t<\/div><\/figure><figure class='gallery-item'>\n\t\t\t<div class='gallery-icon landscape'>\n\t\t\t\t<a href='https:\/\/www.grieta.org.mx\/index.php\/2018\/04\/22\/y-como-hablamos-la-verdad-dia-7-conversatorio-miradas-escuchas-palabras-prohibido-pensar\/img_0225-700x466\/'><img loading=\"lazy\" decoding=\"async\" width=\"150\" height=\"150\" src=\"https:\/\/www.grieta.org.mx\/wp-content\/uploads\/2018\/04\/IMG_0225-700x466-150x150.jpg\" class=\"attachment-thumbnail size-thumbnail\" alt=\"\" srcset=\"https:\/\/www.grieta.org.mx\/wp-content\/uploads\/2018\/04\/IMG_0225-700x466-150x150.jpg 150w, https:\/\/www.grieta.org.mx\/wp-content\/uploads\/2018\/04\/IMG_0225-700x466-130x130.jpg 130w\" sizes=\"auto, (max-width: 150px) 100vw, 150px\" data-attachment-id=\"22678\" data-permalink=\"https:\/\/www.grieta.org.mx\/index.php\/2018\/04\/22\/y-como-hablamos-la-verdad-dia-7-conversatorio-miradas-escuchas-palabras-prohibido-pensar\/img_0225-700x466\/\" data-orig-file=\"https:\/\/www.grieta.org.mx\/wp-content\/uploads\/2018\/04\/IMG_0225-700x466.jpg\" data-orig-size=\"700,466\" data-comments-opened=\"0\" data-image-meta=\"{&quot;aperture&quot;:&quot;0&quot;,&quot;credit&quot;:&quot;&quot;,&quot;camera&quot;:&quot;&quot;,&quot;caption&quot;:&quot;&quot;,&quot;created_timestamp&quot;:&quot;0&quot;,&quot;copyright&quot;:&quot;&quot;,&quot;focal_length&quot;:&quot;0&quot;,&quot;iso&quot;:&quot;0&quot;,&quot;shutter_speed&quot;:&quot;0&quot;,&quot;title&quot;:&quot;&quot;,&quot;orientation&quot;:&quot;0&quot;}\" data-image-title=\"IMG_0225-700&amp;#215;466\" data-image-description=\"\" data-image-caption=\"\" data-medium-file=\"https:\/\/www.grieta.org.mx\/wp-content\/uploads\/2018\/04\/IMG_0225-700x466-300x200.jpg\" data-large-file=\"https:\/\/www.grieta.org.mx\/wp-content\/uploads\/2018\/04\/IMG_0225-700x466.jpg\" \/><\/a>\n\t\t\t<\/div><\/figure><figure class='gallery-item'>\n\t\t\t<div class='gallery-icon landscape'>\n\t\t\t\t<a href='https:\/\/www.grieta.org.mx\/index.php\/2018\/04\/22\/y-como-hablamos-la-verdad-dia-7-conversatorio-miradas-escuchas-palabras-prohibido-pensar\/img_0226-700x466\/'><img loading=\"lazy\" decoding=\"async\" width=\"150\" height=\"150\" src=\"https:\/\/www.grieta.org.mx\/wp-content\/uploads\/2018\/04\/IMG_0226-700x466-150x150.jpg\" class=\"attachment-thumbnail size-thumbnail\" alt=\"\" srcset=\"https:\/\/www.grieta.org.mx\/wp-content\/uploads\/2018\/04\/IMG_0226-700x466-150x150.jpg 150w, https:\/\/www.grieta.org.mx\/wp-content\/uploads\/2018\/04\/IMG_0226-700x466-130x130.jpg 130w\" sizes=\"auto, (max-width: 150px) 100vw, 150px\" data-attachment-id=\"22679\" data-permalink=\"https:\/\/www.grieta.org.mx\/index.php\/2018\/04\/22\/y-como-hablamos-la-verdad-dia-7-conversatorio-miradas-escuchas-palabras-prohibido-pensar\/img_0226-700x466\/\" data-orig-file=\"https:\/\/www.grieta.org.mx\/wp-content\/uploads\/2018\/04\/IMG_0226-700x466.jpg\" data-orig-size=\"700,466\" data-comments-opened=\"0\" data-image-meta=\"{&quot;aperture&quot;:&quot;0&quot;,&quot;credit&quot;:&quot;&quot;,&quot;camera&quot;:&quot;&quot;,&quot;caption&quot;:&quot;&quot;,&quot;created_timestamp&quot;:&quot;0&quot;,&quot;copyright&quot;:&quot;&quot;,&quot;focal_length&quot;:&quot;0&quot;,&quot;iso&quot;:&quot;0&quot;,&quot;shutter_speed&quot;:&quot;0&quot;,&quot;title&quot;:&quot;&quot;,&quot;orientation&quot;:&quot;0&quot;}\" data-image-title=\"IMG_0226-700&amp;#215;466\" data-image-description=\"\" data-image-caption=\"\" data-medium-file=\"https:\/\/www.grieta.org.mx\/wp-content\/uploads\/2018\/04\/IMG_0226-700x466-300x200.jpg\" data-large-file=\"https:\/\/www.grieta.org.mx\/wp-content\/uploads\/2018\/04\/IMG_0226-700x466.jpg\" \/><\/a>\n\t\t\t<\/div><\/figure><figure class='gallery-item'>\n\t\t\t<div class='gallery-icon landscape'>\n\t\t\t\t<a href='https:\/\/www.grieta.org.mx\/index.php\/2018\/04\/22\/y-como-hablamos-la-verdad-dia-7-conversatorio-miradas-escuchas-palabras-prohibido-pensar\/img_0227-700x466\/'><img loading=\"lazy\" decoding=\"async\" width=\"150\" height=\"150\" src=\"https:\/\/www.grieta.org.mx\/wp-content\/uploads\/2018\/04\/IMG_0227-700x466-150x150.jpg\" class=\"attachment-thumbnail size-thumbnail\" alt=\"\" srcset=\"https:\/\/www.grieta.org.mx\/wp-content\/uploads\/2018\/04\/IMG_0227-700x466-150x150.jpg 150w, https:\/\/www.grieta.org.mx\/wp-content\/uploads\/2018\/04\/IMG_0227-700x466-130x130.jpg 130w\" sizes=\"auto, (max-width: 150px) 100vw, 150px\" data-attachment-id=\"22680\" data-permalink=\"https:\/\/www.grieta.org.mx\/index.php\/2018\/04\/22\/y-como-hablamos-la-verdad-dia-7-conversatorio-miradas-escuchas-palabras-prohibido-pensar\/img_0227-700x466\/\" data-orig-file=\"https:\/\/www.grieta.org.mx\/wp-content\/uploads\/2018\/04\/IMG_0227-700x466.jpg\" data-orig-size=\"700,466\" data-comments-opened=\"0\" data-image-meta=\"{&quot;aperture&quot;:&quot;0&quot;,&quot;credit&quot;:&quot;&quot;,&quot;camera&quot;:&quot;&quot;,&quot;caption&quot;:&quot;&quot;,&quot;created_timestamp&quot;:&quot;0&quot;,&quot;copyright&quot;:&quot;&quot;,&quot;focal_length&quot;:&quot;0&quot;,&quot;iso&quot;:&quot;0&quot;,&quot;shutter_speed&quot;:&quot;0&quot;,&quot;title&quot;:&quot;&quot;,&quot;orientation&quot;:&quot;0&quot;}\" data-image-title=\"IMG_0227-700&amp;#215;466\" data-image-description=\"\" data-image-caption=\"\" data-medium-file=\"https:\/\/www.grieta.org.mx\/wp-content\/uploads\/2018\/04\/IMG_0227-700x466-300x200.jpg\" data-large-file=\"https:\/\/www.grieta.org.mx\/wp-content\/uploads\/2018\/04\/IMG_0227-700x466.jpg\" \/><\/a>\n\t\t\t<\/div><\/figure><figure class='gallery-item'>\n\t\t\t<div class='gallery-icon landscape'>\n\t\t\t\t<a href='https:\/\/www.grieta.org.mx\/index.php\/2018\/04\/22\/y-como-hablamos-la-verdad-dia-7-conversatorio-miradas-escuchas-palabras-prohibido-pensar\/img_0228-700x466\/'><img loading=\"lazy\" decoding=\"async\" width=\"150\" height=\"150\" src=\"https:\/\/www.grieta.org.mx\/wp-content\/uploads\/2018\/04\/IMG_0228-700x466-150x150.jpg\" class=\"attachment-thumbnail size-thumbnail\" alt=\"\" srcset=\"https:\/\/www.grieta.org.mx\/wp-content\/uploads\/2018\/04\/IMG_0228-700x466-150x150.jpg 150w, https:\/\/www.grieta.org.mx\/wp-content\/uploads\/2018\/04\/IMG_0228-700x466-130x130.jpg 130w\" sizes=\"auto, (max-width: 150px) 100vw, 150px\" data-attachment-id=\"22681\" data-permalink=\"https:\/\/www.grieta.org.mx\/index.php\/2018\/04\/22\/y-como-hablamos-la-verdad-dia-7-conversatorio-miradas-escuchas-palabras-prohibido-pensar\/img_0228-700x466\/\" data-orig-file=\"https:\/\/www.grieta.org.mx\/wp-content\/uploads\/2018\/04\/IMG_0228-700x466.jpg\" data-orig-size=\"700,466\" data-comments-opened=\"0\" data-image-meta=\"{&quot;aperture&quot;:&quot;0&quot;,&quot;credit&quot;:&quot;&quot;,&quot;camera&quot;:&quot;&quot;,&quot;caption&quot;:&quot;&quot;,&quot;created_timestamp&quot;:&quot;0&quot;,&quot;copyright&quot;:&quot;&quot;,&quot;focal_length&quot;:&quot;0&quot;,&quot;iso&quot;:&quot;0&quot;,&quot;shutter_speed&quot;:&quot;0&quot;,&quot;title&quot;:&quot;&quot;,&quot;orientation&quot;:&quot;0&quot;}\" data-image-title=\"IMG_0228-700&amp;#215;466\" data-image-description=\"\" data-image-caption=\"\" data-medium-file=\"https:\/\/www.grieta.org.mx\/wp-content\/uploads\/2018\/04\/IMG_0228-700x466-300x200.jpg\" data-large-file=\"https:\/\/www.grieta.org.mx\/wp-content\/uploads\/2018\/04\/IMG_0228-700x466.jpg\" \/><\/a>\n\t\t\t<\/div><\/figure><figure class='gallery-item'>\n\t\t\t<div class='gallery-icon landscape'>\n\t\t\t\t<a href='https:\/\/www.grieta.org.mx\/index.php\/2018\/04\/22\/y-como-hablamos-la-verdad-dia-7-conversatorio-miradas-escuchas-palabras-prohibido-pensar\/img_0229-700x466\/'><img loading=\"lazy\" decoding=\"async\" width=\"150\" height=\"150\" src=\"https:\/\/www.grieta.org.mx\/wp-content\/uploads\/2018\/04\/IMG_0229-700x466-150x150.jpg\" class=\"attachment-thumbnail size-thumbnail\" alt=\"\" srcset=\"https:\/\/www.grieta.org.mx\/wp-content\/uploads\/2018\/04\/IMG_0229-700x466-150x150.jpg 150w, https:\/\/www.grieta.org.mx\/wp-content\/uploads\/2018\/04\/IMG_0229-700x466-130x130.jpg 130w\" sizes=\"auto, (max-width: 150px) 100vw, 150px\" data-attachment-id=\"22682\" data-permalink=\"https:\/\/www.grieta.org.mx\/index.php\/2018\/04\/22\/y-como-hablamos-la-verdad-dia-7-conversatorio-miradas-escuchas-palabras-prohibido-pensar\/img_0229-700x466\/\" data-orig-file=\"https:\/\/www.grieta.org.mx\/wp-content\/uploads\/2018\/04\/IMG_0229-700x466.jpg\" data-orig-size=\"700,466\" data-comments-opened=\"0\" data-image-meta=\"{&quot;aperture&quot;:&quot;0&quot;,&quot;credit&quot;:&quot;&quot;,&quot;camera&quot;:&quot;&quot;,&quot;caption&quot;:&quot;&quot;,&quot;created_timestamp&quot;:&quot;0&quot;,&quot;copyright&quot;:&quot;&quot;,&quot;focal_length&quot;:&quot;0&quot;,&quot;iso&quot;:&quot;0&quot;,&quot;shutter_speed&quot;:&quot;0&quot;,&quot;title&quot;:&quot;&quot;,&quot;orientation&quot;:&quot;0&quot;}\" data-image-title=\"IMG_0229-700&amp;#215;466\" data-image-description=\"\" data-image-caption=\"\" data-medium-file=\"https:\/\/www.grieta.org.mx\/wp-content\/uploads\/2018\/04\/IMG_0229-700x466-300x200.jpg\" data-large-file=\"https:\/\/www.grieta.org.mx\/wp-content\/uploads\/2018\/04\/IMG_0229-700x466.jpg\" \/><\/a>\n\t\t\t<\/div><\/figure><figure class='gallery-item'>\n\t\t\t<div class='gallery-icon landscape'>\n\t\t\t\t<a href='https:\/\/www.grieta.org.mx\/index.php\/2018\/04\/22\/y-como-hablamos-la-verdad-dia-7-conversatorio-miradas-escuchas-palabras-prohibido-pensar\/img_0237-700x466\/'><img loading=\"lazy\" decoding=\"async\" width=\"150\" height=\"150\" src=\"https:\/\/www.grieta.org.mx\/wp-content\/uploads\/2018\/04\/IMG_0237-700x466-150x150.jpg\" class=\"attachment-thumbnail size-thumbnail\" alt=\"\" srcset=\"https:\/\/www.grieta.org.mx\/wp-content\/uploads\/2018\/04\/IMG_0237-700x466-150x150.jpg 150w, https:\/\/www.grieta.org.mx\/wp-content\/uploads\/2018\/04\/IMG_0237-700x466-130x130.jpg 130w\" sizes=\"auto, (max-width: 150px) 100vw, 150px\" data-attachment-id=\"22683\" data-permalink=\"https:\/\/www.grieta.org.mx\/index.php\/2018\/04\/22\/y-como-hablamos-la-verdad-dia-7-conversatorio-miradas-escuchas-palabras-prohibido-pensar\/img_0237-700x466\/\" data-orig-file=\"https:\/\/www.grieta.org.mx\/wp-content\/uploads\/2018\/04\/IMG_0237-700x466.jpg\" data-orig-size=\"700,466\" data-comments-opened=\"0\" data-image-meta=\"{&quot;aperture&quot;:&quot;0&quot;,&quot;credit&quot;:&quot;&quot;,&quot;camera&quot;:&quot;&quot;,&quot;caption&quot;:&quot;&quot;,&quot;created_timestamp&quot;:&quot;0&quot;,&quot;copyright&quot;:&quot;&quot;,&quot;focal_length&quot;:&quot;0&quot;,&quot;iso&quot;:&quot;0&quot;,&quot;shutter_speed&quot;:&quot;0&quot;,&quot;title&quot;:&quot;&quot;,&quot;orientation&quot;:&quot;0&quot;}\" data-image-title=\"IMG_0237-700&amp;#215;466\" data-image-description=\"\" data-image-caption=\"\" data-medium-file=\"https:\/\/www.grieta.org.mx\/wp-content\/uploads\/2018\/04\/IMG_0237-700x466-300x200.jpg\" data-large-file=\"https:\/\/www.grieta.org.mx\/wp-content\/uploads\/2018\/04\/IMG_0237-700x466.jpg\" \/><\/a>\n\t\t\t<\/div><\/figure><figure class='gallery-item'>\n\t\t\t<div class='gallery-icon landscape'>\n\t\t\t\t<a href='https:\/\/www.grieta.org.mx\/index.php\/2018\/04\/22\/y-como-hablamos-la-verdad-dia-7-conversatorio-miradas-escuchas-palabras-prohibido-pensar\/img_0251-700x466\/'><img loading=\"lazy\" decoding=\"async\" width=\"150\" height=\"150\" src=\"https:\/\/www.grieta.org.mx\/wp-content\/uploads\/2018\/04\/IMG_0251-700x466-150x150.jpg\" class=\"attachment-thumbnail size-thumbnail\" alt=\"\" srcset=\"https:\/\/www.grieta.org.mx\/wp-content\/uploads\/2018\/04\/IMG_0251-700x466-150x150.jpg 150w, https:\/\/www.grieta.org.mx\/wp-content\/uploads\/2018\/04\/IMG_0251-700x466-130x130.jpg 130w\" sizes=\"auto, (max-width: 150px) 100vw, 150px\" data-attachment-id=\"22684\" data-permalink=\"https:\/\/www.grieta.org.mx\/index.php\/2018\/04\/22\/y-como-hablamos-la-verdad-dia-7-conversatorio-miradas-escuchas-palabras-prohibido-pensar\/img_0251-700x466\/\" data-orig-file=\"https:\/\/www.grieta.org.mx\/wp-content\/uploads\/2018\/04\/IMG_0251-700x466.jpg\" data-orig-size=\"700,466\" data-comments-opened=\"0\" data-image-meta=\"{&quot;aperture&quot;:&quot;0&quot;,&quot;credit&quot;:&quot;&quot;,&quot;camera&quot;:&quot;&quot;,&quot;caption&quot;:&quot;&quot;,&quot;created_timestamp&quot;:&quot;0&quot;,&quot;copyright&quot;:&quot;&quot;,&quot;focal_length&quot;:&quot;0&quot;,&quot;iso&quot;:&quot;0&quot;,&quot;shutter_speed&quot;:&quot;0&quot;,&quot;title&quot;:&quot;&quot;,&quot;orientation&quot;:&quot;0&quot;}\" data-image-title=\"IMG_0251-700&amp;#215;466\" data-image-description=\"\" data-image-caption=\"\" data-medium-file=\"https:\/\/www.grieta.org.mx\/wp-content\/uploads\/2018\/04\/IMG_0251-700x466-300x200.jpg\" data-large-file=\"https:\/\/www.grieta.org.mx\/wp-content\/uploads\/2018\/04\/IMG_0251-700x466.jpg\" \/><\/a>\n\t\t\t<\/div><\/figure><figure class='gallery-item'>\n\t\t\t<div class='gallery-icon landscape'>\n\t\t\t\t<a href='https:\/\/www.grieta.org.mx\/index.php\/2018\/04\/22\/y-como-hablamos-la-verdad-dia-7-conversatorio-miradas-escuchas-palabras-prohibido-pensar\/img_0261-700x466\/'><img loading=\"lazy\" decoding=\"async\" width=\"150\" height=\"150\" src=\"https:\/\/www.grieta.org.mx\/wp-content\/uploads\/2018\/04\/IMG_0261-700x466-150x150.jpg\" class=\"attachment-thumbnail size-thumbnail\" alt=\"\" srcset=\"https:\/\/www.grieta.org.mx\/wp-content\/uploads\/2018\/04\/IMG_0261-700x466-150x150.jpg 150w, https:\/\/www.grieta.org.mx\/wp-content\/uploads\/2018\/04\/IMG_0261-700x466-130x130.jpg 130w\" sizes=\"auto, (max-width: 150px) 100vw, 150px\" data-attachment-id=\"22685\" data-permalink=\"https:\/\/www.grieta.org.mx\/index.php\/2018\/04\/22\/y-como-hablamos-la-verdad-dia-7-conversatorio-miradas-escuchas-palabras-prohibido-pensar\/img_0261-700x466\/\" data-orig-file=\"https:\/\/www.grieta.org.mx\/wp-content\/uploads\/2018\/04\/IMG_0261-700x466.jpg\" data-orig-size=\"700,466\" data-comments-opened=\"0\" data-image-meta=\"{&quot;aperture&quot;:&quot;0&quot;,&quot;credit&quot;:&quot;&quot;,&quot;camera&quot;:&quot;&quot;,&quot;caption&quot;:&quot;&quot;,&quot;created_timestamp&quot;:&quot;0&quot;,&quot;copyright&quot;:&quot;&quot;,&quot;focal_length&quot;:&quot;0&quot;,&quot;iso&quot;:&quot;0&quot;,&quot;shutter_speed&quot;:&quot;0&quot;,&quot;title&quot;:&quot;&quot;,&quot;orientation&quot;:&quot;0&quot;}\" data-image-title=\"IMG_0261-700&amp;#215;466\" data-image-description=\"\" data-image-caption=\"\" data-medium-file=\"https:\/\/www.grieta.org.mx\/wp-content\/uploads\/2018\/04\/IMG_0261-700x466-300x200.jpg\" data-large-file=\"https:\/\/www.grieta.org.mx\/wp-content\/uploads\/2018\/04\/IMG_0261-700x466.jpg\" \/><\/a>\n\t\t\t<\/div><\/figure><figure class='gallery-item'>\n\t\t\t<div class='gallery-icon landscape'>\n\t\t\t\t<a href='https:\/\/www.grieta.org.mx\/index.php\/2018\/04\/22\/y-como-hablamos-la-verdad-dia-7-conversatorio-miradas-escuchas-palabras-prohibido-pensar\/img_0265-700x466\/'><img loading=\"lazy\" decoding=\"async\" width=\"150\" height=\"150\" src=\"https:\/\/www.grieta.org.mx\/wp-content\/uploads\/2018\/04\/IMG_0265-700x466-150x150.jpg\" class=\"attachment-thumbnail size-thumbnail\" alt=\"\" srcset=\"https:\/\/www.grieta.org.mx\/wp-content\/uploads\/2018\/04\/IMG_0265-700x466-150x150.jpg 150w, https:\/\/www.grieta.org.mx\/wp-content\/uploads\/2018\/04\/IMG_0265-700x466-130x130.jpg 130w\" sizes=\"auto, (max-width: 150px) 100vw, 150px\" data-attachment-id=\"22686\" data-permalink=\"https:\/\/www.grieta.org.mx\/index.php\/2018\/04\/22\/y-como-hablamos-la-verdad-dia-7-conversatorio-miradas-escuchas-palabras-prohibido-pensar\/img_0265-700x466\/\" data-orig-file=\"https:\/\/www.grieta.org.mx\/wp-content\/uploads\/2018\/04\/IMG_0265-700x466.jpg\" data-orig-size=\"700,466\" data-comments-opened=\"0\" data-image-meta=\"{&quot;aperture&quot;:&quot;0&quot;,&quot;credit&quot;:&quot;&quot;,&quot;camera&quot;:&quot;&quot;,&quot;caption&quot;:&quot;&quot;,&quot;created_timestamp&quot;:&quot;0&quot;,&quot;copyright&quot;:&quot;&quot;,&quot;focal_length&quot;:&quot;0&quot;,&quot;iso&quot;:&quot;0&quot;,&quot;shutter_speed&quot;:&quot;0&quot;,&quot;title&quot;:&quot;&quot;,&quot;orientation&quot;:&quot;0&quot;}\" data-image-title=\"IMG_0265-700&amp;#215;466\" data-image-description=\"\" data-image-caption=\"\" data-medium-file=\"https:\/\/www.grieta.org.mx\/wp-content\/uploads\/2018\/04\/IMG_0265-700x466-300x200.jpg\" data-large-file=\"https:\/\/www.grieta.org.mx\/wp-content\/uploads\/2018\/04\/IMG_0265-700x466.jpg\" \/><\/a>\n\t\t\t<\/div><\/figure><figure class='gallery-item'>\n\t\t\t<div class='gallery-icon landscape'>\n\t\t\t\t<a href='https:\/\/www.grieta.org.mx\/index.php\/2018\/04\/22\/y-como-hablamos-la-verdad-dia-7-conversatorio-miradas-escuchas-palabras-prohibido-pensar\/img_0266-700x466\/'><img loading=\"lazy\" decoding=\"async\" width=\"150\" height=\"150\" src=\"https:\/\/www.grieta.org.mx\/wp-content\/uploads\/2018\/04\/IMG_0266-700x466-150x150.jpg\" class=\"attachment-thumbnail size-thumbnail\" alt=\"\" srcset=\"https:\/\/www.grieta.org.mx\/wp-content\/uploads\/2018\/04\/IMG_0266-700x466-150x150.jpg 150w, https:\/\/www.grieta.org.mx\/wp-content\/uploads\/2018\/04\/IMG_0266-700x466-130x130.jpg 130w\" sizes=\"auto, (max-width: 150px) 100vw, 150px\" data-attachment-id=\"22687\" data-permalink=\"https:\/\/www.grieta.org.mx\/index.php\/2018\/04\/22\/y-como-hablamos-la-verdad-dia-7-conversatorio-miradas-escuchas-palabras-prohibido-pensar\/img_0266-700x466\/\" data-orig-file=\"https:\/\/www.grieta.org.mx\/wp-content\/uploads\/2018\/04\/IMG_0266-700x466.jpg\" data-orig-size=\"700,466\" data-comments-opened=\"0\" data-image-meta=\"{&quot;aperture&quot;:&quot;0&quot;,&quot;credit&quot;:&quot;&quot;,&quot;camera&quot;:&quot;&quot;,&quot;caption&quot;:&quot;&quot;,&quot;created_timestamp&quot;:&quot;0&quot;,&quot;copyright&quot;:&quot;&quot;,&quot;focal_length&quot;:&quot;0&quot;,&quot;iso&quot;:&quot;0&quot;,&quot;shutter_speed&quot;:&quot;0&quot;,&quot;title&quot;:&quot;&quot;,&quot;orientation&quot;:&quot;0&quot;}\" data-image-title=\"IMG_0266-700&amp;#215;466\" data-image-description=\"\" data-image-caption=\"\" data-medium-file=\"https:\/\/www.grieta.org.mx\/wp-content\/uploads\/2018\/04\/IMG_0266-700x466-300x200.jpg\" data-large-file=\"https:\/\/www.grieta.org.mx\/wp-content\/uploads\/2018\/04\/IMG_0266-700x466.jpg\" \/><\/a>\n\t\t\t<\/div><\/figure><figure class='gallery-item'>\n\t\t\t<div class='gallery-icon landscape'>\n\t\t\t\t<a href='https:\/\/www.grieta.org.mx\/index.php\/2018\/04\/22\/y-como-hablamos-la-verdad-dia-7-conversatorio-miradas-escuchas-palabras-prohibido-pensar\/img_0283-700x466\/'><img loading=\"lazy\" decoding=\"async\" width=\"150\" height=\"150\" src=\"https:\/\/www.grieta.org.mx\/wp-content\/uploads\/2018\/04\/IMG_0283-700x466-150x150.jpg\" class=\"attachment-thumbnail size-thumbnail\" alt=\"\" srcset=\"https:\/\/www.grieta.org.mx\/wp-content\/uploads\/2018\/04\/IMG_0283-700x466-150x150.jpg 150w, https:\/\/www.grieta.org.mx\/wp-content\/uploads\/2018\/04\/IMG_0283-700x466-130x130.jpg 130w\" sizes=\"auto, (max-width: 150px) 100vw, 150px\" data-attachment-id=\"22688\" data-permalink=\"https:\/\/www.grieta.org.mx\/index.php\/2018\/04\/22\/y-como-hablamos-la-verdad-dia-7-conversatorio-miradas-escuchas-palabras-prohibido-pensar\/img_0283-700x466\/\" data-orig-file=\"https:\/\/www.grieta.org.mx\/wp-content\/uploads\/2018\/04\/IMG_0283-700x466.jpg\" data-orig-size=\"700,466\" data-comments-opened=\"0\" data-image-meta=\"{&quot;aperture&quot;:&quot;0&quot;,&quot;credit&quot;:&quot;&quot;,&quot;camera&quot;:&quot;&quot;,&quot;caption&quot;:&quot;&quot;,&quot;created_timestamp&quot;:&quot;0&quot;,&quot;copyright&quot;:&quot;&quot;,&quot;focal_length&quot;:&quot;0&quot;,&quot;iso&quot;:&quot;0&quot;,&quot;shutter_speed&quot;:&quot;0&quot;,&quot;title&quot;:&quot;&quot;,&quot;orientation&quot;:&quot;0&quot;}\" data-image-title=\"IMG_0283-700&amp;#215;466\" data-image-description=\"\" data-image-caption=\"\" data-medium-file=\"https:\/\/www.grieta.org.mx\/wp-content\/uploads\/2018\/04\/IMG_0283-700x466-300x200.jpg\" data-large-file=\"https:\/\/www.grieta.org.mx\/wp-content\/uploads\/2018\/04\/IMG_0283-700x466.jpg\" \/><\/a>\n\t\t\t<\/div><\/figure><figure class='gallery-item'>\n\t\t\t<div class='gallery-icon landscape'>\n\t\t\t\t<a href='https:\/\/www.grieta.org.mx\/index.php\/2018\/04\/22\/y-como-hablamos-la-verdad-dia-7-conversatorio-miradas-escuchas-palabras-prohibido-pensar\/img_0285-700x466\/'><img loading=\"lazy\" decoding=\"async\" width=\"150\" height=\"150\" src=\"https:\/\/www.grieta.org.mx\/wp-content\/uploads\/2018\/04\/IMG_0285-700x466-150x150.jpg\" class=\"attachment-thumbnail size-thumbnail\" alt=\"\" srcset=\"https:\/\/www.grieta.org.mx\/wp-content\/uploads\/2018\/04\/IMG_0285-700x466-150x150.jpg 150w, https:\/\/www.grieta.org.mx\/wp-content\/uploads\/2018\/04\/IMG_0285-700x466-130x130.jpg 130w\" sizes=\"auto, (max-width: 150px) 100vw, 150px\" data-attachment-id=\"22689\" data-permalink=\"https:\/\/www.grieta.org.mx\/index.php\/2018\/04\/22\/y-como-hablamos-la-verdad-dia-7-conversatorio-miradas-escuchas-palabras-prohibido-pensar\/img_0285-700x466\/\" data-orig-file=\"https:\/\/www.grieta.org.mx\/wp-content\/uploads\/2018\/04\/IMG_0285-700x466.jpg\" data-orig-size=\"700,466\" data-comments-opened=\"0\" data-image-meta=\"{&quot;aperture&quot;:&quot;0&quot;,&quot;credit&quot;:&quot;&quot;,&quot;camera&quot;:&quot;&quot;,&quot;caption&quot;:&quot;&quot;,&quot;created_timestamp&quot;:&quot;0&quot;,&quot;copyright&quot;:&quot;&quot;,&quot;focal_length&quot;:&quot;0&quot;,&quot;iso&quot;:&quot;0&quot;,&quot;shutter_speed&quot;:&quot;0&quot;,&quot;title&quot;:&quot;&quot;,&quot;orientation&quot;:&quot;0&quot;}\" data-image-title=\"IMG_0285-700&amp;#215;466\" data-image-description=\"\" data-image-caption=\"\" data-medium-file=\"https:\/\/www.grieta.org.mx\/wp-content\/uploads\/2018\/04\/IMG_0285-700x466-300x200.jpg\" data-large-file=\"https:\/\/www.grieta.org.mx\/wp-content\/uploads\/2018\/04\/IMG_0285-700x466.jpg\" \/><\/a>\n\t\t\t<\/div><\/figure><figure class='gallery-item'>\n\t\t\t<div class='gallery-icon landscape'>\n\t\t\t\t<a href='https:\/\/www.grieta.org.mx\/index.php\/2018\/04\/22\/y-como-hablamos-la-verdad-dia-7-conversatorio-miradas-escuchas-palabras-prohibido-pensar\/img_0293-700x466\/'><img loading=\"lazy\" decoding=\"async\" width=\"150\" height=\"150\" src=\"https:\/\/www.grieta.org.mx\/wp-content\/uploads\/2018\/04\/IMG_0293-700x466-150x150.jpg\" class=\"attachment-thumbnail size-thumbnail\" alt=\"\" srcset=\"https:\/\/www.grieta.org.mx\/wp-content\/uploads\/2018\/04\/IMG_0293-700x466-150x150.jpg 150w, https:\/\/www.grieta.org.mx\/wp-content\/uploads\/2018\/04\/IMG_0293-700x466-130x130.jpg 130w\" sizes=\"auto, (max-width: 150px) 100vw, 150px\" data-attachment-id=\"22690\" data-permalink=\"https:\/\/www.grieta.org.mx\/index.php\/2018\/04\/22\/y-como-hablamos-la-verdad-dia-7-conversatorio-miradas-escuchas-palabras-prohibido-pensar\/img_0293-700x466\/\" data-orig-file=\"https:\/\/www.grieta.org.mx\/wp-content\/uploads\/2018\/04\/IMG_0293-700x466.jpg\" data-orig-size=\"700,466\" data-comments-opened=\"0\" data-image-meta=\"{&quot;aperture&quot;:&quot;0&quot;,&quot;credit&quot;:&quot;&quot;,&quot;camera&quot;:&quot;&quot;,&quot;caption&quot;:&quot;&quot;,&quot;created_timestamp&quot;:&quot;0&quot;,&quot;copyright&quot;:&quot;&quot;,&quot;focal_length&quot;:&quot;0&quot;,&quot;iso&quot;:&quot;0&quot;,&quot;shutter_speed&quot;:&quot;0&quot;,&quot;title&quot;:&quot;&quot;,&quot;orientation&quot;:&quot;0&quot;}\" data-image-title=\"IMG_0293-700&amp;#215;466\" data-image-description=\"\" data-image-caption=\"\" data-medium-file=\"https:\/\/www.grieta.org.mx\/wp-content\/uploads\/2018\/04\/IMG_0293-700x466-300x200.jpg\" data-large-file=\"https:\/\/www.grieta.org.mx\/wp-content\/uploads\/2018\/04\/IMG_0293-700x466.jpg\" \/><\/a>\n\t\t\t<\/div><\/figure><figure class='gallery-item'>\n\t\t\t<div class='gallery-icon landscape'>\n\t\t\t\t<a href='https:\/\/www.grieta.org.mx\/index.php\/2018\/04\/22\/y-como-hablamos-la-verdad-dia-7-conversatorio-miradas-escuchas-palabras-prohibido-pensar\/img_0296-700x466\/'><img loading=\"lazy\" decoding=\"async\" width=\"150\" height=\"150\" src=\"https:\/\/www.grieta.org.mx\/wp-content\/uploads\/2018\/04\/IMG_0296-700x466-150x150.jpg\" class=\"attachment-thumbnail size-thumbnail\" alt=\"\" srcset=\"https:\/\/www.grieta.org.mx\/wp-content\/uploads\/2018\/04\/IMG_0296-700x466-150x150.jpg 150w, https:\/\/www.grieta.org.mx\/wp-content\/uploads\/2018\/04\/IMG_0296-700x466-130x130.jpg 130w\" sizes=\"auto, (max-width: 150px) 100vw, 150px\" data-attachment-id=\"22691\" data-permalink=\"https:\/\/www.grieta.org.mx\/index.php\/2018\/04\/22\/y-como-hablamos-la-verdad-dia-7-conversatorio-miradas-escuchas-palabras-prohibido-pensar\/img_0296-700x466\/\" data-orig-file=\"https:\/\/www.grieta.org.mx\/wp-content\/uploads\/2018\/04\/IMG_0296-700x466.jpg\" data-orig-size=\"700,466\" data-comments-opened=\"0\" data-image-meta=\"{&quot;aperture&quot;:&quot;0&quot;,&quot;credit&quot;:&quot;&quot;,&quot;camera&quot;:&quot;&quot;,&quot;caption&quot;:&quot;&quot;,&quot;created_timestamp&quot;:&quot;0&quot;,&quot;copyright&quot;:&quot;&quot;,&quot;focal_length&quot;:&quot;0&quot;,&quot;iso&quot;:&quot;0&quot;,&quot;shutter_speed&quot;:&quot;0&quot;,&quot;title&quot;:&quot;&quot;,&quot;orientation&quot;:&quot;0&quot;}\" data-image-title=\"IMG_0296-700&amp;#215;466\" data-image-description=\"\" data-image-caption=\"\" data-medium-file=\"https:\/\/www.grieta.org.mx\/wp-content\/uploads\/2018\/04\/IMG_0296-700x466-300x200.jpg\" data-large-file=\"https:\/\/www.grieta.org.mx\/wp-content\/uploads\/2018\/04\/IMG_0296-700x466.jpg\" \/><\/a>\n\t\t\t<\/div><\/figure><figure class='gallery-item'>\n\t\t\t<div class='gallery-icon landscape'>\n\t\t\t\t<a href='https:\/\/www.grieta.org.mx\/index.php\/2018\/04\/22\/y-como-hablamos-la-verdad-dia-7-conversatorio-miradas-escuchas-palabras-prohibido-pensar\/img_0300-700x466\/'><img loading=\"lazy\" decoding=\"async\" width=\"150\" height=\"150\" src=\"https:\/\/www.grieta.org.mx\/wp-content\/uploads\/2018\/04\/IMG_0300-700x466-150x150.jpg\" class=\"attachment-thumbnail size-thumbnail\" alt=\"\" srcset=\"https:\/\/www.grieta.org.mx\/wp-content\/uploads\/2018\/04\/IMG_0300-700x466-150x150.jpg 150w, https:\/\/www.grieta.org.mx\/wp-content\/uploads\/2018\/04\/IMG_0300-700x466-130x130.jpg 130w\" sizes=\"auto, (max-width: 150px) 100vw, 150px\" data-attachment-id=\"22692\" data-permalink=\"https:\/\/www.grieta.org.mx\/index.php\/2018\/04\/22\/y-como-hablamos-la-verdad-dia-7-conversatorio-miradas-escuchas-palabras-prohibido-pensar\/img_0300-700x466\/\" data-orig-file=\"https:\/\/www.grieta.org.mx\/wp-content\/uploads\/2018\/04\/IMG_0300-700x466.jpg\" data-orig-size=\"700,466\" data-comments-opened=\"0\" data-image-meta=\"{&quot;aperture&quot;:&quot;0&quot;,&quot;credit&quot;:&quot;&quot;,&quot;camera&quot;:&quot;&quot;,&quot;caption&quot;:&quot;&quot;,&quot;created_timestamp&quot;:&quot;0&quot;,&quot;copyright&quot;:&quot;&quot;,&quot;focal_length&quot;:&quot;0&quot;,&quot;iso&quot;:&quot;0&quot;,&quot;shutter_speed&quot;:&quot;0&quot;,&quot;title&quot;:&quot;&quot;,&quot;orientation&quot;:&quot;0&quot;}\" data-image-title=\"IMG_0300-700&amp;#215;466\" data-image-description=\"\" data-image-caption=\"\" data-medium-file=\"https:\/\/www.grieta.org.mx\/wp-content\/uploads\/2018\/04\/IMG_0300-700x466-300x200.jpg\" data-large-file=\"https:\/\/www.grieta.org.mx\/wp-content\/uploads\/2018\/04\/IMG_0300-700x466.jpg\" \/><\/a>\n\t\t\t<\/div><\/figure><figure class='gallery-item'>\n\t\t\t<div class='gallery-icon landscape'>\n\t\t\t\t<a href='https:\/\/www.grieta.org.mx\/index.php\/2018\/04\/22\/y-como-hablamos-la-verdad-dia-7-conversatorio-miradas-escuchas-palabras-prohibido-pensar\/img_0301-700x466\/'><img loading=\"lazy\" decoding=\"async\" width=\"150\" height=\"150\" src=\"https:\/\/www.grieta.org.mx\/wp-content\/uploads\/2018\/04\/IMG_0301-700x466-150x150.jpg\" class=\"attachment-thumbnail size-thumbnail\" alt=\"\" srcset=\"https:\/\/www.grieta.org.mx\/wp-content\/uploads\/2018\/04\/IMG_0301-700x466-150x150.jpg 150w, https:\/\/www.grieta.org.mx\/wp-content\/uploads\/2018\/04\/IMG_0301-700x466-130x130.jpg 130w\" sizes=\"auto, (max-width: 150px) 100vw, 150px\" data-attachment-id=\"22693\" data-permalink=\"https:\/\/www.grieta.org.mx\/index.php\/2018\/04\/22\/y-como-hablamos-la-verdad-dia-7-conversatorio-miradas-escuchas-palabras-prohibido-pensar\/img_0301-700x466\/\" data-orig-file=\"https:\/\/www.grieta.org.mx\/wp-content\/uploads\/2018\/04\/IMG_0301-700x466.jpg\" data-orig-size=\"700,466\" data-comments-opened=\"0\" data-image-meta=\"{&quot;aperture&quot;:&quot;0&quot;,&quot;credit&quot;:&quot;&quot;,&quot;camera&quot;:&quot;&quot;,&quot;caption&quot;:&quot;&quot;,&quot;created_timestamp&quot;:&quot;0&quot;,&quot;copyright&quot;:&quot;&quot;,&quot;focal_length&quot;:&quot;0&quot;,&quot;iso&quot;:&quot;0&quot;,&quot;shutter_speed&quot;:&quot;0&quot;,&quot;title&quot;:&quot;&quot;,&quot;orientation&quot;:&quot;0&quot;}\" data-image-title=\"IMG_0301-700&amp;#215;466\" data-image-description=\"\" data-image-caption=\"\" data-medium-file=\"https:\/\/www.grieta.org.mx\/wp-content\/uploads\/2018\/04\/IMG_0301-700x466-300x200.jpg\" data-large-file=\"https:\/\/www.grieta.org.mx\/wp-content\/uploads\/2018\/04\/IMG_0301-700x466.jpg\" \/><\/a>\n\t\t\t<\/div><\/figure><figure class='gallery-item'>\n\t\t\t<div class='gallery-icon landscape'>\n\t\t\t\t<a href='https:\/\/www.grieta.org.mx\/index.php\/2018\/04\/22\/y-como-hablamos-la-verdad-dia-7-conversatorio-miradas-escuchas-palabras-prohibido-pensar\/img_0305-700x466\/'><img loading=\"lazy\" decoding=\"async\" width=\"150\" height=\"150\" src=\"https:\/\/www.grieta.org.mx\/wp-content\/uploads\/2018\/04\/IMG_0305-700x466-150x150.jpg\" class=\"attachment-thumbnail size-thumbnail\" alt=\"\" srcset=\"https:\/\/www.grieta.org.mx\/wp-content\/uploads\/2018\/04\/IMG_0305-700x466-150x150.jpg 150w, https:\/\/www.grieta.org.mx\/wp-content\/uploads\/2018\/04\/IMG_0305-700x466-130x130.jpg 130w\" sizes=\"auto, (max-width: 150px) 100vw, 150px\" data-attachment-id=\"22694\" data-permalink=\"https:\/\/www.grieta.org.mx\/index.php\/2018\/04\/22\/y-como-hablamos-la-verdad-dia-7-conversatorio-miradas-escuchas-palabras-prohibido-pensar\/img_0305-700x466\/\" data-orig-file=\"https:\/\/www.grieta.org.mx\/wp-content\/uploads\/2018\/04\/IMG_0305-700x466.jpg\" data-orig-size=\"700,466\" data-comments-opened=\"0\" data-image-meta=\"{&quot;aperture&quot;:&quot;0&quot;,&quot;credit&quot;:&quot;&quot;,&quot;camera&quot;:&quot;&quot;,&quot;caption&quot;:&quot;&quot;,&quot;created_timestamp&quot;:&quot;0&quot;,&quot;copyright&quot;:&quot;&quot;,&quot;focal_length&quot;:&quot;0&quot;,&quot;iso&quot;:&quot;0&quot;,&quot;shutter_speed&quot;:&quot;0&quot;,&quot;title&quot;:&quot;&quot;,&quot;orientation&quot;:&quot;0&quot;}\" data-image-title=\"IMG_0305-700&amp;#215;466\" data-image-description=\"\" data-image-caption=\"\" data-medium-file=\"https:\/\/www.grieta.org.mx\/wp-content\/uploads\/2018\/04\/IMG_0305-700x466-300x200.jpg\" data-large-file=\"https:\/\/www.grieta.org.mx\/wp-content\/uploads\/2018\/04\/IMG_0305-700x466.jpg\" \/><\/a>\n\t\t\t<\/div><\/figure><figure class='gallery-item'>\n\t\t\t<div class='gallery-icon landscape'>\n\t\t\t\t<a href='https:\/\/www.grieta.org.mx\/index.php\/2018\/04\/22\/y-como-hablamos-la-verdad-dia-7-conversatorio-miradas-escuchas-palabras-prohibido-pensar\/img_0311-700x466\/'><img loading=\"lazy\" decoding=\"async\" width=\"150\" height=\"150\" src=\"https:\/\/www.grieta.org.mx\/wp-content\/uploads\/2018\/04\/IMG_0311-700x466-150x150.jpg\" class=\"attachment-thumbnail size-thumbnail\" alt=\"\" srcset=\"https:\/\/www.grieta.org.mx\/wp-content\/uploads\/2018\/04\/IMG_0311-700x466-150x150.jpg 150w, https:\/\/www.grieta.org.mx\/wp-content\/uploads\/2018\/04\/IMG_0311-700x466-130x130.jpg 130w\" sizes=\"auto, (max-width: 150px) 100vw, 150px\" data-attachment-id=\"22695\" data-permalink=\"https:\/\/www.grieta.org.mx\/index.php\/2018\/04\/22\/y-como-hablamos-la-verdad-dia-7-conversatorio-miradas-escuchas-palabras-prohibido-pensar\/img_0311-700x466\/\" data-orig-file=\"https:\/\/www.grieta.org.mx\/wp-content\/uploads\/2018\/04\/IMG_0311-700x466.jpg\" data-orig-size=\"700,466\" data-comments-opened=\"0\" data-image-meta=\"{&quot;aperture&quot;:&quot;0&quot;,&quot;credit&quot;:&quot;&quot;,&quot;camera&quot;:&quot;&quot;,&quot;caption&quot;:&quot;&quot;,&quot;created_timestamp&quot;:&quot;0&quot;,&quot;copyright&quot;:&quot;&quot;,&quot;focal_length&quot;:&quot;0&quot;,&quot;iso&quot;:&quot;0&quot;,&quot;shutter_speed&quot;:&quot;0&quot;,&quot;title&quot;:&quot;&quot;,&quot;orientation&quot;:&quot;0&quot;}\" data-image-title=\"IMG_0311-700&amp;#215;466\" data-image-description=\"\" data-image-caption=\"\" data-medium-file=\"https:\/\/www.grieta.org.mx\/wp-content\/uploads\/2018\/04\/IMG_0311-700x466-300x200.jpg\" data-large-file=\"https:\/\/www.grieta.org.mx\/wp-content\/uploads\/2018\/04\/IMG_0311-700x466.jpg\" \/><\/a>\n\t\t\t<\/div><\/figure><figure class='gallery-item'>\n\t\t\t<div class='gallery-icon landscape'>\n\t\t\t\t<a href='https:\/\/www.grieta.org.mx\/index.php\/2018\/04\/22\/y-como-hablamos-la-verdad-dia-7-conversatorio-miradas-escuchas-palabras-prohibido-pensar\/img_0348-700x466\/'><img loading=\"lazy\" decoding=\"async\" width=\"150\" height=\"150\" src=\"https:\/\/www.grieta.org.mx\/wp-content\/uploads\/2018\/04\/IMG_0348-700x466-150x150.jpg\" class=\"attachment-thumbnail size-thumbnail\" alt=\"\" srcset=\"https:\/\/www.grieta.org.mx\/wp-content\/uploads\/2018\/04\/IMG_0348-700x466-150x150.jpg 150w, https:\/\/www.grieta.org.mx\/wp-content\/uploads\/2018\/04\/IMG_0348-700x466-130x130.jpg 130w\" sizes=\"auto, (max-width: 150px) 100vw, 150px\" data-attachment-id=\"22696\" data-permalink=\"https:\/\/www.grieta.org.mx\/index.php\/2018\/04\/22\/y-como-hablamos-la-verdad-dia-7-conversatorio-miradas-escuchas-palabras-prohibido-pensar\/img_0348-700x466\/\" data-orig-file=\"https:\/\/www.grieta.org.mx\/wp-content\/uploads\/2018\/04\/IMG_0348-700x466.jpg\" data-orig-size=\"700,466\" data-comments-opened=\"0\" data-image-meta=\"{&quot;aperture&quot;:&quot;0&quot;,&quot;credit&quot;:&quot;&quot;,&quot;camera&quot;:&quot;&quot;,&quot;caption&quot;:&quot;&quot;,&quot;created_timestamp&quot;:&quot;0&quot;,&quot;copyright&quot;:&quot;&quot;,&quot;focal_length&quot;:&quot;0&quot;,&quot;iso&quot;:&quot;0&quot;,&quot;shutter_speed&quot;:&quot;0&quot;,&quot;title&quot;:&quot;&quot;,&quot;orientation&quot;:&quot;0&quot;}\" data-image-title=\"IMG_0348-700&amp;#215;466\" data-image-description=\"\" data-image-caption=\"\" data-medium-file=\"https:\/\/www.grieta.org.mx\/wp-content\/uploads\/2018\/04\/IMG_0348-700x466-300x200.jpg\" data-large-file=\"https:\/\/www.grieta.org.mx\/wp-content\/uploads\/2018\/04\/IMG_0348-700x466.jpg\" \/><\/a>\n\t\t\t<\/div><\/figure><figure class='gallery-item'>\n\t\t\t<div class='gallery-icon landscape'>\n\t\t\t\t<a href='https:\/\/www.grieta.org.mx\/index.php\/2018\/04\/22\/y-como-hablamos-la-verdad-dia-7-conversatorio-miradas-escuchas-palabras-prohibido-pensar\/img_0352-700x466\/'><img loading=\"lazy\" decoding=\"async\" width=\"150\" height=\"150\" src=\"https:\/\/www.grieta.org.mx\/wp-content\/uploads\/2018\/04\/IMG_0352-700x466-150x150.jpg\" class=\"attachment-thumbnail size-thumbnail\" alt=\"\" srcset=\"https:\/\/www.grieta.org.mx\/wp-content\/uploads\/2018\/04\/IMG_0352-700x466-150x150.jpg 150w, https:\/\/www.grieta.org.mx\/wp-content\/uploads\/2018\/04\/IMG_0352-700x466-130x130.jpg 130w\" sizes=\"auto, (max-width: 150px) 100vw, 150px\" data-attachment-id=\"22697\" data-permalink=\"https:\/\/www.grieta.org.mx\/index.php\/2018\/04\/22\/y-como-hablamos-la-verdad-dia-7-conversatorio-miradas-escuchas-palabras-prohibido-pensar\/img_0352-700x466\/\" data-orig-file=\"https:\/\/www.grieta.org.mx\/wp-content\/uploads\/2018\/04\/IMG_0352-700x466.jpg\" data-orig-size=\"700,466\" data-comments-opened=\"0\" data-image-meta=\"{&quot;aperture&quot;:&quot;0&quot;,&quot;credit&quot;:&quot;&quot;,&quot;camera&quot;:&quot;&quot;,&quot;caption&quot;:&quot;&quot;,&quot;created_timestamp&quot;:&quot;0&quot;,&quot;copyright&quot;:&quot;&quot;,&quot;focal_length&quot;:&quot;0&quot;,&quot;iso&quot;:&quot;0&quot;,&quot;shutter_speed&quot;:&quot;0&quot;,&quot;title&quot;:&quot;&quot;,&quot;orientation&quot;:&quot;0&quot;}\" data-image-title=\"IMG_0352-700&amp;#215;466\" data-image-description=\"\" data-image-caption=\"\" data-medium-file=\"https:\/\/www.grieta.org.mx\/wp-content\/uploads\/2018\/04\/IMG_0352-700x466-300x200.jpg\" data-large-file=\"https:\/\/www.grieta.org.mx\/wp-content\/uploads\/2018\/04\/IMG_0352-700x466.jpg\" \/><\/a>\n\t\t\t<\/div><\/figure><figure class='gallery-item'>\n\t\t\t<div class='gallery-icon landscape'>\n\t\t\t\t<a href='https:\/\/www.grieta.org.mx\/index.php\/2018\/04\/22\/y-como-hablamos-la-verdad-dia-7-conversatorio-miradas-escuchas-palabras-prohibido-pensar\/img_0354-700x466\/'><img loading=\"lazy\" decoding=\"async\" width=\"150\" height=\"150\" src=\"https:\/\/www.grieta.org.mx\/wp-content\/uploads\/2018\/04\/IMG_0354-700x466-150x150.jpg\" class=\"attachment-thumbnail size-thumbnail\" alt=\"\" srcset=\"https:\/\/www.grieta.org.mx\/wp-content\/uploads\/2018\/04\/IMG_0354-700x466-150x150.jpg 150w, https:\/\/www.grieta.org.mx\/wp-content\/uploads\/2018\/04\/IMG_0354-700x466-130x130.jpg 130w\" sizes=\"auto, (max-width: 150px) 100vw, 150px\" data-attachment-id=\"22698\" data-permalink=\"https:\/\/www.grieta.org.mx\/index.php\/2018\/04\/22\/y-como-hablamos-la-verdad-dia-7-conversatorio-miradas-escuchas-palabras-prohibido-pensar\/img_0354-700x466\/\" data-orig-file=\"https:\/\/www.grieta.org.mx\/wp-content\/uploads\/2018\/04\/IMG_0354-700x466.jpg\" data-orig-size=\"700,466\" data-comments-opened=\"0\" data-image-meta=\"{&quot;aperture&quot;:&quot;0&quot;,&quot;credit&quot;:&quot;&quot;,&quot;camera&quot;:&quot;&quot;,&quot;caption&quot;:&quot;&quot;,&quot;created_timestamp&quot;:&quot;0&quot;,&quot;copyright&quot;:&quot;&quot;,&quot;focal_length&quot;:&quot;0&quot;,&quot;iso&quot;:&quot;0&quot;,&quot;shutter_speed&quot;:&quot;0&quot;,&quot;title&quot;:&quot;&quot;,&quot;orientation&quot;:&quot;0&quot;}\" data-image-title=\"IMG_0354-700&amp;#215;466\" data-image-description=\"\" data-image-caption=\"\" data-medium-file=\"https:\/\/www.grieta.org.mx\/wp-content\/uploads\/2018\/04\/IMG_0354-700x466-300x200.jpg\" data-large-file=\"https:\/\/www.grieta.org.mx\/wp-content\/uploads\/2018\/04\/IMG_0354-700x466.jpg\" \/><\/a>\n\t\t\t<\/div><\/figure><figure class='gallery-item'>\n\t\t\t<div class='gallery-icon landscape'>\n\t\t\t\t<a href='https:\/\/www.grieta.org.mx\/index.php\/2018\/04\/22\/y-como-hablamos-la-verdad-dia-7-conversatorio-miradas-escuchas-palabras-prohibido-pensar\/img_0359-700x466\/'><img loading=\"lazy\" decoding=\"async\" width=\"150\" height=\"150\" src=\"https:\/\/www.grieta.org.mx\/wp-content\/uploads\/2018\/04\/IMG_0359-700x466-150x150.jpg\" class=\"attachment-thumbnail size-thumbnail\" alt=\"\" srcset=\"https:\/\/www.grieta.org.mx\/wp-content\/uploads\/2018\/04\/IMG_0359-700x466-150x150.jpg 150w, https:\/\/www.grieta.org.mx\/wp-content\/uploads\/2018\/04\/IMG_0359-700x466-130x130.jpg 130w\" sizes=\"auto, (max-width: 150px) 100vw, 150px\" data-attachment-id=\"22699\" data-permalink=\"https:\/\/www.grieta.org.mx\/index.php\/2018\/04\/22\/y-como-hablamos-la-verdad-dia-7-conversatorio-miradas-escuchas-palabras-prohibido-pensar\/img_0359-700x466\/\" data-orig-file=\"https:\/\/www.grieta.org.mx\/wp-content\/uploads\/2018\/04\/IMG_0359-700x466.jpg\" data-orig-size=\"700,466\" data-comments-opened=\"0\" data-image-meta=\"{&quot;aperture&quot;:&quot;0&quot;,&quot;credit&quot;:&quot;&quot;,&quot;camera&quot;:&quot;&quot;,&quot;caption&quot;:&quot;&quot;,&quot;created_timestamp&quot;:&quot;0&quot;,&quot;copyright&quot;:&quot;&quot;,&quot;focal_length&quot;:&quot;0&quot;,&quot;iso&quot;:&quot;0&quot;,&quot;shutter_speed&quot;:&quot;0&quot;,&quot;title&quot;:&quot;&quot;,&quot;orientation&quot;:&quot;0&quot;}\" data-image-title=\"IMG_0359-700&amp;#215;466\" data-image-description=\"\" data-image-caption=\"\" data-medium-file=\"https:\/\/www.grieta.org.mx\/wp-content\/uploads\/2018\/04\/IMG_0359-700x466-300x200.jpg\" data-large-file=\"https:\/\/www.grieta.org.mx\/wp-content\/uploads\/2018\/04\/IMG_0359-700x466.jpg\" \/><\/a>\n\t\t\t<\/div><\/figure><figure class='gallery-item'>\n\t\t\t<div class='gallery-icon landscape'>\n\t\t\t\t<a href='https:\/\/www.grieta.org.mx\/index.php\/2018\/04\/22\/y-como-hablamos-la-verdad-dia-7-conversatorio-miradas-escuchas-palabras-prohibido-pensar\/img_0370-700x466\/'><img loading=\"lazy\" decoding=\"async\" width=\"150\" height=\"150\" src=\"https:\/\/www.grieta.org.mx\/wp-content\/uploads\/2018\/04\/IMG_0370-700x466-150x150.jpg\" class=\"attachment-thumbnail size-thumbnail\" alt=\"\" srcset=\"https:\/\/www.grieta.org.mx\/wp-content\/uploads\/2018\/04\/IMG_0370-700x466-150x150.jpg 150w, https:\/\/www.grieta.org.mx\/wp-content\/uploads\/2018\/04\/IMG_0370-700x466-130x130.jpg 130w\" sizes=\"auto, (max-width: 150px) 100vw, 150px\" data-attachment-id=\"22700\" data-permalink=\"https:\/\/www.grieta.org.mx\/index.php\/2018\/04\/22\/y-como-hablamos-la-verdad-dia-7-conversatorio-miradas-escuchas-palabras-prohibido-pensar\/img_0370-700x466\/\" data-orig-file=\"https:\/\/www.grieta.org.mx\/wp-content\/uploads\/2018\/04\/IMG_0370-700x466.jpg\" data-orig-size=\"700,466\" data-comments-opened=\"0\" data-image-meta=\"{&quot;aperture&quot;:&quot;0&quot;,&quot;credit&quot;:&quot;&quot;,&quot;camera&quot;:&quot;&quot;,&quot;caption&quot;:&quot;&quot;,&quot;created_timestamp&quot;:&quot;0&quot;,&quot;copyright&quot;:&quot;&quot;,&quot;focal_length&quot;:&quot;0&quot;,&quot;iso&quot;:&quot;0&quot;,&quot;shutter_speed&quot;:&quot;0&quot;,&quot;title&quot;:&quot;&quot;,&quot;orientation&quot;:&quot;0&quot;}\" data-image-title=\"IMG_0370-700&amp;#215;466\" data-image-description=\"\" data-image-caption=\"\" data-medium-file=\"https:\/\/www.grieta.org.mx\/wp-content\/uploads\/2018\/04\/IMG_0370-700x466-300x200.jpg\" data-large-file=\"https:\/\/www.grieta.org.mx\/wp-content\/uploads\/2018\/04\/IMG_0370-700x466.jpg\" \/><\/a>\n\t\t\t<\/div><\/figure><figure class='gallery-item'>\n\t\t\t<div class='gallery-icon landscape'>\n\t\t\t\t<a href='https:\/\/www.grieta.org.mx\/index.php\/2018\/04\/22\/y-como-hablamos-la-verdad-dia-7-conversatorio-miradas-escuchas-palabras-prohibido-pensar\/img_0390-700x466\/'><img loading=\"lazy\" decoding=\"async\" width=\"150\" height=\"150\" src=\"https:\/\/www.grieta.org.mx\/wp-content\/uploads\/2018\/04\/IMG_0390-700x466-150x150.jpg\" class=\"attachment-thumbnail size-thumbnail\" alt=\"\" srcset=\"https:\/\/www.grieta.org.mx\/wp-content\/uploads\/2018\/04\/IMG_0390-700x466-150x150.jpg 150w, https:\/\/www.grieta.org.mx\/wp-content\/uploads\/2018\/04\/IMG_0390-700x466-130x130.jpg 130w\" sizes=\"auto, (max-width: 150px) 100vw, 150px\" data-attachment-id=\"22701\" data-permalink=\"https:\/\/www.grieta.org.mx\/index.php\/2018\/04\/22\/y-como-hablamos-la-verdad-dia-7-conversatorio-miradas-escuchas-palabras-prohibido-pensar\/img_0390-700x466\/\" data-orig-file=\"https:\/\/www.grieta.org.mx\/wp-content\/uploads\/2018\/04\/IMG_0390-700x466.jpg\" data-orig-size=\"700,466\" data-comments-opened=\"0\" data-image-meta=\"{&quot;aperture&quot;:&quot;0&quot;,&quot;credit&quot;:&quot;&quot;,&quot;camera&quot;:&quot;&quot;,&quot;caption&quot;:&quot;&quot;,&quot;created_timestamp&quot;:&quot;0&quot;,&quot;copyright&quot;:&quot;&quot;,&quot;focal_length&quot;:&quot;0&quot;,&quot;iso&quot;:&quot;0&quot;,&quot;shutter_speed&quot;:&quot;0&quot;,&quot;title&quot;:&quot;&quot;,&quot;orientation&quot;:&quot;0&quot;}\" data-image-title=\"IMG_0390-700&amp;#215;466\" data-image-description=\"\" data-image-caption=\"\" data-medium-file=\"https:\/\/www.grieta.org.mx\/wp-content\/uploads\/2018\/04\/IMG_0390-700x466-300x200.jpg\" data-large-file=\"https:\/\/www.grieta.org.mx\/wp-content\/uploads\/2018\/04\/IMG_0390-700x466.jpg\" \/><\/a>\n\t\t\t<\/div><\/figure><figure class='gallery-item'>\n\t\t\t<div class='gallery-icon landscape'>\n\t\t\t\t<a href='https:\/\/www.grieta.org.mx\/index.php\/2018\/04\/22\/y-como-hablamos-la-verdad-dia-7-conversatorio-miradas-escuchas-palabras-prohibido-pensar\/img_0391-700x466\/'><img loading=\"lazy\" decoding=\"async\" width=\"150\" height=\"150\" src=\"https:\/\/www.grieta.org.mx\/wp-content\/uploads\/2018\/04\/IMG_0391-700x466-150x150.jpg\" class=\"attachment-thumbnail size-thumbnail\" alt=\"\" srcset=\"https:\/\/www.grieta.org.mx\/wp-content\/uploads\/2018\/04\/IMG_0391-700x466-150x150.jpg 150w, https:\/\/www.grieta.org.mx\/wp-content\/uploads\/2018\/04\/IMG_0391-700x466-130x130.jpg 130w\" sizes=\"auto, (max-width: 150px) 100vw, 150px\" data-attachment-id=\"22702\" data-permalink=\"https:\/\/www.grieta.org.mx\/index.php\/2018\/04\/22\/y-como-hablamos-la-verdad-dia-7-conversatorio-miradas-escuchas-palabras-prohibido-pensar\/img_0391-700x466\/\" data-orig-file=\"https:\/\/www.grieta.org.mx\/wp-content\/uploads\/2018\/04\/IMG_0391-700x466.jpg\" data-orig-size=\"700,466\" data-comments-opened=\"0\" data-image-meta=\"{&quot;aperture&quot;:&quot;0&quot;,&quot;credit&quot;:&quot;&quot;,&quot;camera&quot;:&quot;&quot;,&quot;caption&quot;:&quot;&quot;,&quot;created_timestamp&quot;:&quot;0&quot;,&quot;copyright&quot;:&quot;&quot;,&quot;focal_length&quot;:&quot;0&quot;,&quot;iso&quot;:&quot;0&quot;,&quot;shutter_speed&quot;:&quot;0&quot;,&quot;title&quot;:&quot;&quot;,&quot;orientation&quot;:&quot;0&quot;}\" data-image-title=\"IMG_0391-700&amp;#215;466\" data-image-description=\"\" data-image-caption=\"\" data-medium-file=\"https:\/\/www.grieta.org.mx\/wp-content\/uploads\/2018\/04\/IMG_0391-700x466-300x200.jpg\" data-large-file=\"https:\/\/www.grieta.org.mx\/wp-content\/uploads\/2018\/04\/IMG_0391-700x466.jpg\" \/><\/a>\n\t\t\t<\/div><\/figure><figure class='gallery-item'>\n\t\t\t<div class='gallery-icon landscape'>\n\t\t\t\t<a href='https:\/\/www.grieta.org.mx\/index.php\/2018\/04\/22\/y-como-hablamos-la-verdad-dia-7-conversatorio-miradas-escuchas-palabras-prohibido-pensar\/img_0392-700x466\/'><img loading=\"lazy\" decoding=\"async\" width=\"150\" height=\"150\" src=\"https:\/\/www.grieta.org.mx\/wp-content\/uploads\/2018\/04\/IMG_0392-700x466-150x150.jpg\" class=\"attachment-thumbnail size-thumbnail\" alt=\"\" srcset=\"https:\/\/www.grieta.org.mx\/wp-content\/uploads\/2018\/04\/IMG_0392-700x466-150x150.jpg 150w, https:\/\/www.grieta.org.mx\/wp-content\/uploads\/2018\/04\/IMG_0392-700x466-130x130.jpg 130w\" sizes=\"auto, (max-width: 150px) 100vw, 150px\" data-attachment-id=\"22703\" data-permalink=\"https:\/\/www.grieta.org.mx\/index.php\/2018\/04\/22\/y-como-hablamos-la-verdad-dia-7-conversatorio-miradas-escuchas-palabras-prohibido-pensar\/img_0392-700x466\/\" data-orig-file=\"https:\/\/www.grieta.org.mx\/wp-content\/uploads\/2018\/04\/IMG_0392-700x466.jpg\" data-orig-size=\"700,466\" data-comments-opened=\"0\" data-image-meta=\"{&quot;aperture&quot;:&quot;0&quot;,&quot;credit&quot;:&quot;&quot;,&quot;camera&quot;:&quot;&quot;,&quot;caption&quot;:&quot;&quot;,&quot;created_timestamp&quot;:&quot;0&quot;,&quot;copyright&quot;:&quot;&quot;,&quot;focal_length&quot;:&quot;0&quot;,&quot;iso&quot;:&quot;0&quot;,&quot;shutter_speed&quot;:&quot;0&quot;,&quot;title&quot;:&quot;&quot;,&quot;orientation&quot;:&quot;0&quot;}\" data-image-title=\"IMG_0392-700&amp;#215;466\" data-image-description=\"\" data-image-caption=\"\" data-medium-file=\"https:\/\/www.grieta.org.mx\/wp-content\/uploads\/2018\/04\/IMG_0392-700x466-300x200.jpg\" data-large-file=\"https:\/\/www.grieta.org.mx\/wp-content\/uploads\/2018\/04\/IMG_0392-700x466.jpg\" \/><\/a>\n\t\t\t<\/div><\/figure><figure class='gallery-item'>\n\t\t\t<div class='gallery-icon landscape'>\n\t\t\t\t<a href='https:\/\/www.grieta.org.mx\/index.php\/2018\/04\/22\/y-como-hablamos-la-verdad-dia-7-conversatorio-miradas-escuchas-palabras-prohibido-pensar\/img_0395-700x466\/'><img loading=\"lazy\" decoding=\"async\" width=\"150\" height=\"150\" src=\"https:\/\/www.grieta.org.mx\/wp-content\/uploads\/2018\/04\/IMG_0395-700x466-150x150.jpg\" class=\"attachment-thumbnail size-thumbnail\" alt=\"\" srcset=\"https:\/\/www.grieta.org.mx\/wp-content\/uploads\/2018\/04\/IMG_0395-700x466-150x150.jpg 150w, https:\/\/www.grieta.org.mx\/wp-content\/uploads\/2018\/04\/IMG_0395-700x466-130x130.jpg 130w\" sizes=\"auto, (max-width: 150px) 100vw, 150px\" data-attachment-id=\"22704\" data-permalink=\"https:\/\/www.grieta.org.mx\/index.php\/2018\/04\/22\/y-como-hablamos-la-verdad-dia-7-conversatorio-miradas-escuchas-palabras-prohibido-pensar\/img_0395-700x466\/\" data-orig-file=\"https:\/\/www.grieta.org.mx\/wp-content\/uploads\/2018\/04\/IMG_0395-700x466.jpg\" data-orig-size=\"700,466\" data-comments-opened=\"0\" data-image-meta=\"{&quot;aperture&quot;:&quot;0&quot;,&quot;credit&quot;:&quot;&quot;,&quot;camera&quot;:&quot;&quot;,&quot;caption&quot;:&quot;&quot;,&quot;created_timestamp&quot;:&quot;0&quot;,&quot;copyright&quot;:&quot;&quot;,&quot;focal_length&quot;:&quot;0&quot;,&quot;iso&quot;:&quot;0&quot;,&quot;shutter_speed&quot;:&quot;0&quot;,&quot;title&quot;:&quot;&quot;,&quot;orientation&quot;:&quot;0&quot;}\" data-image-title=\"IMG_0395-700&amp;#215;466\" data-image-description=\"\" data-image-caption=\"\" data-medium-file=\"https:\/\/www.grieta.org.mx\/wp-content\/uploads\/2018\/04\/IMG_0395-700x466-300x200.jpg\" data-large-file=\"https:\/\/www.grieta.org.mx\/wp-content\/uploads\/2018\/04\/IMG_0395-700x466.jpg\" \/><\/a>\n\t\t\t<\/div><\/figure><figure class='gallery-item'>\n\t\t\t<div class='gallery-icon landscape'>\n\t\t\t\t<a href='https:\/\/www.grieta.org.mx\/index.php\/2018\/04\/22\/y-como-hablamos-la-verdad-dia-7-conversatorio-miradas-escuchas-palabras-prohibido-pensar\/img_0398-700x466\/'><img loading=\"lazy\" decoding=\"async\" width=\"150\" height=\"150\" src=\"https:\/\/www.grieta.org.mx\/wp-content\/uploads\/2018\/04\/IMG_0398-700x466-150x150.jpg\" class=\"attachment-thumbnail size-thumbnail\" alt=\"\" srcset=\"https:\/\/www.grieta.org.mx\/wp-content\/uploads\/2018\/04\/IMG_0398-700x466-150x150.jpg 150w, https:\/\/www.grieta.org.mx\/wp-content\/uploads\/2018\/04\/IMG_0398-700x466-130x130.jpg 130w\" sizes=\"auto, (max-width: 150px) 100vw, 150px\" data-attachment-id=\"22705\" data-permalink=\"https:\/\/www.grieta.org.mx\/index.php\/2018\/04\/22\/y-como-hablamos-la-verdad-dia-7-conversatorio-miradas-escuchas-palabras-prohibido-pensar\/img_0398-700x466\/\" data-orig-file=\"https:\/\/www.grieta.org.mx\/wp-content\/uploads\/2018\/04\/IMG_0398-700x466.jpg\" data-orig-size=\"700,466\" data-comments-opened=\"0\" data-image-meta=\"{&quot;aperture&quot;:&quot;0&quot;,&quot;credit&quot;:&quot;&quot;,&quot;camera&quot;:&quot;&quot;,&quot;caption&quot;:&quot;&quot;,&quot;created_timestamp&quot;:&quot;0&quot;,&quot;copyright&quot;:&quot;&quot;,&quot;focal_length&quot;:&quot;0&quot;,&quot;iso&quot;:&quot;0&quot;,&quot;shutter_speed&quot;:&quot;0&quot;,&quot;title&quot;:&quot;&quot;,&quot;orientation&quot;:&quot;0&quot;}\" data-image-title=\"IMG_0398-700&amp;#215;466\" data-image-description=\"\" data-image-caption=\"\" data-medium-file=\"https:\/\/www.grieta.org.mx\/wp-content\/uploads\/2018\/04\/IMG_0398-700x466-300x200.jpg\" data-large-file=\"https:\/\/www.grieta.org.mx\/wp-content\/uploads\/2018\/04\/IMG_0398-700x466.jpg\" \/><\/a>\n\t\t\t<\/div><\/figure><figure class='gallery-item'>\n\t\t\t<div class='gallery-icon landscape'>\n\t\t\t\t<a href='https:\/\/www.grieta.org.mx\/index.php\/2018\/04\/22\/y-como-hablamos-la-verdad-dia-7-conversatorio-miradas-escuchas-palabras-prohibido-pensar\/img_0400-700x466\/'><img loading=\"lazy\" decoding=\"async\" width=\"150\" height=\"150\" src=\"https:\/\/www.grieta.org.mx\/wp-content\/uploads\/2018\/04\/IMG_0400-700x466-150x150.jpg\" class=\"attachment-thumbnail size-thumbnail\" alt=\"\" srcset=\"https:\/\/www.grieta.org.mx\/wp-content\/uploads\/2018\/04\/IMG_0400-700x466-150x150.jpg 150w, https:\/\/www.grieta.org.mx\/wp-content\/uploads\/2018\/04\/IMG_0400-700x466-130x130.jpg 130w\" sizes=\"auto, (max-width: 150px) 100vw, 150px\" data-attachment-id=\"22706\" data-permalink=\"https:\/\/www.grieta.org.mx\/index.php\/2018\/04\/22\/y-como-hablamos-la-verdad-dia-7-conversatorio-miradas-escuchas-palabras-prohibido-pensar\/img_0400-700x466\/\" data-orig-file=\"https:\/\/www.grieta.org.mx\/wp-content\/uploads\/2018\/04\/IMG_0400-700x466.jpg\" data-orig-size=\"700,466\" data-comments-opened=\"0\" data-image-meta=\"{&quot;aperture&quot;:&quot;0&quot;,&quot;credit&quot;:&quot;&quot;,&quot;camera&quot;:&quot;&quot;,&quot;caption&quot;:&quot;&quot;,&quot;created_timestamp&quot;:&quot;0&quot;,&quot;copyright&quot;:&quot;&quot;,&quot;focal_length&quot;:&quot;0&quot;,&quot;iso&quot;:&quot;0&quot;,&quot;shutter_speed&quot;:&quot;0&quot;,&quot;title&quot;:&quot;&quot;,&quot;orientation&quot;:&quot;0&quot;}\" data-image-title=\"IMG_0400-700&amp;#215;466\" data-image-description=\"\" data-image-caption=\"\" data-medium-file=\"https:\/\/www.grieta.org.mx\/wp-content\/uploads\/2018\/04\/IMG_0400-700x466-300x200.jpg\" data-large-file=\"https:\/\/www.grieta.org.mx\/wp-content\/uploads\/2018\/04\/IMG_0400-700x466.jpg\" \/><\/a>\n\t\t\t<\/div><\/figure><figure class='gallery-item'>\n\t\t\t<div class='gallery-icon landscape'>\n\t\t\t\t<a href='https:\/\/www.grieta.org.mx\/index.php\/2018\/04\/22\/y-como-hablamos-la-verdad-dia-7-conversatorio-miradas-escuchas-palabras-prohibido-pensar\/img_0408-700x466\/'><img loading=\"lazy\" decoding=\"async\" width=\"150\" height=\"150\" src=\"https:\/\/www.grieta.org.mx\/wp-content\/uploads\/2018\/04\/IMG_0408-700x466-150x150.jpg\" class=\"attachment-thumbnail size-thumbnail\" alt=\"\" srcset=\"https:\/\/www.grieta.org.mx\/wp-content\/uploads\/2018\/04\/IMG_0408-700x466-150x150.jpg 150w, https:\/\/www.grieta.org.mx\/wp-content\/uploads\/2018\/04\/IMG_0408-700x466-130x130.jpg 130w\" sizes=\"auto, (max-width: 150px) 100vw, 150px\" data-attachment-id=\"22707\" data-permalink=\"https:\/\/www.grieta.org.mx\/index.php\/2018\/04\/22\/y-como-hablamos-la-verdad-dia-7-conversatorio-miradas-escuchas-palabras-prohibido-pensar\/img_0408-700x466\/\" data-orig-file=\"https:\/\/www.grieta.org.mx\/wp-content\/uploads\/2018\/04\/IMG_0408-700x466.jpg\" data-orig-size=\"700,466\" data-comments-opened=\"0\" data-image-meta=\"{&quot;aperture&quot;:&quot;0&quot;,&quot;credit&quot;:&quot;&quot;,&quot;camera&quot;:&quot;&quot;,&quot;caption&quot;:&quot;&quot;,&quot;created_timestamp&quot;:&quot;0&quot;,&quot;copyright&quot;:&quot;&quot;,&quot;focal_length&quot;:&quot;0&quot;,&quot;iso&quot;:&quot;0&quot;,&quot;shutter_speed&quot;:&quot;0&quot;,&quot;title&quot;:&quot;&quot;,&quot;orientation&quot;:&quot;0&quot;}\" data-image-title=\"IMG_0408-700&amp;#215;466\" data-image-description=\"\" data-image-caption=\"\" data-medium-file=\"https:\/\/www.grieta.org.mx\/wp-content\/uploads\/2018\/04\/IMG_0408-700x466-300x200.jpg\" data-large-file=\"https:\/\/www.grieta.org.mx\/wp-content\/uploads\/2018\/04\/IMG_0408-700x466.jpg\" \/><\/a>\n\t\t\t<\/div><\/figure><figure class='gallery-item'>\n\t\t\t<div class='gallery-icon landscape'>\n\t\t\t\t<a href='https:\/\/www.grieta.org.mx\/index.php\/2018\/04\/22\/y-como-hablamos-la-verdad-dia-7-conversatorio-miradas-escuchas-palabras-prohibido-pensar\/img_0413-700x466\/'><img loading=\"lazy\" decoding=\"async\" width=\"150\" height=\"150\" src=\"https:\/\/www.grieta.org.mx\/wp-content\/uploads\/2018\/04\/IMG_0413-700x466-150x150.jpg\" class=\"attachment-thumbnail size-thumbnail\" alt=\"\" srcset=\"https:\/\/www.grieta.org.mx\/wp-content\/uploads\/2018\/04\/IMG_0413-700x466-150x150.jpg 150w, https:\/\/www.grieta.org.mx\/wp-content\/uploads\/2018\/04\/IMG_0413-700x466-130x130.jpg 130w\" sizes=\"auto, (max-width: 150px) 100vw, 150px\" data-attachment-id=\"22708\" data-permalink=\"https:\/\/www.grieta.org.mx\/index.php\/2018\/04\/22\/y-como-hablamos-la-verdad-dia-7-conversatorio-miradas-escuchas-palabras-prohibido-pensar\/img_0413-700x466\/\" data-orig-file=\"https:\/\/www.grieta.org.mx\/wp-content\/uploads\/2018\/04\/IMG_0413-700x466.jpg\" data-orig-size=\"700,466\" data-comments-opened=\"0\" data-image-meta=\"{&quot;aperture&quot;:&quot;0&quot;,&quot;credit&quot;:&quot;&quot;,&quot;camera&quot;:&quot;&quot;,&quot;caption&quot;:&quot;&quot;,&quot;created_timestamp&quot;:&quot;0&quot;,&quot;copyright&quot;:&quot;&quot;,&quot;focal_length&quot;:&quot;0&quot;,&quot;iso&quot;:&quot;0&quot;,&quot;shutter_speed&quot;:&quot;0&quot;,&quot;title&quot;:&quot;&quot;,&quot;orientation&quot;:&quot;0&quot;}\" data-image-title=\"IMG_0413-700&amp;#215;466\" data-image-description=\"\" data-image-caption=\"\" data-medium-file=\"https:\/\/www.grieta.org.mx\/wp-content\/uploads\/2018\/04\/IMG_0413-700x466-300x200.jpg\" data-large-file=\"https:\/\/www.grieta.org.mx\/wp-content\/uploads\/2018\/04\/IMG_0413-700x466.jpg\" \/><\/a>\n\t\t\t<\/div><\/figure><figure class='gallery-item'>\n\t\t\t<div class='gallery-icon landscape'>\n\t\t\t\t<a href='https:\/\/www.grieta.org.mx\/index.php\/2018\/04\/22\/y-como-hablamos-la-verdad-dia-7-conversatorio-miradas-escuchas-palabras-prohibido-pensar\/img_0426-700x466\/'><img loading=\"lazy\" decoding=\"async\" width=\"150\" height=\"150\" src=\"https:\/\/www.grieta.org.mx\/wp-content\/uploads\/2018\/04\/IMG_0426-700x466-150x150.jpg\" class=\"attachment-thumbnail size-thumbnail\" alt=\"\" srcset=\"https:\/\/www.grieta.org.mx\/wp-content\/uploads\/2018\/04\/IMG_0426-700x466-150x150.jpg 150w, https:\/\/www.grieta.org.mx\/wp-content\/uploads\/2018\/04\/IMG_0426-700x466-130x130.jpg 130w\" sizes=\"auto, (max-width: 150px) 100vw, 150px\" data-attachment-id=\"22709\" data-permalink=\"https:\/\/www.grieta.org.mx\/index.php\/2018\/04\/22\/y-como-hablamos-la-verdad-dia-7-conversatorio-miradas-escuchas-palabras-prohibido-pensar\/img_0426-700x466\/\" data-orig-file=\"https:\/\/www.grieta.org.mx\/wp-content\/uploads\/2018\/04\/IMG_0426-700x466.jpg\" data-orig-size=\"700,466\" data-comments-opened=\"0\" data-image-meta=\"{&quot;aperture&quot;:&quot;0&quot;,&quot;credit&quot;:&quot;&quot;,&quot;camera&quot;:&quot;&quot;,&quot;caption&quot;:&quot;&quot;,&quot;created_timestamp&quot;:&quot;0&quot;,&quot;copyright&quot;:&quot;&quot;,&quot;focal_length&quot;:&quot;0&quot;,&quot;iso&quot;:&quot;0&quot;,&quot;shutter_speed&quot;:&quot;0&quot;,&quot;title&quot;:&quot;&quot;,&quot;orientation&quot;:&quot;0&quot;}\" data-image-title=\"IMG_0426-700&amp;#215;466\" data-image-description=\"\" data-image-caption=\"\" data-medium-file=\"https:\/\/www.grieta.org.mx\/wp-content\/uploads\/2018\/04\/IMG_0426-700x466-300x200.jpg\" data-large-file=\"https:\/\/www.grieta.org.mx\/wp-content\/uploads\/2018\/04\/IMG_0426-700x466.jpg\" \/><\/a>\n\t\t\t<\/div><\/figure><figure class='gallery-item'>\n\t\t\t<div class='gallery-icon landscape'>\n\t\t\t\t<a href='https:\/\/www.grieta.org.mx\/index.php\/2018\/04\/22\/y-como-hablamos-la-verdad-dia-7-conversatorio-miradas-escuchas-palabras-prohibido-pensar\/img_0446-700x466\/'><img loading=\"lazy\" decoding=\"async\" width=\"150\" height=\"150\" src=\"https:\/\/www.grieta.org.mx\/wp-content\/uploads\/2018\/04\/IMG_0446-700x466-150x150.jpg\" class=\"attachment-thumbnail size-thumbnail\" alt=\"\" srcset=\"https:\/\/www.grieta.org.mx\/wp-content\/uploads\/2018\/04\/IMG_0446-700x466-150x150.jpg 150w, https:\/\/www.grieta.org.mx\/wp-content\/uploads\/2018\/04\/IMG_0446-700x466-130x130.jpg 130w\" sizes=\"auto, (max-width: 150px) 100vw, 150px\" data-attachment-id=\"22710\" data-permalink=\"https:\/\/www.grieta.org.mx\/index.php\/2018\/04\/22\/y-como-hablamos-la-verdad-dia-7-conversatorio-miradas-escuchas-palabras-prohibido-pensar\/img_0446-700x466\/\" data-orig-file=\"https:\/\/www.grieta.org.mx\/wp-content\/uploads\/2018\/04\/IMG_0446-700x466.jpg\" data-orig-size=\"700,466\" data-comments-opened=\"0\" data-image-meta=\"{&quot;aperture&quot;:&quot;0&quot;,&quot;credit&quot;:&quot;&quot;,&quot;camera&quot;:&quot;&quot;,&quot;caption&quot;:&quot;&quot;,&quot;created_timestamp&quot;:&quot;0&quot;,&quot;copyright&quot;:&quot;&quot;,&quot;focal_length&quot;:&quot;0&quot;,&quot;iso&quot;:&quot;0&quot;,&quot;shutter_speed&quot;:&quot;0&quot;,&quot;title&quot;:&quot;&quot;,&quot;orientation&quot;:&quot;0&quot;}\" data-image-title=\"IMG_0446-700&amp;#215;466\" data-image-description=\"\" data-image-caption=\"\" data-medium-file=\"https:\/\/www.grieta.org.mx\/wp-content\/uploads\/2018\/04\/IMG_0446-700x466-300x200.jpg\" data-large-file=\"https:\/\/www.grieta.org.mx\/wp-content\/uploads\/2018\/04\/IMG_0446-700x466.jpg\" \/><\/a>\n\t\t\t<\/div><\/figure><figure class='gallery-item'>\n\t\t\t<div class='gallery-icon landscape'>\n\t\t\t\t<a href='https:\/\/www.grieta.org.mx\/index.php\/2018\/04\/22\/y-como-hablamos-la-verdad-dia-7-conversatorio-miradas-escuchas-palabras-prohibido-pensar\/img_0484-700x466\/'><img loading=\"lazy\" decoding=\"async\" width=\"150\" height=\"150\" src=\"https:\/\/www.grieta.org.mx\/wp-content\/uploads\/2018\/04\/IMG_0484-700x466-150x150.jpg\" class=\"attachment-thumbnail size-thumbnail\" alt=\"\" srcset=\"https:\/\/www.grieta.org.mx\/wp-content\/uploads\/2018\/04\/IMG_0484-700x466-150x150.jpg 150w, https:\/\/www.grieta.org.mx\/wp-content\/uploads\/2018\/04\/IMG_0484-700x466-130x130.jpg 130w\" sizes=\"auto, (max-width: 150px) 100vw, 150px\" data-attachment-id=\"22711\" data-permalink=\"https:\/\/www.grieta.org.mx\/index.php\/2018\/04\/22\/y-como-hablamos-la-verdad-dia-7-conversatorio-miradas-escuchas-palabras-prohibido-pensar\/img_0484-700x466\/\" data-orig-file=\"https:\/\/www.grieta.org.mx\/wp-content\/uploads\/2018\/04\/IMG_0484-700x466.jpg\" data-orig-size=\"700,466\" data-comments-opened=\"0\" data-image-meta=\"{&quot;aperture&quot;:&quot;0&quot;,&quot;credit&quot;:&quot;&quot;,&quot;camera&quot;:&quot;&quot;,&quot;caption&quot;:&quot;&quot;,&quot;created_timestamp&quot;:&quot;0&quot;,&quot;copyright&quot;:&quot;&quot;,&quot;focal_length&quot;:&quot;0&quot;,&quot;iso&quot;:&quot;0&quot;,&quot;shutter_speed&quot;:&quot;0&quot;,&quot;title&quot;:&quot;&quot;,&quot;orientation&quot;:&quot;0&quot;}\" data-image-title=\"IMG_0484-700&amp;#215;466\" data-image-description=\"\" data-image-caption=\"\" data-medium-file=\"https:\/\/www.grieta.org.mx\/wp-content\/uploads\/2018\/04\/IMG_0484-700x466-300x200.jpg\" data-large-file=\"https:\/\/www.grieta.org.mx\/wp-content\/uploads\/2018\/04\/IMG_0484-700x466.jpg\" \/><\/a>\n\t\t\t<\/div><\/figure><figure class='gallery-item'>\n\t\t\t<div class='gallery-icon landscape'>\n\t\t\t\t<a href='https:\/\/www.grieta.org.mx\/index.php\/2018\/04\/22\/y-como-hablamos-la-verdad-dia-7-conversatorio-miradas-escuchas-palabras-prohibido-pensar\/img_0493-700x466\/'><img loading=\"lazy\" decoding=\"async\" width=\"150\" height=\"150\" src=\"https:\/\/www.grieta.org.mx\/wp-content\/uploads\/2018\/04\/IMG_0493-700x466-150x150.jpg\" class=\"attachment-thumbnail size-thumbnail\" alt=\"\" srcset=\"https:\/\/www.grieta.org.mx\/wp-content\/uploads\/2018\/04\/IMG_0493-700x466-150x150.jpg 150w, https:\/\/www.grieta.org.mx\/wp-content\/uploads\/2018\/04\/IMG_0493-700x466-130x130.jpg 130w\" sizes=\"auto, (max-width: 150px) 100vw, 150px\" data-attachment-id=\"22712\" data-permalink=\"https:\/\/www.grieta.org.mx\/index.php\/2018\/04\/22\/y-como-hablamos-la-verdad-dia-7-conversatorio-miradas-escuchas-palabras-prohibido-pensar\/img_0493-700x466\/\" data-orig-file=\"https:\/\/www.grieta.org.mx\/wp-content\/uploads\/2018\/04\/IMG_0493-700x466.jpg\" data-orig-size=\"700,466\" data-comments-opened=\"0\" data-image-meta=\"{&quot;aperture&quot;:&quot;0&quot;,&quot;credit&quot;:&quot;&quot;,&quot;camera&quot;:&quot;&quot;,&quot;caption&quot;:&quot;&quot;,&quot;created_timestamp&quot;:&quot;0&quot;,&quot;copyright&quot;:&quot;&quot;,&quot;focal_length&quot;:&quot;0&quot;,&quot;iso&quot;:&quot;0&quot;,&quot;shutter_speed&quot;:&quot;0&quot;,&quot;title&quot;:&quot;&quot;,&quot;orientation&quot;:&quot;0&quot;}\" data-image-title=\"IMG_0493-700&amp;#215;466\" data-image-description=\"\" data-image-caption=\"\" data-medium-file=\"https:\/\/www.grieta.org.mx\/wp-content\/uploads\/2018\/04\/IMG_0493-700x466-300x200.jpg\" data-large-file=\"https:\/\/www.grieta.org.mx\/wp-content\/uploads\/2018\/04\/IMG_0493-700x466.jpg\" \/><\/a>\n\t\t\t<\/div><\/figure><figure class='gallery-item'>\n\t\t\t<div class='gallery-icon landscape'>\n\t\t\t\t<a href='https:\/\/www.grieta.org.mx\/index.php\/2018\/04\/22\/y-como-hablamos-la-verdad-dia-7-conversatorio-miradas-escuchas-palabras-prohibido-pensar\/img_0520-700x466\/'><img loading=\"lazy\" decoding=\"async\" width=\"150\" height=\"150\" src=\"https:\/\/www.grieta.org.mx\/wp-content\/uploads\/2018\/04\/IMG_0520-700x466-150x150.jpg\" class=\"attachment-thumbnail size-thumbnail\" alt=\"\" srcset=\"https:\/\/www.grieta.org.mx\/wp-content\/uploads\/2018\/04\/IMG_0520-700x466-150x150.jpg 150w, https:\/\/www.grieta.org.mx\/wp-content\/uploads\/2018\/04\/IMG_0520-700x466-130x130.jpg 130w\" sizes=\"auto, (max-width: 150px) 100vw, 150px\" data-attachment-id=\"22713\" data-permalink=\"https:\/\/www.grieta.org.mx\/index.php\/2018\/04\/22\/y-como-hablamos-la-verdad-dia-7-conversatorio-miradas-escuchas-palabras-prohibido-pensar\/img_0520-700x466\/\" data-orig-file=\"https:\/\/www.grieta.org.mx\/wp-content\/uploads\/2018\/04\/IMG_0520-700x466.jpg\" data-orig-size=\"700,466\" data-comments-opened=\"0\" data-image-meta=\"{&quot;aperture&quot;:&quot;0&quot;,&quot;credit&quot;:&quot;&quot;,&quot;camera&quot;:&quot;&quot;,&quot;caption&quot;:&quot;&quot;,&quot;created_timestamp&quot;:&quot;0&quot;,&quot;copyright&quot;:&quot;&quot;,&quot;focal_length&quot;:&quot;0&quot;,&quot;iso&quot;:&quot;0&quot;,&quot;shutter_speed&quot;:&quot;0&quot;,&quot;title&quot;:&quot;&quot;,&quot;orientation&quot;:&quot;0&quot;}\" data-image-title=\"IMG_0520-700&amp;#215;466\" data-image-description=\"\" data-image-caption=\"\" data-medium-file=\"https:\/\/www.grieta.org.mx\/wp-content\/uploads\/2018\/04\/IMG_0520-700x466-300x200.jpg\" data-large-file=\"https:\/\/www.grieta.org.mx\/wp-content\/uploads\/2018\/04\/IMG_0520-700x466.jpg\" \/><\/a>\n\t\t\t<\/div><\/figure><figure class='gallery-item'>\n\t\t\t<div class='gallery-icon landscape'>\n\t\t\t\t<a href='https:\/\/www.grieta.org.mx\/index.php\/2018\/04\/22\/y-como-hablamos-la-verdad-dia-7-conversatorio-miradas-escuchas-palabras-prohibido-pensar\/img_0530-700x466\/'><img loading=\"lazy\" decoding=\"async\" width=\"150\" height=\"150\" src=\"https:\/\/www.grieta.org.mx\/wp-content\/uploads\/2018\/04\/IMG_0530-700x466-150x150.jpg\" class=\"attachment-thumbnail size-thumbnail\" alt=\"\" srcset=\"https:\/\/www.grieta.org.mx\/wp-content\/uploads\/2018\/04\/IMG_0530-700x466-150x150.jpg 150w, https:\/\/www.grieta.org.mx\/wp-content\/uploads\/2018\/04\/IMG_0530-700x466-130x130.jpg 130w\" sizes=\"auto, (max-width: 150px) 100vw, 150px\" data-attachment-id=\"22714\" data-permalink=\"https:\/\/www.grieta.org.mx\/index.php\/2018\/04\/22\/y-como-hablamos-la-verdad-dia-7-conversatorio-miradas-escuchas-palabras-prohibido-pensar\/img_0530-700x466\/\" data-orig-file=\"https:\/\/www.grieta.org.mx\/wp-content\/uploads\/2018\/04\/IMG_0530-700x466.jpg\" data-orig-size=\"700,466\" data-comments-opened=\"0\" data-image-meta=\"{&quot;aperture&quot;:&quot;0&quot;,&quot;credit&quot;:&quot;&quot;,&quot;camera&quot;:&quot;&quot;,&quot;caption&quot;:&quot;&quot;,&quot;created_timestamp&quot;:&quot;0&quot;,&quot;copyright&quot;:&quot;&quot;,&quot;focal_length&quot;:&quot;0&quot;,&quot;iso&quot;:&quot;0&quot;,&quot;shutter_speed&quot;:&quot;0&quot;,&quot;title&quot;:&quot;&quot;,&quot;orientation&quot;:&quot;0&quot;}\" data-image-title=\"IMG_0530-700&amp;#215;466\" data-image-description=\"\" data-image-caption=\"\" data-medium-file=\"https:\/\/www.grieta.org.mx\/wp-content\/uploads\/2018\/04\/IMG_0530-700x466-300x200.jpg\" data-large-file=\"https:\/\/www.grieta.org.mx\/wp-content\/uploads\/2018\/04\/IMG_0530-700x466.jpg\" \/><\/a>\n\t\t\t<\/div><\/figure><figure class='gallery-item'>\n\t\t\t<div class='gallery-icon landscape'>\n\t\t\t\t<a href='https:\/\/www.grieta.org.mx\/index.php\/2018\/04\/22\/y-como-hablamos-la-verdad-dia-7-conversatorio-miradas-escuchas-palabras-prohibido-pensar\/img_0534-700x466\/'><img loading=\"lazy\" decoding=\"async\" width=\"150\" height=\"150\" src=\"https:\/\/www.grieta.org.mx\/wp-content\/uploads\/2018\/04\/IMG_0534-700x466-150x150.jpg\" class=\"attachment-thumbnail size-thumbnail\" alt=\"\" srcset=\"https:\/\/www.grieta.org.mx\/wp-content\/uploads\/2018\/04\/IMG_0534-700x466-150x150.jpg 150w, https:\/\/www.grieta.org.mx\/wp-content\/uploads\/2018\/04\/IMG_0534-700x466-130x130.jpg 130w\" sizes=\"auto, (max-width: 150px) 100vw, 150px\" data-attachment-id=\"22715\" data-permalink=\"https:\/\/www.grieta.org.mx\/index.php\/2018\/04\/22\/y-como-hablamos-la-verdad-dia-7-conversatorio-miradas-escuchas-palabras-prohibido-pensar\/img_0534-700x466\/\" data-orig-file=\"https:\/\/www.grieta.org.mx\/wp-content\/uploads\/2018\/04\/IMG_0534-700x466.jpg\" data-orig-size=\"700,466\" data-comments-opened=\"0\" data-image-meta=\"{&quot;aperture&quot;:&quot;0&quot;,&quot;credit&quot;:&quot;&quot;,&quot;camera&quot;:&quot;&quot;,&quot;caption&quot;:&quot;&quot;,&quot;created_timestamp&quot;:&quot;0&quot;,&quot;copyright&quot;:&quot;&quot;,&quot;focal_length&quot;:&quot;0&quot;,&quot;iso&quot;:&quot;0&quot;,&quot;shutter_speed&quot;:&quot;0&quot;,&quot;title&quot;:&quot;&quot;,&quot;orientation&quot;:&quot;0&quot;}\" data-image-title=\"IMG_0534-700&amp;#215;466\" data-image-description=\"\" data-image-caption=\"\" data-medium-file=\"https:\/\/www.grieta.org.mx\/wp-content\/uploads\/2018\/04\/IMG_0534-700x466-300x200.jpg\" data-large-file=\"https:\/\/www.grieta.org.mx\/wp-content\/uploads\/2018\/04\/IMG_0534-700x466.jpg\" \/><\/a>\n\t\t\t<\/div><\/figure><figure class='gallery-item'>\n\t\t\t<div class='gallery-icon landscape'>\n\t\t\t\t<a href='https:\/\/www.grieta.org.mx\/index.php\/2018\/04\/22\/y-como-hablamos-la-verdad-dia-7-conversatorio-miradas-escuchas-palabras-prohibido-pensar\/img_0543-700x466\/'><img loading=\"lazy\" decoding=\"async\" width=\"150\" height=\"150\" src=\"https:\/\/www.grieta.org.mx\/wp-content\/uploads\/2018\/04\/IMG_0543-700x466-150x150.jpg\" class=\"attachment-thumbnail size-thumbnail\" alt=\"\" srcset=\"https:\/\/www.grieta.org.mx\/wp-content\/uploads\/2018\/04\/IMG_0543-700x466-150x150.jpg 150w, https:\/\/www.grieta.org.mx\/wp-content\/uploads\/2018\/04\/IMG_0543-700x466-130x130.jpg 130w\" sizes=\"auto, (max-width: 150px) 100vw, 150px\" data-attachment-id=\"22716\" data-permalink=\"https:\/\/www.grieta.org.mx\/index.php\/2018\/04\/22\/y-como-hablamos-la-verdad-dia-7-conversatorio-miradas-escuchas-palabras-prohibido-pensar\/img_0543-700x466\/\" data-orig-file=\"https:\/\/www.grieta.org.mx\/wp-content\/uploads\/2018\/04\/IMG_0543-700x466.jpg\" data-orig-size=\"700,466\" data-comments-opened=\"0\" data-image-meta=\"{&quot;aperture&quot;:&quot;0&quot;,&quot;credit&quot;:&quot;&quot;,&quot;camera&quot;:&quot;&quot;,&quot;caption&quot;:&quot;&quot;,&quot;created_timestamp&quot;:&quot;0&quot;,&quot;copyright&quot;:&quot;&quot;,&quot;focal_length&quot;:&quot;0&quot;,&quot;iso&quot;:&quot;0&quot;,&quot;shutter_speed&quot;:&quot;0&quot;,&quot;title&quot;:&quot;&quot;,&quot;orientation&quot;:&quot;0&quot;}\" data-image-title=\"IMG_0543-700&amp;#215;466\" data-image-description=\"\" data-image-caption=\"\" data-medium-file=\"https:\/\/www.grieta.org.mx\/wp-content\/uploads\/2018\/04\/IMG_0543-700x466-300x200.jpg\" data-large-file=\"https:\/\/www.grieta.org.mx\/wp-content\/uploads\/2018\/04\/IMG_0543-700x466.jpg\" \/><\/a>\n\t\t\t<\/div><\/figure><figure class='gallery-item'>\n\t\t\t<div class='gallery-icon landscape'>\n\t\t\t\t<a href='https:\/\/www.grieta.org.mx\/index.php\/2018\/04\/22\/y-como-hablamos-la-verdad-dia-7-conversatorio-miradas-escuchas-palabras-prohibido-pensar\/portada-700x466\/'><img loading=\"lazy\" decoding=\"async\" width=\"150\" height=\"150\" src=\"https:\/\/www.grieta.org.mx\/wp-content\/uploads\/2018\/04\/portada-700x466-150x150.jpg\" class=\"attachment-thumbnail size-thumbnail\" alt=\"\" srcset=\"https:\/\/www.grieta.org.mx\/wp-content\/uploads\/2018\/04\/portada-700x466-150x150.jpg 150w, https:\/\/www.grieta.org.mx\/wp-content\/uploads\/2018\/04\/portada-700x466-130x130.jpg 130w\" sizes=\"auto, (max-width: 150px) 100vw, 150px\" data-attachment-id=\"22717\" data-permalink=\"https:\/\/www.grieta.org.mx\/index.php\/2018\/04\/22\/y-como-hablamos-la-verdad-dia-7-conversatorio-miradas-escuchas-palabras-prohibido-pensar\/portada-700x466\/\" data-orig-file=\"https:\/\/www.grieta.org.mx\/wp-content\/uploads\/2018\/04\/portada-700x466.jpg\" data-orig-size=\"700,466\" data-comments-opened=\"0\" data-image-meta=\"{&quot;aperture&quot;:&quot;0&quot;,&quot;credit&quot;:&quot;&quot;,&quot;camera&quot;:&quot;&quot;,&quot;caption&quot;:&quot;&quot;,&quot;created_timestamp&quot;:&quot;0&quot;,&quot;copyright&quot;:&quot;&quot;,&quot;focal_length&quot;:&quot;0&quot;,&quot;iso&quot;:&quot;0&quot;,&quot;shutter_speed&quot;:&quot;0&quot;,&quot;title&quot;:&quot;&quot;,&quot;orientation&quot;:&quot;0&quot;}\" data-image-title=\"portada-700&amp;#215;466\" data-image-description=\"\" data-image-caption=\"\" data-medium-file=\"https:\/\/www.grieta.org.mx\/wp-content\/uploads\/2018\/04\/portada-700x466-300x200.jpg\" data-large-file=\"https:\/\/www.grieta.org.mx\/wp-content\/uploads\/2018\/04\/portada-700x466.jpg\" \/><\/a>\n\t\t\t<\/div><\/figure>\n\t\t<\/div>\n\n<blockquote><p>\u00bfY en este M\u00e9xico de gritos y silencios, c\u00f3mo hablamos la verdad?<br \/>\nD\u00eda 7, Conversatorio<br \/>\n\u201cMiradas, escuchas, palabras: \u00bfprohibido pensar?\u201d<\/p><\/blockquote>\n<p>Ma\u00f1ana y tarde del s\u00e1bado 21 de abril, s\u00e9ptima jornada del conversatorio convocado por el zapatismo, d\u00eda de muchas palabras, de dos sesiones, ma\u00f1ana y tarde. Para reportarnos c\u00f3mo anda el coraz\u00f3n, llegan a la Universidad de la Tierra Daniela Rea, Marcela Turati, Javier Risco, Emilio Lezama y Luis Hern\u00e1ndez Navarro, cinco periodistas que abren el d\u00eda. Para cerrarlo, hablan la vocera del Concejo Ind\u00edgena de Gobierno Marichuy, Carlos Gonz\u00e1lez del Congreso Nacional Ind\u00edgena y cuatro integrantes de la asociaci\u00f3n civil Lleg\u00f3 la Hora del Florecimiento de los Pueblos: Mardonio Carballo, Juan Carlos Rulfo, Juan Villoro y Pablo Gonz\u00e1lez Casanova, a quien a partir de hoy, y por los m\u00e9ritos de su trabajo, se le encomienda m\u00e1s trabajo: ser parte del Comit\u00e9 Clandestino Revolucionario Ind\u00edgena-Comandancia General del Ej\u00e9rcito Zapatista de Liberaci\u00f3n Nacional (CCRI-CG EZLN).<\/p>\n<p>\u201cEl rumor florece en los colapsos\u201d, afirma Carlos Taibo en voz del Sup Galeano. Pero no queremos colapsar. \u00bfQu\u00e9 papel juegan entonces los medios de comunicaci\u00f3n? \u00bfC\u00f3mo pueden alejarnos de la mentira f\u00e1cil? \u00bfC\u00f3mo no ser \u201camplificadores de rumores\u201d? \u00bfC\u00f3mo transmitir informaci\u00f3n veraz?<\/p>\n<p>Desde la Red de Periodistas de a Pie, Daniela Rea y Marcela Turati sueltan de golpe toda la lista de emociones que invaden a cualquier periodista veraz que ande quebr\u00e1ndose el alma por narrar los gritos y los silencios que habitan nuestro M\u00e9xico. Daniela Rea, para quien \u201cel coraz\u00f3n est\u00e1 terco\u201d, nos acalambra la conciencia con sus historias de reportera desde el fondo de un dolor que es \u201cdignidad, resistencia, trabajo, justicia\u201d, historias de personas que ya no temen porque \u201cya no es posible que les quepa m\u00e1s miedo en el cuerpo\u201d. Marcela Turati, \u201cuna persona normal\u201d a quien se le \u201catraves\u00f3\u201d la guerra, se confiesa a veces \u201cdespalabrada\u201d de tanto andar \u201churgando en fosas\u201d clandestinas, de tanto ver \u201cmuertos en vida\u201d, \u201ccampos de exterminio\u201d y \u201c32 mil\u201d personas desaparecidas \u201cdisputando el espacio\u201d que el periodismo comprometido lucha por darles. Marcela plantea el dilema de c\u00f3mo \u201cmantener viva la indignaci\u00f3n\u201d, pero una indignaci\u00f3n que mueva y no que paralice. Nos habla de la importancia de proteger la vida de periodistas, porque \u201cdonde no hay periodistas est\u00e1 ganando la muerte\u201d.<\/p>\n<p>Javier Risco cuenta con espacios en radio y televisi\u00f3n comerciales en los que habla con pol\u00edticos cada d\u00eda. Dice que trata de incomodarlos y que, desde \u201csu trinchera\u201d, vio la campa\u00f1a de recolecci\u00f3n de apoyos de Marichuy Patricio Mart\u00ednez como un \u201cnecesario oasis de dignidad\u201d. Emilio Lezama, quien se estrenara en el periodismo a los trece a\u00f1os narrando la marcha zapatista del Color de la Tierra (que lleg\u00f3 a la Ciudad de M\u00e9xico en 2001), pregunta \u201c\u00bfqu\u00e9 M\u00e9xico queremos?\u201d y, yendo m\u00e1s all\u00e1, \u201c\u00bfqu\u00e9 modelo de mundo queremos?\u201d. Para narrar la realidad actual, Emilio recurre a una met\u00e1fora, la de los palacios de cristal que, como espacios domesticados, buscan contener el mundo. Ganadores, dentro; perdedores, fuera. Pero hay \u201cun presente adyacente\u201d, nos dice, por lo que debemos imaginar otros M\u00e9xicos. Luis Hern\u00e1ndez Navarro describe a detalle la basura que hay en toda campa\u00f1a electoral. La que vivimos ahora no es distinta. Aqu\u00ed \u201cno est\u00e1 en juego una verdadera reforma del estado\u201d sino su recomposici\u00f3n. No est\u00e1 en disputa el desmantelamiento del modelo de desarrollo neoliberal sino \u201csu gesti\u00f3n\u201d. Se menciona a periodistas autoexiladxs, amenazadxs, asesinadxs, a Miroslava Breach, a Javi\u00e9r Vald\u00e9s, a muchxs m\u00e1s. El Sup Galeano abunda sobre el riesgo que implica ser periodista en M\u00e9xico, pues tambi\u00e9n se es \u201cuna v\u00edctima potencial\u201d que puede convertirse en parte de la noticia terrible que narraba. Todo eso por la ma\u00f1ana.<\/p>\n<p>Por la tarde, una sesi\u00f3n transformadora de la relaci\u00f3n que ha tenido el EZLN con la sociedad civil organizada desde hace 24 a\u00f1os. Marichuy comienza agradeciendo a la Sexta nacional e internacional, a las redes de apoyo, a las organizaciones, a la asociaci\u00f3n civil Lleg\u00f3 la Hora del Florecimiento de los Pueblos y a todxs aquellxs que de manera inividual apoyaron el proceso de recolecci\u00f3n de firmas. Carlos Gonz\u00e1lez describe las etapas que ha vivido el CNI. La primera, desde su fundaci\u00f3n en 1996 hasta abril del 2001, cuando se aprob\u00f3 en el Congreso mexicano un dictamen que contraven\u00eda los Acuerdos de San Andr\u00e9s. La segunda, el impulso de la autonom\u00eda por la v\u00eda de los hechos, con la adhesi\u00f3n colectiva a la Sexta Declaraci\u00f3n de la Selva Lacandona (en 2006) y una larga etapa de represi\u00f3n y dificultades. La tercera, la de ahora con el recorrido de la vocera Mar\u00eda de Jes\u00fas Patricio, cuando el CNI se posiciona de otra forma en su momento m\u00e1s grave, para quedar en una posici\u00f3n de lucha distinta, mucho m\u00e1s s\u00f3lida.<\/p>\n<p>Mardonio Carballo se va a las ra\u00edces, pues \u201cnadie puede hablar de la flor, del fruto, si no habla de la ra\u00edz\u201d. Luego explica que \u201cno hay mejor memoria que la de la tierra\u201d, mientras nos habla de las lenguas como flores. Juan Carlos Rulfo informa que, tras m\u00e1s de 20 a\u00f1os de zapatismo, \u00e9l \u201csigue buscando historias\u201d y pregunt\u00e1ndose \u201c\u00bfcu\u00e1ntas historias hay que contar?\u201d Juan Villoro celebra que seamos \u201cm\u00e1s conversacionales\u201d y se extiende con recuerdos y an\u00e9cdotas de la Convenci\u00f3n Nacional Democr\u00e1tica (de 1994), la propuesta fallida de fundar una biblioteca \u201cRosario Castellanos\u201d, en la que, frente a \u201cFrancisco Villa\u201d, no se abri\u00f3 camino ese nombre de mujer. Nos habla de lo que fue la apuesta por la consecuci\u00f3n de firmas de apoyo para el CIG, construcci\u00f3n de una esperanza que \u201cpasa por los otros\u201d, los desconocidos y lejanos. Nos invita a construir una \u201ccomunalidad futura\u201d, a sabiendas de que \u201clas voces comunes son voces que tejen\u201d.<\/p>\n<p>Al principio de la tarde hab\u00eda hablado muy brevemente Pablo Gonz\u00e1lez Casanova, s\u00f3lo para mencionar que \u201cel proyecto que naci\u00f3 en estas tierras es un proyecto universal\u201d, y para agradecer haber vivido en su tiempo de vida este proyecto. Al principio de la noche, cuando parec\u00eda haber terminado la conversaci\u00f3n, el Sup Mois\u00e9s toma el micr\u00f3fono para explicar \u201cc\u00f3mo se llega a la direcci\u00f3n pol\u00edtica del EZLN\u201d. Pues con trabajo. Se le da trabajo a una persona, se le observa y, si trabaja bien, se le premia con \u201cm\u00e1s trabajo\u201d. Entonces habla el Comandante Tacho \u201ca nombre de las bases de apoyo\u201d zapatistas. Celebra que don Pablo Gonz\u00e1lez Casanova haya pasado su cumplea\u00f1os 96 trabajando en un evento de recopilaci\u00f3n de apoyos para Marichuy. Nos dice que, desde que comenzaron esta lucha, en \u201cel apunte ten\u00edan\u201d que \u201cun d\u00eda ten\u00edan que luchar\u201d con todas y todos, que \u201cya estaba previsto que un d\u00eda nos \u00edbamos a encontrar\u201d, aunque no sab\u00edan cu\u00e1ndo ni c\u00f3mo. Ahora ya saben: \u201cHemos visto a un compa\u00f1ero que no se ha cansado\u201d, que \u201cno se ha rendido\u201d, que \u201cno se ha vendido, no ha claudicado\u201d. Se refieren a \u00e9l cari\u00f1osamente como Pablo Contreras y le informan: su regalo ser\u00e1 m\u00e1s trabajo, pues \u201cva a integrar este gran equipo CCRI-CGEZLN\u201d. Todxs lxs representantes de ese gran equipo desfilan entonces por el templete del CIDECI-Unitierra para abrazar a don Pablo Gonz\u00e1lez Casanova, nuevo integrante del CCRI.<\/p>\n<p>Al comenzar el d\u00eda, cinco periodistas se preguntaban qu\u00e9 vale la pena contar en esta zona de gritos o de silencios, qu\u00e9 palabras usar para hablar con verdad, para romper con la inercia de los cr\u00edmenes impunes donde las familias agraviadas sienten que hablan \u201cdesde abajo del mar\u201d. Al comenzar la noche, la tormenta nos ofrece unos segundos de respiro para mirarla desde encima de las nubes porque, en esa \u201cniebla de la guerra\u201d que describi\u00f3 tan claramente Marcela Turati, hoy se nos atraves\u00f3 el zapatismo.<\/p>\n<p><a href=\"https:\/\/radiozapatista.org\/?p=26778\">https:\/\/radiozapatista.org\/?p=26778<\/a><\/p>\n","protected":false},"excerpt":{"rendered":"<p>\u00bfY en este M\u00e9xico de gritos y silencios, c\u00f3mo hablamos la verdad? D\u00eda 7, Conversatorio \u201cMiradas, escuchas, palabras: \u00bfprohibido pensar?\u201d Ma\u00f1ana y tarde del s\u00e1bado 21 de abril, s\u00e9ptima jornada &hellip; <a href=\"https:\/\/www.grieta.org.mx\/index.php\/2018\/04\/22\/y-como-hablamos-la-verdad-dia-7-conversatorio-miradas-escuchas-palabras-prohibido-pensar\/\" class=\"more-link\">Leer m\u00e1s<\/a><\/p>\n","protected":false},"author":2,"featured_media":22711,"comment_status":"closed","ping_status":"closed","sticky":false,"template":"","format":"standard","meta":{"ngg_post_thumbnail":0,"_jetpack_newsletter_access":"","_jetpack_dont_email_post_to_subs":false,"_jetpack_newsletter_tier_id":0,"_jetpack_memberships_contains_paywalled_content":false,"_jetpack_memberships_contains_paid_content":false,"footnotes":""},"categories":[80,1157,907],"tags":[1164,1158,466],"class_list":["post-22675","post","type-post","status-publish","format-standard","has-post-thumbnail","hentry","category-cintillo","category-conversatorio-miradas-escuchas-palabras-prohibido-pensar","category-ezln-2","tag-cideci","tag-conversatorio","tag-ezln","entry"],"jetpack_featured_media_url":"https:\/\/www.grieta.org.mx\/wp-content\/uploads\/2018\/04\/IMG_0484-700x466.jpg","jetpack_sharing_enabled":true,"jetpack_shortlink":"https:\/\/wp.me\/p7ZJR4-5TJ","jetpack_likes_enabled":false,"jetpack-related-posts":[{"id":22541,"url":"https:\/\/www.grieta.org.mx\/index.php\/2018\/04\/16\/sigan-bailando-porque-la-lucha-sigue-arranca-el-conversatorio-miradas-escuchas-palabras-prohibido-pensar-con-concierto-musiquero\/","url_meta":{"origin":22675,"position":0},"title":"Sigan bailando porque la lucha sigue \u2013 Arranca el Conversatorio \u201cMiradas, escuchas, palabras: \u00bfprohibido pensar?\u201d con concierto musiquero","author":"grieta","date":"16 abril, 2018","format":false,"excerpt":"Ayer 15 de abril inici\u00f3 el Conversatorio \u201cMiradas, escuchas, palabras: \u00bfprohibido pensar?\u201d con un festivo y combativo \u201cconcierto musiquero\u201d en el Cideci\/Universidad de la Tierra Chiapas. Los Originales de San Andr\u00e9s abrieron el concierto a las 4:30 de la tarde, animando el baile\u2026 \u201cpreparando el zapato, la zapatilla y la\u2026","rel":"","context":"En &quot;CINTILLO&quot;","block_context":{"text":"CINTILLO","link":"https:\/\/www.grieta.org.mx\/index.php\/category\/cintillo\/"},"img":{"alt_text":"","src":"https:\/\/i0.wp.com\/www.grieta.org.mx\/wp-content\/uploads\/2018\/04\/musiquero_rz_24-1024x521.jpg?resize=350%2C200&ssl=1","width":350,"height":200,"srcset":"https:\/\/i0.wp.com\/www.grieta.org.mx\/wp-content\/uploads\/2018\/04\/musiquero_rz_24-1024x521.jpg?resize=350%2C200&ssl=1 1x, https:\/\/i0.wp.com\/www.grieta.org.mx\/wp-content\/uploads\/2018\/04\/musiquero_rz_24-1024x521.jpg?resize=525%2C300&ssl=1 1.5x, https:\/\/i0.wp.com\/www.grieta.org.mx\/wp-content\/uploads\/2018\/04\/musiquero_rz_24-1024x521.jpg?resize=700%2C400&ssl=1 2x"},"classes":[]},{"id":22719,"url":"https:\/\/www.grieta.org.mx\/index.php\/2018\/04\/21\/juntxs-ante-el-colapso-dia-6-conversatorio-miradas-escuchas-palabras-prohibido-pensar\/","url_meta":{"origin":22675,"position":1},"title":"\u00bfJuntxs ante el colapso? \u2013 D\u00eda 6, Conversatorio \u201cMiradas, escuchas, palabras: \u00bfprohibido pensar?\u201d","author":"grieta","date":"21 abril, 2018","format":false,"excerpt":"Si alguien a\u00fan cre\u00eda que la tormenta era apenas una met\u00e1fora, una muy filosa y oscura pero soportable, esta tarde los compas Zapatistas la volvieron expl\u00edcita al traer al Conversatorio la valoraci\u00f3n de Carlos Taibo en su libro \u201cColapso. Capitalismo terminal, transici\u00f3n ecosocial, ecofascismo\u201d. Si ya estamos en camino a\u2026","rel":"","context":"En &quot;CINTILLO&quot;","block_context":{"text":"CINTILLO","link":"https:\/\/www.grieta.org.mx\/index.php\/category\/cintillo\/"},"img":{"alt_text":"","src":"https:\/\/i0.wp.com\/www.grieta.org.mx\/wp-content\/uploads\/2018\/04\/IMG_0209-700x466.jpg?resize=350%2C200&ssl=1","width":350,"height":200,"srcset":"https:\/\/i0.wp.com\/www.grieta.org.mx\/wp-content\/uploads\/2018\/04\/IMG_0209-700x466.jpg?resize=350%2C200&ssl=1 1x, https:\/\/i0.wp.com\/www.grieta.org.mx\/wp-content\/uploads\/2018\/04\/IMG_0209-700x466.jpg?resize=525%2C300&ssl=1 1.5x, https:\/\/i0.wp.com\/www.grieta.org.mx\/wp-content\/uploads\/2018\/04\/IMG_0209-700x466.jpg?resize=700%2C400&ssl=1 2x"},"classes":[]},{"id":22571,"url":"https:\/\/www.grieta.org.mx\/index.php\/2018\/04\/15\/inicia-conversatorio-del-ezln-en-san-cristobal-de-las-casas\/","url_meta":{"origin":22675,"position":2},"title":"Inicia Conversatorio del EZLN en San Crist\u00f3bal de las Casas","author":"grieta","date":"15 abril, 2018","format":false,"excerpt":"Zapatistas interpretaron temas de protesta, uno de ellos dedicado a Marichuy. Participar\u00e1n diferentes personalidades del mundo pol\u00edtico, acad\u00e9mico, art\u00edstico y cultural Inici\u00f3 esta tarde en San Crist\u00f3bal de las Casas el Conversatorio Miradas, escuchas, palabras: \u00bfprohibido pensar?, organizado por el Ej\u00e9rcito Zapatista de Liberaci\u00f3n Nacional (EZLN), donde por diez d\u00edas\u2026","rel":"","context":"En &quot;CINTILLO&quot;","block_context":{"text":"CINTILLO","link":"https:\/\/www.grieta.org.mx\/index.php\/category\/cintillo\/"},"img":{"alt_text":"","src":"https:\/\/i0.wp.com\/www.grieta.org.mx\/wp-content\/uploads\/2018\/04\/5to_congreso_nacional_indigena_oventik-17_39224398.jpg?resize=350%2C200&ssl=1","width":350,"height":200,"srcset":"https:\/\/i0.wp.com\/www.grieta.org.mx\/wp-content\/uploads\/2018\/04\/5to_congreso_nacional_indigena_oventik-17_39224398.jpg?resize=350%2C200&ssl=1 1x, https:\/\/i0.wp.com\/www.grieta.org.mx\/wp-content\/uploads\/2018\/04\/5to_congreso_nacional_indigena_oventik-17_39224398.jpg?resize=525%2C300&ssl=1 1.5x"},"classes":[]},{"id":22642,"url":"https:\/\/www.grieta.org.mx\/index.php\/2018\/04\/23\/escucharnos-para-sentirnos-dia-8-conversatorio-miradas-escuchas-palabras-prohibido-pensar\/","url_meta":{"origin":22675,"position":3},"title":"\u00bfEscucharnos para sentirnos? \u2013 D\u00eda 8, Conversatorio \u201cMiradas, escuchas, palabras: \u00bfprohibido pensar?\u201d","author":"grieta","date":"23 abril, 2018","format":false,"excerpt":"En el octavo d\u00eda de conversatorio en el CIDECI predomin\u00f3 la escucha, su arte, su fuerza, su urgente necesidad. Una escucha que tambi\u00e9n llega mirando, o en silencio, o so\u00f1ando incluso. La ma\u00f1ana comenz\u00f3 con la presentaci\u00f3n del documental Ayotzinapa, el paso de la tortuga, dirigido por Enrique Garc\u00eda Meza\u2026","rel":"","context":"En &quot;CINTILLO&quot;","block_context":{"text":"CINTILLO","link":"https:\/\/www.grieta.org.mx\/index.php\/category\/cintillo\/"},"img":{"alt_text":"","src":"https:\/\/i0.wp.com\/www.grieta.org.mx\/wp-content\/uploads\/2018\/04\/IMG_0728-700x466-1.jpg?resize=350%2C200&ssl=1","width":350,"height":200,"srcset":"https:\/\/i0.wp.com\/www.grieta.org.mx\/wp-content\/uploads\/2018\/04\/IMG_0728-700x466-1.jpg?resize=350%2C200&ssl=1 1x, https:\/\/i0.wp.com\/www.grieta.org.mx\/wp-content\/uploads\/2018\/04\/IMG_0728-700x466-1.jpg?resize=525%2C300&ssl=1 1.5x, https:\/\/i0.wp.com\/www.grieta.org.mx\/wp-content\/uploads\/2018\/04\/IMG_0728-700x466-1.jpg?resize=700%2C400&ssl=1 2x"},"classes":[]},{"id":22612,"url":"https:\/\/www.grieta.org.mx\/index.php\/2018\/04\/24\/heredar-el-deber-y-la-memoria-dia-9-conversatorio-miradas-escuchas-palabras-prohibido-pensar\/","url_meta":{"origin":22675,"position":4},"title":"\u00bfHeredar el deber y la memoria? \u2013 D\u00eda 9, Conversatorio \u201cMiradas, escuchas, palabras: \u00bfprohibido pensar?\u201d","author":"grieta","date":"24 abril, 2018","format":false,"excerpt":"Dando continuidad a lo que sucedi\u00f3 el s\u00e1bado, cuando don Pablo Gonz\u00e1lez Casanova fue nombrado Comandante y pas\u00f3 a integrar el Comit\u00e9 Clandestino Revolucionario Ind\u00edgena, el EZLN anunci\u00f3 ayer, en voz del Subcomandante Galeano, la formaci\u00f3n de un nuevo ej\u00e9rcito insurgente. Un ej\u00e9rcito \u201ccon el cabello cano, o sin cabello,\u2026","rel":"","context":"En &quot;CINTILLO&quot;","block_context":{"text":"CINTILLO","link":"https:\/\/www.grieta.org.mx\/index.php\/category\/cintillo\/"},"img":{"alt_text":"","src":"https:\/\/i0.wp.com\/www.grieta.org.mx\/wp-content\/uploads\/2018\/04\/CONV09_RZ_06-700x466.jpg?resize=350%2C200&ssl=1","width":350,"height":200,"srcset":"https:\/\/i0.wp.com\/www.grieta.org.mx\/wp-content\/uploads\/2018\/04\/CONV09_RZ_06-700x466.jpg?resize=350%2C200&ssl=1 1x, https:\/\/i0.wp.com\/www.grieta.org.mx\/wp-content\/uploads\/2018\/04\/CONV09_RZ_06-700x466.jpg?resize=525%2C300&ssl=1 1.5x, https:\/\/i0.wp.com\/www.grieta.org.mx\/wp-content\/uploads\/2018\/04\/CONV09_RZ_06-700x466.jpg?resize=700%2C400&ssl=1 2x"},"classes":[]},{"id":22728,"url":"https:\/\/www.grieta.org.mx\/index.php\/2018\/04\/20\/y-entonces-quienes-dia-5-conversatorio-miradas-escuchas-palabras-prohibido-pensar\/","url_meta":{"origin":22675,"position":5},"title":"\u00bfY entonces, qui\u00e9nes? \u2013 D\u00eda 5, Conversatorio \u201cMiradas, escuchas, palabras: \u00bfprohibido pensar?\u201d","author":"grieta","date":"20 abril, 2018","format":false,"excerpt":"En su segundo turno a la palabra, la joven concejal tsotsil Lupita V\u00e1zquez inici\u00f3 el recuento de su experiencia de los \u00faltimos meses con una aparente contradicci\u00f3n que suena a ejemplo de las avenidas hacia la libertad evocadas por Paul Theroux al conocer hace unos d\u00edas el caracol de Oventik:\u2026","rel":"","context":"En &quot;CINTILLO&quot;","block_context":{"text":"CINTILLO","link":"https:\/\/www.grieta.org.mx\/index.php\/category\/cintillo\/"},"img":{"alt_text":"","src":"https:\/\/i0.wp.com\/www.grieta.org.mx\/wp-content\/uploads\/2018\/04\/IMG_0088-700x466-1.jpg?resize=350%2C200&ssl=1","width":350,"height":200,"srcset":"https:\/\/i0.wp.com\/www.grieta.org.mx\/wp-content\/uploads\/2018\/04\/IMG_0088-700x466-1.jpg?resize=350%2C200&ssl=1 1x, https:\/\/i0.wp.com\/www.grieta.org.mx\/wp-content\/uploads\/2018\/04\/IMG_0088-700x466-1.jpg?resize=525%2C300&ssl=1 1.5x, https:\/\/i0.wp.com\/www.grieta.org.mx\/wp-content\/uploads\/2018\/04\/IMG_0088-700x466-1.jpg?resize=700%2C400&ssl=1 2x"},"classes":[]}],"_links":{"self":[{"href":"https:\/\/www.grieta.org.mx\/index.php\/wp-json\/wp\/v2\/posts\/22675","targetHints":{"allow":["GET"]}}],"collection":[{"href":"https:\/\/www.grieta.org.mx\/index.php\/wp-json\/wp\/v2\/posts"}],"about":[{"href":"https:\/\/www.grieta.org.mx\/index.php\/wp-json\/wp\/v2\/types\/post"}],"author":[{"embeddable":true,"href":"https:\/\/www.grieta.org.mx\/index.php\/wp-json\/wp\/v2\/users\/2"}],"replies":[{"embeddable":true,"href":"https:\/\/www.grieta.org.mx\/index.php\/wp-json\/wp\/v2\/comments?post=22675"}],"version-history":[{"count":1,"href":"https:\/\/www.grieta.org.mx\/index.php\/wp-json\/wp\/v2\/posts\/22675\/revisions"}],"predecessor-version":[{"id":22718,"href":"https:\/\/www.grieta.org.mx\/index.php\/wp-json\/wp\/v2\/posts\/22675\/revisions\/22718"}],"wp:featuredmedia":[{"embeddable":true,"href":"https:\/\/www.grieta.org.mx\/index.php\/wp-json\/wp\/v2\/media\/22711"}],"wp:attachment":[{"href":"https:\/\/www.grieta.org.mx\/index.php\/wp-json\/wp\/v2\/media?parent=22675"}],"wp:term":[{"taxonomy":"category","embeddable":true,"href":"https:\/\/www.grieta.org.mx\/index.php\/wp-json\/wp\/v2\/categories?post=22675"},{"taxonomy":"post_tag","embeddable":true,"href":"https:\/\/www.grieta.org.mx\/index.php\/wp-json\/wp\/v2\/tags?post=22675"}],"curies":[{"name":"wp","href":"https:\/\/api.w.org\/{rel}","templated":true}]}}