{"id":22595,"date":"2018-04-20T01:34:17","date_gmt":"2018-04-20T06:34:17","guid":{"rendered":"http:\/\/www.grieta.org.mx\/?p=22595"},"modified":"2018-04-21T01:38:51","modified_gmt":"2018-04-21T06:38:51","slug":"normalistas-realizan-pintas-en-cuartel-militar-en-chilpancingo-guerrero","status":"publish","type":"post","link":"https:\/\/www.grieta.org.mx\/index.php\/2018\/04\/20\/normalistas-realizan-pintas-en-cuartel-militar-en-chilpancingo-guerrero\/","title":{"rendered":"Normalistas realizan pintas en cuartel militar en Chilpancingo, Guerrero"},"content":{"rendered":"<p><img decoding=\"async\" data-attachment-id=\"22593\" data-permalink=\"https:\/\/www.grieta.org.mx\/?attachment_id=22593\" data-orig-file=\"https:\/\/www.grieta.org.mx\/wp-content\/uploads\/2018\/04\/protesta-de-normalistas.jpg\" data-orig-size=\"1114,642\" data-comments-opened=\"0\" data-image-meta=\"{&quot;aperture&quot;:&quot;0&quot;,&quot;credit&quot;:&quot;&quot;,&quot;camera&quot;:&quot;&quot;,&quot;caption&quot;:&quot;&quot;,&quot;created_timestamp&quot;:&quot;0&quot;,&quot;copyright&quot;:&quot;&quot;,&quot;focal_length&quot;:&quot;0&quot;,&quot;iso&quot;:&quot;0&quot;,&quot;shutter_speed&quot;:&quot;0&quot;,&quot;title&quot;:&quot;&quot;,&quot;orientation&quot;:&quot;0&quot;}\" data-image-title=\"protesta-de-normalistas\" data-image-description=\"\" data-image-caption=\"\" data-medium-file=\"https:\/\/www.grieta.org.mx\/wp-content\/uploads\/2018\/04\/protesta-de-normalistas-300x173.jpg\" data-large-file=\"https:\/\/www.grieta.org.mx\/wp-content\/uploads\/2018\/04\/protesta-de-normalistas-1024x590.jpg\" src=\"http:\/\/www.grieta.org.mx\/wp-content\/uploads\/2018\/04\/protesta-de-normalistas.jpg\" alt=\"\" width=\"100%\" class=\"aligncenter size-full wp-image-22593\" srcset=\"https:\/\/www.grieta.org.mx\/wp-content\/uploads\/2018\/04\/protesta-de-normalistas.jpg 1114w, https:\/\/www.grieta.org.mx\/wp-content\/uploads\/2018\/04\/protesta-de-normalistas-300x173.jpg 300w, https:\/\/www.grieta.org.mx\/wp-content\/uploads\/2018\/04\/protesta-de-normalistas-768x443.jpg 768w, https:\/\/www.grieta.org.mx\/wp-content\/uploads\/2018\/04\/protesta-de-normalistas-1024x590.jpg 1024w, https:\/\/www.grieta.org.mx\/wp-content\/uploads\/2018\/04\/protesta-de-normalistas-868x500.jpg 868w\" sizes=\"(max-width: 1114px) 100vw, 1114px\" \/><\/p>\n<p>La ma\u00f1ana de este viernes, normalistas de Ayotzinapa realizaron pintas en las instalaciones de la 35 zona militar con sede en Chilpancingo, Guerrero.<\/p>\n<p>La protesta se realiz\u00f3 cuando 100 personas, entre estudiantes de la normal de Ayotzinapa y padres de familia de los 43 normalistas desaparecidos en Iguala, arribaron a la sede militar, ubicada a un costado de la Autopista del Sol, en la colonia Progreso.<\/p>\n<p>Mientras los padres lanzaban consignas, j\u00f3venes cubiertos del rostro pintaban con aerosol la fachada de las instalaciones militares, con pintas alusivas a su exigencia de aparici\u00f3n con vida de sus 43 compa\u00f1eros.<\/p>\n<p>Posteriormente, se retiraron del lugar.<\/p>\n<p>Antes de protestar en las instalaciones militares, los manifestantes realizaron un volanteo, sin bloquear la circulaci\u00f3n, en la Autopista del Sol, a la salida de Chilpancingo rumbo a Acapulco, en el punto conocido como El Parador del Marqu\u00e9s.<\/p>\n<p>El pasado 12 de marzo, elementos de la Divisi\u00f3n de Investigaci\u00f3n de la Polic\u00eda Federal (PF) detuvieron a Erick Uriel Sandoval Rodr\u00edguez, alias \u2018La Rana\u2019, integrante del grupo criminal \u2018Guerreros Unidos\u2019 y relacionado con la desaparici\u00f3n de 43 estudiantes de Ayotzinapa, ocurrido en septiembre del a\u00f1o 2014.<\/p>\n<p>El fiscal para el caso Iguala inform\u00f3 que la captura de este presunto delincuente se realiz\u00f3 en las inmediaciones del municipio de Cocula, Guerrero.<\/p>\n<p>Afirm\u00f3 que por esta persona exist\u00eda una recompensa de un mill\u00f3n 500 mil pesos.<\/p>\n<p>El detenido fue puesto a disposici\u00f3n del juez de Control.<\/p>\n<p> <a href=\"https:\/\/noticieros.televisa.com\/ultimas-noticias\/normalistas-realizan-pintas-cuartel-militar-chilpancingo-guerrero\/\" rel=\"noopener\" target=\"_blank\">https:\/\/noticieros.televisa.com\/ultimas-noticias\/normalistas-realizan-pintas-cuartel-militar-chilpancingo-guerrero\/<\/a><\/p>\n","protected":false},"excerpt":{"rendered":"<p>La ma\u00f1ana de este viernes, normalistas de Ayotzinapa realizaron pintas en las instalaciones de la 35 zona militar con sede en Chilpancingo, Guerrero. La protesta se realiz\u00f3 cuando 100 personas, &hellip; <a href=\"https:\/\/www.grieta.org.mx\/index.php\/2018\/04\/20\/normalistas-realizan-pintas-en-cuartel-militar-en-chilpancingo-guerrero\/\" class=\"more-link\">Leer m\u00e1s<\/a><\/p>\n","protected":false},"author":2,"featured_media":22593,"comment_status":"closed","ping_status":"closed","sticky":false,"template":"","format":"standard","meta":{"ngg_post_thumbnail":0,"_jetpack_newsletter_access":"","_jetpack_dont_email_post_to_subs":false,"_jetpack_newsletter_tier_id":0,"_jetpack_memberships_contains_paywalled_content":false,"_jetpack_memberships_contains_paid_content":false,"footnotes":""},"categories":[80,320,18,1162,2],"tags":[119,121,1074],"class_list":{"0":"post-22595","1":"post","2":"type-post","3":"status-publish","4":"format-standard","5":"has-post-thumbnail","6":"hentry","7":"category-cintillo","8":"category-guerrero","10":"category-movilizaciones-por-ayotzinapan","11":"category-noticias-nacionales","12":"tag-ayotzinapa","13":"tag-desaparecidos","14":"tag-protestas-contra-la-desaparicion-de-personas","15":"entry"},"jetpack_featured_media_url":"https:\/\/www.grieta.org.mx\/wp-content\/uploads\/2018\/04\/protesta-de-normalistas.jpg","jetpack_sharing_enabled":true,"jetpack_shortlink":"https:\/\/wp.me\/p7ZJR4-5Sr","jetpack_likes_enabled":false,"jetpack-related-posts":[{"id":24058,"url":"https:\/\/www.grieta.org.mx\/index.php\/2018\/01\/19\/normalistas-y-padres-de-los-43-protestan-frente-a-fiscalia-de-guerrero\/","url_meta":{"origin":22595,"position":0},"title":"Normalistas y padres de los 43 protestan frente a Fiscal\u00eda de Guerrero","author":"grieta","date":"19 enero, 2018","format":false,"excerpt":"Por Rosario Garc\u00eda CHILPANCINGO.- A casi 40 meses de la desaparici\u00f3n de los 43 normalistas de Ayotzinapa, estudiantes de esa instituci\u00f3n y padres protestaron en la Fiscal\u00eda general del Estado para exigir resultados claros y contundentes de las investigaciones. En la entrada principal de la dependencia fueron colocados costales de\u2026","rel":"","context":"En &quot;CINTILLO&quot;","block_context":{"text":"CINTILLO","link":"https:\/\/www.grieta.org.mx\/index.php\/category\/cintillo\/"},"img":{"alt_text":"","src":"https:\/\/i0.wp.com\/www.grieta.org.mx\/wp-content\/uploads\/2018\/03\/14524434_1106112876131411_958039263622046936_o.jpg?resize=350%2C200&ssl=1","width":350,"height":200,"srcset":"https:\/\/i0.wp.com\/www.grieta.org.mx\/wp-content\/uploads\/2018\/03\/14524434_1106112876131411_958039263622046936_o.jpg?resize=350%2C200&ssl=1 1x, https:\/\/i0.wp.com\/www.grieta.org.mx\/wp-content\/uploads\/2018\/03\/14524434_1106112876131411_958039263622046936_o.jpg?resize=525%2C300&ssl=1 1.5x, https:\/\/i0.wp.com\/www.grieta.org.mx\/wp-content\/uploads\/2018\/03\/14524434_1106112876131411_958039263622046936_o.jpg?resize=700%2C400&ssl=1 2x"},"classes":[]},{"id":18184,"url":"https:\/\/www.grieta.org.mx\/index.php\/2015\/07\/15\/padres-de-ayotzinapa-intentan-ingresar-al-cuartel-militar-de-iguala-y-los-repelen-con-gases\/","url_meta":{"origin":22595,"position":1},"title":"Padres de Ayotzinapa intentan ingresar al cuartel militar de Iguala y los repelen con gases","author":"grieta","date":"15 julio, 2015","format":false,"excerpt":"El Sur Alejandro Guerrero Padres de los 43 normalistas de Ayotzinapa detenidos-desaparecidos intentaron ingresar a las instalaciones del 27 Batall\u00f3n de Infanter\u00eda, en Iguala, pero fueron repelidos por soldados del Ej\u00e9rcito con equipo antimotines que utilizaron gas lacrim\u00f3geno para dispersarlos. En las instalaciones del cuartel militar, los padres de familia\u2026","rel":"","context":"En &quot;CINTILLO&quot;","block_context":{"text":"CINTILLO","link":"https:\/\/www.grieta.org.mx\/index.php\/category\/cintillo\/"},"img":{"alt_text":"","src":"https:\/\/i0.wp.com\/www.grieta.org.mx\/wp-content\/uploads\/2018\/03\/14524434_1106112876131411_958039263622046936_o.jpg?resize=350%2C200&ssl=1","width":350,"height":200,"srcset":"https:\/\/i0.wp.com\/www.grieta.org.mx\/wp-content\/uploads\/2018\/03\/14524434_1106112876131411_958039263622046936_o.jpg?resize=350%2C200&ssl=1 1x, https:\/\/i0.wp.com\/www.grieta.org.mx\/wp-content\/uploads\/2018\/03\/14524434_1106112876131411_958039263622046936_o.jpg?resize=525%2C300&ssl=1 1.5x, https:\/\/i0.wp.com\/www.grieta.org.mx\/wp-content\/uploads\/2018\/03\/14524434_1106112876131411_958039263622046936_o.jpg?resize=700%2C400&ssl=1 2x"},"classes":[]},{"id":4119,"url":"https:\/\/www.grieta.org.mx\/index.php\/2015\/03\/27\/marchas-en-favor-de-los-43-normalistas-desaparecidos-en-al-menos-10-estados\/","url_meta":{"origin":22595,"position":2},"title":"Marchas en favor de los 43 normalistas desaparecidos en al menos 10 estados","author":"grieta","date":"27 marzo, 2015","format":false,"excerpt":"H. Brise\u00f1o, J. C. Flores, E. Henr\u00edquez, D. Manzo, E. Mart\u00ednez, J. R. Montoya, S. Ocampo, J. C. G. Partida, J. A. P\u00e9rez, A, Valadez y P. V\u00e1zquez, corresponsales Integrantes de las coordinadoras Nacional de Trabajadores de la Educaci\u00f3n (CNTE) y Estatal de Trabajadores de la Educaci\u00f3n en Guerrero (Ceteg),\u2026","rel":"","context":"En &quot;CINTILLO&quot;","block_context":{"text":"CINTILLO","link":"https:\/\/www.grieta.org.mx\/index.php\/category\/cintillo\/"},"img":{"alt_text":"","src":"https:\/\/i0.wp.com\/www.grieta.org.mx\/wp-content\/uploads\/2018\/03\/14524434_1106112876131411_958039263622046936_o.jpg?resize=350%2C200&ssl=1","width":350,"height":200,"srcset":"https:\/\/i0.wp.com\/www.grieta.org.mx\/wp-content\/uploads\/2018\/03\/14524434_1106112876131411_958039263622046936_o.jpg?resize=350%2C200&ssl=1 1x, https:\/\/i0.wp.com\/www.grieta.org.mx\/wp-content\/uploads\/2018\/03\/14524434_1106112876131411_958039263622046936_o.jpg?resize=525%2C300&ssl=1 1.5x, https:\/\/i0.wp.com\/www.grieta.org.mx\/wp-content\/uploads\/2018\/03\/14524434_1106112876131411_958039263622046936_o.jpg?resize=700%2C400&ssl=1 2x"},"classes":[]},{"id":69814,"url":"https:\/\/www.grieta.org.mx\/index.php\/2024\/09\/18\/a-10-anos-de-la-desaparicion-madres-y-padres-de-normalistas-de-ayotzinapa-inician-jornada-de-lucha\/","url_meta":{"origin":22595,"position":3},"title":"A 10 a\u00f1os de la desaparici\u00f3n, madres y padres de normalistas de Ayotzinapa inician jornada de lucha","author":"Admin","date":"18 septiembre, 2024","format":false,"excerpt":"Por: Luis Daniel Nava \/ Proceso CHILPANCINGO, Gro. (apro).- A ocho d\u00edas de cumplirse 10 a\u00f1os de la desaparici\u00f3n de sus hijos, las madres y padres de los 43 estudiantes de Ayotzinapa encabezaron una marcha con la iniciaron la jornada de lucha \u201cSin tregua, ni cuartel\u201d por la presentaci\u00f3n, justicia\u2026","rel":"","context":"En &quot;Caso Ayotzinapa&quot;","block_context":{"text":"Caso Ayotzinapa","link":"https:\/\/www.grieta.org.mx\/index.php\/category\/noticias-nacionales\/guerrero\/caso-ayotzinapa\/"},"img":{"alt_text":"","src":"https:\/\/i0.wp.com\/www.grieta.org.mx\/wp-content\/uploads\/2024\/09\/Captura-de-Pantalla-2024-09-24-a-las-10.06.57.jpg?resize=350%2C200&ssl=1","width":350,"height":200,"srcset":"https:\/\/i0.wp.com\/www.grieta.org.mx\/wp-content\/uploads\/2024\/09\/Captura-de-Pantalla-2024-09-24-a-las-10.06.57.jpg?resize=350%2C200&ssl=1 1x, https:\/\/i0.wp.com\/www.grieta.org.mx\/wp-content\/uploads\/2024\/09\/Captura-de-Pantalla-2024-09-24-a-las-10.06.57.jpg?resize=525%2C300&ssl=1 1.5x, https:\/\/i0.wp.com\/www.grieta.org.mx\/wp-content\/uploads\/2024\/09\/Captura-de-Pantalla-2024-09-24-a-las-10.06.57.jpg?resize=700%2C400&ssl=1 2x, https:\/\/i0.wp.com\/www.grieta.org.mx\/wp-content\/uploads\/2024\/09\/Captura-de-Pantalla-2024-09-24-a-las-10.06.57.jpg?resize=1050%2C600&ssl=1 3x, https:\/\/i0.wp.com\/www.grieta.org.mx\/wp-content\/uploads\/2024\/09\/Captura-de-Pantalla-2024-09-24-a-las-10.06.57.jpg?resize=1400%2C800&ssl=1 4x"},"classes":[]},{"id":39265,"url":"https:\/\/www.grieta.org.mx\/index.php\/2019\/09\/15\/con-antigrito-reprochan-padres-liberacion-de-24-por-caso-ayotzinapa-guerrero\/","url_meta":{"origin":22595,"position":4},"title":"Con antigrito reprochan padres liberaci\u00f3n de 24 por caso Ayotzinapa (Guerrero)","author":"Admin","date":"15 septiembre, 2019","format":false,"excerpt":"Francisca Meza Carranza\/Quadrat\u00edn CHILPANCINGO, Gro., 15 de septiembre de 2019.- Padres de los 43 normalistas de Ayotzinapa y estudiantes de la Normal Rural Ra\u00fal Isidro Burgos llevaron a cabo un antigrito en la Alameda Granados Maldonado, en donde reprobaron la liberaci\u00f3n de 24 implicados m\u00e1s en el caso, pues consideran\u2026","rel":"","context":"En &quot;Caso Ayotzinapa&quot;","block_context":{"text":"Caso Ayotzinapa","link":"https:\/\/www.grieta.org.mx\/index.php\/category\/noticias-nacionales\/guerrero\/caso-ayotzinapa\/"},"img":{"alt_text":"","src":"https:\/\/i0.wp.com\/www.grieta.org.mx\/wp-content\/uploads\/2019\/09\/ayotzinapa1-1160x700.jpg?resize=350%2C200&ssl=1","width":350,"height":200,"srcset":"https:\/\/i0.wp.com\/www.grieta.org.mx\/wp-content\/uploads\/2019\/09\/ayotzinapa1-1160x700.jpg?resize=350%2C200&ssl=1 1x, https:\/\/i0.wp.com\/www.grieta.org.mx\/wp-content\/uploads\/2019\/09\/ayotzinapa1-1160x700.jpg?resize=525%2C300&ssl=1 1.5x, https:\/\/i0.wp.com\/www.grieta.org.mx\/wp-content\/uploads\/2019\/09\/ayotzinapa1-1160x700.jpg?resize=700%2C400&ssl=1 2x, https:\/\/i0.wp.com\/www.grieta.org.mx\/wp-content\/uploads\/2019\/09\/ayotzinapa1-1160x700.jpg?resize=1050%2C600&ssl=1 3x"},"classes":[]},{"id":39316,"url":"https:\/\/www.grieta.org.mx\/index.php\/2019\/07\/21\/advierten-estudiantes-de-ayotzinapa-que-lucharan-contra-intentos-de-cerrar-esa-escuela-guerrero\/","url_meta":{"origin":22595,"position":5},"title":"Advierten estudiantes de Ayotzinapa que luchar\u00e1n contra intentos de cerrar esa escuela (Guerrero)","author":"Admin","date":"21 julio, 2019","format":false,"excerpt":"Redacci\u00f3n \/ Digital Guerrero Los integrantes del Comit\u00e9 \u201cRicardo Flores Mag\u00f3n\u201d destacaron que la consigna que tienen los alumnos es impedir el cierre de Ayotzinapa, \u201ca pesar de la intenci\u00f3n de algunos\u201d. A trav\u00e9s de un comunicado p\u00fablico, los estudiantes recordaron que lo que se ha logrado en la Normal\u2026","rel":"","context":"En &quot;Caso Ayotzinapa&quot;","block_context":{"text":"Caso Ayotzinapa","link":"https:\/\/www.grieta.org.mx\/index.php\/category\/noticias-nacionales\/guerrero\/caso-ayotzinapa\/"},"img":{"alt_text":"","src":"https:\/\/i0.wp.com\/www.grieta.org.mx\/wp-content\/uploads\/2019\/09\/https-_www.digitalguerrero.com_.mx_wp-content_uploads_2019_07_ayotzi.jpg?resize=350%2C200&ssl=1","width":350,"height":200,"srcset":"https:\/\/i0.wp.com\/www.grieta.org.mx\/wp-content\/uploads\/2019\/09\/https-_www.digitalguerrero.com_.mx_wp-content_uploads_2019_07_ayotzi.jpg?resize=350%2C200&ssl=1 1x, https:\/\/i0.wp.com\/www.grieta.org.mx\/wp-content\/uploads\/2019\/09\/https-_www.digitalguerrero.com_.mx_wp-content_uploads_2019_07_ayotzi.jpg?resize=525%2C300&ssl=1 1.5x, https:\/\/i0.wp.com\/www.grieta.org.mx\/wp-content\/uploads\/2019\/09\/https-_www.digitalguerrero.com_.mx_wp-content_uploads_2019_07_ayotzi.jpg?resize=700%2C400&ssl=1 2x"},"classes":[]}],"_links":{"self":[{"href":"https:\/\/www.grieta.org.mx\/index.php\/wp-json\/wp\/v2\/posts\/22595","targetHints":{"allow":["GET"]}}],"collection":[{"href":"https:\/\/www.grieta.org.mx\/index.php\/wp-json\/wp\/v2\/posts"}],"about":[{"href":"https:\/\/www.grieta.org.mx\/index.php\/wp-json\/wp\/v2\/types\/post"}],"author":[{"embeddable":true,"href":"https:\/\/www.grieta.org.mx\/index.php\/wp-json\/wp\/v2\/users\/2"}],"replies":[{"embeddable":true,"href":"https:\/\/www.grieta.org.mx\/index.php\/wp-json\/wp\/v2\/comments?post=22595"}],"version-history":[{"count":1,"href":"https:\/\/www.grieta.org.mx\/index.php\/wp-json\/wp\/v2\/posts\/22595\/revisions"}],"predecessor-version":[{"id":22596,"href":"https:\/\/www.grieta.org.mx\/index.php\/wp-json\/wp\/v2\/posts\/22595\/revisions\/22596"}],"wp:featuredmedia":[{"embeddable":true,"href":"https:\/\/www.grieta.org.mx\/index.php\/wp-json\/wp\/v2\/media\/22593"}],"wp:attachment":[{"href":"https:\/\/www.grieta.org.mx\/index.php\/wp-json\/wp\/v2\/media?parent=22595"}],"wp:term":[{"taxonomy":"category","embeddable":true,"href":"https:\/\/www.grieta.org.mx\/index.php\/wp-json\/wp\/v2\/categories?post=22595"},{"taxonomy":"post_tag","embeddable":true,"href":"https:\/\/www.grieta.org.mx\/index.php\/wp-json\/wp\/v2\/tags?post=22595"}],"curies":[{"name":"wp","href":"https:\/\/api.w.org\/{rel}","templated":true}]}}