{"id":22447,"date":"2017-04-30T22:03:40","date_gmt":"2017-05-01T03:03:40","guid":{"rendered":"http:\/\/www.grieta.org.mx\/?p=22447"},"modified":"2018-04-05T22:07:22","modified_gmt":"2018-04-06T03:07:22","slug":"el-estado-mexicano-de-tamaulipas-declarado-zona-silenciada-por-la-violencia-contra-periodistas","status":"publish","type":"post","link":"https:\/\/www.grieta.org.mx\/index.php\/2017\/04\/30\/el-estado-mexicano-de-tamaulipas-declarado-zona-silenciada-por-la-violencia-contra-periodistas\/","title":{"rendered":"El estado mexicano de Tamaulipas, declarado zona silenciada por la violencia contra periodistas"},"content":{"rendered":"<p>Redacci\u00f3n\/Notim\u00e9rica<\/p>\n<p><img decoding=\"async\" data-attachment-id=\"22448\" data-permalink=\"https:\/\/www.grieta.org.mx\/index.php\/2017\/04\/30\/el-estado-mexicano-de-tamaulipas-declarado-zona-silenciada-por-la-violencia-contra-periodistas\/t2\/\" data-orig-file=\"https:\/\/www.grieta.org.mx\/wp-content\/uploads\/2018\/04\/t2.jpg\" data-orig-size=\"640,448\" data-comments-opened=\"0\" data-image-meta=\"{&quot;aperture&quot;:&quot;0&quot;,&quot;credit&quot;:&quot;&quot;,&quot;camera&quot;:&quot;&quot;,&quot;caption&quot;:&quot;&quot;,&quot;created_timestamp&quot;:&quot;0&quot;,&quot;copyright&quot;:&quot;&quot;,&quot;focal_length&quot;:&quot;0&quot;,&quot;iso&quot;:&quot;0&quot;,&quot;shutter_speed&quot;:&quot;0&quot;,&quot;title&quot;:&quot;&quot;,&quot;orientation&quot;:&quot;0&quot;}\" data-image-title=\"t2\" data-image-description=\"\" data-image-caption=\"\" data-medium-file=\"https:\/\/www.grieta.org.mx\/wp-content\/uploads\/2018\/04\/t2-300x210.jpg\" data-large-file=\"https:\/\/www.grieta.org.mx\/wp-content\/uploads\/2018\/04\/t2.jpg\" src=\"http:\/\/www.grieta.org.mx\/wp-content\/uploads\/2018\/04\/t2.jpg\" alt=\"\" width=\"100\"  class=\"aligncenter size-full wp-image-22448\" srcset=\"https:\/\/www.grieta.org.mx\/wp-content\/uploads\/2018\/04\/t2.jpg 640w, https:\/\/www.grieta.org.mx\/wp-content\/uploads\/2018\/04\/t2-300x210.jpg 300w\" sizes=\"(max-width: 640px) 100vw, 640px\" \/><\/p>\n<p>CIUDAD DE M\u00c9XICO, 30 Abr. (Notim\u00e9rica) &#8211;<\/p>\n<p>La Comisi\u00f3n Internacional de Derechos Humanos (CIDH) ha reiterado la mala situaci\u00f3n en la que se encuentran los periodistas en M\u00e9xico, silenciados de forma violenta. Aunque la situaci\u00f3n es alarmante a nivel nacional, la CIDH ha puesto el foco en el estado de Tamaulipas, considerada una zona silenciada.<\/p>\n<p>En su informe anual, en un cap\u00edtulo denominado &#8216;Zonas silenciadas: regiones de alta peligrosidad para ejercer la libertad de expresi\u00f3n&#8217;, la CIDH ha asegurado que &#8220;desde principios del a\u00f1o 2000, los c\u00e1rteles comenzaron a ejercer violencia contra medios de comunicaci\u00f3n y periodistas para silenciar la cobertura de sus actividades delictivas. Por esa raz\u00f3n, fue denominado en distintos informes de la sociedad civil como &#8216;la ra\u00edz del miedo&#8217; para la prensa&#8221;.<\/p>\n<p>Esta publicaci\u00f3n pone el foco en los diferentes grupos delictivos que han extorsionado a periodistas y medios de comunicaci\u00f3n en la zona, aunque tambi\u00e9n existe en el estado un \u00edndice elevado de homicidios, secuestros y amenazas en el grueso de la sociedad.<\/p>\n<p>Aunque la violencia contra este gremio es habitual y est\u00e1 demostrada, &#8220;la entidad a\u00fan no cuenta con agencias especializadas en materia de delitos cometidos en contra de la libertad de expresi\u00f3n&#8221;.<\/p>\n<p>El informe tambi\u00e9n a\u00f1ade que &#8220;a lo largo de la \u00faltima d\u00e9cada, Tamaulipas ha sido definida como una zona de silencio&#8217; por el efecto de autocensura que generan la violencia, y tambi\u00e9n por la pr\u00e1ctica de imponer informaci\u00f3n por parte de los c\u00e1rteles. En efecto, los jefes criminales llegaron incluso a incursionar en las redacciones para imponer sus criterios que el medio deb\u00eda seguir a la hora de informar sobre estos temas&#8221;.<\/p>\n<p>OTROS ESTADOS<br \/>\nTamaulipas no es la \u00fanica circunscripci\u00f3n mexicana que destaca por el alto grado de violencia contra sus periodistas y medios. La CIDH ha establecido que estados como Veracruz, Guerrero, Chihuahua y Oaxaca concentran la mayor cantidad de asesinatos a periodistas del pa\u00eds.<\/p>\n<p>Los datos del pa\u00eds demuestran que del a\u00f1o 2000 al 31 de enero de 2016, seis de cada diez homicidios a periodistas en M\u00e9xico han sucedido en alguno de estos cinco estados.<\/p>\n<p>La CIDH, por su parte, ha destacado en su informe el caso de Veracruz, que, seg\u00fan han incluido es la entidad &#8220;en los \u00faltimos a\u00f1os exhibe el mayor n\u00famero de asesinatos de periodistas&#8221;, donde han ocurrido un total de 14 asesinatos y 4 desapariciones de comunicadores entre 2010 y 2015.<\/p>\n<p><a href=\"http:\/\/www.notimerica.com\/sociedad\/noticia-estado-mexicano-tamaulipas-declarado-zona-silenciada-violencia-contra-periodistas-20170430163726.html\" rel=\"noopener\" target=\"_blank\">http:\/\/www.notimerica.com\/sociedad\/noticia-estado-mexicano-tamaulipas-declarado-zona-silenciada-violencia-contra-periodistas-20170430163726.html<\/a><\/p>\n","protected":false},"excerpt":{"rendered":"<p>Redacci\u00f3n\/Notim\u00e9rica CIUDAD DE M\u00c9XICO, 30 Abr. (Notim\u00e9rica) &#8211; La Comisi\u00f3n Internacional de Derechos Humanos (CIDH) ha reiterado la mala situaci\u00f3n en la que se encuentran los periodistas en M\u00e9xico, silenciados &hellip; <a href=\"https:\/\/www.grieta.org.mx\/index.php\/2017\/04\/30\/el-estado-mexicano-de-tamaulipas-declarado-zona-silenciada-por-la-violencia-contra-periodistas\/\" class=\"more-link\">Leer m\u00e1s<\/a><\/p>\n","protected":false},"author":2,"featured_media":22448,"comment_status":"closed","ping_status":"closed","sticky":false,"template":"","format":"standard","meta":{"ngg_post_thumbnail":0,"_jetpack_newsletter_access":"","_jetpack_dont_email_post_to_subs":false,"_jetpack_newsletter_tier_id":0,"_jetpack_memberships_contains_paywalled_content":false,"_jetpack_memberships_contains_paid_content":false,"footnotes":""},"categories":[80,33,88,1136],"tags":[120],"class_list":["post-22447","post","type-post","status-publish","format-standard","has-post-thumbnail","hentry","category-cintillo","category-tamaulipas","category-violencia-contra-periodistas","category-violencia-contra-periodistas-en-tamaulipas","tag-violencia-contra-periodistas","entry"],"jetpack_featured_media_url":"https:\/\/www.grieta.org.mx\/wp-content\/uploads\/2018\/04\/t2.jpg","jetpack_sharing_enabled":true,"jetpack_shortlink":"https:\/\/wp.me\/p7ZJR4-5Q3","jetpack_likes_enabled":false,"jetpack-related-posts":[{"id":22444,"url":"https:\/\/www.grieta.org.mx\/index.php\/2017\/04\/29\/tamaulipas-un-estado-silenciado-por-los-crimenes-contra-periodistas-cidh\/","url_meta":{"origin":22447,"position":0},"title":"Tamaulipas, un estado silenciado por los cr\u00edmenes contra periodistas: CIDH","author":"grieta","date":"29 abril, 2017","format":false,"excerpt":"Redacci\u00f3n\/Animal Pol\u00edtico La violencia contra periodistas en M\u00e9xico ha llegado a niveles alarmantes e incluso se ha intensificado en los \u00faltimos a\u00f1os, tiempo en el que destaca el caso de Tamaulipas, entidad considerada como una zona silenciada por la Comisi\u00f3n Interamericana de Derechos Humanos (CIDH). \u201cTamaulipas fue una de las\u2026","rel":"","context":"En &quot;CINTILLO&quot;","block_context":{"text":"CINTILLO","link":"https:\/\/www.grieta.org.mx\/index.php\/category\/cintillo\/"},"img":{"alt_text":"","src":"https:\/\/i0.wp.com\/www.grieta.org.mx\/wp-content\/uploads\/2018\/04\/t1-1.jpg?resize=350%2C200&ssl=1","width":350,"height":200,"srcset":"https:\/\/i0.wp.com\/www.grieta.org.mx\/wp-content\/uploads\/2018\/04\/t1-1.jpg?resize=350%2C200&ssl=1 1x, https:\/\/i0.wp.com\/www.grieta.org.mx\/wp-content\/uploads\/2018\/04\/t1-1.jpg?resize=525%2C300&ssl=1 1.5x, https:\/\/i0.wp.com\/www.grieta.org.mx\/wp-content\/uploads\/2018\/04\/t1-1.jpg?resize=700%2C400&ssl=1 2x"},"classes":[]},{"id":23605,"url":"https:\/\/www.grieta.org.mx\/index.php\/2018\/06\/02\/tamaulipas-que-es-la-zona-silenciada-de-mexico-y-por-que-la-onu-exige-la-atencion-del-gobierno\/","url_meta":{"origin":22447,"position":1},"title":"Tamaulipas: qu\u00e9 es la &#8220;zona silenciada&#8221; de M\u00e9xico y por qu\u00e9 la ONU exige la atenci\u00f3n del gobierno","author":"grieta","date":"2 junio, 2018","format":false,"excerpt":"Redacci\u00f3n\/BBC News Mundo Tras el ataque contra el diario El Ma\u00f1ana en 2006, comenz\u00f3 el silencio generalizado. La oficina de ese peri\u00f3dico de Tamaulipas, en el noreste de M\u00e9xico, recibi\u00f3 una r\u00e1faga de balas y explosivos en un nivel de violencia contra la prensa nunca visto antes. Seg\u00fan la Comisi\u00f3n\u2026","rel":"","context":"En &quot;CINTILLO&quot;","block_context":{"text":"CINTILLO","link":"https:\/\/www.grieta.org.mx\/index.php\/category\/cintillo\/"},"img":{"alt_text":"","src":"","width":0,"height":0},"classes":[]},{"id":23623,"url":"https:\/\/www.grieta.org.mx\/index.php\/2018\/06\/01\/periodistas-muertos-y-ciudadanos-desaparecidos-complicidad-federal-en-zona-de-silencio-mexicana\/","url_meta":{"origin":22447,"position":2},"title":"Periodistas muertos y ciudadanos desaparecidos: Complicidad federal en &#8220;zona de silencio&#8221; mexicana","author":"grieta","date":"1 junio, 2018","format":false,"excerpt":"Redacci\u00f3n\/RT El asesinato de periodistas y una ola de desapariciones posiblemente provocadas por fuerzas federales evidencian la crisis de violencia que padece el nordeste mexicano. Tamaulipas, uno de los estados m\u00e1s violentos de M\u00e9xico, ha sido declarado por organizaciones internacionales como una \"zona de silencio\" debido a la manera en\u2026","rel":"","context":"En &quot;CINTILLO&quot;","block_context":{"text":"CINTILLO","link":"https:\/\/www.grieta.org.mx\/index.php\/category\/cintillo\/"},"img":{"alt_text":"","src":"https:\/\/i0.wp.com\/www.grieta.org.mx\/wp-content\/uploads\/2018\/06\/5b11677ce9180f7e228b4567.jpg?resize=350%2C200&ssl=1","width":350,"height":200,"srcset":"https:\/\/i0.wp.com\/www.grieta.org.mx\/wp-content\/uploads\/2018\/06\/5b11677ce9180f7e228b4567.jpg?resize=350%2C200&ssl=1 1x, https:\/\/i0.wp.com\/www.grieta.org.mx\/wp-content\/uploads\/2018\/06\/5b11677ce9180f7e228b4567.jpg?resize=525%2C300&ssl=1 1.5x, https:\/\/i0.wp.com\/www.grieta.org.mx\/wp-content\/uploads\/2018\/06\/5b11677ce9180f7e228b4567.jpg?resize=700%2C400&ssl=1 2x"},"classes":[]},{"id":23598,"url":"https:\/\/www.grieta.org.mx\/index.php\/2018\/06\/07\/protestan-periodistas-en-tamaulipas\/","url_meta":{"origin":22447,"position":3},"title":"Protestan periodistas en Tamaulipas","author":"grieta","date":"7 junio, 2018","format":false,"excerpt":"Agencia Reforma. TAMPICO, Tamaulipas.-En este D\u00eda de la Libertad de Expresi\u00f3n, unos 40 periodistas del sur de Tamaulipas exigieron un freno a la violencia contra los reporteros y el esclarecimiento del homicidio del corresponsal H\u00e9ctor Gonz\u00e1lez. Reporteros, camar\u00f3grafos, fotoperiodistas y columnistas se dieron cita en el kiosco de la Plaza\u2026","rel":"","context":"En &quot;CINTILLO&quot;","block_context":{"text":"CINTILLO","link":"https:\/\/www.grieta.org.mx\/index.php\/category\/cintillo\/"},"img":{"alt_text":"","src":"https:\/\/i0.wp.com\/www.grieta.org.mx\/wp-content\/uploads\/2018\/06\/whatsapp_image_2018-06-07_at_12_09_42_pm.jpeg_539665225.jpeg?resize=350%2C200&ssl=1","width":350,"height":200,"srcset":"https:\/\/i0.wp.com\/www.grieta.org.mx\/wp-content\/uploads\/2018\/06\/whatsapp_image_2018-06-07_at_12_09_42_pm.jpeg_539665225.jpeg?resize=350%2C200&ssl=1 1x, https:\/\/i0.wp.com\/www.grieta.org.mx\/wp-content\/uploads\/2018\/06\/whatsapp_image_2018-06-07_at_12_09_42_pm.jpeg_539665225.jpeg?resize=525%2C300&ssl=1 1.5x"},"classes":[]},{"id":22450,"url":"https:\/\/www.grieta.org.mx\/index.php\/2017\/10\/06\/exigen-mujeres-periodistas-de-reynosa-mejores-condiciones-para-ejercer-su-profesion\/","url_meta":{"origin":22447,"position":4},"title":"Exigen mujeres periodistas de Reynosa mejores condiciones para ejercer su profesi\u00f3n","author":"grieta","date":"6 octubre, 2017","format":false,"excerpt":"Rosal\u00eda Quint\u00e1\/Hoy Tamaulipas Reynosa, Tamaulipas.- La red Nacional de Mujeres Periodistas repudi\u00f3 el contexto de violencia y censura generalizada en la Rep\u00fablica Mexicana en contra de quienes ejercen el periodismo y la invisibilidad de las violencias que enfrentan las mujeres periodistas espec\u00edficamente. Lo anterior durante el s\u00e9ptimo encuentro celebrado el\u2026","rel":"","context":"En &quot;CINTILLO&quot;","block_context":{"text":"CINTILLO","link":"https:\/\/www.grieta.org.mx\/index.php\/category\/cintillo\/"},"img":{"alt_text":"","src":"https:\/\/i0.wp.com\/www.grieta.org.mx\/wp-content\/uploads\/2018\/03\/14524434_1106112876131411_958039263622046936_o.jpg?resize=350%2C200&ssl=1","width":350,"height":200,"srcset":"https:\/\/i0.wp.com\/www.grieta.org.mx\/wp-content\/uploads\/2018\/03\/14524434_1106112876131411_958039263622046936_o.jpg?resize=350%2C200&ssl=1 1x, https:\/\/i0.wp.com\/www.grieta.org.mx\/wp-content\/uploads\/2018\/03\/14524434_1106112876131411_958039263622046936_o.jpg?resize=525%2C300&ssl=1 1.5x, https:\/\/i0.wp.com\/www.grieta.org.mx\/wp-content\/uploads\/2018\/03\/14524434_1106112876131411_958039263622046936_o.jpg?resize=700%2C400&ssl=1 2x"},"classes":[]},{"id":14621,"url":"https:\/\/www.grieta.org.mx\/index.php\/2016\/01\/03\/tamaulipas-con-elevado-indice-de-homicidios-y-desapariciones-de-periodistas\/","url_meta":{"origin":22447,"position":5},"title":"Tamaulipas con elevado \u00edndice de homicidios y desapariciones de periodistas","author":"grieta","date":"3 enero, 2016","format":false,"excerpt":"Redacci\u00f3n\/Todo Noticias Desde el a\u00f1o 2000 a 2015 ocurrieron 20 homicidios y desapariciones de periodistas en Tamaulipas. Ciudad Victoria.- Tamaulipas, despu\u00e9s de Veracruz es la entidad con los m\u00e1s altos \u00edndices de homicidios contra periodistas en el pa\u00eds, seg\u00fan el informe de la Comisi\u00f3n Nacional de Derechos Humano dado a\u2026","rel":"","context":"En &quot;CINTILLO&quot;","block_context":{"text":"CINTILLO","link":"https:\/\/www.grieta.org.mx\/index.php\/category\/cintillo\/"},"img":{"alt_text":"","src":"https:\/\/i0.wp.com\/www.grieta.org.mx\/wp-content\/uploads\/2018\/03\/14524434_1106112876131411_958039263622046936_o.jpg?resize=350%2C200&ssl=1","width":350,"height":200,"srcset":"https:\/\/i0.wp.com\/www.grieta.org.mx\/wp-content\/uploads\/2018\/03\/14524434_1106112876131411_958039263622046936_o.jpg?resize=350%2C200&ssl=1 1x, https:\/\/i0.wp.com\/www.grieta.org.mx\/wp-content\/uploads\/2018\/03\/14524434_1106112876131411_958039263622046936_o.jpg?resize=525%2C300&ssl=1 1.5x, https:\/\/i0.wp.com\/www.grieta.org.mx\/wp-content\/uploads\/2018\/03\/14524434_1106112876131411_958039263622046936_o.jpg?resize=700%2C400&ssl=1 2x"},"classes":[]}],"_links":{"self":[{"href":"https:\/\/www.grieta.org.mx\/index.php\/wp-json\/wp\/v2\/posts\/22447","targetHints":{"allow":["GET"]}}],"collection":[{"href":"https:\/\/www.grieta.org.mx\/index.php\/wp-json\/wp\/v2\/posts"}],"about":[{"href":"https:\/\/www.grieta.org.mx\/index.php\/wp-json\/wp\/v2\/types\/post"}],"author":[{"embeddable":true,"href":"https:\/\/www.grieta.org.mx\/index.php\/wp-json\/wp\/v2\/users\/2"}],"replies":[{"embeddable":true,"href":"https:\/\/www.grieta.org.mx\/index.php\/wp-json\/wp\/v2\/comments?post=22447"}],"version-history":[{"count":1,"href":"https:\/\/www.grieta.org.mx\/index.php\/wp-json\/wp\/v2\/posts\/22447\/revisions"}],"predecessor-version":[{"id":22449,"href":"https:\/\/www.grieta.org.mx\/index.php\/wp-json\/wp\/v2\/posts\/22447\/revisions\/22449"}],"wp:featuredmedia":[{"embeddable":true,"href":"https:\/\/www.grieta.org.mx\/index.php\/wp-json\/wp\/v2\/media\/22448"}],"wp:attachment":[{"href":"https:\/\/www.grieta.org.mx\/index.php\/wp-json\/wp\/v2\/media?parent=22447"}],"wp:term":[{"taxonomy":"category","embeddable":true,"href":"https:\/\/www.grieta.org.mx\/index.php\/wp-json\/wp\/v2\/categories?post=22447"},{"taxonomy":"post_tag","embeddable":true,"href":"https:\/\/www.grieta.org.mx\/index.php\/wp-json\/wp\/v2\/tags?post=22447"}],"curies":[{"name":"wp","href":"https:\/\/api.w.org\/{rel}","templated":true}]}}